{"id":212849,"date":"2021-02-09T16:07:36","date_gmt":"2021-02-09T21:07:36","guid":{"rendered":"https:\/\/www.fiscalia.gov.co\/colombia\/?p=212849"},"modified":"2021-02-09T16:07:36","modified_gmt":"2021-02-09T21:07:36","slug":"condenado-integrante-de-organizacion-delincuencial-por-homicidio-y-desplazamiento-en-la-comuna-13-de-medellin","status":"publish","type":"post","link":"https:\/\/www.fiscalia.gov.co\/colombia\/hay-justicia\/condenado-integrante-de-organizacion-delincuencial-por-homicidio-y-desplazamiento-en-la-comuna-13-de-medellin\/","title":{"rendered":"Condenado integrante de organizaci\u00f3n delincuencial por homicidio y desplazamiento en la comuna 13 de Medell\u00edn"},"content":{"rendered":"<p class=\"x_x_MsoNormal\">Luego de avalar el preacuerdo pactado entre la<b>\u00a0Fiscal\u00eda General de la Naci\u00f3n<\/b>\u00a0y la defensa del procesado, el Juzgado Quinto Penal del Circuito Especializado de Medell\u00edn conden\u00f3 a Jos\u00e9 Alex\u00e1nder Guti\u00e9rrez Caycedo, alias Pokem\u00f3n,\u00a0a 22 a\u00f1os de prisi\u00f3n\u00a0por ser integrante de un Grupo de Delincuencia Com\u00fan Organizado\u00a0(Gdco), dedicado a los desplazamientos y homicidios en la Comuna 13 de Medell\u00edn.<\/p>\n<p class=\"x_x_MsoNormal\">En la investigaci\u00f3n adelantada por un fiscal especializado de Medell\u00edn, se logr\u00f3 evidenciar que Guti\u00e9rrez Caycedo desde el 2009 se\u00a0<a href=\"https:\/\/www.fiscalia.gov.co\/colombia\/seccionales\/a-la-carcel-presunto-integrante-de-banda-criminal-que-habria-desplazado-y-extorsionado-a-2-habitantes-de-la-comuna-trece-de-medellin\/\" target=\"_blank\" rel=\"noopener noreferrer\" data-auth=\"NotApplicable\">desempe\u00f1aba como jefe de zona \u00a0de la estructura criminal denominada Juan XXIII o La Divisa. Adem\u00e1s, era el encargado de la venta de sustancias alucin\u00f3genas, el tr\u00e1fico de armas y las municiones que eran usadas para la llamada seguridad en las fronteras invisibles.\u00a0<\/a><\/p>\n<p class=\"x_x_MsoNormal\">Asimismo,\u00a0<a href=\"https:\/\/www.fiscalia.gov.co\/colombia\/seccionales\/a-la-carcel-presunto-integrante-de-banda-criminal-que-habria-desplazado-y-extorsionado-a-2-habitantes-de-la-comuna-trece-de-medellin\/\" target=\"_blank\" rel=\"noopener noreferrer\" data-auth=\"NotApplicable\">recib\u00eda el dinero producto de las extorsiones a comerciantes de la zona y hac\u00eda los pagos de n\u00f3mina a otros integrantes de la mencionada banda delincuencial.<\/a><\/p>\n<p class=\"x_x_MsoNormal\">Seg\u00fan la informaci\u00f3n recopilada por los investigadores de la\u00a0<b>Polic\u00eda Nacional,<\/b>\u00a0alias Pokem\u00f3n fue uno de los responsables del desplazamiento de un n\u00facleo familiar, entre ellos 2 menores de 4 y 13 a\u00f1os, quienes\u00a0bajo amenazas de muerte se fueron del barrio La Pradera de la Comuna 13, en el 2011.<\/p>\n<p class=\"x_x_MsoNormal\">Se logr\u00f3 establecer que el procesado particip\u00f3 en un doble homicidio ocurrido el 10 de julio de 2009 al interior de una vivienda del barrio la Pradera, donde fueron heridos con arma de fuego Luis Alfredo \u00c1lvarez Jim\u00e9nez y Carlos Mario Santamar\u00eda, quien se encontraban en estado de indefensi\u00f3n.<\/p>\n<p class=\"x_x_MsoNormal\">Tambi\u00e9n fue hallado responsable del ataque armado ocurrido el 31 de mayo de 2017 en el barrio San Javier, donde muri\u00f3 Juli\u00e1n Antonio G\u00f3mez Cardona, alias El Calvo y result\u00f3 herido Juan Alberto Grisales Duque.<\/p>\n<p class=\"x_x_MsoNormal\">Guti\u00e9rrez Caycedo acept\u00f3 su responsabilidad por los delitos de concierto para delinquir agravado en calidad de cabecilla, 3 desplazamientos forzados, 3 homicidios agravados, tentativa de homicidio agravado y porte ilegal de armas de fuego de uso privativo de las fuerzas militares.<\/p>\n<p class=\"x_x_MsoNormal\">Estos resultados responden a la estrategia investigativa para contrarrestar los fen\u00f3menos delictivos que afectan a la seguridad ciudadana y combatir los grupos delincuenciales, desarrollada bajo los lineamientos del Fiscal General de la Naci\u00f3n, Francisco Barbosa Delgado.<\/p>\n<p class=\"x_x_MsoNormal\">NAMT\/AMA\/MG<\/p>\n<p class=\"x_x_MsoNormal\">\n\n<div class=\"twitter-share\"><a href=\"https:\/\/twitter.com\/intent\/tweet?via=fiscaliacol\" class=\"twitter-share-button\">Tweet<\/a><\/div>\n","protected":false},"excerpt":{"rendered":"<p>Luego de avalar el preacuerdo pactado entre la\u00a0Fiscal\u00eda General de la Naci\u00f3n\u00a0y la defensa del procesado, el Juzgado Quinto Penal del Circuito Especializado de Medell\u00edn conden\u00f3 a Jos\u00e9 Alex\u00e1nder Guti\u00e9rrez Caycedo, alias Pokem\u00f3n,\u00a0a 22 a\u00f1os de prisi\u00f3n\u00a0por ser integrante de un Grupo de Delincuencia Com\u00fan Organizado\u00a0(Gdco), dedicado a los desplazamientos y homicidios en la Comuna [&hellip;]<\/p>\n","protected":false},"author":171,"featured_media":0,"comment_status":"closed","ping_status":"open","sticky":false,"template":"","format":"standard","meta":{"tdm_status":"","tdm_grid_status":"","footnotes":""},"categories":[24174,331,303],"tags":[1606,12955,1047,25737,5187,270],"class_list":{"0":"post-212849","1":"post","2":"type-post","3":"status-publish","4":"format-standard","6":"category-hay-justicia","7":"category-seccional-medellin","8":"category-seccionales","9":"tag-comuna-trece","10":"tag-desplazamientos-forzados","11":"tag-fiscalia-general-de-la-nacion","12":"tag-grupo-criminal-la-divisa","13":"tag-homicidios","14":"tag-medellinc"},"yoast_head":"<!-- This site is optimized with the Yoast SEO plugin v24.3 - https:\/\/yoast.com\/wordpress\/plugins\/seo\/ -->\n<title>Fiscal\u00eda General de la Naci\u00f3n<\/title>\n<meta name=\"description\" content=\"P\u00e1gina oficial de la Fiscal\u00eda General de la Naci\u00f3n \u2013 Colombia. Garantizamos el acceso efectivo a la justicia, la verdad y la reparaci\u00f3n de las v\u00edctimas de los delitos.\" \/>\n<meta name=\"robots\" content=\"noindex, follow\" \/>\n<meta property=\"og:locale\" content=\"es_ES\" \/>\n<meta property=\"og:type\" content=\"article\" \/>\n<meta property=\"og:title\" content=\"Fiscal\u00eda General de la Naci\u00f3n\" \/>\n<meta property=\"og:description\" content=\"P\u00e1gina oficial de la Fiscal\u00eda General de la Naci\u00f3n \u2013 Colombia. Garantizamos el acceso efectivo a la justicia, la verdad y la reparaci\u00f3n de las v\u00edctimas de los delitos.\" \/>\n<meta property=\"og:url\" content=\"https:\/\/www.fiscalia.gov.co\/colombia\/hay-justicia\/condenado-integrante-de-organizacion-delincuencial-por-homicidio-y-desplazamiento-en-la-comuna-13-de-medellin\/\" \/>\n<meta property=\"og:site_name\" content=\"Fiscal\u00eda General de la Naci\u00f3n\" \/>\n<meta property=\"article:publisher\" content=\"https:\/\/www.facebook.com\/FiscaliaCol\" \/>\n<meta property=\"article:published_time\" content=\"2021-02-09T21:07:36+00:00\" \/>\n<meta name=\"author\" content=\"Ana Mar\u00eda Gomez\" \/>\n<meta name=\"twitter:card\" content=\"summary_large_image\" \/>\n<meta name=\"twitter:creator\" content=\"@FiscaliaCol\" \/>\n<meta name=\"twitter:site\" content=\"@FiscaliaCol\" \/>\n<meta name=\"twitter:label1\" content=\"Escrito por\" \/>\n\t<meta name=\"twitter:data1\" content=\"Ana Mar\u00eda Gomez\" \/>\n\t<meta name=\"twitter:label2\" content=\"Tiempo de lectura\" \/>\n\t<meta name=\"twitter:data2\" content=\"2 minutos\" \/>\n<script type=\"application\/ld+json\" class=\"yoast-schema-graph\">{\"@context\":\"https:\/\/schema.org\",\"@graph\":[{\"@type\":\"Article\",\"@id\":\"https:\/\/www.fiscalia.gov.co\/colombia\/hay-justicia\/condenado-integrante-de-organizacion-delincuencial-por-homicidio-y-desplazamiento-en-la-comuna-13-de-medellin\/#article\",\"isPartOf\":{\"@id\":\"https:\/\/www.fiscalia.gov.co\/colombia\/hay-justicia\/condenado-integrante-de-organizacion-delincuencial-por-homicidio-y-desplazamiento-en-la-comuna-13-de-medellin\/\"},\"author\":{\"name\":\"Ana Mar\u00eda Gomez\",\"@id\":\"https:\/\/www.fiscalia.gov.co\/colombia\/#\/schema\/person\/06aa2210fe4d79203f428ff671dee360\"},\"headline\":\"Condenado integrante de organizaci\u00f3n delincuencial por homicidio y desplazamiento en la comuna 13 de Medell\u00edn\",\"datePublished\":\"2021-02-09T21:07:36+00:00\",\"dateModified\":\"2021-02-09T21:07:36+00:00\",\"mainEntityOfPage\":{\"@id\":\"https:\/\/www.fiscalia.gov.co\/colombia\/hay-justicia\/condenado-integrante-de-organizacion-delincuencial-por-homicidio-y-desplazamiento-en-la-comuna-13-de-medellin\/\"},\"wordCount\":405,\"publisher\":{\"@id\":\"https:\/\/www.fiscalia.gov.co\/colombia\/#organization\"},\"keywords\":[\"Comuna Trece\",\"desplazamientos forzados\",\"Fiscal\u00eda General de la Naci\u00f3n\",\"GRUPO CRIMINAL LA DIVISA\",\"Homicidios\",\"Medell\u00edn\"],\"articleSection\":[\"Hay Justicia\",\"Seccional Medell\u00edn\",\"Seccionales\"],\"inLanguage\":\"es-CO\"},{\"@type\":\"WebPage\",\"@id\":\"https:\/\/www.fiscalia.gov.co\/colombia\/hay-justicia\/condenado-integrante-de-organizacion-delincuencial-por-homicidio-y-desplazamiento-en-la-comuna-13-de-medellin\/\",\"url\":\"https:\/\/www.fiscalia.gov.co\/colombia\/hay-justicia\/condenado-integrante-de-organizacion-delincuencial-por-homicidio-y-desplazamiento-en-la-comuna-13-de-medellin\/\",\"name\":\"Fiscal\u00eda General de la Naci\u00f3n\",\"isPartOf\":{\"@id\":\"https:\/\/www.fiscalia.gov.co\/colombia\/#website\"},\"datePublished\":\"2021-02-09T21:07:36+00:00\",\"dateModified\":\"2021-02-09T21:07:36+00:00\",\"description\":\"P\u00e1gina oficial de la Fiscal\u00eda General de la Naci\u00f3n \u2013 Colombia. Garantizamos el acceso efectivo a la justicia, la verdad y la reparaci\u00f3n de las v\u00edctimas de los delitos.\",\"breadcrumb\":{\"@id\":\"https:\/\/www.fiscalia.gov.co\/colombia\/hay-justicia\/condenado-integrante-de-organizacion-delincuencial-por-homicidio-y-desplazamiento-en-la-comuna-13-de-medellin\/#breadcrumb\"},\"inLanguage\":\"es-CO\",\"potentialAction\":[{\"@type\":\"ReadAction\",\"target\":[\"https:\/\/www.fiscalia.gov.co\/colombia\/hay-justicia\/condenado-integrante-de-organizacion-delincuencial-por-homicidio-y-desplazamiento-en-la-comuna-13-de-medellin\/\"]}]},{\"@type\":\"BreadcrumbList\",\"@id\":\"https:\/\/www.fiscalia.gov.co\/colombia\/hay-justicia\/condenado-integrante-de-organizacion-delincuencial-por-homicidio-y-desplazamiento-en-la-comuna-13-de-medellin\/#breadcrumb\",\"itemListElement\":[{\"@type\":\"ListItem\",\"position\":1,\"name\":\"Home\",\"item\":\"https:\/\/www.fiscalia.gov.co\/colombia\/\"},{\"@type\":\"ListItem\",\"position\":2,\"name\":\"Condenado integrante de organizaci\u00f3n delincuencial por homicidio y desplazamiento en la comuna 13 de Medell\u00edn\"}]},{\"@type\":\"WebSite\",\"@id\":\"https:\/\/www.fiscalia.gov.co\/colombia\/#website\",\"url\":\"https:\/\/www.fiscalia.gov.co\/colombia\/\",\"name\":\"Fiscal\u00eda General de la Naci\u00f3n\",\"description\":\"P\u00e1gina oficial de la Fiscal\u00eda General de la Naci\u00f3n \u2013 Colombia. Garantizamos el acceso efectivo a la justicia, la verdad y la reparaci\u00f3n de las v\u00edctimas de los delitos.\",\"publisher\":{\"@id\":\"https:\/\/www.fiscalia.gov.co\/colombia\/#organization\"},\"potentialAction\":[{\"@type\":\"SearchAction\",\"target\":{\"@type\":\"EntryPoint\",\"urlTemplate\":\"https:\/\/www.fiscalia.gov.co\/colombia\/?s={search_term_string}\"},\"query-input\":{\"@type\":\"PropertyValueSpecification\",\"valueRequired\":true,\"valueName\":\"search_term_string\"}}],\"inLanguage\":\"es-CO\"},{\"@type\":\"Organization\",\"@id\":\"https:\/\/www.fiscalia.gov.co\/colombia\/#organization\",\"name\":\"Fiscal\u00eda General de la Naci\u00f3n\",\"url\":\"https:\/\/www.fiscalia.gov.co\/colombia\/\",\"logo\":{\"@type\":\"ImageObject\",\"inLanguage\":\"es-CO\",\"@id\":\"https:\/\/www.fiscalia.gov.co\/colombia\/#\/schema\/logo\/image\/\",\"url\":\"https:\/\/www.fiscalia.gov.co\/colombia\/wp-content\/uploads\/LogoHorizontal_1.jpg\",\"contentUrl\":\"https:\/\/www.fiscalia.gov.co\/colombia\/wp-content\/uploads\/LogoHorizontal_1.jpg\",\"width\":300,\"height\":90,\"caption\":\"Fiscal\u00eda General de la Naci\u00f3n\"},\"image\":{\"@id\":\"https:\/\/www.fiscalia.gov.co\/colombia\/#\/schema\/logo\/image\/\"},\"sameAs\":[\"https:\/\/www.facebook.com\/FiscaliaCol\",\"https:\/\/x.com\/FiscaliaCol\",\"https:\/\/www.instagram.com\/fiscaliacol\",\"https:\/\/www.linkedin.com\/company\/fiscalia-general-de-la-naci-n\/\",\"https:\/\/youtube.com\/@fiscaliageneraldelanacion-4668?si=6nN79nyQICPU5iTh\"]},{\"@type\":\"Person\",\"@id\":\"https:\/\/www.fiscalia.gov.co\/colombia\/#\/schema\/person\/06aa2210fe4d79203f428ff671dee360\",\"name\":\"Ana Mar\u00eda Gomez\",\"image\":{\"@type\":\"ImageObject\",\"inLanguage\":\"es-CO\",\"@id\":\"https:\/\/www.fiscalia.gov.co\/colombia\/#\/schema\/person\/image\/\",\"url\":\"https:\/\/secure.gravatar.com\/avatar\/a38115d98a7f8a96cbb96af2b2c37a0b?s=96&d=mm&r=g\",\"contentUrl\":\"https:\/\/secure.gravatar.com\/avatar\/a38115d98a7f8a96cbb96af2b2c37a0b?s=96&d=mm&r=g\",\"caption\":\"Ana Mar\u00eda Gomez\"},\"url\":\"https:\/\/www.fiscalia.gov.co\/colombia\/author\/agomez\/\"}]}<\/script>\n<!-- \/ Yoast SEO plugin. -->","yoast_head_json":{"title":"Fiscal\u00eda General de la Naci\u00f3n","description":"P\u00e1gina oficial de la Fiscal\u00eda General de la Naci\u00f3n \u2013 Colombia. Garantizamos el acceso efectivo a la justicia, la verdad y la reparaci\u00f3n de las v\u00edctimas de los delitos.","robots":{"index":"noindex","follow":"follow"},"og_locale":"es_ES","og_type":"article","og_title":"Fiscal\u00eda General de la Naci\u00f3n","og_description":"P\u00e1gina oficial de la Fiscal\u00eda General de la Naci\u00f3n \u2013 Colombia. Garantizamos el acceso efectivo a la justicia, la verdad y la reparaci\u00f3n de las v\u00edctimas de los delitos.","og_url":"https:\/\/www.fiscalia.gov.co\/colombia\/hay-justicia\/condenado-integrante-de-organizacion-delincuencial-por-homicidio-y-desplazamiento-en-la-comuna-13-de-medellin\/","og_site_name":"Fiscal\u00eda General de la Naci\u00f3n","article_publisher":"https:\/\/www.facebook.com\/FiscaliaCol","article_published_time":"2021-02-09T21:07:36+00:00","author":"Ana Mar\u00eda Gomez","twitter_card":"summary_large_image","twitter_creator":"@FiscaliaCol","twitter_site":"@FiscaliaCol","twitter_misc":{"Escrito por":"Ana Mar\u00eda Gomez","Tiempo de lectura":"2 minutos"},"schema":{"@context":"https:\/\/schema.org","@graph":[{"@type":"Article","@id":"https:\/\/www.fiscalia.gov.co\/colombia\/hay-justicia\/condenado-integrante-de-organizacion-delincuencial-por-homicidio-y-desplazamiento-en-la-comuna-13-de-medellin\/#article","isPartOf":{"@id":"https:\/\/www.fiscalia.gov.co\/colombia\/hay-justicia\/condenado-integrante-de-organizacion-delincuencial-por-homicidio-y-desplazamiento-en-la-comuna-13-de-medellin\/"},"author":{"name":"Ana Mar\u00eda Gomez","@id":"https:\/\/www.fiscalia.gov.co\/colombia\/#\/schema\/person\/06aa2210fe4d79203f428ff671dee360"},"headline":"Condenado integrante de organizaci\u00f3n delincuencial por homicidio y desplazamiento en la comuna 13 de Medell\u00edn","datePublished":"2021-02-09T21:07:36+00:00","dateModified":"2021-02-09T21:07:36+00:00","mainEntityOfPage":{"@id":"https:\/\/www.fiscalia.gov.co\/colombia\/hay-justicia\/condenado-integrante-de-organizacion-delincuencial-por-homicidio-y-desplazamiento-en-la-comuna-13-de-medellin\/"},"wordCount":405,"publisher":{"@id":"https:\/\/www.fiscalia.gov.co\/colombia\/#organization"},"keywords":["Comuna Trece","desplazamientos forzados","Fiscal\u00eda General de la Naci\u00f3n","GRUPO CRIMINAL LA DIVISA","Homicidios","Medell\u00edn"],"articleSection":["Hay Justicia","Seccional Medell\u00edn","Seccionales"],"inLanguage":"es-CO"},{"@type":"WebPage","@id":"https:\/\/www.fiscalia.gov.co\/colombia\/hay-justicia\/condenado-integrante-de-organizacion-delincuencial-por-homicidio-y-desplazamiento-en-la-comuna-13-de-medellin\/","url":"https:\/\/www.fiscalia.gov.co\/colombia\/hay-justicia\/condenado-integrante-de-organizacion-delincuencial-por-homicidio-y-desplazamiento-en-la-comuna-13-de-medellin\/","name":"Fiscal\u00eda General de la Naci\u00f3n","isPartOf":{"@id":"https:\/\/www.fiscalia.gov.co\/colombia\/#website"},"datePublished":"2021-02-09T21:07:36+00:00","dateModified":"2021-02-09T21:07:36+00:00","description":"P\u00e1gina oficial de la Fiscal\u00eda General de la Naci\u00f3n \u2013 Colombia. Garantizamos el acceso efectivo a la justicia, la verdad y la reparaci\u00f3n de las v\u00edctimas de los delitos.","breadcrumb":{"@id":"https:\/\/www.fiscalia.gov.co\/colombia\/hay-justicia\/condenado-integrante-de-organizacion-delincuencial-por-homicidio-y-desplazamiento-en-la-comuna-13-de-medellin\/#breadcrumb"},"inLanguage":"es-CO","potentialAction":[{"@type":"ReadAction","target":["https:\/\/www.fiscalia.gov.co\/colombia\/hay-justicia\/condenado-integrante-de-organizacion-delincuencial-por-homicidio-y-desplazamiento-en-la-comuna-13-de-medellin\/"]}]},{"@type":"BreadcrumbList","@id":"https:\/\/www.fiscalia.gov.co\/colombia\/hay-justicia\/condenado-integrante-de-organizacion-delincuencial-por-homicidio-y-desplazamiento-en-la-comuna-13-de-medellin\/#breadcrumb","itemListElement":[{"@type":"ListItem","position":1,"name":"Home","item":"https:\/\/www.fiscalia.gov.co\/colombia\/"},{"@type":"ListItem","position":2,"name":"Condenado integrante de organizaci\u00f3n delincuencial por homicidio y desplazamiento en la comuna 13 de Medell\u00edn"}]},{"@type":"WebSite","@id":"https:\/\/www.fiscalia.gov.co\/colombia\/#website","url":"https:\/\/www.fiscalia.gov.co\/colombia\/","name":"Fiscal\u00eda General de la Naci\u00f3n","description":"P\u00e1gina oficial de la Fiscal\u00eda General de la Naci\u00f3n \u2013 Colombia. Garantizamos el acceso efectivo a la justicia, la verdad y la reparaci\u00f3n de las v\u00edctimas de los delitos.","publisher":{"@id":"https:\/\/www.fiscalia.gov.co\/colombia\/#organization"},"potentialAction":[{"@type":"SearchAction","target":{"@type":"EntryPoint","urlTemplate":"https:\/\/www.fiscalia.gov.co\/colombia\/?s={search_term_string}"},"query-input":{"@type":"PropertyValueSpecification","valueRequired":true,"valueName":"search_term_string"}}],"inLanguage":"es-CO"},{"@type":"Organization","@id":"https:\/\/www.fiscalia.gov.co\/colombia\/#organization","name":"Fiscal\u00eda General de la Naci\u00f3n","url":"https:\/\/www.fiscalia.gov.co\/colombia\/","logo":{"@type":"ImageObject","inLanguage":"es-CO","@id":"https:\/\/www.fiscalia.gov.co\/colombia\/#\/schema\/logo\/image\/","url":"https:\/\/www.fiscalia.gov.co\/colombia\/wp-content\/uploads\/LogoHorizontal_1.jpg","contentUrl":"https:\/\/www.fiscalia.gov.co\/colombia\/wp-content\/uploads\/LogoHorizontal_1.jpg","width":300,"height":90,"caption":"Fiscal\u00eda General de la Naci\u00f3n"},"image":{"@id":"https:\/\/www.fiscalia.gov.co\/colombia\/#\/schema\/logo\/image\/"},"sameAs":["https:\/\/www.facebook.com\/FiscaliaCol","https:\/\/x.com\/FiscaliaCol","https:\/\/www.instagram.com\/fiscaliacol","https:\/\/www.linkedin.com\/company\/fiscalia-general-de-la-naci-n\/","https:\/\/youtube.com\/@fiscaliageneraldelanacion-4668?si=6nN79nyQICPU5iTh"]},{"@type":"Person","@id":"https:\/\/www.fiscalia.gov.co\/colombia\/#\/schema\/person\/06aa2210fe4d79203f428ff671dee360","name":"Ana Mar\u00eda Gomez","image":{"@type":"ImageObject","inLanguage":"es-CO","@id":"https:\/\/www.fiscalia.gov.co\/colombia\/#\/schema\/person\/image\/","url":"https:\/\/secure.gravatar.com\/avatar\/a38115d98a7f8a96cbb96af2b2c37a0b?s=96&d=mm&r=g","contentUrl":"https:\/\/secure.gravatar.com\/avatar\/a38115d98a7f8a96cbb96af2b2c37a0b?s=96&d=mm&r=g","caption":"Ana Mar\u00eda Gomez"},"url":"https:\/\/www.fiscalia.gov.co\/colombia\/author\/agomez\/"}]}},"_links":{"self":[{"href":"https:\/\/www.fiscalia.gov.co\/colombia\/wp-json\/wp\/v2\/posts\/212849","targetHints":{"allow":["GET"]}}],"collection":[{"href":"https:\/\/www.fiscalia.gov.co\/colombia\/wp-json\/wp\/v2\/posts"}],"about":[{"href":"https:\/\/www.fiscalia.gov.co\/colombia\/wp-json\/wp\/v2\/types\/post"}],"author":[{"embeddable":true,"href":"https:\/\/www.fiscalia.gov.co\/colombia\/wp-json\/wp\/v2\/users\/171"}],"replies":[{"embeddable":true,"href":"https:\/\/www.fiscalia.gov.co\/colombia\/wp-json\/wp\/v2\/comments?post=212849"}],"version-history":[{"count":1,"href":"https:\/\/www.fiscalia.gov.co\/colombia\/wp-json\/wp\/v2\/posts\/212849\/revisions"}],"predecessor-version":[{"id":212850,"href":"https:\/\/www.fiscalia.gov.co\/colombia\/wp-json\/wp\/v2\/posts\/212849\/revisions\/212850"}],"wp:attachment":[{"href":"https:\/\/www.fiscalia.gov.co\/colombia\/wp-json\/wp\/v2\/media?parent=212849"}],"wp:term":[{"taxonomy":"category","embeddable":true,"href":"https:\/\/www.fiscalia.gov.co\/colombia\/wp-json\/wp\/v2\/categories?post=212849"},{"taxonomy":"post_tag","embeddable":true,"href":"https:\/\/www.fiscalia.gov.co\/colombia\/wp-json\/wp\/v2\/tags?post=212849"}],"curies":[{"name":"wp","href":"https:\/\/api.w.org\/{rel}","templated":true}]}}