{"id":212709,"date":"2021-02-08T11:47:03","date_gmt":"2021-02-08T16:47:03","guid":{"rendered":"https:\/\/www.fiscalia.gov.co\/colombia\/?p=212709"},"modified":"2021-02-08T11:47:03","modified_gmt":"2021-02-08T16:47:03","slug":"asegurado-alias-el-grandote-por-violar-presuntamente-el-beneficio-de-casa-por-carcel-en-un-proceso-por-homicidio","status":"publish","type":"post","link":"https:\/\/www.fiscalia.gov.co\/colombia\/seguridad-territorial\/asegurado-alias-el-grandote-por-violar-presuntamente-el-beneficio-de-casa-por-carcel-en-un-proceso-por-homicidio\/","title":{"rendered":"Asegurado alias el Grandote por violar presuntamente el beneficio de casa por c\u00e1rcel en un proceso por homicidio"},"content":{"rendered":"<p class=\"x_MsoNormal\"><span lang=\"ES\">Amir Ru\u00edz Gonz\u00e1lez, alias el Grandote, fue privado de la libertad por el juez tercero penal con funci\u00f3n de control de garant\u00edas de Buenaventura (Valle del Cauca), luego de la Fiscal\u00eda le imput\u00f3 cargos por su presunta responsabilidad en el delito de\u00a0<\/span><b><a href=\"https:\/\/www.fiscalia.gov.co\/colombia\/seccionales\/judicializado-por-fuga-de-presos-hombre-que-cumplia-condena-en-su-residencia\/\" target=\"_blank\" rel=\"noopener noreferrer\" data-auth=\"NotApplicable\"><span lang=\"ES\">fuga de presos<\/span><\/a><\/b><b><span lang=\"ES\">.\u00a0<\/span><\/b><b><span lang=\"ES\">\u00a0<\/span><\/b><\/p>\n<p class=\"x_MsoNormal\"><span lang=\"ES\">Alias el Grandote fue detenido en\u00a0<b>flagrancia<\/b>\u00a0en el kil\u00f3metro 15 de la v\u00eda Buenaventura \u2013 Buga, por donde se desplazaba en un bus de servicio intermunicipal, el cual fue objeto de un registro por agentes de Polic\u00eda de Vigilancia del departamento de Valle.\u00a0\u00a0<\/span><\/p>\n<p class=\"x_MsoNormal\"><span lang=\"ES\">Los uniformados confirmaron que el hombre gozaba del beneficio de\u00a0<\/span><a href=\"https:\/\/www.fiscalia.gov.co\/colombia\/seccionales\/condenado-a-prision-un-hombre-que-violo-beneficio-de-casa-por-carcel\/\" target=\"_blank\" rel=\"noopener noreferrer\" data-auth=\"NotApplicable\"><span lang=\"ES\">casa por c\u00e1rcel<\/span><\/a><span lang=\"ES\">\u00a0en Cali, dentro de un proceso penal por\u00a0<b>homicidio<\/b>, lo cual fue verificado por el Inpec. \u00a0<\/span><\/p>\n<p class=\"x_MsoNormal\"><span lang=\"ES\">Las autoridades colocaron a Ru\u00edz Gonz\u00e1lez a disposici\u00f3n del juez de Ejecuci\u00f3n de Penas correspondiente. El investigado ser\u00e1 trasladado a la c\u00e1rcel de Villahermosa de Cali para el cumplimiento de la medida impuesta.\u00a0\u00a0<\/span><\/p>\n<p class=\"x_MsoNormal\"><span lang=\"ES\">La investigaci\u00f3n se desarrolla seg\u00fan los lineamientos trazados por el Fiscal General de la Naci\u00f3n, Francisco Barbosa Delgado, para contrarrestar los fen\u00f3menos delictivos que afectan la seguridad ciudadana.\u00a0<\/span><\/p>\n<p class=\"x_MsoNormal\"><span lang=\"ES\">La Fiscal\u00eda General de la Naci\u00f3n habla con resultados.\u00a0<\/span><\/p>\n<p class=\"x_MsoNormal\"><span lang=\"ES\">JGPV\/ FI\/ DLBM.\u00a0\u00a0<\/span><\/p>\n<p class=\"x_MsoNormal\"><i><span lang=\"ES\">La informaci\u00f3n contenida en este bolet\u00edn de prensa corresponde a la narraci\u00f3n de los hechos noticiosos objetivos, suministrados por los funcionarios encargados de adelantar las investigaciones penales al interior de la Fiscal\u00eda General de la Naci\u00f3n. Para el momento de la divulgaci\u00f3n de este comunicado, la situaci\u00f3n jur\u00eddica de la(s) persona(s) relacionada(s) se encuentra pendiente de resolver por la autoridad judicial competente, siempre bajo los preceptos de la presunci\u00f3n de inocencia, consagrados en el art\u00edculo 29 de la Constituci\u00f3n Pol\u00edtica y el art\u00edculo 7\u00ba de la Ley 906 de 2004<\/span><\/i><i><span lang=\"ES-CO\">.<\/span><\/i><span lang=\"ES\">\u00a0\u00a0<\/span><span lang=\"ES-CO\">\u00a0\u00a0<\/span><span lang=\"ES\">\u00a0<\/span><\/p>\n<p class=\"x_MsoNormal\"><b><span lang=\"ES\">Le puede interesar:\u00a0\u00a0<\/span><\/b><a href=\"https:\/\/www.fiscalia.gov.co\/colombia\/seccionales\/judicializado-por-fuga-de-presos-un-hombre-que-habria-sido-sorprendido-evadiendo-medida-de-casa-por-carcel\/\" target=\"_blank\" rel=\"noopener noreferrer\" data-auth=\"NotApplicable\"><span lang=\"ES\">Judicializado por fuga de presos un hombre que habr\u00eda sido sorprendido evadiendo medida de casa por c\u00e1rcel<\/span><\/a><b><span lang=\"ES\">\u00a0<\/span><\/b><\/p>\n\n<div class=\"twitter-share\"><a href=\"https:\/\/twitter.com\/intent\/tweet?via=fiscaliacol\" class=\"twitter-share-button\">Tweet<\/a><\/div>\n","protected":false},"excerpt":{"rendered":"<p>Amir Ru\u00edz Gonz\u00e1lez, alias el Grandote, fue privado de la libertad por el juez tercero penal con funci\u00f3n de control de garant\u00edas de Buenaventura (Valle del Cauca), luego de la Fiscal\u00eda le imput\u00f3 cargos por su presunta responsabilidad en el delito de\u00a0fuga de presos.\u00a0\u00a0 Alias el Grandote fue detenido en\u00a0flagrancia\u00a0en el kil\u00f3metro 15 de la [&hellip;]<\/p>\n","protected":false},"author":171,"featured_media":0,"comment_status":"closed","ping_status":"open","sticky":false,"template":"","format":"standard","meta":{"tdm_status":"","tdm_grid_status":"","footnotes":""},"categories":[324,303,24099],"tags":[25709,78,24481,1047,24182,3903,11101],"class_list":{"0":"post-212709","1":"post","2":"type-post","3":"status-publish","4":"format-standard","6":"category-seccional-cali","7":"category-seccionales","8":"category-seguridad-territorial","9":"tag-casa-por-carcel","10":"tag-fiscal-general-de-la-nacion","11":"tag-fiscalia-de-colombia","12":"tag-fiscalia-general-de-la-nacion","13":"tag-francisco-barbosa-delgado","14":"tag-fuga-de-presos","15":"tag-seguridad-ciudadana"},"yoast_head":"<!-- This site is optimized with the Yoast SEO plugin v24.3 - https:\/\/yoast.com\/wordpress\/plugins\/seo\/ -->\n<title>Fiscal\u00eda General de la Naci\u00f3n<\/title>\n<meta name=\"description\" content=\"P\u00e1gina oficial de la Fiscal\u00eda General de la Naci\u00f3n \u2013 Colombia. Garantizamos el acceso efectivo a la justicia, la verdad y la reparaci\u00f3n de las v\u00edctimas de los delitos.\" \/>\n<meta name=\"robots\" content=\"noindex, follow\" \/>\n<meta property=\"og:locale\" content=\"es_ES\" \/>\n<meta property=\"og:type\" content=\"article\" \/>\n<meta property=\"og:title\" content=\"Fiscal\u00eda General de la Naci\u00f3n\" \/>\n<meta property=\"og:description\" content=\"P\u00e1gina oficial de la Fiscal\u00eda General de la Naci\u00f3n \u2013 Colombia. Garantizamos el acceso efectivo a la justicia, la verdad y la reparaci\u00f3n de las v\u00edctimas de los delitos.\" \/>\n<meta property=\"og:url\" content=\"https:\/\/www.fiscalia.gov.co\/colombia\/seguridad-territorial\/asegurado-alias-el-grandote-por-violar-presuntamente-el-beneficio-de-casa-por-carcel-en-un-proceso-por-homicidio\/\" \/>\n<meta property=\"og:site_name\" content=\"Fiscal\u00eda General de la Naci\u00f3n\" \/>\n<meta property=\"article:publisher\" content=\"https:\/\/www.facebook.com\/FiscaliaCol\" \/>\n<meta property=\"article:published_time\" content=\"2021-02-08T16:47:03+00:00\" \/>\n<meta name=\"author\" content=\"Ana Mar\u00eda Gomez\" \/>\n<meta name=\"twitter:card\" content=\"summary_large_image\" \/>\n<meta name=\"twitter:creator\" content=\"@FiscaliaCol\" \/>\n<meta name=\"twitter:site\" content=\"@FiscaliaCol\" \/>\n<meta name=\"twitter:label1\" content=\"Escrito por\" \/>\n\t<meta name=\"twitter:data1\" content=\"Ana Mar\u00eda Gomez\" \/>\n\t<meta name=\"twitter:label2\" content=\"Tiempo de lectura\" \/>\n\t<meta name=\"twitter:data2\" content=\"2 minutos\" \/>\n<script type=\"application\/ld+json\" class=\"yoast-schema-graph\">{\"@context\":\"https:\/\/schema.org\",\"@graph\":[{\"@type\":\"Article\",\"@id\":\"https:\/\/www.fiscalia.gov.co\/colombia\/seguridad-territorial\/asegurado-alias-el-grandote-por-violar-presuntamente-el-beneficio-de-casa-por-carcel-en-un-proceso-por-homicidio\/#article\",\"isPartOf\":{\"@id\":\"https:\/\/www.fiscalia.gov.co\/colombia\/seguridad-territorial\/asegurado-alias-el-grandote-por-violar-presuntamente-el-beneficio-de-casa-por-carcel-en-un-proceso-por-homicidio\/\"},\"author\":{\"name\":\"Ana Mar\u00eda Gomez\",\"@id\":\"https:\/\/www.fiscalia.gov.co\/colombia\/#\/schema\/person\/06aa2210fe4d79203f428ff671dee360\"},\"headline\":\"Asegurado alias el Grandote por violar presuntamente el beneficio de casa por c\u00e1rcel en un proceso por homicidio\",\"datePublished\":\"2021-02-08T16:47:03+00:00\",\"dateModified\":\"2021-02-08T16:47:03+00:00\",\"mainEntityOfPage\":{\"@id\":\"https:\/\/www.fiscalia.gov.co\/colombia\/seguridad-territorial\/asegurado-alias-el-grandote-por-violar-presuntamente-el-beneficio-de-casa-por-carcel-en-un-proceso-por-homicidio\/\"},\"wordCount\":352,\"publisher\":{\"@id\":\"https:\/\/www.fiscalia.gov.co\/colombia\/#organization\"},\"keywords\":[\"casa por c\u00e1rcel\",\"Fiscal General de la Naci\u00f3n\",\"Fiscal\u00eda de Colombia\",\"Fiscal\u00eda General de la Naci\u00f3n\",\"Francisco Barbosa Delgado\",\"Fuga de presos\",\"Seguridad ciudadana\"],\"articleSection\":[\"Seccional Cali\",\"Seccionales\",\"Seguridad territorial\"],\"inLanguage\":\"es-CO\"},{\"@type\":\"WebPage\",\"@id\":\"https:\/\/www.fiscalia.gov.co\/colombia\/seguridad-territorial\/asegurado-alias-el-grandote-por-violar-presuntamente-el-beneficio-de-casa-por-carcel-en-un-proceso-por-homicidio\/\",\"url\":\"https:\/\/www.fiscalia.gov.co\/colombia\/seguridad-territorial\/asegurado-alias-el-grandote-por-violar-presuntamente-el-beneficio-de-casa-por-carcel-en-un-proceso-por-homicidio\/\",\"name\":\"Fiscal\u00eda General de la Naci\u00f3n\",\"isPartOf\":{\"@id\":\"https:\/\/www.fiscalia.gov.co\/colombia\/#website\"},\"datePublished\":\"2021-02-08T16:47:03+00:00\",\"dateModified\":\"2021-02-08T16:47:03+00:00\",\"description\":\"P\u00e1gina oficial de la Fiscal\u00eda General de la Naci\u00f3n \u2013 Colombia. Garantizamos el acceso efectivo a la justicia, la verdad y la reparaci\u00f3n de las v\u00edctimas de los delitos.\",\"breadcrumb\":{\"@id\":\"https:\/\/www.fiscalia.gov.co\/colombia\/seguridad-territorial\/asegurado-alias-el-grandote-por-violar-presuntamente-el-beneficio-de-casa-por-carcel-en-un-proceso-por-homicidio\/#breadcrumb\"},\"inLanguage\":\"es-CO\",\"potentialAction\":[{\"@type\":\"ReadAction\",\"target\":[\"https:\/\/www.fiscalia.gov.co\/colombia\/seguridad-territorial\/asegurado-alias-el-grandote-por-violar-presuntamente-el-beneficio-de-casa-por-carcel-en-un-proceso-por-homicidio\/\"]}]},{\"@type\":\"BreadcrumbList\",\"@id\":\"https:\/\/www.fiscalia.gov.co\/colombia\/seguridad-territorial\/asegurado-alias-el-grandote-por-violar-presuntamente-el-beneficio-de-casa-por-carcel-en-un-proceso-por-homicidio\/#breadcrumb\",\"itemListElement\":[{\"@type\":\"ListItem\",\"position\":1,\"name\":\"Home\",\"item\":\"https:\/\/www.fiscalia.gov.co\/colombia\/\"},{\"@type\":\"ListItem\",\"position\":2,\"name\":\"Asegurado alias el Grandote por violar presuntamente el beneficio de casa por c\u00e1rcel en un proceso por homicidio\"}]},{\"@type\":\"WebSite\",\"@id\":\"https:\/\/www.fiscalia.gov.co\/colombia\/#website\",\"url\":\"https:\/\/www.fiscalia.gov.co\/colombia\/\",\"name\":\"Fiscal\u00eda General de la Naci\u00f3n\",\"description\":\"P\u00e1gina oficial de la Fiscal\u00eda General de la Naci\u00f3n \u2013 Colombia. Garantizamos el acceso efectivo a la justicia, la verdad y la reparaci\u00f3n de las v\u00edctimas de los delitos.\",\"publisher\":{\"@id\":\"https:\/\/www.fiscalia.gov.co\/colombia\/#organization\"},\"potentialAction\":[{\"@type\":\"SearchAction\",\"target\":{\"@type\":\"EntryPoint\",\"urlTemplate\":\"https:\/\/www.fiscalia.gov.co\/colombia\/?s={search_term_string}\"},\"query-input\":{\"@type\":\"PropertyValueSpecification\",\"valueRequired\":true,\"valueName\":\"search_term_string\"}}],\"inLanguage\":\"es-CO\"},{\"@type\":\"Organization\",\"@id\":\"https:\/\/www.fiscalia.gov.co\/colombia\/#organization\",\"name\":\"Fiscal\u00eda General de la Naci\u00f3n\",\"url\":\"https:\/\/www.fiscalia.gov.co\/colombia\/\",\"logo\":{\"@type\":\"ImageObject\",\"inLanguage\":\"es-CO\",\"@id\":\"https:\/\/www.fiscalia.gov.co\/colombia\/#\/schema\/logo\/image\/\",\"url\":\"https:\/\/www.fiscalia.gov.co\/colombia\/wp-content\/uploads\/LogoHorizontal_1.jpg\",\"contentUrl\":\"https:\/\/www.fiscalia.gov.co\/colombia\/wp-content\/uploads\/LogoHorizontal_1.jpg\",\"width\":300,\"height\":90,\"caption\":\"Fiscal\u00eda General de la Naci\u00f3n\"},\"image\":{\"@id\":\"https:\/\/www.fiscalia.gov.co\/colombia\/#\/schema\/logo\/image\/\"},\"sameAs\":[\"https:\/\/www.facebook.com\/FiscaliaCol\",\"https:\/\/x.com\/FiscaliaCol\",\"https:\/\/www.instagram.com\/fiscaliacol\",\"https:\/\/www.linkedin.com\/company\/fiscalia-general-de-la-naci-n\/\",\"https:\/\/youtube.com\/@fiscaliageneraldelanacion-4668?si=6nN79nyQICPU5iTh\"]},{\"@type\":\"Person\",\"@id\":\"https:\/\/www.fiscalia.gov.co\/colombia\/#\/schema\/person\/06aa2210fe4d79203f428ff671dee360\",\"name\":\"Ana Mar\u00eda Gomez\",\"image\":{\"@type\":\"ImageObject\",\"inLanguage\":\"es-CO\",\"@id\":\"https:\/\/www.fiscalia.gov.co\/colombia\/#\/schema\/person\/image\/\",\"url\":\"https:\/\/secure.gravatar.com\/avatar\/a38115d98a7f8a96cbb96af2b2c37a0b?s=96&d=mm&r=g\",\"contentUrl\":\"https:\/\/secure.gravatar.com\/avatar\/a38115d98a7f8a96cbb96af2b2c37a0b?s=96&d=mm&r=g\",\"caption\":\"Ana Mar\u00eda Gomez\"},\"url\":\"https:\/\/www.fiscalia.gov.co\/colombia\/author\/agomez\/\"}]}<\/script>\n<!-- \/ Yoast SEO plugin. -->","yoast_head_json":{"title":"Fiscal\u00eda General de la Naci\u00f3n","description":"P\u00e1gina oficial de la Fiscal\u00eda General de la Naci\u00f3n \u2013 Colombia. Garantizamos el acceso efectivo a la justicia, la verdad y la reparaci\u00f3n de las v\u00edctimas de los delitos.","robots":{"index":"noindex","follow":"follow"},"og_locale":"es_ES","og_type":"article","og_title":"Fiscal\u00eda General de la Naci\u00f3n","og_description":"P\u00e1gina oficial de la Fiscal\u00eda General de la Naci\u00f3n \u2013 Colombia. Garantizamos el acceso efectivo a la justicia, la verdad y la reparaci\u00f3n de las v\u00edctimas de los delitos.","og_url":"https:\/\/www.fiscalia.gov.co\/colombia\/seguridad-territorial\/asegurado-alias-el-grandote-por-violar-presuntamente-el-beneficio-de-casa-por-carcel-en-un-proceso-por-homicidio\/","og_site_name":"Fiscal\u00eda General de la Naci\u00f3n","article_publisher":"https:\/\/www.facebook.com\/FiscaliaCol","article_published_time":"2021-02-08T16:47:03+00:00","author":"Ana Mar\u00eda Gomez","twitter_card":"summary_large_image","twitter_creator":"@FiscaliaCol","twitter_site":"@FiscaliaCol","twitter_misc":{"Escrito por":"Ana Mar\u00eda Gomez","Tiempo de lectura":"2 minutos"},"schema":{"@context":"https:\/\/schema.org","@graph":[{"@type":"Article","@id":"https:\/\/www.fiscalia.gov.co\/colombia\/seguridad-territorial\/asegurado-alias-el-grandote-por-violar-presuntamente-el-beneficio-de-casa-por-carcel-en-un-proceso-por-homicidio\/#article","isPartOf":{"@id":"https:\/\/www.fiscalia.gov.co\/colombia\/seguridad-territorial\/asegurado-alias-el-grandote-por-violar-presuntamente-el-beneficio-de-casa-por-carcel-en-un-proceso-por-homicidio\/"},"author":{"name":"Ana Mar\u00eda Gomez","@id":"https:\/\/www.fiscalia.gov.co\/colombia\/#\/schema\/person\/06aa2210fe4d79203f428ff671dee360"},"headline":"Asegurado alias el Grandote por violar presuntamente el beneficio de casa por c\u00e1rcel en un proceso por homicidio","datePublished":"2021-02-08T16:47:03+00:00","dateModified":"2021-02-08T16:47:03+00:00","mainEntityOfPage":{"@id":"https:\/\/www.fiscalia.gov.co\/colombia\/seguridad-territorial\/asegurado-alias-el-grandote-por-violar-presuntamente-el-beneficio-de-casa-por-carcel-en-un-proceso-por-homicidio\/"},"wordCount":352,"publisher":{"@id":"https:\/\/www.fiscalia.gov.co\/colombia\/#organization"},"keywords":["casa por c\u00e1rcel","Fiscal General de la Naci\u00f3n","Fiscal\u00eda de Colombia","Fiscal\u00eda General de la Naci\u00f3n","Francisco Barbosa Delgado","Fuga de presos","Seguridad ciudadana"],"articleSection":["Seccional Cali","Seccionales","Seguridad territorial"],"inLanguage":"es-CO"},{"@type":"WebPage","@id":"https:\/\/www.fiscalia.gov.co\/colombia\/seguridad-territorial\/asegurado-alias-el-grandote-por-violar-presuntamente-el-beneficio-de-casa-por-carcel-en-un-proceso-por-homicidio\/","url":"https:\/\/www.fiscalia.gov.co\/colombia\/seguridad-territorial\/asegurado-alias-el-grandote-por-violar-presuntamente-el-beneficio-de-casa-por-carcel-en-un-proceso-por-homicidio\/","name":"Fiscal\u00eda General de la Naci\u00f3n","isPartOf":{"@id":"https:\/\/www.fiscalia.gov.co\/colombia\/#website"},"datePublished":"2021-02-08T16:47:03+00:00","dateModified":"2021-02-08T16:47:03+00:00","description":"P\u00e1gina oficial de la Fiscal\u00eda General de la Naci\u00f3n \u2013 Colombia. Garantizamos el acceso efectivo a la justicia, la verdad y la reparaci\u00f3n de las v\u00edctimas de los delitos.","breadcrumb":{"@id":"https:\/\/www.fiscalia.gov.co\/colombia\/seguridad-territorial\/asegurado-alias-el-grandote-por-violar-presuntamente-el-beneficio-de-casa-por-carcel-en-un-proceso-por-homicidio\/#breadcrumb"},"inLanguage":"es-CO","potentialAction":[{"@type":"ReadAction","target":["https:\/\/www.fiscalia.gov.co\/colombia\/seguridad-territorial\/asegurado-alias-el-grandote-por-violar-presuntamente-el-beneficio-de-casa-por-carcel-en-un-proceso-por-homicidio\/"]}]},{"@type":"BreadcrumbList","@id":"https:\/\/www.fiscalia.gov.co\/colombia\/seguridad-territorial\/asegurado-alias-el-grandote-por-violar-presuntamente-el-beneficio-de-casa-por-carcel-en-un-proceso-por-homicidio\/#breadcrumb","itemListElement":[{"@type":"ListItem","position":1,"name":"Home","item":"https:\/\/www.fiscalia.gov.co\/colombia\/"},{"@type":"ListItem","position":2,"name":"Asegurado alias el Grandote por violar presuntamente el beneficio de casa por c\u00e1rcel en un proceso por homicidio"}]},{"@type":"WebSite","@id":"https:\/\/www.fiscalia.gov.co\/colombia\/#website","url":"https:\/\/www.fiscalia.gov.co\/colombia\/","name":"Fiscal\u00eda General de la Naci\u00f3n","description":"P\u00e1gina oficial de la Fiscal\u00eda General de la Naci\u00f3n \u2013 Colombia. Garantizamos el acceso efectivo a la justicia, la verdad y la reparaci\u00f3n de las v\u00edctimas de los delitos.","publisher":{"@id":"https:\/\/www.fiscalia.gov.co\/colombia\/#organization"},"potentialAction":[{"@type":"SearchAction","target":{"@type":"EntryPoint","urlTemplate":"https:\/\/www.fiscalia.gov.co\/colombia\/?s={search_term_string}"},"query-input":{"@type":"PropertyValueSpecification","valueRequired":true,"valueName":"search_term_string"}}],"inLanguage":"es-CO"},{"@type":"Organization","@id":"https:\/\/www.fiscalia.gov.co\/colombia\/#organization","name":"Fiscal\u00eda General de la Naci\u00f3n","url":"https:\/\/www.fiscalia.gov.co\/colombia\/","logo":{"@type":"ImageObject","inLanguage":"es-CO","@id":"https:\/\/www.fiscalia.gov.co\/colombia\/#\/schema\/logo\/image\/","url":"https:\/\/www.fiscalia.gov.co\/colombia\/wp-content\/uploads\/LogoHorizontal_1.jpg","contentUrl":"https:\/\/www.fiscalia.gov.co\/colombia\/wp-content\/uploads\/LogoHorizontal_1.jpg","width":300,"height":90,"caption":"Fiscal\u00eda General de la Naci\u00f3n"},"image":{"@id":"https:\/\/www.fiscalia.gov.co\/colombia\/#\/schema\/logo\/image\/"},"sameAs":["https:\/\/www.facebook.com\/FiscaliaCol","https:\/\/x.com\/FiscaliaCol","https:\/\/www.instagram.com\/fiscaliacol","https:\/\/www.linkedin.com\/company\/fiscalia-general-de-la-naci-n\/","https:\/\/youtube.com\/@fiscaliageneraldelanacion-4668?si=6nN79nyQICPU5iTh"]},{"@type":"Person","@id":"https:\/\/www.fiscalia.gov.co\/colombia\/#\/schema\/person\/06aa2210fe4d79203f428ff671dee360","name":"Ana Mar\u00eda Gomez","image":{"@type":"ImageObject","inLanguage":"es-CO","@id":"https:\/\/www.fiscalia.gov.co\/colombia\/#\/schema\/person\/image\/","url":"https:\/\/secure.gravatar.com\/avatar\/a38115d98a7f8a96cbb96af2b2c37a0b?s=96&d=mm&r=g","contentUrl":"https:\/\/secure.gravatar.com\/avatar\/a38115d98a7f8a96cbb96af2b2c37a0b?s=96&d=mm&r=g","caption":"Ana Mar\u00eda Gomez"},"url":"https:\/\/www.fiscalia.gov.co\/colombia\/author\/agomez\/"}]}},"_links":{"self":[{"href":"https:\/\/www.fiscalia.gov.co\/colombia\/wp-json\/wp\/v2\/posts\/212709","targetHints":{"allow":["GET"]}}],"collection":[{"href":"https:\/\/www.fiscalia.gov.co\/colombia\/wp-json\/wp\/v2\/posts"}],"about":[{"href":"https:\/\/www.fiscalia.gov.co\/colombia\/wp-json\/wp\/v2\/types\/post"}],"author":[{"embeddable":true,"href":"https:\/\/www.fiscalia.gov.co\/colombia\/wp-json\/wp\/v2\/users\/171"}],"replies":[{"embeddable":true,"href":"https:\/\/www.fiscalia.gov.co\/colombia\/wp-json\/wp\/v2\/comments?post=212709"}],"version-history":[{"count":1,"href":"https:\/\/www.fiscalia.gov.co\/colombia\/wp-json\/wp\/v2\/posts\/212709\/revisions"}],"predecessor-version":[{"id":212710,"href":"https:\/\/www.fiscalia.gov.co\/colombia\/wp-json\/wp\/v2\/posts\/212709\/revisions\/212710"}],"wp:attachment":[{"href":"https:\/\/www.fiscalia.gov.co\/colombia\/wp-json\/wp\/v2\/media?parent=212709"}],"wp:term":[{"taxonomy":"category","embeddable":true,"href":"https:\/\/www.fiscalia.gov.co\/colombia\/wp-json\/wp\/v2\/categories?post=212709"},{"taxonomy":"post_tag","embeddable":true,"href":"https:\/\/www.fiscalia.gov.co\/colombia\/wp-json\/wp\/v2\/tags?post=212709"}],"curies":[{"name":"wp","href":"https:\/\/api.w.org\/{rel}","templated":true}]}}