{"id":212550,"date":"2021-02-05T15:50:06","date_gmt":"2021-02-05T20:50:06","guid":{"rendered":"https:\/\/www.fiscalia.gov.co\/colombia\/?p=212550"},"modified":"2021-02-05T15:50:06","modified_gmt":"2021-02-05T20:50:06","slug":"dos-hombres-enviados-a-la-carcel-como-presuntos-responsables-de-constrenimiento-y-porte-ilegal-de-armas-de-fuego","status":"publish","type":"post","link":"https:\/\/www.fiscalia.gov.co\/colombia\/seguridad-territorial\/dos-hombres-enviados-a-la-carcel-como-presuntos-responsables-de-constrenimiento-y-porte-ilegal-de-armas-de-fuego\/","title":{"rendered":"Dos hombres enviados a la c\u00e1rcel como presuntos responsables de constre\u00f1imiento y porte ilegal de armas de fuego"},"content":{"rendered":"<p class=\"x_x_MsoNormal\">Un juez de control de garant\u00edas acogi\u00f3 la solicitud de la\u00a0<b>Fiscal\u00eda General de la Naci\u00f3n<\/b>\u00a0e impuso medida de aseguramiento, privativa de la libertad a Brayan Steven Balanta Monta\u00f1o y Jos\u00e9 David Beltr\u00e1n Garc\u00eda, como presuntos responsables de\u00a0<span lang=\"ES\"><a href=\"https:\/\/www.fiscalia.gov.co\/colombia\/seguridad-ciudadana\/judicializados-cuatro-hombres-por-porte-ilegal-de-armas-de-fuego\/\" target=\"_blank\" rel=\"noopener noreferrer\" data-auth=\"NotApplicable\"><span lang=\"ES-CO\">porte ilegal de armas de fuego<\/span><\/a><\/span>\u00a0y constre\u00f1imiento, en el municipio de Dari\u00e9n Calima (Valle del Cauca).<\/p>\n<p class=\"x_x_MsoNormal\">Seg\u00fan las investigaciones, los hoy imputados fueron capturados en flagrancia este 2 de febrero por personal de la\u00a0<b>Sij\u00edn de la Polic\u00eda Nacional,<\/b>\u00a0luego de que al parecer intimidaron con arma de fuego a dos personas\u00a0para despojarlas de sus pertenencias\u00a0en una finca del municipio en menci\u00f3n.<\/p>\n<figure id=\"attachment_212551\" aria-describedby=\"caption-attachment-212551\" style=\"width: 696px\" class=\"wp-caption alignleft\"><img loading=\"lazy\" decoding=\"async\" class=\"size-large wp-image-212551\" src=\"https:\/\/www.fiscalia.gov.co\/colombia\/wp-content\/uploads\/Brayan-Steven-Balanta-Monta\u00f1o-y-Jos\u00e9-David-Beltr\u00e1n-Garc\u00eda-judicializados-por-porte-ilegal-de-armas-de-fuego-y-constre\u00f1imiento-en-Calima-Dari\u00e9n-Valle.-1024x635.jpg\" alt=\"\" width=\"696\" height=\"432\" srcset=\"https:\/\/www.fiscalia.gov.co\/colombia\/wp-content\/uploads\/Brayan-Steven-Balanta-Monta\u00f1o-y-Jos\u00e9-David-Beltr\u00e1n-Garc\u00eda-judicializados-por-porte-ilegal-de-armas-de-fuego-y-constre\u00f1imiento-en-Calima-Dari\u00e9n-Valle.-1024x635.jpg 1024w, https:\/\/www.fiscalia.gov.co\/colombia\/wp-content\/uploads\/Brayan-Steven-Balanta-Monta\u00f1o-y-Jos\u00e9-David-Beltr\u00e1n-Garc\u00eda-judicializados-por-porte-ilegal-de-armas-de-fuego-y-constre\u00f1imiento-en-Calima-Dari\u00e9n-Valle.-300x186.jpg 300w, https:\/\/www.fiscalia.gov.co\/colombia\/wp-content\/uploads\/Brayan-Steven-Balanta-Monta\u00f1o-y-Jos\u00e9-David-Beltr\u00e1n-Garc\u00eda-judicializados-por-porte-ilegal-de-armas-de-fuego-y-constre\u00f1imiento-en-Calima-Dari\u00e9n-Valle.-768x476.jpg 768w, https:\/\/www.fiscalia.gov.co\/colombia\/wp-content\/uploads\/Brayan-Steven-Balanta-Monta\u00f1o-y-Jos\u00e9-David-Beltr\u00e1n-Garc\u00eda-judicializados-por-porte-ilegal-de-armas-de-fuego-y-constre\u00f1imiento-en-Calima-Dari\u00e9n-Valle.-696x431.jpg 696w, https:\/\/www.fiscalia.gov.co\/colombia\/wp-content\/uploads\/Brayan-Steven-Balanta-Monta\u00f1o-y-Jos\u00e9-David-Beltr\u00e1n-Garc\u00eda-judicializados-por-porte-ilegal-de-armas-de-fuego-y-constre\u00f1imiento-en-Calima-Dari\u00e9n-Valle.-1068x662.jpg 1068w, https:\/\/www.fiscalia.gov.co\/colombia\/wp-content\/uploads\/Brayan-Steven-Balanta-Monta\u00f1o-y-Jos\u00e9-David-Beltr\u00e1n-Garc\u00eda-judicializados-por-porte-ilegal-de-armas-de-fuego-y-constre\u00f1imiento-en-Calima-Dari\u00e9n-Valle.-677x420.jpg 677w, https:\/\/www.fiscalia.gov.co\/colombia\/wp-content\/uploads\/Brayan-Steven-Balanta-Monta\u00f1o-y-Jos\u00e9-David-Beltr\u00e1n-Garc\u00eda-judicializados-por-porte-ilegal-de-armas-de-fuego-y-constre\u00f1imiento-en-Calima-Dari\u00e9n-Valle.-356x220.jpg 356w, https:\/\/www.fiscalia.gov.co\/colombia\/wp-content\/uploads\/Brayan-Steven-Balanta-Monta\u00f1o-y-Jos\u00e9-David-Beltr\u00e1n-Garc\u00eda-judicializados-por-porte-ilegal-de-armas-de-fuego-y-constre\u00f1imiento-en-Calima-Dari\u00e9n-Valle..jpg 1134w\" sizes=\"auto, (max-width: 696px) 100vw, 696px\" \/><figcaption id=\"caption-attachment-212551\" class=\"wp-caption-text\">Durante la diligencia, las autoridades le incautaron a Balanta Monta\u00f1o y Beltr\u00e1n Garc\u00eda, 1 arma de fuego tipo revolver y 4 cartuchos para el mismo.<\/figcaption><\/figure>\n<p class=\"x_x_MsoNormal\">Durante la diligencia, las autoridades le incautaron a Balanta Monta\u00f1o y Beltr\u00e1n Garc\u00eda, 1 arma de fuego tipo revolver y 4 cartuchos para el mismo.<\/p>\n<p class=\"x_x_MsoNormal\"><span lang=\"ES\">En desarrollo de las audiencias preliminares la\u00a0<\/span><span lang=\"ES\"><b>Fiscal\u00eda<\/b><\/span><span lang=\"ES\">\u00a0imput\u00f3 cargos<\/span><span lang=\"ES\">\u00a0los capturados por los delitos de<\/span><span lang=\"ES\">\u00a0constre\u00f1imiento ilegal, as\u00ed como tr\u00e1fico, fabricaci\u00f3n y porte ilegal de armas de fuego agravado.<\/span><\/p>\n<p class=\"x_x_MsoNormal\"><span lang=\"ES\">El juez decidi\u00f3 que los presuntos implicados, quienes no aceptaron cargos, deben cumplir la medida de aseguramiento en\u00a0<\/span><span lang=\"ES\"><b>centro carcelario.<\/b><\/span><\/p>\n<p class=\"x_x_MsoNormal\"><span lang=\"ES\">Lo anterior, responde al cumplimiento de la estrategia de esclarecer los hechos en los que se atenta contra la seguridad ciudadana enmarcados dentro de los lineamientos del\u00a0<b>Fiscal General de la Naci\u00f3n, Francisco Barbosa Delgado<\/b>, en su pol\u00edtica institucional \u201cEn las calles y en los territorios\u201d.<\/span><\/p>\n<p class=\"x_x_MsoNormal\"><span lang=\"ES\">La Fiscal\u00eda General de la Naci\u00f3n p\u00fablica esta informaci\u00f3n por razones de inter\u00e9s general.<\/span><span lang=\"ES\">\u00a0<\/span><\/p>\n<p class=\"x_x_MsoNormal\"><span style=\"color: #000000; font-family: Arial, sans-serif;\">MAP\/SMLR\/MG<\/span><\/p>\n<p class=\"x_x_MsoNormal\"><span lang=\"ES\"><i>La informaci\u00f3n contenida en este bolet\u00edn de prensa corresponde a la narraci\u00f3n de los hechos noticiosos objetivos, suministrados por los funcionarios encargados de adelantar las investigaciones penales al interior de la Fiscal\u00eda General de la Naci\u00f3n. Para el momento de la divulgaci\u00f3n de este comunicado, la situaci\u00f3n jur\u00eddica de la(s) persona(s) relacionada(s) se encuentra pendiente de resolver por la autoridad judicial competente, siempre bajo los preceptos de la presunci\u00f3n de inocencia, consagrados en el art\u00edculo 29 de la Constituci\u00f3n Pol\u00edtica y el art\u00edculo 7\u00ba de la Ley 906 de 2004.<\/i><\/span><span lang=\"ES\"><i>\u00a0<\/i><\/span><\/p>\n\n<div class=\"twitter-share\"><a href=\"https:\/\/twitter.com\/intent\/tweet?via=fiscaliacol\" class=\"twitter-share-button\">Tweet<\/a><\/div>\n","protected":false},"excerpt":{"rendered":"<p>Un juez de control de garant\u00edas acogi\u00f3 la solicitud de la\u00a0Fiscal\u00eda General de la Naci\u00f3n\u00a0e impuso medida de aseguramiento, privativa de la libertad a Brayan Steven Balanta Monta\u00f1o y Jos\u00e9 David Beltr\u00e1n Garc\u00eda, como presuntos responsables de\u00a0porte ilegal de armas de fuego\u00a0y constre\u00f1imiento, en el municipio de Dari\u00e9n Calima (Valle del Cauca). Seg\u00fan las investigaciones, [&hellip;]<\/p>\n","protected":false},"author":171,"featured_media":0,"comment_status":"closed","ping_status":"open","sticky":false,"template":"","format":"standard","meta":{"tdm_status":"","tdm_grid_status":"","footnotes":""},"categories":[324,303,24099],"tags":[12163,808,14550,24551,78,24187,7169,25689,1185],"class_list":{"0":"post-212550","1":"post","2":"type-post","3":"status-publish","4":"format-standard","6":"category-seccional-cali","7":"category-seccionales","8":"category-seguridad-territorial","9":"tag-arma-de-fuego","10":"tag-capturas","11":"tag-carcel","12":"tag-centro-carcelario","13":"tag-fiscal-general-de-la-nacion","14":"tag-fiscalia-colombia","15":"tag-flagrancia","16":"tag-intimidacion","17":"tag-medida-de-aseguramiento"},"yoast_head":"<!-- This site is optimized with the Yoast SEO plugin v24.3 - https:\/\/yoast.com\/wordpress\/plugins\/seo\/ -->\n<title>Fiscal\u00eda General de la Naci\u00f3n<\/title>\n<meta name=\"description\" content=\"P\u00e1gina oficial de la Fiscal\u00eda General de la Naci\u00f3n \u2013 Colombia. Garantizamos el acceso efectivo a la justicia, la verdad y la reparaci\u00f3n de las v\u00edctimas de los delitos.\" \/>\n<meta name=\"robots\" content=\"noindex, follow\" \/>\n<meta property=\"og:locale\" content=\"es_ES\" \/>\n<meta property=\"og:type\" content=\"article\" \/>\n<meta property=\"og:title\" content=\"Fiscal\u00eda General de la Naci\u00f3n\" \/>\n<meta property=\"og:description\" content=\"P\u00e1gina oficial de la Fiscal\u00eda General de la Naci\u00f3n \u2013 Colombia. Garantizamos el acceso efectivo a la justicia, la verdad y la reparaci\u00f3n de las v\u00edctimas de los delitos.\" \/>\n<meta property=\"og:url\" content=\"https:\/\/www.fiscalia.gov.co\/colombia\/seguridad-territorial\/dos-hombres-enviados-a-la-carcel-como-presuntos-responsables-de-constrenimiento-y-porte-ilegal-de-armas-de-fuego\/\" \/>\n<meta property=\"og:site_name\" content=\"Fiscal\u00eda General de la Naci\u00f3n\" \/>\n<meta property=\"article:publisher\" content=\"https:\/\/www.facebook.com\/FiscaliaCol\" \/>\n<meta property=\"article:published_time\" content=\"2021-02-05T20:50:06+00:00\" \/>\n<meta name=\"author\" content=\"Ana Mar\u00eda Gomez\" \/>\n<meta name=\"twitter:card\" content=\"summary_large_image\" \/>\n<meta name=\"twitter:creator\" content=\"@FiscaliaCol\" \/>\n<meta name=\"twitter:site\" content=\"@FiscaliaCol\" \/>\n<meta name=\"twitter:label1\" content=\"Escrito por\" \/>\n\t<meta name=\"twitter:data1\" content=\"Ana Mar\u00eda Gomez\" \/>\n\t<meta name=\"twitter:label2\" content=\"Tiempo de lectura\" \/>\n\t<meta name=\"twitter:data2\" content=\"2 minutos\" \/>\n<script type=\"application\/ld+json\" class=\"yoast-schema-graph\">{\"@context\":\"https:\/\/schema.org\",\"@graph\":[{\"@type\":\"Article\",\"@id\":\"https:\/\/www.fiscalia.gov.co\/colombia\/seguridad-territorial\/dos-hombres-enviados-a-la-carcel-como-presuntos-responsables-de-constrenimiento-y-porte-ilegal-de-armas-de-fuego\/#article\",\"isPartOf\":{\"@id\":\"https:\/\/www.fiscalia.gov.co\/colombia\/seguridad-territorial\/dos-hombres-enviados-a-la-carcel-como-presuntos-responsables-de-constrenimiento-y-porte-ilegal-de-armas-de-fuego\/\"},\"author\":{\"name\":\"Ana Mar\u00eda Gomez\",\"@id\":\"https:\/\/www.fiscalia.gov.co\/colombia\/#\/schema\/person\/06aa2210fe4d79203f428ff671dee360\"},\"headline\":\"Dos hombres enviados a la c\u00e1rcel como presuntos responsables de constre\u00f1imiento y porte ilegal de armas de fuego\",\"datePublished\":\"2021-02-05T20:50:06+00:00\",\"dateModified\":\"2021-02-05T20:50:06+00:00\",\"mainEntityOfPage\":{\"@id\":\"https:\/\/www.fiscalia.gov.co\/colombia\/seguridad-territorial\/dos-hombres-enviados-a-la-carcel-como-presuntos-responsables-de-constrenimiento-y-porte-ilegal-de-armas-de-fuego\/\"},\"wordCount\":420,\"publisher\":{\"@id\":\"https:\/\/www.fiscalia.gov.co\/colombia\/#organization\"},\"keywords\":[\"Arma de fuego\",\"Capturas\",\"C\u00e1rcel\",\"centro carcelario\",\"Fiscal General de la Naci\u00f3n\",\"Fiscal\u00eda Colombia\",\"Flagrancia\",\"intimidaci\u00f3n.\",\"Medida de aseguramiento\"],\"articleSection\":[\"Seccional Cali\",\"Seccionales\",\"Seguridad territorial\"],\"inLanguage\":\"es-CO\"},{\"@type\":\"WebPage\",\"@id\":\"https:\/\/www.fiscalia.gov.co\/colombia\/seguridad-territorial\/dos-hombres-enviados-a-la-carcel-como-presuntos-responsables-de-constrenimiento-y-porte-ilegal-de-armas-de-fuego\/\",\"url\":\"https:\/\/www.fiscalia.gov.co\/colombia\/seguridad-territorial\/dos-hombres-enviados-a-la-carcel-como-presuntos-responsables-de-constrenimiento-y-porte-ilegal-de-armas-de-fuego\/\",\"name\":\"Fiscal\u00eda General de la Naci\u00f3n\",\"isPartOf\":{\"@id\":\"https:\/\/www.fiscalia.gov.co\/colombia\/#website\"},\"datePublished\":\"2021-02-05T20:50:06+00:00\",\"dateModified\":\"2021-02-05T20:50:06+00:00\",\"description\":\"P\u00e1gina oficial de la Fiscal\u00eda General de la Naci\u00f3n \u2013 Colombia. Garantizamos el acceso efectivo a la justicia, la verdad y la reparaci\u00f3n de las v\u00edctimas de los delitos.\",\"breadcrumb\":{\"@id\":\"https:\/\/www.fiscalia.gov.co\/colombia\/seguridad-territorial\/dos-hombres-enviados-a-la-carcel-como-presuntos-responsables-de-constrenimiento-y-porte-ilegal-de-armas-de-fuego\/#breadcrumb\"},\"inLanguage\":\"es-CO\",\"potentialAction\":[{\"@type\":\"ReadAction\",\"target\":[\"https:\/\/www.fiscalia.gov.co\/colombia\/seguridad-territorial\/dos-hombres-enviados-a-la-carcel-como-presuntos-responsables-de-constrenimiento-y-porte-ilegal-de-armas-de-fuego\/\"]}]},{\"@type\":\"BreadcrumbList\",\"@id\":\"https:\/\/www.fiscalia.gov.co\/colombia\/seguridad-territorial\/dos-hombres-enviados-a-la-carcel-como-presuntos-responsables-de-constrenimiento-y-porte-ilegal-de-armas-de-fuego\/#breadcrumb\",\"itemListElement\":[{\"@type\":\"ListItem\",\"position\":1,\"name\":\"Home\",\"item\":\"https:\/\/www.fiscalia.gov.co\/colombia\/\"},{\"@type\":\"ListItem\",\"position\":2,\"name\":\"Dos hombres enviados a la c\u00e1rcel como presuntos responsables de constre\u00f1imiento y porte ilegal de armas de fuego\"}]},{\"@type\":\"WebSite\",\"@id\":\"https:\/\/www.fiscalia.gov.co\/colombia\/#website\",\"url\":\"https:\/\/www.fiscalia.gov.co\/colombia\/\",\"name\":\"Fiscal\u00eda General de la Naci\u00f3n\",\"description\":\"P\u00e1gina oficial de la Fiscal\u00eda General de la Naci\u00f3n \u2013 Colombia. Garantizamos el acceso efectivo a la justicia, la verdad y la reparaci\u00f3n de las v\u00edctimas de los delitos.\",\"publisher\":{\"@id\":\"https:\/\/www.fiscalia.gov.co\/colombia\/#organization\"},\"potentialAction\":[{\"@type\":\"SearchAction\",\"target\":{\"@type\":\"EntryPoint\",\"urlTemplate\":\"https:\/\/www.fiscalia.gov.co\/colombia\/?s={search_term_string}\"},\"query-input\":{\"@type\":\"PropertyValueSpecification\",\"valueRequired\":true,\"valueName\":\"search_term_string\"}}],\"inLanguage\":\"es-CO\"},{\"@type\":\"Organization\",\"@id\":\"https:\/\/www.fiscalia.gov.co\/colombia\/#organization\",\"name\":\"Fiscal\u00eda General de la Naci\u00f3n\",\"url\":\"https:\/\/www.fiscalia.gov.co\/colombia\/\",\"logo\":{\"@type\":\"ImageObject\",\"inLanguage\":\"es-CO\",\"@id\":\"https:\/\/www.fiscalia.gov.co\/colombia\/#\/schema\/logo\/image\/\",\"url\":\"https:\/\/www.fiscalia.gov.co\/colombia\/wp-content\/uploads\/LogoHorizontal_1.jpg\",\"contentUrl\":\"https:\/\/www.fiscalia.gov.co\/colombia\/wp-content\/uploads\/LogoHorizontal_1.jpg\",\"width\":300,\"height\":90,\"caption\":\"Fiscal\u00eda General de la Naci\u00f3n\"},\"image\":{\"@id\":\"https:\/\/www.fiscalia.gov.co\/colombia\/#\/schema\/logo\/image\/\"},\"sameAs\":[\"https:\/\/www.facebook.com\/FiscaliaCol\",\"https:\/\/x.com\/FiscaliaCol\",\"https:\/\/www.instagram.com\/fiscaliacol\",\"https:\/\/www.linkedin.com\/company\/fiscalia-general-de-la-naci-n\/\",\"https:\/\/youtube.com\/@fiscaliageneraldelanacion-4668?si=6nN79nyQICPU5iTh\"]},{\"@type\":\"Person\",\"@id\":\"https:\/\/www.fiscalia.gov.co\/colombia\/#\/schema\/person\/06aa2210fe4d79203f428ff671dee360\",\"name\":\"Ana Mar\u00eda Gomez\",\"image\":{\"@type\":\"ImageObject\",\"inLanguage\":\"es-CO\",\"@id\":\"https:\/\/www.fiscalia.gov.co\/colombia\/#\/schema\/person\/image\/\",\"url\":\"https:\/\/secure.gravatar.com\/avatar\/a38115d98a7f8a96cbb96af2b2c37a0b?s=96&d=mm&r=g\",\"contentUrl\":\"https:\/\/secure.gravatar.com\/avatar\/a38115d98a7f8a96cbb96af2b2c37a0b?s=96&d=mm&r=g\",\"caption\":\"Ana Mar\u00eda Gomez\"},\"url\":\"https:\/\/www.fiscalia.gov.co\/colombia\/author\/agomez\/\"}]}<\/script>\n<!-- \/ Yoast SEO plugin. -->","yoast_head_json":{"title":"Fiscal\u00eda General de la Naci\u00f3n","description":"P\u00e1gina oficial de la Fiscal\u00eda General de la Naci\u00f3n \u2013 Colombia. Garantizamos el acceso efectivo a la justicia, la verdad y la reparaci\u00f3n de las v\u00edctimas de los delitos.","robots":{"index":"noindex","follow":"follow"},"og_locale":"es_ES","og_type":"article","og_title":"Fiscal\u00eda General de la Naci\u00f3n","og_description":"P\u00e1gina oficial de la Fiscal\u00eda General de la Naci\u00f3n \u2013 Colombia. Garantizamos el acceso efectivo a la justicia, la verdad y la reparaci\u00f3n de las v\u00edctimas de los delitos.","og_url":"https:\/\/www.fiscalia.gov.co\/colombia\/seguridad-territorial\/dos-hombres-enviados-a-la-carcel-como-presuntos-responsables-de-constrenimiento-y-porte-ilegal-de-armas-de-fuego\/","og_site_name":"Fiscal\u00eda General de la Naci\u00f3n","article_publisher":"https:\/\/www.facebook.com\/FiscaliaCol","article_published_time":"2021-02-05T20:50:06+00:00","author":"Ana Mar\u00eda Gomez","twitter_card":"summary_large_image","twitter_creator":"@FiscaliaCol","twitter_site":"@FiscaliaCol","twitter_misc":{"Escrito por":"Ana Mar\u00eda Gomez","Tiempo de lectura":"2 minutos"},"schema":{"@context":"https:\/\/schema.org","@graph":[{"@type":"Article","@id":"https:\/\/www.fiscalia.gov.co\/colombia\/seguridad-territorial\/dos-hombres-enviados-a-la-carcel-como-presuntos-responsables-de-constrenimiento-y-porte-ilegal-de-armas-de-fuego\/#article","isPartOf":{"@id":"https:\/\/www.fiscalia.gov.co\/colombia\/seguridad-territorial\/dos-hombres-enviados-a-la-carcel-como-presuntos-responsables-de-constrenimiento-y-porte-ilegal-de-armas-de-fuego\/"},"author":{"name":"Ana Mar\u00eda Gomez","@id":"https:\/\/www.fiscalia.gov.co\/colombia\/#\/schema\/person\/06aa2210fe4d79203f428ff671dee360"},"headline":"Dos hombres enviados a la c\u00e1rcel como presuntos responsables de constre\u00f1imiento y porte ilegal de armas de fuego","datePublished":"2021-02-05T20:50:06+00:00","dateModified":"2021-02-05T20:50:06+00:00","mainEntityOfPage":{"@id":"https:\/\/www.fiscalia.gov.co\/colombia\/seguridad-territorial\/dos-hombres-enviados-a-la-carcel-como-presuntos-responsables-de-constrenimiento-y-porte-ilegal-de-armas-de-fuego\/"},"wordCount":420,"publisher":{"@id":"https:\/\/www.fiscalia.gov.co\/colombia\/#organization"},"keywords":["Arma de fuego","Capturas","C\u00e1rcel","centro carcelario","Fiscal General de la Naci\u00f3n","Fiscal\u00eda Colombia","Flagrancia","intimidaci\u00f3n.","Medida de aseguramiento"],"articleSection":["Seccional Cali","Seccionales","Seguridad territorial"],"inLanguage":"es-CO"},{"@type":"WebPage","@id":"https:\/\/www.fiscalia.gov.co\/colombia\/seguridad-territorial\/dos-hombres-enviados-a-la-carcel-como-presuntos-responsables-de-constrenimiento-y-porte-ilegal-de-armas-de-fuego\/","url":"https:\/\/www.fiscalia.gov.co\/colombia\/seguridad-territorial\/dos-hombres-enviados-a-la-carcel-como-presuntos-responsables-de-constrenimiento-y-porte-ilegal-de-armas-de-fuego\/","name":"Fiscal\u00eda General de la Naci\u00f3n","isPartOf":{"@id":"https:\/\/www.fiscalia.gov.co\/colombia\/#website"},"datePublished":"2021-02-05T20:50:06+00:00","dateModified":"2021-02-05T20:50:06+00:00","description":"P\u00e1gina oficial de la Fiscal\u00eda General de la Naci\u00f3n \u2013 Colombia. Garantizamos el acceso efectivo a la justicia, la verdad y la reparaci\u00f3n de las v\u00edctimas de los delitos.","breadcrumb":{"@id":"https:\/\/www.fiscalia.gov.co\/colombia\/seguridad-territorial\/dos-hombres-enviados-a-la-carcel-como-presuntos-responsables-de-constrenimiento-y-porte-ilegal-de-armas-de-fuego\/#breadcrumb"},"inLanguage":"es-CO","potentialAction":[{"@type":"ReadAction","target":["https:\/\/www.fiscalia.gov.co\/colombia\/seguridad-territorial\/dos-hombres-enviados-a-la-carcel-como-presuntos-responsables-de-constrenimiento-y-porte-ilegal-de-armas-de-fuego\/"]}]},{"@type":"BreadcrumbList","@id":"https:\/\/www.fiscalia.gov.co\/colombia\/seguridad-territorial\/dos-hombres-enviados-a-la-carcel-como-presuntos-responsables-de-constrenimiento-y-porte-ilegal-de-armas-de-fuego\/#breadcrumb","itemListElement":[{"@type":"ListItem","position":1,"name":"Home","item":"https:\/\/www.fiscalia.gov.co\/colombia\/"},{"@type":"ListItem","position":2,"name":"Dos hombres enviados a la c\u00e1rcel como presuntos responsables de constre\u00f1imiento y porte ilegal de armas de fuego"}]},{"@type":"WebSite","@id":"https:\/\/www.fiscalia.gov.co\/colombia\/#website","url":"https:\/\/www.fiscalia.gov.co\/colombia\/","name":"Fiscal\u00eda General de la Naci\u00f3n","description":"P\u00e1gina oficial de la Fiscal\u00eda General de la Naci\u00f3n \u2013 Colombia. Garantizamos el acceso efectivo a la justicia, la verdad y la reparaci\u00f3n de las v\u00edctimas de los delitos.","publisher":{"@id":"https:\/\/www.fiscalia.gov.co\/colombia\/#organization"},"potentialAction":[{"@type":"SearchAction","target":{"@type":"EntryPoint","urlTemplate":"https:\/\/www.fiscalia.gov.co\/colombia\/?s={search_term_string}"},"query-input":{"@type":"PropertyValueSpecification","valueRequired":true,"valueName":"search_term_string"}}],"inLanguage":"es-CO"},{"@type":"Organization","@id":"https:\/\/www.fiscalia.gov.co\/colombia\/#organization","name":"Fiscal\u00eda General de la Naci\u00f3n","url":"https:\/\/www.fiscalia.gov.co\/colombia\/","logo":{"@type":"ImageObject","inLanguage":"es-CO","@id":"https:\/\/www.fiscalia.gov.co\/colombia\/#\/schema\/logo\/image\/","url":"https:\/\/www.fiscalia.gov.co\/colombia\/wp-content\/uploads\/LogoHorizontal_1.jpg","contentUrl":"https:\/\/www.fiscalia.gov.co\/colombia\/wp-content\/uploads\/LogoHorizontal_1.jpg","width":300,"height":90,"caption":"Fiscal\u00eda General de la Naci\u00f3n"},"image":{"@id":"https:\/\/www.fiscalia.gov.co\/colombia\/#\/schema\/logo\/image\/"},"sameAs":["https:\/\/www.facebook.com\/FiscaliaCol","https:\/\/x.com\/FiscaliaCol","https:\/\/www.instagram.com\/fiscaliacol","https:\/\/www.linkedin.com\/company\/fiscalia-general-de-la-naci-n\/","https:\/\/youtube.com\/@fiscaliageneraldelanacion-4668?si=6nN79nyQICPU5iTh"]},{"@type":"Person","@id":"https:\/\/www.fiscalia.gov.co\/colombia\/#\/schema\/person\/06aa2210fe4d79203f428ff671dee360","name":"Ana Mar\u00eda Gomez","image":{"@type":"ImageObject","inLanguage":"es-CO","@id":"https:\/\/www.fiscalia.gov.co\/colombia\/#\/schema\/person\/image\/","url":"https:\/\/secure.gravatar.com\/avatar\/a38115d98a7f8a96cbb96af2b2c37a0b?s=96&d=mm&r=g","contentUrl":"https:\/\/secure.gravatar.com\/avatar\/a38115d98a7f8a96cbb96af2b2c37a0b?s=96&d=mm&r=g","caption":"Ana Mar\u00eda Gomez"},"url":"https:\/\/www.fiscalia.gov.co\/colombia\/author\/agomez\/"}]}},"_links":{"self":[{"href":"https:\/\/www.fiscalia.gov.co\/colombia\/wp-json\/wp\/v2\/posts\/212550","targetHints":{"allow":["GET"]}}],"collection":[{"href":"https:\/\/www.fiscalia.gov.co\/colombia\/wp-json\/wp\/v2\/posts"}],"about":[{"href":"https:\/\/www.fiscalia.gov.co\/colombia\/wp-json\/wp\/v2\/types\/post"}],"author":[{"embeddable":true,"href":"https:\/\/www.fiscalia.gov.co\/colombia\/wp-json\/wp\/v2\/users\/171"}],"replies":[{"embeddable":true,"href":"https:\/\/www.fiscalia.gov.co\/colombia\/wp-json\/wp\/v2\/comments?post=212550"}],"version-history":[{"count":1,"href":"https:\/\/www.fiscalia.gov.co\/colombia\/wp-json\/wp\/v2\/posts\/212550\/revisions"}],"predecessor-version":[{"id":212552,"href":"https:\/\/www.fiscalia.gov.co\/colombia\/wp-json\/wp\/v2\/posts\/212550\/revisions\/212552"}],"wp:attachment":[{"href":"https:\/\/www.fiscalia.gov.co\/colombia\/wp-json\/wp\/v2\/media?parent=212550"}],"wp:term":[{"taxonomy":"category","embeddable":true,"href":"https:\/\/www.fiscalia.gov.co\/colombia\/wp-json\/wp\/v2\/categories?post=212550"},{"taxonomy":"post_tag","embeddable":true,"href":"https:\/\/www.fiscalia.gov.co\/colombia\/wp-json\/wp\/v2\/tags?post=212550"}],"curies":[{"name":"wp","href":"https:\/\/api.w.org\/{rel}","templated":true}]}}