{"id":212529,"date":"2021-02-05T12:24:07","date_gmt":"2021-02-05T17:24:07","guid":{"rendered":"https:\/\/www.fiscalia.gov.co\/colombia\/?p=212529"},"modified":"2021-02-09T13:03:40","modified_gmt":"2021-02-09T18:03:40","slug":"fiscalia-judicializo-a-76-presuntos-integrantes-de-las-organizaciones-delincuenciales-la-local-y-los-espartanos-en-buenaventura","status":"publish","type":"post","link":"https:\/\/www.fiscalia.gov.co\/colombia\/crimen-organizado\/fiscalia-judicializo-a-76-presuntos-integrantes-de-las-organizaciones-delincuenciales-la-local-y-los-espartanos-en-buenaventura\/","title":{"rendered":"Fiscal\u00eda judicializ\u00f3 a 76 presuntos integrantes de las organizaciones delincuenciales La Local y Los Espartanos, en Buenaventura"},"content":{"rendered":"<p class=\"x_MsoNormal\"><span lang=\"ES\">El\u00a0<b>plan de intervenci\u00f3n en Buenaventura<\/b>, liderado por el Fiscal General de la Naci\u00f3n, Francisco Barbosa, ha permitido en los \u00faltimos dos meses propinar golpes contundentes contra la criminalidad organizada en ese puerto del Pac\u00edfico.\u00a0<\/span><\/p>\n<p class=\"x_MsoNormal\"><span lang=\"ES\">A trav\u00e9s de la\u00a0<b>estrategia de investigaci\u00f3n diferencial<\/b>\u00a0en los territorios, con un equipo especial itinerante, la Fiscal\u00eda impact\u00f3 a las\u00a0<b>estructuras criminales La Local y Los Espartanos<\/b>, con injerencia en varias comunas de Buenaventura.\u00a0<\/span><\/p>\n<p class=\"x_MsoNormal\"><span lang=\"ES\">Como resultado de la intervenci\u00f3n, 76 presuntos integrantes de estas bandas fueron judicializados por delitos de alto impacto que afectan la seguridad ciudadana: concierto para delinquir, extorsi\u00f3n, homicidio agravado, hurto, y fabricaci\u00f3n, tr\u00e1fico o porte de armas de fuego de uso restringido de uso privativo de las Fuerzas Militares o explosivos, entre otros.\u00a0<\/span><span lang=\"ES\">\u00a0<\/span><\/p>\n<p class=\"x_MsoNormal\"><span lang=\"ES\">Durante 30 allanamientos coordinados por un fiscal local con apoyo de la Armada Nacional y la Polic\u00eda Nacional, se logr\u00f3 incautar abundante armamento, sustancias estupefacientes y material de intendencia:\u00a0\u00a0<\/span><\/p>\n<ul type=\"disc\">\n<li class=\"x_MsoNormal\"><span lang=\"ES\">24 rev\u00f3lveres calibre 38 con su munici\u00f3n\u00a0<\/span><span lang=\"ES\">\u00a0<\/span><\/li>\n<li class=\"x_MsoNormal\"><span lang=\"ES\">5 subametralladoras Miniuzi 9 mil\u00edmetros con sus proveedores\u00a0<\/span><span lang=\"ES\">\u00a0<\/span><\/li>\n<li class=\"x_MsoNormal\"><span lang=\"ES-TRAD\">10 fusiles R-15\u00a0<\/span><span lang=\"ES-TRAD\">\u00a0<\/span><\/li>\n<li class=\"x_MsoNormal\"><span lang=\"ES\">17 pistolas 9 mil\u00edmetros con sus proveedores y munici\u00f3n\u00a0<\/span><span lang=\"ES\">\u00a0<\/span><\/li>\n<li class=\"x_MsoNormal\"><span lang=\"ES\">3 escopetas<\/span><span lang=\"ES\">\u00a0<\/span><\/li>\n<li class=\"x_MsoNormal\"><span lang=\"ES-TRAD\">9 granadas de fragmentaci\u00f3n \u00a0<\/span><span lang=\"ES-TRAD\">\u00a0<\/span><\/li>\n<li class=\"x_MsoNormal\"><span lang=\"ES-TRAD\">Un lanzagranadas<\/span><span lang=\"ES-TRAD\">\u00a0<\/span><\/li>\n<li class=\"x_MsoNormal\"><span lang=\"ES\">1.192 cartuchos para armas de diferentes calibres\u00a0<\/span><span lang=\"ES\">\u00a0<\/span><\/li>\n<li class=\"x_MsoNormal\"><span lang=\"ES-TRAD\">16 equipos de comunicaciones\u00a0<\/span><span lang=\"ES-TRAD\">\u00a0<\/span><\/li>\n<li class=\"x_MsoNormal\"><span lang=\"ES\">500 kilos de coca\u00edna y una tonelada de marihuana\u00a0<\/span><span lang=\"ES\">\u00a0<\/span><\/li>\n<\/ul>\n<p class=\"x_MsoNormal\"><span lang=\"ES\">El ente acusador hace p\u00fablica esta informaci\u00f3n por razones de inter\u00e9s general.\u00a0<\/span><\/p>\n<p class=\"x_MsoNormal\"><b><span lang=\"ES\">\u00a0<\/span><\/b><b><span lang=\"ES\">La Fiscal\u00eda general de la Naci\u00f3n habla con resultados.\u00a0<\/span><\/b><\/p>\n<p class=\"x_MsoNormal\"><span lang=\"ES\">\u00a0JGPV\/ FV \/DLBM\u00a0\/MRC.<\/span><span lang=\"ES-TRAD\">\u00a0<\/span><\/p>\n<p class=\"x_MsoNormal\"><span lang=\"ES-TRAD\"><i><span lang=\"ES\">La informaci\u00f3n contenida en este bolet\u00edn de prensa corresponde a la narraci\u00f3n de los hechos noticiosos objetivos, suministrados por los funcionarios encargados de adelantar las investigaciones penales al interior de la Fiscal\u00eda General de la Naci\u00f3n. Para el momento de la divulgaci\u00f3n de este comunicado, la situaci\u00f3n jur\u00eddica de la(s) persona(s) relacionada(s) se encuentra pendiente de resolver por la autoridad judicial competente, siempre bajo los preceptos de la presunci\u00f3n de inocencia, consagrados en el art\u00edculo 29 de la Constituci\u00f3n Pol\u00edtica y el art\u00edculo 7\u00ba de la Ley 906 de 2004.<\/span><\/i>\u00a0\u00a0\u00a0\u00a0<span lang=\"ES\">\u00a0<\/span><span lang=\"ES\">\u00a0<\/span><br \/>\n<\/span><\/p>\n<p class=\"x_MsoNormal\"><span lang=\"ES-TRAD\"><span lang=\"ES\">Le puede interesar:\u00a0<\/span><\/span><a href=\"https:\/\/www.fiscalia.gov.co\/colombia\/el-fiscal-en-los-territorios\/segundo-gran-golpe-a-banda-delincuencial-la-local-en-buenaventura-valle-del-cauca\/\" target=\"_blank\" rel=\"noopener noreferrer\" data-auth=\"NotApplicable\">Segundo gran golpe a banda delincuencial La Local en Buenaventura (Valle del Cauca)<\/a><\/p>\n\n<div class=\"twitter-share\"><a href=\"https:\/\/twitter.com\/intent\/tweet?via=fiscaliacol\" class=\"twitter-share-button\">Tweet<\/a><\/div>\n","protected":false},"excerpt":{"rendered":"<p>El\u00a0plan de intervenci\u00f3n en Buenaventura, liderado por el Fiscal General de la Naci\u00f3n, Francisco Barbosa, ha permitido en los \u00faltimos dos meses propinar golpes contundentes contra la criminalidad organizada en ese puerto del Pac\u00edfico.\u00a0 A trav\u00e9s de la\u00a0estrategia de investigaci\u00f3n diferencial\u00a0en los territorios, con un equipo especial itinerante, la Fiscal\u00eda impact\u00f3 a las\u00a0estructuras criminales La [&hellip;]<\/p>\n","protected":false},"author":171,"featured_media":0,"comment_status":"closed","ping_status":"open","sticky":false,"template":"","format":"video","meta":{"_price":"","_stock":"","_tribe_ticket_header":"","_tribe_default_ticket_provider":"","_tribe_ticket_capacity":"0","_ticket_start_date":"","_ticket_end_date":"","_tribe_ticket_show_description":"","_tribe_ticket_show_not_going":false,"_tribe_ticket_use_global_stock":"","_tribe_ticket_global_stock_level":"","_global_stock_mode":"","_global_stock_cap":"","_tribe_rsvp_for_event":"","_tribe_ticket_going_count":"","_tribe_ticket_not_going_count":"","_tribe_tickets_list":"[]","_tribe_ticket_has_attendee_info_fields":false,"tdm_status":"","tdm_grid_status":"","footnotes":""},"categories":[24098,324,303],"tags":[25685,7484,24188,78,24187,25686,11101],"class_list":{"0":"post-212529","1":"post","2":"type-post","3":"status-publish","4":"format-video","6":"category-crimen-organizado","7":"category-seccional-cali","8":"category-seccionales","9":"tag-banda-delincuencial-la-local","10":"tag-crimen-organizado","11":"tag-fiscal-francisco-barbosa","12":"tag-fiscal-general-de-la-nacion","13":"tag-fiscalia-colombia","14":"tag-grupo-delictivo-los-espartanos","15":"tag-seguridad-ciudadana","16":"post_format-post-format-video"},"yoast_head":"<!-- This site is optimized with the Yoast SEO plugin v24.3 - https:\/\/yoast.com\/wordpress\/plugins\/seo\/ -->\n<title>Fiscal\u00eda General de la Naci\u00f3n<\/title>\n<meta name=\"description\" content=\"P\u00e1gina oficial de la Fiscal\u00eda General de la Naci\u00f3n \u2013 Colombia. Garantizamos el acceso efectivo a la justicia, la verdad y la reparaci\u00f3n de las v\u00edctimas de los delitos.\" \/>\n<meta name=\"robots\" content=\"noindex, follow\" \/>\n<meta property=\"og:locale\" content=\"es_ES\" \/>\n<meta property=\"og:type\" content=\"article\" \/>\n<meta property=\"og:title\" content=\"Fiscal\u00eda General de la Naci\u00f3n\" \/>\n<meta property=\"og:description\" content=\"P\u00e1gina oficial de la Fiscal\u00eda General de la Naci\u00f3n \u2013 Colombia. Garantizamos el acceso efectivo a la justicia, la verdad y la reparaci\u00f3n de las v\u00edctimas de los delitos.\" \/>\n<meta property=\"og:url\" content=\"https:\/\/www.fiscalia.gov.co\/colombia\/crimen-organizado\/fiscalia-judicializo-a-76-presuntos-integrantes-de-las-organizaciones-delincuenciales-la-local-y-los-espartanos-en-buenaventura\/\" \/>\n<meta property=\"og:site_name\" content=\"Fiscal\u00eda General de la Naci\u00f3n\" \/>\n<meta property=\"article:publisher\" content=\"https:\/\/www.facebook.com\/FiscaliaCol\" \/>\n<meta property=\"article:published_time\" content=\"2021-02-05T17:24:07+00:00\" \/>\n<meta property=\"article:modified_time\" content=\"2021-02-09T18:03:40+00:00\" \/>\n<meta name=\"author\" content=\"Ana Mar\u00eda Gomez\" \/>\n<meta name=\"twitter:card\" content=\"summary_large_image\" \/>\n<meta name=\"twitter:creator\" content=\"@FiscaliaCol\" \/>\n<meta name=\"twitter:site\" content=\"@FiscaliaCol\" \/>\n<meta name=\"twitter:label1\" content=\"Escrito por\" \/>\n\t<meta name=\"twitter:data1\" content=\"Ana Mar\u00eda Gomez\" \/>\n\t<meta name=\"twitter:label2\" content=\"Tiempo de lectura\" \/>\n\t<meta name=\"twitter:data2\" content=\"2 minutos\" \/>\n<script type=\"application\/ld+json\" class=\"yoast-schema-graph\">{\"@context\":\"https:\/\/schema.org\",\"@graph\":[{\"@type\":\"Article\",\"@id\":\"https:\/\/www.fiscalia.gov.co\/colombia\/crimen-organizado\/fiscalia-judicializo-a-76-presuntos-integrantes-de-las-organizaciones-delincuenciales-la-local-y-los-espartanos-en-buenaventura\/#article\",\"isPartOf\":{\"@id\":\"https:\/\/www.fiscalia.gov.co\/colombia\/crimen-organizado\/fiscalia-judicializo-a-76-presuntos-integrantes-de-las-organizaciones-delincuenciales-la-local-y-los-espartanos-en-buenaventura\/\"},\"author\":{\"name\":\"Ana Mar\u00eda Gomez\",\"@id\":\"https:\/\/www.fiscalia.gov.co\/colombia\/#\/schema\/person\/06aa2210fe4d79203f428ff671dee360\"},\"headline\":\"Fiscal\u00eda judicializ\u00f3 a 76 presuntos integrantes de las organizaciones delincuenciales La Local y Los Espartanos, en Buenaventura\",\"datePublished\":\"2021-02-05T17:24:07+00:00\",\"dateModified\":\"2021-02-09T18:03:40+00:00\",\"mainEntityOfPage\":{\"@id\":\"https:\/\/www.fiscalia.gov.co\/colombia\/crimen-organizado\/fiscalia-judicializo-a-76-presuntos-integrantes-de-las-organizaciones-delincuenciales-la-local-y-los-espartanos-en-buenaventura\/\"},\"wordCount\":376,\"publisher\":{\"@id\":\"https:\/\/www.fiscalia.gov.co\/colombia\/#organization\"},\"keywords\":[\"banda delincuencial La Local\",\"Crimen organizado\",\"Fiscal Francisco Barbosa\",\"Fiscal General de la Naci\u00f3n\",\"Fiscal\u00eda Colombia\",\"grupo delictivo Los Espartanos\",\"Seguridad ciudadana\"],\"articleSection\":[\"Crimen organizado\",\"Seccional Cali\",\"Seccionales\"],\"inLanguage\":\"es-CO\"},{\"@type\":\"WebPage\",\"@id\":\"https:\/\/www.fiscalia.gov.co\/colombia\/crimen-organizado\/fiscalia-judicializo-a-76-presuntos-integrantes-de-las-organizaciones-delincuenciales-la-local-y-los-espartanos-en-buenaventura\/\",\"url\":\"https:\/\/www.fiscalia.gov.co\/colombia\/crimen-organizado\/fiscalia-judicializo-a-76-presuntos-integrantes-de-las-organizaciones-delincuenciales-la-local-y-los-espartanos-en-buenaventura\/\",\"name\":\"Fiscal\u00eda General de la Naci\u00f3n\",\"isPartOf\":{\"@id\":\"https:\/\/www.fiscalia.gov.co\/colombia\/#website\"},\"datePublished\":\"2021-02-05T17:24:07+00:00\",\"dateModified\":\"2021-02-09T18:03:40+00:00\",\"description\":\"P\u00e1gina oficial de la Fiscal\u00eda General de la Naci\u00f3n \u2013 Colombia. Garantizamos el acceso efectivo a la justicia, la verdad y la reparaci\u00f3n de las v\u00edctimas de los delitos.\",\"breadcrumb\":{\"@id\":\"https:\/\/www.fiscalia.gov.co\/colombia\/crimen-organizado\/fiscalia-judicializo-a-76-presuntos-integrantes-de-las-organizaciones-delincuenciales-la-local-y-los-espartanos-en-buenaventura\/#breadcrumb\"},\"inLanguage\":\"es-CO\",\"potentialAction\":[{\"@type\":\"ReadAction\",\"target\":[\"https:\/\/www.fiscalia.gov.co\/colombia\/crimen-organizado\/fiscalia-judicializo-a-76-presuntos-integrantes-de-las-organizaciones-delincuenciales-la-local-y-los-espartanos-en-buenaventura\/\"]}]},{\"@type\":\"BreadcrumbList\",\"@id\":\"https:\/\/www.fiscalia.gov.co\/colombia\/crimen-organizado\/fiscalia-judicializo-a-76-presuntos-integrantes-de-las-organizaciones-delincuenciales-la-local-y-los-espartanos-en-buenaventura\/#breadcrumb\",\"itemListElement\":[{\"@type\":\"ListItem\",\"position\":1,\"name\":\"Home\",\"item\":\"https:\/\/www.fiscalia.gov.co\/colombia\/\"},{\"@type\":\"ListItem\",\"position\":2,\"name\":\"Fiscal\u00eda judicializ\u00f3 a 76 presuntos integrantes de las organizaciones delincuenciales La Local y Los Espartanos, en Buenaventura\"}]},{\"@type\":\"WebSite\",\"@id\":\"https:\/\/www.fiscalia.gov.co\/colombia\/#website\",\"url\":\"https:\/\/www.fiscalia.gov.co\/colombia\/\",\"name\":\"Fiscal\u00eda General de la Naci\u00f3n\",\"description\":\"P\u00e1gina oficial de la Fiscal\u00eda General de la Naci\u00f3n \u2013 Colombia. Garantizamos el acceso efectivo a la justicia, la verdad y la reparaci\u00f3n de las v\u00edctimas de los delitos.\",\"publisher\":{\"@id\":\"https:\/\/www.fiscalia.gov.co\/colombia\/#organization\"},\"potentialAction\":[{\"@type\":\"SearchAction\",\"target\":{\"@type\":\"EntryPoint\",\"urlTemplate\":\"https:\/\/www.fiscalia.gov.co\/colombia\/?s={search_term_string}\"},\"query-input\":{\"@type\":\"PropertyValueSpecification\",\"valueRequired\":true,\"valueName\":\"search_term_string\"}}],\"inLanguage\":\"es-CO\"},{\"@type\":\"Organization\",\"@id\":\"https:\/\/www.fiscalia.gov.co\/colombia\/#organization\",\"name\":\"Fiscal\u00eda General de la Naci\u00f3n\",\"url\":\"https:\/\/www.fiscalia.gov.co\/colombia\/\",\"logo\":{\"@type\":\"ImageObject\",\"inLanguage\":\"es-CO\",\"@id\":\"https:\/\/www.fiscalia.gov.co\/colombia\/#\/schema\/logo\/image\/\",\"url\":\"https:\/\/www.fiscalia.gov.co\/colombia\/wp-content\/uploads\/LogoHorizontal_1.jpg\",\"contentUrl\":\"https:\/\/www.fiscalia.gov.co\/colombia\/wp-content\/uploads\/LogoHorizontal_1.jpg\",\"width\":300,\"height\":90,\"caption\":\"Fiscal\u00eda General de la Naci\u00f3n\"},\"image\":{\"@id\":\"https:\/\/www.fiscalia.gov.co\/colombia\/#\/schema\/logo\/image\/\"},\"sameAs\":[\"https:\/\/www.facebook.com\/FiscaliaCol\",\"https:\/\/x.com\/FiscaliaCol\",\"https:\/\/www.instagram.com\/fiscaliacol\",\"https:\/\/www.linkedin.com\/company\/fiscalia-general-de-la-naci-n\/\",\"https:\/\/youtube.com\/@fiscaliageneraldelanacion-4668?si=6nN79nyQICPU5iTh\"]},{\"@type\":\"Person\",\"@id\":\"https:\/\/www.fiscalia.gov.co\/colombia\/#\/schema\/person\/06aa2210fe4d79203f428ff671dee360\",\"name\":\"Ana Mar\u00eda Gomez\",\"image\":{\"@type\":\"ImageObject\",\"inLanguage\":\"es-CO\",\"@id\":\"https:\/\/www.fiscalia.gov.co\/colombia\/#\/schema\/person\/image\/\",\"url\":\"https:\/\/secure.gravatar.com\/avatar\/a38115d98a7f8a96cbb96af2b2c37a0b?s=96&d=mm&r=g\",\"contentUrl\":\"https:\/\/secure.gravatar.com\/avatar\/a38115d98a7f8a96cbb96af2b2c37a0b?s=96&d=mm&r=g\",\"caption\":\"Ana Mar\u00eda Gomez\"},\"url\":\"https:\/\/www.fiscalia.gov.co\/colombia\/author\/agomez\/\"}]}<\/script>\n<!-- \/ Yoast SEO plugin. -->","yoast_head_json":{"title":"Fiscal\u00eda General de la Naci\u00f3n","description":"P\u00e1gina oficial de la Fiscal\u00eda General de la Naci\u00f3n \u2013 Colombia. Garantizamos el acceso efectivo a la justicia, la verdad y la reparaci\u00f3n de las v\u00edctimas de los delitos.","robots":{"index":"noindex","follow":"follow"},"og_locale":"es_ES","og_type":"article","og_title":"Fiscal\u00eda General de la Naci\u00f3n","og_description":"P\u00e1gina oficial de la Fiscal\u00eda General de la Naci\u00f3n \u2013 Colombia. Garantizamos el acceso efectivo a la justicia, la verdad y la reparaci\u00f3n de las v\u00edctimas de los delitos.","og_url":"https:\/\/www.fiscalia.gov.co\/colombia\/crimen-organizado\/fiscalia-judicializo-a-76-presuntos-integrantes-de-las-organizaciones-delincuenciales-la-local-y-los-espartanos-en-buenaventura\/","og_site_name":"Fiscal\u00eda General de la Naci\u00f3n","article_publisher":"https:\/\/www.facebook.com\/FiscaliaCol","article_published_time":"2021-02-05T17:24:07+00:00","article_modified_time":"2021-02-09T18:03:40+00:00","author":"Ana Mar\u00eda Gomez","twitter_card":"summary_large_image","twitter_creator":"@FiscaliaCol","twitter_site":"@FiscaliaCol","twitter_misc":{"Escrito por":"Ana Mar\u00eda Gomez","Tiempo de lectura":"2 minutos"},"schema":{"@context":"https:\/\/schema.org","@graph":[{"@type":"Article","@id":"https:\/\/www.fiscalia.gov.co\/colombia\/crimen-organizado\/fiscalia-judicializo-a-76-presuntos-integrantes-de-las-organizaciones-delincuenciales-la-local-y-los-espartanos-en-buenaventura\/#article","isPartOf":{"@id":"https:\/\/www.fiscalia.gov.co\/colombia\/crimen-organizado\/fiscalia-judicializo-a-76-presuntos-integrantes-de-las-organizaciones-delincuenciales-la-local-y-los-espartanos-en-buenaventura\/"},"author":{"name":"Ana Mar\u00eda Gomez","@id":"https:\/\/www.fiscalia.gov.co\/colombia\/#\/schema\/person\/06aa2210fe4d79203f428ff671dee360"},"headline":"Fiscal\u00eda judicializ\u00f3 a 76 presuntos integrantes de las organizaciones delincuenciales La Local y Los Espartanos, en Buenaventura","datePublished":"2021-02-05T17:24:07+00:00","dateModified":"2021-02-09T18:03:40+00:00","mainEntityOfPage":{"@id":"https:\/\/www.fiscalia.gov.co\/colombia\/crimen-organizado\/fiscalia-judicializo-a-76-presuntos-integrantes-de-las-organizaciones-delincuenciales-la-local-y-los-espartanos-en-buenaventura\/"},"wordCount":376,"publisher":{"@id":"https:\/\/www.fiscalia.gov.co\/colombia\/#organization"},"keywords":["banda delincuencial La Local","Crimen organizado","Fiscal Francisco Barbosa","Fiscal General de la Naci\u00f3n","Fiscal\u00eda Colombia","grupo delictivo Los Espartanos","Seguridad ciudadana"],"articleSection":["Crimen organizado","Seccional Cali","Seccionales"],"inLanguage":"es-CO"},{"@type":"WebPage","@id":"https:\/\/www.fiscalia.gov.co\/colombia\/crimen-organizado\/fiscalia-judicializo-a-76-presuntos-integrantes-de-las-organizaciones-delincuenciales-la-local-y-los-espartanos-en-buenaventura\/","url":"https:\/\/www.fiscalia.gov.co\/colombia\/crimen-organizado\/fiscalia-judicializo-a-76-presuntos-integrantes-de-las-organizaciones-delincuenciales-la-local-y-los-espartanos-en-buenaventura\/","name":"Fiscal\u00eda General de la Naci\u00f3n","isPartOf":{"@id":"https:\/\/www.fiscalia.gov.co\/colombia\/#website"},"datePublished":"2021-02-05T17:24:07+00:00","dateModified":"2021-02-09T18:03:40+00:00","description":"P\u00e1gina oficial de la Fiscal\u00eda General de la Naci\u00f3n \u2013 Colombia. Garantizamos el acceso efectivo a la justicia, la verdad y la reparaci\u00f3n de las v\u00edctimas de los delitos.","breadcrumb":{"@id":"https:\/\/www.fiscalia.gov.co\/colombia\/crimen-organizado\/fiscalia-judicializo-a-76-presuntos-integrantes-de-las-organizaciones-delincuenciales-la-local-y-los-espartanos-en-buenaventura\/#breadcrumb"},"inLanguage":"es-CO","potentialAction":[{"@type":"ReadAction","target":["https:\/\/www.fiscalia.gov.co\/colombia\/crimen-organizado\/fiscalia-judicializo-a-76-presuntos-integrantes-de-las-organizaciones-delincuenciales-la-local-y-los-espartanos-en-buenaventura\/"]}]},{"@type":"BreadcrumbList","@id":"https:\/\/www.fiscalia.gov.co\/colombia\/crimen-organizado\/fiscalia-judicializo-a-76-presuntos-integrantes-de-las-organizaciones-delincuenciales-la-local-y-los-espartanos-en-buenaventura\/#breadcrumb","itemListElement":[{"@type":"ListItem","position":1,"name":"Home","item":"https:\/\/www.fiscalia.gov.co\/colombia\/"},{"@type":"ListItem","position":2,"name":"Fiscal\u00eda judicializ\u00f3 a 76 presuntos integrantes de las organizaciones delincuenciales La Local y Los Espartanos, en Buenaventura"}]},{"@type":"WebSite","@id":"https:\/\/www.fiscalia.gov.co\/colombia\/#website","url":"https:\/\/www.fiscalia.gov.co\/colombia\/","name":"Fiscal\u00eda General de la Naci\u00f3n","description":"P\u00e1gina oficial de la Fiscal\u00eda General de la Naci\u00f3n \u2013 Colombia. Garantizamos el acceso efectivo a la justicia, la verdad y la reparaci\u00f3n de las v\u00edctimas de los delitos.","publisher":{"@id":"https:\/\/www.fiscalia.gov.co\/colombia\/#organization"},"potentialAction":[{"@type":"SearchAction","target":{"@type":"EntryPoint","urlTemplate":"https:\/\/www.fiscalia.gov.co\/colombia\/?s={search_term_string}"},"query-input":{"@type":"PropertyValueSpecification","valueRequired":true,"valueName":"search_term_string"}}],"inLanguage":"es-CO"},{"@type":"Organization","@id":"https:\/\/www.fiscalia.gov.co\/colombia\/#organization","name":"Fiscal\u00eda General de la Naci\u00f3n","url":"https:\/\/www.fiscalia.gov.co\/colombia\/","logo":{"@type":"ImageObject","inLanguage":"es-CO","@id":"https:\/\/www.fiscalia.gov.co\/colombia\/#\/schema\/logo\/image\/","url":"https:\/\/www.fiscalia.gov.co\/colombia\/wp-content\/uploads\/LogoHorizontal_1.jpg","contentUrl":"https:\/\/www.fiscalia.gov.co\/colombia\/wp-content\/uploads\/LogoHorizontal_1.jpg","width":300,"height":90,"caption":"Fiscal\u00eda General de la Naci\u00f3n"},"image":{"@id":"https:\/\/www.fiscalia.gov.co\/colombia\/#\/schema\/logo\/image\/"},"sameAs":["https:\/\/www.facebook.com\/FiscaliaCol","https:\/\/x.com\/FiscaliaCol","https:\/\/www.instagram.com\/fiscaliacol","https:\/\/www.linkedin.com\/company\/fiscalia-general-de-la-naci-n\/","https:\/\/youtube.com\/@fiscaliageneraldelanacion-4668?si=6nN79nyQICPU5iTh"]},{"@type":"Person","@id":"https:\/\/www.fiscalia.gov.co\/colombia\/#\/schema\/person\/06aa2210fe4d79203f428ff671dee360","name":"Ana Mar\u00eda Gomez","image":{"@type":"ImageObject","inLanguage":"es-CO","@id":"https:\/\/www.fiscalia.gov.co\/colombia\/#\/schema\/person\/image\/","url":"https:\/\/secure.gravatar.com\/avatar\/a38115d98a7f8a96cbb96af2b2c37a0b?s=96&d=mm&r=g","contentUrl":"https:\/\/secure.gravatar.com\/avatar\/a38115d98a7f8a96cbb96af2b2c37a0b?s=96&d=mm&r=g","caption":"Ana Mar\u00eda Gomez"},"url":"https:\/\/www.fiscalia.gov.co\/colombia\/author\/agomez\/"}]}},"_links":{"self":[{"href":"https:\/\/www.fiscalia.gov.co\/colombia\/wp-json\/wp\/v2\/posts\/212529","targetHints":{"allow":["GET"]}}],"collection":[{"href":"https:\/\/www.fiscalia.gov.co\/colombia\/wp-json\/wp\/v2\/posts"}],"about":[{"href":"https:\/\/www.fiscalia.gov.co\/colombia\/wp-json\/wp\/v2\/types\/post"}],"author":[{"embeddable":true,"href":"https:\/\/www.fiscalia.gov.co\/colombia\/wp-json\/wp\/v2\/users\/171"}],"replies":[{"embeddable":true,"href":"https:\/\/www.fiscalia.gov.co\/colombia\/wp-json\/wp\/v2\/comments?post=212529"}],"version-history":[{"count":1,"href":"https:\/\/www.fiscalia.gov.co\/colombia\/wp-json\/wp\/v2\/posts\/212529\/revisions"}],"predecessor-version":[{"id":212530,"href":"https:\/\/www.fiscalia.gov.co\/colombia\/wp-json\/wp\/v2\/posts\/212529\/revisions\/212530"}],"wp:attachment":[{"href":"https:\/\/www.fiscalia.gov.co\/colombia\/wp-json\/wp\/v2\/media?parent=212529"}],"wp:term":[{"taxonomy":"category","embeddable":true,"href":"https:\/\/www.fiscalia.gov.co\/colombia\/wp-json\/wp\/v2\/categories?post=212529"},{"taxonomy":"post_tag","embeddable":true,"href":"https:\/\/www.fiscalia.gov.co\/colombia\/wp-json\/wp\/v2\/tags?post=212529"}],"curies":[{"name":"wp","href":"https:\/\/api.w.org\/{rel}","templated":true}]}}