{"id":212504,"date":"2021-02-05T10:14:39","date_gmt":"2021-02-05T15:14:39","guid":{"rendered":"https:\/\/www.fiscalia.gov.co\/colombia\/?p=212504"},"modified":"2021-02-05T10:14:39","modified_gmt":"2021-02-05T15:14:39","slug":"privado-de-la-libertad-un-hombre-que-habria-instrumentalizado-a-un-menor-de-edad-para-asaltar-un-supermercado","status":"publish","type":"post","link":"https:\/\/www.fiscalia.gov.co\/colombia\/seguridad-territorial\/privado-de-la-libertad-un-hombre-que-habria-instrumentalizado-a-un-menor-de-edad-para-asaltar-un-supermercado\/","title":{"rendered":"Privado de la libertad un hombre que habr\u00eda instrumentalizado a un menor de edad para asaltar un supermercado"},"content":{"rendered":"<div>\n<h4 class=\"x_MsoNormal\"><strong><i><span lang=\"ES\">El adolescente presuntamente implicado en el hurto tambi\u00e9n fue judicializado y qued\u00f3 con medida de internamiento preventivo.\u00a0<\/span><\/i><\/strong><\/h4>\n<p class=\"x_MsoNormal\"><span lang=\"ES\">Yeison Alex\u00e1nder S\u00e1nchez fue privado de la libertad en centro carcelario por un juez penal con funciones de control de garant\u00edas, luego de que la Fiscal\u00eda le imput\u00f3 cargos como presunto autor responsable de los delitos de\u00a0<b>hurto calificado agravado y\u00a0<\/b><\/span><b><a href=\"https:\/\/www.fiscalia.gov.co\/colombia\/trafico-de-estupefacientes\/cae-banda-delincuencial-los-gordos-que-utilizaba-menores-para-comercializar-estupefacientes-en-palmira-valle-del-cauca\/\" target=\"_blank\" rel=\"noopener noreferrer\" data-auth=\"NotApplicable\"><span lang=\"ES\">utilizaci\u00f3n de menores<\/span><\/a><\/b><b><span lang=\"ES\">\u00a0para la comisi\u00f3n de delitos<\/span><\/b><span lang=\"ES\">, a los cuales no se allan\u00f3.\u00a0\u00a0<\/span><\/p>\n<figure id=\"attachment_212505\" aria-describedby=\"caption-attachment-212505\" style=\"width: 696px\" class=\"wp-caption alignleft\"><img loading=\"lazy\" decoding=\"async\" class=\"size-large wp-image-212505\" src=\"https:\/\/www.fiscalia.gov.co\/colombia\/wp-content\/uploads\/Yeison-Alexander-S\u00e0nchez-fue-privado-de-la-libertad-por-utilizar-un-menor-de-edad-para-un-asalto-1024x869.jpeg\" alt=\"\" width=\"696\" height=\"591\" srcset=\"https:\/\/www.fiscalia.gov.co\/colombia\/wp-content\/uploads\/Yeison-Alexander-S\u00e0nchez-fue-privado-de-la-libertad-por-utilizar-un-menor-de-edad-para-un-asalto-1024x869.jpeg 1024w, https:\/\/www.fiscalia.gov.co\/colombia\/wp-content\/uploads\/Yeison-Alexander-S\u00e0nchez-fue-privado-de-la-libertad-por-utilizar-un-menor-de-edad-para-un-asalto-300x255.jpeg 300w, https:\/\/www.fiscalia.gov.co\/colombia\/wp-content\/uploads\/Yeison-Alexander-S\u00e0nchez-fue-privado-de-la-libertad-por-utilizar-un-menor-de-edad-para-un-asalto-768x652.jpeg 768w, https:\/\/www.fiscalia.gov.co\/colombia\/wp-content\/uploads\/Yeison-Alexander-S\u00e0nchez-fue-privado-de-la-libertad-por-utilizar-un-menor-de-edad-para-un-asalto-696x591.jpeg 696w, https:\/\/www.fiscalia.gov.co\/colombia\/wp-content\/uploads\/Yeison-Alexander-S\u00e0nchez-fue-privado-de-la-libertad-por-utilizar-un-menor-de-edad-para-un-asalto-1068x906.jpeg 1068w, https:\/\/www.fiscalia.gov.co\/colombia\/wp-content\/uploads\/Yeison-Alexander-S\u00e0nchez-fue-privado-de-la-libertad-por-utilizar-un-menor-de-edad-para-un-asalto-495x420.jpeg 495w, https:\/\/www.fiscalia.gov.co\/colombia\/wp-content\/uploads\/Yeison-Alexander-S\u00e0nchez-fue-privado-de-la-libertad-por-utilizar-un-menor-de-edad-para-un-asalto.jpeg 1129w\" sizes=\"auto, (max-width: 696px) 100vw, 696px\" \/><figcaption id=\"caption-attachment-212505\" class=\"wp-caption-text\">Yeison Alex\u00e1nder S\u00e1nchez y un menor de edad fueron judicializados por su presunta participaci\u00f3n en el hurto a un supermercado en Cali.<\/figcaption><\/figure>\n<p class=\"x_MsoNormal\"><span lang=\"ES\">El hombre fue capturado por agentes de vigilancia de la Polic\u00eda Metropolitana, tras una persecuci\u00f3n, dado que, en compa\u00f1\u00eda de un menor y dos sujetos m\u00e1s, supuestamente armados, habr\u00eda asaltado un supermercado ubicado en la carrera 63 con calle 10 de Cali (Valle del Cauca).\u00a0<\/span><\/p>\n<p class=\"x_MsoNormal\"><span lang=\"ES\">Dentro del establecimiento comercial, los cuatro hombres al parecer intimidaron a los empleados y clientes, para despojarlos de su dinero y objetos personales. Una de las v\u00edctimas alcanz\u00f3 a llamar a la L\u00ednea de Emergencia de la Polic\u00eda Metropolitana 123, y report\u00f3 el asalto. \u00a0<\/span><\/p>\n<p class=\"x_MsoNormal\"><span lang=\"ES\">S\u00e1nchez y el menor abordaron una moto para emprender la fuga, pero fueron interceptados a pocas cuadras del supermercado.\u00a0<\/span><\/p>\n<p class=\"x_MsoNormal\"><span lang=\"ES\">Por su parte, un juez de responsabilidad penal para adolescentes aval\u00f3 la imputaci\u00f3n de cargos de la Fiscal\u00eda contra el posible infractor por el delito de hurto calificado agravado, y le dict\u00f3 medida de\u00a0<\/span><a href=\"https:\/\/www.fiscalia.gov.co\/colombia\/seguridad-ciudadana\/internamiento-preventivo-para-adolescente-como-presunto-responsable-de-extorsionar-a-un-comerciante\/\" target=\"_blank\" rel=\"noopener noreferrer\" data-auth=\"NotApplicable\"><span lang=\"ES\">internamiento preventivo<\/span><\/a><span lang=\"ES\">\u00a0en un centro de atenci\u00f3n especial, adonde fue trasladado.\u00a0\u00a0<\/span><\/p>\n<p class=\"x_MsoNormal\"><span lang=\"ES\">La investigaci\u00f3n se desarrolla seg\u00fan los lineamientos trazados por el Fiscal General de la Naci\u00f3n, Francisco Barbosa Delgado, en su\u00a0Direccionamiento Estrat\u00e9gico, para esclarecer delitos de alto impacto que afectan la seguridad ciudadana.\u00a0<\/span><\/p>\n<p class=\"x_MsoNormal\"><span lang=\"ES\">La Fiscal\u00eda General de la Naci\u00f3n habla con resultados.\u00a0<\/span><\/p>\n<p class=\"x_MsoNormal\"><span lang=\"ES\">JGPV\/ LS\/ DLBM.\u00a0<\/span><\/p>\n<p class=\"x_MsoNormal\"><i><span lang=\"ES\">La informaci\u00f3n contenida en este bolet\u00edn de prensa corresponde a la narraci\u00f3n de los hechos noticiosos objetivos, suministrados por los funcionarios encargados de adelantar las investigaciones penales al interior de la Fiscal\u00eda General de la Naci\u00f3n. Para el momento de la divulgaci\u00f3n de este comunicado, la situaci\u00f3n jur\u00eddica de la(s) persona(s) relacionada(s) se encuentra pendiente de resolver por la autoridad judicial competente, siempre bajo los preceptos de la presunci\u00f3n de inocencia, consagrados en el art\u00edculo 29 de la Constituci\u00f3n Pol\u00edtica y el art\u00edculo 7\u00ba de la Ley 906 de 2004.<\/span><\/i>\u00a0\u00a0\u00a0\u00a0<span lang=\"ES\">\u00a0<\/span><span lang=\"ES\">\u00a0<\/span><\/p>\n<p class=\"x_MsoNormal\"><b><span lang=\"ES\">Le puede interesar:\u00a0<\/span><\/b><b><a href=\"https:\/\/www.fiscalia.gov.co\/colombia\/seguridad-ciudadana\/judicializados-5-presuntos-integrantes-de-la-banda-los-caparro-por-hurto-calificado\/\" target=\"_blank\" rel=\"noopener noreferrer\" data-auth=\"NotApplicable\"><span lang=\"ES\">Judicializados 5 presuntos integrantes de la banda Los Caparro por hurto calificado<\/span><\/a><\/b><span lang=\"ES\">\u00a0<\/span><b><span lang=\"ES\">\u00a0<\/span><\/b><\/p>\n<\/div>\n<div id=\"x_appendonsend\"><\/div>\n<div dir=\"ltr\">\n<div>\n<p class=\"x_x_MsoNormal\">\n<\/div>\n<\/div>\n\n<div class=\"twitter-share\"><a href=\"https:\/\/twitter.com\/intent\/tweet?via=fiscaliacol\" class=\"twitter-share-button\">Tweet<\/a><\/div>\n","protected":false},"excerpt":{"rendered":"<p>El adolescente presuntamente implicado en el hurto tambi\u00e9n fue judicializado y qued\u00f3 con medida de internamiento preventivo.\u00a0 Yeison Alex\u00e1nder S\u00e1nchez fue privado de la libertad en centro carcelario por un juez penal con funciones de control de garant\u00edas, luego de que la Fiscal\u00eda le imput\u00f3 cargos como presunto autor responsable de los delitos de\u00a0hurto calificado [&hellip;]<\/p>\n","protected":false},"author":171,"featured_media":0,"comment_status":"closed","ping_status":"open","sticky":false,"template":"","format":"standard","meta":{"tdm_status":"","tdm_grid_status":"","footnotes":""},"categories":[324,303,24099],"tags":[78,24481,1047,24182,24507,11101,25676],"class_list":{"0":"post-212504","1":"post","2":"type-post","3":"status-publish","4":"format-standard","6":"category-seccional-cali","7":"category-seccionales","8":"category-seguridad-territorial","9":"tag-fiscal-general-de-la-nacion","10":"tag-fiscalia-de-colombia","11":"tag-fiscalia-general-de-la-nacion","12":"tag-francisco-barbosa-delgado","13":"tag-internamiento-preventivo","14":"tag-seguridad-ciudadana","15":"tag-utilizacion-de-menores"},"yoast_head":"<!-- This site is optimized with the Yoast SEO plugin v24.3 - https:\/\/yoast.com\/wordpress\/plugins\/seo\/ -->\n<title>Fiscal\u00eda General de la Naci\u00f3n<\/title>\n<meta name=\"description\" content=\"P\u00e1gina oficial de la Fiscal\u00eda General de la Naci\u00f3n \u2013 Colombia. Garantizamos el acceso efectivo a la justicia, la verdad y la reparaci\u00f3n de las v\u00edctimas de los delitos.\" \/>\n<meta name=\"robots\" content=\"noindex, follow\" \/>\n<meta property=\"og:locale\" content=\"es_ES\" \/>\n<meta property=\"og:type\" content=\"article\" \/>\n<meta property=\"og:title\" content=\"Fiscal\u00eda General de la Naci\u00f3n\" \/>\n<meta property=\"og:description\" content=\"P\u00e1gina oficial de la Fiscal\u00eda General de la Naci\u00f3n \u2013 Colombia. Garantizamos el acceso efectivo a la justicia, la verdad y la reparaci\u00f3n de las v\u00edctimas de los delitos.\" \/>\n<meta property=\"og:url\" content=\"https:\/\/www.fiscalia.gov.co\/colombia\/seguridad-territorial\/privado-de-la-libertad-un-hombre-que-habria-instrumentalizado-a-un-menor-de-edad-para-asaltar-un-supermercado\/\" \/>\n<meta property=\"og:site_name\" content=\"Fiscal\u00eda General de la Naci\u00f3n\" \/>\n<meta property=\"article:publisher\" content=\"https:\/\/www.facebook.com\/FiscaliaCol\" \/>\n<meta property=\"article:published_time\" content=\"2021-02-05T15:14:39+00:00\" \/>\n<meta name=\"author\" content=\"Ana Mar\u00eda Gomez\" \/>\n<meta name=\"twitter:card\" content=\"summary_large_image\" \/>\n<meta name=\"twitter:creator\" content=\"@FiscaliaCol\" \/>\n<meta name=\"twitter:site\" content=\"@FiscaliaCol\" \/>\n<meta name=\"twitter:label1\" content=\"Escrito por\" \/>\n\t<meta name=\"twitter:data1\" content=\"Ana Mar\u00eda Gomez\" \/>\n\t<meta name=\"twitter:label2\" content=\"Tiempo de lectura\" \/>\n\t<meta name=\"twitter:data2\" content=\"2 minutos\" \/>\n<script type=\"application\/ld+json\" class=\"yoast-schema-graph\">{\"@context\":\"https:\/\/schema.org\",\"@graph\":[{\"@type\":\"Article\",\"@id\":\"https:\/\/www.fiscalia.gov.co\/colombia\/seguridad-territorial\/privado-de-la-libertad-un-hombre-que-habria-instrumentalizado-a-un-menor-de-edad-para-asaltar-un-supermercado\/#article\",\"isPartOf\":{\"@id\":\"https:\/\/www.fiscalia.gov.co\/colombia\/seguridad-territorial\/privado-de-la-libertad-un-hombre-que-habria-instrumentalizado-a-un-menor-de-edad-para-asaltar-un-supermercado\/\"},\"author\":{\"name\":\"Ana Mar\u00eda Gomez\",\"@id\":\"https:\/\/www.fiscalia.gov.co\/colombia\/#\/schema\/person\/06aa2210fe4d79203f428ff671dee360\"},\"headline\":\"Privado de la libertad un hombre que habr\u00eda instrumentalizado a un menor de edad para asaltar un supermercado\",\"datePublished\":\"2021-02-05T15:14:39+00:00\",\"dateModified\":\"2021-02-05T15:14:39+00:00\",\"mainEntityOfPage\":{\"@id\":\"https:\/\/www.fiscalia.gov.co\/colombia\/seguridad-territorial\/privado-de-la-libertad-un-hombre-que-habria-instrumentalizado-a-un-menor-de-edad-para-asaltar-un-supermercado\/\"},\"wordCount\":459,\"publisher\":{\"@id\":\"https:\/\/www.fiscalia.gov.co\/colombia\/#organization\"},\"keywords\":[\"Fiscal General de la Naci\u00f3n\",\"Fiscal\u00eda de Colombia\",\"Fiscal\u00eda General de la Naci\u00f3n\",\"Francisco Barbosa Delgado\",\"internamiento preventivo\",\"Seguridad ciudadana\",\"utilizaci\u00f3n de menores\"],\"articleSection\":[\"Seccional Cali\",\"Seccionales\",\"Seguridad territorial\"],\"inLanguage\":\"es-CO\"},{\"@type\":\"WebPage\",\"@id\":\"https:\/\/www.fiscalia.gov.co\/colombia\/seguridad-territorial\/privado-de-la-libertad-un-hombre-que-habria-instrumentalizado-a-un-menor-de-edad-para-asaltar-un-supermercado\/\",\"url\":\"https:\/\/www.fiscalia.gov.co\/colombia\/seguridad-territorial\/privado-de-la-libertad-un-hombre-que-habria-instrumentalizado-a-un-menor-de-edad-para-asaltar-un-supermercado\/\",\"name\":\"Fiscal\u00eda General de la Naci\u00f3n\",\"isPartOf\":{\"@id\":\"https:\/\/www.fiscalia.gov.co\/colombia\/#website\"},\"datePublished\":\"2021-02-05T15:14:39+00:00\",\"dateModified\":\"2021-02-05T15:14:39+00:00\",\"description\":\"P\u00e1gina oficial de la Fiscal\u00eda General de la Naci\u00f3n \u2013 Colombia. Garantizamos el acceso efectivo a la justicia, la verdad y la reparaci\u00f3n de las v\u00edctimas de los delitos.\",\"breadcrumb\":{\"@id\":\"https:\/\/www.fiscalia.gov.co\/colombia\/seguridad-territorial\/privado-de-la-libertad-un-hombre-que-habria-instrumentalizado-a-un-menor-de-edad-para-asaltar-un-supermercado\/#breadcrumb\"},\"inLanguage\":\"es-CO\",\"potentialAction\":[{\"@type\":\"ReadAction\",\"target\":[\"https:\/\/www.fiscalia.gov.co\/colombia\/seguridad-territorial\/privado-de-la-libertad-un-hombre-que-habria-instrumentalizado-a-un-menor-de-edad-para-asaltar-un-supermercado\/\"]}]},{\"@type\":\"BreadcrumbList\",\"@id\":\"https:\/\/www.fiscalia.gov.co\/colombia\/seguridad-territorial\/privado-de-la-libertad-un-hombre-que-habria-instrumentalizado-a-un-menor-de-edad-para-asaltar-un-supermercado\/#breadcrumb\",\"itemListElement\":[{\"@type\":\"ListItem\",\"position\":1,\"name\":\"Home\",\"item\":\"https:\/\/www.fiscalia.gov.co\/colombia\/\"},{\"@type\":\"ListItem\",\"position\":2,\"name\":\"Privado de la libertad un hombre que habr\u00eda instrumentalizado a un menor de edad para asaltar un supermercado\"}]},{\"@type\":\"WebSite\",\"@id\":\"https:\/\/www.fiscalia.gov.co\/colombia\/#website\",\"url\":\"https:\/\/www.fiscalia.gov.co\/colombia\/\",\"name\":\"Fiscal\u00eda General de la Naci\u00f3n\",\"description\":\"P\u00e1gina oficial de la Fiscal\u00eda General de la Naci\u00f3n \u2013 Colombia. Garantizamos el acceso efectivo a la justicia, la verdad y la reparaci\u00f3n de las v\u00edctimas de los delitos.\",\"publisher\":{\"@id\":\"https:\/\/www.fiscalia.gov.co\/colombia\/#organization\"},\"potentialAction\":[{\"@type\":\"SearchAction\",\"target\":{\"@type\":\"EntryPoint\",\"urlTemplate\":\"https:\/\/www.fiscalia.gov.co\/colombia\/?s={search_term_string}\"},\"query-input\":{\"@type\":\"PropertyValueSpecification\",\"valueRequired\":true,\"valueName\":\"search_term_string\"}}],\"inLanguage\":\"es-CO\"},{\"@type\":\"Organization\",\"@id\":\"https:\/\/www.fiscalia.gov.co\/colombia\/#organization\",\"name\":\"Fiscal\u00eda General de la Naci\u00f3n\",\"url\":\"https:\/\/www.fiscalia.gov.co\/colombia\/\",\"logo\":{\"@type\":\"ImageObject\",\"inLanguage\":\"es-CO\",\"@id\":\"https:\/\/www.fiscalia.gov.co\/colombia\/#\/schema\/logo\/image\/\",\"url\":\"https:\/\/www.fiscalia.gov.co\/colombia\/wp-content\/uploads\/LogoHorizontal_1.jpg\",\"contentUrl\":\"https:\/\/www.fiscalia.gov.co\/colombia\/wp-content\/uploads\/LogoHorizontal_1.jpg\",\"width\":300,\"height\":90,\"caption\":\"Fiscal\u00eda General de la Naci\u00f3n\"},\"image\":{\"@id\":\"https:\/\/www.fiscalia.gov.co\/colombia\/#\/schema\/logo\/image\/\"},\"sameAs\":[\"https:\/\/www.facebook.com\/FiscaliaCol\",\"https:\/\/x.com\/FiscaliaCol\",\"https:\/\/www.instagram.com\/fiscaliacol\",\"https:\/\/www.linkedin.com\/company\/fiscalia-general-de-la-naci-n\/\",\"https:\/\/youtube.com\/@fiscaliageneraldelanacion-4668?si=6nN79nyQICPU5iTh\"]},{\"@type\":\"Person\",\"@id\":\"https:\/\/www.fiscalia.gov.co\/colombia\/#\/schema\/person\/06aa2210fe4d79203f428ff671dee360\",\"name\":\"Ana Mar\u00eda Gomez\",\"image\":{\"@type\":\"ImageObject\",\"inLanguage\":\"es-CO\",\"@id\":\"https:\/\/www.fiscalia.gov.co\/colombia\/#\/schema\/person\/image\/\",\"url\":\"https:\/\/secure.gravatar.com\/avatar\/a38115d98a7f8a96cbb96af2b2c37a0b?s=96&d=mm&r=g\",\"contentUrl\":\"https:\/\/secure.gravatar.com\/avatar\/a38115d98a7f8a96cbb96af2b2c37a0b?s=96&d=mm&r=g\",\"caption\":\"Ana Mar\u00eda Gomez\"},\"url\":\"https:\/\/www.fiscalia.gov.co\/colombia\/author\/agomez\/\"}]}<\/script>\n<!-- \/ Yoast SEO plugin. -->","yoast_head_json":{"title":"Fiscal\u00eda General de la Naci\u00f3n","description":"P\u00e1gina oficial de la Fiscal\u00eda General de la Naci\u00f3n \u2013 Colombia. Garantizamos el acceso efectivo a la justicia, la verdad y la reparaci\u00f3n de las v\u00edctimas de los delitos.","robots":{"index":"noindex","follow":"follow"},"og_locale":"es_ES","og_type":"article","og_title":"Fiscal\u00eda General de la Naci\u00f3n","og_description":"P\u00e1gina oficial de la Fiscal\u00eda General de la Naci\u00f3n \u2013 Colombia. Garantizamos el acceso efectivo a la justicia, la verdad y la reparaci\u00f3n de las v\u00edctimas de los delitos.","og_url":"https:\/\/www.fiscalia.gov.co\/colombia\/seguridad-territorial\/privado-de-la-libertad-un-hombre-que-habria-instrumentalizado-a-un-menor-de-edad-para-asaltar-un-supermercado\/","og_site_name":"Fiscal\u00eda General de la Naci\u00f3n","article_publisher":"https:\/\/www.facebook.com\/FiscaliaCol","article_published_time":"2021-02-05T15:14:39+00:00","author":"Ana Mar\u00eda Gomez","twitter_card":"summary_large_image","twitter_creator":"@FiscaliaCol","twitter_site":"@FiscaliaCol","twitter_misc":{"Escrito por":"Ana Mar\u00eda Gomez","Tiempo de lectura":"2 minutos"},"schema":{"@context":"https:\/\/schema.org","@graph":[{"@type":"Article","@id":"https:\/\/www.fiscalia.gov.co\/colombia\/seguridad-territorial\/privado-de-la-libertad-un-hombre-que-habria-instrumentalizado-a-un-menor-de-edad-para-asaltar-un-supermercado\/#article","isPartOf":{"@id":"https:\/\/www.fiscalia.gov.co\/colombia\/seguridad-territorial\/privado-de-la-libertad-un-hombre-que-habria-instrumentalizado-a-un-menor-de-edad-para-asaltar-un-supermercado\/"},"author":{"name":"Ana Mar\u00eda Gomez","@id":"https:\/\/www.fiscalia.gov.co\/colombia\/#\/schema\/person\/06aa2210fe4d79203f428ff671dee360"},"headline":"Privado de la libertad un hombre que habr\u00eda instrumentalizado a un menor de edad para asaltar un supermercado","datePublished":"2021-02-05T15:14:39+00:00","dateModified":"2021-02-05T15:14:39+00:00","mainEntityOfPage":{"@id":"https:\/\/www.fiscalia.gov.co\/colombia\/seguridad-territorial\/privado-de-la-libertad-un-hombre-que-habria-instrumentalizado-a-un-menor-de-edad-para-asaltar-un-supermercado\/"},"wordCount":459,"publisher":{"@id":"https:\/\/www.fiscalia.gov.co\/colombia\/#organization"},"keywords":["Fiscal General de la Naci\u00f3n","Fiscal\u00eda de Colombia","Fiscal\u00eda General de la Naci\u00f3n","Francisco Barbosa Delgado","internamiento preventivo","Seguridad ciudadana","utilizaci\u00f3n de menores"],"articleSection":["Seccional Cali","Seccionales","Seguridad territorial"],"inLanguage":"es-CO"},{"@type":"WebPage","@id":"https:\/\/www.fiscalia.gov.co\/colombia\/seguridad-territorial\/privado-de-la-libertad-un-hombre-que-habria-instrumentalizado-a-un-menor-de-edad-para-asaltar-un-supermercado\/","url":"https:\/\/www.fiscalia.gov.co\/colombia\/seguridad-territorial\/privado-de-la-libertad-un-hombre-que-habria-instrumentalizado-a-un-menor-de-edad-para-asaltar-un-supermercado\/","name":"Fiscal\u00eda General de la Naci\u00f3n","isPartOf":{"@id":"https:\/\/www.fiscalia.gov.co\/colombia\/#website"},"datePublished":"2021-02-05T15:14:39+00:00","dateModified":"2021-02-05T15:14:39+00:00","description":"P\u00e1gina oficial de la Fiscal\u00eda General de la Naci\u00f3n \u2013 Colombia. Garantizamos el acceso efectivo a la justicia, la verdad y la reparaci\u00f3n de las v\u00edctimas de los delitos.","breadcrumb":{"@id":"https:\/\/www.fiscalia.gov.co\/colombia\/seguridad-territorial\/privado-de-la-libertad-un-hombre-que-habria-instrumentalizado-a-un-menor-de-edad-para-asaltar-un-supermercado\/#breadcrumb"},"inLanguage":"es-CO","potentialAction":[{"@type":"ReadAction","target":["https:\/\/www.fiscalia.gov.co\/colombia\/seguridad-territorial\/privado-de-la-libertad-un-hombre-que-habria-instrumentalizado-a-un-menor-de-edad-para-asaltar-un-supermercado\/"]}]},{"@type":"BreadcrumbList","@id":"https:\/\/www.fiscalia.gov.co\/colombia\/seguridad-territorial\/privado-de-la-libertad-un-hombre-que-habria-instrumentalizado-a-un-menor-de-edad-para-asaltar-un-supermercado\/#breadcrumb","itemListElement":[{"@type":"ListItem","position":1,"name":"Home","item":"https:\/\/www.fiscalia.gov.co\/colombia\/"},{"@type":"ListItem","position":2,"name":"Privado de la libertad un hombre que habr\u00eda instrumentalizado a un menor de edad para asaltar un supermercado"}]},{"@type":"WebSite","@id":"https:\/\/www.fiscalia.gov.co\/colombia\/#website","url":"https:\/\/www.fiscalia.gov.co\/colombia\/","name":"Fiscal\u00eda General de la Naci\u00f3n","description":"P\u00e1gina oficial de la Fiscal\u00eda General de la Naci\u00f3n \u2013 Colombia. Garantizamos el acceso efectivo a la justicia, la verdad y la reparaci\u00f3n de las v\u00edctimas de los delitos.","publisher":{"@id":"https:\/\/www.fiscalia.gov.co\/colombia\/#organization"},"potentialAction":[{"@type":"SearchAction","target":{"@type":"EntryPoint","urlTemplate":"https:\/\/www.fiscalia.gov.co\/colombia\/?s={search_term_string}"},"query-input":{"@type":"PropertyValueSpecification","valueRequired":true,"valueName":"search_term_string"}}],"inLanguage":"es-CO"},{"@type":"Organization","@id":"https:\/\/www.fiscalia.gov.co\/colombia\/#organization","name":"Fiscal\u00eda General de la Naci\u00f3n","url":"https:\/\/www.fiscalia.gov.co\/colombia\/","logo":{"@type":"ImageObject","inLanguage":"es-CO","@id":"https:\/\/www.fiscalia.gov.co\/colombia\/#\/schema\/logo\/image\/","url":"https:\/\/www.fiscalia.gov.co\/colombia\/wp-content\/uploads\/LogoHorizontal_1.jpg","contentUrl":"https:\/\/www.fiscalia.gov.co\/colombia\/wp-content\/uploads\/LogoHorizontal_1.jpg","width":300,"height":90,"caption":"Fiscal\u00eda General de la Naci\u00f3n"},"image":{"@id":"https:\/\/www.fiscalia.gov.co\/colombia\/#\/schema\/logo\/image\/"},"sameAs":["https:\/\/www.facebook.com\/FiscaliaCol","https:\/\/x.com\/FiscaliaCol","https:\/\/www.instagram.com\/fiscaliacol","https:\/\/www.linkedin.com\/company\/fiscalia-general-de-la-naci-n\/","https:\/\/youtube.com\/@fiscaliageneraldelanacion-4668?si=6nN79nyQICPU5iTh"]},{"@type":"Person","@id":"https:\/\/www.fiscalia.gov.co\/colombia\/#\/schema\/person\/06aa2210fe4d79203f428ff671dee360","name":"Ana Mar\u00eda Gomez","image":{"@type":"ImageObject","inLanguage":"es-CO","@id":"https:\/\/www.fiscalia.gov.co\/colombia\/#\/schema\/person\/image\/","url":"https:\/\/secure.gravatar.com\/avatar\/a38115d98a7f8a96cbb96af2b2c37a0b?s=96&d=mm&r=g","contentUrl":"https:\/\/secure.gravatar.com\/avatar\/a38115d98a7f8a96cbb96af2b2c37a0b?s=96&d=mm&r=g","caption":"Ana Mar\u00eda Gomez"},"url":"https:\/\/www.fiscalia.gov.co\/colombia\/author\/agomez\/"}]}},"_links":{"self":[{"href":"https:\/\/www.fiscalia.gov.co\/colombia\/wp-json\/wp\/v2\/posts\/212504","targetHints":{"allow":["GET"]}}],"collection":[{"href":"https:\/\/www.fiscalia.gov.co\/colombia\/wp-json\/wp\/v2\/posts"}],"about":[{"href":"https:\/\/www.fiscalia.gov.co\/colombia\/wp-json\/wp\/v2\/types\/post"}],"author":[{"embeddable":true,"href":"https:\/\/www.fiscalia.gov.co\/colombia\/wp-json\/wp\/v2\/users\/171"}],"replies":[{"embeddable":true,"href":"https:\/\/www.fiscalia.gov.co\/colombia\/wp-json\/wp\/v2\/comments?post=212504"}],"version-history":[{"count":1,"href":"https:\/\/www.fiscalia.gov.co\/colombia\/wp-json\/wp\/v2\/posts\/212504\/revisions"}],"predecessor-version":[{"id":212506,"href":"https:\/\/www.fiscalia.gov.co\/colombia\/wp-json\/wp\/v2\/posts\/212504\/revisions\/212506"}],"wp:attachment":[{"href":"https:\/\/www.fiscalia.gov.co\/colombia\/wp-json\/wp\/v2\/media?parent=212504"}],"wp:term":[{"taxonomy":"category","embeddable":true,"href":"https:\/\/www.fiscalia.gov.co\/colombia\/wp-json\/wp\/v2\/categories?post=212504"},{"taxonomy":"post_tag","embeddable":true,"href":"https:\/\/www.fiscalia.gov.co\/colombia\/wp-json\/wp\/v2\/tags?post=212504"}],"curies":[{"name":"wp","href":"https:\/\/api.w.org\/{rel}","templated":true}]}}