{"id":212466,"date":"2021-02-05T07:48:51","date_gmt":"2021-02-05T12:48:51","guid":{"rendered":"https:\/\/www.fiscalia.gov.co\/colombia\/?p=212466"},"modified":"2021-02-05T07:48:51","modified_gmt":"2021-02-05T12:48:51","slug":"fiscalia-impone-medida-de-aseguramiento-y-ordena-captura-de-excabecilla-del-desmovilizado-ejercito-revolucionario-guevarista-por-reclutamiento-de-menores-y-aborto-forzado","status":"publish","type":"post","link":"https:\/\/www.fiscalia.gov.co\/colombia\/derechos-humanos\/fiscalia-impone-medida-de-aseguramiento-y-ordena-captura-de-excabecilla-del-desmovilizado-ejercito-revolucionario-guevarista-por-reclutamiento-de-menores-y-aborto-forzado\/","title":{"rendered":"Fiscal\u00eda impone medida de aseguramiento y ordena captura de excabecilla del desmovilizado Ej\u00e9rcito Revolucionario Guevarista por reclutamiento de menores y aborto forzado"},"content":{"rendered":"<h4><strong><em>El material de prueba da cuenta de que alias Crist\u00f3bal o El Cucho habr\u00eda aprobado y compartido la pr\u00e1ctica de actos atroces contra mujeres, la mayor\u00eda menores de edad.<\/em><\/strong><\/h4>\n<p>Luego de valorar los elementos de prueba obtenidos y los testimonios rendidos por exintegrantes del Ej\u00e9rcito Revolucionario Guevarista (ERG), la Fiscal\u00eda General de la Naci\u00f3n impuso medida de aseguramiento y orden\u00f3 la captura de Olimpo de Jes\u00fas S\u00e1nchez Caro, alias Crist\u00f3bal o El Cucho, exjefe de esta desmovilizada estructura armada.<\/p>\n<p>Los hechos investigados ocurrieron entre 1997 y 2007, en Risaralda, Caldas, Antioquia, Choc\u00f3 y Valle del Cauca. El procesado, en su condici\u00f3n de cabecilla, habr\u00eda auspiciado hechos atroces y de la lesa humanidad contra ni\u00f1as, adolescentes y mujeres porque hac\u00edan parte de los par\u00e1metros establecidos por el entonces ERG.<\/p>\n<p>Al parecer, j\u00f3venes fueron reclutadas con enga\u00f1os o en contra de su voluntad. Asimismo, est\u00e1 documentado que se habr\u00edan interrumpido embarazos en medio de amenazas contra las v\u00edctimas, tratos degradantes, sin analg\u00e9sicos ni condiciones m\u00ednimas de salubridad, en el entendido de que eran procedimientos realizados en la selva. Muchas de estas intervenciones forzadas, supuestamente, se realizaron entre 2 y 4 veces a una misma persona.<\/p>\n<p>En ese sentido, una fiscal de la Direcci\u00f3n Especializada contra las Violaciones a los Derechos Humanos resolvi\u00f3 la situaci\u00f3n jur\u00eddica de alias Crist\u00f3bal o El Cucho como presunto coautor de los delitos de:<\/p>\n<ul>\n<li>Reclutamiento il\u00edcito de menores (40 v\u00edctimas).<\/li>\n<li>Aborto forzado en persona protegida (34 v\u00edctimas).<\/li>\n<li>Homicidio en persona protegida (1 v\u00edctima que muri\u00f3 producto de un aborto).<\/li>\n<li>Tentativa de homicidio en persona protegida.<\/li>\n<li>Tortura en persona protegida<\/li>\n<li>Acceso carnal violento en persona protegida<\/li>\n<li><\/li>\n<li>Concierto para delinquir agravado.<\/li>\n<\/ul>\n<p>En la decisi\u00f3n, tomada en el marco de la Ley 600 de 2000 (anterior Sistema Penal), se informa a la Direcci\u00f3n de Justicia Transicional para que verifique si algunos de los hechos identificados en este proceso fueron reconocidos por Olimpo de Jes\u00fas S\u00e1nchez Caro cuando se postu\u00f3 a la Ley de Justicia y Paz, en 2008.<\/p>\n<p>La Fiscal\u00eda General de la Naci\u00f3n hace p\u00fablica esta informaci\u00f3n por razones de inter\u00e9s general.<\/p>\n<p>JARG\/DJR\/MCRC.<\/p>\n<p><em>La informaci\u00f3n contenida en este bolet\u00edn de prensa corresponde a la narraci\u00f3n de los hechos noticiosos objetivos, suministrados por los funcionarios encargados de adelantar las investigaciones penales al interior de la Fiscal\u00eda General de la Naci\u00f3n. Para el momento de la divulgaci\u00f3n de este comunicado, la situaci\u00f3n jur\u00eddica de la(s) persona(s) relacionada(s) se encuentra pendiente de resolver por la autoridad judicial competente, siempre bajo los preceptos de la presunci\u00f3n de inocencia, consagrados en el art\u00edculo 29 de la Constituci\u00f3n Pol\u00edtica y el art\u00edculo 7\u00ba de la Ley 906 de 2004<\/em>.<\/p>\n<p>&nbsp;<\/p>\n\n<div class=\"twitter-share\"><a href=\"https:\/\/twitter.com\/intent\/tweet?via=fiscaliacol\" class=\"twitter-share-button\">Tweet<\/a><\/div>\n","protected":false},"excerpt":{"rendered":"<p>El material de prueba da cuenta de que alias Crist\u00f3bal o El Cucho habr\u00eda aprobado y compartido la pr\u00e1ctica de actos atroces contra mujeres, la mayor\u00eda menores de edad. Luego de valorar los elementos de prueba obtenidos y los testimonios rendidos por exintegrantes del Ej\u00e9rcito Revolucionario Guevarista (ERG), la Fiscal\u00eda General de la Naci\u00f3n impuso [&hellip;]<\/p>\n","protected":false},"author":171,"featured_media":0,"comment_status":"closed","ping_status":"open","sticky":false,"template":"","format":"standard","meta":{"_price":"","_stock":"","_tribe_ticket_header":"","_tribe_default_ticket_provider":"","_tribe_ticket_capacity":"0","_ticket_start_date":"","_ticket_end_date":"","_tribe_ticket_show_description":"","_tribe_ticket_show_not_going":false,"_tribe_ticket_use_global_stock":"","_tribe_ticket_global_stock_level":"","_global_stock_mode":"","_global_stock_cap":"","_tribe_rsvp_for_event":"","_tribe_ticket_going_count":"","_tribe_ticket_not_going_count":"","_tribe_tickets_list":"[]","_tribe_ticket_has_attendee_info_fields":false,"tdm_status":"","tdm_grid_status":"","footnotes":""},"categories":[24102],"tags":[924,5627,685,24185,4614,1185],"class_list":{"0":"post-212466","1":"post","2":"type-post","3":"status-publish","4":"format-standard","6":"category-derechos-humanos","7":"tag-captura","8":"tag-ejercito-revolucionario-guevarista-erg","9":"tag-excabecilla","10":"tag-fiscal-barbosa","11":"tag-fiscalia-2","12":"tag-medida-de-aseguramiento"},"yoast_head":"<!-- This site is optimized with the Yoast SEO plugin v24.3 - https:\/\/yoast.com\/wordpress\/plugins\/seo\/ -->\n<title>Fiscal\u00eda General de la Naci\u00f3n<\/title>\n<meta name=\"description\" content=\"P\u00e1gina oficial de la Fiscal\u00eda General de la Naci\u00f3n \u2013 Colombia. Garantizamos el acceso efectivo a la justicia, la verdad y la reparaci\u00f3n de las v\u00edctimas de los delitos.\" \/>\n<meta name=\"robots\" content=\"noindex, follow\" \/>\n<meta property=\"og:locale\" content=\"es_ES\" \/>\n<meta property=\"og:type\" content=\"article\" \/>\n<meta property=\"og:title\" content=\"Fiscal\u00eda General de la Naci\u00f3n\" \/>\n<meta property=\"og:description\" content=\"P\u00e1gina oficial de la Fiscal\u00eda General de la Naci\u00f3n \u2013 Colombia. Garantizamos el acceso efectivo a la justicia, la verdad y la reparaci\u00f3n de las v\u00edctimas de los delitos.\" \/>\n<meta property=\"og:url\" content=\"https:\/\/www.fiscalia.gov.co\/colombia\/derechos-humanos\/fiscalia-impone-medida-de-aseguramiento-y-ordena-captura-de-excabecilla-del-desmovilizado-ejercito-revolucionario-guevarista-por-reclutamiento-de-menores-y-aborto-forzado\/\" \/>\n<meta property=\"og:site_name\" content=\"Fiscal\u00eda General de la Naci\u00f3n\" \/>\n<meta property=\"article:publisher\" content=\"https:\/\/www.facebook.com\/FiscaliaCol\" \/>\n<meta property=\"article:published_time\" content=\"2021-02-05T12:48:51+00:00\" \/>\n<meta name=\"author\" content=\"Ana Mar\u00eda Gomez\" \/>\n<meta name=\"twitter:card\" content=\"summary_large_image\" \/>\n<meta name=\"twitter:creator\" content=\"@FiscaliaCol\" \/>\n<meta name=\"twitter:site\" content=\"@FiscaliaCol\" \/>\n<meta name=\"twitter:label1\" content=\"Escrito por\" \/>\n\t<meta name=\"twitter:data1\" content=\"Ana Mar\u00eda Gomez\" \/>\n\t<meta name=\"twitter:label2\" content=\"Tiempo de lectura\" \/>\n\t<meta name=\"twitter:data2\" content=\"2 minutos\" \/>\n<script type=\"application\/ld+json\" class=\"yoast-schema-graph\">{\"@context\":\"https:\/\/schema.org\",\"@graph\":[{\"@type\":\"Article\",\"@id\":\"https:\/\/www.fiscalia.gov.co\/colombia\/derechos-humanos\/fiscalia-impone-medida-de-aseguramiento-y-ordena-captura-de-excabecilla-del-desmovilizado-ejercito-revolucionario-guevarista-por-reclutamiento-de-menores-y-aborto-forzado\/#article\",\"isPartOf\":{\"@id\":\"https:\/\/www.fiscalia.gov.co\/colombia\/derechos-humanos\/fiscalia-impone-medida-de-aseguramiento-y-ordena-captura-de-excabecilla-del-desmovilizado-ejercito-revolucionario-guevarista-por-reclutamiento-de-menores-y-aborto-forzado\/\"},\"author\":{\"name\":\"Ana Mar\u00eda Gomez\",\"@id\":\"https:\/\/www.fiscalia.gov.co\/colombia\/#\/schema\/person\/06aa2210fe4d79203f428ff671dee360\"},\"headline\":\"Fiscal\u00eda impone medida de aseguramiento y ordena captura de excabecilla del desmovilizado Ej\u00e9rcito Revolucionario Guevarista por reclutamiento de menores y aborto forzado\",\"datePublished\":\"2021-02-05T12:48:51+00:00\",\"dateModified\":\"2021-02-05T12:48:51+00:00\",\"mainEntityOfPage\":{\"@id\":\"https:\/\/www.fiscalia.gov.co\/colombia\/derechos-humanos\/fiscalia-impone-medida-de-aseguramiento-y-ordena-captura-de-excabecilla-del-desmovilizado-ejercito-revolucionario-guevarista-por-reclutamiento-de-menores-y-aborto-forzado\/\"},\"wordCount\":500,\"publisher\":{\"@id\":\"https:\/\/www.fiscalia.gov.co\/colombia\/#organization\"},\"keywords\":[\"Captura\",\"Ej\u00e9rcito Revolucionario Guevarista (ERG)\",\"Excabecilla\",\"Fiscal Barbosa\",\"Fiscal\u00eda\",\"Medida de aseguramiento\"],\"articleSection\":[\"Derechos Humanos\"],\"inLanguage\":\"es-CO\"},{\"@type\":\"WebPage\",\"@id\":\"https:\/\/www.fiscalia.gov.co\/colombia\/derechos-humanos\/fiscalia-impone-medida-de-aseguramiento-y-ordena-captura-de-excabecilla-del-desmovilizado-ejercito-revolucionario-guevarista-por-reclutamiento-de-menores-y-aborto-forzado\/\",\"url\":\"https:\/\/www.fiscalia.gov.co\/colombia\/derechos-humanos\/fiscalia-impone-medida-de-aseguramiento-y-ordena-captura-de-excabecilla-del-desmovilizado-ejercito-revolucionario-guevarista-por-reclutamiento-de-menores-y-aborto-forzado\/\",\"name\":\"Fiscal\u00eda General de la Naci\u00f3n\",\"isPartOf\":{\"@id\":\"https:\/\/www.fiscalia.gov.co\/colombia\/#website\"},\"datePublished\":\"2021-02-05T12:48:51+00:00\",\"dateModified\":\"2021-02-05T12:48:51+00:00\",\"description\":\"P\u00e1gina oficial de la Fiscal\u00eda General de la Naci\u00f3n \u2013 Colombia. Garantizamos el acceso efectivo a la justicia, la verdad y la reparaci\u00f3n de las v\u00edctimas de los delitos.\",\"breadcrumb\":{\"@id\":\"https:\/\/www.fiscalia.gov.co\/colombia\/derechos-humanos\/fiscalia-impone-medida-de-aseguramiento-y-ordena-captura-de-excabecilla-del-desmovilizado-ejercito-revolucionario-guevarista-por-reclutamiento-de-menores-y-aborto-forzado\/#breadcrumb\"},\"inLanguage\":\"es-CO\",\"potentialAction\":[{\"@type\":\"ReadAction\",\"target\":[\"https:\/\/www.fiscalia.gov.co\/colombia\/derechos-humanos\/fiscalia-impone-medida-de-aseguramiento-y-ordena-captura-de-excabecilla-del-desmovilizado-ejercito-revolucionario-guevarista-por-reclutamiento-de-menores-y-aborto-forzado\/\"]}]},{\"@type\":\"BreadcrumbList\",\"@id\":\"https:\/\/www.fiscalia.gov.co\/colombia\/derechos-humanos\/fiscalia-impone-medida-de-aseguramiento-y-ordena-captura-de-excabecilla-del-desmovilizado-ejercito-revolucionario-guevarista-por-reclutamiento-de-menores-y-aborto-forzado\/#breadcrumb\",\"itemListElement\":[{\"@type\":\"ListItem\",\"position\":1,\"name\":\"Home\",\"item\":\"https:\/\/www.fiscalia.gov.co\/colombia\/\"},{\"@type\":\"ListItem\",\"position\":2,\"name\":\"Fiscal\u00eda impone medida de aseguramiento y ordena captura de excabecilla del desmovilizado Ej\u00e9rcito Revolucionario Guevarista por reclutamiento de menores y aborto forzado\"}]},{\"@type\":\"WebSite\",\"@id\":\"https:\/\/www.fiscalia.gov.co\/colombia\/#website\",\"url\":\"https:\/\/www.fiscalia.gov.co\/colombia\/\",\"name\":\"Fiscal\u00eda General de la Naci\u00f3n\",\"description\":\"P\u00e1gina oficial de la Fiscal\u00eda General de la Naci\u00f3n \u2013 Colombia. Garantizamos el acceso efectivo a la justicia, la verdad y la reparaci\u00f3n de las v\u00edctimas de los delitos.\",\"publisher\":{\"@id\":\"https:\/\/www.fiscalia.gov.co\/colombia\/#organization\"},\"potentialAction\":[{\"@type\":\"SearchAction\",\"target\":{\"@type\":\"EntryPoint\",\"urlTemplate\":\"https:\/\/www.fiscalia.gov.co\/colombia\/?s={search_term_string}\"},\"query-input\":{\"@type\":\"PropertyValueSpecification\",\"valueRequired\":true,\"valueName\":\"search_term_string\"}}],\"inLanguage\":\"es-CO\"},{\"@type\":\"Organization\",\"@id\":\"https:\/\/www.fiscalia.gov.co\/colombia\/#organization\",\"name\":\"Fiscal\u00eda General de la Naci\u00f3n\",\"url\":\"https:\/\/www.fiscalia.gov.co\/colombia\/\",\"logo\":{\"@type\":\"ImageObject\",\"inLanguage\":\"es-CO\",\"@id\":\"https:\/\/www.fiscalia.gov.co\/colombia\/#\/schema\/logo\/image\/\",\"url\":\"https:\/\/www.fiscalia.gov.co\/colombia\/wp-content\/uploads\/LogoHorizontal_1.jpg\",\"contentUrl\":\"https:\/\/www.fiscalia.gov.co\/colombia\/wp-content\/uploads\/LogoHorizontal_1.jpg\",\"width\":300,\"height\":90,\"caption\":\"Fiscal\u00eda General de la Naci\u00f3n\"},\"image\":{\"@id\":\"https:\/\/www.fiscalia.gov.co\/colombia\/#\/schema\/logo\/image\/\"},\"sameAs\":[\"https:\/\/www.facebook.com\/FiscaliaCol\",\"https:\/\/x.com\/FiscaliaCol\",\"https:\/\/www.instagram.com\/fiscaliacol\",\"https:\/\/www.linkedin.com\/company\/fiscalia-general-de-la-naci-n\/\",\"https:\/\/youtube.com\/@fiscaliageneraldelanacion-4668?si=6nN79nyQICPU5iTh\"]},{\"@type\":\"Person\",\"@id\":\"https:\/\/www.fiscalia.gov.co\/colombia\/#\/schema\/person\/06aa2210fe4d79203f428ff671dee360\",\"name\":\"Ana Mar\u00eda Gomez\",\"image\":{\"@type\":\"ImageObject\",\"inLanguage\":\"es-CO\",\"@id\":\"https:\/\/www.fiscalia.gov.co\/colombia\/#\/schema\/person\/image\/\",\"url\":\"https:\/\/secure.gravatar.com\/avatar\/a38115d98a7f8a96cbb96af2b2c37a0b?s=96&d=mm&r=g\",\"contentUrl\":\"https:\/\/secure.gravatar.com\/avatar\/a38115d98a7f8a96cbb96af2b2c37a0b?s=96&d=mm&r=g\",\"caption\":\"Ana Mar\u00eda Gomez\"},\"url\":\"https:\/\/www.fiscalia.gov.co\/colombia\/author\/agomez\/\"}]}<\/script>\n<!-- \/ Yoast SEO plugin. -->","yoast_head_json":{"title":"Fiscal\u00eda General de la Naci\u00f3n","description":"P\u00e1gina oficial de la Fiscal\u00eda General de la Naci\u00f3n \u2013 Colombia. Garantizamos el acceso efectivo a la justicia, la verdad y la reparaci\u00f3n de las v\u00edctimas de los delitos.","robots":{"index":"noindex","follow":"follow"},"og_locale":"es_ES","og_type":"article","og_title":"Fiscal\u00eda General de la Naci\u00f3n","og_description":"P\u00e1gina oficial de la Fiscal\u00eda General de la Naci\u00f3n \u2013 Colombia. Garantizamos el acceso efectivo a la justicia, la verdad y la reparaci\u00f3n de las v\u00edctimas de los delitos.","og_url":"https:\/\/www.fiscalia.gov.co\/colombia\/derechos-humanos\/fiscalia-impone-medida-de-aseguramiento-y-ordena-captura-de-excabecilla-del-desmovilizado-ejercito-revolucionario-guevarista-por-reclutamiento-de-menores-y-aborto-forzado\/","og_site_name":"Fiscal\u00eda General de la Naci\u00f3n","article_publisher":"https:\/\/www.facebook.com\/FiscaliaCol","article_published_time":"2021-02-05T12:48:51+00:00","author":"Ana Mar\u00eda Gomez","twitter_card":"summary_large_image","twitter_creator":"@FiscaliaCol","twitter_site":"@FiscaliaCol","twitter_misc":{"Escrito por":"Ana Mar\u00eda Gomez","Tiempo de lectura":"2 minutos"},"schema":{"@context":"https:\/\/schema.org","@graph":[{"@type":"Article","@id":"https:\/\/www.fiscalia.gov.co\/colombia\/derechos-humanos\/fiscalia-impone-medida-de-aseguramiento-y-ordena-captura-de-excabecilla-del-desmovilizado-ejercito-revolucionario-guevarista-por-reclutamiento-de-menores-y-aborto-forzado\/#article","isPartOf":{"@id":"https:\/\/www.fiscalia.gov.co\/colombia\/derechos-humanos\/fiscalia-impone-medida-de-aseguramiento-y-ordena-captura-de-excabecilla-del-desmovilizado-ejercito-revolucionario-guevarista-por-reclutamiento-de-menores-y-aborto-forzado\/"},"author":{"name":"Ana Mar\u00eda Gomez","@id":"https:\/\/www.fiscalia.gov.co\/colombia\/#\/schema\/person\/06aa2210fe4d79203f428ff671dee360"},"headline":"Fiscal\u00eda impone medida de aseguramiento y ordena captura de excabecilla del desmovilizado Ej\u00e9rcito Revolucionario Guevarista por reclutamiento de menores y aborto forzado","datePublished":"2021-02-05T12:48:51+00:00","dateModified":"2021-02-05T12:48:51+00:00","mainEntityOfPage":{"@id":"https:\/\/www.fiscalia.gov.co\/colombia\/derechos-humanos\/fiscalia-impone-medida-de-aseguramiento-y-ordena-captura-de-excabecilla-del-desmovilizado-ejercito-revolucionario-guevarista-por-reclutamiento-de-menores-y-aborto-forzado\/"},"wordCount":500,"publisher":{"@id":"https:\/\/www.fiscalia.gov.co\/colombia\/#organization"},"keywords":["Captura","Ej\u00e9rcito Revolucionario Guevarista (ERG)","Excabecilla","Fiscal Barbosa","Fiscal\u00eda","Medida de aseguramiento"],"articleSection":["Derechos Humanos"],"inLanguage":"es-CO"},{"@type":"WebPage","@id":"https:\/\/www.fiscalia.gov.co\/colombia\/derechos-humanos\/fiscalia-impone-medida-de-aseguramiento-y-ordena-captura-de-excabecilla-del-desmovilizado-ejercito-revolucionario-guevarista-por-reclutamiento-de-menores-y-aborto-forzado\/","url":"https:\/\/www.fiscalia.gov.co\/colombia\/derechos-humanos\/fiscalia-impone-medida-de-aseguramiento-y-ordena-captura-de-excabecilla-del-desmovilizado-ejercito-revolucionario-guevarista-por-reclutamiento-de-menores-y-aborto-forzado\/","name":"Fiscal\u00eda General de la Naci\u00f3n","isPartOf":{"@id":"https:\/\/www.fiscalia.gov.co\/colombia\/#website"},"datePublished":"2021-02-05T12:48:51+00:00","dateModified":"2021-02-05T12:48:51+00:00","description":"P\u00e1gina oficial de la Fiscal\u00eda General de la Naci\u00f3n \u2013 Colombia. Garantizamos el acceso efectivo a la justicia, la verdad y la reparaci\u00f3n de las v\u00edctimas de los delitos.","breadcrumb":{"@id":"https:\/\/www.fiscalia.gov.co\/colombia\/derechos-humanos\/fiscalia-impone-medida-de-aseguramiento-y-ordena-captura-de-excabecilla-del-desmovilizado-ejercito-revolucionario-guevarista-por-reclutamiento-de-menores-y-aborto-forzado\/#breadcrumb"},"inLanguage":"es-CO","potentialAction":[{"@type":"ReadAction","target":["https:\/\/www.fiscalia.gov.co\/colombia\/derechos-humanos\/fiscalia-impone-medida-de-aseguramiento-y-ordena-captura-de-excabecilla-del-desmovilizado-ejercito-revolucionario-guevarista-por-reclutamiento-de-menores-y-aborto-forzado\/"]}]},{"@type":"BreadcrumbList","@id":"https:\/\/www.fiscalia.gov.co\/colombia\/derechos-humanos\/fiscalia-impone-medida-de-aseguramiento-y-ordena-captura-de-excabecilla-del-desmovilizado-ejercito-revolucionario-guevarista-por-reclutamiento-de-menores-y-aborto-forzado\/#breadcrumb","itemListElement":[{"@type":"ListItem","position":1,"name":"Home","item":"https:\/\/www.fiscalia.gov.co\/colombia\/"},{"@type":"ListItem","position":2,"name":"Fiscal\u00eda impone medida de aseguramiento y ordena captura de excabecilla del desmovilizado Ej\u00e9rcito Revolucionario Guevarista por reclutamiento de menores y aborto forzado"}]},{"@type":"WebSite","@id":"https:\/\/www.fiscalia.gov.co\/colombia\/#website","url":"https:\/\/www.fiscalia.gov.co\/colombia\/","name":"Fiscal\u00eda General de la Naci\u00f3n","description":"P\u00e1gina oficial de la Fiscal\u00eda General de la Naci\u00f3n \u2013 Colombia. Garantizamos el acceso efectivo a la justicia, la verdad y la reparaci\u00f3n de las v\u00edctimas de los delitos.","publisher":{"@id":"https:\/\/www.fiscalia.gov.co\/colombia\/#organization"},"potentialAction":[{"@type":"SearchAction","target":{"@type":"EntryPoint","urlTemplate":"https:\/\/www.fiscalia.gov.co\/colombia\/?s={search_term_string}"},"query-input":{"@type":"PropertyValueSpecification","valueRequired":true,"valueName":"search_term_string"}}],"inLanguage":"es-CO"},{"@type":"Organization","@id":"https:\/\/www.fiscalia.gov.co\/colombia\/#organization","name":"Fiscal\u00eda General de la Naci\u00f3n","url":"https:\/\/www.fiscalia.gov.co\/colombia\/","logo":{"@type":"ImageObject","inLanguage":"es-CO","@id":"https:\/\/www.fiscalia.gov.co\/colombia\/#\/schema\/logo\/image\/","url":"https:\/\/www.fiscalia.gov.co\/colombia\/wp-content\/uploads\/LogoHorizontal_1.jpg","contentUrl":"https:\/\/www.fiscalia.gov.co\/colombia\/wp-content\/uploads\/LogoHorizontal_1.jpg","width":300,"height":90,"caption":"Fiscal\u00eda General de la Naci\u00f3n"},"image":{"@id":"https:\/\/www.fiscalia.gov.co\/colombia\/#\/schema\/logo\/image\/"},"sameAs":["https:\/\/www.facebook.com\/FiscaliaCol","https:\/\/x.com\/FiscaliaCol","https:\/\/www.instagram.com\/fiscaliacol","https:\/\/www.linkedin.com\/company\/fiscalia-general-de-la-naci-n\/","https:\/\/youtube.com\/@fiscaliageneraldelanacion-4668?si=6nN79nyQICPU5iTh"]},{"@type":"Person","@id":"https:\/\/www.fiscalia.gov.co\/colombia\/#\/schema\/person\/06aa2210fe4d79203f428ff671dee360","name":"Ana Mar\u00eda Gomez","image":{"@type":"ImageObject","inLanguage":"es-CO","@id":"https:\/\/www.fiscalia.gov.co\/colombia\/#\/schema\/person\/image\/","url":"https:\/\/secure.gravatar.com\/avatar\/a38115d98a7f8a96cbb96af2b2c37a0b?s=96&d=mm&r=g","contentUrl":"https:\/\/secure.gravatar.com\/avatar\/a38115d98a7f8a96cbb96af2b2c37a0b?s=96&d=mm&r=g","caption":"Ana Mar\u00eda Gomez"},"url":"https:\/\/www.fiscalia.gov.co\/colombia\/author\/agomez\/"}]}},"_links":{"self":[{"href":"https:\/\/www.fiscalia.gov.co\/colombia\/wp-json\/wp\/v2\/posts\/212466","targetHints":{"allow":["GET"]}}],"collection":[{"href":"https:\/\/www.fiscalia.gov.co\/colombia\/wp-json\/wp\/v2\/posts"}],"about":[{"href":"https:\/\/www.fiscalia.gov.co\/colombia\/wp-json\/wp\/v2\/types\/post"}],"author":[{"embeddable":true,"href":"https:\/\/www.fiscalia.gov.co\/colombia\/wp-json\/wp\/v2\/users\/171"}],"replies":[{"embeddable":true,"href":"https:\/\/www.fiscalia.gov.co\/colombia\/wp-json\/wp\/v2\/comments?post=212466"}],"version-history":[{"count":1,"href":"https:\/\/www.fiscalia.gov.co\/colombia\/wp-json\/wp\/v2\/posts\/212466\/revisions"}],"predecessor-version":[{"id":212467,"href":"https:\/\/www.fiscalia.gov.co\/colombia\/wp-json\/wp\/v2\/posts\/212466\/revisions\/212467"}],"wp:attachment":[{"href":"https:\/\/www.fiscalia.gov.co\/colombia\/wp-json\/wp\/v2\/media?parent=212466"}],"wp:term":[{"taxonomy":"category","embeddable":true,"href":"https:\/\/www.fiscalia.gov.co\/colombia\/wp-json\/wp\/v2\/categories?post=212466"},{"taxonomy":"post_tag","embeddable":true,"href":"https:\/\/www.fiscalia.gov.co\/colombia\/wp-json\/wp\/v2\/tags?post=212466"}],"curies":[{"name":"wp","href":"https:\/\/api.w.org\/{rel}","templated":true}]}}