{"id":212221,"date":"2021-02-02T13:28:29","date_gmt":"2021-02-02T18:28:29","guid":{"rendered":"https:\/\/www.fiscalia.gov.co\/colombia\/?p=212221"},"modified":"2021-02-02T13:28:29","modified_gmt":"2021-02-02T18:28:29","slug":"fiscalia-logro-sentencia-de-10-anos-contra-responsable-de-transportar-mas-de-1-tonelada-de-cocaina-en-un-camion","status":"publish","type":"post","link":"https:\/\/www.fiscalia.gov.co\/colombia\/hay-justicia\/fiscalia-logro-sentencia-de-10-anos-contra-responsable-de-transportar-mas-de-1-tonelada-de-cocaina-en-un-camion\/","title":{"rendered":"Fiscal\u00eda logr\u00f3 sentencia de 10 a\u00f1os contra responsable de transportar m\u00e1s de 1 tonelada de coca\u00edna en un cami\u00f3n"},"content":{"rendered":"<h4 class=\"x_x_MsoNormal\"><strong><i>El veh\u00edculo ten\u00eda una caleta en el que las autoridades hallaron 1.013 paquetes que conten\u00edan el narc\u00f3tico.<\/i><\/strong><\/h4>\n<p class=\"x_x_MsoNormal\">En audiencias de individualizaci\u00f3n de pena y sentencia, la\u00a0<b>Fiscal\u00eda General de la Naci\u00f3n\u00a0<\/b>logr\u00f3\u00a0<a href=\"https:\/\/www.fiscalia.gov.co\/colombia\/hay-justicia\/en-putumayo-fiscalia-logro-tres-sentencias-condenatorias-por-trafico-de-estupefacientes\/\" target=\"_blank\" rel=\"noopener noreferrer\" data-auth=\"NotApplicable\">sentencia condenatoria<\/a>\u00a0de 128 meses de prisi\u00f3n, en contra de Gerardo Andr\u00e9s Fonseca Gonz\u00e1lez, como responsable de transportar\u00a0<span lang=\"ES\">1.001.935 gramos de coca\u00edna, en jurisdicci\u00f3n del municipio de Guadalajara de Buga (Valle del Cauca).<\/span><\/p>\n<p class=\"x_x_gmail-MsoNoSpacing\">As\u00ed lo decidi\u00f3 un juez de control de garant\u00edas, luego de que la Fiscal\u00eda demostrara que el hoy sentenciado era el conductor del tractocami\u00f3n de placa\u00a0SKL-403, en el que transportaba un contenedor, y dentro del mismo,\u00a0 un compartimiento tipo caleta, en el que se hallaron 1.013 paquetes aforados en cinta adhesiva de color negro y caf\u00e9, que seg\u00fan la\u00a0Prueba de Identificaci\u00f3n Preliminar Homologada (Piph) arroj\u00f3 positivo para coca\u00edna.<\/p>\n<p class=\"x_x_gmail-MsoNoSpacing\">La captura en flagrancia de Fonseca Gonz\u00e1lez ocurri\u00f3 el 15 de abril del 2020, en la v\u00eda que de Buga conduce a Tulu\u00e1 (Valle del Cauca).<\/p>\n<p class=\"x_x_gmail-MsoNoSpacing\">En la misma sentencia, el juez de conocimiento dispuso que el hoy sentenciado debe pagar una multa de\u00a01.334 salarios m\u00ednimos mensuales vigentes para la \u00e9poca de los hechos, por el delito de fabricaci\u00f3n, tr\u00e1fico o porte de estupefacientes agravado.<\/p>\n<p class=\"x_x_MsoNormal\"><span lang=\"ES\">La sentencia qued\u00f3 ejecutoriada.<\/span><\/p>\n<p class=\"x_x_MsoNormal\"><span lang=\"ES\">Estas acciones se encuentran enmarcadas dentro de la estrategia institucional de seguridad ciudadana del Fiscal General de la Naci\u00f3n, Francisco Barbosa Delgado, para combatir grupos y personas dedicadas al narcotr\u00e1fico en nuestro pa\u00eds.<\/span><\/p>\n<p class=\"x_x_MsoNormal\"><span lang=\"ES\">La Fiscal\u00eda General de la Naci\u00f3n p\u00fablica esta informaci\u00f3n por razones de inter\u00e9s general.<\/span><span lang=\"ES\">\u00a0<\/span><\/p>\n<p class=\"x_x_MsoNormal\"><span style=\"color: #000000; font-family: Arial, sans-serif;\">MAP\/MG\/SMLR<\/span><\/p>\n<p class=\"x_x_MsoNormal\"><b><span lang=\"ES\">\u00a0<\/span><\/b><\/p>\n\n<div class=\"twitter-share\"><a href=\"https:\/\/twitter.com\/intent\/tweet?via=fiscaliacol\" class=\"twitter-share-button\">Tweet<\/a><\/div>\n","protected":false},"excerpt":{"rendered":"<p>El veh\u00edculo ten\u00eda una caleta en el que las autoridades hallaron 1.013 paquetes que conten\u00edan el narc\u00f3tico. En audiencias de individualizaci\u00f3n de pena y sentencia, la\u00a0Fiscal\u00eda General de la Naci\u00f3n\u00a0logr\u00f3\u00a0sentencia condenatoria\u00a0de 128 meses de prisi\u00f3n, en contra de Gerardo Andr\u00e9s Fonseca Gonz\u00e1lez, como responsable de transportar\u00a01.001.935 gramos de coca\u00edna, en jurisdicci\u00f3n del municipio de Guadalajara [&hellip;]<\/p>\n","protected":false},"author":171,"featured_media":0,"comment_status":"closed","ping_status":"open","sticky":false,"template":"","format":"standard","meta":{"tdm_status":"","tdm_grid_status":"","footnotes":""},"categories":[24174,324,303],"tags":[3439,25609,19,78,24187,25610,13084,24793,8508],"class_list":{"0":"post-212221","1":"post","2":"type-post","3":"status-publish","4":"format-standard","6":"category-hay-justicia","7":"category-seccional-cali","8":"category-seccionales","9":"tag-caleta","10":"tag-capturado-en-flagrancia","11":"tag-cocaina","12":"tag-fiscal-general-de-la-nacion","13":"tag-fiscalia-colombia","14":"tag-multa","15":"tag-sentencia-condenatoria","16":"tag-tractocamion","17":"tag-trafico-de-estupefaciente"},"yoast_head":"<!-- This site is optimized with the Yoast SEO plugin v24.3 - https:\/\/yoast.com\/wordpress\/plugins\/seo\/ -->\n<title>Fiscal\u00eda General de la Naci\u00f3n<\/title>\n<meta name=\"description\" content=\"P\u00e1gina oficial de la Fiscal\u00eda General de la Naci\u00f3n \u2013 Colombia. Garantizamos el acceso efectivo a la justicia, la verdad y la reparaci\u00f3n de las v\u00edctimas de los delitos.\" \/>\n<meta name=\"robots\" content=\"noindex, follow\" \/>\n<meta property=\"og:locale\" content=\"es_ES\" \/>\n<meta property=\"og:type\" content=\"article\" \/>\n<meta property=\"og:title\" content=\"Fiscal\u00eda General de la Naci\u00f3n\" \/>\n<meta property=\"og:description\" content=\"P\u00e1gina oficial de la Fiscal\u00eda General de la Naci\u00f3n \u2013 Colombia. Garantizamos el acceso efectivo a la justicia, la verdad y la reparaci\u00f3n de las v\u00edctimas de los delitos.\" \/>\n<meta property=\"og:url\" content=\"https:\/\/www.fiscalia.gov.co\/colombia\/hay-justicia\/fiscalia-logro-sentencia-de-10-anos-contra-responsable-de-transportar-mas-de-1-tonelada-de-cocaina-en-un-camion\/\" \/>\n<meta property=\"og:site_name\" content=\"Fiscal\u00eda General de la Naci\u00f3n\" \/>\n<meta property=\"article:publisher\" content=\"https:\/\/www.facebook.com\/FiscaliaCol\" \/>\n<meta property=\"article:published_time\" content=\"2021-02-02T18:28:29+00:00\" \/>\n<meta name=\"author\" content=\"Ana Mar\u00eda Gomez\" \/>\n<meta name=\"twitter:card\" content=\"summary_large_image\" \/>\n<meta name=\"twitter:creator\" content=\"@FiscaliaCol\" \/>\n<meta name=\"twitter:site\" content=\"@FiscaliaCol\" \/>\n<meta name=\"twitter:label1\" content=\"Escrito por\" \/>\n\t<meta name=\"twitter:data1\" content=\"Ana Mar\u00eda Gomez\" \/>\n\t<meta name=\"twitter:label2\" content=\"Tiempo de lectura\" \/>\n\t<meta name=\"twitter:data2\" content=\"1 minuto\" \/>\n<script type=\"application\/ld+json\" class=\"yoast-schema-graph\">{\"@context\":\"https:\/\/schema.org\",\"@graph\":[{\"@type\":\"Article\",\"@id\":\"https:\/\/www.fiscalia.gov.co\/colombia\/hay-justicia\/fiscalia-logro-sentencia-de-10-anos-contra-responsable-de-transportar-mas-de-1-tonelada-de-cocaina-en-un-camion\/#article\",\"isPartOf\":{\"@id\":\"https:\/\/www.fiscalia.gov.co\/colombia\/hay-justicia\/fiscalia-logro-sentencia-de-10-anos-contra-responsable-de-transportar-mas-de-1-tonelada-de-cocaina-en-un-camion\/\"},\"author\":{\"name\":\"Ana Mar\u00eda Gomez\",\"@id\":\"https:\/\/www.fiscalia.gov.co\/colombia\/#\/schema\/person\/06aa2210fe4d79203f428ff671dee360\"},\"headline\":\"Fiscal\u00eda logr\u00f3 sentencia de 10 a\u00f1os contra responsable de transportar m\u00e1s de 1 tonelada de coca\u00edna en un cami\u00f3n\",\"datePublished\":\"2021-02-02T18:28:29+00:00\",\"dateModified\":\"2021-02-02T18:28:29+00:00\",\"mainEntityOfPage\":{\"@id\":\"https:\/\/www.fiscalia.gov.co\/colombia\/hay-justicia\/fiscalia-logro-sentencia-de-10-anos-contra-responsable-de-transportar-mas-de-1-tonelada-de-cocaina-en-un-camion\/\"},\"wordCount\":301,\"publisher\":{\"@id\":\"https:\/\/www.fiscalia.gov.co\/colombia\/#organization\"},\"keywords\":[\"Caleta\",\"capturado en flagrancia\",\"Coca\u00edna\",\"Fiscal General de la Naci\u00f3n\",\"Fiscal\u00eda Colombia\",\"multa\",\"Sentencia condenatoria\",\"tractocami\u00f3n\",\"Tr\u00e1fico de estupefaciente\"],\"articleSection\":[\"Hay Justicia\",\"Seccional Cali\",\"Seccionales\"],\"inLanguage\":\"es-CO\"},{\"@type\":\"WebPage\",\"@id\":\"https:\/\/www.fiscalia.gov.co\/colombia\/hay-justicia\/fiscalia-logro-sentencia-de-10-anos-contra-responsable-de-transportar-mas-de-1-tonelada-de-cocaina-en-un-camion\/\",\"url\":\"https:\/\/www.fiscalia.gov.co\/colombia\/hay-justicia\/fiscalia-logro-sentencia-de-10-anos-contra-responsable-de-transportar-mas-de-1-tonelada-de-cocaina-en-un-camion\/\",\"name\":\"Fiscal\u00eda General de la Naci\u00f3n\",\"isPartOf\":{\"@id\":\"https:\/\/www.fiscalia.gov.co\/colombia\/#website\"},\"datePublished\":\"2021-02-02T18:28:29+00:00\",\"dateModified\":\"2021-02-02T18:28:29+00:00\",\"description\":\"P\u00e1gina oficial de la Fiscal\u00eda General de la Naci\u00f3n \u2013 Colombia. Garantizamos el acceso efectivo a la justicia, la verdad y la reparaci\u00f3n de las v\u00edctimas de los delitos.\",\"breadcrumb\":{\"@id\":\"https:\/\/www.fiscalia.gov.co\/colombia\/hay-justicia\/fiscalia-logro-sentencia-de-10-anos-contra-responsable-de-transportar-mas-de-1-tonelada-de-cocaina-en-un-camion\/#breadcrumb\"},\"inLanguage\":\"es-CO\",\"potentialAction\":[{\"@type\":\"ReadAction\",\"target\":[\"https:\/\/www.fiscalia.gov.co\/colombia\/hay-justicia\/fiscalia-logro-sentencia-de-10-anos-contra-responsable-de-transportar-mas-de-1-tonelada-de-cocaina-en-un-camion\/\"]}]},{\"@type\":\"BreadcrumbList\",\"@id\":\"https:\/\/www.fiscalia.gov.co\/colombia\/hay-justicia\/fiscalia-logro-sentencia-de-10-anos-contra-responsable-de-transportar-mas-de-1-tonelada-de-cocaina-en-un-camion\/#breadcrumb\",\"itemListElement\":[{\"@type\":\"ListItem\",\"position\":1,\"name\":\"Home\",\"item\":\"https:\/\/www.fiscalia.gov.co\/colombia\/\"},{\"@type\":\"ListItem\",\"position\":2,\"name\":\"Fiscal\u00eda logr\u00f3 sentencia de 10 a\u00f1os contra responsable de transportar m\u00e1s de 1 tonelada de coca\u00edna en un cami\u00f3n\"}]},{\"@type\":\"WebSite\",\"@id\":\"https:\/\/www.fiscalia.gov.co\/colombia\/#website\",\"url\":\"https:\/\/www.fiscalia.gov.co\/colombia\/\",\"name\":\"Fiscal\u00eda General de la Naci\u00f3n\",\"description\":\"P\u00e1gina oficial de la Fiscal\u00eda General de la Naci\u00f3n \u2013 Colombia. Garantizamos el acceso efectivo a la justicia, la verdad y la reparaci\u00f3n de las v\u00edctimas de los delitos.\",\"publisher\":{\"@id\":\"https:\/\/www.fiscalia.gov.co\/colombia\/#organization\"},\"potentialAction\":[{\"@type\":\"SearchAction\",\"target\":{\"@type\":\"EntryPoint\",\"urlTemplate\":\"https:\/\/www.fiscalia.gov.co\/colombia\/?s={search_term_string}\"},\"query-input\":{\"@type\":\"PropertyValueSpecification\",\"valueRequired\":true,\"valueName\":\"search_term_string\"}}],\"inLanguage\":\"es-CO\"},{\"@type\":\"Organization\",\"@id\":\"https:\/\/www.fiscalia.gov.co\/colombia\/#organization\",\"name\":\"Fiscal\u00eda General de la Naci\u00f3n\",\"url\":\"https:\/\/www.fiscalia.gov.co\/colombia\/\",\"logo\":{\"@type\":\"ImageObject\",\"inLanguage\":\"es-CO\",\"@id\":\"https:\/\/www.fiscalia.gov.co\/colombia\/#\/schema\/logo\/image\/\",\"url\":\"https:\/\/www.fiscalia.gov.co\/colombia\/wp-content\/uploads\/LogoHorizontal_1.jpg\",\"contentUrl\":\"https:\/\/www.fiscalia.gov.co\/colombia\/wp-content\/uploads\/LogoHorizontal_1.jpg\",\"width\":300,\"height\":90,\"caption\":\"Fiscal\u00eda General de la Naci\u00f3n\"},\"image\":{\"@id\":\"https:\/\/www.fiscalia.gov.co\/colombia\/#\/schema\/logo\/image\/\"},\"sameAs\":[\"https:\/\/www.facebook.com\/FiscaliaCol\",\"https:\/\/x.com\/FiscaliaCol\",\"https:\/\/www.instagram.com\/fiscaliacol\",\"https:\/\/www.linkedin.com\/company\/fiscalia-general-de-la-naci-n\/\",\"https:\/\/youtube.com\/@fiscaliageneraldelanacion-4668?si=6nN79nyQICPU5iTh\"]},{\"@type\":\"Person\",\"@id\":\"https:\/\/www.fiscalia.gov.co\/colombia\/#\/schema\/person\/06aa2210fe4d79203f428ff671dee360\",\"name\":\"Ana Mar\u00eda Gomez\",\"image\":{\"@type\":\"ImageObject\",\"inLanguage\":\"es-CO\",\"@id\":\"https:\/\/www.fiscalia.gov.co\/colombia\/#\/schema\/person\/image\/\",\"url\":\"https:\/\/secure.gravatar.com\/avatar\/a38115d98a7f8a96cbb96af2b2c37a0b?s=96&d=mm&r=g\",\"contentUrl\":\"https:\/\/secure.gravatar.com\/avatar\/a38115d98a7f8a96cbb96af2b2c37a0b?s=96&d=mm&r=g\",\"caption\":\"Ana Mar\u00eda Gomez\"},\"url\":\"https:\/\/www.fiscalia.gov.co\/colombia\/author\/agomez\/\"}]}<\/script>\n<!-- \/ Yoast SEO plugin. -->","yoast_head_json":{"title":"Fiscal\u00eda General de la Naci\u00f3n","description":"P\u00e1gina oficial de la Fiscal\u00eda General de la Naci\u00f3n \u2013 Colombia. Garantizamos el acceso efectivo a la justicia, la verdad y la reparaci\u00f3n de las v\u00edctimas de los delitos.","robots":{"index":"noindex","follow":"follow"},"og_locale":"es_ES","og_type":"article","og_title":"Fiscal\u00eda General de la Naci\u00f3n","og_description":"P\u00e1gina oficial de la Fiscal\u00eda General de la Naci\u00f3n \u2013 Colombia. Garantizamos el acceso efectivo a la justicia, la verdad y la reparaci\u00f3n de las v\u00edctimas de los delitos.","og_url":"https:\/\/www.fiscalia.gov.co\/colombia\/hay-justicia\/fiscalia-logro-sentencia-de-10-anos-contra-responsable-de-transportar-mas-de-1-tonelada-de-cocaina-en-un-camion\/","og_site_name":"Fiscal\u00eda General de la Naci\u00f3n","article_publisher":"https:\/\/www.facebook.com\/FiscaliaCol","article_published_time":"2021-02-02T18:28:29+00:00","author":"Ana Mar\u00eda Gomez","twitter_card":"summary_large_image","twitter_creator":"@FiscaliaCol","twitter_site":"@FiscaliaCol","twitter_misc":{"Escrito por":"Ana Mar\u00eda Gomez","Tiempo de lectura":"1 minuto"},"schema":{"@context":"https:\/\/schema.org","@graph":[{"@type":"Article","@id":"https:\/\/www.fiscalia.gov.co\/colombia\/hay-justicia\/fiscalia-logro-sentencia-de-10-anos-contra-responsable-de-transportar-mas-de-1-tonelada-de-cocaina-en-un-camion\/#article","isPartOf":{"@id":"https:\/\/www.fiscalia.gov.co\/colombia\/hay-justicia\/fiscalia-logro-sentencia-de-10-anos-contra-responsable-de-transportar-mas-de-1-tonelada-de-cocaina-en-un-camion\/"},"author":{"name":"Ana Mar\u00eda Gomez","@id":"https:\/\/www.fiscalia.gov.co\/colombia\/#\/schema\/person\/06aa2210fe4d79203f428ff671dee360"},"headline":"Fiscal\u00eda logr\u00f3 sentencia de 10 a\u00f1os contra responsable de transportar m\u00e1s de 1 tonelada de coca\u00edna en un cami\u00f3n","datePublished":"2021-02-02T18:28:29+00:00","dateModified":"2021-02-02T18:28:29+00:00","mainEntityOfPage":{"@id":"https:\/\/www.fiscalia.gov.co\/colombia\/hay-justicia\/fiscalia-logro-sentencia-de-10-anos-contra-responsable-de-transportar-mas-de-1-tonelada-de-cocaina-en-un-camion\/"},"wordCount":301,"publisher":{"@id":"https:\/\/www.fiscalia.gov.co\/colombia\/#organization"},"keywords":["Caleta","capturado en flagrancia","Coca\u00edna","Fiscal General de la Naci\u00f3n","Fiscal\u00eda Colombia","multa","Sentencia condenatoria","tractocami\u00f3n","Tr\u00e1fico de estupefaciente"],"articleSection":["Hay Justicia","Seccional Cali","Seccionales"],"inLanguage":"es-CO"},{"@type":"WebPage","@id":"https:\/\/www.fiscalia.gov.co\/colombia\/hay-justicia\/fiscalia-logro-sentencia-de-10-anos-contra-responsable-de-transportar-mas-de-1-tonelada-de-cocaina-en-un-camion\/","url":"https:\/\/www.fiscalia.gov.co\/colombia\/hay-justicia\/fiscalia-logro-sentencia-de-10-anos-contra-responsable-de-transportar-mas-de-1-tonelada-de-cocaina-en-un-camion\/","name":"Fiscal\u00eda General de la Naci\u00f3n","isPartOf":{"@id":"https:\/\/www.fiscalia.gov.co\/colombia\/#website"},"datePublished":"2021-02-02T18:28:29+00:00","dateModified":"2021-02-02T18:28:29+00:00","description":"P\u00e1gina oficial de la Fiscal\u00eda General de la Naci\u00f3n \u2013 Colombia. Garantizamos el acceso efectivo a la justicia, la verdad y la reparaci\u00f3n de las v\u00edctimas de los delitos.","breadcrumb":{"@id":"https:\/\/www.fiscalia.gov.co\/colombia\/hay-justicia\/fiscalia-logro-sentencia-de-10-anos-contra-responsable-de-transportar-mas-de-1-tonelada-de-cocaina-en-un-camion\/#breadcrumb"},"inLanguage":"es-CO","potentialAction":[{"@type":"ReadAction","target":["https:\/\/www.fiscalia.gov.co\/colombia\/hay-justicia\/fiscalia-logro-sentencia-de-10-anos-contra-responsable-de-transportar-mas-de-1-tonelada-de-cocaina-en-un-camion\/"]}]},{"@type":"BreadcrumbList","@id":"https:\/\/www.fiscalia.gov.co\/colombia\/hay-justicia\/fiscalia-logro-sentencia-de-10-anos-contra-responsable-de-transportar-mas-de-1-tonelada-de-cocaina-en-un-camion\/#breadcrumb","itemListElement":[{"@type":"ListItem","position":1,"name":"Home","item":"https:\/\/www.fiscalia.gov.co\/colombia\/"},{"@type":"ListItem","position":2,"name":"Fiscal\u00eda logr\u00f3 sentencia de 10 a\u00f1os contra responsable de transportar m\u00e1s de 1 tonelada de coca\u00edna en un cami\u00f3n"}]},{"@type":"WebSite","@id":"https:\/\/www.fiscalia.gov.co\/colombia\/#website","url":"https:\/\/www.fiscalia.gov.co\/colombia\/","name":"Fiscal\u00eda General de la Naci\u00f3n","description":"P\u00e1gina oficial de la Fiscal\u00eda General de la Naci\u00f3n \u2013 Colombia. Garantizamos el acceso efectivo a la justicia, la verdad y la reparaci\u00f3n de las v\u00edctimas de los delitos.","publisher":{"@id":"https:\/\/www.fiscalia.gov.co\/colombia\/#organization"},"potentialAction":[{"@type":"SearchAction","target":{"@type":"EntryPoint","urlTemplate":"https:\/\/www.fiscalia.gov.co\/colombia\/?s={search_term_string}"},"query-input":{"@type":"PropertyValueSpecification","valueRequired":true,"valueName":"search_term_string"}}],"inLanguage":"es-CO"},{"@type":"Organization","@id":"https:\/\/www.fiscalia.gov.co\/colombia\/#organization","name":"Fiscal\u00eda General de la Naci\u00f3n","url":"https:\/\/www.fiscalia.gov.co\/colombia\/","logo":{"@type":"ImageObject","inLanguage":"es-CO","@id":"https:\/\/www.fiscalia.gov.co\/colombia\/#\/schema\/logo\/image\/","url":"https:\/\/www.fiscalia.gov.co\/colombia\/wp-content\/uploads\/LogoHorizontal_1.jpg","contentUrl":"https:\/\/www.fiscalia.gov.co\/colombia\/wp-content\/uploads\/LogoHorizontal_1.jpg","width":300,"height":90,"caption":"Fiscal\u00eda General de la Naci\u00f3n"},"image":{"@id":"https:\/\/www.fiscalia.gov.co\/colombia\/#\/schema\/logo\/image\/"},"sameAs":["https:\/\/www.facebook.com\/FiscaliaCol","https:\/\/x.com\/FiscaliaCol","https:\/\/www.instagram.com\/fiscaliacol","https:\/\/www.linkedin.com\/company\/fiscalia-general-de-la-naci-n\/","https:\/\/youtube.com\/@fiscaliageneraldelanacion-4668?si=6nN79nyQICPU5iTh"]},{"@type":"Person","@id":"https:\/\/www.fiscalia.gov.co\/colombia\/#\/schema\/person\/06aa2210fe4d79203f428ff671dee360","name":"Ana Mar\u00eda Gomez","image":{"@type":"ImageObject","inLanguage":"es-CO","@id":"https:\/\/www.fiscalia.gov.co\/colombia\/#\/schema\/person\/image\/","url":"https:\/\/secure.gravatar.com\/avatar\/a38115d98a7f8a96cbb96af2b2c37a0b?s=96&d=mm&r=g","contentUrl":"https:\/\/secure.gravatar.com\/avatar\/a38115d98a7f8a96cbb96af2b2c37a0b?s=96&d=mm&r=g","caption":"Ana Mar\u00eda Gomez"},"url":"https:\/\/www.fiscalia.gov.co\/colombia\/author\/agomez\/"}]}},"_links":{"self":[{"href":"https:\/\/www.fiscalia.gov.co\/colombia\/wp-json\/wp\/v2\/posts\/212221","targetHints":{"allow":["GET"]}}],"collection":[{"href":"https:\/\/www.fiscalia.gov.co\/colombia\/wp-json\/wp\/v2\/posts"}],"about":[{"href":"https:\/\/www.fiscalia.gov.co\/colombia\/wp-json\/wp\/v2\/types\/post"}],"author":[{"embeddable":true,"href":"https:\/\/www.fiscalia.gov.co\/colombia\/wp-json\/wp\/v2\/users\/171"}],"replies":[{"embeddable":true,"href":"https:\/\/www.fiscalia.gov.co\/colombia\/wp-json\/wp\/v2\/comments?post=212221"}],"version-history":[{"count":1,"href":"https:\/\/www.fiscalia.gov.co\/colombia\/wp-json\/wp\/v2\/posts\/212221\/revisions"}],"predecessor-version":[{"id":212222,"href":"https:\/\/www.fiscalia.gov.co\/colombia\/wp-json\/wp\/v2\/posts\/212221\/revisions\/212222"}],"wp:attachment":[{"href":"https:\/\/www.fiscalia.gov.co\/colombia\/wp-json\/wp\/v2\/media?parent=212221"}],"wp:term":[{"taxonomy":"category","embeddable":true,"href":"https:\/\/www.fiscalia.gov.co\/colombia\/wp-json\/wp\/v2\/categories?post=212221"},{"taxonomy":"post_tag","embeddable":true,"href":"https:\/\/www.fiscalia.gov.co\/colombia\/wp-json\/wp\/v2\/tags?post=212221"}],"curies":[{"name":"wp","href":"https:\/\/api.w.org\/{rel}","templated":true}]}}