{"id":212121,"date":"2021-02-01T15:38:12","date_gmt":"2021-02-01T20:38:12","guid":{"rendered":"https:\/\/www.fiscalia.gov.co\/colombia\/?p=212121"},"modified":"2021-02-01T16:04:19","modified_gmt":"2021-02-01T21:04:19","slug":"capturados-presuntos-secuestrados-de-un-rapimotero-de-choco","status":"publish","type":"post","link":"https:\/\/www.fiscalia.gov.co\/colombia\/seguridad-territorial\/capturados-presuntos-secuestrados-de-un-rapimotero-de-choco\/","title":{"rendered":"Capturados presuntos secuestradores de un rapimotero de Choc\u00f3"},"content":{"rendered":"<p class=\"x_x_xmsonormal\">Por solicitud de la\u00a0<b>Fiscal\u00eda General de la Naci\u00f3n<\/b>, el Juzgado Segundo Penal Ambulante de Quibd\u00f3, con funciones de control de garant\u00edas impuso medida de aseguramiento en centro carcelario en contra de Yosuar Esneider C\u00f3rdoba Renter\u00eda, alias Chespy;\u00a0\u00a0Mario Andr\u00e9s Cuesta Copete, alias Soldado; Keison Mart\u00ednez Palacios, alias Cell, y Heiler Antonio Mena C\u00f3rdoba, alias Heiler, por su presunta responsabilidad en el secuestro de un hombre en la capital chocoana.<\/p>\n<figure id=\"attachment_212122\" aria-describedby=\"caption-attachment-212122\" style=\"width: 899px\" class=\"wp-caption alignleft\"><img loading=\"lazy\" decoding=\"async\" class=\"size-full wp-image-212122\" src=\"https:\/\/www.fiscalia.gov.co\/colombia\/wp-content\/uploads\/Yosuar-Esneider-C\u00f3rdoba-Renter\u00eda-Mario-Andr\u00e9s-Cuesta-Copete-Keison-Mart\u00ednez-Palacios-y-Heiler-Antonio-Mena-C\u00f3rdoba..jpg\" alt=\"\" width=\"899\" height=\"593\" srcset=\"https:\/\/www.fiscalia.gov.co\/colombia\/wp-content\/uploads\/Yosuar-Esneider-C\u00f3rdoba-Renter\u00eda-Mario-Andr\u00e9s-Cuesta-Copete-Keison-Mart\u00ednez-Palacios-y-Heiler-Antonio-Mena-C\u00f3rdoba..jpg 899w, https:\/\/www.fiscalia.gov.co\/colombia\/wp-content\/uploads\/Yosuar-Esneider-C\u00f3rdoba-Renter\u00eda-Mario-Andr\u00e9s-Cuesta-Copete-Keison-Mart\u00ednez-Palacios-y-Heiler-Antonio-Mena-C\u00f3rdoba.-300x198.jpg 300w, https:\/\/www.fiscalia.gov.co\/colombia\/wp-content\/uploads\/Yosuar-Esneider-C\u00f3rdoba-Renter\u00eda-Mario-Andr\u00e9s-Cuesta-Copete-Keison-Mart\u00ednez-Palacios-y-Heiler-Antonio-Mena-C\u00f3rdoba.-768x507.jpg 768w, https:\/\/www.fiscalia.gov.co\/colombia\/wp-content\/uploads\/Yosuar-Esneider-C\u00f3rdoba-Renter\u00eda-Mario-Andr\u00e9s-Cuesta-Copete-Keison-Mart\u00ednez-Palacios-y-Heiler-Antonio-Mena-C\u00f3rdoba.-696x459.jpg 696w, https:\/\/www.fiscalia.gov.co\/colombia\/wp-content\/uploads\/Yosuar-Esneider-C\u00f3rdoba-Renter\u00eda-Mario-Andr\u00e9s-Cuesta-Copete-Keison-Mart\u00ednez-Palacios-y-Heiler-Antonio-Mena-C\u00f3rdoba.-637x420.jpg 637w\" sizes=\"auto, (max-width: 899px) 100vw, 899px\" \/><figcaption id=\"caption-attachment-212122\" class=\"wp-caption-text\">Durante el operativo se incautaron varias armas de fuego de defensa personal, que al parecer eran usadas para custodiarlo.<\/figcaption><\/figure>\n<p class=\"x_x_xmsonormal\">Los investigados, presuntos integrante de\u00a0<b>Grupo Armado Organizado Clan del Golfo<\/b>, no aceptaron los cargos imputados por los delitos de\u00a0<b>secuestro extorsivo agravado, hurto calificado y agravado<\/b>, porte ilegal de armas de fuego de defensa personal y uso de menores para la comisi\u00f3n de delitos.<\/p>\n<p class=\"x_x_xmsonormal\">Los hechos se registraron el 23 de enero reciente, en\u00a0el barrio Los \u00c1lamos de Quibd\u00f3, donde la v\u00edctima, rapimotero de ocupaci\u00f3n, luego de llevar a un pasajero, al parecer fue abordado por varios hombres que, portando palos y machetes le habr\u00edan hurtado su motocicleta, y llevado<a href=\"https:\/\/www.fiscalia.gov.co\/colombia\/seccionales\/asegurados-presuntos-responsables-del-secuestro-y-la-desaparicion-de-un-hombre-en-nuqui-choco\/\" target=\"_blank\" rel=\"noopener noreferrer\" data-auth=\"NotApplicable\">\u00a0en contra de su voluntad hasta una vivienda abandonada. \u00a0<\/a><\/p>\n<p class=\"x_x_xmsonormal\">Se presume que los investigados lo se\u00f1alaron de ser integrante de la banda los Mexicanos\u00a0y, supuestamente le exigieron que deb\u00eda ayudarlos a encontrar a algunos miembros de la mencionada estructura delincuencial para asesinarlos; el hombre les manifest\u00f3 que no ten\u00eda ninguna relaci\u00f3n con dicha organizaci\u00f3n criminal.<\/p>\n<p class=\"x_x_xmsonormal\">De acuerdo con la denuncia instaurada por la v\u00edctima, durante la retenci\u00f3n los procesados lo habr\u00edan amenazado con armas de fuego, golpeado, y exigido la suma de\u00a0<b>10 millones de pesos, a cambio de su liberaci\u00f3n.\u00a0\u00a0<\/b><\/p>\n<p class=\"x_x_xmsonormal\">Horas despu\u00e9s, el\u00a0<b>Gaula de la Polic\u00eda\u00a0<\/b>despleg\u00f3 un operativo para lograr la liberaci\u00f3n del hombre. Cuando llegaron al lugar escucharon voces de auxilio, entraron a una vivienda donde lo encontraron amarrado de pies y manos, y lograron la captura de los cuatro procesados y la aprehensi\u00f3n de\u00a0un menor de edad.<\/p>\n<p class=\"x_x_xmsonormal\">Durante el operativo se incautaron varias armas de fuego de defensa personal, que al parecer eran usadas para custodiarlo.<\/p>\n<p class=\"x_x_xmsonormal\">El menor de edad fue puesto a disposici\u00f3n de un Juez de infancia y adolescencia.<\/p>\n<p class=\"x_x_xmsonormal\">C\u00f3rdoba Renter\u00eda, presunto jefe de sicarios del Clan del Golfo, de 21 a\u00f1os ; Cuesta Copete, de 23 a\u00f1os; Mart\u00ednez Palacios, de 24 a\u00f1os y Mena C\u00f3rdoba de 34 a\u00f1os, presentan anotaciones judiciales\u00a0<b>por delitos como, homicidio, extorsi\u00f3n, concierto para delinquir, porte ilegal de armas de fuego y hurto. \u00a0\u00a0<\/b><\/p>\n<p class=\"x_x_xmsonormal\">Estos resultados responden a la lucha contra el secuestro adelantada por la Seccional Choc\u00f3, bajo el direccionamiento estrat\u00e9gico del\u00a0<b>Fiscal General de la Naci\u00f3n, Francisco Barbosa Delgado.\u00a0\u00a0<\/b><\/p>\n<p class=\"x_x_xmsonormal\">Esta informaci\u00f3n se hacer p\u00fablica por razones de inter\u00e9s general<\/p>\n<p class=\"x_x_xmsonormal\">NAMT\/TC\/MG<\/p>\n<p class=\"x_x_xmsonormal\"><i>La informaci\u00f3n contenida en este bolet\u00edn de prensa corresponde a la narraci\u00f3n de los hechos noticiosos objetivos, suministrados por los funcionarios encargados de adelantar las investigaciones penales al interior de la Fiscal\u00eda General de la Naci\u00f3n. Para el momento de la divulgaci\u00f3n de este comunicado, la situaci\u00f3n jur\u00eddica de la(s) persona(s) relacionada(s) se encuentra pendiente de resolver por la autoridad judicial competente, siempre bajo los preceptos de la presunci\u00f3n de inocencia, consagrados en el art\u00edculo 29 de la Constituci\u00f3n Pol\u00edtica y el art\u00edculo 7\u00ba de la Ley 906 de 2004.<\/i><\/p>\n\n<div class=\"twitter-share\"><a href=\"https:\/\/twitter.com\/intent\/tweet?via=fiscaliacol\" class=\"twitter-share-button\">Tweet<\/a><\/div>\n","protected":false},"excerpt":{"rendered":"<p>Por solicitud de la\u00a0Fiscal\u00eda General de la Naci\u00f3n, el Juzgado Segundo Penal Ambulante de Quibd\u00f3, con funciones de control de garant\u00edas impuso medida de aseguramiento en centro carcelario en contra de Yosuar Esneider C\u00f3rdoba Renter\u00eda, alias Chespy;\u00a0\u00a0Mario Andr\u00e9s Cuesta Copete, alias Soldado; Keison Mart\u00ednez Palacios, alias Cell, y Heiler Antonio Mena C\u00f3rdoba, alias Heiler, por [&hellip;]<\/p>\n","protected":false},"author":171,"featured_media":0,"comment_status":"closed","ping_status":"open","sticky":false,"template":"","format":"standard","meta":{"_price":"","_stock":"","_tribe_ticket_header":"","_tribe_default_ticket_provider":"","_tribe_ticket_capacity":"0","_ticket_start_date":"","_ticket_end_date":"","_tribe_ticket_show_description":"","_tribe_ticket_show_not_going":false,"_tribe_ticket_use_global_stock":"","_tribe_ticket_global_stock_level":"","_global_stock_mode":"","_global_stock_cap":"","_tribe_rsvp_for_event":"","_tribe_ticket_going_count":"","_tribe_ticket_not_going_count":"","_tribe_tickets_list":"[]","_tribe_ticket_has_attendee_info_fields":false,"tdm_status":"","tdm_grid_status":"","footnotes":""},"categories":[2336,303,24099],"tags":[2110,18672,1047,20,23960,698,80],"class_list":{"0":"post-212121","1":"post","2":"type-post","3":"status-publish","4":"format-standard","6":"category-seccional-quibdo","7":"category-seccionales","8":"category-seguridad-territorial","9":"tag-choco","10":"tag-clan-del-golfo","11":"tag-fiscalia-general-de-la-nacion","12":"tag-gaula","13":"tag-hurto","14":"tag-porte-de-armas","15":"tag-secuestro-extorsivo"},"yoast_head":"<!-- This site is optimized with the Yoast SEO plugin v24.3 - https:\/\/yoast.com\/wordpress\/plugins\/seo\/ -->\n<title>Fiscal\u00eda General de la Naci\u00f3n<\/title>\n<meta name=\"description\" content=\"P\u00e1gina oficial de la Fiscal\u00eda General de la Naci\u00f3n \u2013 Colombia. Garantizamos el acceso efectivo a la justicia, la verdad y la reparaci\u00f3n de las v\u00edctimas de los delitos.\" \/>\n<meta name=\"robots\" content=\"noindex, follow\" \/>\n<meta property=\"og:locale\" content=\"es_ES\" \/>\n<meta property=\"og:type\" content=\"article\" \/>\n<meta property=\"og:title\" content=\"Fiscal\u00eda General de la Naci\u00f3n\" \/>\n<meta property=\"og:description\" content=\"P\u00e1gina oficial de la Fiscal\u00eda General de la Naci\u00f3n \u2013 Colombia. Garantizamos el acceso efectivo a la justicia, la verdad y la reparaci\u00f3n de las v\u00edctimas de los delitos.\" \/>\n<meta property=\"og:url\" content=\"https:\/\/www.fiscalia.gov.co\/colombia\/seguridad-territorial\/capturados-presuntos-secuestrados-de-un-rapimotero-de-choco\/\" \/>\n<meta property=\"og:site_name\" content=\"Fiscal\u00eda General de la Naci\u00f3n\" \/>\n<meta property=\"article:publisher\" content=\"https:\/\/www.facebook.com\/FiscaliaCol\" \/>\n<meta property=\"article:published_time\" content=\"2021-02-01T20:38:12+00:00\" \/>\n<meta property=\"article:modified_time\" content=\"2021-02-01T21:04:19+00:00\" \/>\n<meta name=\"author\" content=\"Ana Mar\u00eda Gomez\" \/>\n<meta name=\"twitter:card\" content=\"summary_large_image\" \/>\n<meta name=\"twitter:creator\" content=\"@FiscaliaCol\" \/>\n<meta name=\"twitter:site\" content=\"@FiscaliaCol\" \/>\n<meta name=\"twitter:label1\" content=\"Escrito por\" \/>\n\t<meta name=\"twitter:data1\" content=\"Ana Mar\u00eda Gomez\" \/>\n\t<meta name=\"twitter:label2\" content=\"Tiempo de lectura\" \/>\n\t<meta name=\"twitter:data2\" content=\"3 minutos\" \/>\n<script type=\"application\/ld+json\" class=\"yoast-schema-graph\">{\"@context\":\"https:\/\/schema.org\",\"@graph\":[{\"@type\":\"Article\",\"@id\":\"https:\/\/www.fiscalia.gov.co\/colombia\/seguridad-territorial\/capturados-presuntos-secuestrados-de-un-rapimotero-de-choco\/#article\",\"isPartOf\":{\"@id\":\"https:\/\/www.fiscalia.gov.co\/colombia\/seguridad-territorial\/capturados-presuntos-secuestrados-de-un-rapimotero-de-choco\/\"},\"author\":{\"name\":\"Ana Mar\u00eda Gomez\",\"@id\":\"https:\/\/www.fiscalia.gov.co\/colombia\/#\/schema\/person\/06aa2210fe4d79203f428ff671dee360\"},\"headline\":\"Capturados presuntos secuestradores de un rapimotero de Choc\u00f3\",\"datePublished\":\"2021-02-01T20:38:12+00:00\",\"dateModified\":\"2021-02-01T21:04:19+00:00\",\"mainEntityOfPage\":{\"@id\":\"https:\/\/www.fiscalia.gov.co\/colombia\/seguridad-territorial\/capturados-presuntos-secuestrados-de-un-rapimotero-de-choco\/\"},\"wordCount\":598,\"publisher\":{\"@id\":\"https:\/\/www.fiscalia.gov.co\/colombia\/#organization\"},\"keywords\":[\"Choc\u00f3\",\"Clan del Golfo\",\"Fiscal\u00eda General de la Naci\u00f3n\",\"Gaula\",\"Hurto\",\"Porte de armas\",\"Secuestro extorsivo\"],\"articleSection\":[\"Seccional Quibd\u00f3\",\"Seccionales\",\"Seguridad territorial\"],\"inLanguage\":\"es-CO\"},{\"@type\":\"WebPage\",\"@id\":\"https:\/\/www.fiscalia.gov.co\/colombia\/seguridad-territorial\/capturados-presuntos-secuestrados-de-un-rapimotero-de-choco\/\",\"url\":\"https:\/\/www.fiscalia.gov.co\/colombia\/seguridad-territorial\/capturados-presuntos-secuestrados-de-un-rapimotero-de-choco\/\",\"name\":\"Fiscal\u00eda General de la Naci\u00f3n\",\"isPartOf\":{\"@id\":\"https:\/\/www.fiscalia.gov.co\/colombia\/#website\"},\"datePublished\":\"2021-02-01T20:38:12+00:00\",\"dateModified\":\"2021-02-01T21:04:19+00:00\",\"description\":\"P\u00e1gina oficial de la Fiscal\u00eda General de la Naci\u00f3n \u2013 Colombia. Garantizamos el acceso efectivo a la justicia, la verdad y la reparaci\u00f3n de las v\u00edctimas de los delitos.\",\"breadcrumb\":{\"@id\":\"https:\/\/www.fiscalia.gov.co\/colombia\/seguridad-territorial\/capturados-presuntos-secuestrados-de-un-rapimotero-de-choco\/#breadcrumb\"},\"inLanguage\":\"es-CO\",\"potentialAction\":[{\"@type\":\"ReadAction\",\"target\":[\"https:\/\/www.fiscalia.gov.co\/colombia\/seguridad-territorial\/capturados-presuntos-secuestrados-de-un-rapimotero-de-choco\/\"]}]},{\"@type\":\"BreadcrumbList\",\"@id\":\"https:\/\/www.fiscalia.gov.co\/colombia\/seguridad-territorial\/capturados-presuntos-secuestrados-de-un-rapimotero-de-choco\/#breadcrumb\",\"itemListElement\":[{\"@type\":\"ListItem\",\"position\":1,\"name\":\"Home\",\"item\":\"https:\/\/www.fiscalia.gov.co\/colombia\/\"},{\"@type\":\"ListItem\",\"position\":2,\"name\":\"Capturados presuntos secuestradores de un rapimotero de Choc\u00f3\"}]},{\"@type\":\"WebSite\",\"@id\":\"https:\/\/www.fiscalia.gov.co\/colombia\/#website\",\"url\":\"https:\/\/www.fiscalia.gov.co\/colombia\/\",\"name\":\"Fiscal\u00eda General de la Naci\u00f3n\",\"description\":\"P\u00e1gina oficial de la Fiscal\u00eda General de la Naci\u00f3n \u2013 Colombia. Garantizamos el acceso efectivo a la justicia, la verdad y la reparaci\u00f3n de las v\u00edctimas de los delitos.\",\"publisher\":{\"@id\":\"https:\/\/www.fiscalia.gov.co\/colombia\/#organization\"},\"potentialAction\":[{\"@type\":\"SearchAction\",\"target\":{\"@type\":\"EntryPoint\",\"urlTemplate\":\"https:\/\/www.fiscalia.gov.co\/colombia\/?s={search_term_string}\"},\"query-input\":{\"@type\":\"PropertyValueSpecification\",\"valueRequired\":true,\"valueName\":\"search_term_string\"}}],\"inLanguage\":\"es-CO\"},{\"@type\":\"Organization\",\"@id\":\"https:\/\/www.fiscalia.gov.co\/colombia\/#organization\",\"name\":\"Fiscal\u00eda General de la Naci\u00f3n\",\"url\":\"https:\/\/www.fiscalia.gov.co\/colombia\/\",\"logo\":{\"@type\":\"ImageObject\",\"inLanguage\":\"es-CO\",\"@id\":\"https:\/\/www.fiscalia.gov.co\/colombia\/#\/schema\/logo\/image\/\",\"url\":\"https:\/\/www.fiscalia.gov.co\/colombia\/wp-content\/uploads\/LogoHorizontal_1.jpg\",\"contentUrl\":\"https:\/\/www.fiscalia.gov.co\/colombia\/wp-content\/uploads\/LogoHorizontal_1.jpg\",\"width\":300,\"height\":90,\"caption\":\"Fiscal\u00eda General de la Naci\u00f3n\"},\"image\":{\"@id\":\"https:\/\/www.fiscalia.gov.co\/colombia\/#\/schema\/logo\/image\/\"},\"sameAs\":[\"https:\/\/www.facebook.com\/FiscaliaCol\",\"https:\/\/x.com\/FiscaliaCol\",\"https:\/\/www.instagram.com\/fiscaliacol\",\"https:\/\/www.linkedin.com\/company\/fiscalia-general-de-la-naci-n\/\",\"https:\/\/youtube.com\/@fiscaliageneraldelanacion-4668?si=6nN79nyQICPU5iTh\"]},{\"@type\":\"Person\",\"@id\":\"https:\/\/www.fiscalia.gov.co\/colombia\/#\/schema\/person\/06aa2210fe4d79203f428ff671dee360\",\"name\":\"Ana Mar\u00eda Gomez\",\"image\":{\"@type\":\"ImageObject\",\"inLanguage\":\"es-CO\",\"@id\":\"https:\/\/www.fiscalia.gov.co\/colombia\/#\/schema\/person\/image\/\",\"url\":\"https:\/\/secure.gravatar.com\/avatar\/a38115d98a7f8a96cbb96af2b2c37a0b?s=96&d=mm&r=g\",\"contentUrl\":\"https:\/\/secure.gravatar.com\/avatar\/a38115d98a7f8a96cbb96af2b2c37a0b?s=96&d=mm&r=g\",\"caption\":\"Ana Mar\u00eda Gomez\"},\"url\":\"https:\/\/www.fiscalia.gov.co\/colombia\/author\/agomez\/\"}]}<\/script>\n<!-- \/ Yoast SEO plugin. -->","yoast_head_json":{"title":"Fiscal\u00eda General de la Naci\u00f3n","description":"P\u00e1gina oficial de la Fiscal\u00eda General de la Naci\u00f3n \u2013 Colombia. Garantizamos el acceso efectivo a la justicia, la verdad y la reparaci\u00f3n de las v\u00edctimas de los delitos.","robots":{"index":"noindex","follow":"follow"},"og_locale":"es_ES","og_type":"article","og_title":"Fiscal\u00eda General de la Naci\u00f3n","og_description":"P\u00e1gina oficial de la Fiscal\u00eda General de la Naci\u00f3n \u2013 Colombia. Garantizamos el acceso efectivo a la justicia, la verdad y la reparaci\u00f3n de las v\u00edctimas de los delitos.","og_url":"https:\/\/www.fiscalia.gov.co\/colombia\/seguridad-territorial\/capturados-presuntos-secuestrados-de-un-rapimotero-de-choco\/","og_site_name":"Fiscal\u00eda General de la Naci\u00f3n","article_publisher":"https:\/\/www.facebook.com\/FiscaliaCol","article_published_time":"2021-02-01T20:38:12+00:00","article_modified_time":"2021-02-01T21:04:19+00:00","author":"Ana Mar\u00eda Gomez","twitter_card":"summary_large_image","twitter_creator":"@FiscaliaCol","twitter_site":"@FiscaliaCol","twitter_misc":{"Escrito por":"Ana Mar\u00eda Gomez","Tiempo de lectura":"3 minutos"},"schema":{"@context":"https:\/\/schema.org","@graph":[{"@type":"Article","@id":"https:\/\/www.fiscalia.gov.co\/colombia\/seguridad-territorial\/capturados-presuntos-secuestrados-de-un-rapimotero-de-choco\/#article","isPartOf":{"@id":"https:\/\/www.fiscalia.gov.co\/colombia\/seguridad-territorial\/capturados-presuntos-secuestrados-de-un-rapimotero-de-choco\/"},"author":{"name":"Ana Mar\u00eda Gomez","@id":"https:\/\/www.fiscalia.gov.co\/colombia\/#\/schema\/person\/06aa2210fe4d79203f428ff671dee360"},"headline":"Capturados presuntos secuestradores de un rapimotero de Choc\u00f3","datePublished":"2021-02-01T20:38:12+00:00","dateModified":"2021-02-01T21:04:19+00:00","mainEntityOfPage":{"@id":"https:\/\/www.fiscalia.gov.co\/colombia\/seguridad-territorial\/capturados-presuntos-secuestrados-de-un-rapimotero-de-choco\/"},"wordCount":598,"publisher":{"@id":"https:\/\/www.fiscalia.gov.co\/colombia\/#organization"},"keywords":["Choc\u00f3","Clan del Golfo","Fiscal\u00eda General de la Naci\u00f3n","Gaula","Hurto","Porte de armas","Secuestro extorsivo"],"articleSection":["Seccional Quibd\u00f3","Seccionales","Seguridad territorial"],"inLanguage":"es-CO"},{"@type":"WebPage","@id":"https:\/\/www.fiscalia.gov.co\/colombia\/seguridad-territorial\/capturados-presuntos-secuestrados-de-un-rapimotero-de-choco\/","url":"https:\/\/www.fiscalia.gov.co\/colombia\/seguridad-territorial\/capturados-presuntos-secuestrados-de-un-rapimotero-de-choco\/","name":"Fiscal\u00eda General de la Naci\u00f3n","isPartOf":{"@id":"https:\/\/www.fiscalia.gov.co\/colombia\/#website"},"datePublished":"2021-02-01T20:38:12+00:00","dateModified":"2021-02-01T21:04:19+00:00","description":"P\u00e1gina oficial de la Fiscal\u00eda General de la Naci\u00f3n \u2013 Colombia. Garantizamos el acceso efectivo a la justicia, la verdad y la reparaci\u00f3n de las v\u00edctimas de los delitos.","breadcrumb":{"@id":"https:\/\/www.fiscalia.gov.co\/colombia\/seguridad-territorial\/capturados-presuntos-secuestrados-de-un-rapimotero-de-choco\/#breadcrumb"},"inLanguage":"es-CO","potentialAction":[{"@type":"ReadAction","target":["https:\/\/www.fiscalia.gov.co\/colombia\/seguridad-territorial\/capturados-presuntos-secuestrados-de-un-rapimotero-de-choco\/"]}]},{"@type":"BreadcrumbList","@id":"https:\/\/www.fiscalia.gov.co\/colombia\/seguridad-territorial\/capturados-presuntos-secuestrados-de-un-rapimotero-de-choco\/#breadcrumb","itemListElement":[{"@type":"ListItem","position":1,"name":"Home","item":"https:\/\/www.fiscalia.gov.co\/colombia\/"},{"@type":"ListItem","position":2,"name":"Capturados presuntos secuestradores de un rapimotero de Choc\u00f3"}]},{"@type":"WebSite","@id":"https:\/\/www.fiscalia.gov.co\/colombia\/#website","url":"https:\/\/www.fiscalia.gov.co\/colombia\/","name":"Fiscal\u00eda General de la Naci\u00f3n","description":"P\u00e1gina oficial de la Fiscal\u00eda General de la Naci\u00f3n \u2013 Colombia. Garantizamos el acceso efectivo a la justicia, la verdad y la reparaci\u00f3n de las v\u00edctimas de los delitos.","publisher":{"@id":"https:\/\/www.fiscalia.gov.co\/colombia\/#organization"},"potentialAction":[{"@type":"SearchAction","target":{"@type":"EntryPoint","urlTemplate":"https:\/\/www.fiscalia.gov.co\/colombia\/?s={search_term_string}"},"query-input":{"@type":"PropertyValueSpecification","valueRequired":true,"valueName":"search_term_string"}}],"inLanguage":"es-CO"},{"@type":"Organization","@id":"https:\/\/www.fiscalia.gov.co\/colombia\/#organization","name":"Fiscal\u00eda General de la Naci\u00f3n","url":"https:\/\/www.fiscalia.gov.co\/colombia\/","logo":{"@type":"ImageObject","inLanguage":"es-CO","@id":"https:\/\/www.fiscalia.gov.co\/colombia\/#\/schema\/logo\/image\/","url":"https:\/\/www.fiscalia.gov.co\/colombia\/wp-content\/uploads\/LogoHorizontal_1.jpg","contentUrl":"https:\/\/www.fiscalia.gov.co\/colombia\/wp-content\/uploads\/LogoHorizontal_1.jpg","width":300,"height":90,"caption":"Fiscal\u00eda General de la Naci\u00f3n"},"image":{"@id":"https:\/\/www.fiscalia.gov.co\/colombia\/#\/schema\/logo\/image\/"},"sameAs":["https:\/\/www.facebook.com\/FiscaliaCol","https:\/\/x.com\/FiscaliaCol","https:\/\/www.instagram.com\/fiscaliacol","https:\/\/www.linkedin.com\/company\/fiscalia-general-de-la-naci-n\/","https:\/\/youtube.com\/@fiscaliageneraldelanacion-4668?si=6nN79nyQICPU5iTh"]},{"@type":"Person","@id":"https:\/\/www.fiscalia.gov.co\/colombia\/#\/schema\/person\/06aa2210fe4d79203f428ff671dee360","name":"Ana Mar\u00eda Gomez","image":{"@type":"ImageObject","inLanguage":"es-CO","@id":"https:\/\/www.fiscalia.gov.co\/colombia\/#\/schema\/person\/image\/","url":"https:\/\/secure.gravatar.com\/avatar\/a38115d98a7f8a96cbb96af2b2c37a0b?s=96&d=mm&r=g","contentUrl":"https:\/\/secure.gravatar.com\/avatar\/a38115d98a7f8a96cbb96af2b2c37a0b?s=96&d=mm&r=g","caption":"Ana Mar\u00eda Gomez"},"url":"https:\/\/www.fiscalia.gov.co\/colombia\/author\/agomez\/"}]}},"_links":{"self":[{"href":"https:\/\/www.fiscalia.gov.co\/colombia\/wp-json\/wp\/v2\/posts\/212121","targetHints":{"allow":["GET"]}}],"collection":[{"href":"https:\/\/www.fiscalia.gov.co\/colombia\/wp-json\/wp\/v2\/posts"}],"about":[{"href":"https:\/\/www.fiscalia.gov.co\/colombia\/wp-json\/wp\/v2\/types\/post"}],"author":[{"embeddable":true,"href":"https:\/\/www.fiscalia.gov.co\/colombia\/wp-json\/wp\/v2\/users\/171"}],"replies":[{"embeddable":true,"href":"https:\/\/www.fiscalia.gov.co\/colombia\/wp-json\/wp\/v2\/comments?post=212121"}],"version-history":[{"count":2,"href":"https:\/\/www.fiscalia.gov.co\/colombia\/wp-json\/wp\/v2\/posts\/212121\/revisions"}],"predecessor-version":[{"id":212126,"href":"https:\/\/www.fiscalia.gov.co\/colombia\/wp-json\/wp\/v2\/posts\/212121\/revisions\/212126"}],"wp:attachment":[{"href":"https:\/\/www.fiscalia.gov.co\/colombia\/wp-json\/wp\/v2\/media?parent=212121"}],"wp:term":[{"taxonomy":"category","embeddable":true,"href":"https:\/\/www.fiscalia.gov.co\/colombia\/wp-json\/wp\/v2\/categories?post=212121"},{"taxonomy":"post_tag","embeddable":true,"href":"https:\/\/www.fiscalia.gov.co\/colombia\/wp-json\/wp\/v2\/tags?post=212121"}],"curies":[{"name":"wp","href":"https:\/\/api.w.org\/{rel}","templated":true}]}}