{"id":212084,"date":"2021-02-01T10:53:18","date_gmt":"2021-02-01T15:53:18","guid":{"rendered":"https:\/\/www.fiscalia.gov.co\/colombia\/?p=212084"},"modified":"2021-02-01T10:53:18","modified_gmt":"2021-02-01T15:53:18","slug":"por-lanzar-granada-a-una-vivienda-fue-enviado-a-la-carcel-presunto-responsable","status":"publish","type":"post","link":"https:\/\/www.fiscalia.gov.co\/colombia\/seguridad-territorial\/por-lanzar-granada-a-una-vivienda-fue-enviado-a-la-carcel-presunto-responsable\/","title":{"rendered":"Por lanzar granada a una vivienda fue enviado a la c\u00e1rcel presunto responsable"},"content":{"rendered":"<p class=\"x_x_MsoNormal\">Un juez de control de garant\u00edas acogi\u00f3 la solicitud de la\u00a0<b>Fiscal\u00eda General de la Naci\u00f3n<\/b>\u00a0e impuso medida de aseguramiento, consistente en detenci\u00f3n preventiva en centro carcelario, en contra de Juan Manuel Guampe, como presunto responsable de\u00a0<a href=\"https:\/\/www.fiscalia.gov.co\/colombia\/seccionales\/carcel-para-un-hombre-que-amenazo-con-detonar-una-granada-de-fragmentacion\/\" target=\"_blank\" rel=\"noopener noreferrer\" data-auth=\"NotApplicable\">lanzar una granada de fragmentaci\u00f3n<\/a>\u00a0a una vivienda, en el municipio de Guacar\u00ed (Valle del Cauca).<\/p>\n<p class=\"x_x_MsoNormal\">El il\u00edcito ocurri\u00f3 el 22 de septiembre del 2020, cuando dos hombres que se movilizaban en una motocicleta habr\u00edan lanzado una\u00a0<b>granada de fragmentaci\u00f3n a una vivienda<\/b>, donde supuestamente un hombre se encontraba privado de libertad bajo detenci\u00f3n domiciliaria, en el piso 3 de dicho inmueble.<\/p>\n<figure id=\"attachment_212085\" aria-describedby=\"caption-attachment-212085\" style=\"width: 696px\" class=\"wp-caption alignleft\"><img loading=\"lazy\" decoding=\"async\" class=\"size-large wp-image-212085\" src=\"https:\/\/www.fiscalia.gov.co\/colombia\/wp-content\/uploads\/Juan-Manuel-Guampe-privado-de-la-libertad-como-presunto-responsable-de-lanzar-granada-de-fragmentaci\u00f3n-a-una-vivienda-en-Guacar\u00ed-Valle.-1024x768.jpg\" alt=\"\" width=\"696\" height=\"522\" srcset=\"https:\/\/www.fiscalia.gov.co\/colombia\/wp-content\/uploads\/Juan-Manuel-Guampe-privado-de-la-libertad-como-presunto-responsable-de-lanzar-granada-de-fragmentaci\u00f3n-a-una-vivienda-en-Guacar\u00ed-Valle.-1024x768.jpg 1024w, https:\/\/www.fiscalia.gov.co\/colombia\/wp-content\/uploads\/Juan-Manuel-Guampe-privado-de-la-libertad-como-presunto-responsable-de-lanzar-granada-de-fragmentaci\u00f3n-a-una-vivienda-en-Guacar\u00ed-Valle.-300x225.jpg 300w, https:\/\/www.fiscalia.gov.co\/colombia\/wp-content\/uploads\/Juan-Manuel-Guampe-privado-de-la-libertad-como-presunto-responsable-de-lanzar-granada-de-fragmentaci\u00f3n-a-una-vivienda-en-Guacar\u00ed-Valle.-768x576.jpg 768w, https:\/\/www.fiscalia.gov.co\/colombia\/wp-content\/uploads\/Juan-Manuel-Guampe-privado-de-la-libertad-como-presunto-responsable-de-lanzar-granada-de-fragmentaci\u00f3n-a-una-vivienda-en-Guacar\u00ed-Valle.-696x522.jpg 696w, https:\/\/www.fiscalia.gov.co\/colombia\/wp-content\/uploads\/Juan-Manuel-Guampe-privado-de-la-libertad-como-presunto-responsable-de-lanzar-granada-de-fragmentaci\u00f3n-a-una-vivienda-en-Guacar\u00ed-Valle.-1068x801.jpg 1068w, https:\/\/www.fiscalia.gov.co\/colombia\/wp-content\/uploads\/Juan-Manuel-Guampe-privado-de-la-libertad-como-presunto-responsable-de-lanzar-granada-de-fragmentaci\u00f3n-a-una-vivienda-en-Guacar\u00ed-Valle.-560x420.jpg 560w, https:\/\/www.fiscalia.gov.co\/colombia\/wp-content\/uploads\/Juan-Manuel-Guampe-privado-de-la-libertad-como-presunto-responsable-de-lanzar-granada-de-fragmentaci\u00f3n-a-una-vivienda-en-Guacar\u00ed-Valle.-80x60.jpg 80w, https:\/\/www.fiscalia.gov.co\/colombia\/wp-content\/uploads\/Juan-Manuel-Guampe-privado-de-la-libertad-como-presunto-responsable-de-lanzar-granada-de-fragmentaci\u00f3n-a-una-vivienda-en-Guacar\u00ed-Valle.-265x198.jpg 265w, https:\/\/www.fiscalia.gov.co\/colombia\/wp-content\/uploads\/Juan-Manuel-Guampe-privado-de-la-libertad-como-presunto-responsable-de-lanzar-granada-de-fragmentaci\u00f3n-a-una-vivienda-en-Guacar\u00ed-Valle..jpg 1280w\" sizes=\"auto, (max-width: 696px) 100vw, 696px\" \/><figcaption id=\"caption-attachment-212085\" class=\"wp-caption-text\">Con orden judicial, solicitada por la Fiscal\u00eda, personal de la Polic\u00eda Nacional captur\u00f3 a Guampe el 23 de enero reciente.<\/figcaption><\/figure>\n<p class=\"x_x_MsoNormal\">Seg\u00fan las autoridades, el artefacto explosivo cay\u00f3 en el segundo piso de la edificaci\u00f3n y s\u00f3lo caus\u00f3 da\u00f1os materiales.<\/p>\n<p class=\"x_x_MsoNormal\">Con orden judicial, solicitada por la Fiscal\u00eda, personal de la Polic\u00eda Nacional captur\u00f3 a Guampe el 23 de enero reciente.<\/p>\n<p class=\"x_x_MsoNormal\">Durante las audiencias preliminares, el ente acusador le imput\u00f3 cargos al capturado por el\u00a0<b>delito de homicidio agravado en grado de tentativa y porte de armas de uso privativo de las Fuerzas Militares agravado.<\/b><\/p>\n<p class=\"x_x_MsoNormal\"><span lang=\"ES\">Lo anterior, responde al cumplimiento de la estrategia de esclarecer los hechos en los que se atenta contra la seguridad ciudadana enmarcados dentro de los lineamientos del\u00a0<b>Fiscal General de la Naci\u00f3n, Francisco Barbosa Delgado,\u00a0<\/b>en su pol\u00edtica institucional \u201cEn las calles y en los territorios\u201d.<\/span><\/p>\n<p class=\"x_x_MsoNormal\"><span lang=\"ES\">La Fiscal\u00eda General de la Naci\u00f3n p\u00fablica esta informaci\u00f3n por razones de inter\u00e9s general.<\/span><span lang=\"ES\">\u00a0<\/span><\/p>\n<p class=\"x_x_MsoNormal\"><span style=\"color: #000000; font-family: Arial, sans-serif;\">MAP\/SMLR\/MG<\/span><\/p>\n<p class=\"x_x_MsoNormal\"><span style=\"color: #000000; font-family: Arial, sans-serif;\"><i>La informaci\u00f3n contenida en este bolet\u00edn de prensa corresponde a la narraci\u00f3n de los hechos noticiosos objetivos, suministrados por los funcionarios encargados de adelantar las investigaciones penales al interior de la Fiscal\u00eda General de la Naci\u00f3n. Para el momento de la divulgaci\u00f3n de este comunicado, la situaci\u00f3n jur\u00eddica de la(s) persona(s) relacionada(s) se encuentra pendiente de resolver por la autoridad judicial competente, siempre bajo los preceptos de la presunci\u00f3n de inocencia, consagrados en el art\u00edculo 29 de la Constituci\u00f3n Pol\u00edtica y el art\u00edculo 7\u00ba de la Ley 906 de 2004.<\/i><\/span><\/p>\n\n<div class=\"twitter-share\"><a href=\"https:\/\/twitter.com\/intent\/tweet?via=fiscaliacol\" class=\"twitter-share-button\">Tweet<\/a><\/div>\n","protected":false},"excerpt":{"rendered":"<p>Un juez de control de garant\u00edas acogi\u00f3 la solicitud de la\u00a0Fiscal\u00eda General de la Naci\u00f3n\u00a0e impuso medida de aseguramiento, consistente en detenci\u00f3n preventiva en centro carcelario, en contra de Juan Manuel Guampe, como presunto responsable de\u00a0lanzar una granada de fragmentaci\u00f3n\u00a0a una vivienda, en el municipio de Guacar\u00ed (Valle del Cauca). El il\u00edcito ocurri\u00f3 el 22 [&hellip;]<\/p>\n","protected":false},"author":171,"featured_media":0,"comment_status":"closed","ping_status":"open","sticky":false,"template":"","format":"standard","meta":{"tdm_status":"","tdm_grid_status":"","footnotes":""},"categories":[324,303,24099],"tags":[13889,924,24551,24659,78,24187,937,1185,25577,479],"class_list":{"0":"post-212084","1":"post","2":"type-post","3":"status-publish","4":"format-standard","6":"category-seccional-cali","7":"category-seccionales","8":"category-seguridad-territorial","9":"tag-artefacto-explosivo","10":"tag-captura","11":"tag-centro-carcelario","12":"tag-detencion-preventiva","13":"tag-fiscal-general-de-la-nacion","14":"tag-fiscalia-colombia","15":"tag-granada-de-fragmentacion","16":"tag-medida-de-aseguramiento","17":"tag-porte-de-armas-de-uso-privativo-de-las-fuerzas-militares-agravado","18":"tag-tentativa-de-homicidio"},"yoast_head":"<!-- This site is optimized with the Yoast SEO plugin v24.3 - https:\/\/yoast.com\/wordpress\/plugins\/seo\/ -->\n<title>Fiscal\u00eda General de la Naci\u00f3n<\/title>\n<meta name=\"description\" content=\"P\u00e1gina oficial de la Fiscal\u00eda General de la Naci\u00f3n \u2013 Colombia. Garantizamos el acceso efectivo a la justicia, la verdad y la reparaci\u00f3n de las v\u00edctimas de los delitos.\" \/>\n<meta name=\"robots\" content=\"noindex, follow\" \/>\n<meta property=\"og:locale\" content=\"es_ES\" \/>\n<meta property=\"og:type\" content=\"article\" \/>\n<meta property=\"og:title\" content=\"Fiscal\u00eda General de la Naci\u00f3n\" \/>\n<meta property=\"og:description\" content=\"P\u00e1gina oficial de la Fiscal\u00eda General de la Naci\u00f3n \u2013 Colombia. Garantizamos el acceso efectivo a la justicia, la verdad y la reparaci\u00f3n de las v\u00edctimas de los delitos.\" \/>\n<meta property=\"og:url\" content=\"https:\/\/www.fiscalia.gov.co\/colombia\/seguridad-territorial\/por-lanzar-granada-a-una-vivienda-fue-enviado-a-la-carcel-presunto-responsable\/\" \/>\n<meta property=\"og:site_name\" content=\"Fiscal\u00eda General de la Naci\u00f3n\" \/>\n<meta property=\"article:publisher\" content=\"https:\/\/www.facebook.com\/FiscaliaCol\" \/>\n<meta property=\"article:published_time\" content=\"2021-02-01T15:53:18+00:00\" \/>\n<meta name=\"author\" content=\"Ana Mar\u00eda Gomez\" \/>\n<meta name=\"twitter:card\" content=\"summary_large_image\" \/>\n<meta name=\"twitter:creator\" content=\"@FiscaliaCol\" \/>\n<meta name=\"twitter:site\" content=\"@FiscaliaCol\" \/>\n<meta name=\"twitter:label1\" content=\"Escrito por\" \/>\n\t<meta name=\"twitter:data1\" content=\"Ana Mar\u00eda Gomez\" \/>\n\t<meta name=\"twitter:label2\" content=\"Tiempo de lectura\" \/>\n\t<meta name=\"twitter:data2\" content=\"2 minutos\" \/>\n<script type=\"application\/ld+json\" class=\"yoast-schema-graph\">{\"@context\":\"https:\/\/schema.org\",\"@graph\":[{\"@type\":\"Article\",\"@id\":\"https:\/\/www.fiscalia.gov.co\/colombia\/seguridad-territorial\/por-lanzar-granada-a-una-vivienda-fue-enviado-a-la-carcel-presunto-responsable\/#article\",\"isPartOf\":{\"@id\":\"https:\/\/www.fiscalia.gov.co\/colombia\/seguridad-territorial\/por-lanzar-granada-a-una-vivienda-fue-enviado-a-la-carcel-presunto-responsable\/\"},\"author\":{\"name\":\"Ana Mar\u00eda Gomez\",\"@id\":\"https:\/\/www.fiscalia.gov.co\/colombia\/#\/schema\/person\/06aa2210fe4d79203f428ff671dee360\"},\"headline\":\"Por lanzar granada a una vivienda fue enviado a la c\u00e1rcel presunto responsable\",\"datePublished\":\"2021-02-01T15:53:18+00:00\",\"dateModified\":\"2021-02-01T15:53:18+00:00\",\"mainEntityOfPage\":{\"@id\":\"https:\/\/www.fiscalia.gov.co\/colombia\/seguridad-territorial\/por-lanzar-granada-a-una-vivienda-fue-enviado-a-la-carcel-presunto-responsable\/\"},\"wordCount\":398,\"publisher\":{\"@id\":\"https:\/\/www.fiscalia.gov.co\/colombia\/#organization\"},\"keywords\":[\"Artefacto explosivo\",\"Captura\",\"centro carcelario\",\"detenci\u00f3n preventiva\",\"Fiscal General de la Naci\u00f3n\",\"Fiscal\u00eda Colombia\",\"Granada de fragmentaci\u00f3n\",\"Medida de aseguramiento\",\"porte de armas de uso privativo de las Fuerzas Militares agravado\",\"Tentativa de homicidio\"],\"articleSection\":[\"Seccional Cali\",\"Seccionales\",\"Seguridad territorial\"],\"inLanguage\":\"es-CO\"},{\"@type\":\"WebPage\",\"@id\":\"https:\/\/www.fiscalia.gov.co\/colombia\/seguridad-territorial\/por-lanzar-granada-a-una-vivienda-fue-enviado-a-la-carcel-presunto-responsable\/\",\"url\":\"https:\/\/www.fiscalia.gov.co\/colombia\/seguridad-territorial\/por-lanzar-granada-a-una-vivienda-fue-enviado-a-la-carcel-presunto-responsable\/\",\"name\":\"Fiscal\u00eda General de la Naci\u00f3n\",\"isPartOf\":{\"@id\":\"https:\/\/www.fiscalia.gov.co\/colombia\/#website\"},\"datePublished\":\"2021-02-01T15:53:18+00:00\",\"dateModified\":\"2021-02-01T15:53:18+00:00\",\"description\":\"P\u00e1gina oficial de la Fiscal\u00eda General de la Naci\u00f3n \u2013 Colombia. Garantizamos el acceso efectivo a la justicia, la verdad y la reparaci\u00f3n de las v\u00edctimas de los delitos.\",\"breadcrumb\":{\"@id\":\"https:\/\/www.fiscalia.gov.co\/colombia\/seguridad-territorial\/por-lanzar-granada-a-una-vivienda-fue-enviado-a-la-carcel-presunto-responsable\/#breadcrumb\"},\"inLanguage\":\"es-CO\",\"potentialAction\":[{\"@type\":\"ReadAction\",\"target\":[\"https:\/\/www.fiscalia.gov.co\/colombia\/seguridad-territorial\/por-lanzar-granada-a-una-vivienda-fue-enviado-a-la-carcel-presunto-responsable\/\"]}]},{\"@type\":\"BreadcrumbList\",\"@id\":\"https:\/\/www.fiscalia.gov.co\/colombia\/seguridad-territorial\/por-lanzar-granada-a-una-vivienda-fue-enviado-a-la-carcel-presunto-responsable\/#breadcrumb\",\"itemListElement\":[{\"@type\":\"ListItem\",\"position\":1,\"name\":\"Home\",\"item\":\"https:\/\/www.fiscalia.gov.co\/colombia\/\"},{\"@type\":\"ListItem\",\"position\":2,\"name\":\"Por lanzar granada a una vivienda fue enviado a la c\u00e1rcel presunto responsable\"}]},{\"@type\":\"WebSite\",\"@id\":\"https:\/\/www.fiscalia.gov.co\/colombia\/#website\",\"url\":\"https:\/\/www.fiscalia.gov.co\/colombia\/\",\"name\":\"Fiscal\u00eda General de la Naci\u00f3n\",\"description\":\"P\u00e1gina oficial de la Fiscal\u00eda General de la Naci\u00f3n \u2013 Colombia. Garantizamos el acceso efectivo a la justicia, la verdad y la reparaci\u00f3n de las v\u00edctimas de los delitos.\",\"publisher\":{\"@id\":\"https:\/\/www.fiscalia.gov.co\/colombia\/#organization\"},\"potentialAction\":[{\"@type\":\"SearchAction\",\"target\":{\"@type\":\"EntryPoint\",\"urlTemplate\":\"https:\/\/www.fiscalia.gov.co\/colombia\/?s={search_term_string}\"},\"query-input\":{\"@type\":\"PropertyValueSpecification\",\"valueRequired\":true,\"valueName\":\"search_term_string\"}}],\"inLanguage\":\"es-CO\"},{\"@type\":\"Organization\",\"@id\":\"https:\/\/www.fiscalia.gov.co\/colombia\/#organization\",\"name\":\"Fiscal\u00eda General de la Naci\u00f3n\",\"url\":\"https:\/\/www.fiscalia.gov.co\/colombia\/\",\"logo\":{\"@type\":\"ImageObject\",\"inLanguage\":\"es-CO\",\"@id\":\"https:\/\/www.fiscalia.gov.co\/colombia\/#\/schema\/logo\/image\/\",\"url\":\"https:\/\/www.fiscalia.gov.co\/colombia\/wp-content\/uploads\/LogoHorizontal_1.jpg\",\"contentUrl\":\"https:\/\/www.fiscalia.gov.co\/colombia\/wp-content\/uploads\/LogoHorizontal_1.jpg\",\"width\":300,\"height\":90,\"caption\":\"Fiscal\u00eda General de la Naci\u00f3n\"},\"image\":{\"@id\":\"https:\/\/www.fiscalia.gov.co\/colombia\/#\/schema\/logo\/image\/\"},\"sameAs\":[\"https:\/\/www.facebook.com\/FiscaliaCol\",\"https:\/\/x.com\/FiscaliaCol\",\"https:\/\/www.instagram.com\/fiscaliacol\",\"https:\/\/www.linkedin.com\/company\/fiscalia-general-de-la-naci-n\/\",\"https:\/\/youtube.com\/@fiscaliageneraldelanacion-4668?si=6nN79nyQICPU5iTh\"]},{\"@type\":\"Person\",\"@id\":\"https:\/\/www.fiscalia.gov.co\/colombia\/#\/schema\/person\/06aa2210fe4d79203f428ff671dee360\",\"name\":\"Ana Mar\u00eda Gomez\",\"image\":{\"@type\":\"ImageObject\",\"inLanguage\":\"es-CO\",\"@id\":\"https:\/\/www.fiscalia.gov.co\/colombia\/#\/schema\/person\/image\/\",\"url\":\"https:\/\/secure.gravatar.com\/avatar\/a38115d98a7f8a96cbb96af2b2c37a0b?s=96&d=mm&r=g\",\"contentUrl\":\"https:\/\/secure.gravatar.com\/avatar\/a38115d98a7f8a96cbb96af2b2c37a0b?s=96&d=mm&r=g\",\"caption\":\"Ana Mar\u00eda Gomez\"},\"url\":\"https:\/\/www.fiscalia.gov.co\/colombia\/author\/agomez\/\"}]}<\/script>\n<!-- \/ Yoast SEO plugin. -->","yoast_head_json":{"title":"Fiscal\u00eda General de la Naci\u00f3n","description":"P\u00e1gina oficial de la Fiscal\u00eda General de la Naci\u00f3n \u2013 Colombia. Garantizamos el acceso efectivo a la justicia, la verdad y la reparaci\u00f3n de las v\u00edctimas de los delitos.","robots":{"index":"noindex","follow":"follow"},"og_locale":"es_ES","og_type":"article","og_title":"Fiscal\u00eda General de la Naci\u00f3n","og_description":"P\u00e1gina oficial de la Fiscal\u00eda General de la Naci\u00f3n \u2013 Colombia. Garantizamos el acceso efectivo a la justicia, la verdad y la reparaci\u00f3n de las v\u00edctimas de los delitos.","og_url":"https:\/\/www.fiscalia.gov.co\/colombia\/seguridad-territorial\/por-lanzar-granada-a-una-vivienda-fue-enviado-a-la-carcel-presunto-responsable\/","og_site_name":"Fiscal\u00eda General de la Naci\u00f3n","article_publisher":"https:\/\/www.facebook.com\/FiscaliaCol","article_published_time":"2021-02-01T15:53:18+00:00","author":"Ana Mar\u00eda Gomez","twitter_card":"summary_large_image","twitter_creator":"@FiscaliaCol","twitter_site":"@FiscaliaCol","twitter_misc":{"Escrito por":"Ana Mar\u00eda Gomez","Tiempo de lectura":"2 minutos"},"schema":{"@context":"https:\/\/schema.org","@graph":[{"@type":"Article","@id":"https:\/\/www.fiscalia.gov.co\/colombia\/seguridad-territorial\/por-lanzar-granada-a-una-vivienda-fue-enviado-a-la-carcel-presunto-responsable\/#article","isPartOf":{"@id":"https:\/\/www.fiscalia.gov.co\/colombia\/seguridad-territorial\/por-lanzar-granada-a-una-vivienda-fue-enviado-a-la-carcel-presunto-responsable\/"},"author":{"name":"Ana Mar\u00eda Gomez","@id":"https:\/\/www.fiscalia.gov.co\/colombia\/#\/schema\/person\/06aa2210fe4d79203f428ff671dee360"},"headline":"Por lanzar granada a una vivienda fue enviado a la c\u00e1rcel presunto responsable","datePublished":"2021-02-01T15:53:18+00:00","dateModified":"2021-02-01T15:53:18+00:00","mainEntityOfPage":{"@id":"https:\/\/www.fiscalia.gov.co\/colombia\/seguridad-territorial\/por-lanzar-granada-a-una-vivienda-fue-enviado-a-la-carcel-presunto-responsable\/"},"wordCount":398,"publisher":{"@id":"https:\/\/www.fiscalia.gov.co\/colombia\/#organization"},"keywords":["Artefacto explosivo","Captura","centro carcelario","detenci\u00f3n preventiva","Fiscal General de la Naci\u00f3n","Fiscal\u00eda Colombia","Granada de fragmentaci\u00f3n","Medida de aseguramiento","porte de armas de uso privativo de las Fuerzas Militares agravado","Tentativa de homicidio"],"articleSection":["Seccional Cali","Seccionales","Seguridad territorial"],"inLanguage":"es-CO"},{"@type":"WebPage","@id":"https:\/\/www.fiscalia.gov.co\/colombia\/seguridad-territorial\/por-lanzar-granada-a-una-vivienda-fue-enviado-a-la-carcel-presunto-responsable\/","url":"https:\/\/www.fiscalia.gov.co\/colombia\/seguridad-territorial\/por-lanzar-granada-a-una-vivienda-fue-enviado-a-la-carcel-presunto-responsable\/","name":"Fiscal\u00eda General de la Naci\u00f3n","isPartOf":{"@id":"https:\/\/www.fiscalia.gov.co\/colombia\/#website"},"datePublished":"2021-02-01T15:53:18+00:00","dateModified":"2021-02-01T15:53:18+00:00","description":"P\u00e1gina oficial de la Fiscal\u00eda General de la Naci\u00f3n \u2013 Colombia. Garantizamos el acceso efectivo a la justicia, la verdad y la reparaci\u00f3n de las v\u00edctimas de los delitos.","breadcrumb":{"@id":"https:\/\/www.fiscalia.gov.co\/colombia\/seguridad-territorial\/por-lanzar-granada-a-una-vivienda-fue-enviado-a-la-carcel-presunto-responsable\/#breadcrumb"},"inLanguage":"es-CO","potentialAction":[{"@type":"ReadAction","target":["https:\/\/www.fiscalia.gov.co\/colombia\/seguridad-territorial\/por-lanzar-granada-a-una-vivienda-fue-enviado-a-la-carcel-presunto-responsable\/"]}]},{"@type":"BreadcrumbList","@id":"https:\/\/www.fiscalia.gov.co\/colombia\/seguridad-territorial\/por-lanzar-granada-a-una-vivienda-fue-enviado-a-la-carcel-presunto-responsable\/#breadcrumb","itemListElement":[{"@type":"ListItem","position":1,"name":"Home","item":"https:\/\/www.fiscalia.gov.co\/colombia\/"},{"@type":"ListItem","position":2,"name":"Por lanzar granada a una vivienda fue enviado a la c\u00e1rcel presunto responsable"}]},{"@type":"WebSite","@id":"https:\/\/www.fiscalia.gov.co\/colombia\/#website","url":"https:\/\/www.fiscalia.gov.co\/colombia\/","name":"Fiscal\u00eda General de la Naci\u00f3n","description":"P\u00e1gina oficial de la Fiscal\u00eda General de la Naci\u00f3n \u2013 Colombia. Garantizamos el acceso efectivo a la justicia, la verdad y la reparaci\u00f3n de las v\u00edctimas de los delitos.","publisher":{"@id":"https:\/\/www.fiscalia.gov.co\/colombia\/#organization"},"potentialAction":[{"@type":"SearchAction","target":{"@type":"EntryPoint","urlTemplate":"https:\/\/www.fiscalia.gov.co\/colombia\/?s={search_term_string}"},"query-input":{"@type":"PropertyValueSpecification","valueRequired":true,"valueName":"search_term_string"}}],"inLanguage":"es-CO"},{"@type":"Organization","@id":"https:\/\/www.fiscalia.gov.co\/colombia\/#organization","name":"Fiscal\u00eda General de la Naci\u00f3n","url":"https:\/\/www.fiscalia.gov.co\/colombia\/","logo":{"@type":"ImageObject","inLanguage":"es-CO","@id":"https:\/\/www.fiscalia.gov.co\/colombia\/#\/schema\/logo\/image\/","url":"https:\/\/www.fiscalia.gov.co\/colombia\/wp-content\/uploads\/LogoHorizontal_1.jpg","contentUrl":"https:\/\/www.fiscalia.gov.co\/colombia\/wp-content\/uploads\/LogoHorizontal_1.jpg","width":300,"height":90,"caption":"Fiscal\u00eda General de la Naci\u00f3n"},"image":{"@id":"https:\/\/www.fiscalia.gov.co\/colombia\/#\/schema\/logo\/image\/"},"sameAs":["https:\/\/www.facebook.com\/FiscaliaCol","https:\/\/x.com\/FiscaliaCol","https:\/\/www.instagram.com\/fiscaliacol","https:\/\/www.linkedin.com\/company\/fiscalia-general-de-la-naci-n\/","https:\/\/youtube.com\/@fiscaliageneraldelanacion-4668?si=6nN79nyQICPU5iTh"]},{"@type":"Person","@id":"https:\/\/www.fiscalia.gov.co\/colombia\/#\/schema\/person\/06aa2210fe4d79203f428ff671dee360","name":"Ana Mar\u00eda Gomez","image":{"@type":"ImageObject","inLanguage":"es-CO","@id":"https:\/\/www.fiscalia.gov.co\/colombia\/#\/schema\/person\/image\/","url":"https:\/\/secure.gravatar.com\/avatar\/a38115d98a7f8a96cbb96af2b2c37a0b?s=96&d=mm&r=g","contentUrl":"https:\/\/secure.gravatar.com\/avatar\/a38115d98a7f8a96cbb96af2b2c37a0b?s=96&d=mm&r=g","caption":"Ana Mar\u00eda Gomez"},"url":"https:\/\/www.fiscalia.gov.co\/colombia\/author\/agomez\/"}]}},"_links":{"self":[{"href":"https:\/\/www.fiscalia.gov.co\/colombia\/wp-json\/wp\/v2\/posts\/212084","targetHints":{"allow":["GET"]}}],"collection":[{"href":"https:\/\/www.fiscalia.gov.co\/colombia\/wp-json\/wp\/v2\/posts"}],"about":[{"href":"https:\/\/www.fiscalia.gov.co\/colombia\/wp-json\/wp\/v2\/types\/post"}],"author":[{"embeddable":true,"href":"https:\/\/www.fiscalia.gov.co\/colombia\/wp-json\/wp\/v2\/users\/171"}],"replies":[{"embeddable":true,"href":"https:\/\/www.fiscalia.gov.co\/colombia\/wp-json\/wp\/v2\/comments?post=212084"}],"version-history":[{"count":1,"href":"https:\/\/www.fiscalia.gov.co\/colombia\/wp-json\/wp\/v2\/posts\/212084\/revisions"}],"predecessor-version":[{"id":212086,"href":"https:\/\/www.fiscalia.gov.co\/colombia\/wp-json\/wp\/v2\/posts\/212084\/revisions\/212086"}],"wp:attachment":[{"href":"https:\/\/www.fiscalia.gov.co\/colombia\/wp-json\/wp\/v2\/media?parent=212084"}],"wp:term":[{"taxonomy":"category","embeddable":true,"href":"https:\/\/www.fiscalia.gov.co\/colombia\/wp-json\/wp\/v2\/categories?post=212084"},{"taxonomy":"post_tag","embeddable":true,"href":"https:\/\/www.fiscalia.gov.co\/colombia\/wp-json\/wp\/v2\/tags?post=212084"}],"curies":[{"name":"wp","href":"https:\/\/api.w.org\/{rel}","templated":true}]}}