{"id":212073,"date":"2021-02-01T10:23:26","date_gmt":"2021-02-01T15:23:26","guid":{"rendered":"https:\/\/www.fiscalia.gov.co\/colombia\/?p=212073"},"modified":"2021-02-01T10:24:09","modified_gmt":"2021-02-01T15:24:09","slug":"golpe-al-grupo-armado-oliver-sinisterra-en-magui-payan-narino","status":"publish","type":"post","link":"https:\/\/www.fiscalia.gov.co\/colombia\/crimen-organizado\/golpe-al-grupo-armado-oliver-sinisterra-en-magui-payan-narino\/","title":{"rendered":"Golpe al grupo armado \u00d3liver Sinisterra en Mag\u00fc\u00ed Pay\u00e1n (Nari\u00f1o)"},"content":{"rendered":"<p class=\"x_x_MsoNormal\"><span lang=\"ES\">La Fiscal\u00eda General de la Naci\u00f3n judicializ\u00f3 la incautaci\u00f3n de\u00a0<\/span><a href=\"https:\/\/www.fiscalia.gov.co\/colombia\/seccionales\/fiscalia-incauto-armamento-que-perteneceria-a-la-senalada-disidencia-cordillera-de-las-farc\/\" target=\"_blank\" rel=\"noopener noreferrer\" data-auth=\"NotApplicable\"><span lang=\"ES\">armamento<\/span><\/a><span lang=\"ES\">, material de intendencia y comunicaciones que le fue hallado a una comisi\u00f3n del Grupo Armado Organizado Residual\u00a0<b>(Gaor) \u00d3liver Sinisterra<\/b>, en desarrollo de operativos por parte del Cuerpo T\u00e9cnico de Investigaci\u00f3n (CTI) y el Ej\u00e9rcito Nacional, en la vereda Boca de Mag\u00fc\u00ed, jurisdicci\u00f3n del municipio de Mag\u00fc\u00ed Pay\u00e1n (Nari\u00f1o), el 28 de enero \u00faltimo.\u00a0<\/span><\/p>\n<figure id=\"attachment_212074\" aria-describedby=\"caption-attachment-212074\" style=\"width: 696px\" class=\"wp-caption alignleft\"><img loading=\"lazy\" decoding=\"async\" class=\"size-large wp-image-212074\" src=\"https:\/\/www.fiscalia.gov.co\/colombia\/wp-content\/uploads\/La-incautaci\u00f2n-de-los-materiales-se-llev\u00f2-a-cabo-en-zon-rural-de-Magui-Payan-Nari\u00f1o-1024x766.jpeg\" alt=\"\" width=\"696\" height=\"521\" srcset=\"https:\/\/www.fiscalia.gov.co\/colombia\/wp-content\/uploads\/La-incautaci\u00f2n-de-los-materiales-se-llev\u00f2-a-cabo-en-zon-rural-de-Magui-Payan-Nari\u00f1o-1024x766.jpeg 1024w, https:\/\/www.fiscalia.gov.co\/colombia\/wp-content\/uploads\/La-incautaci\u00f2n-de-los-materiales-se-llev\u00f2-a-cabo-en-zon-rural-de-Magui-Payan-Nari\u00f1o-300x225.jpeg 300w, https:\/\/www.fiscalia.gov.co\/colombia\/wp-content\/uploads\/La-incautaci\u00f2n-de-los-materiales-se-llev\u00f2-a-cabo-en-zon-rural-de-Magui-Payan-Nari\u00f1o-768x575.jpeg 768w, https:\/\/www.fiscalia.gov.co\/colombia\/wp-content\/uploads\/La-incautaci\u00f2n-de-los-materiales-se-llev\u00f2-a-cabo-en-zon-rural-de-Magui-Payan-Nari\u00f1o-696x521.jpeg 696w, https:\/\/www.fiscalia.gov.co\/colombia\/wp-content\/uploads\/La-incautaci\u00f2n-de-los-materiales-se-llev\u00f2-a-cabo-en-zon-rural-de-Magui-Payan-Nari\u00f1o-1068x799.jpeg 1068w, https:\/\/www.fiscalia.gov.co\/colombia\/wp-content\/uploads\/La-incautaci\u00f2n-de-los-materiales-se-llev\u00f2-a-cabo-en-zon-rural-de-Magui-Payan-Nari\u00f1o-561x420.jpeg 561w, https:\/\/www.fiscalia.gov.co\/colombia\/wp-content\/uploads\/La-incautaci\u00f2n-de-los-materiales-se-llev\u00f2-a-cabo-en-zon-rural-de-Magui-Payan-Nari\u00f1o-80x60.jpeg 80w, https:\/\/www.fiscalia.gov.co\/colombia\/wp-content\/uploads\/La-incautaci\u00f2n-de-los-materiales-se-llev\u00f2-a-cabo-en-zon-rural-de-Magui-Payan-Nari\u00f1o-265x198.jpeg 265w, https:\/\/www.fiscalia.gov.co\/colombia\/wp-content\/uploads\/La-incautaci\u00f2n-de-los-materiales-se-llev\u00f2-a-cabo-en-zon-rural-de-Magui-Payan-Nari\u00f1o.jpeg 1280w\" sizes=\"auto, (max-width: 696px) 100vw, 696px\" \/><figcaption id=\"caption-attachment-212074\" class=\"wp-caption-text\">La incautaci\u00f3n del armamento se realiz\u00f3 en zona rural de Mag\u00fc\u00ed Pay\u00e1n (Nari\u00f1o).<\/figcaption><\/figure>\n<p class=\"x_x_MsoNormal\"><span lang=\"ES\">En las acciones judiciales contra los integrantes del \u2018<\/span><a href=\"https:\/\/www.fiscalia.gov.co\/colombia\/fiscal-general-de-la-nacion\/fiscalia-logra-captura-de-tres-presuntos-integrantes-de-la-estructura-disidente-oliver-sinisterra-que-habrian-participado-en-el-crimen-de-seis-personas-en-la-guayacana\/\" target=\"_blank\" rel=\"noopener noreferrer\" data-auth=\"NotApplicable\"><span lang=\"ES\">Oliver Sinisterra<\/span><\/a><span lang=\"ES\">\u2019\u00a0fue incautado:\u00a0<\/span><\/p>\n<p class=\"x_x_MsoNormal\"><b><span lang=\"ES\">\u00a0Armamento\u00a0<\/span><\/b><\/p>\n<ul>\n<li><span lang=\"ES-CO\">5 fusiles de largo alcance\u00a0<\/span><span lang=\"ES-CO\">\u00a0<\/span><\/li>\n<li><span lang=\"ES-CO\">7 proveedores\u00a0<\/span><span lang=\"ES-CO\">\u00a0<\/span><\/li>\n<\/ul>\n<ul type=\"disc\">\n<li class=\"x_x_MsoNormal\"><span lang=\"ES-CO\">675 cartuchos calibre 5.56\u00a0<\/span><span lang=\"ES-CO\">\u00a0<\/span><\/li>\n<li class=\"x_x_MsoNormal\"><span lang=\"ES-CO\">153 cartuchos de munici\u00f3n eslabonada 7.62 mil\u00edmetros\u00a0<\/span><span lang=\"ES-CO\">\u00a0<\/span><\/li>\n<li class=\"x_x_MsoNormal\"><span lang=\"ES-CO\">177 cartuchos 7.62\u00a0<\/span><span lang=\"ES-CO\">\u00a0<\/span><\/li>\n<li class=\"x_x_MsoNormal\"><span lang=\"ES-CO\">Una granada de mano IM-26<\/span><span lang=\"ES-CO\">\u00a0<\/span><\/li>\n<\/ul>\n<p class=\"x_x_MsoNormal\"><b><span lang=\"ES-CO\">Material de comunicaciones<\/span><\/b><b><span lang=\"ES-CO\">\u00a0<\/span><\/b><\/p>\n<ul type=\"disc\">\n<li class=\"x_x_MsoNormal\"><span lang=\"ES-CO\">4 radios de comunicaci\u00f3n\u00a0<\/span><span lang=\"ES-CO\">\u00a0<\/span><\/li>\n<li class=\"x_x_MsoNormal\"><span lang=\"ES-CO\">22 bater\u00edas<\/span><span lang=\"ES-CO\">\u00a0<\/span><\/li>\n<\/ul>\n<p class=\"x_x_MsoNormal\"><b><span lang=\"ES-CO\">\u00a0\u00a0\u00a0\u00a0\u00a0\u00a0Material de intendencia<\/span><\/b><span lang=\"ES-CO\">\u00a0\u00a0<\/span><\/p>\n<ul type=\"disc\">\n<li class=\"x_x_MsoNormal\"><span lang=\"ES-CO\">8 chalecos\u00a0<\/span><span lang=\"ES-CO\">\u00a0<\/span><\/li>\n<li class=\"x_x_MsoNormal\"><span lang=\"ES-CO\">2 equipos de campa\u00f1a\u00a0<\/span><span lang=\"ES-CO\">\u00a0<\/span><\/li>\n<li class=\"x_x_MsoNormal\"><span lang=\"ES-CO\">2 pares de botas\u00a0<\/span><span lang=\"ES-CO\">\u00a0<\/span><\/li>\n<li class=\"x_x_MsoNormal\"><span lang=\"ES-CO\">8 buzos pixelados\u00a0<\/span><span lang=\"ES-CO\">\u00a0<\/span><\/li>\n<li class=\"x_x_MsoNormal\"><span lang=\"ES-CO\">2 uniformes camuflados \u00a0<\/span><span lang=\"ES-CO\">\u00a0<\/span><\/li>\n<li class=\"x_x_MsoNormal\"><span lang=\"ES-CO\">Una guerrera pixelada del Ej\u00e9rcito\u00a0<\/span><span lang=\"ES-CO\">\u00a0<\/span><\/li>\n<li class=\"x_x_MsoNormal\"><span lang=\"ES-CO\">Un chaleco de la Armada Nacional\u00a0<\/span><span lang=\"ES-CO\">\u00a0<\/span><\/li>\n<li class=\"x_x_MsoNormal\"><span lang=\"ES-CO\">Una hamaca\u00a0<\/span><span lang=\"ES-CO\">\u00a0<\/span><\/li>\n<li class=\"x_x_MsoNormal\"><span lang=\"ES-CO\">Una colchoneta\u00a0<\/span><span lang=\"ES-CO\">\u00a0<\/span><\/li>\n<\/ul>\n<p class=\"x_x_MsoNormal\"><span lang=\"ES\">Este resultado obedece a las disposiciones de Fiscal General de la Naci\u00f3n, Francisco Barbosa Delgado, en la lucha contra la criminalidad organizada y la estrategia investigativa para contrarrestar los fen\u00f3menos delictivos que afectan la seguridad ciudadana.\u00a0<\/span><\/p>\n<p class=\"x_x_MsoNormal\"><span lang=\"ES\">El ente acusador hace p\u00fablica esta informaci\u00f3n por razones de inter\u00e9s general.\u00a0<\/span><\/p>\n<p class=\"x_x_MsoNormal\"><span lang=\"ES\">La Fiscal\u00eda General de la Naci\u00f3n habla con resultados.\u00a0<\/span><\/p>\n<p class=\"x_x_MsoNormal\"><span lang=\"ES\">JGPV\/ JP \/ DLBM.\u00a0<\/span><\/p>\n<p><em><span lang=\"es\">La informaci\u00f3n contenida en este bolet\u00edn de prensa corresponde a la narraci\u00f3n de los hechos noticiosos objetivos, suministrados por los funcionarios encargados de adelantar las investigaciones penales al interior de la Fiscal\u00eda General de la Naci\u00f3n. Para el momento de la divulgaci\u00f3n de este comunicado, la situaci\u00f3n jur\u00eddica de la(s) persona(s) relacionada(s) se encuentra pendiente de resolver por la autoridad judicial competente, siempre bajo los preceptos de la presunci\u00f3n de inocencia, consagrados en el art\u00edculo 29 de la Constituci\u00f3n Pol\u00edtica y el art\u00edculo 7\u00ba de la Ley 906 de 2004.<\/span><\/em><\/p>\n<p class=\"x_x_MsoNormal\"><span lang=\"ES\">\u00a0<\/span><\/p>\n\n<div class=\"twitter-share\"><a href=\"https:\/\/twitter.com\/intent\/tweet?via=fiscaliacol\" class=\"twitter-share-button\">Tweet<\/a><\/div>\n","protected":false},"excerpt":{"rendered":"<p>La Fiscal\u00eda General de la Naci\u00f3n judicializ\u00f3 la incautaci\u00f3n de\u00a0armamento, material de intendencia y comunicaciones que le fue hallado a una comisi\u00f3n del Grupo Armado Organizado Residual\u00a0(Gaor) \u00d3liver Sinisterra, en [&hellip;]<\/p>\n","protected":false},"author":171,"featured_media":0,"comment_status":"closed","ping_status":"open","sticky":false,"template":"","format":"standard","meta":{"tdm_status":"","tdm_grid_status":"","footnotes":""},"categories":[24098,334,303],"tags":[2263,12495,24526,24187,1047,25569,25576],"class_list":["post-212073","post","type-post","status-publish","format-standard","category-crimen-organizado","category-seccional-pasto","category-seccionales","tag-armamento","tag-disidencia","tag-fiscal-general-francisco-barbosa-delgado","tag-fiscalia-colombia","tag-fiscalia-general-de-la-nacion","tag-grupo-armado-residual","tag-oliver-sinisterra"],"yoast_head":"<!-- This site is optimized with the Yoast SEO plugin v24.3 - https:\/\/yoast.com\/wordpress\/plugins\/seo\/ -->\n<title>Fiscal\u00eda General de la Naci\u00f3n<\/title>\n<meta name=\"description\" content=\"P\u00e1gina oficial de la Fiscal\u00eda General de la Naci\u00f3n \u2013 Colombia. Garantizamos el acceso efectivo a la justicia, la verdad y la reparaci\u00f3n de las v\u00edctimas de los delitos.\" \/>\n<meta name=\"robots\" content=\"noindex, follow\" \/>\n<meta property=\"og:locale\" content=\"es_ES\" \/>\n<meta property=\"og:type\" content=\"article\" \/>\n<meta property=\"og:title\" content=\"Fiscal\u00eda General de la Naci\u00f3n\" \/>\n<meta property=\"og:description\" content=\"P\u00e1gina oficial de la Fiscal\u00eda General de la Naci\u00f3n \u2013 Colombia. Garantizamos el acceso efectivo a la justicia, la verdad y la reparaci\u00f3n de las v\u00edctimas de los delitos.\" \/>\n<meta property=\"og:url\" content=\"https:\/\/www.fiscalia.gov.co\/colombia\/crimen-organizado\/golpe-al-grupo-armado-oliver-sinisterra-en-magui-payan-narino\/\" \/>\n<meta property=\"og:site_name\" content=\"Fiscal\u00eda General de la Naci\u00f3n\" \/>\n<meta property=\"article:publisher\" content=\"https:\/\/www.facebook.com\/FiscaliaCol\" \/>\n<meta property=\"article:published_time\" content=\"2021-02-01T15:23:26+00:00\" \/>\n<meta property=\"article:modified_time\" content=\"2021-02-01T15:24:09+00:00\" \/>\n<meta name=\"author\" content=\"Ana Mar\u00eda Gomez\" \/>\n<meta name=\"twitter:card\" content=\"summary_large_image\" \/>\n<meta name=\"twitter:creator\" content=\"@FiscaliaCol\" \/>\n<meta name=\"twitter:site\" content=\"@FiscaliaCol\" \/>\n<meta name=\"twitter:label1\" content=\"Escrito por\" \/>\n\t<meta name=\"twitter:data1\" content=\"Ana Mar\u00eda Gomez\" \/>\n\t<meta name=\"twitter:label2\" content=\"Tiempo de lectura\" \/>\n\t<meta name=\"twitter:data2\" content=\"2 minutos\" \/>\n<script type=\"application\/ld+json\" class=\"yoast-schema-graph\">{\"@context\":\"https:\/\/schema.org\",\"@graph\":[{\"@type\":\"Article\",\"@id\":\"https:\/\/www.fiscalia.gov.co\/colombia\/crimen-organizado\/golpe-al-grupo-armado-oliver-sinisterra-en-magui-payan-narino\/#article\",\"isPartOf\":{\"@id\":\"https:\/\/www.fiscalia.gov.co\/colombia\/crimen-organizado\/golpe-al-grupo-armado-oliver-sinisterra-en-magui-payan-narino\/\"},\"author\":{\"name\":\"Ana Mar\u00eda Gomez\",\"@id\":\"https:\/\/www.fiscalia.gov.co\/colombia\/#\/schema\/person\/06aa2210fe4d79203f428ff671dee360\"},\"headline\":\"Golpe al grupo armado \u00d3liver Sinisterra en Mag\u00fc\u00ed Pay\u00e1n (Nari\u00f1o)\",\"datePublished\":\"2021-02-01T15:23:26+00:00\",\"dateModified\":\"2021-02-01T15:24:09+00:00\",\"mainEntityOfPage\":{\"@id\":\"https:\/\/www.fiscalia.gov.co\/colombia\/crimen-organizado\/golpe-al-grupo-armado-oliver-sinisterra-en-magui-payan-narino\/\"},\"wordCount\":351,\"publisher\":{\"@id\":\"https:\/\/www.fiscalia.gov.co\/colombia\/#organization\"},\"keywords\":[\"Armamento\",\"Disidencia\",\"Fiscal General Francisco Barbosa Delgado\",\"Fiscal\u00eda Colombia\",\"Fiscal\u00eda General de la Naci\u00f3n\",\"grupo armado residual\",\"\u00d3liver Sinisterra\"],\"articleSection\":[\"Crimen organizado\",\"Seccional Pasto\",\"Seccionales\"],\"inLanguage\":\"es-CO\"},{\"@type\":\"WebPage\",\"@id\":\"https:\/\/www.fiscalia.gov.co\/colombia\/crimen-organizado\/golpe-al-grupo-armado-oliver-sinisterra-en-magui-payan-narino\/\",\"url\":\"https:\/\/www.fiscalia.gov.co\/colombia\/crimen-organizado\/golpe-al-grupo-armado-oliver-sinisterra-en-magui-payan-narino\/\",\"name\":\"Fiscal\u00eda General de la Naci\u00f3n\",\"isPartOf\":{\"@id\":\"https:\/\/www.fiscalia.gov.co\/colombia\/#website\"},\"datePublished\":\"2021-02-01T15:23:26+00:00\",\"dateModified\":\"2021-02-01T15:24:09+00:00\",\"description\":\"P\u00e1gina oficial de la Fiscal\u00eda General de la Naci\u00f3n \u2013 Colombia. Garantizamos el acceso efectivo a la justicia, la verdad y la reparaci\u00f3n de las v\u00edctimas de los delitos.\",\"breadcrumb\":{\"@id\":\"https:\/\/www.fiscalia.gov.co\/colombia\/crimen-organizado\/golpe-al-grupo-armado-oliver-sinisterra-en-magui-payan-narino\/#breadcrumb\"},\"inLanguage\":\"es-CO\",\"potentialAction\":[{\"@type\":\"ReadAction\",\"target\":[\"https:\/\/www.fiscalia.gov.co\/colombia\/crimen-organizado\/golpe-al-grupo-armado-oliver-sinisterra-en-magui-payan-narino\/\"]}]},{\"@type\":\"BreadcrumbList\",\"@id\":\"https:\/\/www.fiscalia.gov.co\/colombia\/crimen-organizado\/golpe-al-grupo-armado-oliver-sinisterra-en-magui-payan-narino\/#breadcrumb\",\"itemListElement\":[{\"@type\":\"ListItem\",\"position\":1,\"name\":\"Home\",\"item\":\"https:\/\/www.fiscalia.gov.co\/colombia\/\"},{\"@type\":\"ListItem\",\"position\":2,\"name\":\"Golpe al grupo armado \u00d3liver Sinisterra en Mag\u00fc\u00ed Pay\u00e1n (Nari\u00f1o)\"}]},{\"@type\":\"WebSite\",\"@id\":\"https:\/\/www.fiscalia.gov.co\/colombia\/#website\",\"url\":\"https:\/\/www.fiscalia.gov.co\/colombia\/\",\"name\":\"Fiscal\u00eda General de la Naci\u00f3n\",\"description\":\"P\u00e1gina oficial de la Fiscal\u00eda General de la Naci\u00f3n \u2013 Colombia. Garantizamos el acceso efectivo a la justicia, la verdad y la reparaci\u00f3n de las v\u00edctimas de los delitos.\",\"publisher\":{\"@id\":\"https:\/\/www.fiscalia.gov.co\/colombia\/#organization\"},\"potentialAction\":[{\"@type\":\"SearchAction\",\"target\":{\"@type\":\"EntryPoint\",\"urlTemplate\":\"https:\/\/www.fiscalia.gov.co\/colombia\/?s={search_term_string}\"},\"query-input\":{\"@type\":\"PropertyValueSpecification\",\"valueRequired\":true,\"valueName\":\"search_term_string\"}}],\"inLanguage\":\"es-CO\"},{\"@type\":\"Organization\",\"@id\":\"https:\/\/www.fiscalia.gov.co\/colombia\/#organization\",\"name\":\"Fiscal\u00eda General de la Naci\u00f3n\",\"url\":\"https:\/\/www.fiscalia.gov.co\/colombia\/\",\"logo\":{\"@type\":\"ImageObject\",\"inLanguage\":\"es-CO\",\"@id\":\"https:\/\/www.fiscalia.gov.co\/colombia\/#\/schema\/logo\/image\/\",\"url\":\"https:\/\/www.fiscalia.gov.co\/colombia\/wp-content\/uploads\/LogoHorizontal_1.jpg\",\"contentUrl\":\"https:\/\/www.fiscalia.gov.co\/colombia\/wp-content\/uploads\/LogoHorizontal_1.jpg\",\"width\":300,\"height\":90,\"caption\":\"Fiscal\u00eda General de la Naci\u00f3n\"},\"image\":{\"@id\":\"https:\/\/www.fiscalia.gov.co\/colombia\/#\/schema\/logo\/image\/\"},\"sameAs\":[\"https:\/\/www.facebook.com\/FiscaliaCol\",\"https:\/\/x.com\/FiscaliaCol\",\"https:\/\/www.instagram.com\/fiscaliacol\",\"https:\/\/www.linkedin.com\/company\/fiscalia-general-de-la-naci-n\/\",\"https:\/\/youtube.com\/@fiscaliageneraldelanacion-4668?si=6nN79nyQICPU5iTh\"]},{\"@type\":\"Person\",\"@id\":\"https:\/\/www.fiscalia.gov.co\/colombia\/#\/schema\/person\/06aa2210fe4d79203f428ff671dee360\",\"name\":\"Ana Mar\u00eda Gomez\",\"image\":{\"@type\":\"ImageObject\",\"inLanguage\":\"es-CO\",\"@id\":\"https:\/\/www.fiscalia.gov.co\/colombia\/#\/schema\/person\/image\/\",\"url\":\"https:\/\/secure.gravatar.com\/avatar\/a38115d98a7f8a96cbb96af2b2c37a0b?s=96&d=mm&r=g\",\"contentUrl\":\"https:\/\/secure.gravatar.com\/avatar\/a38115d98a7f8a96cbb96af2b2c37a0b?s=96&d=mm&r=g\",\"caption\":\"Ana Mar\u00eda Gomez\"},\"url\":\"https:\/\/www.fiscalia.gov.co\/colombia\/author\/agomez\/\"}]}<\/script>\n<!-- \/ Yoast SEO plugin. -->","yoast_head_json":{"title":"Fiscal\u00eda General de la Naci\u00f3n","description":"P\u00e1gina oficial de la Fiscal\u00eda General de la Naci\u00f3n \u2013 Colombia. Garantizamos el acceso efectivo a la justicia, la verdad y la reparaci\u00f3n de las v\u00edctimas de los delitos.","robots":{"index":"noindex","follow":"follow"},"og_locale":"es_ES","og_type":"article","og_title":"Fiscal\u00eda General de la Naci\u00f3n","og_description":"P\u00e1gina oficial de la Fiscal\u00eda General de la Naci\u00f3n \u2013 Colombia. Garantizamos el acceso efectivo a la justicia, la verdad y la reparaci\u00f3n de las v\u00edctimas de los delitos.","og_url":"https:\/\/www.fiscalia.gov.co\/colombia\/crimen-organizado\/golpe-al-grupo-armado-oliver-sinisterra-en-magui-payan-narino\/","og_site_name":"Fiscal\u00eda General de la Naci\u00f3n","article_publisher":"https:\/\/www.facebook.com\/FiscaliaCol","article_published_time":"2021-02-01T15:23:26+00:00","article_modified_time":"2021-02-01T15:24:09+00:00","author":"Ana Mar\u00eda Gomez","twitter_card":"summary_large_image","twitter_creator":"@FiscaliaCol","twitter_site":"@FiscaliaCol","twitter_misc":{"Escrito por":"Ana Mar\u00eda Gomez","Tiempo de lectura":"2 minutos"},"schema":{"@context":"https:\/\/schema.org","@graph":[{"@type":"Article","@id":"https:\/\/www.fiscalia.gov.co\/colombia\/crimen-organizado\/golpe-al-grupo-armado-oliver-sinisterra-en-magui-payan-narino\/#article","isPartOf":{"@id":"https:\/\/www.fiscalia.gov.co\/colombia\/crimen-organizado\/golpe-al-grupo-armado-oliver-sinisterra-en-magui-payan-narino\/"},"author":{"name":"Ana Mar\u00eda Gomez","@id":"https:\/\/www.fiscalia.gov.co\/colombia\/#\/schema\/person\/06aa2210fe4d79203f428ff671dee360"},"headline":"Golpe al grupo armado \u00d3liver Sinisterra en Mag\u00fc\u00ed Pay\u00e1n (Nari\u00f1o)","datePublished":"2021-02-01T15:23:26+00:00","dateModified":"2021-02-01T15:24:09+00:00","mainEntityOfPage":{"@id":"https:\/\/www.fiscalia.gov.co\/colombia\/crimen-organizado\/golpe-al-grupo-armado-oliver-sinisterra-en-magui-payan-narino\/"},"wordCount":351,"publisher":{"@id":"https:\/\/www.fiscalia.gov.co\/colombia\/#organization"},"keywords":["Armamento","Disidencia","Fiscal General Francisco Barbosa Delgado","Fiscal\u00eda Colombia","Fiscal\u00eda General de la Naci\u00f3n","grupo armado residual","\u00d3liver Sinisterra"],"articleSection":["Crimen organizado","Seccional Pasto","Seccionales"],"inLanguage":"es-CO"},{"@type":"WebPage","@id":"https:\/\/www.fiscalia.gov.co\/colombia\/crimen-organizado\/golpe-al-grupo-armado-oliver-sinisterra-en-magui-payan-narino\/","url":"https:\/\/www.fiscalia.gov.co\/colombia\/crimen-organizado\/golpe-al-grupo-armado-oliver-sinisterra-en-magui-payan-narino\/","name":"Fiscal\u00eda General de la Naci\u00f3n","isPartOf":{"@id":"https:\/\/www.fiscalia.gov.co\/colombia\/#website"},"datePublished":"2021-02-01T15:23:26+00:00","dateModified":"2021-02-01T15:24:09+00:00","description":"P\u00e1gina oficial de la Fiscal\u00eda General de la Naci\u00f3n \u2013 Colombia. Garantizamos el acceso efectivo a la justicia, la verdad y la reparaci\u00f3n de las v\u00edctimas de los delitos.","breadcrumb":{"@id":"https:\/\/www.fiscalia.gov.co\/colombia\/crimen-organizado\/golpe-al-grupo-armado-oliver-sinisterra-en-magui-payan-narino\/#breadcrumb"},"inLanguage":"es-CO","potentialAction":[{"@type":"ReadAction","target":["https:\/\/www.fiscalia.gov.co\/colombia\/crimen-organizado\/golpe-al-grupo-armado-oliver-sinisterra-en-magui-payan-narino\/"]}]},{"@type":"BreadcrumbList","@id":"https:\/\/www.fiscalia.gov.co\/colombia\/crimen-organizado\/golpe-al-grupo-armado-oliver-sinisterra-en-magui-payan-narino\/#breadcrumb","itemListElement":[{"@type":"ListItem","position":1,"name":"Home","item":"https:\/\/www.fiscalia.gov.co\/colombia\/"},{"@type":"ListItem","position":2,"name":"Golpe al grupo armado \u00d3liver Sinisterra en Mag\u00fc\u00ed Pay\u00e1n (Nari\u00f1o)"}]},{"@type":"WebSite","@id":"https:\/\/www.fiscalia.gov.co\/colombia\/#website","url":"https:\/\/www.fiscalia.gov.co\/colombia\/","name":"Fiscal\u00eda General de la Naci\u00f3n","description":"P\u00e1gina oficial de la Fiscal\u00eda General de la Naci\u00f3n \u2013 Colombia. Garantizamos el acceso efectivo a la justicia, la verdad y la reparaci\u00f3n de las v\u00edctimas de los delitos.","publisher":{"@id":"https:\/\/www.fiscalia.gov.co\/colombia\/#organization"},"potentialAction":[{"@type":"SearchAction","target":{"@type":"EntryPoint","urlTemplate":"https:\/\/www.fiscalia.gov.co\/colombia\/?s={search_term_string}"},"query-input":{"@type":"PropertyValueSpecification","valueRequired":true,"valueName":"search_term_string"}}],"inLanguage":"es-CO"},{"@type":"Organization","@id":"https:\/\/www.fiscalia.gov.co\/colombia\/#organization","name":"Fiscal\u00eda General de la Naci\u00f3n","url":"https:\/\/www.fiscalia.gov.co\/colombia\/","logo":{"@type":"ImageObject","inLanguage":"es-CO","@id":"https:\/\/www.fiscalia.gov.co\/colombia\/#\/schema\/logo\/image\/","url":"https:\/\/www.fiscalia.gov.co\/colombia\/wp-content\/uploads\/LogoHorizontal_1.jpg","contentUrl":"https:\/\/www.fiscalia.gov.co\/colombia\/wp-content\/uploads\/LogoHorizontal_1.jpg","width":300,"height":90,"caption":"Fiscal\u00eda General de la Naci\u00f3n"},"image":{"@id":"https:\/\/www.fiscalia.gov.co\/colombia\/#\/schema\/logo\/image\/"},"sameAs":["https:\/\/www.facebook.com\/FiscaliaCol","https:\/\/x.com\/FiscaliaCol","https:\/\/www.instagram.com\/fiscaliacol","https:\/\/www.linkedin.com\/company\/fiscalia-general-de-la-naci-n\/","https:\/\/youtube.com\/@fiscaliageneraldelanacion-4668?si=6nN79nyQICPU5iTh"]},{"@type":"Person","@id":"https:\/\/www.fiscalia.gov.co\/colombia\/#\/schema\/person\/06aa2210fe4d79203f428ff671dee360","name":"Ana Mar\u00eda Gomez","image":{"@type":"ImageObject","inLanguage":"es-CO","@id":"https:\/\/www.fiscalia.gov.co\/colombia\/#\/schema\/person\/image\/","url":"https:\/\/secure.gravatar.com\/avatar\/a38115d98a7f8a96cbb96af2b2c37a0b?s=96&d=mm&r=g","contentUrl":"https:\/\/secure.gravatar.com\/avatar\/a38115d98a7f8a96cbb96af2b2c37a0b?s=96&d=mm&r=g","caption":"Ana Mar\u00eda Gomez"},"url":"https:\/\/www.fiscalia.gov.co\/colombia\/author\/agomez\/"}]}},"_links":{"self":[{"href":"https:\/\/www.fiscalia.gov.co\/colombia\/wp-json\/wp\/v2\/posts\/212073","targetHints":{"allow":["GET"]}}],"collection":[{"href":"https:\/\/www.fiscalia.gov.co\/colombia\/wp-json\/wp\/v2\/posts"}],"about":[{"href":"https:\/\/www.fiscalia.gov.co\/colombia\/wp-json\/wp\/v2\/types\/post"}],"author":[{"embeddable":true,"href":"https:\/\/www.fiscalia.gov.co\/colombia\/wp-json\/wp\/v2\/users\/171"}],"replies":[{"embeddable":true,"href":"https:\/\/www.fiscalia.gov.co\/colombia\/wp-json\/wp\/v2\/comments?post=212073"}],"version-history":[{"count":2,"href":"https:\/\/www.fiscalia.gov.co\/colombia\/wp-json\/wp\/v2\/posts\/212073\/revisions"}],"predecessor-version":[{"id":212076,"href":"https:\/\/www.fiscalia.gov.co\/colombia\/wp-json\/wp\/v2\/posts\/212073\/revisions\/212076"}],"wp:attachment":[{"href":"https:\/\/www.fiscalia.gov.co\/colombia\/wp-json\/wp\/v2\/media?parent=212073"}],"wp:term":[{"taxonomy":"category","embeddable":true,"href":"https:\/\/www.fiscalia.gov.co\/colombia\/wp-json\/wp\/v2\/categories?post=212073"},{"taxonomy":"post_tag","embeddable":true,"href":"https:\/\/www.fiscalia.gov.co\/colombia\/wp-json\/wp\/v2\/tags?post=212073"}],"curies":[{"name":"wp","href":"https:\/\/api.w.org\/{rel}","templated":true}]}}