{"id":212033,"date":"2021-02-01T08:43:06","date_gmt":"2021-02-01T13:43:06","guid":{"rendered":"https:\/\/www.fiscalia.gov.co\/colombia\/?p=212033"},"modified":"2021-02-01T08:43:06","modified_gmt":"2021-02-01T13:43:06","slug":"fiscalia-judicializo-a-presuntos-integrantes-de-la-banda-delictiva-los-contadores-en-narino","status":"publish","type":"post","link":"https:\/\/www.fiscalia.gov.co\/colombia\/crimen-organizado\/fiscalia-judicializo-a-presuntos-integrantes-de-la-banda-delictiva-los-contadores-en-narino\/","title":{"rendered":"Fiscal\u00eda judicializ\u00f3 a presuntos integrantes de la banda delictiva Los Contadores en Nari\u00f1o"},"content":{"rendered":"<h4 class=\"x_x_MsoNormal\"><strong><i><span lang=\"ES\">Esta estructura delinque al servicio de la disidencia \u00d3liver Sinisterra.\u00a0<\/span><\/i><\/strong><\/h4>\n<p class=\"x_x_MsoNormal\"><span lang=\"ES\">El juez segundo ambulante municipal con funciones de control de garant\u00edas impuso medida de aseguramiento en centro carcelario en contra de\u00a0<b>7 presuntos integrantes<\/b>\u00a0del Grupo Armado Residual Organizado (Gaor) Los Contadores, estructura adscrita la disidencia \u00d3liver Sinisterra.\u00a0<\/span><\/p>\n<p class=\"x_x_MsoNormal\"><span lang=\"ES\">Los investigados fueron capturados durante la operaci\u00f3n conjunta Enio, realizada entre unidades de la Sij\u00edn, la Sipol, el Escuadr\u00f3n M\u00f3vil de Carabineros (Emcar) y el Ej\u00e9rcito Nacional, el pasado 24 de enero.\u00a0<\/span><\/p>\n<p class=\"x_x_MsoNormal\"><span lang=\"ES\">Se trata de Jonn Willa Itas Anacona, alias Alfredo, quien presuntamente ser\u00eda el\u00a0<b>reclutador<\/b>\u00a0y encargado de adquirir armas y material b\u00e9lico para el grupo residual; Carlos Andr\u00e9s Ospina Meza, Luis Gerardo Olave Castillo, Leiner S\u00e1nchez Castrill\u00f3n, Cristian Alfredo Castillo Esterilla, Brayan Andr\u00e9s Char\u00e1 Barona, Santiago Aguirre Buitrago.\u00a0<\/span><b><span lang=\"ES\">\u00a0<\/span><\/b><b><span lang=\"ES\">\u00a0<\/span><\/b><\/p>\n<p class=\"x_x_MsoNormal\"><span lang=\"ES\">De acuerdo con las evidencias y el\u00a0<b>material probatorio<\/b>\u00a0recaudado, la Fiscal\u00eda les imput\u00f3 cargos en las audiencias concentradas entre el 25 y el 28 de enero \u00faltimo, como presuntos coautores de los delitos de fabricaci\u00f3n, tr\u00e1fico, y\u00a0<b>porte de armas<\/b>\u00a0de fuego, accesorios, partes y municiones agravado; fabricaci\u00f3n, tr\u00e1fico y\u00a0<\/span><a href=\"https:\/\/www.fiscalia.gov.co\/colombia\/seccionales\/seccional-cali\/judicializado-presunto-responsable-de-transportar-municion-de-uso-privativo-de-las-fuerzas-armadas-en-tulua-valle-del-cauca\/\" target=\"_blank\" rel=\"noopener noreferrer\" data-auth=\"NotApplicable\"><span lang=\"ES\">porte de armas de fuego<\/span><\/a><span lang=\"ES\">, municiones de uso restringido, de\u00a0<\/span><a href=\"https:\/\/www.fiscalia.gov.co\/colombia\/seccionales\/seccional-cali\/judicializado-presunto-responsable-de-transportar-municion-de-uso-privativo-de-las-fuerzas-armadas-en-tulua-valle-del-cauca\/\" target=\"_blank\" rel=\"noopener noreferrer\" data-auth=\"NotApplicable\"><span lang=\"ES\">uso privativo de las Fuerzas Armadas<\/span><\/a><span lang=\"ES\">\u00a0o explosivos.\u00a0<\/span><b><span lang=\"ES\">\u00a0<\/span><\/b><b><span lang=\"ES\">\u00a0<\/span><\/b><\/p>\n<p class=\"x_x_MsoNormal\"><span lang=\"ES\">Durante los 12 registros y allanamientos a viviendas en las veredas La Vi\u00f1a y Vaquer\u00edo del\u00a0<b>corregimiento La Guayacana<\/b>, en zona rural de Tumaco, las autoridades adem\u00e1s incautaron:\u00a0<\/span><\/p>\n<ul>\n<li><span lang=\"ES\">Una granada de fragmentaci\u00f3n\u00a0<\/span><b><span lang=\"ES\">\u00a0<\/span><\/b><\/li>\n<li><span lang=\"ES\">Una subametralladora Mini Uzi 9 mil\u00edmetros con un proveedor para 18 cartuchos del mismo calibre\u00a0<\/span><b><span lang=\"ES\">\u00a0<\/span><\/b><\/li>\n<li><span lang=\"ES\">Una pistola 9 mil\u00edmetros con un proveedor con 14 cartuchos\u00a0<\/span><b><span lang=\"ES\">\u00a0<\/span><\/b><\/li>\n<li><span lang=\"ES\">Un rev\u00f3lver calibre 38 con 6 cartuchos\u00a0<\/span><b><span lang=\"ES\">\u00a0<\/span><\/b><\/li>\n<li><span lang=\"ES\">Un rev\u00f3lver calibre 38 Smith &amp; Wesson\u00a0<\/span><b><span lang=\"ES\">\u00a0<\/span><\/b><\/li>\n<li><span lang=\"ES\">2 proveedores munici\u00f3n calibre 9 mil\u00edmetros con 30 cartuchos cada uno\u00a0<\/span><b><span lang=\"ES\">\u00a0<\/span><\/b><\/li>\n<li><span lang=\"ES\">Una pistola 9 mil\u00edmetros marca Ruger-p95 DC con un proveedor para 29 cartuchos\u00a0<\/span><b><span lang=\"ES\">\u00a0<\/span><\/b><\/li>\n<li><span lang=\"ES\">Tres tel\u00e9fonos celulares\u00a0\u00a0<\/span><b> <\/b><b><span lang=\"ES\">\u00a0<\/span><\/b><\/li>\n<\/ul>\n<p class=\"x_x_MsoNormal\"><span lang=\"ES\">La investigaci\u00f3n se desarrolla seg\u00fan los lineamientos trazados por el Fiscal General de la Naci\u00f3n, Francisco Barbosa, para combatir las estructuras delincuenciales y los delitos de alto impacto que afectan la seguridad ciudadana.\u00a0\u00a0<\/span><\/p>\n<p class=\"x_x_MsoNormal\"><span lang=\"ES\">El ente acusador hace p\u00fablica esta informaci\u00f3n por razones de inter\u00e9s general.\u00a0<\/span><\/p>\n<p class=\"x_x_MsoNormal\"><span lang=\"ES\">La Fiscal\u00eda General de la Naci\u00f3n habla con resultados.<\/span><span lang=\"ES\">\u00a0<\/span><\/p>\n<p class=\"x_x_MsoNormal\"><span lang=\"ES\">JGPV\/ JP \/ DLBM.\u00a0<\/span><\/p>\n<p class=\"x_x_MsoNormal\"><i><span lang=\"ES\">La informaci\u00f3n contenida en este bolet\u00edn de prensa corresponde a la narraci\u00f3n de los hechos noticiosos objetivos, suministrados por los funcionarios encargados de adelantar las investigaciones penales al interior de la Fiscal\u00eda General de la Naci\u00f3n. Para el momento de la divulgaci\u00f3n de este comunicado, la situaci\u00f3n jur\u00eddica de la(s) persona(s) relacionada(s) se encuentra pendiente de resolver por la autoridad judicial competente, siempre bajo los preceptos de la presunci\u00f3n de inocencia, consagrados en el art\u00edculo 29 de la Constituci\u00f3n Pol\u00edtica y el art\u00edculo 7\u00ba de la Ley 906 de 2004.<\/span><\/i><span lang=\"ES\">\u00a0\u00a0\u00a0<\/span><\/p>\n\n<div class=\"twitter-share\"><a href=\"https:\/\/twitter.com\/intent\/tweet?via=fiscaliacol\" class=\"twitter-share-button\">Tweet<\/a><\/div>\n","protected":false},"excerpt":{"rendered":"<p>Esta estructura delinque al servicio de la disidencia \u00d3liver Sinisterra.\u00a0 El juez segundo ambulante municipal con funciones de control de garant\u00edas impuso medida de aseguramiento en centro carcelario en contra [&hellip;]<\/p>\n","protected":false},"author":171,"featured_media":0,"comment_status":"closed","ping_status":"open","sticky":false,"template":"","format":"standard","meta":{"tdm_status":"","tdm_grid_status":"","footnotes":""},"categories":[24098,334,303],"tags":[25571,24205,25570,24526,1047,25569,7061],"class_list":["post-212033","post","type-post","status-publish","format-standard","category-crimen-organizado","category-seccional-pasto","category-seccionales","tag-corregimiento-la-guayacana","tag-disidencias","tag-estructura-los-contadores","tag-fiscal-general-francisco-barbosa-delgado","tag-fiscalia-general-de-la-nacion","tag-grupo-armado-residual","tag-porte-de-armas-de-fuego"],"yoast_head":"<!-- This site is optimized with the Yoast SEO plugin v24.3 - https:\/\/yoast.com\/wordpress\/plugins\/seo\/ -->\n<title>Fiscal\u00eda General de la Naci\u00f3n<\/title>\n<meta name=\"description\" content=\"P\u00e1gina oficial de la Fiscal\u00eda General de la Naci\u00f3n \u2013 Colombia. Garantizamos el acceso efectivo a la justicia, la verdad y la reparaci\u00f3n de las v\u00edctimas de los delitos.\" \/>\n<meta name=\"robots\" content=\"noindex, follow\" \/>\n<meta property=\"og:locale\" content=\"es_ES\" \/>\n<meta property=\"og:type\" content=\"article\" \/>\n<meta property=\"og:title\" content=\"Fiscal\u00eda General de la Naci\u00f3n\" \/>\n<meta property=\"og:description\" content=\"P\u00e1gina oficial de la Fiscal\u00eda General de la Naci\u00f3n \u2013 Colombia. Garantizamos el acceso efectivo a la justicia, la verdad y la reparaci\u00f3n de las v\u00edctimas de los delitos.\" \/>\n<meta property=\"og:url\" content=\"https:\/\/www.fiscalia.gov.co\/colombia\/crimen-organizado\/fiscalia-judicializo-a-presuntos-integrantes-de-la-banda-delictiva-los-contadores-en-narino\/\" \/>\n<meta property=\"og:site_name\" content=\"Fiscal\u00eda General de la Naci\u00f3n\" \/>\n<meta property=\"article:publisher\" content=\"https:\/\/www.facebook.com\/FiscaliaCol\" \/>\n<meta property=\"article:published_time\" content=\"2021-02-01T13:43:06+00:00\" \/>\n<meta name=\"author\" content=\"Ana Mar\u00eda Gomez\" \/>\n<meta name=\"twitter:card\" content=\"summary_large_image\" \/>\n<meta name=\"twitter:creator\" content=\"@FiscaliaCol\" \/>\n<meta name=\"twitter:site\" content=\"@FiscaliaCol\" \/>\n<meta name=\"twitter:label1\" content=\"Escrito por\" \/>\n\t<meta name=\"twitter:data1\" content=\"Ana Mar\u00eda Gomez\" \/>\n\t<meta name=\"twitter:label2\" content=\"Tiempo de lectura\" \/>\n\t<meta name=\"twitter:data2\" content=\"2 minutos\" \/>\n<script type=\"application\/ld+json\" class=\"yoast-schema-graph\">{\"@context\":\"https:\/\/schema.org\",\"@graph\":[{\"@type\":\"Article\",\"@id\":\"https:\/\/www.fiscalia.gov.co\/colombia\/crimen-organizado\/fiscalia-judicializo-a-presuntos-integrantes-de-la-banda-delictiva-los-contadores-en-narino\/#article\",\"isPartOf\":{\"@id\":\"https:\/\/www.fiscalia.gov.co\/colombia\/crimen-organizado\/fiscalia-judicializo-a-presuntos-integrantes-de-la-banda-delictiva-los-contadores-en-narino\/\"},\"author\":{\"name\":\"Ana Mar\u00eda Gomez\",\"@id\":\"https:\/\/www.fiscalia.gov.co\/colombia\/#\/schema\/person\/06aa2210fe4d79203f428ff671dee360\"},\"headline\":\"Fiscal\u00eda judicializ\u00f3 a presuntos integrantes de la banda delictiva Los Contadores en Nari\u00f1o\",\"datePublished\":\"2021-02-01T13:43:06+00:00\",\"dateModified\":\"2021-02-01T13:43:06+00:00\",\"mainEntityOfPage\":{\"@id\":\"https:\/\/www.fiscalia.gov.co\/colombia\/crimen-organizado\/fiscalia-judicializo-a-presuntos-integrantes-de-la-banda-delictiva-los-contadores-en-narino\/\"},\"wordCount\":489,\"publisher\":{\"@id\":\"https:\/\/www.fiscalia.gov.co\/colombia\/#organization\"},\"keywords\":[\"corregimiento La Guayacana\",\"disidencias\",\"estructura Los Contadores\",\"Fiscal General Francisco Barbosa Delgado\",\"Fiscal\u00eda General de la Naci\u00f3n\",\"grupo armado residual\",\"Porte de armas de fuego\"],\"articleSection\":[\"Crimen organizado\",\"Seccional Pasto\",\"Seccionales\"],\"inLanguage\":\"es-CO\"},{\"@type\":\"WebPage\",\"@id\":\"https:\/\/www.fiscalia.gov.co\/colombia\/crimen-organizado\/fiscalia-judicializo-a-presuntos-integrantes-de-la-banda-delictiva-los-contadores-en-narino\/\",\"url\":\"https:\/\/www.fiscalia.gov.co\/colombia\/crimen-organizado\/fiscalia-judicializo-a-presuntos-integrantes-de-la-banda-delictiva-los-contadores-en-narino\/\",\"name\":\"Fiscal\u00eda General de la Naci\u00f3n\",\"isPartOf\":{\"@id\":\"https:\/\/www.fiscalia.gov.co\/colombia\/#website\"},\"datePublished\":\"2021-02-01T13:43:06+00:00\",\"dateModified\":\"2021-02-01T13:43:06+00:00\",\"description\":\"P\u00e1gina oficial de la Fiscal\u00eda General de la Naci\u00f3n \u2013 Colombia. Garantizamos el acceso efectivo a la justicia, la verdad y la reparaci\u00f3n de las v\u00edctimas de los delitos.\",\"breadcrumb\":{\"@id\":\"https:\/\/www.fiscalia.gov.co\/colombia\/crimen-organizado\/fiscalia-judicializo-a-presuntos-integrantes-de-la-banda-delictiva-los-contadores-en-narino\/#breadcrumb\"},\"inLanguage\":\"es-CO\",\"potentialAction\":[{\"@type\":\"ReadAction\",\"target\":[\"https:\/\/www.fiscalia.gov.co\/colombia\/crimen-organizado\/fiscalia-judicializo-a-presuntos-integrantes-de-la-banda-delictiva-los-contadores-en-narino\/\"]}]},{\"@type\":\"BreadcrumbList\",\"@id\":\"https:\/\/www.fiscalia.gov.co\/colombia\/crimen-organizado\/fiscalia-judicializo-a-presuntos-integrantes-de-la-banda-delictiva-los-contadores-en-narino\/#breadcrumb\",\"itemListElement\":[{\"@type\":\"ListItem\",\"position\":1,\"name\":\"Home\",\"item\":\"https:\/\/www.fiscalia.gov.co\/colombia\/\"},{\"@type\":\"ListItem\",\"position\":2,\"name\":\"Fiscal\u00eda judicializ\u00f3 a presuntos integrantes de la banda delictiva Los Contadores en Nari\u00f1o\"}]},{\"@type\":\"WebSite\",\"@id\":\"https:\/\/www.fiscalia.gov.co\/colombia\/#website\",\"url\":\"https:\/\/www.fiscalia.gov.co\/colombia\/\",\"name\":\"Fiscal\u00eda General de la Naci\u00f3n\",\"description\":\"P\u00e1gina oficial de la Fiscal\u00eda General de la Naci\u00f3n \u2013 Colombia. Garantizamos el acceso efectivo a la justicia, la verdad y la reparaci\u00f3n de las v\u00edctimas de los delitos.\",\"publisher\":{\"@id\":\"https:\/\/www.fiscalia.gov.co\/colombia\/#organization\"},\"potentialAction\":[{\"@type\":\"SearchAction\",\"target\":{\"@type\":\"EntryPoint\",\"urlTemplate\":\"https:\/\/www.fiscalia.gov.co\/colombia\/?s={search_term_string}\"},\"query-input\":{\"@type\":\"PropertyValueSpecification\",\"valueRequired\":true,\"valueName\":\"search_term_string\"}}],\"inLanguage\":\"es-CO\"},{\"@type\":\"Organization\",\"@id\":\"https:\/\/www.fiscalia.gov.co\/colombia\/#organization\",\"name\":\"Fiscal\u00eda General de la Naci\u00f3n\",\"url\":\"https:\/\/www.fiscalia.gov.co\/colombia\/\",\"logo\":{\"@type\":\"ImageObject\",\"inLanguage\":\"es-CO\",\"@id\":\"https:\/\/www.fiscalia.gov.co\/colombia\/#\/schema\/logo\/image\/\",\"url\":\"https:\/\/www.fiscalia.gov.co\/colombia\/wp-content\/uploads\/LogoHorizontal_1.jpg\",\"contentUrl\":\"https:\/\/www.fiscalia.gov.co\/colombia\/wp-content\/uploads\/LogoHorizontal_1.jpg\",\"width\":300,\"height\":90,\"caption\":\"Fiscal\u00eda General de la Naci\u00f3n\"},\"image\":{\"@id\":\"https:\/\/www.fiscalia.gov.co\/colombia\/#\/schema\/logo\/image\/\"},\"sameAs\":[\"https:\/\/www.facebook.com\/FiscaliaCol\",\"https:\/\/x.com\/FiscaliaCol\",\"https:\/\/www.instagram.com\/fiscaliacol\",\"https:\/\/www.linkedin.com\/company\/fiscalia-general-de-la-naci-n\/\",\"https:\/\/youtube.com\/@fiscaliageneraldelanacion-4668?si=6nN79nyQICPU5iTh\"]},{\"@type\":\"Person\",\"@id\":\"https:\/\/www.fiscalia.gov.co\/colombia\/#\/schema\/person\/06aa2210fe4d79203f428ff671dee360\",\"name\":\"Ana Mar\u00eda Gomez\",\"image\":{\"@type\":\"ImageObject\",\"inLanguage\":\"es-CO\",\"@id\":\"https:\/\/www.fiscalia.gov.co\/colombia\/#\/schema\/person\/image\/\",\"url\":\"https:\/\/secure.gravatar.com\/avatar\/a38115d98a7f8a96cbb96af2b2c37a0b?s=96&d=mm&r=g\",\"contentUrl\":\"https:\/\/secure.gravatar.com\/avatar\/a38115d98a7f8a96cbb96af2b2c37a0b?s=96&d=mm&r=g\",\"caption\":\"Ana Mar\u00eda Gomez\"},\"url\":\"https:\/\/www.fiscalia.gov.co\/colombia\/author\/agomez\/\"}]}<\/script>\n<!-- \/ Yoast SEO plugin. -->","yoast_head_json":{"title":"Fiscal\u00eda General de la Naci\u00f3n","description":"P\u00e1gina oficial de la Fiscal\u00eda General de la Naci\u00f3n \u2013 Colombia. Garantizamos el acceso efectivo a la justicia, la verdad y la reparaci\u00f3n de las v\u00edctimas de los delitos.","robots":{"index":"noindex","follow":"follow"},"og_locale":"es_ES","og_type":"article","og_title":"Fiscal\u00eda General de la Naci\u00f3n","og_description":"P\u00e1gina oficial de la Fiscal\u00eda General de la Naci\u00f3n \u2013 Colombia. Garantizamos el acceso efectivo a la justicia, la verdad y la reparaci\u00f3n de las v\u00edctimas de los delitos.","og_url":"https:\/\/www.fiscalia.gov.co\/colombia\/crimen-organizado\/fiscalia-judicializo-a-presuntos-integrantes-de-la-banda-delictiva-los-contadores-en-narino\/","og_site_name":"Fiscal\u00eda General de la Naci\u00f3n","article_publisher":"https:\/\/www.facebook.com\/FiscaliaCol","article_published_time":"2021-02-01T13:43:06+00:00","author":"Ana Mar\u00eda Gomez","twitter_card":"summary_large_image","twitter_creator":"@FiscaliaCol","twitter_site":"@FiscaliaCol","twitter_misc":{"Escrito por":"Ana Mar\u00eda Gomez","Tiempo de lectura":"2 minutos"},"schema":{"@context":"https:\/\/schema.org","@graph":[{"@type":"Article","@id":"https:\/\/www.fiscalia.gov.co\/colombia\/crimen-organizado\/fiscalia-judicializo-a-presuntos-integrantes-de-la-banda-delictiva-los-contadores-en-narino\/#article","isPartOf":{"@id":"https:\/\/www.fiscalia.gov.co\/colombia\/crimen-organizado\/fiscalia-judicializo-a-presuntos-integrantes-de-la-banda-delictiva-los-contadores-en-narino\/"},"author":{"name":"Ana Mar\u00eda Gomez","@id":"https:\/\/www.fiscalia.gov.co\/colombia\/#\/schema\/person\/06aa2210fe4d79203f428ff671dee360"},"headline":"Fiscal\u00eda judicializ\u00f3 a presuntos integrantes de la banda delictiva Los Contadores en Nari\u00f1o","datePublished":"2021-02-01T13:43:06+00:00","dateModified":"2021-02-01T13:43:06+00:00","mainEntityOfPage":{"@id":"https:\/\/www.fiscalia.gov.co\/colombia\/crimen-organizado\/fiscalia-judicializo-a-presuntos-integrantes-de-la-banda-delictiva-los-contadores-en-narino\/"},"wordCount":489,"publisher":{"@id":"https:\/\/www.fiscalia.gov.co\/colombia\/#organization"},"keywords":["corregimiento La Guayacana","disidencias","estructura Los Contadores","Fiscal General Francisco Barbosa Delgado","Fiscal\u00eda General de la Naci\u00f3n","grupo armado residual","Porte de armas de fuego"],"articleSection":["Crimen organizado","Seccional Pasto","Seccionales"],"inLanguage":"es-CO"},{"@type":"WebPage","@id":"https:\/\/www.fiscalia.gov.co\/colombia\/crimen-organizado\/fiscalia-judicializo-a-presuntos-integrantes-de-la-banda-delictiva-los-contadores-en-narino\/","url":"https:\/\/www.fiscalia.gov.co\/colombia\/crimen-organizado\/fiscalia-judicializo-a-presuntos-integrantes-de-la-banda-delictiva-los-contadores-en-narino\/","name":"Fiscal\u00eda General de la Naci\u00f3n","isPartOf":{"@id":"https:\/\/www.fiscalia.gov.co\/colombia\/#website"},"datePublished":"2021-02-01T13:43:06+00:00","dateModified":"2021-02-01T13:43:06+00:00","description":"P\u00e1gina oficial de la Fiscal\u00eda General de la Naci\u00f3n \u2013 Colombia. Garantizamos el acceso efectivo a la justicia, la verdad y la reparaci\u00f3n de las v\u00edctimas de los delitos.","breadcrumb":{"@id":"https:\/\/www.fiscalia.gov.co\/colombia\/crimen-organizado\/fiscalia-judicializo-a-presuntos-integrantes-de-la-banda-delictiva-los-contadores-en-narino\/#breadcrumb"},"inLanguage":"es-CO","potentialAction":[{"@type":"ReadAction","target":["https:\/\/www.fiscalia.gov.co\/colombia\/crimen-organizado\/fiscalia-judicializo-a-presuntos-integrantes-de-la-banda-delictiva-los-contadores-en-narino\/"]}]},{"@type":"BreadcrumbList","@id":"https:\/\/www.fiscalia.gov.co\/colombia\/crimen-organizado\/fiscalia-judicializo-a-presuntos-integrantes-de-la-banda-delictiva-los-contadores-en-narino\/#breadcrumb","itemListElement":[{"@type":"ListItem","position":1,"name":"Home","item":"https:\/\/www.fiscalia.gov.co\/colombia\/"},{"@type":"ListItem","position":2,"name":"Fiscal\u00eda judicializ\u00f3 a presuntos integrantes de la banda delictiva Los Contadores en Nari\u00f1o"}]},{"@type":"WebSite","@id":"https:\/\/www.fiscalia.gov.co\/colombia\/#website","url":"https:\/\/www.fiscalia.gov.co\/colombia\/","name":"Fiscal\u00eda General de la Naci\u00f3n","description":"P\u00e1gina oficial de la Fiscal\u00eda General de la Naci\u00f3n \u2013 Colombia. Garantizamos el acceso efectivo a la justicia, la verdad y la reparaci\u00f3n de las v\u00edctimas de los delitos.","publisher":{"@id":"https:\/\/www.fiscalia.gov.co\/colombia\/#organization"},"potentialAction":[{"@type":"SearchAction","target":{"@type":"EntryPoint","urlTemplate":"https:\/\/www.fiscalia.gov.co\/colombia\/?s={search_term_string}"},"query-input":{"@type":"PropertyValueSpecification","valueRequired":true,"valueName":"search_term_string"}}],"inLanguage":"es-CO"},{"@type":"Organization","@id":"https:\/\/www.fiscalia.gov.co\/colombia\/#organization","name":"Fiscal\u00eda General de la Naci\u00f3n","url":"https:\/\/www.fiscalia.gov.co\/colombia\/","logo":{"@type":"ImageObject","inLanguage":"es-CO","@id":"https:\/\/www.fiscalia.gov.co\/colombia\/#\/schema\/logo\/image\/","url":"https:\/\/www.fiscalia.gov.co\/colombia\/wp-content\/uploads\/LogoHorizontal_1.jpg","contentUrl":"https:\/\/www.fiscalia.gov.co\/colombia\/wp-content\/uploads\/LogoHorizontal_1.jpg","width":300,"height":90,"caption":"Fiscal\u00eda General de la Naci\u00f3n"},"image":{"@id":"https:\/\/www.fiscalia.gov.co\/colombia\/#\/schema\/logo\/image\/"},"sameAs":["https:\/\/www.facebook.com\/FiscaliaCol","https:\/\/x.com\/FiscaliaCol","https:\/\/www.instagram.com\/fiscaliacol","https:\/\/www.linkedin.com\/company\/fiscalia-general-de-la-naci-n\/","https:\/\/youtube.com\/@fiscaliageneraldelanacion-4668?si=6nN79nyQICPU5iTh"]},{"@type":"Person","@id":"https:\/\/www.fiscalia.gov.co\/colombia\/#\/schema\/person\/06aa2210fe4d79203f428ff671dee360","name":"Ana Mar\u00eda Gomez","image":{"@type":"ImageObject","inLanguage":"es-CO","@id":"https:\/\/www.fiscalia.gov.co\/colombia\/#\/schema\/person\/image\/","url":"https:\/\/secure.gravatar.com\/avatar\/a38115d98a7f8a96cbb96af2b2c37a0b?s=96&d=mm&r=g","contentUrl":"https:\/\/secure.gravatar.com\/avatar\/a38115d98a7f8a96cbb96af2b2c37a0b?s=96&d=mm&r=g","caption":"Ana Mar\u00eda Gomez"},"url":"https:\/\/www.fiscalia.gov.co\/colombia\/author\/agomez\/"}]}},"_links":{"self":[{"href":"https:\/\/www.fiscalia.gov.co\/colombia\/wp-json\/wp\/v2\/posts\/212033","targetHints":{"allow":["GET"]}}],"collection":[{"href":"https:\/\/www.fiscalia.gov.co\/colombia\/wp-json\/wp\/v2\/posts"}],"about":[{"href":"https:\/\/www.fiscalia.gov.co\/colombia\/wp-json\/wp\/v2\/types\/post"}],"author":[{"embeddable":true,"href":"https:\/\/www.fiscalia.gov.co\/colombia\/wp-json\/wp\/v2\/users\/171"}],"replies":[{"embeddable":true,"href":"https:\/\/www.fiscalia.gov.co\/colombia\/wp-json\/wp\/v2\/comments?post=212033"}],"version-history":[{"count":1,"href":"https:\/\/www.fiscalia.gov.co\/colombia\/wp-json\/wp\/v2\/posts\/212033\/revisions"}],"predecessor-version":[{"id":212037,"href":"https:\/\/www.fiscalia.gov.co\/colombia\/wp-json\/wp\/v2\/posts\/212033\/revisions\/212037"}],"wp:attachment":[{"href":"https:\/\/www.fiscalia.gov.co\/colombia\/wp-json\/wp\/v2\/media?parent=212033"}],"wp:term":[{"taxonomy":"category","embeddable":true,"href":"https:\/\/www.fiscalia.gov.co\/colombia\/wp-json\/wp\/v2\/categories?post=212033"},{"taxonomy":"post_tag","embeddable":true,"href":"https:\/\/www.fiscalia.gov.co\/colombia\/wp-json\/wp\/v2\/tags?post=212033"}],"curies":[{"name":"wp","href":"https:\/\/api.w.org\/{rel}","templated":true}]}}