{"id":212028,"date":"2021-02-01T08:29:20","date_gmt":"2021-02-01T13:29:20","guid":{"rendered":"https:\/\/www.fiscalia.gov.co\/colombia\/?p=212028"},"modified":"2021-02-01T08:30:35","modified_gmt":"2021-02-01T13:30:35","slug":"fiscalia-logra-condenas-ejemplares-contra-responsables-de-feminicidios-en-putumayo-y-bogota","status":"publish","type":"post","link":"https:\/\/www.fiscalia.gov.co\/colombia\/hay-justicia\/fiscalia-logra-condenas-ejemplares-contra-responsables-de-feminicidios-en-putumayo-y-bogota\/","title":{"rendered":"Fiscal\u00eda logra condenas ejemplares contra responsables de feminicidios en Putumayo y Bogot\u00e1"},"content":{"rendered":"<h4><strong><i><span lang=\"es-CO\">Entre el 14 de febrero de 2020 y el 29 de enero \u00faltimo, la Fiscal\u00eda General de la Naci\u00f3n ha obtenido un avance de 94.92% en el esclarecimiento de feminicidios.<\/span><\/i><\/strong><\/h4>\n<p><span lang=\"es\">Como parte de la priorizaci\u00f3n de los delitos contra la vida y la integridad de las mujeres, definida por el Fiscal General de la Naci\u00f3n, Francisco Barbosa Delgado, en el Direccionamiento Estrat\u00e9gico 2020 \u2013 2024, se concluyeron dos investigaciones por feminicidios ocurridos en Putumayo y Bogot\u00e1, y se obtuvieron sentencias condenatorias contra los responsables.<\/span><\/p>\n<p><b><span lang=\"es\">Primer caso<\/span><\/b><\/p>\n<p><span lang=\"es\">El Juzgado Primero Penal del Circuito de Mocoa (Putumayo) conden\u00f3\u00a0<b>a 40 a\u00f1os y 6 meses de prisi\u00f3n\u00a0<\/b>a<b>\u00a0<\/b>Guelmer Guti\u00e9rrez Yate, y lo declar\u00f3 responsable del delito de\u00a0<\/span><span lang=\"es-CO\"><a href=\"https:\/\/www.fiscalia.gov.co\/colombia\/violencia-sexual-e-intrafamiliar\/a-la-carcel-presunto-responsable-de-feminicidio-ocurrido-en-2020-en-casanare\/\" target=\"_blank\" rel=\"noopener noreferrer\" data-auth=\"NotApplicable\"><b><span lang=\"es\">feminicidio<\/span><\/b><\/a><\/span><span lang=\"es-CO\">, por la muerte de\u00a0<\/span><span lang=\"es\">su\u00a0<b>compa\u00f1era sentimental.<\/b>\u00a0\u00a0<\/span><\/p>\n<p><span lang=\"es\">De acuerdo con las\u00a0evidencias\u00a0recopiladas\u00a0por la Fiscal\u00eda, el 10 de febrero de 2019, la v\u00edctima y su pareja se encontraron en\u00a0la\u00a0vereda La Amistad de Puerto Guzm\u00e1n (Putumayo). \u00a0Al parecer, la mujer pretend\u00eda quedarse en la casa de una amiga y el hombre, para impedirlo, la golpe\u00f3 y se la llev\u00f3 a un lugar oscuro y abandonado, donde la atac\u00f3 con arma blanca.<\/span><\/p>\n<p><span lang=\"es\">En la investigaci\u00f3n qued\u00f3 en evidencia que Guti\u00e9rrez Yate agred\u00eda continuamente a su compa\u00f1era, a\u00fan en presencia de familiares y conocidos que habr\u00edan intervenido en varias oportunidades.<\/span><span lang=\"es-CO\">\u00a0<\/span><\/p>\n<p><b><span lang=\"es-CO\">Segundo caso<\/span><\/b><\/p>\n<p><span lang=\"es\">Gracias al material probatorio presentado por la Fiscal\u00eda General de la Naci\u00f3n, el\u00a0Juzgado Octavo Penal del Circuito de Bogot\u00e1\u00a0conden\u00f3 a\u00a0<b>Harvey Alex\u00e1nder Ipuz Rinc\u00f3n\u00a0<\/b>a\u00a0<b>43 a\u00f1os y 8 meses de prisi\u00f3n<\/b>, como responsable de los delitos de\u00a0<b>feminicidio agravado\u00a0<\/b>en concurso heterog\u00e9neo con<b>\u00a0homicidio agravado en la modalidad de tentativa.\u00a0<\/b><\/span><\/p>\n<p><span lang=\"es\">El 31 de julio de 2017, en\u00a0el<b>\u00a0barrio Patio Bonito\u00a0<\/b>de la localidad de Kennedy, en el suroccidente de la ciudad, el hoy sentenciado atac\u00f3 y caus\u00f3 la muerte de su expareja, identificada como Aura Virginia Gonz\u00e1lez Malag\u00f3n. La Fiscal\u00eda estableci\u00f3 que la mujer hab\u00eda puesto fin a la relaci\u00f3n ante el maltrato f\u00edsico que soportaba. Esta fue la causa de la mortal agresi\u00f3n.<\/span><\/p>\n<p><span lang=\"es\">El d\u00eda de los hechos, la v\u00edctima recibi\u00f3 a su excompa\u00f1ero en la casa. Le ofreci\u00f3 un caf\u00e9 y cuando fue a serv\u00edrselo, \u00e9ste la atac\u00f3 en varias oportunidades con un arma blanca. Una hija trat\u00f3 de impedir el ataque, pero tambi\u00e9n fue herida en el cuello por\u00a0<b>Ipuz Rinc\u00f3n.<\/b><\/span><\/p>\n<p><span lang=\"es\">La Fiscal\u00eda apel\u00f3 la decisi\u00f3n de homicidio agravado en la modalidad de tentativa por la que fue impuesta la pena, por considerar que la agresi\u00f3n contra la mujer que intercedi\u00f3 para intentar salvar a su mam\u00e1 deb\u00eda ser reconocida\u00a0<\/span><span lang=\"es\">como feminicidio agravado en la modalidad de tentativa.\u00a0<\/span><\/p>\n<p><b><span lang=\"es-CO\">La cifra<\/span><\/b><\/p>\n<p><span lang=\"es-CO\">Entre el 14 de febrero de 2020 y el 29 de enero \u00faltimo, la Fiscal\u00eda General de la Naci\u00f3n logr\u00f3 un avance de\u00a094.92%\u00a0en\u00a0el esclarecimiento de feminicidios, que corresponde a 168 v\u00edctimas de 177 registradas.<\/span><\/p>\n<p><span lang=\"es\">Es importante resaltar que, gracias a la capacidad investigativa de la Fiscal\u00eda y la articulaci\u00f3n de capacidades con otras entidades, en Putumayo el nivel de esclarecimiento de feminicidios fue de 100%, en 2020.<\/span><\/p>\n<p><span lang=\"es\">\u00a0<\/span><b><span lang=\"es\">La Fiscal\u00eda habla con resultados.<\/span><\/b><\/p>\n<p><span lang=\"es-CO\">LMGM\/\/LMFO\/MAGA\/<\/span><span lang=\"es-CO\">DLBM<\/span><span lang=\"es-CO\">\/GRM\/ACR<\/span><span lang=\"es-CO\">\/JARG\/MRC.<\/span><\/p>\n<p><span lang=\"es-CO\">\u00a0<\/span><\/p>\n\n<div class=\"twitter-share\"><a href=\"https:\/\/twitter.com\/intent\/tweet?via=fiscaliacol\" class=\"twitter-share-button\">Tweet<\/a><\/div>\n","protected":false},"excerpt":{"rendered":"<p>Entre el 14 de febrero de 2020 y el 29 de enero \u00faltimo, la Fiscal\u00eda General de la Naci\u00f3n ha obtenido un avance de 94.92% en el esclarecimiento de feminicidios. Como parte de la priorizaci\u00f3n de los delitos contra la vida y la integridad de las mujeres, definida por el Fiscal General de la Naci\u00f3n, [&hellip;]<\/p>\n","protected":false},"author":171,"featured_media":0,"comment_status":"closed","ping_status":"open","sticky":false,"template":"","format":"standard","meta":{"tdm_status":"","tdm_grid_status":"","footnotes":""},"categories":[24174,321,303],"tags":[23821,25568,24369,24186,14729,24185,25567,1047,2286,1456],"class_list":{"0":"post-212028","1":"post","2":"type-post","3":"status-publish","4":"format-standard","6":"category-hay-justicia","7":"category-seccional-bogota","8":"category-seccionales","9":"tag-bogota","10":"tag-condena-feminicidio","11":"tag-derechos-mujeres","12":"tag-esclarecimiento","13":"tag-feminicidio-agravado","14":"tag-fiscal-barbosa","15":"tag-fiscal-francisco-barbosa-fiscalia-colombia","16":"tag-fiscalia-general-de-la-nacion","17":"tag-justicia","18":"tag-tentativa-de-homicidio-agravado"},"yoast_head":"<!-- This site is optimized with the Yoast SEO plugin v24.3 - https:\/\/yoast.com\/wordpress\/plugins\/seo\/ -->\n<title>Fiscal\u00eda General de la Naci\u00f3n<\/title>\n<meta name=\"description\" content=\"P\u00e1gina oficial de la Fiscal\u00eda General de la Naci\u00f3n \u2013 Colombia. Garantizamos el acceso efectivo a la justicia, la verdad y la reparaci\u00f3n de las v\u00edctimas de los delitos.\" \/>\n<meta name=\"robots\" content=\"noindex, follow\" \/>\n<meta property=\"og:locale\" content=\"es_ES\" \/>\n<meta property=\"og:type\" content=\"article\" \/>\n<meta property=\"og:title\" content=\"Fiscal\u00eda General de la Naci\u00f3n\" \/>\n<meta property=\"og:description\" content=\"P\u00e1gina oficial de la Fiscal\u00eda General de la Naci\u00f3n \u2013 Colombia. Garantizamos el acceso efectivo a la justicia, la verdad y la reparaci\u00f3n de las v\u00edctimas de los delitos.\" \/>\n<meta property=\"og:url\" content=\"https:\/\/www.fiscalia.gov.co\/colombia\/hay-justicia\/fiscalia-logra-condenas-ejemplares-contra-responsables-de-feminicidios-en-putumayo-y-bogota\/\" \/>\n<meta property=\"og:site_name\" content=\"Fiscal\u00eda General de la Naci\u00f3n\" \/>\n<meta property=\"article:publisher\" content=\"https:\/\/www.facebook.com\/FiscaliaCol\" \/>\n<meta property=\"article:published_time\" content=\"2021-02-01T13:29:20+00:00\" \/>\n<meta property=\"article:modified_time\" content=\"2021-02-01T13:30:35+00:00\" \/>\n<meta name=\"author\" content=\"Ana Mar\u00eda Gomez\" \/>\n<meta name=\"twitter:card\" content=\"summary_large_image\" \/>\n<meta name=\"twitter:creator\" content=\"@FiscaliaCol\" \/>\n<meta name=\"twitter:site\" content=\"@FiscaliaCol\" \/>\n<meta name=\"twitter:label1\" content=\"Escrito por\" \/>\n\t<meta name=\"twitter:data1\" content=\"Ana Mar\u00eda Gomez\" \/>\n\t<meta name=\"twitter:label2\" content=\"Tiempo de lectura\" \/>\n\t<meta name=\"twitter:data2\" content=\"3 minutos\" \/>\n<script type=\"application\/ld+json\" class=\"yoast-schema-graph\">{\"@context\":\"https:\/\/schema.org\",\"@graph\":[{\"@type\":\"Article\",\"@id\":\"https:\/\/www.fiscalia.gov.co\/colombia\/hay-justicia\/fiscalia-logra-condenas-ejemplares-contra-responsables-de-feminicidios-en-putumayo-y-bogota\/#article\",\"isPartOf\":{\"@id\":\"https:\/\/www.fiscalia.gov.co\/colombia\/hay-justicia\/fiscalia-logra-condenas-ejemplares-contra-responsables-de-feminicidios-en-putumayo-y-bogota\/\"},\"author\":{\"name\":\"Ana Mar\u00eda Gomez\",\"@id\":\"https:\/\/www.fiscalia.gov.co\/colombia\/#\/schema\/person\/06aa2210fe4d79203f428ff671dee360\"},\"headline\":\"Fiscal\u00eda logra condenas ejemplares contra responsables de feminicidios en Putumayo y Bogot\u00e1\",\"datePublished\":\"2021-02-01T13:29:20+00:00\",\"dateModified\":\"2021-02-01T13:30:35+00:00\",\"mainEntityOfPage\":{\"@id\":\"https:\/\/www.fiscalia.gov.co\/colombia\/hay-justicia\/fiscalia-logra-condenas-ejemplares-contra-responsables-de-feminicidios-en-putumayo-y-bogota\/\"},\"wordCount\":557,\"publisher\":{\"@id\":\"https:\/\/www.fiscalia.gov.co\/colombia\/#organization\"},\"keywords\":[\"Bogot\u00e1\",\"condena feminicidio\",\"derechos mujeres\",\"Esclarecimiento\",\"Feminicidio agravado\",\"Fiscal Barbosa\",\"Fiscal Francisco Barbosa Fiscal\u00eda Colombia\",\"Fiscal\u00eda General de la Naci\u00f3n\",\"Justicia\",\"Tentativa de homicidio agravado\"],\"articleSection\":[\"Hay Justicia\",\"Seccional Bogot\u00e1\",\"Seccionales\"],\"inLanguage\":\"es-CO\"},{\"@type\":\"WebPage\",\"@id\":\"https:\/\/www.fiscalia.gov.co\/colombia\/hay-justicia\/fiscalia-logra-condenas-ejemplares-contra-responsables-de-feminicidios-en-putumayo-y-bogota\/\",\"url\":\"https:\/\/www.fiscalia.gov.co\/colombia\/hay-justicia\/fiscalia-logra-condenas-ejemplares-contra-responsables-de-feminicidios-en-putumayo-y-bogota\/\",\"name\":\"Fiscal\u00eda General de la Naci\u00f3n\",\"isPartOf\":{\"@id\":\"https:\/\/www.fiscalia.gov.co\/colombia\/#website\"},\"datePublished\":\"2021-02-01T13:29:20+00:00\",\"dateModified\":\"2021-02-01T13:30:35+00:00\",\"description\":\"P\u00e1gina oficial de la Fiscal\u00eda General de la Naci\u00f3n \u2013 Colombia. Garantizamos el acceso efectivo a la justicia, la verdad y la reparaci\u00f3n de las v\u00edctimas de los delitos.\",\"breadcrumb\":{\"@id\":\"https:\/\/www.fiscalia.gov.co\/colombia\/hay-justicia\/fiscalia-logra-condenas-ejemplares-contra-responsables-de-feminicidios-en-putumayo-y-bogota\/#breadcrumb\"},\"inLanguage\":\"es-CO\",\"potentialAction\":[{\"@type\":\"ReadAction\",\"target\":[\"https:\/\/www.fiscalia.gov.co\/colombia\/hay-justicia\/fiscalia-logra-condenas-ejemplares-contra-responsables-de-feminicidios-en-putumayo-y-bogota\/\"]}]},{\"@type\":\"BreadcrumbList\",\"@id\":\"https:\/\/www.fiscalia.gov.co\/colombia\/hay-justicia\/fiscalia-logra-condenas-ejemplares-contra-responsables-de-feminicidios-en-putumayo-y-bogota\/#breadcrumb\",\"itemListElement\":[{\"@type\":\"ListItem\",\"position\":1,\"name\":\"Home\",\"item\":\"https:\/\/www.fiscalia.gov.co\/colombia\/\"},{\"@type\":\"ListItem\",\"position\":2,\"name\":\"Fiscal\u00eda logra condenas ejemplares contra responsables de feminicidios en Putumayo y Bogot\u00e1\"}]},{\"@type\":\"WebSite\",\"@id\":\"https:\/\/www.fiscalia.gov.co\/colombia\/#website\",\"url\":\"https:\/\/www.fiscalia.gov.co\/colombia\/\",\"name\":\"Fiscal\u00eda General de la Naci\u00f3n\",\"description\":\"P\u00e1gina oficial de la Fiscal\u00eda General de la Naci\u00f3n \u2013 Colombia. Garantizamos el acceso efectivo a la justicia, la verdad y la reparaci\u00f3n de las v\u00edctimas de los delitos.\",\"publisher\":{\"@id\":\"https:\/\/www.fiscalia.gov.co\/colombia\/#organization\"},\"potentialAction\":[{\"@type\":\"SearchAction\",\"target\":{\"@type\":\"EntryPoint\",\"urlTemplate\":\"https:\/\/www.fiscalia.gov.co\/colombia\/?s={search_term_string}\"},\"query-input\":{\"@type\":\"PropertyValueSpecification\",\"valueRequired\":true,\"valueName\":\"search_term_string\"}}],\"inLanguage\":\"es-CO\"},{\"@type\":\"Organization\",\"@id\":\"https:\/\/www.fiscalia.gov.co\/colombia\/#organization\",\"name\":\"Fiscal\u00eda General de la Naci\u00f3n\",\"url\":\"https:\/\/www.fiscalia.gov.co\/colombia\/\",\"logo\":{\"@type\":\"ImageObject\",\"inLanguage\":\"es-CO\",\"@id\":\"https:\/\/www.fiscalia.gov.co\/colombia\/#\/schema\/logo\/image\/\",\"url\":\"https:\/\/www.fiscalia.gov.co\/colombia\/wp-content\/uploads\/LogoHorizontal_1.jpg\",\"contentUrl\":\"https:\/\/www.fiscalia.gov.co\/colombia\/wp-content\/uploads\/LogoHorizontal_1.jpg\",\"width\":300,\"height\":90,\"caption\":\"Fiscal\u00eda General de la Naci\u00f3n\"},\"image\":{\"@id\":\"https:\/\/www.fiscalia.gov.co\/colombia\/#\/schema\/logo\/image\/\"},\"sameAs\":[\"https:\/\/www.facebook.com\/FiscaliaCol\",\"https:\/\/x.com\/FiscaliaCol\",\"https:\/\/www.instagram.com\/fiscaliacol\",\"https:\/\/www.linkedin.com\/company\/fiscalia-general-de-la-naci-n\/\",\"https:\/\/youtube.com\/@fiscaliageneraldelanacion-4668?si=6nN79nyQICPU5iTh\"]},{\"@type\":\"Person\",\"@id\":\"https:\/\/www.fiscalia.gov.co\/colombia\/#\/schema\/person\/06aa2210fe4d79203f428ff671dee360\",\"name\":\"Ana Mar\u00eda Gomez\",\"image\":{\"@type\":\"ImageObject\",\"inLanguage\":\"es-CO\",\"@id\":\"https:\/\/www.fiscalia.gov.co\/colombia\/#\/schema\/person\/image\/\",\"url\":\"https:\/\/secure.gravatar.com\/avatar\/a38115d98a7f8a96cbb96af2b2c37a0b?s=96&d=mm&r=g\",\"contentUrl\":\"https:\/\/secure.gravatar.com\/avatar\/a38115d98a7f8a96cbb96af2b2c37a0b?s=96&d=mm&r=g\",\"caption\":\"Ana Mar\u00eda Gomez\"},\"url\":\"https:\/\/www.fiscalia.gov.co\/colombia\/author\/agomez\/\"}]}<\/script>\n<!-- \/ Yoast SEO plugin. -->","yoast_head_json":{"title":"Fiscal\u00eda General de la Naci\u00f3n","description":"P\u00e1gina oficial de la Fiscal\u00eda General de la Naci\u00f3n \u2013 Colombia. Garantizamos el acceso efectivo a la justicia, la verdad y la reparaci\u00f3n de las v\u00edctimas de los delitos.","robots":{"index":"noindex","follow":"follow"},"og_locale":"es_ES","og_type":"article","og_title":"Fiscal\u00eda General de la Naci\u00f3n","og_description":"P\u00e1gina oficial de la Fiscal\u00eda General de la Naci\u00f3n \u2013 Colombia. Garantizamos el acceso efectivo a la justicia, la verdad y la reparaci\u00f3n de las v\u00edctimas de los delitos.","og_url":"https:\/\/www.fiscalia.gov.co\/colombia\/hay-justicia\/fiscalia-logra-condenas-ejemplares-contra-responsables-de-feminicidios-en-putumayo-y-bogota\/","og_site_name":"Fiscal\u00eda General de la Naci\u00f3n","article_publisher":"https:\/\/www.facebook.com\/FiscaliaCol","article_published_time":"2021-02-01T13:29:20+00:00","article_modified_time":"2021-02-01T13:30:35+00:00","author":"Ana Mar\u00eda Gomez","twitter_card":"summary_large_image","twitter_creator":"@FiscaliaCol","twitter_site":"@FiscaliaCol","twitter_misc":{"Escrito por":"Ana Mar\u00eda Gomez","Tiempo de lectura":"3 minutos"},"schema":{"@context":"https:\/\/schema.org","@graph":[{"@type":"Article","@id":"https:\/\/www.fiscalia.gov.co\/colombia\/hay-justicia\/fiscalia-logra-condenas-ejemplares-contra-responsables-de-feminicidios-en-putumayo-y-bogota\/#article","isPartOf":{"@id":"https:\/\/www.fiscalia.gov.co\/colombia\/hay-justicia\/fiscalia-logra-condenas-ejemplares-contra-responsables-de-feminicidios-en-putumayo-y-bogota\/"},"author":{"name":"Ana Mar\u00eda Gomez","@id":"https:\/\/www.fiscalia.gov.co\/colombia\/#\/schema\/person\/06aa2210fe4d79203f428ff671dee360"},"headline":"Fiscal\u00eda logra condenas ejemplares contra responsables de feminicidios en Putumayo y Bogot\u00e1","datePublished":"2021-02-01T13:29:20+00:00","dateModified":"2021-02-01T13:30:35+00:00","mainEntityOfPage":{"@id":"https:\/\/www.fiscalia.gov.co\/colombia\/hay-justicia\/fiscalia-logra-condenas-ejemplares-contra-responsables-de-feminicidios-en-putumayo-y-bogota\/"},"wordCount":557,"publisher":{"@id":"https:\/\/www.fiscalia.gov.co\/colombia\/#organization"},"keywords":["Bogot\u00e1","condena feminicidio","derechos mujeres","Esclarecimiento","Feminicidio agravado","Fiscal Barbosa","Fiscal Francisco Barbosa Fiscal\u00eda Colombia","Fiscal\u00eda General de la Naci\u00f3n","Justicia","Tentativa de homicidio agravado"],"articleSection":["Hay Justicia","Seccional Bogot\u00e1","Seccionales"],"inLanguage":"es-CO"},{"@type":"WebPage","@id":"https:\/\/www.fiscalia.gov.co\/colombia\/hay-justicia\/fiscalia-logra-condenas-ejemplares-contra-responsables-de-feminicidios-en-putumayo-y-bogota\/","url":"https:\/\/www.fiscalia.gov.co\/colombia\/hay-justicia\/fiscalia-logra-condenas-ejemplares-contra-responsables-de-feminicidios-en-putumayo-y-bogota\/","name":"Fiscal\u00eda General de la Naci\u00f3n","isPartOf":{"@id":"https:\/\/www.fiscalia.gov.co\/colombia\/#website"},"datePublished":"2021-02-01T13:29:20+00:00","dateModified":"2021-02-01T13:30:35+00:00","description":"P\u00e1gina oficial de la Fiscal\u00eda General de la Naci\u00f3n \u2013 Colombia. Garantizamos el acceso efectivo a la justicia, la verdad y la reparaci\u00f3n de las v\u00edctimas de los delitos.","breadcrumb":{"@id":"https:\/\/www.fiscalia.gov.co\/colombia\/hay-justicia\/fiscalia-logra-condenas-ejemplares-contra-responsables-de-feminicidios-en-putumayo-y-bogota\/#breadcrumb"},"inLanguage":"es-CO","potentialAction":[{"@type":"ReadAction","target":["https:\/\/www.fiscalia.gov.co\/colombia\/hay-justicia\/fiscalia-logra-condenas-ejemplares-contra-responsables-de-feminicidios-en-putumayo-y-bogota\/"]}]},{"@type":"BreadcrumbList","@id":"https:\/\/www.fiscalia.gov.co\/colombia\/hay-justicia\/fiscalia-logra-condenas-ejemplares-contra-responsables-de-feminicidios-en-putumayo-y-bogota\/#breadcrumb","itemListElement":[{"@type":"ListItem","position":1,"name":"Home","item":"https:\/\/www.fiscalia.gov.co\/colombia\/"},{"@type":"ListItem","position":2,"name":"Fiscal\u00eda logra condenas ejemplares contra responsables de feminicidios en Putumayo y Bogot\u00e1"}]},{"@type":"WebSite","@id":"https:\/\/www.fiscalia.gov.co\/colombia\/#website","url":"https:\/\/www.fiscalia.gov.co\/colombia\/","name":"Fiscal\u00eda General de la Naci\u00f3n","description":"P\u00e1gina oficial de la Fiscal\u00eda General de la Naci\u00f3n \u2013 Colombia. Garantizamos el acceso efectivo a la justicia, la verdad y la reparaci\u00f3n de las v\u00edctimas de los delitos.","publisher":{"@id":"https:\/\/www.fiscalia.gov.co\/colombia\/#organization"},"potentialAction":[{"@type":"SearchAction","target":{"@type":"EntryPoint","urlTemplate":"https:\/\/www.fiscalia.gov.co\/colombia\/?s={search_term_string}"},"query-input":{"@type":"PropertyValueSpecification","valueRequired":true,"valueName":"search_term_string"}}],"inLanguage":"es-CO"},{"@type":"Organization","@id":"https:\/\/www.fiscalia.gov.co\/colombia\/#organization","name":"Fiscal\u00eda General de la Naci\u00f3n","url":"https:\/\/www.fiscalia.gov.co\/colombia\/","logo":{"@type":"ImageObject","inLanguage":"es-CO","@id":"https:\/\/www.fiscalia.gov.co\/colombia\/#\/schema\/logo\/image\/","url":"https:\/\/www.fiscalia.gov.co\/colombia\/wp-content\/uploads\/LogoHorizontal_1.jpg","contentUrl":"https:\/\/www.fiscalia.gov.co\/colombia\/wp-content\/uploads\/LogoHorizontal_1.jpg","width":300,"height":90,"caption":"Fiscal\u00eda General de la Naci\u00f3n"},"image":{"@id":"https:\/\/www.fiscalia.gov.co\/colombia\/#\/schema\/logo\/image\/"},"sameAs":["https:\/\/www.facebook.com\/FiscaliaCol","https:\/\/x.com\/FiscaliaCol","https:\/\/www.instagram.com\/fiscaliacol","https:\/\/www.linkedin.com\/company\/fiscalia-general-de-la-naci-n\/","https:\/\/youtube.com\/@fiscaliageneraldelanacion-4668?si=6nN79nyQICPU5iTh"]},{"@type":"Person","@id":"https:\/\/www.fiscalia.gov.co\/colombia\/#\/schema\/person\/06aa2210fe4d79203f428ff671dee360","name":"Ana Mar\u00eda Gomez","image":{"@type":"ImageObject","inLanguage":"es-CO","@id":"https:\/\/www.fiscalia.gov.co\/colombia\/#\/schema\/person\/image\/","url":"https:\/\/secure.gravatar.com\/avatar\/a38115d98a7f8a96cbb96af2b2c37a0b?s=96&d=mm&r=g","contentUrl":"https:\/\/secure.gravatar.com\/avatar\/a38115d98a7f8a96cbb96af2b2c37a0b?s=96&d=mm&r=g","caption":"Ana Mar\u00eda Gomez"},"url":"https:\/\/www.fiscalia.gov.co\/colombia\/author\/agomez\/"}]}},"_links":{"self":[{"href":"https:\/\/www.fiscalia.gov.co\/colombia\/wp-json\/wp\/v2\/posts\/212028","targetHints":{"allow":["GET"]}}],"collection":[{"href":"https:\/\/www.fiscalia.gov.co\/colombia\/wp-json\/wp\/v2\/posts"}],"about":[{"href":"https:\/\/www.fiscalia.gov.co\/colombia\/wp-json\/wp\/v2\/types\/post"}],"author":[{"embeddable":true,"href":"https:\/\/www.fiscalia.gov.co\/colombia\/wp-json\/wp\/v2\/users\/171"}],"replies":[{"embeddable":true,"href":"https:\/\/www.fiscalia.gov.co\/colombia\/wp-json\/wp\/v2\/comments?post=212028"}],"version-history":[{"count":2,"href":"https:\/\/www.fiscalia.gov.co\/colombia\/wp-json\/wp\/v2\/posts\/212028\/revisions"}],"predecessor-version":[{"id":212030,"href":"https:\/\/www.fiscalia.gov.co\/colombia\/wp-json\/wp\/v2\/posts\/212028\/revisions\/212030"}],"wp:attachment":[{"href":"https:\/\/www.fiscalia.gov.co\/colombia\/wp-json\/wp\/v2\/media?parent=212028"}],"wp:term":[{"taxonomy":"category","embeddable":true,"href":"https:\/\/www.fiscalia.gov.co\/colombia\/wp-json\/wp\/v2\/categories?post=212028"},{"taxonomy":"post_tag","embeddable":true,"href":"https:\/\/www.fiscalia.gov.co\/colombia\/wp-json\/wp\/v2\/tags?post=212028"}],"curies":[{"name":"wp","href":"https:\/\/api.w.org\/{rel}","templated":true}]}}