{"id":211872,"date":"2021-01-29T10:19:04","date_gmt":"2021-01-29T15:19:04","guid":{"rendered":"https:\/\/www.fiscalia.gov.co\/colombia\/?p=211872"},"modified":"2021-01-29T10:20:53","modified_gmt":"2021-01-29T15:20:53","slug":"asegurados-ocho-presuntos-integrantes-del-grupo-delincuencial-los-de-la-l-o-los-quimicos","status":"publish","type":"post","link":"https:\/\/www.fiscalia.gov.co\/colombia\/seguridad-territorial\/asegurados-ocho-presuntos-integrantes-del-grupo-delincuencial-los-de-la-l-o-los-quimicos\/","title":{"rendered":"Asegurados ocho presuntos integrantes del grupo delincuencial Los de la L o Los Qu\u00edmicos"},"content":{"rendered":"<h4 class=\"x_x_MsoNormal\"><strong><i>Entre los imputados se encuentra el supuesto cabecilla, quien al parecer desde la c\u00e1rcel ordenaba las acciones delictivas. Asimismo, s<\/i><i>e les endilga su presunta participaci\u00f3n en 7 hechos delictivos, ocurridos en La Ciudad Se\u00f1ora.<\/i><\/strong><\/h4>\n<p class=\"x_x_MsoNormal\">Al acoger la solicitud de la<b>\u00a0Fiscal\u00eda General de la Naci\u00f3n,<\/b>\u00a0un juez de control de garant\u00edas envi\u00f3 a la c\u00e1rcel a ocho presuntos integrantes del grupo delincuencial\u00a0<a href=\"https:\/\/www.fiscalia.gov.co\/colombia\/seccionales\/fiscalia-esclarece-25-hechos-delictivos-en-menos-de-una-semana-en-buga-valle\/\" target=\"_blank\" rel=\"noopener noreferrer\" data-auth=\"NotApplicable\">Los de la L o Los Qu\u00edmicos<\/a>,\u00a0al tr\u00e1fico de sustancias estupefacientes, homicidios selectivos, porte ilegal de armas de fuego y uso de menores para la comisi\u00f3n de il\u00edcitos, en el municipio de Guadalajara de Buga (Valle del Cauca).<\/p>\n<p class=\"x_x_MsoNormal\">Los afectados con la medida son:<\/p>\n<p class=\"x_x_MsoNormal\">&#8211; Luis Fernando Herrera Bocanegra, alias Luis Cuevas, supuesto jefe del grupo delictivo.<\/p>\n<p class=\"x_x_MsoNormal\">&#8211; Edid Samir Cort\u00e9s L\u00f3pez<\/p>\n<p class=\"x_x_MsoNormal\">&#8211; Edbert Yermain Rodr\u00edguez Andrade<\/p>\n<p class=\"x_x_MsoNormal\">&#8211; Jhonatan Bustamante G\u00e1lviz<\/p>\n<p class=\"x_x_MsoNormal\">&#8211; Juli\u00e1n Andr\u00e9s Piedrahita Mesa<\/p>\n<p class=\"x_x_MsoNormal\">&#8211; Alejandro V\u00e9lez Ortiz<\/p>\n<p class=\"x_x_MsoNormal\">&#8211; Federico Andr\u00e9s Herrada L\u00f3pez<\/p>\n<p class=\"x_x_MsoNormal\">De acuerdo con la investigaci\u00f3n adelanta por el ente acusador, se les endilga su presunta participaci\u00f3n en la comisi\u00f3n de siente hechos delictivos (cuatro homicidios y tres tentativas de homicidio), ocurridos entre abril y octubre del 2020, en La Ciudad Se\u00f1ora.<\/p>\n<p class=\"x_x_MsoNormal\">Asimismo, se pudo determinar que quien daba las \u00f3rdenes para la comisi\u00f3n de dichos il\u00edcitos ser\u00eda alias Luis Cuevas, presunto cabecilla del grupo delictivo, quien se encuentra privado de la libertad en la\u00a0<b>c\u00e1rcel La Picota,<\/b>\u00a0de Bogot\u00e1, por otros hechos delictivos.<\/p>\n<p class=\"x_x_MsoNormal\">Durante las diligencias judiciales, ordenadas por un fiscal de la Seccional Valle del Cauca, fueron capturadas 7 personas con orden judicial en diciembre del 2020, al tiempo que fue notificado en la c\u00e1rcel el supuesto l\u00edder.<\/p>\n<p class=\"x_x_MsoNormal\">En diciembre pasado, un juez imparti\u00f3 legalidad a los procedimientos de captura y aval\u00f3 la imputaci\u00f3n de cargos formulados por la Fiscal\u00eda, por los delitos de<b>\u00a0<\/b><span lang=\"ES\"><b>homicidio agravado; tentativa de homicidio; fabricaci\u00f3n, tr\u00e1fico, porte o tenencia de armas de fuego, partes o municiones; uso de menores de edad para la comisi\u00f3n de delitos, concierto para delinquir agravado y tr\u00e1fico, fabricaci\u00f3n o porte de estupefacientes,\u00a0<\/b>los cuales no aceptaron.\u00a0<\/span><\/p>\n<p class=\"x_x_MsoNormal\"><span lang=\"ES\">La medida de aseguramiento se llev\u00f3 a cabo el 26 de enero reciente.\u00a0<\/span><\/p>\n<p class=\"x_x_MsoNormal\"><span lang=\"ES\">Lo anterior, responde al cumplimiento de la estrategia de esclarecer los hechos en los que se atenta contra la seguridad ciudadana enmarcados dentro de los lineamientos del\u00a0<b>Fiscal General de la Naci\u00f3n, Francisco Barbosa Delgado,<\/b>\u00a0en su pol\u00edtica institucional \u201cEn las calles y en los territorios\u201d.<\/span><\/p>\n<p class=\"x_x_MsoNormal\"><span lang=\"ES\">La Fiscal\u00eda General de la Naci\u00f3n p\u00fablica esta informaci\u00f3n por razones de inter\u00e9s general.<\/span><span lang=\"ES\">\u00a0<\/span><\/p>\n<p class=\"x_x_MsoNormal\"><span lang=\"ES\">MAP\/SMLR\/MG<\/span><\/p>\n<p class=\"x_x_MsoNormal\"><span lang=\"ES\"><i>La informaci\u00f3n contenida en este bolet\u00edn de prensa corresponde a la narraci\u00f3n de los hechos noticiosos objetivos, suministrados por los funcionarios encargados de adelantar las investigaciones penales al interior de la Fiscal\u00eda General de la Naci\u00f3n. Para el momento de la divulgaci\u00f3n de este comunicado, la situaci\u00f3n jur\u00eddica de la(s) persona(s) relacionada(s) se encuentra pendiente de resolver por la autoridad judicial competente, siempre bajo los preceptos de la presunci\u00f3n de inocencia, consagrados en el art\u00edculo 29 de la Constituci\u00f3n Pol\u00edtica y el art\u00edculo 7\u00ba de la Ley 906 de 2004.<\/i><\/span><\/p>\n\n<div class=\"twitter-share\"><a href=\"https:\/\/twitter.com\/intent\/tweet?via=fiscaliacol\" class=\"twitter-share-button\">Tweet<\/a><\/div>\n","protected":false},"excerpt":{"rendered":"<p>Entre los imputados se encuentra el supuesto cabecilla, quien al parecer desde la c\u00e1rcel ordenaba las acciones delictivas. Asimismo, se les endilga su presunta participaci\u00f3n en 7 hechos delictivos, ocurridos en La Ciudad Se\u00f1ora. Al acoger la solicitud de la\u00a0Fiscal\u00eda General de la Naci\u00f3n,\u00a0un juez de control de garant\u00edas envi\u00f3 a la c\u00e1rcel a ocho [&hellip;]<\/p>\n","protected":false},"author":171,"featured_media":0,"comment_status":"closed","ping_status":"open","sticky":false,"template":"","format":"standard","meta":{"tdm_status":"","tdm_grid_status":"","footnotes":""},"categories":[324,303,24099],"tags":[14550,24551,25532,11533,78,24187,25530,24916,25531,14817,916],"class_list":{"0":"post-211872","1":"post","2":"type-post","3":"status-publish","4":"format-standard","6":"category-seccional-cali","7":"category-seccionales","8":"category-seguridad-territorial","9":"tag-carcel","10":"tag-centro-carcelario","11":"tag-concierto-para-delinquir-agravado-y-trafico","12":"tag-fabricacion-o-porte-de-estupefacientes","13":"tag-fiscal-general-de-la-nacion","14":"tag-fiscalia-colombia","15":"tag-homicidio-agravado-tentativa-de-homicidio-fabricacion","16":"tag-media-de-aseguramiento","17":"tag-partes-o-municiones-uso-de-menores-de-edad-para-la-comision-de-delitos","18":"tag-porte-o-tenencia-de-armas-de-fuego","19":"tag-trafico"},"yoast_head":"<!-- This site is optimized with the Yoast SEO plugin v24.3 - https:\/\/yoast.com\/wordpress\/plugins\/seo\/ -->\n<title>Fiscal\u00eda General de la Naci\u00f3n<\/title>\n<meta name=\"description\" content=\"P\u00e1gina oficial de la Fiscal\u00eda General de la Naci\u00f3n \u2013 Colombia. Garantizamos el acceso efectivo a la justicia, la verdad y la reparaci\u00f3n de las v\u00edctimas de los delitos.\" \/>\n<meta name=\"robots\" content=\"noindex, follow\" \/>\n<meta property=\"og:locale\" content=\"es_ES\" \/>\n<meta property=\"og:type\" content=\"article\" \/>\n<meta property=\"og:title\" content=\"Fiscal\u00eda General de la Naci\u00f3n\" \/>\n<meta property=\"og:description\" content=\"P\u00e1gina oficial de la Fiscal\u00eda General de la Naci\u00f3n \u2013 Colombia. Garantizamos el acceso efectivo a la justicia, la verdad y la reparaci\u00f3n de las v\u00edctimas de los delitos.\" \/>\n<meta property=\"og:url\" content=\"https:\/\/www.fiscalia.gov.co\/colombia\/seguridad-territorial\/asegurados-ocho-presuntos-integrantes-del-grupo-delincuencial-los-de-la-l-o-los-quimicos\/\" \/>\n<meta property=\"og:site_name\" content=\"Fiscal\u00eda General de la Naci\u00f3n\" \/>\n<meta property=\"article:publisher\" content=\"https:\/\/www.facebook.com\/FiscaliaCol\" \/>\n<meta property=\"article:published_time\" content=\"2021-01-29T15:19:04+00:00\" \/>\n<meta property=\"article:modified_time\" content=\"2021-01-29T15:20:53+00:00\" \/>\n<meta name=\"author\" content=\"Ana Mar\u00eda Gomez\" \/>\n<meta name=\"twitter:card\" content=\"summary_large_image\" \/>\n<meta name=\"twitter:creator\" content=\"@FiscaliaCol\" \/>\n<meta name=\"twitter:site\" content=\"@FiscaliaCol\" \/>\n<meta name=\"twitter:label1\" content=\"Escrito por\" \/>\n\t<meta name=\"twitter:data1\" content=\"Ana Mar\u00eda Gomez\" \/>\n\t<meta name=\"twitter:label2\" content=\"Tiempo de lectura\" \/>\n\t<meta name=\"twitter:data2\" content=\"3 minutos\" \/>\n<script type=\"application\/ld+json\" class=\"yoast-schema-graph\">{\"@context\":\"https:\/\/schema.org\",\"@graph\":[{\"@type\":\"Article\",\"@id\":\"https:\/\/www.fiscalia.gov.co\/colombia\/seguridad-territorial\/asegurados-ocho-presuntos-integrantes-del-grupo-delincuencial-los-de-la-l-o-los-quimicos\/#article\",\"isPartOf\":{\"@id\":\"https:\/\/www.fiscalia.gov.co\/colombia\/seguridad-territorial\/asegurados-ocho-presuntos-integrantes-del-grupo-delincuencial-los-de-la-l-o-los-quimicos\/\"},\"author\":{\"name\":\"Ana Mar\u00eda Gomez\",\"@id\":\"https:\/\/www.fiscalia.gov.co\/colombia\/#\/schema\/person\/06aa2210fe4d79203f428ff671dee360\"},\"headline\":\"Asegurados ocho presuntos integrantes del grupo delincuencial Los de la L o Los Qu\u00edmicos\",\"datePublished\":\"2021-01-29T15:19:04+00:00\",\"dateModified\":\"2021-01-29T15:20:53+00:00\",\"mainEntityOfPage\":{\"@id\":\"https:\/\/www.fiscalia.gov.co\/colombia\/seguridad-territorial\/asegurados-ocho-presuntos-integrantes-del-grupo-delincuencial-los-de-la-l-o-los-quimicos\/\"},\"wordCount\":568,\"publisher\":{\"@id\":\"https:\/\/www.fiscalia.gov.co\/colombia\/#organization\"},\"keywords\":[\"C\u00e1rcel\",\"centro carcelario\",\"concierto para delinquir agravado y tr\u00e1fico\",\"fabricaci\u00f3n o porte de estupefacientes\",\"Fiscal General de la Naci\u00f3n\",\"Fiscal\u00eda Colombia\",\"homicidio agravado; tentativa de homicidio; fabricaci\u00f3n\",\"media de aseguramiento\",\"partes o municiones; uso de menores de edad para la comisi\u00f3n de delitos\",\"porte o tenencia de armas de fuego\",\"Tr\u00e1fico\"],\"articleSection\":[\"Seccional Cali\",\"Seccionales\",\"Seguridad territorial\"],\"inLanguage\":\"es-CO\"},{\"@type\":\"WebPage\",\"@id\":\"https:\/\/www.fiscalia.gov.co\/colombia\/seguridad-territorial\/asegurados-ocho-presuntos-integrantes-del-grupo-delincuencial-los-de-la-l-o-los-quimicos\/\",\"url\":\"https:\/\/www.fiscalia.gov.co\/colombia\/seguridad-territorial\/asegurados-ocho-presuntos-integrantes-del-grupo-delincuencial-los-de-la-l-o-los-quimicos\/\",\"name\":\"Fiscal\u00eda General de la Naci\u00f3n\",\"isPartOf\":{\"@id\":\"https:\/\/www.fiscalia.gov.co\/colombia\/#website\"},\"datePublished\":\"2021-01-29T15:19:04+00:00\",\"dateModified\":\"2021-01-29T15:20:53+00:00\",\"description\":\"P\u00e1gina oficial de la Fiscal\u00eda General de la Naci\u00f3n \u2013 Colombia. Garantizamos el acceso efectivo a la justicia, la verdad y la reparaci\u00f3n de las v\u00edctimas de los delitos.\",\"breadcrumb\":{\"@id\":\"https:\/\/www.fiscalia.gov.co\/colombia\/seguridad-territorial\/asegurados-ocho-presuntos-integrantes-del-grupo-delincuencial-los-de-la-l-o-los-quimicos\/#breadcrumb\"},\"inLanguage\":\"es-CO\",\"potentialAction\":[{\"@type\":\"ReadAction\",\"target\":[\"https:\/\/www.fiscalia.gov.co\/colombia\/seguridad-territorial\/asegurados-ocho-presuntos-integrantes-del-grupo-delincuencial-los-de-la-l-o-los-quimicos\/\"]}]},{\"@type\":\"BreadcrumbList\",\"@id\":\"https:\/\/www.fiscalia.gov.co\/colombia\/seguridad-territorial\/asegurados-ocho-presuntos-integrantes-del-grupo-delincuencial-los-de-la-l-o-los-quimicos\/#breadcrumb\",\"itemListElement\":[{\"@type\":\"ListItem\",\"position\":1,\"name\":\"Home\",\"item\":\"https:\/\/www.fiscalia.gov.co\/colombia\/\"},{\"@type\":\"ListItem\",\"position\":2,\"name\":\"Asegurados ocho presuntos integrantes del grupo delincuencial Los de la L o Los Qu\u00edmicos\"}]},{\"@type\":\"WebSite\",\"@id\":\"https:\/\/www.fiscalia.gov.co\/colombia\/#website\",\"url\":\"https:\/\/www.fiscalia.gov.co\/colombia\/\",\"name\":\"Fiscal\u00eda General de la Naci\u00f3n\",\"description\":\"P\u00e1gina oficial de la Fiscal\u00eda General de la Naci\u00f3n \u2013 Colombia. Garantizamos el acceso efectivo a la justicia, la verdad y la reparaci\u00f3n de las v\u00edctimas de los delitos.\",\"publisher\":{\"@id\":\"https:\/\/www.fiscalia.gov.co\/colombia\/#organization\"},\"potentialAction\":[{\"@type\":\"SearchAction\",\"target\":{\"@type\":\"EntryPoint\",\"urlTemplate\":\"https:\/\/www.fiscalia.gov.co\/colombia\/?s={search_term_string}\"},\"query-input\":{\"@type\":\"PropertyValueSpecification\",\"valueRequired\":true,\"valueName\":\"search_term_string\"}}],\"inLanguage\":\"es-CO\"},{\"@type\":\"Organization\",\"@id\":\"https:\/\/www.fiscalia.gov.co\/colombia\/#organization\",\"name\":\"Fiscal\u00eda General de la Naci\u00f3n\",\"url\":\"https:\/\/www.fiscalia.gov.co\/colombia\/\",\"logo\":{\"@type\":\"ImageObject\",\"inLanguage\":\"es-CO\",\"@id\":\"https:\/\/www.fiscalia.gov.co\/colombia\/#\/schema\/logo\/image\/\",\"url\":\"https:\/\/www.fiscalia.gov.co\/colombia\/wp-content\/uploads\/LogoHorizontal_1.jpg\",\"contentUrl\":\"https:\/\/www.fiscalia.gov.co\/colombia\/wp-content\/uploads\/LogoHorizontal_1.jpg\",\"width\":300,\"height\":90,\"caption\":\"Fiscal\u00eda General de la Naci\u00f3n\"},\"image\":{\"@id\":\"https:\/\/www.fiscalia.gov.co\/colombia\/#\/schema\/logo\/image\/\"},\"sameAs\":[\"https:\/\/www.facebook.com\/FiscaliaCol\",\"https:\/\/x.com\/FiscaliaCol\",\"https:\/\/www.instagram.com\/fiscaliacol\",\"https:\/\/www.linkedin.com\/company\/fiscalia-general-de-la-naci-n\/\",\"https:\/\/youtube.com\/@fiscaliageneraldelanacion-4668?si=6nN79nyQICPU5iTh\"]},{\"@type\":\"Person\",\"@id\":\"https:\/\/www.fiscalia.gov.co\/colombia\/#\/schema\/person\/06aa2210fe4d79203f428ff671dee360\",\"name\":\"Ana Mar\u00eda Gomez\",\"image\":{\"@type\":\"ImageObject\",\"inLanguage\":\"es-CO\",\"@id\":\"https:\/\/www.fiscalia.gov.co\/colombia\/#\/schema\/person\/image\/\",\"url\":\"https:\/\/secure.gravatar.com\/avatar\/a38115d98a7f8a96cbb96af2b2c37a0b?s=96&d=mm&r=g\",\"contentUrl\":\"https:\/\/secure.gravatar.com\/avatar\/a38115d98a7f8a96cbb96af2b2c37a0b?s=96&d=mm&r=g\",\"caption\":\"Ana Mar\u00eda Gomez\"},\"url\":\"https:\/\/www.fiscalia.gov.co\/colombia\/author\/agomez\/\"}]}<\/script>\n<!-- \/ Yoast SEO plugin. -->","yoast_head_json":{"title":"Fiscal\u00eda General de la Naci\u00f3n","description":"P\u00e1gina oficial de la Fiscal\u00eda General de la Naci\u00f3n \u2013 Colombia. Garantizamos el acceso efectivo a la justicia, la verdad y la reparaci\u00f3n de las v\u00edctimas de los delitos.","robots":{"index":"noindex","follow":"follow"},"og_locale":"es_ES","og_type":"article","og_title":"Fiscal\u00eda General de la Naci\u00f3n","og_description":"P\u00e1gina oficial de la Fiscal\u00eda General de la Naci\u00f3n \u2013 Colombia. Garantizamos el acceso efectivo a la justicia, la verdad y la reparaci\u00f3n de las v\u00edctimas de los delitos.","og_url":"https:\/\/www.fiscalia.gov.co\/colombia\/seguridad-territorial\/asegurados-ocho-presuntos-integrantes-del-grupo-delincuencial-los-de-la-l-o-los-quimicos\/","og_site_name":"Fiscal\u00eda General de la Naci\u00f3n","article_publisher":"https:\/\/www.facebook.com\/FiscaliaCol","article_published_time":"2021-01-29T15:19:04+00:00","article_modified_time":"2021-01-29T15:20:53+00:00","author":"Ana Mar\u00eda Gomez","twitter_card":"summary_large_image","twitter_creator":"@FiscaliaCol","twitter_site":"@FiscaliaCol","twitter_misc":{"Escrito por":"Ana Mar\u00eda Gomez","Tiempo de lectura":"3 minutos"},"schema":{"@context":"https:\/\/schema.org","@graph":[{"@type":"Article","@id":"https:\/\/www.fiscalia.gov.co\/colombia\/seguridad-territorial\/asegurados-ocho-presuntos-integrantes-del-grupo-delincuencial-los-de-la-l-o-los-quimicos\/#article","isPartOf":{"@id":"https:\/\/www.fiscalia.gov.co\/colombia\/seguridad-territorial\/asegurados-ocho-presuntos-integrantes-del-grupo-delincuencial-los-de-la-l-o-los-quimicos\/"},"author":{"name":"Ana Mar\u00eda Gomez","@id":"https:\/\/www.fiscalia.gov.co\/colombia\/#\/schema\/person\/06aa2210fe4d79203f428ff671dee360"},"headline":"Asegurados ocho presuntos integrantes del grupo delincuencial Los de la L o Los Qu\u00edmicos","datePublished":"2021-01-29T15:19:04+00:00","dateModified":"2021-01-29T15:20:53+00:00","mainEntityOfPage":{"@id":"https:\/\/www.fiscalia.gov.co\/colombia\/seguridad-territorial\/asegurados-ocho-presuntos-integrantes-del-grupo-delincuencial-los-de-la-l-o-los-quimicos\/"},"wordCount":568,"publisher":{"@id":"https:\/\/www.fiscalia.gov.co\/colombia\/#organization"},"keywords":["C\u00e1rcel","centro carcelario","concierto para delinquir agravado y tr\u00e1fico","fabricaci\u00f3n o porte de estupefacientes","Fiscal General de la Naci\u00f3n","Fiscal\u00eda Colombia","homicidio agravado; tentativa de homicidio; fabricaci\u00f3n","media de aseguramiento","partes o municiones; uso de menores de edad para la comisi\u00f3n de delitos","porte o tenencia de armas de fuego","Tr\u00e1fico"],"articleSection":["Seccional Cali","Seccionales","Seguridad territorial"],"inLanguage":"es-CO"},{"@type":"WebPage","@id":"https:\/\/www.fiscalia.gov.co\/colombia\/seguridad-territorial\/asegurados-ocho-presuntos-integrantes-del-grupo-delincuencial-los-de-la-l-o-los-quimicos\/","url":"https:\/\/www.fiscalia.gov.co\/colombia\/seguridad-territorial\/asegurados-ocho-presuntos-integrantes-del-grupo-delincuencial-los-de-la-l-o-los-quimicos\/","name":"Fiscal\u00eda General de la Naci\u00f3n","isPartOf":{"@id":"https:\/\/www.fiscalia.gov.co\/colombia\/#website"},"datePublished":"2021-01-29T15:19:04+00:00","dateModified":"2021-01-29T15:20:53+00:00","description":"P\u00e1gina oficial de la Fiscal\u00eda General de la Naci\u00f3n \u2013 Colombia. Garantizamos el acceso efectivo a la justicia, la verdad y la reparaci\u00f3n de las v\u00edctimas de los delitos.","breadcrumb":{"@id":"https:\/\/www.fiscalia.gov.co\/colombia\/seguridad-territorial\/asegurados-ocho-presuntos-integrantes-del-grupo-delincuencial-los-de-la-l-o-los-quimicos\/#breadcrumb"},"inLanguage":"es-CO","potentialAction":[{"@type":"ReadAction","target":["https:\/\/www.fiscalia.gov.co\/colombia\/seguridad-territorial\/asegurados-ocho-presuntos-integrantes-del-grupo-delincuencial-los-de-la-l-o-los-quimicos\/"]}]},{"@type":"BreadcrumbList","@id":"https:\/\/www.fiscalia.gov.co\/colombia\/seguridad-territorial\/asegurados-ocho-presuntos-integrantes-del-grupo-delincuencial-los-de-la-l-o-los-quimicos\/#breadcrumb","itemListElement":[{"@type":"ListItem","position":1,"name":"Home","item":"https:\/\/www.fiscalia.gov.co\/colombia\/"},{"@type":"ListItem","position":2,"name":"Asegurados ocho presuntos integrantes del grupo delincuencial Los de la L o Los Qu\u00edmicos"}]},{"@type":"WebSite","@id":"https:\/\/www.fiscalia.gov.co\/colombia\/#website","url":"https:\/\/www.fiscalia.gov.co\/colombia\/","name":"Fiscal\u00eda General de la Naci\u00f3n","description":"P\u00e1gina oficial de la Fiscal\u00eda General de la Naci\u00f3n \u2013 Colombia. Garantizamos el acceso efectivo a la justicia, la verdad y la reparaci\u00f3n de las v\u00edctimas de los delitos.","publisher":{"@id":"https:\/\/www.fiscalia.gov.co\/colombia\/#organization"},"potentialAction":[{"@type":"SearchAction","target":{"@type":"EntryPoint","urlTemplate":"https:\/\/www.fiscalia.gov.co\/colombia\/?s={search_term_string}"},"query-input":{"@type":"PropertyValueSpecification","valueRequired":true,"valueName":"search_term_string"}}],"inLanguage":"es-CO"},{"@type":"Organization","@id":"https:\/\/www.fiscalia.gov.co\/colombia\/#organization","name":"Fiscal\u00eda General de la Naci\u00f3n","url":"https:\/\/www.fiscalia.gov.co\/colombia\/","logo":{"@type":"ImageObject","inLanguage":"es-CO","@id":"https:\/\/www.fiscalia.gov.co\/colombia\/#\/schema\/logo\/image\/","url":"https:\/\/www.fiscalia.gov.co\/colombia\/wp-content\/uploads\/LogoHorizontal_1.jpg","contentUrl":"https:\/\/www.fiscalia.gov.co\/colombia\/wp-content\/uploads\/LogoHorizontal_1.jpg","width":300,"height":90,"caption":"Fiscal\u00eda General de la Naci\u00f3n"},"image":{"@id":"https:\/\/www.fiscalia.gov.co\/colombia\/#\/schema\/logo\/image\/"},"sameAs":["https:\/\/www.facebook.com\/FiscaliaCol","https:\/\/x.com\/FiscaliaCol","https:\/\/www.instagram.com\/fiscaliacol","https:\/\/www.linkedin.com\/company\/fiscalia-general-de-la-naci-n\/","https:\/\/youtube.com\/@fiscaliageneraldelanacion-4668?si=6nN79nyQICPU5iTh"]},{"@type":"Person","@id":"https:\/\/www.fiscalia.gov.co\/colombia\/#\/schema\/person\/06aa2210fe4d79203f428ff671dee360","name":"Ana Mar\u00eda Gomez","image":{"@type":"ImageObject","inLanguage":"es-CO","@id":"https:\/\/www.fiscalia.gov.co\/colombia\/#\/schema\/person\/image\/","url":"https:\/\/secure.gravatar.com\/avatar\/a38115d98a7f8a96cbb96af2b2c37a0b?s=96&d=mm&r=g","contentUrl":"https:\/\/secure.gravatar.com\/avatar\/a38115d98a7f8a96cbb96af2b2c37a0b?s=96&d=mm&r=g","caption":"Ana Mar\u00eda Gomez"},"url":"https:\/\/www.fiscalia.gov.co\/colombia\/author\/agomez\/"}]}},"_links":{"self":[{"href":"https:\/\/www.fiscalia.gov.co\/colombia\/wp-json\/wp\/v2\/posts\/211872","targetHints":{"allow":["GET"]}}],"collection":[{"href":"https:\/\/www.fiscalia.gov.co\/colombia\/wp-json\/wp\/v2\/posts"}],"about":[{"href":"https:\/\/www.fiscalia.gov.co\/colombia\/wp-json\/wp\/v2\/types\/post"}],"author":[{"embeddable":true,"href":"https:\/\/www.fiscalia.gov.co\/colombia\/wp-json\/wp\/v2\/users\/171"}],"replies":[{"embeddable":true,"href":"https:\/\/www.fiscalia.gov.co\/colombia\/wp-json\/wp\/v2\/comments?post=211872"}],"version-history":[{"count":2,"href":"https:\/\/www.fiscalia.gov.co\/colombia\/wp-json\/wp\/v2\/posts\/211872\/revisions"}],"predecessor-version":[{"id":211874,"href":"https:\/\/www.fiscalia.gov.co\/colombia\/wp-json\/wp\/v2\/posts\/211872\/revisions\/211874"}],"wp:attachment":[{"href":"https:\/\/www.fiscalia.gov.co\/colombia\/wp-json\/wp\/v2\/media?parent=211872"}],"wp:term":[{"taxonomy":"category","embeddable":true,"href":"https:\/\/www.fiscalia.gov.co\/colombia\/wp-json\/wp\/v2\/categories?post=211872"},{"taxonomy":"post_tag","embeddable":true,"href":"https:\/\/www.fiscalia.gov.co\/colombia\/wp-json\/wp\/v2\/tags?post=211872"}],"curies":[{"name":"wp","href":"https:\/\/api.w.org\/{rel}","templated":true}]}}