{"id":211814,"date":"2021-01-28T13:35:01","date_gmt":"2021-01-28T18:35:01","guid":{"rendered":"https:\/\/www.fiscalia.gov.co\/colombia\/?p=211814"},"modified":"2021-01-28T13:36:06","modified_gmt":"2021-01-28T18:36:06","slug":"cti-boyaca-capturo-a-un-hombre-para-cumplir-una-condena-a-18-anos-de-prision-por-agresion-sexual-contra-su-suegra-de-70-anos","status":"publish","type":"post","link":"https:\/\/www.fiscalia.gov.co\/colombia\/hay-justicia\/cti-boyaca-capturo-a-un-hombre-para-cumplir-una-condena-a-18-anos-de-prision-por-agresion-sexual-contra-su-suegra-de-70-anos\/","title":{"rendered":"CTI Boyac\u00e1 captur\u00f3 a un hombre para cumplir una condena a 18 a\u00f1os de prisi\u00f3n por agresi\u00f3n sexual contra su suegra de 70 a\u00f1os"},"content":{"rendered":"<p>Unidades del Cuerpo T\u00e9cnico de Investigaci\u00f3n (CTI), adscritos al Grupo de capturas en Boyac\u00e1 capturaron a Marco Aurelio Garc\u00eda Su\u00e1rez, condenado en agosto de 2020 a 18 a\u00f1os de prisi\u00f3n, luego de ser hallado responsable del delito de acceso carnal violento agravado.<\/p>\n<p>Garc\u00eda fue detenido en el municipio de Sotaquir\u00e1, Boyac\u00e1, en cumplimiento a la orden judicial expedida por el Juzgado Tercero Penal del circuito de Tunja, con la cual se buscaba que el implicado cumpliera la condena impuesta.<\/p>\n<p><strong>El caso<\/strong><\/p>\n<p>Los hechos por lo que fue condenado Marco Aurelio Garc\u00eda Suarez -en primera instancia-, ocurrieron la madrugada del 1 de marzo de 2017 en la vereda Caitoque del municipio de Sora (Boyac\u00e1). All\u00ed la suegra del condenado, quien para la \u00e9poca contaba con 70 a\u00f1os de edad, fue atacada a golpes por el hombre quien luego la inmoviliz\u00f3 y la accedi\u00f3 sexualmente.<\/p>\n<p>Seg\u00fan la denuncia, el lugar donde se cometi\u00f3 el delito estaba a oscuras, debido a que el atacante habr\u00eda cortado el fluido el\u00e9ctrico. Aun as\u00ed, la v\u00edctima reconoci\u00f3 que su agresor era el compa\u00f1ero sentimental de su hija. Esta consideraci\u00f3n fue confirmada por las pruebas cient\u00edficas practicadas por el Instituto Nacional de Medicina Legal, como el cotejo de ADN, que se practic\u00f3 al atacante.<\/p>\n<p>Dicho examen, sumado al testimonio de la v\u00edctima, hizo parte del material probatorio presentado durante el juicio oral.<\/p>\n<p>Tras el fallo, la defensa del condenado interpuso recurso de apelaci\u00f3n, por esto tras su captura Garc\u00eda Suarez fue puesto a disposici\u00f3n del Tribunal Superior de Boyac\u00e1.<\/p>\n<p>Las acciones de la Fiscal\u00eda se dan en cumplimiento de los lineamientos establecidos por el Fiscal General dela Naci\u00f3n, Francisco Barbosa Delgado, para quien es una prioridad llevar a la justicia a quienes afecten la seguridad y libertades sexuales de las mujeres en todo el territorio nacional.<\/p>\n<p>La Fiscal\u00eda publica esta informaci\u00f3n por razones de inter\u00e9s general.<\/p>\n<p>MRB\/MAGA\/MC<\/p>\n<p><strong><u>\u00a0<\/u><\/strong><\/p>\n\n<div class=\"twitter-share\"><a href=\"https:\/\/twitter.com\/intent\/tweet?via=fiscaliacol\" class=\"twitter-share-button\">Tweet<\/a><\/div>\n","protected":false},"excerpt":{"rendered":"<p>Unidades del Cuerpo T\u00e9cnico de Investigaci\u00f3n (CTI), adscritos al Grupo de capturas en Boyac\u00e1 capturaron a Marco Aurelio Garc\u00eda Su\u00e1rez, condenado en agosto de 2020 a 18 a\u00f1os de prisi\u00f3n, [&hellip;]<\/p>\n","protected":false},"author":171,"featured_media":0,"comment_status":"closed","ping_status":"open","sticky":false,"template":"","format":"standard","meta":{"tdm_status":"","tdm_grid_status":"","footnotes":""},"categories":[24174,334,303],"tags":[25524,924,293,25523,24182,24465],"class_list":["post-211814","post","type-post","status-publish","format-standard","category-hay-justicia","category-seccional-pasto","category-seccionales","tag-accedo-carnal-violento","tag-captura","tag-condena","tag-cti-boyaca","tag-francisco-barbosa-delgado","tag-seccional-boyaca"],"yoast_head":"<!-- This site is optimized with the Yoast SEO plugin v24.3 - https:\/\/yoast.com\/wordpress\/plugins\/seo\/ -->\n<title>Fiscal\u00eda General de la Naci\u00f3n<\/title>\n<meta name=\"description\" content=\"P\u00e1gina oficial de la Fiscal\u00eda General de la Naci\u00f3n \u2013 Colombia. Garantizamos el acceso efectivo a la justicia, la verdad y la reparaci\u00f3n de las v\u00edctimas de los delitos.\" \/>\n<meta name=\"robots\" content=\"noindex, follow\" \/>\n<meta property=\"og:locale\" content=\"es_ES\" \/>\n<meta property=\"og:type\" content=\"article\" \/>\n<meta property=\"og:title\" content=\"Fiscal\u00eda General de la Naci\u00f3n\" \/>\n<meta property=\"og:description\" content=\"P\u00e1gina oficial de la Fiscal\u00eda General de la Naci\u00f3n \u2013 Colombia. Garantizamos el acceso efectivo a la justicia, la verdad y la reparaci\u00f3n de las v\u00edctimas de los delitos.\" \/>\n<meta property=\"og:url\" content=\"https:\/\/www.fiscalia.gov.co\/colombia\/hay-justicia\/cti-boyaca-capturo-a-un-hombre-para-cumplir-una-condena-a-18-anos-de-prision-por-agresion-sexual-contra-su-suegra-de-70-anos\/\" \/>\n<meta property=\"og:site_name\" content=\"Fiscal\u00eda General de la Naci\u00f3n\" \/>\n<meta property=\"article:publisher\" content=\"https:\/\/www.facebook.com\/FiscaliaCol\" \/>\n<meta property=\"article:published_time\" content=\"2021-01-28T18:35:01+00:00\" \/>\n<meta property=\"article:modified_time\" content=\"2021-01-28T18:36:06+00:00\" \/>\n<meta name=\"author\" content=\"Ana Mar\u00eda Gomez\" \/>\n<meta name=\"twitter:card\" content=\"summary_large_image\" \/>\n<meta name=\"twitter:creator\" content=\"@FiscaliaCol\" \/>\n<meta name=\"twitter:site\" content=\"@FiscaliaCol\" \/>\n<meta name=\"twitter:label1\" content=\"Escrito por\" \/>\n\t<meta name=\"twitter:data1\" content=\"Ana Mar\u00eda Gomez\" \/>\n\t<meta name=\"twitter:label2\" content=\"Tiempo de lectura\" \/>\n\t<meta name=\"twitter:data2\" content=\"2 minutos\" \/>\n<script type=\"application\/ld+json\" class=\"yoast-schema-graph\">{\"@context\":\"https:\/\/schema.org\",\"@graph\":[{\"@type\":\"Article\",\"@id\":\"https:\/\/www.fiscalia.gov.co\/colombia\/hay-justicia\/cti-boyaca-capturo-a-un-hombre-para-cumplir-una-condena-a-18-anos-de-prision-por-agresion-sexual-contra-su-suegra-de-70-anos\/#article\",\"isPartOf\":{\"@id\":\"https:\/\/www.fiscalia.gov.co\/colombia\/hay-justicia\/cti-boyaca-capturo-a-un-hombre-para-cumplir-una-condena-a-18-anos-de-prision-por-agresion-sexual-contra-su-suegra-de-70-anos\/\"},\"author\":{\"name\":\"Ana Mar\u00eda Gomez\",\"@id\":\"https:\/\/www.fiscalia.gov.co\/colombia\/#\/schema\/person\/06aa2210fe4d79203f428ff671dee360\"},\"headline\":\"CTI Boyac\u00e1 captur\u00f3 a un hombre para cumplir una condena a 18 a\u00f1os de prisi\u00f3n por agresi\u00f3n sexual contra su suegra de 70 a\u00f1os\",\"datePublished\":\"2021-01-28T18:35:01+00:00\",\"dateModified\":\"2021-01-28T18:36:06+00:00\",\"mainEntityOfPage\":{\"@id\":\"https:\/\/www.fiscalia.gov.co\/colombia\/hay-justicia\/cti-boyaca-capturo-a-un-hombre-para-cumplir-una-condena-a-18-anos-de-prision-por-agresion-sexual-contra-su-suegra-de-70-anos\/\"},\"wordCount\":358,\"publisher\":{\"@id\":\"https:\/\/www.fiscalia.gov.co\/colombia\/#organization\"},\"keywords\":[\"accedo carnal violento.\",\"Captura\",\"Condena\",\"CTI Boyac\u00e1\",\"Francisco Barbosa Delgado\",\"Seccional Boyac\u00e1\"],\"articleSection\":[\"Hay Justicia\",\"Seccional Pasto\",\"Seccionales\"],\"inLanguage\":\"es-CO\"},{\"@type\":\"WebPage\",\"@id\":\"https:\/\/www.fiscalia.gov.co\/colombia\/hay-justicia\/cti-boyaca-capturo-a-un-hombre-para-cumplir-una-condena-a-18-anos-de-prision-por-agresion-sexual-contra-su-suegra-de-70-anos\/\",\"url\":\"https:\/\/www.fiscalia.gov.co\/colombia\/hay-justicia\/cti-boyaca-capturo-a-un-hombre-para-cumplir-una-condena-a-18-anos-de-prision-por-agresion-sexual-contra-su-suegra-de-70-anos\/\",\"name\":\"Fiscal\u00eda General de la Naci\u00f3n\",\"isPartOf\":{\"@id\":\"https:\/\/www.fiscalia.gov.co\/colombia\/#website\"},\"datePublished\":\"2021-01-28T18:35:01+00:00\",\"dateModified\":\"2021-01-28T18:36:06+00:00\",\"description\":\"P\u00e1gina oficial de la Fiscal\u00eda General de la Naci\u00f3n \u2013 Colombia. Garantizamos el acceso efectivo a la justicia, la verdad y la reparaci\u00f3n de las v\u00edctimas de los delitos.\",\"breadcrumb\":{\"@id\":\"https:\/\/www.fiscalia.gov.co\/colombia\/hay-justicia\/cti-boyaca-capturo-a-un-hombre-para-cumplir-una-condena-a-18-anos-de-prision-por-agresion-sexual-contra-su-suegra-de-70-anos\/#breadcrumb\"},\"inLanguage\":\"es-CO\",\"potentialAction\":[{\"@type\":\"ReadAction\",\"target\":[\"https:\/\/www.fiscalia.gov.co\/colombia\/hay-justicia\/cti-boyaca-capturo-a-un-hombre-para-cumplir-una-condena-a-18-anos-de-prision-por-agresion-sexual-contra-su-suegra-de-70-anos\/\"]}]},{\"@type\":\"BreadcrumbList\",\"@id\":\"https:\/\/www.fiscalia.gov.co\/colombia\/hay-justicia\/cti-boyaca-capturo-a-un-hombre-para-cumplir-una-condena-a-18-anos-de-prision-por-agresion-sexual-contra-su-suegra-de-70-anos\/#breadcrumb\",\"itemListElement\":[{\"@type\":\"ListItem\",\"position\":1,\"name\":\"Home\",\"item\":\"https:\/\/www.fiscalia.gov.co\/colombia\/\"},{\"@type\":\"ListItem\",\"position\":2,\"name\":\"CTI Boyac\u00e1 captur\u00f3 a un hombre para cumplir una condena a 18 a\u00f1os de prisi\u00f3n por agresi\u00f3n sexual contra su suegra de 70 a\u00f1os\"}]},{\"@type\":\"WebSite\",\"@id\":\"https:\/\/www.fiscalia.gov.co\/colombia\/#website\",\"url\":\"https:\/\/www.fiscalia.gov.co\/colombia\/\",\"name\":\"Fiscal\u00eda General de la Naci\u00f3n\",\"description\":\"P\u00e1gina oficial de la Fiscal\u00eda General de la Naci\u00f3n \u2013 Colombia. Garantizamos el acceso efectivo a la justicia, la verdad y la reparaci\u00f3n de las v\u00edctimas de los delitos.\",\"publisher\":{\"@id\":\"https:\/\/www.fiscalia.gov.co\/colombia\/#organization\"},\"potentialAction\":[{\"@type\":\"SearchAction\",\"target\":{\"@type\":\"EntryPoint\",\"urlTemplate\":\"https:\/\/www.fiscalia.gov.co\/colombia\/?s={search_term_string}\"},\"query-input\":{\"@type\":\"PropertyValueSpecification\",\"valueRequired\":true,\"valueName\":\"search_term_string\"}}],\"inLanguage\":\"es-CO\"},{\"@type\":\"Organization\",\"@id\":\"https:\/\/www.fiscalia.gov.co\/colombia\/#organization\",\"name\":\"Fiscal\u00eda General de la Naci\u00f3n\",\"url\":\"https:\/\/www.fiscalia.gov.co\/colombia\/\",\"logo\":{\"@type\":\"ImageObject\",\"inLanguage\":\"es-CO\",\"@id\":\"https:\/\/www.fiscalia.gov.co\/colombia\/#\/schema\/logo\/image\/\",\"url\":\"https:\/\/www.fiscalia.gov.co\/colombia\/wp-content\/uploads\/LogoHorizontal_1.jpg\",\"contentUrl\":\"https:\/\/www.fiscalia.gov.co\/colombia\/wp-content\/uploads\/LogoHorizontal_1.jpg\",\"width\":300,\"height\":90,\"caption\":\"Fiscal\u00eda General de la Naci\u00f3n\"},\"image\":{\"@id\":\"https:\/\/www.fiscalia.gov.co\/colombia\/#\/schema\/logo\/image\/\"},\"sameAs\":[\"https:\/\/www.facebook.com\/FiscaliaCol\",\"https:\/\/x.com\/FiscaliaCol\",\"https:\/\/www.instagram.com\/fiscaliacol\",\"https:\/\/www.linkedin.com\/company\/fiscalia-general-de-la-naci-n\/\",\"https:\/\/youtube.com\/@fiscaliageneraldelanacion-4668?si=6nN79nyQICPU5iTh\"]},{\"@type\":\"Person\",\"@id\":\"https:\/\/www.fiscalia.gov.co\/colombia\/#\/schema\/person\/06aa2210fe4d79203f428ff671dee360\",\"name\":\"Ana Mar\u00eda Gomez\",\"image\":{\"@type\":\"ImageObject\",\"inLanguage\":\"es-CO\",\"@id\":\"https:\/\/www.fiscalia.gov.co\/colombia\/#\/schema\/person\/image\/\",\"url\":\"https:\/\/secure.gravatar.com\/avatar\/a38115d98a7f8a96cbb96af2b2c37a0b?s=96&d=mm&r=g\",\"contentUrl\":\"https:\/\/secure.gravatar.com\/avatar\/a38115d98a7f8a96cbb96af2b2c37a0b?s=96&d=mm&r=g\",\"caption\":\"Ana Mar\u00eda Gomez\"},\"url\":\"https:\/\/www.fiscalia.gov.co\/colombia\/author\/agomez\/\"}]}<\/script>\n<!-- \/ Yoast SEO plugin. -->","yoast_head_json":{"title":"Fiscal\u00eda General de la Naci\u00f3n","description":"P\u00e1gina oficial de la Fiscal\u00eda General de la Naci\u00f3n \u2013 Colombia. Garantizamos el acceso efectivo a la justicia, la verdad y la reparaci\u00f3n de las v\u00edctimas de los delitos.","robots":{"index":"noindex","follow":"follow"},"og_locale":"es_ES","og_type":"article","og_title":"Fiscal\u00eda General de la Naci\u00f3n","og_description":"P\u00e1gina oficial de la Fiscal\u00eda General de la Naci\u00f3n \u2013 Colombia. Garantizamos el acceso efectivo a la justicia, la verdad y la reparaci\u00f3n de las v\u00edctimas de los delitos.","og_url":"https:\/\/www.fiscalia.gov.co\/colombia\/hay-justicia\/cti-boyaca-capturo-a-un-hombre-para-cumplir-una-condena-a-18-anos-de-prision-por-agresion-sexual-contra-su-suegra-de-70-anos\/","og_site_name":"Fiscal\u00eda General de la Naci\u00f3n","article_publisher":"https:\/\/www.facebook.com\/FiscaliaCol","article_published_time":"2021-01-28T18:35:01+00:00","article_modified_time":"2021-01-28T18:36:06+00:00","author":"Ana Mar\u00eda Gomez","twitter_card":"summary_large_image","twitter_creator":"@FiscaliaCol","twitter_site":"@FiscaliaCol","twitter_misc":{"Escrito por":"Ana Mar\u00eda Gomez","Tiempo de lectura":"2 minutos"},"schema":{"@context":"https:\/\/schema.org","@graph":[{"@type":"Article","@id":"https:\/\/www.fiscalia.gov.co\/colombia\/hay-justicia\/cti-boyaca-capturo-a-un-hombre-para-cumplir-una-condena-a-18-anos-de-prision-por-agresion-sexual-contra-su-suegra-de-70-anos\/#article","isPartOf":{"@id":"https:\/\/www.fiscalia.gov.co\/colombia\/hay-justicia\/cti-boyaca-capturo-a-un-hombre-para-cumplir-una-condena-a-18-anos-de-prision-por-agresion-sexual-contra-su-suegra-de-70-anos\/"},"author":{"name":"Ana Mar\u00eda Gomez","@id":"https:\/\/www.fiscalia.gov.co\/colombia\/#\/schema\/person\/06aa2210fe4d79203f428ff671dee360"},"headline":"CTI Boyac\u00e1 captur\u00f3 a un hombre para cumplir una condena a 18 a\u00f1os de prisi\u00f3n por agresi\u00f3n sexual contra su suegra de 70 a\u00f1os","datePublished":"2021-01-28T18:35:01+00:00","dateModified":"2021-01-28T18:36:06+00:00","mainEntityOfPage":{"@id":"https:\/\/www.fiscalia.gov.co\/colombia\/hay-justicia\/cti-boyaca-capturo-a-un-hombre-para-cumplir-una-condena-a-18-anos-de-prision-por-agresion-sexual-contra-su-suegra-de-70-anos\/"},"wordCount":358,"publisher":{"@id":"https:\/\/www.fiscalia.gov.co\/colombia\/#organization"},"keywords":["accedo carnal violento.","Captura","Condena","CTI Boyac\u00e1","Francisco Barbosa Delgado","Seccional Boyac\u00e1"],"articleSection":["Hay Justicia","Seccional Pasto","Seccionales"],"inLanguage":"es-CO"},{"@type":"WebPage","@id":"https:\/\/www.fiscalia.gov.co\/colombia\/hay-justicia\/cti-boyaca-capturo-a-un-hombre-para-cumplir-una-condena-a-18-anos-de-prision-por-agresion-sexual-contra-su-suegra-de-70-anos\/","url":"https:\/\/www.fiscalia.gov.co\/colombia\/hay-justicia\/cti-boyaca-capturo-a-un-hombre-para-cumplir-una-condena-a-18-anos-de-prision-por-agresion-sexual-contra-su-suegra-de-70-anos\/","name":"Fiscal\u00eda General de la Naci\u00f3n","isPartOf":{"@id":"https:\/\/www.fiscalia.gov.co\/colombia\/#website"},"datePublished":"2021-01-28T18:35:01+00:00","dateModified":"2021-01-28T18:36:06+00:00","description":"P\u00e1gina oficial de la Fiscal\u00eda General de la Naci\u00f3n \u2013 Colombia. Garantizamos el acceso efectivo a la justicia, la verdad y la reparaci\u00f3n de las v\u00edctimas de los delitos.","breadcrumb":{"@id":"https:\/\/www.fiscalia.gov.co\/colombia\/hay-justicia\/cti-boyaca-capturo-a-un-hombre-para-cumplir-una-condena-a-18-anos-de-prision-por-agresion-sexual-contra-su-suegra-de-70-anos\/#breadcrumb"},"inLanguage":"es-CO","potentialAction":[{"@type":"ReadAction","target":["https:\/\/www.fiscalia.gov.co\/colombia\/hay-justicia\/cti-boyaca-capturo-a-un-hombre-para-cumplir-una-condena-a-18-anos-de-prision-por-agresion-sexual-contra-su-suegra-de-70-anos\/"]}]},{"@type":"BreadcrumbList","@id":"https:\/\/www.fiscalia.gov.co\/colombia\/hay-justicia\/cti-boyaca-capturo-a-un-hombre-para-cumplir-una-condena-a-18-anos-de-prision-por-agresion-sexual-contra-su-suegra-de-70-anos\/#breadcrumb","itemListElement":[{"@type":"ListItem","position":1,"name":"Home","item":"https:\/\/www.fiscalia.gov.co\/colombia\/"},{"@type":"ListItem","position":2,"name":"CTI Boyac\u00e1 captur\u00f3 a un hombre para cumplir una condena a 18 a\u00f1os de prisi\u00f3n por agresi\u00f3n sexual contra su suegra de 70 a\u00f1os"}]},{"@type":"WebSite","@id":"https:\/\/www.fiscalia.gov.co\/colombia\/#website","url":"https:\/\/www.fiscalia.gov.co\/colombia\/","name":"Fiscal\u00eda General de la Naci\u00f3n","description":"P\u00e1gina oficial de la Fiscal\u00eda General de la Naci\u00f3n \u2013 Colombia. Garantizamos el acceso efectivo a la justicia, la verdad y la reparaci\u00f3n de las v\u00edctimas de los delitos.","publisher":{"@id":"https:\/\/www.fiscalia.gov.co\/colombia\/#organization"},"potentialAction":[{"@type":"SearchAction","target":{"@type":"EntryPoint","urlTemplate":"https:\/\/www.fiscalia.gov.co\/colombia\/?s={search_term_string}"},"query-input":{"@type":"PropertyValueSpecification","valueRequired":true,"valueName":"search_term_string"}}],"inLanguage":"es-CO"},{"@type":"Organization","@id":"https:\/\/www.fiscalia.gov.co\/colombia\/#organization","name":"Fiscal\u00eda General de la Naci\u00f3n","url":"https:\/\/www.fiscalia.gov.co\/colombia\/","logo":{"@type":"ImageObject","inLanguage":"es-CO","@id":"https:\/\/www.fiscalia.gov.co\/colombia\/#\/schema\/logo\/image\/","url":"https:\/\/www.fiscalia.gov.co\/colombia\/wp-content\/uploads\/LogoHorizontal_1.jpg","contentUrl":"https:\/\/www.fiscalia.gov.co\/colombia\/wp-content\/uploads\/LogoHorizontal_1.jpg","width":300,"height":90,"caption":"Fiscal\u00eda General de la Naci\u00f3n"},"image":{"@id":"https:\/\/www.fiscalia.gov.co\/colombia\/#\/schema\/logo\/image\/"},"sameAs":["https:\/\/www.facebook.com\/FiscaliaCol","https:\/\/x.com\/FiscaliaCol","https:\/\/www.instagram.com\/fiscaliacol","https:\/\/www.linkedin.com\/company\/fiscalia-general-de-la-naci-n\/","https:\/\/youtube.com\/@fiscaliageneraldelanacion-4668?si=6nN79nyQICPU5iTh"]},{"@type":"Person","@id":"https:\/\/www.fiscalia.gov.co\/colombia\/#\/schema\/person\/06aa2210fe4d79203f428ff671dee360","name":"Ana Mar\u00eda Gomez","image":{"@type":"ImageObject","inLanguage":"es-CO","@id":"https:\/\/www.fiscalia.gov.co\/colombia\/#\/schema\/person\/image\/","url":"https:\/\/secure.gravatar.com\/avatar\/a38115d98a7f8a96cbb96af2b2c37a0b?s=96&d=mm&r=g","contentUrl":"https:\/\/secure.gravatar.com\/avatar\/a38115d98a7f8a96cbb96af2b2c37a0b?s=96&d=mm&r=g","caption":"Ana Mar\u00eda Gomez"},"url":"https:\/\/www.fiscalia.gov.co\/colombia\/author\/agomez\/"}]}},"_links":{"self":[{"href":"https:\/\/www.fiscalia.gov.co\/colombia\/wp-json\/wp\/v2\/posts\/211814","targetHints":{"allow":["GET"]}}],"collection":[{"href":"https:\/\/www.fiscalia.gov.co\/colombia\/wp-json\/wp\/v2\/posts"}],"about":[{"href":"https:\/\/www.fiscalia.gov.co\/colombia\/wp-json\/wp\/v2\/types\/post"}],"author":[{"embeddable":true,"href":"https:\/\/www.fiscalia.gov.co\/colombia\/wp-json\/wp\/v2\/users\/171"}],"replies":[{"embeddable":true,"href":"https:\/\/www.fiscalia.gov.co\/colombia\/wp-json\/wp\/v2\/comments?post=211814"}],"version-history":[{"count":2,"href":"https:\/\/www.fiscalia.gov.co\/colombia\/wp-json\/wp\/v2\/posts\/211814\/revisions"}],"predecessor-version":[{"id":211816,"href":"https:\/\/www.fiscalia.gov.co\/colombia\/wp-json\/wp\/v2\/posts\/211814\/revisions\/211816"}],"wp:attachment":[{"href":"https:\/\/www.fiscalia.gov.co\/colombia\/wp-json\/wp\/v2\/media?parent=211814"}],"wp:term":[{"taxonomy":"category","embeddable":true,"href":"https:\/\/www.fiscalia.gov.co\/colombia\/wp-json\/wp\/v2\/categories?post=211814"},{"taxonomy":"post_tag","embeddable":true,"href":"https:\/\/www.fiscalia.gov.co\/colombia\/wp-json\/wp\/v2\/tags?post=211814"}],"curies":[{"name":"wp","href":"https:\/\/api.w.org\/{rel}","templated":true}]}}