{"id":211735,"date":"2021-01-27T17:31:32","date_gmt":"2021-01-27T22:31:32","guid":{"rendered":"https:\/\/www.fiscalia.gov.co\/colombia\/?p=211735"},"modified":"2021-01-28T11:43:04","modified_gmt":"2021-01-28T16:43:04","slug":"a-prision-el-padre-de-una-menor-de-edad-por-supuesto-abuso-sexual-de-su-propia-hija","status":"publish","type":"post","link":"https:\/\/www.fiscalia.gov.co\/colombia\/seccionales\/seccional-inirida\/a-prision-el-padre-de-una-menor-de-edad-por-supuesto-abuso-sexual-de-su-propia-hija\/","title":{"rendered":"A prisi\u00f3n el padre de una menor de edad por, supuesto, abuso sexual de su propia hija"},"content":{"rendered":"<h4><strong><i>En la valoraci\u00f3n sicol\u00f3gica de la ni\u00f1a de 12 a\u00f1os de edad los especialistas habr\u00edan descubierto que la menor vendr\u00eda siendo abusada sexualmente.<\/i><\/strong><\/h4>\n<p>Por solicitud de la Fiscal\u00eda, el Juzgado 2\u00b0 Promiscuo Municipal<b>\u00a0de control de garant\u00edas envi\u00f3 a prisi\u00f3n\u00a0<\/b>a un hombre que, al parecer, vendr\u00eda abusando sexualmente de su hija desde que ten\u00eda 10 a\u00f1os de edad en In\u00edrida (Guain\u00eda).<\/p>\n<p>El caso de presunto abuso sexual habr\u00eda sido conocido por m\u00e9dicos del Hospital\u00a0Manuel Elkin Patarroyo durante ex\u00e1menes de rutina que le eran practicados a la menor.<\/p>\n<p>Al parecer, en\u00a0<b>junio\u00a0de 2018,<\/b>\u00a0la v\u00edctima habr\u00eda sido\u00a0<a href=\"https:\/\/www.fiscalia.gov.co\/colombia\/fiscal-general-de-la-nacion\/72-horas-de-acciones-investigativas-y-judiciales-focalizadas-contra-el-abuso-sexual-y-la-agresion-a-ninas-ninos-y-adolescentes\/\" target=\"_blank\" rel=\"noopener noreferrer\" data-auth=\"NotApplicable\"><b>abusada sexualmente<\/b><\/a>\u00a0por su padre cuando, en estado de embriaguez, ingres\u00f3 a su habitaci\u00f3n. Este tipo de actos habr\u00edan sucedido, por lo menos, en tres oportunidades.<\/p>\n<p>El implicado fue detenido por la Polic\u00eda Nacional en cumplimiento de una orden judicial y puesto a disposici\u00f3n de la Fiscal\u00eda que le imput\u00f3 cargos como presunto responsable de los delitos de\u00a0<b>acceso carnal abusivo con menor de 14 a\u00f1os<\/b>, en concurso sucesivo y homog\u00e9neo con\u00a0<b>actos sexuales abusivos con menor de 14 a\u00f1os<\/b>, agravado por el v\u00ednculo de consanguinidad, los cuales no fueron aceptados por el detenido.<\/p>\n<p>Con esta judicializaci\u00f3n la Seccional Guain\u00eda &#8211; Vaup\u00e9s est\u00e1 siguiendo el direccionamiento estrat\u00e9gico 2020 &#8211; 2024 del Fiscal General Francisco Barbosa Delgado para aplicar justicia contra quienes agreden el libre desarrollo de infantes, ni\u00f1os y adolescentes en esta regi\u00f3n del oriente del pa\u00eds.<\/p>\n<p>La Fiscal\u00eda publica esta informaci\u00f3n por razones de inter\u00e9s general.<\/p>\n<p><b>PYMP\/MAGA\/MJPM<\/b><\/p>\n<p><em><span lang=\"es\">La informaci\u00f3n contenida en este bolet\u00edn de prensa corresponde a la narraci\u00f3n de los hechos noticiosos objetivos, suministrados por los funcionarios encargados de adelantar las investigaciones penales al interior de la Fiscal\u00eda General de la Naci\u00f3n. Para el momento de la divulgaci\u00f3n de este comunicado, la situaci\u00f3n jur\u00eddica de la(s) persona(s) relacionada(s) se encuentra pendiente de resolver por la autoridad judicial competente, siempre bajo los preceptos de la presunci\u00f3n de inocencia, consagrados en el art\u00edculo 29 de la Constituci\u00f3n Pol\u00edtica y el art\u00edculo 7\u00ba de la Ley 906 de 2004.<\/span><\/em><\/p>\n\n<div class=\"twitter-share\"><a href=\"https:\/\/twitter.com\/intent\/tweet?via=fiscaliacol\" class=\"twitter-share-button\">Tweet<\/a><\/div>\n","protected":false},"excerpt":{"rendered":"<p>En la valoraci\u00f3n sicol\u00f3gica de la ni\u00f1a de 12 a\u00f1os de edad los especialistas habr\u00edan descubierto que la menor vendr\u00eda siendo abusada sexualmente. Por solicitud de la Fiscal\u00eda, el Juzgado 2\u00b0 Promiscuo Municipal\u00a0de control de garant\u00edas envi\u00f3 a prisi\u00f3n\u00a0a un hombre que, al parecer, vendr\u00eda abusando sexualmente de su hija desde que ten\u00eda 10 a\u00f1os [&hellip;]<\/p>\n","protected":false},"author":171,"featured_media":0,"comment_status":"closed","ping_status":"open","sticky":false,"template":"","format":"standard","meta":{"_price":"","_stock":"","_tribe_ticket_header":"","_tribe_default_ticket_provider":"","_tribe_ticket_capacity":"0","_ticket_start_date":"","_ticket_end_date":"","_tribe_ticket_show_description":"","_tribe_ticket_show_not_going":false,"_tribe_ticket_use_global_stock":"","_tribe_ticket_global_stock_level":"","_global_stock_mode":"","_global_stock_cap":"","_tribe_rsvp_for_event":"","_tribe_ticket_going_count":"","_tribe_ticket_not_going_count":"","_tribe_tickets_list":"[]","_tribe_ticket_has_attendee_info_fields":false,"tdm_status":"","tdm_grid_status":"","footnotes":""},"categories":[24154,303,24127],"tags":[25504,945,10849,13760,25505],"class_list":{"0":"post-211735","1":"post","2":"type-post","3":"status-publish","4":"format-standard","6":"category-seccional-inirida","7":"category-seccionales","8":"category-violencia-sexual-e-intrafamiliar","9":"tag-a-la-carcel","10":"tag-acceso-carnal-abusivo","11":"tag-actos-sexuales-abusivos","12":"tag-agresion-sexual","13":"tag-propia-hija"},"yoast_head":"<!-- This site is optimized with the Yoast SEO plugin v24.3 - https:\/\/yoast.com\/wordpress\/plugins\/seo\/ -->\n<title>Fiscal\u00eda General de la Naci\u00f3n<\/title>\n<meta name=\"description\" content=\"P\u00e1gina oficial de la Fiscal\u00eda General de la Naci\u00f3n \u2013 Colombia. Garantizamos el acceso efectivo a la justicia, la verdad y la reparaci\u00f3n de las v\u00edctimas de los delitos.\" \/>\n<meta name=\"robots\" content=\"noindex, follow\" \/>\n<meta property=\"og:locale\" content=\"es_ES\" \/>\n<meta property=\"og:type\" content=\"article\" \/>\n<meta property=\"og:title\" content=\"Fiscal\u00eda General de la Naci\u00f3n\" \/>\n<meta property=\"og:description\" content=\"P\u00e1gina oficial de la Fiscal\u00eda General de la Naci\u00f3n \u2013 Colombia. Garantizamos el acceso efectivo a la justicia, la verdad y la reparaci\u00f3n de las v\u00edctimas de los delitos.\" \/>\n<meta property=\"og:url\" content=\"https:\/\/www.fiscalia.gov.co\/colombia\/seccionales\/seccional-inirida\/a-prision-el-padre-de-una-menor-de-edad-por-supuesto-abuso-sexual-de-su-propia-hija\/\" \/>\n<meta property=\"og:site_name\" content=\"Fiscal\u00eda General de la Naci\u00f3n\" \/>\n<meta property=\"article:publisher\" content=\"https:\/\/www.facebook.com\/FiscaliaCol\" \/>\n<meta property=\"article:published_time\" content=\"2021-01-27T22:31:32+00:00\" \/>\n<meta property=\"article:modified_time\" content=\"2021-01-28T16:43:04+00:00\" \/>\n<meta name=\"author\" content=\"Ana Mar\u00eda Gomez\" \/>\n<meta name=\"twitter:card\" content=\"summary_large_image\" \/>\n<meta name=\"twitter:creator\" content=\"@FiscaliaCol\" \/>\n<meta name=\"twitter:site\" content=\"@FiscaliaCol\" \/>\n<meta name=\"twitter:label1\" content=\"Escrito por\" \/>\n\t<meta name=\"twitter:data1\" content=\"Ana Mar\u00eda Gomez\" \/>\n\t<meta name=\"twitter:label2\" content=\"Tiempo de lectura\" \/>\n\t<meta name=\"twitter:data2\" content=\"2 minutos\" \/>\n<script type=\"application\/ld+json\" class=\"yoast-schema-graph\">{\"@context\":\"https:\/\/schema.org\",\"@graph\":[{\"@type\":\"Article\",\"@id\":\"https:\/\/www.fiscalia.gov.co\/colombia\/seccionales\/seccional-inirida\/a-prision-el-padre-de-una-menor-de-edad-por-supuesto-abuso-sexual-de-su-propia-hija\/#article\",\"isPartOf\":{\"@id\":\"https:\/\/www.fiscalia.gov.co\/colombia\/seccionales\/seccional-inirida\/a-prision-el-padre-de-una-menor-de-edad-por-supuesto-abuso-sexual-de-su-propia-hija\/\"},\"author\":{\"name\":\"Ana Mar\u00eda Gomez\",\"@id\":\"https:\/\/www.fiscalia.gov.co\/colombia\/#\/schema\/person\/06aa2210fe4d79203f428ff671dee360\"},\"headline\":\"A prisi\u00f3n el padre de una menor de edad por, supuesto, abuso sexual de su propia hija\",\"datePublished\":\"2021-01-27T22:31:32+00:00\",\"dateModified\":\"2021-01-28T16:43:04+00:00\",\"mainEntityOfPage\":{\"@id\":\"https:\/\/www.fiscalia.gov.co\/colombia\/seccionales\/seccional-inirida\/a-prision-el-padre-de-una-menor-de-edad-por-supuesto-abuso-sexual-de-su-propia-hija\/\"},\"wordCount\":399,\"publisher\":{\"@id\":\"https:\/\/www.fiscalia.gov.co\/colombia\/#organization\"},\"keywords\":[\"a la c\u00e1rcel\",\"Acceso carnal abusivo\",\"Actos sexuales abusivos\",\"Agresi\u00f3n sexual\",\"propia hija\"],\"articleSection\":[\"Seccional In\u00edrida\",\"Seccionales\",\"Violencia sexual e intrafamiliar\"],\"inLanguage\":\"es-CO\"},{\"@type\":\"WebPage\",\"@id\":\"https:\/\/www.fiscalia.gov.co\/colombia\/seccionales\/seccional-inirida\/a-prision-el-padre-de-una-menor-de-edad-por-supuesto-abuso-sexual-de-su-propia-hija\/\",\"url\":\"https:\/\/www.fiscalia.gov.co\/colombia\/seccionales\/seccional-inirida\/a-prision-el-padre-de-una-menor-de-edad-por-supuesto-abuso-sexual-de-su-propia-hija\/\",\"name\":\"Fiscal\u00eda General de la Naci\u00f3n\",\"isPartOf\":{\"@id\":\"https:\/\/www.fiscalia.gov.co\/colombia\/#website\"},\"datePublished\":\"2021-01-27T22:31:32+00:00\",\"dateModified\":\"2021-01-28T16:43:04+00:00\",\"description\":\"P\u00e1gina oficial de la Fiscal\u00eda General de la Naci\u00f3n \u2013 Colombia. Garantizamos el acceso efectivo a la justicia, la verdad y la reparaci\u00f3n de las v\u00edctimas de los delitos.\",\"breadcrumb\":{\"@id\":\"https:\/\/www.fiscalia.gov.co\/colombia\/seccionales\/seccional-inirida\/a-prision-el-padre-de-una-menor-de-edad-por-supuesto-abuso-sexual-de-su-propia-hija\/#breadcrumb\"},\"inLanguage\":\"es-CO\",\"potentialAction\":[{\"@type\":\"ReadAction\",\"target\":[\"https:\/\/www.fiscalia.gov.co\/colombia\/seccionales\/seccional-inirida\/a-prision-el-padre-de-una-menor-de-edad-por-supuesto-abuso-sexual-de-su-propia-hija\/\"]}]},{\"@type\":\"BreadcrumbList\",\"@id\":\"https:\/\/www.fiscalia.gov.co\/colombia\/seccionales\/seccional-inirida\/a-prision-el-padre-de-una-menor-de-edad-por-supuesto-abuso-sexual-de-su-propia-hija\/#breadcrumb\",\"itemListElement\":[{\"@type\":\"ListItem\",\"position\":1,\"name\":\"Home\",\"item\":\"https:\/\/www.fiscalia.gov.co\/colombia\/\"},{\"@type\":\"ListItem\",\"position\":2,\"name\":\"A prisi\u00f3n el padre de una menor de edad por, supuesto, abuso sexual de su propia hija\"}]},{\"@type\":\"WebSite\",\"@id\":\"https:\/\/www.fiscalia.gov.co\/colombia\/#website\",\"url\":\"https:\/\/www.fiscalia.gov.co\/colombia\/\",\"name\":\"Fiscal\u00eda General de la Naci\u00f3n\",\"description\":\"P\u00e1gina oficial de la Fiscal\u00eda General de la Naci\u00f3n \u2013 Colombia. Garantizamos el acceso efectivo a la justicia, la verdad y la reparaci\u00f3n de las v\u00edctimas de los delitos.\",\"publisher\":{\"@id\":\"https:\/\/www.fiscalia.gov.co\/colombia\/#organization\"},\"potentialAction\":[{\"@type\":\"SearchAction\",\"target\":{\"@type\":\"EntryPoint\",\"urlTemplate\":\"https:\/\/www.fiscalia.gov.co\/colombia\/?s={search_term_string}\"},\"query-input\":{\"@type\":\"PropertyValueSpecification\",\"valueRequired\":true,\"valueName\":\"search_term_string\"}}],\"inLanguage\":\"es-CO\"},{\"@type\":\"Organization\",\"@id\":\"https:\/\/www.fiscalia.gov.co\/colombia\/#organization\",\"name\":\"Fiscal\u00eda General de la Naci\u00f3n\",\"url\":\"https:\/\/www.fiscalia.gov.co\/colombia\/\",\"logo\":{\"@type\":\"ImageObject\",\"inLanguage\":\"es-CO\",\"@id\":\"https:\/\/www.fiscalia.gov.co\/colombia\/#\/schema\/logo\/image\/\",\"url\":\"https:\/\/www.fiscalia.gov.co\/colombia\/wp-content\/uploads\/LogoHorizontal_1.jpg\",\"contentUrl\":\"https:\/\/www.fiscalia.gov.co\/colombia\/wp-content\/uploads\/LogoHorizontal_1.jpg\",\"width\":300,\"height\":90,\"caption\":\"Fiscal\u00eda General de la Naci\u00f3n\"},\"image\":{\"@id\":\"https:\/\/www.fiscalia.gov.co\/colombia\/#\/schema\/logo\/image\/\"},\"sameAs\":[\"https:\/\/www.facebook.com\/FiscaliaCol\",\"https:\/\/x.com\/FiscaliaCol\",\"https:\/\/www.instagram.com\/fiscaliacol\",\"https:\/\/www.linkedin.com\/company\/fiscalia-general-de-la-naci-n\/\",\"https:\/\/youtube.com\/@fiscaliageneraldelanacion-4668?si=6nN79nyQICPU5iTh\"]},{\"@type\":\"Person\",\"@id\":\"https:\/\/www.fiscalia.gov.co\/colombia\/#\/schema\/person\/06aa2210fe4d79203f428ff671dee360\",\"name\":\"Ana Mar\u00eda Gomez\",\"image\":{\"@type\":\"ImageObject\",\"inLanguage\":\"es-CO\",\"@id\":\"https:\/\/www.fiscalia.gov.co\/colombia\/#\/schema\/person\/image\/\",\"url\":\"https:\/\/secure.gravatar.com\/avatar\/a38115d98a7f8a96cbb96af2b2c37a0b?s=96&d=mm&r=g\",\"contentUrl\":\"https:\/\/secure.gravatar.com\/avatar\/a38115d98a7f8a96cbb96af2b2c37a0b?s=96&d=mm&r=g\",\"caption\":\"Ana Mar\u00eda Gomez\"},\"url\":\"https:\/\/www.fiscalia.gov.co\/colombia\/author\/agomez\/\"}]}<\/script>\n<!-- \/ Yoast SEO plugin. -->","yoast_head_json":{"title":"Fiscal\u00eda General de la Naci\u00f3n","description":"P\u00e1gina oficial de la Fiscal\u00eda General de la Naci\u00f3n \u2013 Colombia. Garantizamos el acceso efectivo a la justicia, la verdad y la reparaci\u00f3n de las v\u00edctimas de los delitos.","robots":{"index":"noindex","follow":"follow"},"og_locale":"es_ES","og_type":"article","og_title":"Fiscal\u00eda General de la Naci\u00f3n","og_description":"P\u00e1gina oficial de la Fiscal\u00eda General de la Naci\u00f3n \u2013 Colombia. Garantizamos el acceso efectivo a la justicia, la verdad y la reparaci\u00f3n de las v\u00edctimas de los delitos.","og_url":"https:\/\/www.fiscalia.gov.co\/colombia\/seccionales\/seccional-inirida\/a-prision-el-padre-de-una-menor-de-edad-por-supuesto-abuso-sexual-de-su-propia-hija\/","og_site_name":"Fiscal\u00eda General de la Naci\u00f3n","article_publisher":"https:\/\/www.facebook.com\/FiscaliaCol","article_published_time":"2021-01-27T22:31:32+00:00","article_modified_time":"2021-01-28T16:43:04+00:00","author":"Ana Mar\u00eda Gomez","twitter_card":"summary_large_image","twitter_creator":"@FiscaliaCol","twitter_site":"@FiscaliaCol","twitter_misc":{"Escrito por":"Ana Mar\u00eda Gomez","Tiempo de lectura":"2 minutos"},"schema":{"@context":"https:\/\/schema.org","@graph":[{"@type":"Article","@id":"https:\/\/www.fiscalia.gov.co\/colombia\/seccionales\/seccional-inirida\/a-prision-el-padre-de-una-menor-de-edad-por-supuesto-abuso-sexual-de-su-propia-hija\/#article","isPartOf":{"@id":"https:\/\/www.fiscalia.gov.co\/colombia\/seccionales\/seccional-inirida\/a-prision-el-padre-de-una-menor-de-edad-por-supuesto-abuso-sexual-de-su-propia-hija\/"},"author":{"name":"Ana Mar\u00eda Gomez","@id":"https:\/\/www.fiscalia.gov.co\/colombia\/#\/schema\/person\/06aa2210fe4d79203f428ff671dee360"},"headline":"A prisi\u00f3n el padre de una menor de edad por, supuesto, abuso sexual de su propia hija","datePublished":"2021-01-27T22:31:32+00:00","dateModified":"2021-01-28T16:43:04+00:00","mainEntityOfPage":{"@id":"https:\/\/www.fiscalia.gov.co\/colombia\/seccionales\/seccional-inirida\/a-prision-el-padre-de-una-menor-de-edad-por-supuesto-abuso-sexual-de-su-propia-hija\/"},"wordCount":399,"publisher":{"@id":"https:\/\/www.fiscalia.gov.co\/colombia\/#organization"},"keywords":["a la c\u00e1rcel","Acceso carnal abusivo","Actos sexuales abusivos","Agresi\u00f3n sexual","propia hija"],"articleSection":["Seccional In\u00edrida","Seccionales","Violencia sexual e intrafamiliar"],"inLanguage":"es-CO"},{"@type":"WebPage","@id":"https:\/\/www.fiscalia.gov.co\/colombia\/seccionales\/seccional-inirida\/a-prision-el-padre-de-una-menor-de-edad-por-supuesto-abuso-sexual-de-su-propia-hija\/","url":"https:\/\/www.fiscalia.gov.co\/colombia\/seccionales\/seccional-inirida\/a-prision-el-padre-de-una-menor-de-edad-por-supuesto-abuso-sexual-de-su-propia-hija\/","name":"Fiscal\u00eda General de la Naci\u00f3n","isPartOf":{"@id":"https:\/\/www.fiscalia.gov.co\/colombia\/#website"},"datePublished":"2021-01-27T22:31:32+00:00","dateModified":"2021-01-28T16:43:04+00:00","description":"P\u00e1gina oficial de la Fiscal\u00eda General de la Naci\u00f3n \u2013 Colombia. Garantizamos el acceso efectivo a la justicia, la verdad y la reparaci\u00f3n de las v\u00edctimas de los delitos.","breadcrumb":{"@id":"https:\/\/www.fiscalia.gov.co\/colombia\/seccionales\/seccional-inirida\/a-prision-el-padre-de-una-menor-de-edad-por-supuesto-abuso-sexual-de-su-propia-hija\/#breadcrumb"},"inLanguage":"es-CO","potentialAction":[{"@type":"ReadAction","target":["https:\/\/www.fiscalia.gov.co\/colombia\/seccionales\/seccional-inirida\/a-prision-el-padre-de-una-menor-de-edad-por-supuesto-abuso-sexual-de-su-propia-hija\/"]}]},{"@type":"BreadcrumbList","@id":"https:\/\/www.fiscalia.gov.co\/colombia\/seccionales\/seccional-inirida\/a-prision-el-padre-de-una-menor-de-edad-por-supuesto-abuso-sexual-de-su-propia-hija\/#breadcrumb","itemListElement":[{"@type":"ListItem","position":1,"name":"Home","item":"https:\/\/www.fiscalia.gov.co\/colombia\/"},{"@type":"ListItem","position":2,"name":"A prisi\u00f3n el padre de una menor de edad por, supuesto, abuso sexual de su propia hija"}]},{"@type":"WebSite","@id":"https:\/\/www.fiscalia.gov.co\/colombia\/#website","url":"https:\/\/www.fiscalia.gov.co\/colombia\/","name":"Fiscal\u00eda General de la Naci\u00f3n","description":"P\u00e1gina oficial de la Fiscal\u00eda General de la Naci\u00f3n \u2013 Colombia. Garantizamos el acceso efectivo a la justicia, la verdad y la reparaci\u00f3n de las v\u00edctimas de los delitos.","publisher":{"@id":"https:\/\/www.fiscalia.gov.co\/colombia\/#organization"},"potentialAction":[{"@type":"SearchAction","target":{"@type":"EntryPoint","urlTemplate":"https:\/\/www.fiscalia.gov.co\/colombia\/?s={search_term_string}"},"query-input":{"@type":"PropertyValueSpecification","valueRequired":true,"valueName":"search_term_string"}}],"inLanguage":"es-CO"},{"@type":"Organization","@id":"https:\/\/www.fiscalia.gov.co\/colombia\/#organization","name":"Fiscal\u00eda General de la Naci\u00f3n","url":"https:\/\/www.fiscalia.gov.co\/colombia\/","logo":{"@type":"ImageObject","inLanguage":"es-CO","@id":"https:\/\/www.fiscalia.gov.co\/colombia\/#\/schema\/logo\/image\/","url":"https:\/\/www.fiscalia.gov.co\/colombia\/wp-content\/uploads\/LogoHorizontal_1.jpg","contentUrl":"https:\/\/www.fiscalia.gov.co\/colombia\/wp-content\/uploads\/LogoHorizontal_1.jpg","width":300,"height":90,"caption":"Fiscal\u00eda General de la Naci\u00f3n"},"image":{"@id":"https:\/\/www.fiscalia.gov.co\/colombia\/#\/schema\/logo\/image\/"},"sameAs":["https:\/\/www.facebook.com\/FiscaliaCol","https:\/\/x.com\/FiscaliaCol","https:\/\/www.instagram.com\/fiscaliacol","https:\/\/www.linkedin.com\/company\/fiscalia-general-de-la-naci-n\/","https:\/\/youtube.com\/@fiscaliageneraldelanacion-4668?si=6nN79nyQICPU5iTh"]},{"@type":"Person","@id":"https:\/\/www.fiscalia.gov.co\/colombia\/#\/schema\/person\/06aa2210fe4d79203f428ff671dee360","name":"Ana Mar\u00eda Gomez","image":{"@type":"ImageObject","inLanguage":"es-CO","@id":"https:\/\/www.fiscalia.gov.co\/colombia\/#\/schema\/person\/image\/","url":"https:\/\/secure.gravatar.com\/avatar\/a38115d98a7f8a96cbb96af2b2c37a0b?s=96&d=mm&r=g","contentUrl":"https:\/\/secure.gravatar.com\/avatar\/a38115d98a7f8a96cbb96af2b2c37a0b?s=96&d=mm&r=g","caption":"Ana Mar\u00eda Gomez"},"url":"https:\/\/www.fiscalia.gov.co\/colombia\/author\/agomez\/"}]}},"_links":{"self":[{"href":"https:\/\/www.fiscalia.gov.co\/colombia\/wp-json\/wp\/v2\/posts\/211735","targetHints":{"allow":["GET"]}}],"collection":[{"href":"https:\/\/www.fiscalia.gov.co\/colombia\/wp-json\/wp\/v2\/posts"}],"about":[{"href":"https:\/\/www.fiscalia.gov.co\/colombia\/wp-json\/wp\/v2\/types\/post"}],"author":[{"embeddable":true,"href":"https:\/\/www.fiscalia.gov.co\/colombia\/wp-json\/wp\/v2\/users\/171"}],"replies":[{"embeddable":true,"href":"https:\/\/www.fiscalia.gov.co\/colombia\/wp-json\/wp\/v2\/comments?post=211735"}],"version-history":[{"count":2,"href":"https:\/\/www.fiscalia.gov.co\/colombia\/wp-json\/wp\/v2\/posts\/211735\/revisions"}],"predecessor-version":[{"id":211793,"href":"https:\/\/www.fiscalia.gov.co\/colombia\/wp-json\/wp\/v2\/posts\/211735\/revisions\/211793"}],"wp:attachment":[{"href":"https:\/\/www.fiscalia.gov.co\/colombia\/wp-json\/wp\/v2\/media?parent=211735"}],"wp:term":[{"taxonomy":"category","embeddable":true,"href":"https:\/\/www.fiscalia.gov.co\/colombia\/wp-json\/wp\/v2\/categories?post=211735"},{"taxonomy":"post_tag","embeddable":true,"href":"https:\/\/www.fiscalia.gov.co\/colombia\/wp-json\/wp\/v2\/tags?post=211735"}],"curies":[{"name":"wp","href":"https:\/\/api.w.org\/{rel}","templated":true}]}}