{"id":211700,"date":"2021-01-27T14:45:37","date_gmt":"2021-01-27T19:45:37","guid":{"rendered":"https:\/\/www.fiscalia.gov.co\/colombia\/?p=211700"},"modified":"2021-01-27T15:48:41","modified_gmt":"2021-01-27T20:48:41","slug":"condenados-a-mas-de-38-anos-de-prision-por-el-secuestro-de-u-estudiante-universitario-de-medellin","status":"publish","type":"post","link":"https:\/\/www.fiscalia.gov.co\/colombia\/hay-justicia\/condenados-a-mas-de-38-anos-de-prision-por-el-secuestro-de-u-estudiante-universitario-de-medellin\/","title":{"rendered":"Condenado a m\u00e1s de 38 a\u00f1os de prisi\u00f3n por el secuestro de un estudiante universitario de Medell\u00edn"},"content":{"rendered":"<div dir=\"auto\">\n<p>Por solicitud de la\u00a0<strong>Fiscal\u00eda General de la Naci\u00f3n,<\/strong>\u00a0el Juzgado 1 Penal del Circuito Especializado de Medell\u00edn sentenci\u00f3 a 38 a\u00f1os y 8 meses de prisi\u00f3n a Felipe Ospina Sierra, alias Pipe; Mateo Bustamante Z\u00e1rate y Adri\u00e1n Fernando Gaviria Correa, alias el Rasta, por los delitos de secuestro extorsivo agravado y hurto calificado y agravado.<\/p>\n<p>La investigaci\u00f3n est\u00e1 relacionada con el secuestro de un estudiante universitario de 25 a\u00f1os, ocurrido la madrugada del 5 de julio de 2019, a las afueras de una discoteca ubicada cerca del\u00a0<strong>estadio Atanasio Girardot de Medell\u00edn.\u00a0<\/strong><\/p>\n<\/div>\n<div dir=\"ltr\">\n<figure id=\"attachment_211702\" aria-describedby=\"caption-attachment-211702\" style=\"width: 696px\" class=\"wp-caption aligncenter\"><img loading=\"lazy\" decoding=\"async\" class=\"size-large wp-image-211702\" src=\"https:\/\/www.fiscalia.gov.co\/colombia\/wp-content\/uploads\/IMG-20210125-WA0166-4-1024x768.jpg\" alt=\"\" width=\"696\" height=\"522\" srcset=\"https:\/\/www.fiscalia.gov.co\/colombia\/wp-content\/uploads\/IMG-20210125-WA0166-4-1024x768.jpg 1024w, https:\/\/www.fiscalia.gov.co\/colombia\/wp-content\/uploads\/IMG-20210125-WA0166-4-300x225.jpg 300w, https:\/\/www.fiscalia.gov.co\/colombia\/wp-content\/uploads\/IMG-20210125-WA0166-4-768x576.jpg 768w, https:\/\/www.fiscalia.gov.co\/colombia\/wp-content\/uploads\/IMG-20210125-WA0166-4-696x522.jpg 696w, https:\/\/www.fiscalia.gov.co\/colombia\/wp-content\/uploads\/IMG-20210125-WA0166-4-1068x801.jpg 1068w, https:\/\/www.fiscalia.gov.co\/colombia\/wp-content\/uploads\/IMG-20210125-WA0166-4-560x420.jpg 560w, https:\/\/www.fiscalia.gov.co\/colombia\/wp-content\/uploads\/IMG-20210125-WA0166-4-80x60.jpg 80w, https:\/\/www.fiscalia.gov.co\/colombia\/wp-content\/uploads\/IMG-20210125-WA0166-4-265x198.jpg 265w, https:\/\/www.fiscalia.gov.co\/colombia\/wp-content\/uploads\/IMG-20210125-WA0166-4.jpg 1280w\" sizes=\"auto, (max-width: 696px) 100vw, 696px\" \/><figcaption id=\"caption-attachment-211702\" class=\"wp-caption-text\">Los tres hombres fueron capturados por servidores del CTI adscritos al Gaula Militar de Antioquia con el apoyo del Ej\u00e9rcito Nacional el 4 de diciembre de 2019 y fueron condenados luego de ser vencidos en juicio.<\/figcaption><\/figure>\n<\/div>\n<div dir=\"ltr\">\n<p>De acuerdo con la denuncia formulada por el hermano de la v\u00edctima, varios hombres subieron al joven por la fuerza a un veh\u00edculo particular de placas BKU 599, donde le hurtaron sus pertenencias; lo golpearon en repetidas ocasiones y luego le causaron una herida con arma blanca en la mano mientras contactan a su familia para exigirle\u00a0<strong>un mill\u00f3n de pesos por su liberaci\u00f3n.\u00a0<\/strong><\/p>\n<p>Varias horas despu\u00e9s el universitario escap\u00f3 de sus captores y se dirigi\u00f3 al\u00a0<strong>Gaula Militar<\/strong>\u00a0para dar a conocer el hecho. Ese mismo d\u00eda, los investigadores del Cuerpo T\u00e9cnico de Investigaci\u00f3n (CTI) ubicaron el automotor cerca donde ocurri\u00f3 el secuestro, requiriendo al due\u00f1o para recolectar evidencia y elementos materiales con vocaci\u00f3n probararia.<\/p>\n<p>Luego de un minucioso experticio, hallaron rastros de sangre de la v\u00edctima y recuperaron las huellas dactilares de algunos de los presuntos victimarios.<\/p>\n<p>Los tres hombres fueron capturados por servidores del\u00a0<strong>CTI adscritos al Gaula Militar de Antioquia con el apoyo del Ej\u00e9rcito Nacional<\/strong>\u00a0el 4 de diciembre de 2019 y fueron condenados luego de ser vencidos en juicio.<\/p>\n<p>La investigaci\u00f3n se adelant\u00f3 bajo los lineamientos del\u00a0<strong>Fiscal General de la Naci\u00f3n Francisco Barbosa Delgado,\u00a0<\/strong>para<strong>\u00a0<\/strong>combatir los delitos que atenten contra la libertad. La Fiscal\u00eda hace p\u00fablica esta informaci\u00f3n por razones de inter\u00e9s general.<\/p>\n<p>LFML\/JFC\/MG<\/p>\n<p>&nbsp;<\/p>\n<\/div>\n\n<div class=\"twitter-share\"><a href=\"https:\/\/twitter.com\/intent\/tweet?via=fiscaliacol\" class=\"twitter-share-button\">Tweet<\/a><\/div>\n","protected":false},"excerpt":{"rendered":"<p>Por solicitud de la\u00a0Fiscal\u00eda General de la Naci\u00f3n,\u00a0el Juzgado 1 Penal del Circuito Especializado de Medell\u00edn sentenci\u00f3 a 38 a\u00f1os y 8 meses de prisi\u00f3n a Felipe Ospina Sierra, alias Pipe; Mateo Bustamante Z\u00e1rate y Adri\u00e1n Fernando Gaviria Correa, alias el Rasta, por los delitos de secuestro extorsivo agravado y hurto calificado y agravado. La [&hellip;]<\/p>\n","protected":false},"author":171,"featured_media":0,"comment_status":"closed","ping_status":"open","sticky":false,"template":"","format":"standard","meta":{"tdm_status":"","tdm_grid_status":"","footnotes":""},"categories":[24174,331,303],"tags":[24185,4614,24237,23964],"class_list":{"0":"post-211700","1":"post","2":"type-post","3":"status-publish","4":"format-standard","6":"category-hay-justicia","7":"category-seccional-medellin","8":"category-seccionales","9":"tag-fiscal-barbosa","10":"tag-fiscalia-2","11":"tag-prision","12":"tag-secuestro"},"yoast_head":"<!-- This site is optimized with the Yoast SEO plugin v24.3 - https:\/\/yoast.com\/wordpress\/plugins\/seo\/ -->\n<title>Fiscal\u00eda General de la Naci\u00f3n<\/title>\n<meta name=\"description\" content=\"P\u00e1gina oficial de la Fiscal\u00eda General de la Naci\u00f3n \u2013 Colombia. Garantizamos el acceso efectivo a la justicia, la verdad y la reparaci\u00f3n de las v\u00edctimas de los delitos.\" \/>\n<meta name=\"robots\" content=\"noindex, follow\" \/>\n<meta property=\"og:locale\" content=\"es_ES\" \/>\n<meta property=\"og:type\" content=\"article\" \/>\n<meta property=\"og:title\" content=\"Fiscal\u00eda General de la Naci\u00f3n\" \/>\n<meta property=\"og:description\" content=\"P\u00e1gina oficial de la Fiscal\u00eda General de la Naci\u00f3n \u2013 Colombia. Garantizamos el acceso efectivo a la justicia, la verdad y la reparaci\u00f3n de las v\u00edctimas de los delitos.\" \/>\n<meta property=\"og:url\" content=\"https:\/\/www.fiscalia.gov.co\/colombia\/hay-justicia\/condenados-a-mas-de-38-anos-de-prision-por-el-secuestro-de-u-estudiante-universitario-de-medellin\/\" \/>\n<meta property=\"og:site_name\" content=\"Fiscal\u00eda General de la Naci\u00f3n\" \/>\n<meta property=\"article:publisher\" content=\"https:\/\/www.facebook.com\/FiscaliaCol\" \/>\n<meta property=\"article:published_time\" content=\"2021-01-27T19:45:37+00:00\" \/>\n<meta property=\"article:modified_time\" content=\"2021-01-27T20:48:41+00:00\" \/>\n<meta property=\"og:image\" content=\"https:\/\/www.fiscalia.gov.co\/colombia\/wp-content\/uploads\/IMG-20210125-WA0166-4-1024x768.jpg\" \/>\n<meta name=\"author\" content=\"Ana Mar\u00eda Gomez\" \/>\n<meta name=\"twitter:card\" content=\"summary_large_image\" \/>\n<meta name=\"twitter:creator\" content=\"@FiscaliaCol\" \/>\n<meta name=\"twitter:site\" content=\"@FiscaliaCol\" \/>\n<meta name=\"twitter:label1\" content=\"Escrito por\" \/>\n\t<meta name=\"twitter:data1\" content=\"Ana Mar\u00eda Gomez\" \/>\n\t<meta name=\"twitter:label2\" content=\"Tiempo de lectura\" \/>\n\t<meta name=\"twitter:data2\" content=\"2 minutos\" \/>\n<script type=\"application\/ld+json\" class=\"yoast-schema-graph\">{\"@context\":\"https:\/\/schema.org\",\"@graph\":[{\"@type\":\"Article\",\"@id\":\"https:\/\/www.fiscalia.gov.co\/colombia\/hay-justicia\/condenados-a-mas-de-38-anos-de-prision-por-el-secuestro-de-u-estudiante-universitario-de-medellin\/#article\",\"isPartOf\":{\"@id\":\"https:\/\/www.fiscalia.gov.co\/colombia\/hay-justicia\/condenados-a-mas-de-38-anos-de-prision-por-el-secuestro-de-u-estudiante-universitario-de-medellin\/\"},\"author\":{\"name\":\"Ana Mar\u00eda Gomez\",\"@id\":\"https:\/\/www.fiscalia.gov.co\/colombia\/#\/schema\/person\/06aa2210fe4d79203f428ff671dee360\"},\"headline\":\"Condenado a m\u00e1s de 38 a\u00f1os de prisi\u00f3n por el secuestro de un estudiante universitario de Medell\u00edn\",\"datePublished\":\"2021-01-27T19:45:37+00:00\",\"dateModified\":\"2021-01-27T20:48:41+00:00\",\"mainEntityOfPage\":{\"@id\":\"https:\/\/www.fiscalia.gov.co\/colombia\/hay-justicia\/condenados-a-mas-de-38-anos-de-prision-por-el-secuestro-de-u-estudiante-universitario-de-medellin\/\"},\"wordCount\":389,\"publisher\":{\"@id\":\"https:\/\/www.fiscalia.gov.co\/colombia\/#organization\"},\"image\":{\"@id\":\"https:\/\/www.fiscalia.gov.co\/colombia\/hay-justicia\/condenados-a-mas-de-38-anos-de-prision-por-el-secuestro-de-u-estudiante-universitario-de-medellin\/#primaryimage\"},\"thumbnailUrl\":\"https:\/\/www.fiscalia.gov.co\/colombia\/wp-content\/uploads\/IMG-20210125-WA0166-4-1024x768.jpg\",\"keywords\":[\"Fiscal Barbosa\",\"Fiscal\u00eda\",\"prisi\u00f3n\",\"Secuestro\"],\"articleSection\":[\"Hay Justicia\",\"Seccional Medell\u00edn\",\"Seccionales\"],\"inLanguage\":\"es-CO\"},{\"@type\":\"WebPage\",\"@id\":\"https:\/\/www.fiscalia.gov.co\/colombia\/hay-justicia\/condenados-a-mas-de-38-anos-de-prision-por-el-secuestro-de-u-estudiante-universitario-de-medellin\/\",\"url\":\"https:\/\/www.fiscalia.gov.co\/colombia\/hay-justicia\/condenados-a-mas-de-38-anos-de-prision-por-el-secuestro-de-u-estudiante-universitario-de-medellin\/\",\"name\":\"Fiscal\u00eda General de la Naci\u00f3n\",\"isPartOf\":{\"@id\":\"https:\/\/www.fiscalia.gov.co\/colombia\/#website\"},\"primaryImageOfPage\":{\"@id\":\"https:\/\/www.fiscalia.gov.co\/colombia\/hay-justicia\/condenados-a-mas-de-38-anos-de-prision-por-el-secuestro-de-u-estudiante-universitario-de-medellin\/#primaryimage\"},\"image\":{\"@id\":\"https:\/\/www.fiscalia.gov.co\/colombia\/hay-justicia\/condenados-a-mas-de-38-anos-de-prision-por-el-secuestro-de-u-estudiante-universitario-de-medellin\/#primaryimage\"},\"thumbnailUrl\":\"https:\/\/www.fiscalia.gov.co\/colombia\/wp-content\/uploads\/IMG-20210125-WA0166-4-1024x768.jpg\",\"datePublished\":\"2021-01-27T19:45:37+00:00\",\"dateModified\":\"2021-01-27T20:48:41+00:00\",\"description\":\"P\u00e1gina oficial de la Fiscal\u00eda General de la Naci\u00f3n \u2013 Colombia. Garantizamos el acceso efectivo a la justicia, la verdad y la reparaci\u00f3n de las v\u00edctimas de los delitos.\",\"breadcrumb\":{\"@id\":\"https:\/\/www.fiscalia.gov.co\/colombia\/hay-justicia\/condenados-a-mas-de-38-anos-de-prision-por-el-secuestro-de-u-estudiante-universitario-de-medellin\/#breadcrumb\"},\"inLanguage\":\"es-CO\",\"potentialAction\":[{\"@type\":\"ReadAction\",\"target\":[\"https:\/\/www.fiscalia.gov.co\/colombia\/hay-justicia\/condenados-a-mas-de-38-anos-de-prision-por-el-secuestro-de-u-estudiante-universitario-de-medellin\/\"]}]},{\"@type\":\"ImageObject\",\"inLanguage\":\"es-CO\",\"@id\":\"https:\/\/www.fiscalia.gov.co\/colombia\/hay-justicia\/condenados-a-mas-de-38-anos-de-prision-por-el-secuestro-de-u-estudiante-universitario-de-medellin\/#primaryimage\",\"url\":\"https:\/\/www.fiscalia.gov.co\/colombia\/wp-content\/uploads\/IMG-20210125-WA0166-4.jpg\",\"contentUrl\":\"https:\/\/www.fiscalia.gov.co\/colombia\/wp-content\/uploads\/IMG-20210125-WA0166-4.jpg\",\"width\":1280,\"height\":960,\"caption\":\"Los tres hombres fueron capturados por servidores del CTI adscritos al Gaula Militar de Antioquia con el apoyo del Ej\u00e9rcito Nacional el 4 de diciembre de 2019 y fueron condenados luego de ser vencidos en juicio.\"},{\"@type\":\"BreadcrumbList\",\"@id\":\"https:\/\/www.fiscalia.gov.co\/colombia\/hay-justicia\/condenados-a-mas-de-38-anos-de-prision-por-el-secuestro-de-u-estudiante-universitario-de-medellin\/#breadcrumb\",\"itemListElement\":[{\"@type\":\"ListItem\",\"position\":1,\"name\":\"Home\",\"item\":\"https:\/\/www.fiscalia.gov.co\/colombia\/\"},{\"@type\":\"ListItem\",\"position\":2,\"name\":\"Condenado a m\u00e1s de 38 a\u00f1os de prisi\u00f3n por el secuestro de un estudiante universitario de Medell\u00edn\"}]},{\"@type\":\"WebSite\",\"@id\":\"https:\/\/www.fiscalia.gov.co\/colombia\/#website\",\"url\":\"https:\/\/www.fiscalia.gov.co\/colombia\/\",\"name\":\"Fiscal\u00eda General de la Naci\u00f3n\",\"description\":\"P\u00e1gina oficial de la Fiscal\u00eda General de la Naci\u00f3n \u2013 Colombia. Garantizamos el acceso efectivo a la justicia, la verdad y la reparaci\u00f3n de las v\u00edctimas de los delitos.\",\"publisher\":{\"@id\":\"https:\/\/www.fiscalia.gov.co\/colombia\/#organization\"},\"potentialAction\":[{\"@type\":\"SearchAction\",\"target\":{\"@type\":\"EntryPoint\",\"urlTemplate\":\"https:\/\/www.fiscalia.gov.co\/colombia\/?s={search_term_string}\"},\"query-input\":{\"@type\":\"PropertyValueSpecification\",\"valueRequired\":true,\"valueName\":\"search_term_string\"}}],\"inLanguage\":\"es-CO\"},{\"@type\":\"Organization\",\"@id\":\"https:\/\/www.fiscalia.gov.co\/colombia\/#organization\",\"name\":\"Fiscal\u00eda General de la Naci\u00f3n\",\"url\":\"https:\/\/www.fiscalia.gov.co\/colombia\/\",\"logo\":{\"@type\":\"ImageObject\",\"inLanguage\":\"es-CO\",\"@id\":\"https:\/\/www.fiscalia.gov.co\/colombia\/#\/schema\/logo\/image\/\",\"url\":\"https:\/\/www.fiscalia.gov.co\/colombia\/wp-content\/uploads\/LogoHorizontal_1.jpg\",\"contentUrl\":\"https:\/\/www.fiscalia.gov.co\/colombia\/wp-content\/uploads\/LogoHorizontal_1.jpg\",\"width\":300,\"height\":90,\"caption\":\"Fiscal\u00eda General de la Naci\u00f3n\"},\"image\":{\"@id\":\"https:\/\/www.fiscalia.gov.co\/colombia\/#\/schema\/logo\/image\/\"},\"sameAs\":[\"https:\/\/www.facebook.com\/FiscaliaCol\",\"https:\/\/x.com\/FiscaliaCol\",\"https:\/\/www.instagram.com\/fiscaliacol\",\"https:\/\/www.linkedin.com\/company\/fiscalia-general-de-la-naci-n\/\",\"https:\/\/youtube.com\/@fiscaliageneraldelanacion-4668?si=6nN79nyQICPU5iTh\"]},{\"@type\":\"Person\",\"@id\":\"https:\/\/www.fiscalia.gov.co\/colombia\/#\/schema\/person\/06aa2210fe4d79203f428ff671dee360\",\"name\":\"Ana Mar\u00eda Gomez\",\"image\":{\"@type\":\"ImageObject\",\"inLanguage\":\"es-CO\",\"@id\":\"https:\/\/www.fiscalia.gov.co\/colombia\/#\/schema\/person\/image\/\",\"url\":\"https:\/\/secure.gravatar.com\/avatar\/a38115d98a7f8a96cbb96af2b2c37a0b?s=96&d=mm&r=g\",\"contentUrl\":\"https:\/\/secure.gravatar.com\/avatar\/a38115d98a7f8a96cbb96af2b2c37a0b?s=96&d=mm&r=g\",\"caption\":\"Ana Mar\u00eda Gomez\"},\"url\":\"https:\/\/www.fiscalia.gov.co\/colombia\/author\/agomez\/\"}]}<\/script>\n<!-- \/ Yoast SEO plugin. -->","yoast_head_json":{"title":"Fiscal\u00eda General de la Naci\u00f3n","description":"P\u00e1gina oficial de la Fiscal\u00eda General de la Naci\u00f3n \u2013 Colombia. Garantizamos el acceso efectivo a la justicia, la verdad y la reparaci\u00f3n de las v\u00edctimas de los delitos.","robots":{"index":"noindex","follow":"follow"},"og_locale":"es_ES","og_type":"article","og_title":"Fiscal\u00eda General de la Naci\u00f3n","og_description":"P\u00e1gina oficial de la Fiscal\u00eda General de la Naci\u00f3n \u2013 Colombia. Garantizamos el acceso efectivo a la justicia, la verdad y la reparaci\u00f3n de las v\u00edctimas de los delitos.","og_url":"https:\/\/www.fiscalia.gov.co\/colombia\/hay-justicia\/condenados-a-mas-de-38-anos-de-prision-por-el-secuestro-de-u-estudiante-universitario-de-medellin\/","og_site_name":"Fiscal\u00eda General de la Naci\u00f3n","article_publisher":"https:\/\/www.facebook.com\/FiscaliaCol","article_published_time":"2021-01-27T19:45:37+00:00","article_modified_time":"2021-01-27T20:48:41+00:00","og_image":[{"url":"https:\/\/www.fiscalia.gov.co\/colombia\/wp-content\/uploads\/IMG-20210125-WA0166-4-1024x768.jpg","type":"","width":"","height":""}],"author":"Ana Mar\u00eda Gomez","twitter_card":"summary_large_image","twitter_creator":"@FiscaliaCol","twitter_site":"@FiscaliaCol","twitter_misc":{"Escrito por":"Ana Mar\u00eda Gomez","Tiempo de lectura":"2 minutos"},"schema":{"@context":"https:\/\/schema.org","@graph":[{"@type":"Article","@id":"https:\/\/www.fiscalia.gov.co\/colombia\/hay-justicia\/condenados-a-mas-de-38-anos-de-prision-por-el-secuestro-de-u-estudiante-universitario-de-medellin\/#article","isPartOf":{"@id":"https:\/\/www.fiscalia.gov.co\/colombia\/hay-justicia\/condenados-a-mas-de-38-anos-de-prision-por-el-secuestro-de-u-estudiante-universitario-de-medellin\/"},"author":{"name":"Ana Mar\u00eda Gomez","@id":"https:\/\/www.fiscalia.gov.co\/colombia\/#\/schema\/person\/06aa2210fe4d79203f428ff671dee360"},"headline":"Condenado a m\u00e1s de 38 a\u00f1os de prisi\u00f3n por el secuestro de un estudiante universitario de Medell\u00edn","datePublished":"2021-01-27T19:45:37+00:00","dateModified":"2021-01-27T20:48:41+00:00","mainEntityOfPage":{"@id":"https:\/\/www.fiscalia.gov.co\/colombia\/hay-justicia\/condenados-a-mas-de-38-anos-de-prision-por-el-secuestro-de-u-estudiante-universitario-de-medellin\/"},"wordCount":389,"publisher":{"@id":"https:\/\/www.fiscalia.gov.co\/colombia\/#organization"},"image":{"@id":"https:\/\/www.fiscalia.gov.co\/colombia\/hay-justicia\/condenados-a-mas-de-38-anos-de-prision-por-el-secuestro-de-u-estudiante-universitario-de-medellin\/#primaryimage"},"thumbnailUrl":"https:\/\/www.fiscalia.gov.co\/colombia\/wp-content\/uploads\/IMG-20210125-WA0166-4-1024x768.jpg","keywords":["Fiscal Barbosa","Fiscal\u00eda","prisi\u00f3n","Secuestro"],"articleSection":["Hay Justicia","Seccional Medell\u00edn","Seccionales"],"inLanguage":"es-CO"},{"@type":"WebPage","@id":"https:\/\/www.fiscalia.gov.co\/colombia\/hay-justicia\/condenados-a-mas-de-38-anos-de-prision-por-el-secuestro-de-u-estudiante-universitario-de-medellin\/","url":"https:\/\/www.fiscalia.gov.co\/colombia\/hay-justicia\/condenados-a-mas-de-38-anos-de-prision-por-el-secuestro-de-u-estudiante-universitario-de-medellin\/","name":"Fiscal\u00eda General de la Naci\u00f3n","isPartOf":{"@id":"https:\/\/www.fiscalia.gov.co\/colombia\/#website"},"primaryImageOfPage":{"@id":"https:\/\/www.fiscalia.gov.co\/colombia\/hay-justicia\/condenados-a-mas-de-38-anos-de-prision-por-el-secuestro-de-u-estudiante-universitario-de-medellin\/#primaryimage"},"image":{"@id":"https:\/\/www.fiscalia.gov.co\/colombia\/hay-justicia\/condenados-a-mas-de-38-anos-de-prision-por-el-secuestro-de-u-estudiante-universitario-de-medellin\/#primaryimage"},"thumbnailUrl":"https:\/\/www.fiscalia.gov.co\/colombia\/wp-content\/uploads\/IMG-20210125-WA0166-4-1024x768.jpg","datePublished":"2021-01-27T19:45:37+00:00","dateModified":"2021-01-27T20:48:41+00:00","description":"P\u00e1gina oficial de la Fiscal\u00eda General de la Naci\u00f3n \u2013 Colombia. Garantizamos el acceso efectivo a la justicia, la verdad y la reparaci\u00f3n de las v\u00edctimas de los delitos.","breadcrumb":{"@id":"https:\/\/www.fiscalia.gov.co\/colombia\/hay-justicia\/condenados-a-mas-de-38-anos-de-prision-por-el-secuestro-de-u-estudiante-universitario-de-medellin\/#breadcrumb"},"inLanguage":"es-CO","potentialAction":[{"@type":"ReadAction","target":["https:\/\/www.fiscalia.gov.co\/colombia\/hay-justicia\/condenados-a-mas-de-38-anos-de-prision-por-el-secuestro-de-u-estudiante-universitario-de-medellin\/"]}]},{"@type":"ImageObject","inLanguage":"es-CO","@id":"https:\/\/www.fiscalia.gov.co\/colombia\/hay-justicia\/condenados-a-mas-de-38-anos-de-prision-por-el-secuestro-de-u-estudiante-universitario-de-medellin\/#primaryimage","url":"https:\/\/www.fiscalia.gov.co\/colombia\/wp-content\/uploads\/IMG-20210125-WA0166-4.jpg","contentUrl":"https:\/\/www.fiscalia.gov.co\/colombia\/wp-content\/uploads\/IMG-20210125-WA0166-4.jpg","width":1280,"height":960,"caption":"Los tres hombres fueron capturados por servidores del CTI adscritos al Gaula Militar de Antioquia con el apoyo del Ej\u00e9rcito Nacional el 4 de diciembre de 2019 y fueron condenados luego de ser vencidos en juicio."},{"@type":"BreadcrumbList","@id":"https:\/\/www.fiscalia.gov.co\/colombia\/hay-justicia\/condenados-a-mas-de-38-anos-de-prision-por-el-secuestro-de-u-estudiante-universitario-de-medellin\/#breadcrumb","itemListElement":[{"@type":"ListItem","position":1,"name":"Home","item":"https:\/\/www.fiscalia.gov.co\/colombia\/"},{"@type":"ListItem","position":2,"name":"Condenado a m\u00e1s de 38 a\u00f1os de prisi\u00f3n por el secuestro de un estudiante universitario de Medell\u00edn"}]},{"@type":"WebSite","@id":"https:\/\/www.fiscalia.gov.co\/colombia\/#website","url":"https:\/\/www.fiscalia.gov.co\/colombia\/","name":"Fiscal\u00eda General de la Naci\u00f3n","description":"P\u00e1gina oficial de la Fiscal\u00eda General de la Naci\u00f3n \u2013 Colombia. Garantizamos el acceso efectivo a la justicia, la verdad y la reparaci\u00f3n de las v\u00edctimas de los delitos.","publisher":{"@id":"https:\/\/www.fiscalia.gov.co\/colombia\/#organization"},"potentialAction":[{"@type":"SearchAction","target":{"@type":"EntryPoint","urlTemplate":"https:\/\/www.fiscalia.gov.co\/colombia\/?s={search_term_string}"},"query-input":{"@type":"PropertyValueSpecification","valueRequired":true,"valueName":"search_term_string"}}],"inLanguage":"es-CO"},{"@type":"Organization","@id":"https:\/\/www.fiscalia.gov.co\/colombia\/#organization","name":"Fiscal\u00eda General de la Naci\u00f3n","url":"https:\/\/www.fiscalia.gov.co\/colombia\/","logo":{"@type":"ImageObject","inLanguage":"es-CO","@id":"https:\/\/www.fiscalia.gov.co\/colombia\/#\/schema\/logo\/image\/","url":"https:\/\/www.fiscalia.gov.co\/colombia\/wp-content\/uploads\/LogoHorizontal_1.jpg","contentUrl":"https:\/\/www.fiscalia.gov.co\/colombia\/wp-content\/uploads\/LogoHorizontal_1.jpg","width":300,"height":90,"caption":"Fiscal\u00eda General de la Naci\u00f3n"},"image":{"@id":"https:\/\/www.fiscalia.gov.co\/colombia\/#\/schema\/logo\/image\/"},"sameAs":["https:\/\/www.facebook.com\/FiscaliaCol","https:\/\/x.com\/FiscaliaCol","https:\/\/www.instagram.com\/fiscaliacol","https:\/\/www.linkedin.com\/company\/fiscalia-general-de-la-naci-n\/","https:\/\/youtube.com\/@fiscaliageneraldelanacion-4668?si=6nN79nyQICPU5iTh"]},{"@type":"Person","@id":"https:\/\/www.fiscalia.gov.co\/colombia\/#\/schema\/person\/06aa2210fe4d79203f428ff671dee360","name":"Ana Mar\u00eda Gomez","image":{"@type":"ImageObject","inLanguage":"es-CO","@id":"https:\/\/www.fiscalia.gov.co\/colombia\/#\/schema\/person\/image\/","url":"https:\/\/secure.gravatar.com\/avatar\/a38115d98a7f8a96cbb96af2b2c37a0b?s=96&d=mm&r=g","contentUrl":"https:\/\/secure.gravatar.com\/avatar\/a38115d98a7f8a96cbb96af2b2c37a0b?s=96&d=mm&r=g","caption":"Ana Mar\u00eda Gomez"},"url":"https:\/\/www.fiscalia.gov.co\/colombia\/author\/agomez\/"}]}},"_links":{"self":[{"href":"https:\/\/www.fiscalia.gov.co\/colombia\/wp-json\/wp\/v2\/posts\/211700","targetHints":{"allow":["GET"]}}],"collection":[{"href":"https:\/\/www.fiscalia.gov.co\/colombia\/wp-json\/wp\/v2\/posts"}],"about":[{"href":"https:\/\/www.fiscalia.gov.co\/colombia\/wp-json\/wp\/v2\/types\/post"}],"author":[{"embeddable":true,"href":"https:\/\/www.fiscalia.gov.co\/colombia\/wp-json\/wp\/v2\/users\/171"}],"replies":[{"embeddable":true,"href":"https:\/\/www.fiscalia.gov.co\/colombia\/wp-json\/wp\/v2\/comments?post=211700"}],"version-history":[{"count":4,"href":"https:\/\/www.fiscalia.gov.co\/colombia\/wp-json\/wp\/v2\/posts\/211700\/revisions"}],"predecessor-version":[{"id":211710,"href":"https:\/\/www.fiscalia.gov.co\/colombia\/wp-json\/wp\/v2\/posts\/211700\/revisions\/211710"}],"wp:attachment":[{"href":"https:\/\/www.fiscalia.gov.co\/colombia\/wp-json\/wp\/v2\/media?parent=211700"}],"wp:term":[{"taxonomy":"category","embeddable":true,"href":"https:\/\/www.fiscalia.gov.co\/colombia\/wp-json\/wp\/v2\/categories?post=211700"},{"taxonomy":"post_tag","embeddable":true,"href":"https:\/\/www.fiscalia.gov.co\/colombia\/wp-json\/wp\/v2\/tags?post=211700"}],"curies":[{"name":"wp","href":"https:\/\/api.w.org\/{rel}","templated":true}]}}