{"id":211689,"date":"2021-01-27T12:35:56","date_gmt":"2021-01-27T17:35:56","guid":{"rendered":"https:\/\/www.fiscalia.gov.co\/colombia\/?p=211689"},"modified":"2021-01-27T12:36:53","modified_gmt":"2021-01-27T17:36:53","slug":"a-mas-de-16-anos-de-prision-fue-condenada-la-responsable-del-crimen-de-un-lider-social-en-caloto-cauca","status":"publish","type":"post","link":"https:\/\/www.fiscalia.gov.co\/colombia\/seccionales\/a-mas-de-16-anos-de-prision-fue-condenada-la-responsable-del-crimen-de-un-lider-social-en-caloto-cauca\/","title":{"rendered":"A m\u00e1s de 16 a\u00f1os de prisi\u00f3n fue condenada la responsable del crimen de un l\u00edder social en Caloto (Cauca)"},"content":{"rendered":"<h4 class=\"x_x_x_x_MsoNormal\"><strong><i><span lang=\"ES\">Alias<\/span><\/i><span lang=\"ES\">\u00a0<i>Judith<\/i><\/span><i><span lang=\"ES\">\u00a0era considerada una de las mujeres m\u00e1s buscadas en el departamento de Cauca por homicidio. En mayo de 2020 se produjo su captura y varios meses despu\u00e9s de su judicializaci\u00f3n decidi\u00f3 pactar un preacuerdo con la Fiscal\u00eda.\u00a0<\/span><\/i><\/strong><\/h4>\n<p class=\"x_x_x_x_MsoNormal\"><span lang=\"ES\">Tras esclarecer el homicidio del\u00a0<b>l\u00edder social Luis Elibardo Dagua Conda<\/b>, perpetrado el 16 de julio de 2018 en Caloto (Cauca), la Fiscal\u00eda General de la Naci\u00f3n a trav\u00e9s de la Unidad Especial de Investigaci\u00f3n (UEI) logr\u00f3 la condena de\u00a0<a href=\"https:\/\/www.fiscalia.gov.co\/colombia\/seccionales\/carcel-para-mujer-denominada-como-una-de-las-mas-buscadas-en-el-cauca-por-homicidio\/\" target=\"_blank\" rel=\"noopener noreferrer\" data-auth=\"NotApplicable\">Judith Fonseca \u00c1lvarez<\/a>, alias Judith, como autora responsable del hecho.\u00a0<\/span><\/p>\n<figure id=\"attachment_211691\" aria-describedby=\"caption-attachment-211691\" style=\"width: 350px\" class=\"wp-caption alignleft\"><img loading=\"lazy\" decoding=\"async\" class=\"wp-image-211691\" src=\"https:\/\/www.fiscalia.gov.co\/colombia\/wp-content\/uploads\/Judith-Fonseca-\u00c1lvarez-homicidio-l\u00edder-Caloto.jpg\" alt=\"\" width=\"350\" height=\"436\" srcset=\"https:\/\/www.fiscalia.gov.co\/colombia\/wp-content\/uploads\/Judith-Fonseca-\u00c1lvarez-homicidio-l\u00edder-Caloto.jpg 640w, https:\/\/www.fiscalia.gov.co\/colombia\/wp-content\/uploads\/Judith-Fonseca-\u00c1lvarez-homicidio-l\u00edder-Caloto-241x300.jpg 241w, https:\/\/www.fiscalia.gov.co\/colombia\/wp-content\/uploads\/Judith-Fonseca-\u00c1lvarez-homicidio-l\u00edder-Caloto-337x420.jpg 337w\" sizes=\"auto, (max-width: 350px) 100vw, 350px\" \/><figcaption id=\"caption-attachment-211691\" class=\"wp-caption-text\">Judith Fonseca \u00c1lvarez, alias Judith, pact\u00f3 un preacuerdo con la Fiscal\u00eda y fue condenada por el homicidio del l\u00edder social Luis Eliberto Dagua Conda.<\/figcaption><\/figure>\n<p class=\"x_x_x_x_MsoNormal\"><span lang=\"ES\">En virtud de un preacuerdo en el que la procesada acept\u00f3 los cargos por el delito de\u00a0<b>homicidio agravado<\/b>, el Juzgado Promiscuo del Circuito de Caloto la sentenci\u00f3 a\u00a0<b>16 a\u00f1os, 7 meses y 27 d\u00edas de prisi\u00f3n<\/b>, sin beneficio penal alguno.\u00a0<\/span><\/p>\n<p class=\"x_x_x_x_MsoNormal\"><span lang=\"ES\">Este resultado responde la estrategia de investigaci\u00f3n y judicializaci\u00f3n por afectaciones contra\u00a0<b>defensores de derechos humanos<\/b>\u00a0y l\u00edderes sociales, desarrollada en el marco de los objetivos del cuatrienio del Fiscal General de la Naci\u00f3n, Francisco Barbosa Delgado.\u00a0<\/span><\/p>\n<p class=\"x_x_x_x_MsoNormal\"><span lang=\"ES\">Seg\u00fan lo establecido en la investigaci\u00f3n que adelant\u00f3 la UEI, el cuerpo sin vida del\u00a0<a href=\"https:\/\/www.fiscalia.gov.co\/colombia\/noticias\/judicializado-presunto-responsable-por-el-crimen-del-lider-campesino-arley-johanny-mogollon-becerra\/\" target=\"_blank\" rel=\"noopener noreferrer\" data-auth=\"NotApplicable\">l\u00edder<\/a>\u00a0social fue hallado con m\u00faltiples golpes en la cabeza.\u00a0<\/span><\/p>\n<p class=\"x_x_x_x_MsoNormal\"><span lang=\"ES\">Dagua Conda, fundador del Programa de Adulto Mayor de la vereda El Carmelo en Caloto,\u00a0<b>certificado por ONU<\/b>, adem\u00e1s\u00a0era integrante de la Junta de Acci\u00f3n Comunal de la misma vereda, y socio activo de la Asociaci\u00f3n de Trabajadores Pro-Constituci\u00f3n Zonas de Reserva Campesina de Caloto (Astrazonacal), filial de la Federaci\u00f3n Sindical Unitaria Agropecuaria \u2013 Fensuagro CUT.\u00a0<\/span><\/p>\n<p class=\"x_x_x_x_MsoNormal\"><span lang=\"ES\">Por el crimen, alias Judith fue capturada en mayo de 2020 en\u00a0<b>Armeni<\/b><\/span><span lang=\"ES\"><b>a (Quind\u00edo)<\/b>\u00a0por la Polic\u00eda Nacional \u2013 Sij\u00edn \u2013 Cuerpo \u00c9lite, luego de ser se\u00f1alada como una de las mujeres m\u00e1s buscadas en el departamento de Cauca por el delito de homicidio. Desde entonces, permanece privada de la libertad en establecimiento carcelario.\u00a0<\/span><\/p>\n<p class=\"x_x_x_x_MsoNormal\"><span lang=\"ES\">El ente acusador hace p\u00fablica esta informaci\u00f3n por razones de inter\u00e9s general.\u00a0<\/span><\/p>\n<p class=\"x_x_x_x_MsoNormal\"><span lang=\"ES\">La Fiscal\u00eda General de la Naci\u00f3n habla con resultados.\u00a0<\/span><\/p>\n<p class=\"x_x_x_x_MsoNormal\"><span lang=\"ES\">DLBM\/HC\/\u00a0<\/span><\/p>\n<p class=\"x_x_x_x_MsoNormal\"><span lang=\"ES\">\u00a0<\/span><\/p>\n\n<div class=\"twitter-share\"><a href=\"https:\/\/twitter.com\/intent\/tweet?via=fiscaliacol\" class=\"twitter-share-button\">Tweet<\/a><\/div>\n","protected":false},"excerpt":{"rendered":"<p>Alias\u00a0Judith\u00a0era considerada una de las mujeres m\u00e1s buscadas en el departamento de Cauca por homicidio. En mayo de 2020 se produjo su captura y varios meses despu\u00e9s de su judicializaci\u00f3n decidi\u00f3 pactar un preacuerdo con la Fiscal\u00eda.\u00a0 Tras esclarecer el homicidio del\u00a0l\u00edder social Luis Elibardo Dagua Conda, perpetrado el 16 de julio de 2018 en [&hellip;]<\/p>\n","protected":false},"author":171,"featured_media":0,"comment_status":"closed","ping_status":"open","sticky":false,"template":"","format":"standard","meta":{"tdm_status":"","tdm_grid_status":"","footnotes":""},"categories":[24176,321,303],"tags":[25493,25457,24354,24305,1047,25494,16762],"class_list":{"0":"post-211689","1":"post","2":"type-post","3":"status-publish","4":"format-standard","6":"category-defensores","7":"category-seccional-bogota","8":"category-seccionales","9":"tag-afectaciones-a-lideres","10":"tag-defensores-dd-hh","11":"tag-esclarecimiento-homicidios","12":"tag-fiscal-general-francisco-barbosa","13":"tag-fiscalia-general-de-la-nacion","14":"tag-homicidios-lideres","15":"tag-lider-social"},"yoast_head":"<!-- This site is optimized with the Yoast SEO plugin v24.3 - https:\/\/yoast.com\/wordpress\/plugins\/seo\/ -->\n<title>Fiscal\u00eda General de la Naci\u00f3n<\/title>\n<meta name=\"description\" content=\"P\u00e1gina oficial de la Fiscal\u00eda General de la Naci\u00f3n \u2013 Colombia. Garantizamos el acceso efectivo a la justicia, la verdad y la reparaci\u00f3n de las v\u00edctimas de los delitos.\" \/>\n<meta name=\"robots\" content=\"noindex, follow\" \/>\n<meta property=\"og:locale\" content=\"es_ES\" \/>\n<meta property=\"og:type\" content=\"article\" \/>\n<meta property=\"og:title\" content=\"Fiscal\u00eda General de la Naci\u00f3n\" \/>\n<meta property=\"og:description\" content=\"P\u00e1gina oficial de la Fiscal\u00eda General de la Naci\u00f3n \u2013 Colombia. Garantizamos el acceso efectivo a la justicia, la verdad y la reparaci\u00f3n de las v\u00edctimas de los delitos.\" \/>\n<meta property=\"og:url\" content=\"https:\/\/www.fiscalia.gov.co\/colombia\/seccionales\/a-mas-de-16-anos-de-prision-fue-condenada-la-responsable-del-crimen-de-un-lider-social-en-caloto-cauca\/\" \/>\n<meta property=\"og:site_name\" content=\"Fiscal\u00eda General de la Naci\u00f3n\" \/>\n<meta property=\"article:publisher\" content=\"https:\/\/www.facebook.com\/FiscaliaCol\" \/>\n<meta property=\"article:published_time\" content=\"2021-01-27T17:35:56+00:00\" \/>\n<meta property=\"article:modified_time\" content=\"2021-01-27T17:36:53+00:00\" \/>\n<meta name=\"author\" content=\"Ana Mar\u00eda Gomez\" \/>\n<meta name=\"twitter:card\" content=\"summary_large_image\" \/>\n<meta name=\"twitter:creator\" content=\"@FiscaliaCol\" \/>\n<meta name=\"twitter:site\" content=\"@FiscaliaCol\" \/>\n<meta name=\"twitter:label1\" content=\"Escrito por\" \/>\n\t<meta name=\"twitter:data1\" content=\"Ana Mar\u00eda Gomez\" \/>\n\t<meta name=\"twitter:label2\" content=\"Tiempo de lectura\" \/>\n\t<meta name=\"twitter:data2\" content=\"2 minutos\" \/>\n<script type=\"application\/ld+json\" class=\"yoast-schema-graph\">{\"@context\":\"https:\/\/schema.org\",\"@graph\":[{\"@type\":\"Article\",\"@id\":\"https:\/\/www.fiscalia.gov.co\/colombia\/seccionales\/a-mas-de-16-anos-de-prision-fue-condenada-la-responsable-del-crimen-de-un-lider-social-en-caloto-cauca\/#article\",\"isPartOf\":{\"@id\":\"https:\/\/www.fiscalia.gov.co\/colombia\/seccionales\/a-mas-de-16-anos-de-prision-fue-condenada-la-responsable-del-crimen-de-un-lider-social-en-caloto-cauca\/\"},\"author\":{\"name\":\"Ana Mar\u00eda Gomez\",\"@id\":\"https:\/\/www.fiscalia.gov.co\/colombia\/#\/schema\/person\/06aa2210fe4d79203f428ff671dee360\"},\"headline\":\"A m\u00e1s de 16 a\u00f1os de prisi\u00f3n fue condenada la responsable del crimen de un l\u00edder social en Caloto (Cauca)\",\"datePublished\":\"2021-01-27T17:35:56+00:00\",\"dateModified\":\"2021-01-27T17:36:53+00:00\",\"mainEntityOfPage\":{\"@id\":\"https:\/\/www.fiscalia.gov.co\/colombia\/seccionales\/a-mas-de-16-anos-de-prision-fue-condenada-la-responsable-del-crimen-de-un-lider-social-en-caloto-cauca\/\"},\"wordCount\":409,\"publisher\":{\"@id\":\"https:\/\/www.fiscalia.gov.co\/colombia\/#organization\"},\"keywords\":[\"afectaciones a l\u00edderes\",\"defensores DD.HH.\",\"esclarecimiento homicidios\",\"Fiscal General Francisco Barbosa\",\"Fiscal\u00eda General de la Naci\u00f3n\",\"homicidios l\u00edderes\",\"L\u00edder social\"],\"articleSection\":[\"Defensores\",\"Seccional Bogot\u00e1\",\"Seccionales\"],\"inLanguage\":\"es-CO\"},{\"@type\":\"WebPage\",\"@id\":\"https:\/\/www.fiscalia.gov.co\/colombia\/seccionales\/a-mas-de-16-anos-de-prision-fue-condenada-la-responsable-del-crimen-de-un-lider-social-en-caloto-cauca\/\",\"url\":\"https:\/\/www.fiscalia.gov.co\/colombia\/seccionales\/a-mas-de-16-anos-de-prision-fue-condenada-la-responsable-del-crimen-de-un-lider-social-en-caloto-cauca\/\",\"name\":\"Fiscal\u00eda General de la Naci\u00f3n\",\"isPartOf\":{\"@id\":\"https:\/\/www.fiscalia.gov.co\/colombia\/#website\"},\"datePublished\":\"2021-01-27T17:35:56+00:00\",\"dateModified\":\"2021-01-27T17:36:53+00:00\",\"description\":\"P\u00e1gina oficial de la Fiscal\u00eda General de la Naci\u00f3n \u2013 Colombia. Garantizamos el acceso efectivo a la justicia, la verdad y la reparaci\u00f3n de las v\u00edctimas de los delitos.\",\"breadcrumb\":{\"@id\":\"https:\/\/www.fiscalia.gov.co\/colombia\/seccionales\/a-mas-de-16-anos-de-prision-fue-condenada-la-responsable-del-crimen-de-un-lider-social-en-caloto-cauca\/#breadcrumb\"},\"inLanguage\":\"es-CO\",\"potentialAction\":[{\"@type\":\"ReadAction\",\"target\":[\"https:\/\/www.fiscalia.gov.co\/colombia\/seccionales\/a-mas-de-16-anos-de-prision-fue-condenada-la-responsable-del-crimen-de-un-lider-social-en-caloto-cauca\/\"]}]},{\"@type\":\"BreadcrumbList\",\"@id\":\"https:\/\/www.fiscalia.gov.co\/colombia\/seccionales\/a-mas-de-16-anos-de-prision-fue-condenada-la-responsable-del-crimen-de-un-lider-social-en-caloto-cauca\/#breadcrumb\",\"itemListElement\":[{\"@type\":\"ListItem\",\"position\":1,\"name\":\"Home\",\"item\":\"https:\/\/www.fiscalia.gov.co\/colombia\/\"},{\"@type\":\"ListItem\",\"position\":2,\"name\":\"A m\u00e1s de 16 a\u00f1os de prisi\u00f3n fue condenada la responsable del crimen de un l\u00edder social en Caloto (Cauca)\"}]},{\"@type\":\"WebSite\",\"@id\":\"https:\/\/www.fiscalia.gov.co\/colombia\/#website\",\"url\":\"https:\/\/www.fiscalia.gov.co\/colombia\/\",\"name\":\"Fiscal\u00eda General de la Naci\u00f3n\",\"description\":\"P\u00e1gina oficial de la Fiscal\u00eda General de la Naci\u00f3n \u2013 Colombia. Garantizamos el acceso efectivo a la justicia, la verdad y la reparaci\u00f3n de las v\u00edctimas de los delitos.\",\"publisher\":{\"@id\":\"https:\/\/www.fiscalia.gov.co\/colombia\/#organization\"},\"potentialAction\":[{\"@type\":\"SearchAction\",\"target\":{\"@type\":\"EntryPoint\",\"urlTemplate\":\"https:\/\/www.fiscalia.gov.co\/colombia\/?s={search_term_string}\"},\"query-input\":{\"@type\":\"PropertyValueSpecification\",\"valueRequired\":true,\"valueName\":\"search_term_string\"}}],\"inLanguage\":\"es-CO\"},{\"@type\":\"Organization\",\"@id\":\"https:\/\/www.fiscalia.gov.co\/colombia\/#organization\",\"name\":\"Fiscal\u00eda General de la Naci\u00f3n\",\"url\":\"https:\/\/www.fiscalia.gov.co\/colombia\/\",\"logo\":{\"@type\":\"ImageObject\",\"inLanguage\":\"es-CO\",\"@id\":\"https:\/\/www.fiscalia.gov.co\/colombia\/#\/schema\/logo\/image\/\",\"url\":\"https:\/\/www.fiscalia.gov.co\/colombia\/wp-content\/uploads\/LogoHorizontal_1.jpg\",\"contentUrl\":\"https:\/\/www.fiscalia.gov.co\/colombia\/wp-content\/uploads\/LogoHorizontal_1.jpg\",\"width\":300,\"height\":90,\"caption\":\"Fiscal\u00eda General de la Naci\u00f3n\"},\"image\":{\"@id\":\"https:\/\/www.fiscalia.gov.co\/colombia\/#\/schema\/logo\/image\/\"},\"sameAs\":[\"https:\/\/www.facebook.com\/FiscaliaCol\",\"https:\/\/x.com\/FiscaliaCol\",\"https:\/\/www.instagram.com\/fiscaliacol\",\"https:\/\/www.linkedin.com\/company\/fiscalia-general-de-la-naci-n\/\",\"https:\/\/youtube.com\/@fiscaliageneraldelanacion-4668?si=6nN79nyQICPU5iTh\"]},{\"@type\":\"Person\",\"@id\":\"https:\/\/www.fiscalia.gov.co\/colombia\/#\/schema\/person\/06aa2210fe4d79203f428ff671dee360\",\"name\":\"Ana Mar\u00eda Gomez\",\"image\":{\"@type\":\"ImageObject\",\"inLanguage\":\"es-CO\",\"@id\":\"https:\/\/www.fiscalia.gov.co\/colombia\/#\/schema\/person\/image\/\",\"url\":\"https:\/\/secure.gravatar.com\/avatar\/a38115d98a7f8a96cbb96af2b2c37a0b?s=96&d=mm&r=g\",\"contentUrl\":\"https:\/\/secure.gravatar.com\/avatar\/a38115d98a7f8a96cbb96af2b2c37a0b?s=96&d=mm&r=g\",\"caption\":\"Ana Mar\u00eda Gomez\"},\"url\":\"https:\/\/www.fiscalia.gov.co\/colombia\/author\/agomez\/\"}]}<\/script>\n<!-- \/ Yoast SEO plugin. -->","yoast_head_json":{"title":"Fiscal\u00eda General de la Naci\u00f3n","description":"P\u00e1gina oficial de la Fiscal\u00eda General de la Naci\u00f3n \u2013 Colombia. Garantizamos el acceso efectivo a la justicia, la verdad y la reparaci\u00f3n de las v\u00edctimas de los delitos.","robots":{"index":"noindex","follow":"follow"},"og_locale":"es_ES","og_type":"article","og_title":"Fiscal\u00eda General de la Naci\u00f3n","og_description":"P\u00e1gina oficial de la Fiscal\u00eda General de la Naci\u00f3n \u2013 Colombia. Garantizamos el acceso efectivo a la justicia, la verdad y la reparaci\u00f3n de las v\u00edctimas de los delitos.","og_url":"https:\/\/www.fiscalia.gov.co\/colombia\/seccionales\/a-mas-de-16-anos-de-prision-fue-condenada-la-responsable-del-crimen-de-un-lider-social-en-caloto-cauca\/","og_site_name":"Fiscal\u00eda General de la Naci\u00f3n","article_publisher":"https:\/\/www.facebook.com\/FiscaliaCol","article_published_time":"2021-01-27T17:35:56+00:00","article_modified_time":"2021-01-27T17:36:53+00:00","author":"Ana Mar\u00eda Gomez","twitter_card":"summary_large_image","twitter_creator":"@FiscaliaCol","twitter_site":"@FiscaliaCol","twitter_misc":{"Escrito por":"Ana Mar\u00eda Gomez","Tiempo de lectura":"2 minutos"},"schema":{"@context":"https:\/\/schema.org","@graph":[{"@type":"Article","@id":"https:\/\/www.fiscalia.gov.co\/colombia\/seccionales\/a-mas-de-16-anos-de-prision-fue-condenada-la-responsable-del-crimen-de-un-lider-social-en-caloto-cauca\/#article","isPartOf":{"@id":"https:\/\/www.fiscalia.gov.co\/colombia\/seccionales\/a-mas-de-16-anos-de-prision-fue-condenada-la-responsable-del-crimen-de-un-lider-social-en-caloto-cauca\/"},"author":{"name":"Ana Mar\u00eda Gomez","@id":"https:\/\/www.fiscalia.gov.co\/colombia\/#\/schema\/person\/06aa2210fe4d79203f428ff671dee360"},"headline":"A m\u00e1s de 16 a\u00f1os de prisi\u00f3n fue condenada la responsable del crimen de un l\u00edder social en Caloto (Cauca)","datePublished":"2021-01-27T17:35:56+00:00","dateModified":"2021-01-27T17:36:53+00:00","mainEntityOfPage":{"@id":"https:\/\/www.fiscalia.gov.co\/colombia\/seccionales\/a-mas-de-16-anos-de-prision-fue-condenada-la-responsable-del-crimen-de-un-lider-social-en-caloto-cauca\/"},"wordCount":409,"publisher":{"@id":"https:\/\/www.fiscalia.gov.co\/colombia\/#organization"},"keywords":["afectaciones a l\u00edderes","defensores DD.HH.","esclarecimiento homicidios","Fiscal General Francisco Barbosa","Fiscal\u00eda General de la Naci\u00f3n","homicidios l\u00edderes","L\u00edder social"],"articleSection":["Defensores","Seccional Bogot\u00e1","Seccionales"],"inLanguage":"es-CO"},{"@type":"WebPage","@id":"https:\/\/www.fiscalia.gov.co\/colombia\/seccionales\/a-mas-de-16-anos-de-prision-fue-condenada-la-responsable-del-crimen-de-un-lider-social-en-caloto-cauca\/","url":"https:\/\/www.fiscalia.gov.co\/colombia\/seccionales\/a-mas-de-16-anos-de-prision-fue-condenada-la-responsable-del-crimen-de-un-lider-social-en-caloto-cauca\/","name":"Fiscal\u00eda General de la Naci\u00f3n","isPartOf":{"@id":"https:\/\/www.fiscalia.gov.co\/colombia\/#website"},"datePublished":"2021-01-27T17:35:56+00:00","dateModified":"2021-01-27T17:36:53+00:00","description":"P\u00e1gina oficial de la Fiscal\u00eda General de la Naci\u00f3n \u2013 Colombia. Garantizamos el acceso efectivo a la justicia, la verdad y la reparaci\u00f3n de las v\u00edctimas de los delitos.","breadcrumb":{"@id":"https:\/\/www.fiscalia.gov.co\/colombia\/seccionales\/a-mas-de-16-anos-de-prision-fue-condenada-la-responsable-del-crimen-de-un-lider-social-en-caloto-cauca\/#breadcrumb"},"inLanguage":"es-CO","potentialAction":[{"@type":"ReadAction","target":["https:\/\/www.fiscalia.gov.co\/colombia\/seccionales\/a-mas-de-16-anos-de-prision-fue-condenada-la-responsable-del-crimen-de-un-lider-social-en-caloto-cauca\/"]}]},{"@type":"BreadcrumbList","@id":"https:\/\/www.fiscalia.gov.co\/colombia\/seccionales\/a-mas-de-16-anos-de-prision-fue-condenada-la-responsable-del-crimen-de-un-lider-social-en-caloto-cauca\/#breadcrumb","itemListElement":[{"@type":"ListItem","position":1,"name":"Home","item":"https:\/\/www.fiscalia.gov.co\/colombia\/"},{"@type":"ListItem","position":2,"name":"A m\u00e1s de 16 a\u00f1os de prisi\u00f3n fue condenada la responsable del crimen de un l\u00edder social en Caloto (Cauca)"}]},{"@type":"WebSite","@id":"https:\/\/www.fiscalia.gov.co\/colombia\/#website","url":"https:\/\/www.fiscalia.gov.co\/colombia\/","name":"Fiscal\u00eda General de la Naci\u00f3n","description":"P\u00e1gina oficial de la Fiscal\u00eda General de la Naci\u00f3n \u2013 Colombia. Garantizamos el acceso efectivo a la justicia, la verdad y la reparaci\u00f3n de las v\u00edctimas de los delitos.","publisher":{"@id":"https:\/\/www.fiscalia.gov.co\/colombia\/#organization"},"potentialAction":[{"@type":"SearchAction","target":{"@type":"EntryPoint","urlTemplate":"https:\/\/www.fiscalia.gov.co\/colombia\/?s={search_term_string}"},"query-input":{"@type":"PropertyValueSpecification","valueRequired":true,"valueName":"search_term_string"}}],"inLanguage":"es-CO"},{"@type":"Organization","@id":"https:\/\/www.fiscalia.gov.co\/colombia\/#organization","name":"Fiscal\u00eda General de la Naci\u00f3n","url":"https:\/\/www.fiscalia.gov.co\/colombia\/","logo":{"@type":"ImageObject","inLanguage":"es-CO","@id":"https:\/\/www.fiscalia.gov.co\/colombia\/#\/schema\/logo\/image\/","url":"https:\/\/www.fiscalia.gov.co\/colombia\/wp-content\/uploads\/LogoHorizontal_1.jpg","contentUrl":"https:\/\/www.fiscalia.gov.co\/colombia\/wp-content\/uploads\/LogoHorizontal_1.jpg","width":300,"height":90,"caption":"Fiscal\u00eda General de la Naci\u00f3n"},"image":{"@id":"https:\/\/www.fiscalia.gov.co\/colombia\/#\/schema\/logo\/image\/"},"sameAs":["https:\/\/www.facebook.com\/FiscaliaCol","https:\/\/x.com\/FiscaliaCol","https:\/\/www.instagram.com\/fiscaliacol","https:\/\/www.linkedin.com\/company\/fiscalia-general-de-la-naci-n\/","https:\/\/youtube.com\/@fiscaliageneraldelanacion-4668?si=6nN79nyQICPU5iTh"]},{"@type":"Person","@id":"https:\/\/www.fiscalia.gov.co\/colombia\/#\/schema\/person\/06aa2210fe4d79203f428ff671dee360","name":"Ana Mar\u00eda Gomez","image":{"@type":"ImageObject","inLanguage":"es-CO","@id":"https:\/\/www.fiscalia.gov.co\/colombia\/#\/schema\/person\/image\/","url":"https:\/\/secure.gravatar.com\/avatar\/a38115d98a7f8a96cbb96af2b2c37a0b?s=96&d=mm&r=g","contentUrl":"https:\/\/secure.gravatar.com\/avatar\/a38115d98a7f8a96cbb96af2b2c37a0b?s=96&d=mm&r=g","caption":"Ana Mar\u00eda Gomez"},"url":"https:\/\/www.fiscalia.gov.co\/colombia\/author\/agomez\/"}]}},"_links":{"self":[{"href":"https:\/\/www.fiscalia.gov.co\/colombia\/wp-json\/wp\/v2\/posts\/211689","targetHints":{"allow":["GET"]}}],"collection":[{"href":"https:\/\/www.fiscalia.gov.co\/colombia\/wp-json\/wp\/v2\/posts"}],"about":[{"href":"https:\/\/www.fiscalia.gov.co\/colombia\/wp-json\/wp\/v2\/types\/post"}],"author":[{"embeddable":true,"href":"https:\/\/www.fiscalia.gov.co\/colombia\/wp-json\/wp\/v2\/users\/171"}],"replies":[{"embeddable":true,"href":"https:\/\/www.fiscalia.gov.co\/colombia\/wp-json\/wp\/v2\/comments?post=211689"}],"version-history":[{"count":2,"href":"https:\/\/www.fiscalia.gov.co\/colombia\/wp-json\/wp\/v2\/posts\/211689\/revisions"}],"predecessor-version":[{"id":211692,"href":"https:\/\/www.fiscalia.gov.co\/colombia\/wp-json\/wp\/v2\/posts\/211689\/revisions\/211692"}],"wp:attachment":[{"href":"https:\/\/www.fiscalia.gov.co\/colombia\/wp-json\/wp\/v2\/media?parent=211689"}],"wp:term":[{"taxonomy":"category","embeddable":true,"href":"https:\/\/www.fiscalia.gov.co\/colombia\/wp-json\/wp\/v2\/categories?post=211689"},{"taxonomy":"post_tag","embeddable":true,"href":"https:\/\/www.fiscalia.gov.co\/colombia\/wp-json\/wp\/v2\/tags?post=211689"}],"curies":[{"name":"wp","href":"https:\/\/api.w.org\/{rel}","templated":true}]}}