{"id":211686,"date":"2021-01-27T12:33:45","date_gmt":"2021-01-27T17:33:45","guid":{"rendered":"https:\/\/www.fiscalia.gov.co\/colombia\/?p=211686"},"modified":"2021-02-02T13:42:34","modified_gmt":"2021-02-02T18:42:34","slug":"envian-a-prision-a-un-hombre-que-transportaba-en-una-lancha-mas-de-media-tonelada-de-marihuana","status":"publish","type":"post","link":"https:\/\/www.fiscalia.gov.co\/colombia\/seccionales\/seccional-inirida\/envian-a-prision-a-un-hombre-que-transportaba-en-una-lancha-mas-de-media-tonelada-de-marihuana\/","title":{"rendered":"Env\u00edan a prisi\u00f3n a un hombre que transportaba en una lancha m\u00e1s de media tonelada de marihuana"},"content":{"rendered":"<h4><strong><i><span lang=\"es\">Dentro de las labores de control de afluentes, para evitar el uso de este medio para el tr\u00e1fico de drogas en la Orinoquia,\u00a0<\/span><span lang=\"es\">la Armada Nacional encontr\u00f3 un cargamento de droga transportado en un bote con v\u00edveres.<\/span><span lang=\"es\">\u00a0<\/span><\/i><\/strong><\/h4>\n<p><span lang=\"es\">Por solicitud de la Seccional Guain\u00eda de la Fiscal\u00eda, un juez de control de garant\u00edas asegur\u00f3 con detenci\u00f3n intramuros\u00a0a\u00a0<\/span><span lang=\"es\"><b>Jos\u00e9 Marco Antonio Leguizamo<\/b><\/span><span lang=\"es\">,<b>\u00a0<\/b><\/span><span lang=\"es\">capturado en flagrancia<\/span><span lang=\"es\"><b>\u00a0<\/b><\/span><span lang=\"es\">con 614 kilogramos de<\/span><span lang=\"es\"><b>\u00a0marihuana tipo crippy\u00a0<\/b><\/span><span lang=\"es\">que iban<b>\u00a0<\/b><\/span><span lang=\"es\">camuflados entre v\u00edveres. El cargamento era movilizado en un bote con doble fondo que navegaba por el r\u00edo In\u00edrida. Al parecer,\u00a0<\/span><span lang=\"es\">\u00a0<\/span><span lang=\"es\">el cargamento il\u00edcito iba a ser llevado a\u00a0<\/span><a href=\"https:\/\/www.fiscalia.gov.co\/colombia\/seccionales\/a-la-carcel-3-personas-que-transportaban-540-kilos-de-droga-hacia-venezuela\/\" target=\"_blank\" rel=\"noopener noreferrer\" data-auth=\"NotApplicable\"><span lang=\"es\">Venezuela<\/span><\/a><span lang=\"es\">.<\/span><span lang=\"es\">\u00a0<\/span><\/p>\n<p><span lang=\"es\">La situaci\u00f3n se present\u00f3 luego de que los uniformados de la Armada Nacional revisaran el lugar d\u00f3nde estaban los v\u00edveres. El que la nave estuviera sumergida por debajo de los 30 cent\u00edmetros permitidos despert\u00f3 las sospechas en los militares raz\u00f3n por la cual la nave fue dirigida a la Estaci\u00f3n M\u00f3vil de Apoyo Fluvial para una inspecci\u00f3n m\u00e1s detallada.<\/span><\/p>\n<figure id=\"attachment_211687\" aria-describedby=\"caption-attachment-211687\" style=\"width: 696px\" class=\"wp-caption alignleft\"><img loading=\"lazy\" decoding=\"async\" class=\"size-large wp-image-211687\" src=\"https:\/\/www.fiscalia.gov.co\/colombia\/wp-content\/uploads\/destrucci\u00f3n-droga-incautada-trafico-estupefacientes-guainia-vaupes-1024x766.jpg\" alt=\"\" width=\"696\" height=\"521\" srcset=\"https:\/\/www.fiscalia.gov.co\/colombia\/wp-content\/uploads\/destrucci\u00f3n-droga-incautada-trafico-estupefacientes-guainia-vaupes-1024x766.jpg 1024w, https:\/\/www.fiscalia.gov.co\/colombia\/wp-content\/uploads\/destrucci\u00f3n-droga-incautada-trafico-estupefacientes-guainia-vaupes-300x224.jpg 300w, https:\/\/www.fiscalia.gov.co\/colombia\/wp-content\/uploads\/destrucci\u00f3n-droga-incautada-trafico-estupefacientes-guainia-vaupes-768x575.jpg 768w, https:\/\/www.fiscalia.gov.co\/colombia\/wp-content\/uploads\/destrucci\u00f3n-droga-incautada-trafico-estupefacientes-guainia-vaupes-696x521.jpg 696w, https:\/\/www.fiscalia.gov.co\/colombia\/wp-content\/uploads\/destrucci\u00f3n-droga-incautada-trafico-estupefacientes-guainia-vaupes-1068x799.jpg 1068w, https:\/\/www.fiscalia.gov.co\/colombia\/wp-content\/uploads\/destrucci\u00f3n-droga-incautada-trafico-estupefacientes-guainia-vaupes-561x420.jpg 561w, https:\/\/www.fiscalia.gov.co\/colombia\/wp-content\/uploads\/destrucci\u00f3n-droga-incautada-trafico-estupefacientes-guainia-vaupes-80x60.jpg 80w, https:\/\/www.fiscalia.gov.co\/colombia\/wp-content\/uploads\/destrucci\u00f3n-droga-incautada-trafico-estupefacientes-guainia-vaupes-265x198.jpg 265w, https:\/\/www.fiscalia.gov.co\/colombia\/wp-content\/uploads\/destrucci\u00f3n-droga-incautada-trafico-estupefacientes-guainia-vaupes.jpg 1160w\" sizes=\"auto, (max-width: 696px) 100vw, 696px\" \/><figcaption id=\"caption-attachment-211687\" class=\"wp-caption-text\">Destrucci\u00f3n de marihuana en Guain\u00eda.<\/figcaption><\/figure>\n<p><span lang=\"es\">Luego de retirar los v\u00edveres fue encontrada en\u00a0<\/span><a href=\"https:\/\/www.fiscalia.gov.co\/colombia\/seccionales\/carcel-para-cuatro-costarricenses-y-un-colombiano-por-presuntamente-transportar-casi-media-tonelada-de-cocaina-en-una-embarcacion\/\" target=\"_blank\" rel=\"noopener noreferrer\" data-auth=\"NotApplicable\"><span lang=\"es\">la embarcaci\u00f3n una caleta<\/span><\/a>\u00a0<span lang=\"es\">con\u00a0<\/span><span lang=\"es\">441 paquetes con marihuana tipo crippy.<\/span><\/p>\n<p><span lang=\"es\">El implicado fue presentado ante el\u00a0<\/span><span lang=\"es\">Juez Segundo Promiscuo Municipal\u00a0con funci\u00f3n de control de garant\u00edas para su judicializaci\u00f3n, ante quien el fiscal le imput\u00f3\u00a0<\/span><span lang=\"es\">cargos como presunto responsable de los delitos de\u00a0<\/span><span lang=\"es\"><b>fabricaci\u00f3n, tr\u00e1fico y\/o porte de estupefacientes y destinaci\u00f3n il\u00edcita de bien mueble. Los cuales no fueron aceptados<\/b><\/span><span lang=\"es\"><b>\u00a0por el detenido.<\/b><\/span><b><span lang=\"es\">\u00a0<\/span><\/b><\/p>\n<p><span lang=\"es\">Con esta judicializaci\u00f3n la Seccional Guain\u00eda &#8211; Vaup\u00e9s contin\u00faa aplicando el Direccionamiento Estrat\u00e9gico 2020 &#8211; 2024 que busca combatir el tr\u00e1fico de estupefacientes en ciudades y territorios.\u00a0<\/span><\/p>\n<p><span lang=\"es\">La Fiscal\u00eda publica esta informaci\u00f3n por razones de inter\u00e9s general.<\/span><span lang=\"es\">\u00a0<\/span><\/p>\n<p><b><span lang=\"es\">PYMP\/MAGA\/MJPM<\/span><\/b><\/p>\n<p><em><span lang=\"es\">La informaci\u00f3n contenida en este bolet\u00edn de prensa corresponde a la narraci\u00f3n de los hechos noticiosos objetivos, suministrados por los funcionarios encargados de adelantar las investigaciones penales al interior de la Fiscal\u00eda General de la Naci\u00f3n. Para el momento de la divulgaci\u00f3n de este comunicado, la situaci\u00f3n jur\u00eddica de la(s) persona(s) relacionada(s) se encuentra pendiente de resolver por la autoridad judicial competente, siempre bajo los preceptos de la presunci\u00f3n de inocencia, consagrados en el art\u00edculo 29 de la Constituci\u00f3n Pol\u00edtica y el art\u00edculo 7\u00ba de la Ley 906 de 2004.<\/span><\/em><\/p>\n\n<div class=\"twitter-share\"><a href=\"https:\/\/twitter.com\/intent\/tweet?via=fiscaliacol\" class=\"twitter-share-button\">Tweet<\/a><\/div>\n","protected":false},"excerpt":{"rendered":"<p>Dentro de las labores de control de afluentes, para evitar el uso de este medio para el tr\u00e1fico de drogas en la Orinoquia,\u00a0la Armada Nacional encontr\u00f3 un cargamento de droga [&hellip;]<\/p>\n","protected":false},"author":171,"featured_media":0,"comment_status":"closed","ping_status":"open","sticky":false,"template":"","format":"video","meta":{"tdm_status":"","tdm_grid_status":"","footnotes":""},"categories":[24154,303,24103],"tags":[1099,4140,25492,25491,25048],"class_list":["post-211686","post","type-post","status-publish","format-video","category-seccional-inirida","category-seccionales","category-trafico-de-estupefacientes","tag-armada-nacional","tag-fabricacion","tag-marihuana-tipo-crippy","tag-rio-inirida","tag-trafico-y-o-porte-de-estupefacientes","post_format-post-format-video"],"yoast_head":"<!-- This site is optimized with the Yoast SEO plugin v24.3 - https:\/\/yoast.com\/wordpress\/plugins\/seo\/ -->\n<title>Fiscal\u00eda General de la Naci\u00f3n<\/title>\n<meta name=\"description\" content=\"P\u00e1gina oficial de la Fiscal\u00eda General de la Naci\u00f3n \u2013 Colombia. Garantizamos el acceso efectivo a la justicia, la verdad y la reparaci\u00f3n de las v\u00edctimas de los delitos.\" \/>\n<meta name=\"robots\" content=\"noindex, follow\" \/>\n<meta property=\"og:locale\" content=\"es_ES\" \/>\n<meta property=\"og:type\" content=\"article\" \/>\n<meta property=\"og:title\" content=\"Fiscal\u00eda General de la Naci\u00f3n\" \/>\n<meta property=\"og:description\" content=\"P\u00e1gina oficial de la Fiscal\u00eda General de la Naci\u00f3n \u2013 Colombia. Garantizamos el acceso efectivo a la justicia, la verdad y la reparaci\u00f3n de las v\u00edctimas de los delitos.\" \/>\n<meta property=\"og:url\" content=\"https:\/\/www.fiscalia.gov.co\/colombia\/seccionales\/seccional-inirida\/envian-a-prision-a-un-hombre-que-transportaba-en-una-lancha-mas-de-media-tonelada-de-marihuana\/\" \/>\n<meta property=\"og:site_name\" content=\"Fiscal\u00eda General de la Naci\u00f3n\" \/>\n<meta property=\"article:publisher\" content=\"https:\/\/www.facebook.com\/FiscaliaCol\" \/>\n<meta property=\"article:published_time\" content=\"2021-01-27T17:33:45+00:00\" \/>\n<meta property=\"article:modified_time\" content=\"2021-02-02T18:42:34+00:00\" \/>\n<meta name=\"author\" content=\"Ana Mar\u00eda Gomez\" \/>\n<meta name=\"twitter:card\" content=\"summary_large_image\" \/>\n<meta name=\"twitter:creator\" content=\"@FiscaliaCol\" \/>\n<meta name=\"twitter:site\" content=\"@FiscaliaCol\" \/>\n<meta name=\"twitter:label1\" content=\"Escrito por\" \/>\n\t<meta name=\"twitter:data1\" content=\"Ana Mar\u00eda Gomez\" \/>\n\t<meta name=\"twitter:label2\" content=\"Tiempo de lectura\" \/>\n\t<meta name=\"twitter:data2\" content=\"2 minutos\" \/>\n<script type=\"application\/ld+json\" class=\"yoast-schema-graph\">{\"@context\":\"https:\/\/schema.org\",\"@graph\":[{\"@type\":\"Article\",\"@id\":\"https:\/\/www.fiscalia.gov.co\/colombia\/seccionales\/seccional-inirida\/envian-a-prision-a-un-hombre-que-transportaba-en-una-lancha-mas-de-media-tonelada-de-marihuana\/#article\",\"isPartOf\":{\"@id\":\"https:\/\/www.fiscalia.gov.co\/colombia\/seccionales\/seccional-inirida\/envian-a-prision-a-un-hombre-que-transportaba-en-una-lancha-mas-de-media-tonelada-de-marihuana\/\"},\"author\":{\"name\":\"Ana Mar\u00eda Gomez\",\"@id\":\"https:\/\/www.fiscalia.gov.co\/colombia\/#\/schema\/person\/06aa2210fe4d79203f428ff671dee360\"},\"headline\":\"Env\u00edan a prisi\u00f3n a un hombre que transportaba en una lancha m\u00e1s de media tonelada de marihuana\",\"datePublished\":\"2021-01-27T17:33:45+00:00\",\"dateModified\":\"2021-02-02T18:42:34+00:00\",\"mainEntityOfPage\":{\"@id\":\"https:\/\/www.fiscalia.gov.co\/colombia\/seccionales\/seccional-inirida\/envian-a-prision-a-un-hombre-que-transportaba-en-una-lancha-mas-de-media-tonelada-de-marihuana\/\"},\"wordCount\":443,\"publisher\":{\"@id\":\"https:\/\/www.fiscalia.gov.co\/colombia\/#organization\"},\"keywords\":[\"Armada Nacional\",\"Fabricaci\u00f3n\",\"marihuana tipo crippy.\",\"r\u00edo In\u00edrida\",\"tr\u00e1fico y\/o porte de estupefacientes\"],\"articleSection\":[\"Seccional In\u00edrida\",\"Seccionales\",\"Tr\u00e1fico de estupefacientes\"],\"inLanguage\":\"es-CO\"},{\"@type\":\"WebPage\",\"@id\":\"https:\/\/www.fiscalia.gov.co\/colombia\/seccionales\/seccional-inirida\/envian-a-prision-a-un-hombre-que-transportaba-en-una-lancha-mas-de-media-tonelada-de-marihuana\/\",\"url\":\"https:\/\/www.fiscalia.gov.co\/colombia\/seccionales\/seccional-inirida\/envian-a-prision-a-un-hombre-que-transportaba-en-una-lancha-mas-de-media-tonelada-de-marihuana\/\",\"name\":\"Fiscal\u00eda General de la Naci\u00f3n\",\"isPartOf\":{\"@id\":\"https:\/\/www.fiscalia.gov.co\/colombia\/#website\"},\"datePublished\":\"2021-01-27T17:33:45+00:00\",\"dateModified\":\"2021-02-02T18:42:34+00:00\",\"description\":\"P\u00e1gina oficial de la Fiscal\u00eda General de la Naci\u00f3n \u2013 Colombia. Garantizamos el acceso efectivo a la justicia, la verdad y la reparaci\u00f3n de las v\u00edctimas de los delitos.\",\"breadcrumb\":{\"@id\":\"https:\/\/www.fiscalia.gov.co\/colombia\/seccionales\/seccional-inirida\/envian-a-prision-a-un-hombre-que-transportaba-en-una-lancha-mas-de-media-tonelada-de-marihuana\/#breadcrumb\"},\"inLanguage\":\"es-CO\",\"potentialAction\":[{\"@type\":\"ReadAction\",\"target\":[\"https:\/\/www.fiscalia.gov.co\/colombia\/seccionales\/seccional-inirida\/envian-a-prision-a-un-hombre-que-transportaba-en-una-lancha-mas-de-media-tonelada-de-marihuana\/\"]}]},{\"@type\":\"BreadcrumbList\",\"@id\":\"https:\/\/www.fiscalia.gov.co\/colombia\/seccionales\/seccional-inirida\/envian-a-prision-a-un-hombre-que-transportaba-en-una-lancha-mas-de-media-tonelada-de-marihuana\/#breadcrumb\",\"itemListElement\":[{\"@type\":\"ListItem\",\"position\":1,\"name\":\"Home\",\"item\":\"https:\/\/www.fiscalia.gov.co\/colombia\/\"},{\"@type\":\"ListItem\",\"position\":2,\"name\":\"Env\u00edan a prisi\u00f3n a un hombre que transportaba en una lancha m\u00e1s de media tonelada de marihuana\"}]},{\"@type\":\"WebSite\",\"@id\":\"https:\/\/www.fiscalia.gov.co\/colombia\/#website\",\"url\":\"https:\/\/www.fiscalia.gov.co\/colombia\/\",\"name\":\"Fiscal\u00eda General de la Naci\u00f3n\",\"description\":\"P\u00e1gina oficial de la Fiscal\u00eda General de la Naci\u00f3n \u2013 Colombia. Garantizamos el acceso efectivo a la justicia, la verdad y la reparaci\u00f3n de las v\u00edctimas de los delitos.\",\"publisher\":{\"@id\":\"https:\/\/www.fiscalia.gov.co\/colombia\/#organization\"},\"potentialAction\":[{\"@type\":\"SearchAction\",\"target\":{\"@type\":\"EntryPoint\",\"urlTemplate\":\"https:\/\/www.fiscalia.gov.co\/colombia\/?s={search_term_string}\"},\"query-input\":{\"@type\":\"PropertyValueSpecification\",\"valueRequired\":true,\"valueName\":\"search_term_string\"}}],\"inLanguage\":\"es-CO\"},{\"@type\":\"Organization\",\"@id\":\"https:\/\/www.fiscalia.gov.co\/colombia\/#organization\",\"name\":\"Fiscal\u00eda General de la Naci\u00f3n\",\"url\":\"https:\/\/www.fiscalia.gov.co\/colombia\/\",\"logo\":{\"@type\":\"ImageObject\",\"inLanguage\":\"es-CO\",\"@id\":\"https:\/\/www.fiscalia.gov.co\/colombia\/#\/schema\/logo\/image\/\",\"url\":\"https:\/\/www.fiscalia.gov.co\/colombia\/wp-content\/uploads\/LogoHorizontal_1.jpg\",\"contentUrl\":\"https:\/\/www.fiscalia.gov.co\/colombia\/wp-content\/uploads\/LogoHorizontal_1.jpg\",\"width\":300,\"height\":90,\"caption\":\"Fiscal\u00eda General de la Naci\u00f3n\"},\"image\":{\"@id\":\"https:\/\/www.fiscalia.gov.co\/colombia\/#\/schema\/logo\/image\/\"},\"sameAs\":[\"https:\/\/www.facebook.com\/FiscaliaCol\",\"https:\/\/x.com\/FiscaliaCol\",\"https:\/\/www.instagram.com\/fiscaliacol\",\"https:\/\/www.linkedin.com\/company\/fiscalia-general-de-la-naci-n\/\",\"https:\/\/youtube.com\/@fiscaliageneraldelanacion-4668?si=6nN79nyQICPU5iTh\"]},{\"@type\":\"Person\",\"@id\":\"https:\/\/www.fiscalia.gov.co\/colombia\/#\/schema\/person\/06aa2210fe4d79203f428ff671dee360\",\"name\":\"Ana Mar\u00eda Gomez\",\"image\":{\"@type\":\"ImageObject\",\"inLanguage\":\"es-CO\",\"@id\":\"https:\/\/www.fiscalia.gov.co\/colombia\/#\/schema\/person\/image\/\",\"url\":\"https:\/\/secure.gravatar.com\/avatar\/a38115d98a7f8a96cbb96af2b2c37a0b?s=96&d=mm&r=g\",\"contentUrl\":\"https:\/\/secure.gravatar.com\/avatar\/a38115d98a7f8a96cbb96af2b2c37a0b?s=96&d=mm&r=g\",\"caption\":\"Ana Mar\u00eda Gomez\"},\"url\":\"https:\/\/www.fiscalia.gov.co\/colombia\/author\/agomez\/\"}]}<\/script>\n<!-- \/ Yoast SEO plugin. -->","yoast_head_json":{"title":"Fiscal\u00eda General de la Naci\u00f3n","description":"P\u00e1gina oficial de la Fiscal\u00eda General de la Naci\u00f3n \u2013 Colombia. Garantizamos el acceso efectivo a la justicia, la verdad y la reparaci\u00f3n de las v\u00edctimas de los delitos.","robots":{"index":"noindex","follow":"follow"},"og_locale":"es_ES","og_type":"article","og_title":"Fiscal\u00eda General de la Naci\u00f3n","og_description":"P\u00e1gina oficial de la Fiscal\u00eda General de la Naci\u00f3n \u2013 Colombia. Garantizamos el acceso efectivo a la justicia, la verdad y la reparaci\u00f3n de las v\u00edctimas de los delitos.","og_url":"https:\/\/www.fiscalia.gov.co\/colombia\/seccionales\/seccional-inirida\/envian-a-prision-a-un-hombre-que-transportaba-en-una-lancha-mas-de-media-tonelada-de-marihuana\/","og_site_name":"Fiscal\u00eda General de la Naci\u00f3n","article_publisher":"https:\/\/www.facebook.com\/FiscaliaCol","article_published_time":"2021-01-27T17:33:45+00:00","article_modified_time":"2021-02-02T18:42:34+00:00","author":"Ana Mar\u00eda Gomez","twitter_card":"summary_large_image","twitter_creator":"@FiscaliaCol","twitter_site":"@FiscaliaCol","twitter_misc":{"Escrito por":"Ana Mar\u00eda Gomez","Tiempo de lectura":"2 minutos"},"schema":{"@context":"https:\/\/schema.org","@graph":[{"@type":"Article","@id":"https:\/\/www.fiscalia.gov.co\/colombia\/seccionales\/seccional-inirida\/envian-a-prision-a-un-hombre-que-transportaba-en-una-lancha-mas-de-media-tonelada-de-marihuana\/#article","isPartOf":{"@id":"https:\/\/www.fiscalia.gov.co\/colombia\/seccionales\/seccional-inirida\/envian-a-prision-a-un-hombre-que-transportaba-en-una-lancha-mas-de-media-tonelada-de-marihuana\/"},"author":{"name":"Ana Mar\u00eda Gomez","@id":"https:\/\/www.fiscalia.gov.co\/colombia\/#\/schema\/person\/06aa2210fe4d79203f428ff671dee360"},"headline":"Env\u00edan a prisi\u00f3n a un hombre que transportaba en una lancha m\u00e1s de media tonelada de marihuana","datePublished":"2021-01-27T17:33:45+00:00","dateModified":"2021-02-02T18:42:34+00:00","mainEntityOfPage":{"@id":"https:\/\/www.fiscalia.gov.co\/colombia\/seccionales\/seccional-inirida\/envian-a-prision-a-un-hombre-que-transportaba-en-una-lancha-mas-de-media-tonelada-de-marihuana\/"},"wordCount":443,"publisher":{"@id":"https:\/\/www.fiscalia.gov.co\/colombia\/#organization"},"keywords":["Armada Nacional","Fabricaci\u00f3n","marihuana tipo crippy.","r\u00edo In\u00edrida","tr\u00e1fico y\/o porte de estupefacientes"],"articleSection":["Seccional In\u00edrida","Seccionales","Tr\u00e1fico de estupefacientes"],"inLanguage":"es-CO"},{"@type":"WebPage","@id":"https:\/\/www.fiscalia.gov.co\/colombia\/seccionales\/seccional-inirida\/envian-a-prision-a-un-hombre-que-transportaba-en-una-lancha-mas-de-media-tonelada-de-marihuana\/","url":"https:\/\/www.fiscalia.gov.co\/colombia\/seccionales\/seccional-inirida\/envian-a-prision-a-un-hombre-que-transportaba-en-una-lancha-mas-de-media-tonelada-de-marihuana\/","name":"Fiscal\u00eda General de la Naci\u00f3n","isPartOf":{"@id":"https:\/\/www.fiscalia.gov.co\/colombia\/#website"},"datePublished":"2021-01-27T17:33:45+00:00","dateModified":"2021-02-02T18:42:34+00:00","description":"P\u00e1gina oficial de la Fiscal\u00eda General de la Naci\u00f3n \u2013 Colombia. Garantizamos el acceso efectivo a la justicia, la verdad y la reparaci\u00f3n de las v\u00edctimas de los delitos.","breadcrumb":{"@id":"https:\/\/www.fiscalia.gov.co\/colombia\/seccionales\/seccional-inirida\/envian-a-prision-a-un-hombre-que-transportaba-en-una-lancha-mas-de-media-tonelada-de-marihuana\/#breadcrumb"},"inLanguage":"es-CO","potentialAction":[{"@type":"ReadAction","target":["https:\/\/www.fiscalia.gov.co\/colombia\/seccionales\/seccional-inirida\/envian-a-prision-a-un-hombre-que-transportaba-en-una-lancha-mas-de-media-tonelada-de-marihuana\/"]}]},{"@type":"BreadcrumbList","@id":"https:\/\/www.fiscalia.gov.co\/colombia\/seccionales\/seccional-inirida\/envian-a-prision-a-un-hombre-que-transportaba-en-una-lancha-mas-de-media-tonelada-de-marihuana\/#breadcrumb","itemListElement":[{"@type":"ListItem","position":1,"name":"Home","item":"https:\/\/www.fiscalia.gov.co\/colombia\/"},{"@type":"ListItem","position":2,"name":"Env\u00edan a prisi\u00f3n a un hombre que transportaba en una lancha m\u00e1s de media tonelada de marihuana"}]},{"@type":"WebSite","@id":"https:\/\/www.fiscalia.gov.co\/colombia\/#website","url":"https:\/\/www.fiscalia.gov.co\/colombia\/","name":"Fiscal\u00eda General de la Naci\u00f3n","description":"P\u00e1gina oficial de la Fiscal\u00eda General de la Naci\u00f3n \u2013 Colombia. Garantizamos el acceso efectivo a la justicia, la verdad y la reparaci\u00f3n de las v\u00edctimas de los delitos.","publisher":{"@id":"https:\/\/www.fiscalia.gov.co\/colombia\/#organization"},"potentialAction":[{"@type":"SearchAction","target":{"@type":"EntryPoint","urlTemplate":"https:\/\/www.fiscalia.gov.co\/colombia\/?s={search_term_string}"},"query-input":{"@type":"PropertyValueSpecification","valueRequired":true,"valueName":"search_term_string"}}],"inLanguage":"es-CO"},{"@type":"Organization","@id":"https:\/\/www.fiscalia.gov.co\/colombia\/#organization","name":"Fiscal\u00eda General de la Naci\u00f3n","url":"https:\/\/www.fiscalia.gov.co\/colombia\/","logo":{"@type":"ImageObject","inLanguage":"es-CO","@id":"https:\/\/www.fiscalia.gov.co\/colombia\/#\/schema\/logo\/image\/","url":"https:\/\/www.fiscalia.gov.co\/colombia\/wp-content\/uploads\/LogoHorizontal_1.jpg","contentUrl":"https:\/\/www.fiscalia.gov.co\/colombia\/wp-content\/uploads\/LogoHorizontal_1.jpg","width":300,"height":90,"caption":"Fiscal\u00eda General de la Naci\u00f3n"},"image":{"@id":"https:\/\/www.fiscalia.gov.co\/colombia\/#\/schema\/logo\/image\/"},"sameAs":["https:\/\/www.facebook.com\/FiscaliaCol","https:\/\/x.com\/FiscaliaCol","https:\/\/www.instagram.com\/fiscaliacol","https:\/\/www.linkedin.com\/company\/fiscalia-general-de-la-naci-n\/","https:\/\/youtube.com\/@fiscaliageneraldelanacion-4668?si=6nN79nyQICPU5iTh"]},{"@type":"Person","@id":"https:\/\/www.fiscalia.gov.co\/colombia\/#\/schema\/person\/06aa2210fe4d79203f428ff671dee360","name":"Ana Mar\u00eda Gomez","image":{"@type":"ImageObject","inLanguage":"es-CO","@id":"https:\/\/www.fiscalia.gov.co\/colombia\/#\/schema\/person\/image\/","url":"https:\/\/secure.gravatar.com\/avatar\/a38115d98a7f8a96cbb96af2b2c37a0b?s=96&d=mm&r=g","contentUrl":"https:\/\/secure.gravatar.com\/avatar\/a38115d98a7f8a96cbb96af2b2c37a0b?s=96&d=mm&r=g","caption":"Ana Mar\u00eda Gomez"},"url":"https:\/\/www.fiscalia.gov.co\/colombia\/author\/agomez\/"}]}},"_links":{"self":[{"href":"https:\/\/www.fiscalia.gov.co\/colombia\/wp-json\/wp\/v2\/posts\/211686","targetHints":{"allow":["GET"]}}],"collection":[{"href":"https:\/\/www.fiscalia.gov.co\/colombia\/wp-json\/wp\/v2\/posts"}],"about":[{"href":"https:\/\/www.fiscalia.gov.co\/colombia\/wp-json\/wp\/v2\/types\/post"}],"author":[{"embeddable":true,"href":"https:\/\/www.fiscalia.gov.co\/colombia\/wp-json\/wp\/v2\/users\/171"}],"replies":[{"embeddable":true,"href":"https:\/\/www.fiscalia.gov.co\/colombia\/wp-json\/wp\/v2\/comments?post=211686"}],"version-history":[{"count":1,"href":"https:\/\/www.fiscalia.gov.co\/colombia\/wp-json\/wp\/v2\/posts\/211686\/revisions"}],"predecessor-version":[{"id":211688,"href":"https:\/\/www.fiscalia.gov.co\/colombia\/wp-json\/wp\/v2\/posts\/211686\/revisions\/211688"}],"wp:attachment":[{"href":"https:\/\/www.fiscalia.gov.co\/colombia\/wp-json\/wp\/v2\/media?parent=211686"}],"wp:term":[{"taxonomy":"category","embeddable":true,"href":"https:\/\/www.fiscalia.gov.co\/colombia\/wp-json\/wp\/v2\/categories?post=211686"},{"taxonomy":"post_tag","embeddable":true,"href":"https:\/\/www.fiscalia.gov.co\/colombia\/wp-json\/wp\/v2\/tags?post=211686"}],"curies":[{"name":"wp","href":"https:\/\/api.w.org\/{rel}","templated":true}]}}