{"id":211527,"date":"2021-01-25T18:38:53","date_gmt":"2021-01-25T23:38:53","guid":{"rendered":"https:\/\/www.fiscalia.gov.co\/colombia\/?p=211527"},"modified":"2021-01-25T18:38:53","modified_gmt":"2021-01-25T23:38:53","slug":"envia-a-la-carcel-al-presunto-homicida-de-un-hombre-en-visperas-de-la-navidad-pasada-en-florencia","status":"publish","type":"post","link":"https:\/\/www.fiscalia.gov.co\/colombia\/seccionales\/envia-a-la-carcel-al-presunto-homicida-de-un-hombre-en-visperas-de-la-navidad-pasada-en-florencia\/","title":{"rendered":"Env\u00eda a la c\u00e1rcel al presunto homicida de un hombre en v\u00edsperas de la navidad pasada en Florencia"},"content":{"rendered":"<p><span lang=\"es\">Un juzgado penal municipal de Florencia (Caquet\u00e1) legaliz\u00f3 la captura de\u00a0<b>Eicenover Dimas Meneses<\/b>, sobre quien pesaba una orden judicial por, supuestamente, estar implicado en el delito de homicidio agravado.<\/span><\/p>\n<p><span lang=\"es\">Los hechos se presentaron en el barrio Palo Quemado de Florencia (Caquet\u00e1) donde el procesado, al parecer, agredi\u00f3 con un arma cortopunzante a Kevin Andr\u00e9s P\u00e9rez Correa\u00a0<\/span><a href=\"https:\/\/www.fiscalia.gov.co\/colombia\/seccionales\/a-la-carcel-hombre-investigado-por-el-homicidio-de-su-vecino-en-un-acto-de-intolerancia\/\" target=\"_blank\" rel=\"noopener noreferrer\" data-auth=\"NotApplicable\"><span lang=\"es\">en medio de un aparente acto de intolerancia<\/span><\/a><span lang=\"es\">.<\/span><\/p>\n<figure id=\"attachment_211528\" aria-describedby=\"caption-attachment-211528\" style=\"width: 696px\" class=\"wp-caption aligncenter\"><img loading=\"lazy\" decoding=\"async\" class=\"size-large wp-image-211528\" src=\"https:\/\/www.fiscalia.gov.co\/colombia\/wp-content\/uploads\/EISENOVER-DIMAS-MENESES-homicidio-caqueta-1-1024x766.jpg\" alt=\"\" width=\"696\" height=\"521\" srcset=\"https:\/\/www.fiscalia.gov.co\/colombia\/wp-content\/uploads\/EISENOVER-DIMAS-MENESES-homicidio-caqueta-1-1024x766.jpg 1024w, https:\/\/www.fiscalia.gov.co\/colombia\/wp-content\/uploads\/EISENOVER-DIMAS-MENESES-homicidio-caqueta-1-300x225.jpg 300w, https:\/\/www.fiscalia.gov.co\/colombia\/wp-content\/uploads\/EISENOVER-DIMAS-MENESES-homicidio-caqueta-1-768x575.jpg 768w, https:\/\/www.fiscalia.gov.co\/colombia\/wp-content\/uploads\/EISENOVER-DIMAS-MENESES-homicidio-caqueta-1-696x521.jpg 696w, https:\/\/www.fiscalia.gov.co\/colombia\/wp-content\/uploads\/EISENOVER-DIMAS-MENESES-homicidio-caqueta-1-1068x799.jpg 1068w, https:\/\/www.fiscalia.gov.co\/colombia\/wp-content\/uploads\/EISENOVER-DIMAS-MENESES-homicidio-caqueta-1-561x420.jpg 561w, https:\/\/www.fiscalia.gov.co\/colombia\/wp-content\/uploads\/EISENOVER-DIMAS-MENESES-homicidio-caqueta-1-80x60.jpg 80w, https:\/\/www.fiscalia.gov.co\/colombia\/wp-content\/uploads\/EISENOVER-DIMAS-MENESES-homicidio-caqueta-1-265x198.jpg 265w, https:\/\/www.fiscalia.gov.co\/colombia\/wp-content\/uploads\/EISENOVER-DIMAS-MENESES-homicidio-caqueta-1.jpg 1280w\" sizes=\"auto, (max-width: 696px) 100vw, 696px\" \/><figcaption id=\"caption-attachment-211528\" class=\"wp-caption-text\">el hombre fue detenido por el delito de homicidio agravado en medio de un acto de intolerancia cuando la v\u00edctima le pidi\u00f3 que no hostigara a otra persona.<\/figcaption><\/figure>\n<p><span lang=\"es\">El juez del caso cobij\u00f3 a\u00a0<b>Eicenover Dimas Meneses\u00a0<\/b>con medida de aseguramiento en centro carcelario, a pesar de que \u00e9l no acept\u00f3 su responsabilidad en los cargos imputados.<\/span><\/p>\n<p><b><span lang=\"es\">Las investigaciones<\/span><\/b><\/p>\n<p><span lang=\"es\">Seg\u00fan las investigaciones preliminares el 24 de diciembre pasado el asegurado, en medio de la ingesta de licor, atac\u00f3 a P\u00e9rez Correa luego de que este \u00faltimo le pidiera no continuara recriminando al tendero del lugar por no darle unos vasos desechables que, al parecer, el vendedor se neg\u00f3 a suministrarle.<\/span><\/p>\n<p><span lang=\"es\">El implicado, quien fue captura por integrantes del CTI de la Fiscal\u00eda y agentes de la Polic\u00eda Nacional a finales de la semana pasada, seguir\u00e1 detenido en un centro carcelario hasta resolverse su situaci\u00f3n jur\u00eddica.<\/span><\/p>\n<p><span lang=\"es\">Estos resultados se dan dentro del Direccionamiento Estrat\u00e9gico 2020-2024 liderado por el Fiscal General de la Naci\u00f3n, Francisco Barbosa Delgado, que prioriza las investigaciones relacionadas con los delitos contra la vida y la seguridad ciudadana.<\/span><\/p>\n<p><span lang=\"es\">La Fiscal\u00eda publica esta informaci\u00f3n por razones de inter\u00e9s general.<\/span><\/p>\n<p><span lang=\"es\">PAAM\/MAGA\/LABB\/<\/span><\/p>\n<p><em><span lang=\"es\">La informaci\u00f3n contenida en este bolet\u00edn de prensa corresponde a la narraci\u00f3n de los hechos noticiosos objetivos, suministrados por los funcionarios encargados de adelantar las investigaciones penales al interior de la Fiscal\u00eda General de la Naci\u00f3n. Para el momento de la divulgaci\u00f3n de este comunicado, la situaci\u00f3n jur\u00eddica de la(s) persona(s) relacionada(s) se encuentra pendiente de resolver por la autoridad judicial competente, siempre bajo los preceptos de la presunci\u00f3n de inocencia, consagrados en el art\u00edculo 29 de la Constituci\u00f3n Pol\u00edtica y el art\u00edculo 7\u00ba de la Ley 906 de 2004.<\/span><\/em><\/p>\n\n<div class=\"twitter-share\"><a href=\"https:\/\/twitter.com\/intent\/tweet?via=fiscaliacol\" class=\"twitter-share-button\">Tweet<\/a><\/div>\n","protected":false},"excerpt":{"rendered":"<p>Un juzgado penal municipal de Florencia (Caquet\u00e1) legaliz\u00f3 la captura de\u00a0Eicenover Dimas Meneses, sobre quien pesaba una orden judicial por, supuestamente, estar implicado en el delito de homicidio agravado. Los [&hellip;]<\/p>\n","protected":false},"author":171,"featured_media":0,"comment_status":"closed","ping_status":"open","sticky":false,"template":"","format":"standard","meta":{"tdm_status":"","tdm_grid_status":"","footnotes":""},"categories":[328,303,24099],"tags":[24185,1047,23822,686,10846,2508,24379,11101,3417],"class_list":["post-211527","post","type-post","status-publish","format-standard","category-seccional-florencia","category-seccionales","category-seguridad-territorial","tag-fiscal-barbosa","tag-fiscalia-general-de-la-nacion","tag-florencia","tag-homicidio-agravado","tag-intolerancia","tag-navidad","tag-seccional-caqueta","tag-seguridad-ciudadana","tag-unidad-de-vida"],"yoast_head":"<!-- This site is optimized with the Yoast SEO plugin v24.3 - https:\/\/yoast.com\/wordpress\/plugins\/seo\/ -->\n<title>Fiscal\u00eda General de la Naci\u00f3n<\/title>\n<meta name=\"description\" content=\"P\u00e1gina oficial de la Fiscal\u00eda General de la Naci\u00f3n \u2013 Colombia. Garantizamos el acceso efectivo a la justicia, la verdad y la reparaci\u00f3n de las v\u00edctimas de los delitos.\" \/>\n<meta name=\"robots\" content=\"noindex, follow\" \/>\n<meta property=\"og:locale\" content=\"es_ES\" \/>\n<meta property=\"og:type\" content=\"article\" \/>\n<meta property=\"og:title\" content=\"Fiscal\u00eda General de la Naci\u00f3n\" \/>\n<meta property=\"og:description\" content=\"P\u00e1gina oficial de la Fiscal\u00eda General de la Naci\u00f3n \u2013 Colombia. Garantizamos el acceso efectivo a la justicia, la verdad y la reparaci\u00f3n de las v\u00edctimas de los delitos.\" \/>\n<meta property=\"og:url\" content=\"https:\/\/www.fiscalia.gov.co\/colombia\/seccionales\/envia-a-la-carcel-al-presunto-homicida-de-un-hombre-en-visperas-de-la-navidad-pasada-en-florencia\/\" \/>\n<meta property=\"og:site_name\" content=\"Fiscal\u00eda General de la Naci\u00f3n\" \/>\n<meta property=\"article:publisher\" content=\"https:\/\/www.facebook.com\/FiscaliaCol\" \/>\n<meta property=\"article:published_time\" content=\"2021-01-25T23:38:53+00:00\" \/>\n<meta property=\"og:image\" content=\"https:\/\/www.fiscalia.gov.co\/colombia\/wp-content\/uploads\/EISENOVER-DIMAS-MENESES-homicidio-caqueta-1-1024x766.jpg\" \/>\n<meta name=\"author\" content=\"Ana Mar\u00eda Gomez\" \/>\n<meta name=\"twitter:card\" content=\"summary_large_image\" \/>\n<meta name=\"twitter:creator\" content=\"@FiscaliaCol\" \/>\n<meta name=\"twitter:site\" content=\"@FiscaliaCol\" \/>\n<meta name=\"twitter:label1\" content=\"Escrito por\" \/>\n\t<meta name=\"twitter:data1\" content=\"Ana Mar\u00eda Gomez\" \/>\n\t<meta name=\"twitter:label2\" content=\"Tiempo de lectura\" \/>\n\t<meta name=\"twitter:data2\" content=\"2 minutos\" \/>\n<script type=\"application\/ld+json\" class=\"yoast-schema-graph\">{\"@context\":\"https:\/\/schema.org\",\"@graph\":[{\"@type\":\"Article\",\"@id\":\"https:\/\/www.fiscalia.gov.co\/colombia\/seccionales\/envia-a-la-carcel-al-presunto-homicida-de-un-hombre-en-visperas-de-la-navidad-pasada-en-florencia\/#article\",\"isPartOf\":{\"@id\":\"https:\/\/www.fiscalia.gov.co\/colombia\/seccionales\/envia-a-la-carcel-al-presunto-homicida-de-un-hombre-en-visperas-de-la-navidad-pasada-en-florencia\/\"},\"author\":{\"name\":\"Ana Mar\u00eda Gomez\",\"@id\":\"https:\/\/www.fiscalia.gov.co\/colombia\/#\/schema\/person\/06aa2210fe4d79203f428ff671dee360\"},\"headline\":\"Env\u00eda a la c\u00e1rcel al presunto homicida de un hombre en v\u00edsperas de la navidad pasada en Florencia\",\"datePublished\":\"2021-01-25T23:38:53+00:00\",\"dateModified\":\"2021-01-25T23:38:53+00:00\",\"mainEntityOfPage\":{\"@id\":\"https:\/\/www.fiscalia.gov.co\/colombia\/seccionales\/envia-a-la-carcel-al-presunto-homicida-de-un-hombre-en-visperas-de-la-navidad-pasada-en-florencia\/\"},\"wordCount\":401,\"publisher\":{\"@id\":\"https:\/\/www.fiscalia.gov.co\/colombia\/#organization\"},\"image\":{\"@id\":\"https:\/\/www.fiscalia.gov.co\/colombia\/seccionales\/envia-a-la-carcel-al-presunto-homicida-de-un-hombre-en-visperas-de-la-navidad-pasada-en-florencia\/#primaryimage\"},\"thumbnailUrl\":\"https:\/\/www.fiscalia.gov.co\/colombia\/wp-content\/uploads\/EISENOVER-DIMAS-MENESES-homicidio-caqueta-1-1024x766.jpg\",\"keywords\":[\"Fiscal Barbosa\",\"Fiscal\u00eda General de la Naci\u00f3n\",\"Florencia\",\"Homicidio agravado\",\"Intolerancia\",\"Navidad\",\"Seccional Caquet\u00e1.\",\"Seguridad ciudadana\",\"Unidad de Vida\"],\"articleSection\":[\"Seccional Florencia\",\"Seccionales\",\"Seguridad territorial\"],\"inLanguage\":\"es-CO\"},{\"@type\":\"WebPage\",\"@id\":\"https:\/\/www.fiscalia.gov.co\/colombia\/seccionales\/envia-a-la-carcel-al-presunto-homicida-de-un-hombre-en-visperas-de-la-navidad-pasada-en-florencia\/\",\"url\":\"https:\/\/www.fiscalia.gov.co\/colombia\/seccionales\/envia-a-la-carcel-al-presunto-homicida-de-un-hombre-en-visperas-de-la-navidad-pasada-en-florencia\/\",\"name\":\"Fiscal\u00eda General de la Naci\u00f3n\",\"isPartOf\":{\"@id\":\"https:\/\/www.fiscalia.gov.co\/colombia\/#website\"},\"primaryImageOfPage\":{\"@id\":\"https:\/\/www.fiscalia.gov.co\/colombia\/seccionales\/envia-a-la-carcel-al-presunto-homicida-de-un-hombre-en-visperas-de-la-navidad-pasada-en-florencia\/#primaryimage\"},\"image\":{\"@id\":\"https:\/\/www.fiscalia.gov.co\/colombia\/seccionales\/envia-a-la-carcel-al-presunto-homicida-de-un-hombre-en-visperas-de-la-navidad-pasada-en-florencia\/#primaryimage\"},\"thumbnailUrl\":\"https:\/\/www.fiscalia.gov.co\/colombia\/wp-content\/uploads\/EISENOVER-DIMAS-MENESES-homicidio-caqueta-1-1024x766.jpg\",\"datePublished\":\"2021-01-25T23:38:53+00:00\",\"dateModified\":\"2021-01-25T23:38:53+00:00\",\"description\":\"P\u00e1gina oficial de la Fiscal\u00eda General de la Naci\u00f3n \u2013 Colombia. Garantizamos el acceso efectivo a la justicia, la verdad y la reparaci\u00f3n de las v\u00edctimas de los delitos.\",\"breadcrumb\":{\"@id\":\"https:\/\/www.fiscalia.gov.co\/colombia\/seccionales\/envia-a-la-carcel-al-presunto-homicida-de-un-hombre-en-visperas-de-la-navidad-pasada-en-florencia\/#breadcrumb\"},\"inLanguage\":\"es-CO\",\"potentialAction\":[{\"@type\":\"ReadAction\",\"target\":[\"https:\/\/www.fiscalia.gov.co\/colombia\/seccionales\/envia-a-la-carcel-al-presunto-homicida-de-un-hombre-en-visperas-de-la-navidad-pasada-en-florencia\/\"]}]},{\"@type\":\"ImageObject\",\"inLanguage\":\"es-CO\",\"@id\":\"https:\/\/www.fiscalia.gov.co\/colombia\/seccionales\/envia-a-la-carcel-al-presunto-homicida-de-un-hombre-en-visperas-de-la-navidad-pasada-en-florencia\/#primaryimage\",\"url\":\"https:\/\/www.fiscalia.gov.co\/colombia\/wp-content\/uploads\/EISENOVER-DIMAS-MENESES-homicidio-caqueta-1.jpg\",\"contentUrl\":\"https:\/\/www.fiscalia.gov.co\/colombia\/wp-content\/uploads\/EISENOVER-DIMAS-MENESES-homicidio-caqueta-1.jpg\",\"width\":1280,\"height\":958,\"caption\":\"el hombre fue detenido por el delito de homicidio agravado en medio de un acto de intolerancia cuando la v\u00edctima le pidi\u00f3 que no hostigara a otra persona.\"},{\"@type\":\"BreadcrumbList\",\"@id\":\"https:\/\/www.fiscalia.gov.co\/colombia\/seccionales\/envia-a-la-carcel-al-presunto-homicida-de-un-hombre-en-visperas-de-la-navidad-pasada-en-florencia\/#breadcrumb\",\"itemListElement\":[{\"@type\":\"ListItem\",\"position\":1,\"name\":\"Home\",\"item\":\"https:\/\/www.fiscalia.gov.co\/colombia\/\"},{\"@type\":\"ListItem\",\"position\":2,\"name\":\"Env\u00eda a la c\u00e1rcel al presunto homicida de un hombre en v\u00edsperas de la navidad pasada en Florencia\"}]},{\"@type\":\"WebSite\",\"@id\":\"https:\/\/www.fiscalia.gov.co\/colombia\/#website\",\"url\":\"https:\/\/www.fiscalia.gov.co\/colombia\/\",\"name\":\"Fiscal\u00eda General de la Naci\u00f3n\",\"description\":\"P\u00e1gina oficial de la Fiscal\u00eda General de la Naci\u00f3n \u2013 Colombia. Garantizamos el acceso efectivo a la justicia, la verdad y la reparaci\u00f3n de las v\u00edctimas de los delitos.\",\"publisher\":{\"@id\":\"https:\/\/www.fiscalia.gov.co\/colombia\/#organization\"},\"potentialAction\":[{\"@type\":\"SearchAction\",\"target\":{\"@type\":\"EntryPoint\",\"urlTemplate\":\"https:\/\/www.fiscalia.gov.co\/colombia\/?s={search_term_string}\"},\"query-input\":{\"@type\":\"PropertyValueSpecification\",\"valueRequired\":true,\"valueName\":\"search_term_string\"}}],\"inLanguage\":\"es-CO\"},{\"@type\":\"Organization\",\"@id\":\"https:\/\/www.fiscalia.gov.co\/colombia\/#organization\",\"name\":\"Fiscal\u00eda General de la Naci\u00f3n\",\"url\":\"https:\/\/www.fiscalia.gov.co\/colombia\/\",\"logo\":{\"@type\":\"ImageObject\",\"inLanguage\":\"es-CO\",\"@id\":\"https:\/\/www.fiscalia.gov.co\/colombia\/#\/schema\/logo\/image\/\",\"url\":\"https:\/\/www.fiscalia.gov.co\/colombia\/wp-content\/uploads\/LogoHorizontal_1.jpg\",\"contentUrl\":\"https:\/\/www.fiscalia.gov.co\/colombia\/wp-content\/uploads\/LogoHorizontal_1.jpg\",\"width\":300,\"height\":90,\"caption\":\"Fiscal\u00eda General de la Naci\u00f3n\"},\"image\":{\"@id\":\"https:\/\/www.fiscalia.gov.co\/colombia\/#\/schema\/logo\/image\/\"},\"sameAs\":[\"https:\/\/www.facebook.com\/FiscaliaCol\",\"https:\/\/x.com\/FiscaliaCol\",\"https:\/\/www.instagram.com\/fiscaliacol\",\"https:\/\/www.linkedin.com\/company\/fiscalia-general-de-la-naci-n\/\",\"https:\/\/youtube.com\/@fiscaliageneraldelanacion-4668?si=6nN79nyQICPU5iTh\"]},{\"@type\":\"Person\",\"@id\":\"https:\/\/www.fiscalia.gov.co\/colombia\/#\/schema\/person\/06aa2210fe4d79203f428ff671dee360\",\"name\":\"Ana Mar\u00eda Gomez\",\"image\":{\"@type\":\"ImageObject\",\"inLanguage\":\"es-CO\",\"@id\":\"https:\/\/www.fiscalia.gov.co\/colombia\/#\/schema\/person\/image\/\",\"url\":\"https:\/\/secure.gravatar.com\/avatar\/a38115d98a7f8a96cbb96af2b2c37a0b?s=96&d=mm&r=g\",\"contentUrl\":\"https:\/\/secure.gravatar.com\/avatar\/a38115d98a7f8a96cbb96af2b2c37a0b?s=96&d=mm&r=g\",\"caption\":\"Ana Mar\u00eda Gomez\"},\"url\":\"https:\/\/www.fiscalia.gov.co\/colombia\/author\/agomez\/\"}]}<\/script>\n<!-- \/ Yoast SEO plugin. -->","yoast_head_json":{"title":"Fiscal\u00eda General de la Naci\u00f3n","description":"P\u00e1gina oficial de la Fiscal\u00eda General de la Naci\u00f3n \u2013 Colombia. Garantizamos el acceso efectivo a la justicia, la verdad y la reparaci\u00f3n de las v\u00edctimas de los delitos.","robots":{"index":"noindex","follow":"follow"},"og_locale":"es_ES","og_type":"article","og_title":"Fiscal\u00eda General de la Naci\u00f3n","og_description":"P\u00e1gina oficial de la Fiscal\u00eda General de la Naci\u00f3n \u2013 Colombia. Garantizamos el acceso efectivo a la justicia, la verdad y la reparaci\u00f3n de las v\u00edctimas de los delitos.","og_url":"https:\/\/www.fiscalia.gov.co\/colombia\/seccionales\/envia-a-la-carcel-al-presunto-homicida-de-un-hombre-en-visperas-de-la-navidad-pasada-en-florencia\/","og_site_name":"Fiscal\u00eda General de la Naci\u00f3n","article_publisher":"https:\/\/www.facebook.com\/FiscaliaCol","article_published_time":"2021-01-25T23:38:53+00:00","og_image":[{"url":"https:\/\/www.fiscalia.gov.co\/colombia\/wp-content\/uploads\/EISENOVER-DIMAS-MENESES-homicidio-caqueta-1-1024x766.jpg","type":"","width":"","height":""}],"author":"Ana Mar\u00eda Gomez","twitter_card":"summary_large_image","twitter_creator":"@FiscaliaCol","twitter_site":"@FiscaliaCol","twitter_misc":{"Escrito por":"Ana Mar\u00eda Gomez","Tiempo de lectura":"2 minutos"},"schema":{"@context":"https:\/\/schema.org","@graph":[{"@type":"Article","@id":"https:\/\/www.fiscalia.gov.co\/colombia\/seccionales\/envia-a-la-carcel-al-presunto-homicida-de-un-hombre-en-visperas-de-la-navidad-pasada-en-florencia\/#article","isPartOf":{"@id":"https:\/\/www.fiscalia.gov.co\/colombia\/seccionales\/envia-a-la-carcel-al-presunto-homicida-de-un-hombre-en-visperas-de-la-navidad-pasada-en-florencia\/"},"author":{"name":"Ana Mar\u00eda Gomez","@id":"https:\/\/www.fiscalia.gov.co\/colombia\/#\/schema\/person\/06aa2210fe4d79203f428ff671dee360"},"headline":"Env\u00eda a la c\u00e1rcel al presunto homicida de un hombre en v\u00edsperas de la navidad pasada en Florencia","datePublished":"2021-01-25T23:38:53+00:00","dateModified":"2021-01-25T23:38:53+00:00","mainEntityOfPage":{"@id":"https:\/\/www.fiscalia.gov.co\/colombia\/seccionales\/envia-a-la-carcel-al-presunto-homicida-de-un-hombre-en-visperas-de-la-navidad-pasada-en-florencia\/"},"wordCount":401,"publisher":{"@id":"https:\/\/www.fiscalia.gov.co\/colombia\/#organization"},"image":{"@id":"https:\/\/www.fiscalia.gov.co\/colombia\/seccionales\/envia-a-la-carcel-al-presunto-homicida-de-un-hombre-en-visperas-de-la-navidad-pasada-en-florencia\/#primaryimage"},"thumbnailUrl":"https:\/\/www.fiscalia.gov.co\/colombia\/wp-content\/uploads\/EISENOVER-DIMAS-MENESES-homicidio-caqueta-1-1024x766.jpg","keywords":["Fiscal Barbosa","Fiscal\u00eda General de la Naci\u00f3n","Florencia","Homicidio agravado","Intolerancia","Navidad","Seccional Caquet\u00e1.","Seguridad ciudadana","Unidad de Vida"],"articleSection":["Seccional Florencia","Seccionales","Seguridad territorial"],"inLanguage":"es-CO"},{"@type":"WebPage","@id":"https:\/\/www.fiscalia.gov.co\/colombia\/seccionales\/envia-a-la-carcel-al-presunto-homicida-de-un-hombre-en-visperas-de-la-navidad-pasada-en-florencia\/","url":"https:\/\/www.fiscalia.gov.co\/colombia\/seccionales\/envia-a-la-carcel-al-presunto-homicida-de-un-hombre-en-visperas-de-la-navidad-pasada-en-florencia\/","name":"Fiscal\u00eda General de la Naci\u00f3n","isPartOf":{"@id":"https:\/\/www.fiscalia.gov.co\/colombia\/#website"},"primaryImageOfPage":{"@id":"https:\/\/www.fiscalia.gov.co\/colombia\/seccionales\/envia-a-la-carcel-al-presunto-homicida-de-un-hombre-en-visperas-de-la-navidad-pasada-en-florencia\/#primaryimage"},"image":{"@id":"https:\/\/www.fiscalia.gov.co\/colombia\/seccionales\/envia-a-la-carcel-al-presunto-homicida-de-un-hombre-en-visperas-de-la-navidad-pasada-en-florencia\/#primaryimage"},"thumbnailUrl":"https:\/\/www.fiscalia.gov.co\/colombia\/wp-content\/uploads\/EISENOVER-DIMAS-MENESES-homicidio-caqueta-1-1024x766.jpg","datePublished":"2021-01-25T23:38:53+00:00","dateModified":"2021-01-25T23:38:53+00:00","description":"P\u00e1gina oficial de la Fiscal\u00eda General de la Naci\u00f3n \u2013 Colombia. Garantizamos el acceso efectivo a la justicia, la verdad y la reparaci\u00f3n de las v\u00edctimas de los delitos.","breadcrumb":{"@id":"https:\/\/www.fiscalia.gov.co\/colombia\/seccionales\/envia-a-la-carcel-al-presunto-homicida-de-un-hombre-en-visperas-de-la-navidad-pasada-en-florencia\/#breadcrumb"},"inLanguage":"es-CO","potentialAction":[{"@type":"ReadAction","target":["https:\/\/www.fiscalia.gov.co\/colombia\/seccionales\/envia-a-la-carcel-al-presunto-homicida-de-un-hombre-en-visperas-de-la-navidad-pasada-en-florencia\/"]}]},{"@type":"ImageObject","inLanguage":"es-CO","@id":"https:\/\/www.fiscalia.gov.co\/colombia\/seccionales\/envia-a-la-carcel-al-presunto-homicida-de-un-hombre-en-visperas-de-la-navidad-pasada-en-florencia\/#primaryimage","url":"https:\/\/www.fiscalia.gov.co\/colombia\/wp-content\/uploads\/EISENOVER-DIMAS-MENESES-homicidio-caqueta-1.jpg","contentUrl":"https:\/\/www.fiscalia.gov.co\/colombia\/wp-content\/uploads\/EISENOVER-DIMAS-MENESES-homicidio-caqueta-1.jpg","width":1280,"height":958,"caption":"el hombre fue detenido por el delito de homicidio agravado en medio de un acto de intolerancia cuando la v\u00edctima le pidi\u00f3 que no hostigara a otra persona."},{"@type":"BreadcrumbList","@id":"https:\/\/www.fiscalia.gov.co\/colombia\/seccionales\/envia-a-la-carcel-al-presunto-homicida-de-un-hombre-en-visperas-de-la-navidad-pasada-en-florencia\/#breadcrumb","itemListElement":[{"@type":"ListItem","position":1,"name":"Home","item":"https:\/\/www.fiscalia.gov.co\/colombia\/"},{"@type":"ListItem","position":2,"name":"Env\u00eda a la c\u00e1rcel al presunto homicida de un hombre en v\u00edsperas de la navidad pasada en Florencia"}]},{"@type":"WebSite","@id":"https:\/\/www.fiscalia.gov.co\/colombia\/#website","url":"https:\/\/www.fiscalia.gov.co\/colombia\/","name":"Fiscal\u00eda General de la Naci\u00f3n","description":"P\u00e1gina oficial de la Fiscal\u00eda General de la Naci\u00f3n \u2013 Colombia. Garantizamos el acceso efectivo a la justicia, la verdad y la reparaci\u00f3n de las v\u00edctimas de los delitos.","publisher":{"@id":"https:\/\/www.fiscalia.gov.co\/colombia\/#organization"},"potentialAction":[{"@type":"SearchAction","target":{"@type":"EntryPoint","urlTemplate":"https:\/\/www.fiscalia.gov.co\/colombia\/?s={search_term_string}"},"query-input":{"@type":"PropertyValueSpecification","valueRequired":true,"valueName":"search_term_string"}}],"inLanguage":"es-CO"},{"@type":"Organization","@id":"https:\/\/www.fiscalia.gov.co\/colombia\/#organization","name":"Fiscal\u00eda General de la Naci\u00f3n","url":"https:\/\/www.fiscalia.gov.co\/colombia\/","logo":{"@type":"ImageObject","inLanguage":"es-CO","@id":"https:\/\/www.fiscalia.gov.co\/colombia\/#\/schema\/logo\/image\/","url":"https:\/\/www.fiscalia.gov.co\/colombia\/wp-content\/uploads\/LogoHorizontal_1.jpg","contentUrl":"https:\/\/www.fiscalia.gov.co\/colombia\/wp-content\/uploads\/LogoHorizontal_1.jpg","width":300,"height":90,"caption":"Fiscal\u00eda General de la Naci\u00f3n"},"image":{"@id":"https:\/\/www.fiscalia.gov.co\/colombia\/#\/schema\/logo\/image\/"},"sameAs":["https:\/\/www.facebook.com\/FiscaliaCol","https:\/\/x.com\/FiscaliaCol","https:\/\/www.instagram.com\/fiscaliacol","https:\/\/www.linkedin.com\/company\/fiscalia-general-de-la-naci-n\/","https:\/\/youtube.com\/@fiscaliageneraldelanacion-4668?si=6nN79nyQICPU5iTh"]},{"@type":"Person","@id":"https:\/\/www.fiscalia.gov.co\/colombia\/#\/schema\/person\/06aa2210fe4d79203f428ff671dee360","name":"Ana Mar\u00eda Gomez","image":{"@type":"ImageObject","inLanguage":"es-CO","@id":"https:\/\/www.fiscalia.gov.co\/colombia\/#\/schema\/person\/image\/","url":"https:\/\/secure.gravatar.com\/avatar\/a38115d98a7f8a96cbb96af2b2c37a0b?s=96&d=mm&r=g","contentUrl":"https:\/\/secure.gravatar.com\/avatar\/a38115d98a7f8a96cbb96af2b2c37a0b?s=96&d=mm&r=g","caption":"Ana Mar\u00eda Gomez"},"url":"https:\/\/www.fiscalia.gov.co\/colombia\/author\/agomez\/"}]}},"_links":{"self":[{"href":"https:\/\/www.fiscalia.gov.co\/colombia\/wp-json\/wp\/v2\/posts\/211527","targetHints":{"allow":["GET"]}}],"collection":[{"href":"https:\/\/www.fiscalia.gov.co\/colombia\/wp-json\/wp\/v2\/posts"}],"about":[{"href":"https:\/\/www.fiscalia.gov.co\/colombia\/wp-json\/wp\/v2\/types\/post"}],"author":[{"embeddable":true,"href":"https:\/\/www.fiscalia.gov.co\/colombia\/wp-json\/wp\/v2\/users\/171"}],"replies":[{"embeddable":true,"href":"https:\/\/www.fiscalia.gov.co\/colombia\/wp-json\/wp\/v2\/comments?post=211527"}],"version-history":[{"count":1,"href":"https:\/\/www.fiscalia.gov.co\/colombia\/wp-json\/wp\/v2\/posts\/211527\/revisions"}],"predecessor-version":[{"id":211529,"href":"https:\/\/www.fiscalia.gov.co\/colombia\/wp-json\/wp\/v2\/posts\/211527\/revisions\/211529"}],"wp:attachment":[{"href":"https:\/\/www.fiscalia.gov.co\/colombia\/wp-json\/wp\/v2\/media?parent=211527"}],"wp:term":[{"taxonomy":"category","embeddable":true,"href":"https:\/\/www.fiscalia.gov.co\/colombia\/wp-json\/wp\/v2\/categories?post=211527"},{"taxonomy":"post_tag","embeddable":true,"href":"https:\/\/www.fiscalia.gov.co\/colombia\/wp-json\/wp\/v2\/tags?post=211527"}],"curies":[{"name":"wp","href":"https:\/\/api.w.org\/{rel}","templated":true}]}}