{"id":211214,"date":"2021-01-21T16:12:22","date_gmt":"2021-01-21T21:12:22","guid":{"rendered":"https:\/\/www.fiscalia.gov.co\/colombia\/?p=211214"},"modified":"2021-01-25T15:37:28","modified_gmt":"2021-01-25T20:37:28","slug":"asegurado-patrullero-presuntamente-involucrado-en-la-muerte-de-un-ciudadano-en-medio-de-las-protestas-del-9-de-septiembre-en-una-estacion-de-policia-de-soacha-cundinamarca","status":"publish","type":"post","link":"https:\/\/www.fiscalia.gov.co\/colombia\/seguridad-territorial\/asegurado-patrullero-presuntamente-involucrado-en-la-muerte-de-un-ciudadano-en-medio-de-las-protestas-del-9-de-septiembre-en-una-estacion-de-policia-de-soacha-cundinamarca\/","title":{"rendered":"Asegurado patrullero presuntamente involucrado en la muerte de un ciudadano en medio de las protestas del 9 de septiembre en una estaci\u00f3n de polic\u00eda de Soacha (Cundinamarca)"},"content":{"rendered":"<div>\n<p class=\"x_MsoNormal\"><span lang=\"ES-TRAD\">La Fiscal\u00eda General de la Naci\u00f3n, a trav\u00e9s del Cuerpo T\u00e9cnico de Investigaci\u00f3n (CTI) de Cundinamarca, captur\u00f3 al\u00a0<a href=\"https:\/\/www.fiscalia.gov.co\/colombia\/corrupcion\/juez-niega-solicitud-a-patrullero-de-la-policia-nacional-investigado-por-favorecimiento-de-fuga-de-presos-y-otros-delitos-en-el-guainia\/\" target=\"_blank\" rel=\"noopener noreferrer\" data-auth=\"NotApplicable\">\u00a0patrullero de la Polic\u00eda Nacional<\/a>\u00a0\u00d3scar Alexander M\u00e1rquez Rojas, en el marco de la investigaci\u00f3n por la muerte de un ciudadano, en los desmanes del pasado 9 de septiembre, ocurridos en Soacha (Cundinamarca).\u00a0<\/span><\/p>\n<figure id=\"attachment_211225\" aria-describedby=\"caption-attachment-211225\" style=\"width: 838px\" class=\"wp-caption aligncenter\"><img loading=\"lazy\" decoding=\"async\" class=\"size-full wp-image-211225\" src=\"https:\/\/www.fiscalia.gov.co\/colombia\/wp-content\/uploads\/Foto-1-Policia-caso-ciudadano.jpeg\" alt=\"\" width=\"838\" height=\"534\" srcset=\"https:\/\/www.fiscalia.gov.co\/colombia\/wp-content\/uploads\/Foto-1-Policia-caso-ciudadano.jpeg 838w, https:\/\/www.fiscalia.gov.co\/colombia\/wp-content\/uploads\/Foto-1-Policia-caso-ciudadano-300x191.jpeg 300w, https:\/\/www.fiscalia.gov.co\/colombia\/wp-content\/uploads\/Foto-1-Policia-caso-ciudadano-768x489.jpeg 768w, https:\/\/www.fiscalia.gov.co\/colombia\/wp-content\/uploads\/Foto-1-Policia-caso-ciudadano-696x444.jpeg 696w, https:\/\/www.fiscalia.gov.co\/colombia\/wp-content\/uploads\/Foto-1-Policia-caso-ciudadano-659x420.jpeg 659w\" sizes=\"auto, (max-width: 838px) 100vw, 838px\" \/><figcaption id=\"caption-attachment-211225\" class=\"wp-caption-text\">El patrullero \u00d3scar Alexander M\u00e1rquez Rojas habr\u00eda sido quien le dispar\u00f3 a un ciudadano y le caus\u00f3 la muerte, en los disturbios provocados el 9 de septiembre en Soacha (Cundinamarca).<\/figcaption><\/figure>\n<p class=\"x_MsoNormal\"><span lang=\"ES-TRAD\">En consecuencia, tras los elementos materiales de prueba y a petici\u00f3n del ente acusador, le fue impuesta\u00a0<b>medida de aseguramiento<\/b>, consistente en detenci\u00f3n en su lugar de residencia, mientras que en juicio se resuelve su situaci\u00f3n jur\u00eddica, por el delito de\u00a0<b>homicidio<\/b>.\u00a0<\/span><\/p>\n<p class=\"x_MsoNormal\"><span lang=\"ES-TRAD\">Las pruebas t\u00e9cnicas y las valoraciones de bal\u00edstica indican que el uniformado fue quien al parecer\u00a0<a href=\"https:\/\/www.fiscalia.gov.co\/colombia\/seguridad-ciudadana\/a-la-carcel-dos-hombres-que-presuntamente-portaban-un-fusil-ak-47-y-una-subametralladora-mini-uzi\/\" target=\"_blank\" rel=\"noopener noreferrer\" data-auth=\"NotApplicable\">accion\u00f3 su arma de dotaci\u00f3n en contra de la v\u00edctima<\/a>, en\u00a0\u00a0los hechos ocurridos cerca de la estaci\u00f3n de Polic\u00eda del barrio Ciudad Verde, en Soacha (Cundinamarca). \u00a0<\/span><\/p>\n<p class=\"x_MsoNormal\"><span lang=\"ES-TRAD\">Como es de recordar, en esta fecha, la comunidad arremeti\u00f3 contra\u00a0<a href=\"https:\/\/www.fiscalia.gov.co\/colombia\/seccionales\/fiscalia-logra-medida-de-aseguramiento-en-centro-carcelario-contra-cuatro-personas-senaladas-de-infiltrarse-en-manifestaciones-y-cometer-actos-vandalicos-en-bogota\/\" target=\"_blank\" rel=\"noopener noreferrer\" data-auth=\"NotApplicable\">las instalaciones de varias estaciones y CAI de la Polic\u00eda<\/a>\u00a0en ese municipio, as\u00ed como en Bogot\u00e1.\u00a0<\/span><\/p>\n<p class=\"x_MsoNormal\"><span lang=\"ES-TRAD\">Este resultado obedece a la estrategia investigativa para el fortalecimiento de la seguridad ciudadana, definida como una prioridad en el Direccionamiento Estrat\u00e9gico por el Fiscal General de la Naci\u00f3n, Francisco Barbosa Delgado.\u00a0<\/span><\/p>\n<p class=\"x_MsoNormal\"><span lang=\"ES-TRAD\">La Fiscal\u00eda General de la Naci\u00f3n habla con resultados.\u00a0<\/span><\/p>\n<p class=\"x_MsoNormal\"><span lang=\"ES-TRAD\">CMRM\/ACG \/ DLBM.\u00a0<\/span><\/p>\n<\/div>\n<div><i><span lang=\"ES\">La informaci\u00f3n contenida en este bolet\u00edn de prensa corresponde a la narraci\u00f3n de los hechos noticiosos objetivos, suministrados por los funcionarios encargados de adelantar las investigaciones penales al interior de la Fiscal\u00eda General de la Naci\u00f3n. Para el momento de la divulgaci\u00f3n de este comunicado, la situaci\u00f3n jur\u00eddica de la(s) persona(s) relacionada(s) se encuentra pendiente de resolver por la autoridad judicial competente, siempre bajo los preceptos de la presunci\u00f3n de inocencia, consagrados en el art\u00edculo 29 de la Constituci\u00f3n Pol\u00edtica y el art\u00edculo 7\u00ba de la Ley 906 de 2004<\/span><\/i><\/div>\n\n<div class=\"twitter-share\"><a href=\"https:\/\/twitter.com\/intent\/tweet?via=fiscaliacol\" class=\"twitter-share-button\">Tweet<\/a><\/div>\n","protected":false},"excerpt":{"rendered":"<p>La Fiscal\u00eda General de la Naci\u00f3n, a trav\u00e9s del Cuerpo T\u00e9cnico de Investigaci\u00f3n (CTI) de Cundinamarca, captur\u00f3 al\u00a0\u00a0patrullero de la Polic\u00eda Nacional\u00a0\u00d3scar Alexander M\u00e1rquez Rojas, en el marco de la investigaci\u00f3n por la muerte de un ciudadano, en los desmanes del pasado 9 de septiembre, ocurridos en Soacha (Cundinamarca).\u00a0 En consecuencia, tras los elementos materiales [&hellip;]<\/p>\n","protected":false},"author":171,"featured_media":0,"comment_status":"closed","ping_status":"open","sticky":false,"template":"","format":"video","meta":{"_price":"","_stock":"","_tribe_ticket_header":"","_tribe_default_ticket_provider":"","_tribe_ticket_capacity":"0","_ticket_start_date":"","_ticket_end_date":"","_tribe_ticket_show_description":"","_tribe_ticket_show_not_going":false,"_tribe_ticket_use_global_stock":"","_tribe_ticket_global_stock_level":"","_global_stock_mode":"","_global_stock_cap":"","_tribe_rsvp_for_event":"","_tribe_ticket_going_count":"","_tribe_ticket_not_going_count":"","_tribe_tickets_list":"[]","_tribe_ticket_has_attendee_info_fields":false,"tdm_status":"","tdm_grid_status":"","footnotes":""},"categories":[327,303,24099],"tags":[25377,25378,24305,24187,409,25376,11101,187],"class_list":{"0":"post-211214","1":"post","2":"type-post","3":"status-publish","4":"format-video","6":"category-seccional-cundinamarca","7":"category-seccionales","8":"category-seguridad-territorial","9":"tag-disturbios-9-septiembre","10":"tag-estacion-de-policia-ciudad-verde","11":"tag-fiscal-general-francisco-barbosa","12":"tag-fiscalia-colombia","13":"tag-homicidio","14":"tag-patrullero-de-policia","15":"tag-seguridad-ciudadana","16":"tag-sohacha","17":"post_format-post-format-video"},"yoast_head":"<!-- This site is optimized with the Yoast SEO plugin v24.3 - https:\/\/yoast.com\/wordpress\/plugins\/seo\/ -->\n<title>Fiscal\u00eda General de la Naci\u00f3n<\/title>\n<meta name=\"description\" content=\"P\u00e1gina oficial de la Fiscal\u00eda General de la Naci\u00f3n \u2013 Colombia. Garantizamos el acceso efectivo a la justicia, la verdad y la reparaci\u00f3n de las v\u00edctimas de los delitos.\" \/>\n<meta name=\"robots\" content=\"noindex, follow\" \/>\n<meta property=\"og:locale\" content=\"es_ES\" \/>\n<meta property=\"og:type\" content=\"article\" \/>\n<meta property=\"og:title\" content=\"Fiscal\u00eda General de la Naci\u00f3n\" \/>\n<meta property=\"og:description\" content=\"P\u00e1gina oficial de la Fiscal\u00eda General de la Naci\u00f3n \u2013 Colombia. Garantizamos el acceso efectivo a la justicia, la verdad y la reparaci\u00f3n de las v\u00edctimas de los delitos.\" \/>\n<meta property=\"og:url\" content=\"https:\/\/www.fiscalia.gov.co\/colombia\/seguridad-territorial\/asegurado-patrullero-presuntamente-involucrado-en-la-muerte-de-un-ciudadano-en-medio-de-las-protestas-del-9-de-septiembre-en-una-estacion-de-policia-de-soacha-cundinamarca\/\" \/>\n<meta property=\"og:site_name\" content=\"Fiscal\u00eda General de la Naci\u00f3n\" \/>\n<meta property=\"article:publisher\" content=\"https:\/\/www.facebook.com\/FiscaliaCol\" \/>\n<meta property=\"article:published_time\" content=\"2021-01-21T21:12:22+00:00\" \/>\n<meta property=\"article:modified_time\" content=\"2021-01-25T20:37:28+00:00\" \/>\n<meta property=\"og:image\" content=\"https:\/\/www.fiscalia.gov.co\/colombia\/wp-content\/uploads\/Foto-1-Policia-caso-ciudadano.jpeg\" \/>\n<meta name=\"author\" content=\"Ana Mar\u00eda Gomez\" \/>\n<meta name=\"twitter:card\" content=\"summary_large_image\" \/>\n<meta name=\"twitter:creator\" content=\"@FiscaliaCol\" \/>\n<meta name=\"twitter:site\" content=\"@FiscaliaCol\" \/>\n<meta name=\"twitter:label1\" content=\"Escrito por\" \/>\n\t<meta name=\"twitter:data1\" content=\"Ana Mar\u00eda Gomez\" \/>\n\t<meta name=\"twitter:label2\" content=\"Tiempo de lectura\" \/>\n\t<meta name=\"twitter:data2\" content=\"2 minutos\" \/>\n<script type=\"application\/ld+json\" class=\"yoast-schema-graph\">{\"@context\":\"https:\/\/schema.org\",\"@graph\":[{\"@type\":\"Article\",\"@id\":\"https:\/\/www.fiscalia.gov.co\/colombia\/seguridad-territorial\/asegurado-patrullero-presuntamente-involucrado-en-la-muerte-de-un-ciudadano-en-medio-de-las-protestas-del-9-de-septiembre-en-una-estacion-de-policia-de-soacha-cundinamarca\/#article\",\"isPartOf\":{\"@id\":\"https:\/\/www.fiscalia.gov.co\/colombia\/seguridad-territorial\/asegurado-patrullero-presuntamente-involucrado-en-la-muerte-de-un-ciudadano-en-medio-de-las-protestas-del-9-de-septiembre-en-una-estacion-de-policia-de-soacha-cundinamarca\/\"},\"author\":{\"name\":\"Ana Mar\u00eda Gomez\",\"@id\":\"https:\/\/www.fiscalia.gov.co\/colombia\/#\/schema\/person\/06aa2210fe4d79203f428ff671dee360\"},\"headline\":\"Asegurado patrullero presuntamente involucrado en la muerte de un ciudadano en medio de las protestas del 9 de septiembre en una estaci\u00f3n de polic\u00eda de Soacha (Cundinamarca)\",\"datePublished\":\"2021-01-21T21:12:22+00:00\",\"dateModified\":\"2021-01-25T20:37:28+00:00\",\"mainEntityOfPage\":{\"@id\":\"https:\/\/www.fiscalia.gov.co\/colombia\/seguridad-territorial\/asegurado-patrullero-presuntamente-involucrado-en-la-muerte-de-un-ciudadano-en-medio-de-las-protestas-del-9-de-septiembre-en-una-estacion-de-policia-de-soacha-cundinamarca\/\"},\"wordCount\":398,\"publisher\":{\"@id\":\"https:\/\/www.fiscalia.gov.co\/colombia\/#organization\"},\"image\":{\"@id\":\"https:\/\/www.fiscalia.gov.co\/colombia\/seguridad-territorial\/asegurado-patrullero-presuntamente-involucrado-en-la-muerte-de-un-ciudadano-en-medio-de-las-protestas-del-9-de-septiembre-en-una-estacion-de-policia-de-soacha-cundinamarca\/#primaryimage\"},\"thumbnailUrl\":\"https:\/\/www.fiscalia.gov.co\/colombia\/wp-content\/uploads\/Foto-1-Policia-caso-ciudadano.jpeg\",\"keywords\":[\"disturbios 9 septiembre\",\"estaci\u00f3n de Polic\u00eda Ciudad Verde\",\"Fiscal General Francisco Barbosa\",\"Fiscal\u00eda Colombia\",\"Homicidio\",\"patrullero de Polic\u00eda\",\"Seguridad ciudadana\",\"Soacha\"],\"articleSection\":[\"Seccional Cundinamarca\",\"Seccionales\",\"Seguridad territorial\"],\"inLanguage\":\"es-CO\"},{\"@type\":\"WebPage\",\"@id\":\"https:\/\/www.fiscalia.gov.co\/colombia\/seguridad-territorial\/asegurado-patrullero-presuntamente-involucrado-en-la-muerte-de-un-ciudadano-en-medio-de-las-protestas-del-9-de-septiembre-en-una-estacion-de-policia-de-soacha-cundinamarca\/\",\"url\":\"https:\/\/www.fiscalia.gov.co\/colombia\/seguridad-territorial\/asegurado-patrullero-presuntamente-involucrado-en-la-muerte-de-un-ciudadano-en-medio-de-las-protestas-del-9-de-septiembre-en-una-estacion-de-policia-de-soacha-cundinamarca\/\",\"name\":\"Fiscal\u00eda General de la Naci\u00f3n\",\"isPartOf\":{\"@id\":\"https:\/\/www.fiscalia.gov.co\/colombia\/#website\"},\"primaryImageOfPage\":{\"@id\":\"https:\/\/www.fiscalia.gov.co\/colombia\/seguridad-territorial\/asegurado-patrullero-presuntamente-involucrado-en-la-muerte-de-un-ciudadano-en-medio-de-las-protestas-del-9-de-septiembre-en-una-estacion-de-policia-de-soacha-cundinamarca\/#primaryimage\"},\"image\":{\"@id\":\"https:\/\/www.fiscalia.gov.co\/colombia\/seguridad-territorial\/asegurado-patrullero-presuntamente-involucrado-en-la-muerte-de-un-ciudadano-en-medio-de-las-protestas-del-9-de-septiembre-en-una-estacion-de-policia-de-soacha-cundinamarca\/#primaryimage\"},\"thumbnailUrl\":\"https:\/\/www.fiscalia.gov.co\/colombia\/wp-content\/uploads\/Foto-1-Policia-caso-ciudadano.jpeg\",\"datePublished\":\"2021-01-21T21:12:22+00:00\",\"dateModified\":\"2021-01-25T20:37:28+00:00\",\"description\":\"P\u00e1gina oficial de la Fiscal\u00eda General de la Naci\u00f3n \u2013 Colombia. Garantizamos el acceso efectivo a la justicia, la verdad y la reparaci\u00f3n de las v\u00edctimas de los delitos.\",\"breadcrumb\":{\"@id\":\"https:\/\/www.fiscalia.gov.co\/colombia\/seguridad-territorial\/asegurado-patrullero-presuntamente-involucrado-en-la-muerte-de-un-ciudadano-en-medio-de-las-protestas-del-9-de-septiembre-en-una-estacion-de-policia-de-soacha-cundinamarca\/#breadcrumb\"},\"inLanguage\":\"es-CO\",\"potentialAction\":[{\"@type\":\"ReadAction\",\"target\":[\"https:\/\/www.fiscalia.gov.co\/colombia\/seguridad-territorial\/asegurado-patrullero-presuntamente-involucrado-en-la-muerte-de-un-ciudadano-en-medio-de-las-protestas-del-9-de-septiembre-en-una-estacion-de-policia-de-soacha-cundinamarca\/\"]}]},{\"@type\":\"ImageObject\",\"inLanguage\":\"es-CO\",\"@id\":\"https:\/\/www.fiscalia.gov.co\/colombia\/seguridad-territorial\/asegurado-patrullero-presuntamente-involucrado-en-la-muerte-de-un-ciudadano-en-medio-de-las-protestas-del-9-de-septiembre-en-una-estacion-de-policia-de-soacha-cundinamarca\/#primaryimage\",\"url\":\"https:\/\/www.fiscalia.gov.co\/colombia\/wp-content\/uploads\/Foto-1-Policia-caso-ciudadano.jpeg\",\"contentUrl\":\"https:\/\/www.fiscalia.gov.co\/colombia\/wp-content\/uploads\/Foto-1-Policia-caso-ciudadano.jpeg\",\"width\":838,\"height\":534,\"caption\":\"El patrullero \u00d3scar Alexander M\u00e1rquez Rojas habr\u00eda sido quien le dispar\u00f3 a un ciudadano y le caus\u00f3 la muerte, en los disturbios provocados el 9 de septiembre en Soacha (Cundinamarca).\"},{\"@type\":\"BreadcrumbList\",\"@id\":\"https:\/\/www.fiscalia.gov.co\/colombia\/seguridad-territorial\/asegurado-patrullero-presuntamente-involucrado-en-la-muerte-de-un-ciudadano-en-medio-de-las-protestas-del-9-de-septiembre-en-una-estacion-de-policia-de-soacha-cundinamarca\/#breadcrumb\",\"itemListElement\":[{\"@type\":\"ListItem\",\"position\":1,\"name\":\"Home\",\"item\":\"https:\/\/www.fiscalia.gov.co\/colombia\/\"},{\"@type\":\"ListItem\",\"position\":2,\"name\":\"Asegurado patrullero presuntamente involucrado en la muerte de un ciudadano en medio de las protestas del 9 de septiembre en una estaci\u00f3n de polic\u00eda de Soacha (Cundinamarca)\"}]},{\"@type\":\"WebSite\",\"@id\":\"https:\/\/www.fiscalia.gov.co\/colombia\/#website\",\"url\":\"https:\/\/www.fiscalia.gov.co\/colombia\/\",\"name\":\"Fiscal\u00eda General de la Naci\u00f3n\",\"description\":\"P\u00e1gina oficial de la Fiscal\u00eda General de la Naci\u00f3n \u2013 Colombia. Garantizamos el acceso efectivo a la justicia, la verdad y la reparaci\u00f3n de las v\u00edctimas de los delitos.\",\"publisher\":{\"@id\":\"https:\/\/www.fiscalia.gov.co\/colombia\/#organization\"},\"potentialAction\":[{\"@type\":\"SearchAction\",\"target\":{\"@type\":\"EntryPoint\",\"urlTemplate\":\"https:\/\/www.fiscalia.gov.co\/colombia\/?s={search_term_string}\"},\"query-input\":{\"@type\":\"PropertyValueSpecification\",\"valueRequired\":true,\"valueName\":\"search_term_string\"}}],\"inLanguage\":\"es-CO\"},{\"@type\":\"Organization\",\"@id\":\"https:\/\/www.fiscalia.gov.co\/colombia\/#organization\",\"name\":\"Fiscal\u00eda General de la Naci\u00f3n\",\"url\":\"https:\/\/www.fiscalia.gov.co\/colombia\/\",\"logo\":{\"@type\":\"ImageObject\",\"inLanguage\":\"es-CO\",\"@id\":\"https:\/\/www.fiscalia.gov.co\/colombia\/#\/schema\/logo\/image\/\",\"url\":\"https:\/\/www.fiscalia.gov.co\/colombia\/wp-content\/uploads\/LogoHorizontal_1.jpg\",\"contentUrl\":\"https:\/\/www.fiscalia.gov.co\/colombia\/wp-content\/uploads\/LogoHorizontal_1.jpg\",\"width\":300,\"height\":90,\"caption\":\"Fiscal\u00eda General de la Naci\u00f3n\"},\"image\":{\"@id\":\"https:\/\/www.fiscalia.gov.co\/colombia\/#\/schema\/logo\/image\/\"},\"sameAs\":[\"https:\/\/www.facebook.com\/FiscaliaCol\",\"https:\/\/x.com\/FiscaliaCol\",\"https:\/\/www.instagram.com\/fiscaliacol\",\"https:\/\/www.linkedin.com\/company\/fiscalia-general-de-la-naci-n\/\",\"https:\/\/youtube.com\/@fiscaliageneraldelanacion-4668?si=6nN79nyQICPU5iTh\"]},{\"@type\":\"Person\",\"@id\":\"https:\/\/www.fiscalia.gov.co\/colombia\/#\/schema\/person\/06aa2210fe4d79203f428ff671dee360\",\"name\":\"Ana Mar\u00eda Gomez\",\"image\":{\"@type\":\"ImageObject\",\"inLanguage\":\"es-CO\",\"@id\":\"https:\/\/www.fiscalia.gov.co\/colombia\/#\/schema\/person\/image\/\",\"url\":\"https:\/\/secure.gravatar.com\/avatar\/a38115d98a7f8a96cbb96af2b2c37a0b?s=96&d=mm&r=g\",\"contentUrl\":\"https:\/\/secure.gravatar.com\/avatar\/a38115d98a7f8a96cbb96af2b2c37a0b?s=96&d=mm&r=g\",\"caption\":\"Ana Mar\u00eda Gomez\"},\"url\":\"https:\/\/www.fiscalia.gov.co\/colombia\/author\/agomez\/\"}]}<\/script>\n<!-- \/ Yoast SEO plugin. -->","yoast_head_json":{"title":"Fiscal\u00eda General de la Naci\u00f3n","description":"P\u00e1gina oficial de la Fiscal\u00eda General de la Naci\u00f3n \u2013 Colombia. Garantizamos el acceso efectivo a la justicia, la verdad y la reparaci\u00f3n de las v\u00edctimas de los delitos.","robots":{"index":"noindex","follow":"follow"},"og_locale":"es_ES","og_type":"article","og_title":"Fiscal\u00eda General de la Naci\u00f3n","og_description":"P\u00e1gina oficial de la Fiscal\u00eda General de la Naci\u00f3n \u2013 Colombia. Garantizamos el acceso efectivo a la justicia, la verdad y la reparaci\u00f3n de las v\u00edctimas de los delitos.","og_url":"https:\/\/www.fiscalia.gov.co\/colombia\/seguridad-territorial\/asegurado-patrullero-presuntamente-involucrado-en-la-muerte-de-un-ciudadano-en-medio-de-las-protestas-del-9-de-septiembre-en-una-estacion-de-policia-de-soacha-cundinamarca\/","og_site_name":"Fiscal\u00eda General de la Naci\u00f3n","article_publisher":"https:\/\/www.facebook.com\/FiscaliaCol","article_published_time":"2021-01-21T21:12:22+00:00","article_modified_time":"2021-01-25T20:37:28+00:00","og_image":[{"url":"https:\/\/www.fiscalia.gov.co\/colombia\/wp-content\/uploads\/Foto-1-Policia-caso-ciudadano.jpeg","type":"","width":"","height":""}],"author":"Ana Mar\u00eda Gomez","twitter_card":"summary_large_image","twitter_creator":"@FiscaliaCol","twitter_site":"@FiscaliaCol","twitter_misc":{"Escrito por":"Ana Mar\u00eda Gomez","Tiempo de lectura":"2 minutos"},"schema":{"@context":"https:\/\/schema.org","@graph":[{"@type":"Article","@id":"https:\/\/www.fiscalia.gov.co\/colombia\/seguridad-territorial\/asegurado-patrullero-presuntamente-involucrado-en-la-muerte-de-un-ciudadano-en-medio-de-las-protestas-del-9-de-septiembre-en-una-estacion-de-policia-de-soacha-cundinamarca\/#article","isPartOf":{"@id":"https:\/\/www.fiscalia.gov.co\/colombia\/seguridad-territorial\/asegurado-patrullero-presuntamente-involucrado-en-la-muerte-de-un-ciudadano-en-medio-de-las-protestas-del-9-de-septiembre-en-una-estacion-de-policia-de-soacha-cundinamarca\/"},"author":{"name":"Ana Mar\u00eda Gomez","@id":"https:\/\/www.fiscalia.gov.co\/colombia\/#\/schema\/person\/06aa2210fe4d79203f428ff671dee360"},"headline":"Asegurado patrullero presuntamente involucrado en la muerte de un ciudadano en medio de las protestas del 9 de septiembre en una estaci\u00f3n de polic\u00eda de Soacha (Cundinamarca)","datePublished":"2021-01-21T21:12:22+00:00","dateModified":"2021-01-25T20:37:28+00:00","mainEntityOfPage":{"@id":"https:\/\/www.fiscalia.gov.co\/colombia\/seguridad-territorial\/asegurado-patrullero-presuntamente-involucrado-en-la-muerte-de-un-ciudadano-en-medio-de-las-protestas-del-9-de-septiembre-en-una-estacion-de-policia-de-soacha-cundinamarca\/"},"wordCount":398,"publisher":{"@id":"https:\/\/www.fiscalia.gov.co\/colombia\/#organization"},"image":{"@id":"https:\/\/www.fiscalia.gov.co\/colombia\/seguridad-territorial\/asegurado-patrullero-presuntamente-involucrado-en-la-muerte-de-un-ciudadano-en-medio-de-las-protestas-del-9-de-septiembre-en-una-estacion-de-policia-de-soacha-cundinamarca\/#primaryimage"},"thumbnailUrl":"https:\/\/www.fiscalia.gov.co\/colombia\/wp-content\/uploads\/Foto-1-Policia-caso-ciudadano.jpeg","keywords":["disturbios 9 septiembre","estaci\u00f3n de Polic\u00eda Ciudad Verde","Fiscal General Francisco Barbosa","Fiscal\u00eda Colombia","Homicidio","patrullero de Polic\u00eda","Seguridad ciudadana","Soacha"],"articleSection":["Seccional Cundinamarca","Seccionales","Seguridad territorial"],"inLanguage":"es-CO"},{"@type":"WebPage","@id":"https:\/\/www.fiscalia.gov.co\/colombia\/seguridad-territorial\/asegurado-patrullero-presuntamente-involucrado-en-la-muerte-de-un-ciudadano-en-medio-de-las-protestas-del-9-de-septiembre-en-una-estacion-de-policia-de-soacha-cundinamarca\/","url":"https:\/\/www.fiscalia.gov.co\/colombia\/seguridad-territorial\/asegurado-patrullero-presuntamente-involucrado-en-la-muerte-de-un-ciudadano-en-medio-de-las-protestas-del-9-de-septiembre-en-una-estacion-de-policia-de-soacha-cundinamarca\/","name":"Fiscal\u00eda General de la Naci\u00f3n","isPartOf":{"@id":"https:\/\/www.fiscalia.gov.co\/colombia\/#website"},"primaryImageOfPage":{"@id":"https:\/\/www.fiscalia.gov.co\/colombia\/seguridad-territorial\/asegurado-patrullero-presuntamente-involucrado-en-la-muerte-de-un-ciudadano-en-medio-de-las-protestas-del-9-de-septiembre-en-una-estacion-de-policia-de-soacha-cundinamarca\/#primaryimage"},"image":{"@id":"https:\/\/www.fiscalia.gov.co\/colombia\/seguridad-territorial\/asegurado-patrullero-presuntamente-involucrado-en-la-muerte-de-un-ciudadano-en-medio-de-las-protestas-del-9-de-septiembre-en-una-estacion-de-policia-de-soacha-cundinamarca\/#primaryimage"},"thumbnailUrl":"https:\/\/www.fiscalia.gov.co\/colombia\/wp-content\/uploads\/Foto-1-Policia-caso-ciudadano.jpeg","datePublished":"2021-01-21T21:12:22+00:00","dateModified":"2021-01-25T20:37:28+00:00","description":"P\u00e1gina oficial de la Fiscal\u00eda General de la Naci\u00f3n \u2013 Colombia. Garantizamos el acceso efectivo a la justicia, la verdad y la reparaci\u00f3n de las v\u00edctimas de los delitos.","breadcrumb":{"@id":"https:\/\/www.fiscalia.gov.co\/colombia\/seguridad-territorial\/asegurado-patrullero-presuntamente-involucrado-en-la-muerte-de-un-ciudadano-en-medio-de-las-protestas-del-9-de-septiembre-en-una-estacion-de-policia-de-soacha-cundinamarca\/#breadcrumb"},"inLanguage":"es-CO","potentialAction":[{"@type":"ReadAction","target":["https:\/\/www.fiscalia.gov.co\/colombia\/seguridad-territorial\/asegurado-patrullero-presuntamente-involucrado-en-la-muerte-de-un-ciudadano-en-medio-de-las-protestas-del-9-de-septiembre-en-una-estacion-de-policia-de-soacha-cundinamarca\/"]}]},{"@type":"ImageObject","inLanguage":"es-CO","@id":"https:\/\/www.fiscalia.gov.co\/colombia\/seguridad-territorial\/asegurado-patrullero-presuntamente-involucrado-en-la-muerte-de-un-ciudadano-en-medio-de-las-protestas-del-9-de-septiembre-en-una-estacion-de-policia-de-soacha-cundinamarca\/#primaryimage","url":"https:\/\/www.fiscalia.gov.co\/colombia\/wp-content\/uploads\/Foto-1-Policia-caso-ciudadano.jpeg","contentUrl":"https:\/\/www.fiscalia.gov.co\/colombia\/wp-content\/uploads\/Foto-1-Policia-caso-ciudadano.jpeg","width":838,"height":534,"caption":"El patrullero \u00d3scar Alexander M\u00e1rquez Rojas habr\u00eda sido quien le dispar\u00f3 a un ciudadano y le caus\u00f3 la muerte, en los disturbios provocados el 9 de septiembre en Soacha (Cundinamarca)."},{"@type":"BreadcrumbList","@id":"https:\/\/www.fiscalia.gov.co\/colombia\/seguridad-territorial\/asegurado-patrullero-presuntamente-involucrado-en-la-muerte-de-un-ciudadano-en-medio-de-las-protestas-del-9-de-septiembre-en-una-estacion-de-policia-de-soacha-cundinamarca\/#breadcrumb","itemListElement":[{"@type":"ListItem","position":1,"name":"Home","item":"https:\/\/www.fiscalia.gov.co\/colombia\/"},{"@type":"ListItem","position":2,"name":"Asegurado patrullero presuntamente involucrado en la muerte de un ciudadano en medio de las protestas del 9 de septiembre en una estaci\u00f3n de polic\u00eda de Soacha (Cundinamarca)"}]},{"@type":"WebSite","@id":"https:\/\/www.fiscalia.gov.co\/colombia\/#website","url":"https:\/\/www.fiscalia.gov.co\/colombia\/","name":"Fiscal\u00eda General de la Naci\u00f3n","description":"P\u00e1gina oficial de la Fiscal\u00eda General de la Naci\u00f3n \u2013 Colombia. Garantizamos el acceso efectivo a la justicia, la verdad y la reparaci\u00f3n de las v\u00edctimas de los delitos.","publisher":{"@id":"https:\/\/www.fiscalia.gov.co\/colombia\/#organization"},"potentialAction":[{"@type":"SearchAction","target":{"@type":"EntryPoint","urlTemplate":"https:\/\/www.fiscalia.gov.co\/colombia\/?s={search_term_string}"},"query-input":{"@type":"PropertyValueSpecification","valueRequired":true,"valueName":"search_term_string"}}],"inLanguage":"es-CO"},{"@type":"Organization","@id":"https:\/\/www.fiscalia.gov.co\/colombia\/#organization","name":"Fiscal\u00eda General de la Naci\u00f3n","url":"https:\/\/www.fiscalia.gov.co\/colombia\/","logo":{"@type":"ImageObject","inLanguage":"es-CO","@id":"https:\/\/www.fiscalia.gov.co\/colombia\/#\/schema\/logo\/image\/","url":"https:\/\/www.fiscalia.gov.co\/colombia\/wp-content\/uploads\/LogoHorizontal_1.jpg","contentUrl":"https:\/\/www.fiscalia.gov.co\/colombia\/wp-content\/uploads\/LogoHorizontal_1.jpg","width":300,"height":90,"caption":"Fiscal\u00eda General de la Naci\u00f3n"},"image":{"@id":"https:\/\/www.fiscalia.gov.co\/colombia\/#\/schema\/logo\/image\/"},"sameAs":["https:\/\/www.facebook.com\/FiscaliaCol","https:\/\/x.com\/FiscaliaCol","https:\/\/www.instagram.com\/fiscaliacol","https:\/\/www.linkedin.com\/company\/fiscalia-general-de-la-naci-n\/","https:\/\/youtube.com\/@fiscaliageneraldelanacion-4668?si=6nN79nyQICPU5iTh"]},{"@type":"Person","@id":"https:\/\/www.fiscalia.gov.co\/colombia\/#\/schema\/person\/06aa2210fe4d79203f428ff671dee360","name":"Ana Mar\u00eda Gomez","image":{"@type":"ImageObject","inLanguage":"es-CO","@id":"https:\/\/www.fiscalia.gov.co\/colombia\/#\/schema\/person\/image\/","url":"https:\/\/secure.gravatar.com\/avatar\/a38115d98a7f8a96cbb96af2b2c37a0b?s=96&d=mm&r=g","contentUrl":"https:\/\/secure.gravatar.com\/avatar\/a38115d98a7f8a96cbb96af2b2c37a0b?s=96&d=mm&r=g","caption":"Ana Mar\u00eda Gomez"},"url":"https:\/\/www.fiscalia.gov.co\/colombia\/author\/agomez\/"}]}},"_links":{"self":[{"href":"https:\/\/www.fiscalia.gov.co\/colombia\/wp-json\/wp\/v2\/posts\/211214","targetHints":{"allow":["GET"]}}],"collection":[{"href":"https:\/\/www.fiscalia.gov.co\/colombia\/wp-json\/wp\/v2\/posts"}],"about":[{"href":"https:\/\/www.fiscalia.gov.co\/colombia\/wp-json\/wp\/v2\/types\/post"}],"author":[{"embeddable":true,"href":"https:\/\/www.fiscalia.gov.co\/colombia\/wp-json\/wp\/v2\/users\/171"}],"replies":[{"embeddable":true,"href":"https:\/\/www.fiscalia.gov.co\/colombia\/wp-json\/wp\/v2\/comments?post=211214"}],"version-history":[{"count":2,"href":"https:\/\/www.fiscalia.gov.co\/colombia\/wp-json\/wp\/v2\/posts\/211214\/revisions"}],"predecessor-version":[{"id":211228,"href":"https:\/\/www.fiscalia.gov.co\/colombia\/wp-json\/wp\/v2\/posts\/211214\/revisions\/211228"}],"wp:attachment":[{"href":"https:\/\/www.fiscalia.gov.co\/colombia\/wp-json\/wp\/v2\/media?parent=211214"}],"wp:term":[{"taxonomy":"category","embeddable":true,"href":"https:\/\/www.fiscalia.gov.co\/colombia\/wp-json\/wp\/v2\/categories?post=211214"},{"taxonomy":"post_tag","embeddable":true,"href":"https:\/\/www.fiscalia.gov.co\/colombia\/wp-json\/wp\/v2\/tags?post=211214"}],"curies":[{"name":"wp","href":"https:\/\/api.w.org\/{rel}","templated":true}]}}