{"id":211154,"date":"2021-01-20T17:14:30","date_gmt":"2021-01-20T22:14:30","guid":{"rendered":"https:\/\/www.fiscalia.gov.co\/colombia\/?p=211154"},"modified":"2021-01-25T15:33:28","modified_gmt":"2021-01-25T20:33:28","slug":"a-prision-los-cuatro-hombres-que-estarian-implicados-en-el-ataque-con-granada-ocurrido-en-barranquilla-y-que-dejo-14-heridos","status":"publish","type":"post","link":"https:\/\/www.fiscalia.gov.co\/colombia\/seccionales\/seccional-barranquilla\/a-prision-los-cuatro-hombres-que-estarian-implicados-en-el-ataque-con-granada-ocurrido-en-barranquilla-y-que-dejo-14-heridos\/","title":{"rendered":"A prisi\u00f3n los cuatro hombres que estar\u00edan implicados en el ataque con granada ocurrido en Barranquilla y que dej\u00f3 14 heridos"},"content":{"rendered":"<h4><em>&#8211;<strong>La priorizaci\u00f3n dada por el Fiscal General a esta investigaci\u00f3n permiti\u00f3 que en 12 horas fueran capturados los presuntos\u00a0<\/strong><\/em><strong><em>autores materiales y determinadores de esta acci\u00f3n criminal. Todos fueron enviados a prisi\u00f3n.\u00a0<\/em><\/strong><\/h4>\n<p>La contundencia del material probatorio y la evidencia f\u00edsica recopilada por la Fiscal\u00eda durante la investigaci\u00f3n adelantada por el <a href=\"https:\/\/www.fiscalia.gov.co\/colombia\/fiscal-general-de-la-nacion\/caen-presuntos-responsables-de-ataque-con-granada-que-dejo-14-heridos-en-el-centro-de-barranquilla\/\"><strong>atentado con granada<\/strong><\/a> del pasado 12 de enero en <strong>Barranquilla (Atl\u00e1ntico)<\/strong>, permiti\u00f3 que un juez de control de garant\u00edas de esa ciudad cobijara con medida de aseguramiento en la C\u00e1rcel Nacional Modelo de Barranquilla a los cuatro presuntos implicados en el hecho, que dej\u00f3 14 personas heridas.<\/p>\n<p>Labores de polic\u00eda judicial como interceptaciones de comunicaciones y videos de c\u00e1maras de seguridad fueron pieza clave para respaldar los argumentos de la Fiscal\u00eda en desarrollo de la investigaci\u00f3n que fue priorizada por el <strong>Fiscal General de la Naci\u00f3n, Francisco Barbosa Delgado<\/strong>.<\/p>\n<p>Desde el mismo momento en que se conocieron los hechos design\u00f3 un grupo especial de investigadores del CTI que, en coordinaci\u00f3n con la Polic\u00eda Nacional logr\u00f3, en tan solo 12 horas, la captura de <strong>Cristian Corredor Sierra, alias Cristian; Jos\u00e9 Gregorio Serrano Machado, alias Caracas; Erick Jos\u00e9 Morales L\u00f3pez, alias el Peluquero; y Antoni Polanco Castillo, alias Antoni<\/strong>, quienes supuestamente hac\u00edan parte de la estructura delincuencial Los Coste\u00f1os.<\/p>\n<p>En dos diligencias de registro y allanamiento realizadas en el <strong>barrio San Roque de la capital de Atl\u00e1ntico<\/strong> se materializaron <a href=\"outlook-data-detector:\/\/4\">las cuatro<\/a> <a href=\"https:\/\/www.fiscalia.gov.co\/colombia\/seccionales\/seccional-barranquilla\/legalizadas-capturas-de-cuatro-presuntos-implicados-en-ataque-con-granada-en-el-centro-de-barranquilla\/\"><strong>aprehensiones<\/strong><\/a> y se incautaron\u00a03 tel\u00e9fonos celulares, as\u00ed como 2 armas de fuego; tambi\u00e9n se inmoviliz\u00f3 una motocicleta, y fueron encontrados 4 panfletos intimidatorios.<\/p>\n<p>Un fiscal de la <strong>Seccional Atl\u00e1ntico<\/strong> imput\u00f3 <a href=\"outlook-data-detector:\/\/5\">este martes<\/a> a los implicados, seg\u00fan sus responsabilidades individuales, como presuntos responsables de los delitos de concierto para delinquir con fines de homicidio; terrorismo; fabricaci\u00f3n, tr\u00e1fico y porte de armas de fuego, municiones de uso restringido, de uso privativo de las Fuerzas Armadas o explosivos; extorsi\u00f3n y homicidio en grado de tentativa en concurso homog\u00e9neo. <strong>Ninguno de los implicados acept\u00f3 su responsabilidad en los hechos<\/strong>.<\/p>\n<p>De esta forma, se reafirma el compromiso del ente investigador para actuar con celeridad y de manera integral para esclarecer las conductas que afectan la tranquilidad y la seguridad ciudadana, tal como lo determina el <strong>Direccionamiento Estrat\u00e9gico 2020 \u2013 2024 trazado por el Fiscal General de la Naci\u00f3n, Francisco Barbosa Delgado<\/strong>.<\/p>\n<p><strong>Los implicados<\/strong><\/p>\n<p><strong>Cristian Corredor Sierra<\/strong>. En el lugar donde se produjo su captura (primer allanamiento) fue encontrada una pistola Prieto Beretta calibre 9 mm, panfletos extorsivos y 45 cartuchos. <strong>Jos\u00e9 Gregorio Serrano Machado<\/strong>, alias Caracas, ser\u00eda quien condujo la moto en la que se transportaron los responsables del ataque. <strong>Erick Jos\u00e9 Morales L\u00f3pez<\/strong>, alias el Peluquero, al parecer, fue quien lanz\u00f3 el artefacto explosivo. <strong>Antoni Polanco Castillo<\/strong>, alias Antoni. Estos tres \u00faltimos hombres fueron capturados en el segundo allanamiento.<\/p>\n<p>Al d\u00eda siguiente del atentado la Fiscal\u00eda orden\u00f3 allanar las celdas de tres internos de la <strong>c\u00e1rcel Tramac\u00faa<\/strong> de Valledupar (Cesar) donde fueron encontrados tres celulares, uno de los cuales habr\u00eda sido el que se us\u00f3 para planear el atentado. En dicho establecimiento se encontraban recluidos alias Cachete o El Viejo; y alias Tommy Masacre y JJ, se\u00f1alados cabecillas de \u2018Los Coste\u00f1os\u2019, y supuestos determinadores del hecho investigado.<\/p>\n<p>La Fiscal\u00eda publica esta informaci\u00f3n por razones de inter\u00e9s general.<\/p>\n<p>MAGA\/DLBM\/RR\/VI\/MCRC\/<\/p>\n<p><i><span lang=\"ES\">La informaci\u00f3n contenida en este bolet\u00edn de prensa corresponde a la narraci\u00f3n de los hechos noticiosos objetivos, suministrados por los funcionarios encargados de adelantar las investigaciones penales al interior de la Fiscal\u00eda General de la Naci\u00f3n. Para el momento de la divulgaci\u00f3n de este comunicado, la situaci\u00f3n jur\u00eddica de la(s) persona(s) relacionada(s) se encuentra pendiente de resolver por la autoridad judicial competente, siempre bajo los preceptos de la presunci\u00f3n de inocencia, consagrados en el art\u00edculo 29 de la Constituci\u00f3n Pol\u00edtica y el art\u00edculo 7\u00ba de la Ley 906 de 2004.\u00a0<\/span><\/i><span lang=\"ES\">\u00a0<\/span><\/p>\n\n<div class=\"twitter-share\"><a href=\"https:\/\/twitter.com\/intent\/tweet?via=fiscaliacol\" class=\"twitter-share-button\">Tweet<\/a><\/div>\n","protected":false},"excerpt":{"rendered":"<p>&#8211;La priorizaci\u00f3n dada por el Fiscal General a esta investigaci\u00f3n permiti\u00f3 que en 12 horas fueran capturados los presuntos\u00a0autores materiales y determinadores de esta acci\u00f3n criminal. Todos fueron enviados a [&hellip;]<\/p>\n","protected":false},"author":171,"featured_media":0,"comment_status":"closed","ping_status":"open","sticky":false,"template":"","format":"video","meta":{"tdm_status":"","tdm_grid_status":"","footnotes":""},"categories":[320,303,24113],"tags":[25350,23829,24616,551],"class_list":["post-211154","post","type-post","status-publish","format-video","category-seccional-barranquilla","category-seccionales","category-terrorismo","tag-atentado-con-granada","tag-barranquilla","tag-fiscal-general-francisco-barbosa-delgado-seguridad-ciudadana","tag-fiscalia-general","post_format-post-format-video"],"yoast_head":"<!-- This site is optimized with the Yoast SEO plugin v24.3 - https:\/\/yoast.com\/wordpress\/plugins\/seo\/ -->\n<title>Fiscal\u00eda General de la Naci\u00f3n<\/title>\n<meta name=\"description\" content=\"P\u00e1gina oficial de la Fiscal\u00eda General de la Naci\u00f3n \u2013 Colombia. Garantizamos el acceso efectivo a la justicia, la verdad y la reparaci\u00f3n de las v\u00edctimas de los delitos.\" \/>\n<meta name=\"robots\" content=\"noindex, follow\" \/>\n<meta property=\"og:locale\" content=\"es_ES\" \/>\n<meta property=\"og:type\" content=\"article\" \/>\n<meta property=\"og:title\" content=\"Fiscal\u00eda General de la Naci\u00f3n\" \/>\n<meta property=\"og:description\" content=\"P\u00e1gina oficial de la Fiscal\u00eda General de la Naci\u00f3n \u2013 Colombia. Garantizamos el acceso efectivo a la justicia, la verdad y la reparaci\u00f3n de las v\u00edctimas de los delitos.\" \/>\n<meta property=\"og:url\" content=\"https:\/\/www.fiscalia.gov.co\/colombia\/seccionales\/seccional-barranquilla\/a-prision-los-cuatro-hombres-que-estarian-implicados-en-el-ataque-con-granada-ocurrido-en-barranquilla-y-que-dejo-14-heridos\/\" \/>\n<meta property=\"og:site_name\" content=\"Fiscal\u00eda General de la Naci\u00f3n\" \/>\n<meta property=\"article:publisher\" content=\"https:\/\/www.facebook.com\/FiscaliaCol\" \/>\n<meta property=\"article:published_time\" content=\"2021-01-20T22:14:30+00:00\" \/>\n<meta property=\"article:modified_time\" content=\"2021-01-25T20:33:28+00:00\" \/>\n<meta name=\"author\" content=\"Ana Mar\u00eda Gomez\" \/>\n<meta name=\"twitter:card\" content=\"summary_large_image\" \/>\n<meta name=\"twitter:creator\" content=\"@FiscaliaCol\" \/>\n<meta name=\"twitter:site\" content=\"@FiscaliaCol\" \/>\n<meta name=\"twitter:label1\" content=\"Escrito por\" \/>\n\t<meta name=\"twitter:data1\" content=\"Ana Mar\u00eda Gomez\" \/>\n\t<meta name=\"twitter:label2\" content=\"Tiempo de lectura\" \/>\n\t<meta name=\"twitter:data2\" content=\"3 minutos\" \/>\n<script type=\"application\/ld+json\" class=\"yoast-schema-graph\">{\"@context\":\"https:\/\/schema.org\",\"@graph\":[{\"@type\":\"Article\",\"@id\":\"https:\/\/www.fiscalia.gov.co\/colombia\/seccionales\/seccional-barranquilla\/a-prision-los-cuatro-hombres-que-estarian-implicados-en-el-ataque-con-granada-ocurrido-en-barranquilla-y-que-dejo-14-heridos\/#article\",\"isPartOf\":{\"@id\":\"https:\/\/www.fiscalia.gov.co\/colombia\/seccionales\/seccional-barranquilla\/a-prision-los-cuatro-hombres-que-estarian-implicados-en-el-ataque-con-granada-ocurrido-en-barranquilla-y-que-dejo-14-heridos\/\"},\"author\":{\"name\":\"Ana Mar\u00eda Gomez\",\"@id\":\"https:\/\/www.fiscalia.gov.co\/colombia\/#\/schema\/person\/06aa2210fe4d79203f428ff671dee360\"},\"headline\":\"A prisi\u00f3n los cuatro hombres que estar\u00edan implicados en el ataque con granada ocurrido en Barranquilla y que dej\u00f3 14 heridos\",\"datePublished\":\"2021-01-20T22:14:30+00:00\",\"dateModified\":\"2021-01-25T20:33:28+00:00\",\"mainEntityOfPage\":{\"@id\":\"https:\/\/www.fiscalia.gov.co\/colombia\/seccionales\/seccional-barranquilla\/a-prision-los-cuatro-hombres-que-estarian-implicados-en-el-ataque-con-granada-ocurrido-en-barranquilla-y-que-dejo-14-heridos\/\"},\"wordCount\":694,\"publisher\":{\"@id\":\"https:\/\/www.fiscalia.gov.co\/colombia\/#organization\"},\"keywords\":[\"atentado con granada\",\"Barranquilla\",\"Fiscal General Francisco Barbosa Delgado. Seguridad ciudadana\",\"Fiscal\u00eda General\"],\"articleSection\":[\"Seccional Barranquilla\",\"Seccionales\",\"Terrorismo\"],\"inLanguage\":\"es-CO\"},{\"@type\":\"WebPage\",\"@id\":\"https:\/\/www.fiscalia.gov.co\/colombia\/seccionales\/seccional-barranquilla\/a-prision-los-cuatro-hombres-que-estarian-implicados-en-el-ataque-con-granada-ocurrido-en-barranquilla-y-que-dejo-14-heridos\/\",\"url\":\"https:\/\/www.fiscalia.gov.co\/colombia\/seccionales\/seccional-barranquilla\/a-prision-los-cuatro-hombres-que-estarian-implicados-en-el-ataque-con-granada-ocurrido-en-barranquilla-y-que-dejo-14-heridos\/\",\"name\":\"Fiscal\u00eda General de la Naci\u00f3n\",\"isPartOf\":{\"@id\":\"https:\/\/www.fiscalia.gov.co\/colombia\/#website\"},\"datePublished\":\"2021-01-20T22:14:30+00:00\",\"dateModified\":\"2021-01-25T20:33:28+00:00\",\"description\":\"P\u00e1gina oficial de la Fiscal\u00eda General de la Naci\u00f3n \u2013 Colombia. Garantizamos el acceso efectivo a la justicia, la verdad y la reparaci\u00f3n de las v\u00edctimas de los delitos.\",\"breadcrumb\":{\"@id\":\"https:\/\/www.fiscalia.gov.co\/colombia\/seccionales\/seccional-barranquilla\/a-prision-los-cuatro-hombres-que-estarian-implicados-en-el-ataque-con-granada-ocurrido-en-barranquilla-y-que-dejo-14-heridos\/#breadcrumb\"},\"inLanguage\":\"es-CO\",\"potentialAction\":[{\"@type\":\"ReadAction\",\"target\":[\"https:\/\/www.fiscalia.gov.co\/colombia\/seccionales\/seccional-barranquilla\/a-prision-los-cuatro-hombres-que-estarian-implicados-en-el-ataque-con-granada-ocurrido-en-barranquilla-y-que-dejo-14-heridos\/\"]}]},{\"@type\":\"BreadcrumbList\",\"@id\":\"https:\/\/www.fiscalia.gov.co\/colombia\/seccionales\/seccional-barranquilla\/a-prision-los-cuatro-hombres-que-estarian-implicados-en-el-ataque-con-granada-ocurrido-en-barranquilla-y-que-dejo-14-heridos\/#breadcrumb\",\"itemListElement\":[{\"@type\":\"ListItem\",\"position\":1,\"name\":\"Home\",\"item\":\"https:\/\/www.fiscalia.gov.co\/colombia\/\"},{\"@type\":\"ListItem\",\"position\":2,\"name\":\"A prisi\u00f3n los cuatro hombres que estar\u00edan implicados en el ataque con granada ocurrido en Barranquilla y que dej\u00f3 14 heridos\"}]},{\"@type\":\"WebSite\",\"@id\":\"https:\/\/www.fiscalia.gov.co\/colombia\/#website\",\"url\":\"https:\/\/www.fiscalia.gov.co\/colombia\/\",\"name\":\"Fiscal\u00eda General de la Naci\u00f3n\",\"description\":\"P\u00e1gina oficial de la Fiscal\u00eda General de la Naci\u00f3n \u2013 Colombia. Garantizamos el acceso efectivo a la justicia, la verdad y la reparaci\u00f3n de las v\u00edctimas de los delitos.\",\"publisher\":{\"@id\":\"https:\/\/www.fiscalia.gov.co\/colombia\/#organization\"},\"potentialAction\":[{\"@type\":\"SearchAction\",\"target\":{\"@type\":\"EntryPoint\",\"urlTemplate\":\"https:\/\/www.fiscalia.gov.co\/colombia\/?s={search_term_string}\"},\"query-input\":{\"@type\":\"PropertyValueSpecification\",\"valueRequired\":true,\"valueName\":\"search_term_string\"}}],\"inLanguage\":\"es-CO\"},{\"@type\":\"Organization\",\"@id\":\"https:\/\/www.fiscalia.gov.co\/colombia\/#organization\",\"name\":\"Fiscal\u00eda General de la Naci\u00f3n\",\"url\":\"https:\/\/www.fiscalia.gov.co\/colombia\/\",\"logo\":{\"@type\":\"ImageObject\",\"inLanguage\":\"es-CO\",\"@id\":\"https:\/\/www.fiscalia.gov.co\/colombia\/#\/schema\/logo\/image\/\",\"url\":\"https:\/\/www.fiscalia.gov.co\/colombia\/wp-content\/uploads\/LogoHorizontal_1.jpg\",\"contentUrl\":\"https:\/\/www.fiscalia.gov.co\/colombia\/wp-content\/uploads\/LogoHorizontal_1.jpg\",\"width\":300,\"height\":90,\"caption\":\"Fiscal\u00eda General de la Naci\u00f3n\"},\"image\":{\"@id\":\"https:\/\/www.fiscalia.gov.co\/colombia\/#\/schema\/logo\/image\/\"},\"sameAs\":[\"https:\/\/www.facebook.com\/FiscaliaCol\",\"https:\/\/x.com\/FiscaliaCol\",\"https:\/\/www.instagram.com\/fiscaliacol\",\"https:\/\/www.linkedin.com\/company\/fiscalia-general-de-la-naci-n\/\",\"https:\/\/youtube.com\/@fiscaliageneraldelanacion-4668?si=6nN79nyQICPU5iTh\"]},{\"@type\":\"Person\",\"@id\":\"https:\/\/www.fiscalia.gov.co\/colombia\/#\/schema\/person\/06aa2210fe4d79203f428ff671dee360\",\"name\":\"Ana Mar\u00eda Gomez\",\"image\":{\"@type\":\"ImageObject\",\"inLanguage\":\"es-CO\",\"@id\":\"https:\/\/www.fiscalia.gov.co\/colombia\/#\/schema\/person\/image\/\",\"url\":\"https:\/\/secure.gravatar.com\/avatar\/a38115d98a7f8a96cbb96af2b2c37a0b?s=96&d=mm&r=g\",\"contentUrl\":\"https:\/\/secure.gravatar.com\/avatar\/a38115d98a7f8a96cbb96af2b2c37a0b?s=96&d=mm&r=g\",\"caption\":\"Ana Mar\u00eda Gomez\"},\"url\":\"https:\/\/www.fiscalia.gov.co\/colombia\/author\/agomez\/\"}]}<\/script>\n<!-- \/ Yoast SEO plugin. -->","yoast_head_json":{"title":"Fiscal\u00eda General de la Naci\u00f3n","description":"P\u00e1gina oficial de la Fiscal\u00eda General de la Naci\u00f3n \u2013 Colombia. Garantizamos el acceso efectivo a la justicia, la verdad y la reparaci\u00f3n de las v\u00edctimas de los delitos.","robots":{"index":"noindex","follow":"follow"},"og_locale":"es_ES","og_type":"article","og_title":"Fiscal\u00eda General de la Naci\u00f3n","og_description":"P\u00e1gina oficial de la Fiscal\u00eda General de la Naci\u00f3n \u2013 Colombia. Garantizamos el acceso efectivo a la justicia, la verdad y la reparaci\u00f3n de las v\u00edctimas de los delitos.","og_url":"https:\/\/www.fiscalia.gov.co\/colombia\/seccionales\/seccional-barranquilla\/a-prision-los-cuatro-hombres-que-estarian-implicados-en-el-ataque-con-granada-ocurrido-en-barranquilla-y-que-dejo-14-heridos\/","og_site_name":"Fiscal\u00eda General de la Naci\u00f3n","article_publisher":"https:\/\/www.facebook.com\/FiscaliaCol","article_published_time":"2021-01-20T22:14:30+00:00","article_modified_time":"2021-01-25T20:33:28+00:00","author":"Ana Mar\u00eda Gomez","twitter_card":"summary_large_image","twitter_creator":"@FiscaliaCol","twitter_site":"@FiscaliaCol","twitter_misc":{"Escrito por":"Ana Mar\u00eda Gomez","Tiempo de lectura":"3 minutos"},"schema":{"@context":"https:\/\/schema.org","@graph":[{"@type":"Article","@id":"https:\/\/www.fiscalia.gov.co\/colombia\/seccionales\/seccional-barranquilla\/a-prision-los-cuatro-hombres-que-estarian-implicados-en-el-ataque-con-granada-ocurrido-en-barranquilla-y-que-dejo-14-heridos\/#article","isPartOf":{"@id":"https:\/\/www.fiscalia.gov.co\/colombia\/seccionales\/seccional-barranquilla\/a-prision-los-cuatro-hombres-que-estarian-implicados-en-el-ataque-con-granada-ocurrido-en-barranquilla-y-que-dejo-14-heridos\/"},"author":{"name":"Ana Mar\u00eda Gomez","@id":"https:\/\/www.fiscalia.gov.co\/colombia\/#\/schema\/person\/06aa2210fe4d79203f428ff671dee360"},"headline":"A prisi\u00f3n los cuatro hombres que estar\u00edan implicados en el ataque con granada ocurrido en Barranquilla y que dej\u00f3 14 heridos","datePublished":"2021-01-20T22:14:30+00:00","dateModified":"2021-01-25T20:33:28+00:00","mainEntityOfPage":{"@id":"https:\/\/www.fiscalia.gov.co\/colombia\/seccionales\/seccional-barranquilla\/a-prision-los-cuatro-hombres-que-estarian-implicados-en-el-ataque-con-granada-ocurrido-en-barranquilla-y-que-dejo-14-heridos\/"},"wordCount":694,"publisher":{"@id":"https:\/\/www.fiscalia.gov.co\/colombia\/#organization"},"keywords":["atentado con granada","Barranquilla","Fiscal General Francisco Barbosa Delgado. Seguridad ciudadana","Fiscal\u00eda General"],"articleSection":["Seccional Barranquilla","Seccionales","Terrorismo"],"inLanguage":"es-CO"},{"@type":"WebPage","@id":"https:\/\/www.fiscalia.gov.co\/colombia\/seccionales\/seccional-barranquilla\/a-prision-los-cuatro-hombres-que-estarian-implicados-en-el-ataque-con-granada-ocurrido-en-barranquilla-y-que-dejo-14-heridos\/","url":"https:\/\/www.fiscalia.gov.co\/colombia\/seccionales\/seccional-barranquilla\/a-prision-los-cuatro-hombres-que-estarian-implicados-en-el-ataque-con-granada-ocurrido-en-barranquilla-y-que-dejo-14-heridos\/","name":"Fiscal\u00eda General de la Naci\u00f3n","isPartOf":{"@id":"https:\/\/www.fiscalia.gov.co\/colombia\/#website"},"datePublished":"2021-01-20T22:14:30+00:00","dateModified":"2021-01-25T20:33:28+00:00","description":"P\u00e1gina oficial de la Fiscal\u00eda General de la Naci\u00f3n \u2013 Colombia. Garantizamos el acceso efectivo a la justicia, la verdad y la reparaci\u00f3n de las v\u00edctimas de los delitos.","breadcrumb":{"@id":"https:\/\/www.fiscalia.gov.co\/colombia\/seccionales\/seccional-barranquilla\/a-prision-los-cuatro-hombres-que-estarian-implicados-en-el-ataque-con-granada-ocurrido-en-barranquilla-y-que-dejo-14-heridos\/#breadcrumb"},"inLanguage":"es-CO","potentialAction":[{"@type":"ReadAction","target":["https:\/\/www.fiscalia.gov.co\/colombia\/seccionales\/seccional-barranquilla\/a-prision-los-cuatro-hombres-que-estarian-implicados-en-el-ataque-con-granada-ocurrido-en-barranquilla-y-que-dejo-14-heridos\/"]}]},{"@type":"BreadcrumbList","@id":"https:\/\/www.fiscalia.gov.co\/colombia\/seccionales\/seccional-barranquilla\/a-prision-los-cuatro-hombres-que-estarian-implicados-en-el-ataque-con-granada-ocurrido-en-barranquilla-y-que-dejo-14-heridos\/#breadcrumb","itemListElement":[{"@type":"ListItem","position":1,"name":"Home","item":"https:\/\/www.fiscalia.gov.co\/colombia\/"},{"@type":"ListItem","position":2,"name":"A prisi\u00f3n los cuatro hombres que estar\u00edan implicados en el ataque con granada ocurrido en Barranquilla y que dej\u00f3 14 heridos"}]},{"@type":"WebSite","@id":"https:\/\/www.fiscalia.gov.co\/colombia\/#website","url":"https:\/\/www.fiscalia.gov.co\/colombia\/","name":"Fiscal\u00eda General de la Naci\u00f3n","description":"P\u00e1gina oficial de la Fiscal\u00eda General de la Naci\u00f3n \u2013 Colombia. Garantizamos el acceso efectivo a la justicia, la verdad y la reparaci\u00f3n de las v\u00edctimas de los delitos.","publisher":{"@id":"https:\/\/www.fiscalia.gov.co\/colombia\/#organization"},"potentialAction":[{"@type":"SearchAction","target":{"@type":"EntryPoint","urlTemplate":"https:\/\/www.fiscalia.gov.co\/colombia\/?s={search_term_string}"},"query-input":{"@type":"PropertyValueSpecification","valueRequired":true,"valueName":"search_term_string"}}],"inLanguage":"es-CO"},{"@type":"Organization","@id":"https:\/\/www.fiscalia.gov.co\/colombia\/#organization","name":"Fiscal\u00eda General de la Naci\u00f3n","url":"https:\/\/www.fiscalia.gov.co\/colombia\/","logo":{"@type":"ImageObject","inLanguage":"es-CO","@id":"https:\/\/www.fiscalia.gov.co\/colombia\/#\/schema\/logo\/image\/","url":"https:\/\/www.fiscalia.gov.co\/colombia\/wp-content\/uploads\/LogoHorizontal_1.jpg","contentUrl":"https:\/\/www.fiscalia.gov.co\/colombia\/wp-content\/uploads\/LogoHorizontal_1.jpg","width":300,"height":90,"caption":"Fiscal\u00eda General de la Naci\u00f3n"},"image":{"@id":"https:\/\/www.fiscalia.gov.co\/colombia\/#\/schema\/logo\/image\/"},"sameAs":["https:\/\/www.facebook.com\/FiscaliaCol","https:\/\/x.com\/FiscaliaCol","https:\/\/www.instagram.com\/fiscaliacol","https:\/\/www.linkedin.com\/company\/fiscalia-general-de-la-naci-n\/","https:\/\/youtube.com\/@fiscaliageneraldelanacion-4668?si=6nN79nyQICPU5iTh"]},{"@type":"Person","@id":"https:\/\/www.fiscalia.gov.co\/colombia\/#\/schema\/person\/06aa2210fe4d79203f428ff671dee360","name":"Ana Mar\u00eda Gomez","image":{"@type":"ImageObject","inLanguage":"es-CO","@id":"https:\/\/www.fiscalia.gov.co\/colombia\/#\/schema\/person\/image\/","url":"https:\/\/secure.gravatar.com\/avatar\/a38115d98a7f8a96cbb96af2b2c37a0b?s=96&d=mm&r=g","contentUrl":"https:\/\/secure.gravatar.com\/avatar\/a38115d98a7f8a96cbb96af2b2c37a0b?s=96&d=mm&r=g","caption":"Ana Mar\u00eda Gomez"},"url":"https:\/\/www.fiscalia.gov.co\/colombia\/author\/agomez\/"}]}},"_links":{"self":[{"href":"https:\/\/www.fiscalia.gov.co\/colombia\/wp-json\/wp\/v2\/posts\/211154","targetHints":{"allow":["GET"]}}],"collection":[{"href":"https:\/\/www.fiscalia.gov.co\/colombia\/wp-json\/wp\/v2\/posts"}],"about":[{"href":"https:\/\/www.fiscalia.gov.co\/colombia\/wp-json\/wp\/v2\/types\/post"}],"author":[{"embeddable":true,"href":"https:\/\/www.fiscalia.gov.co\/colombia\/wp-json\/wp\/v2\/users\/171"}],"replies":[{"embeddable":true,"href":"https:\/\/www.fiscalia.gov.co\/colombia\/wp-json\/wp\/v2\/comments?post=211154"}],"version-history":[{"count":1,"href":"https:\/\/www.fiscalia.gov.co\/colombia\/wp-json\/wp\/v2\/posts\/211154\/revisions"}],"predecessor-version":[{"id":211155,"href":"https:\/\/www.fiscalia.gov.co\/colombia\/wp-json\/wp\/v2\/posts\/211154\/revisions\/211155"}],"wp:attachment":[{"href":"https:\/\/www.fiscalia.gov.co\/colombia\/wp-json\/wp\/v2\/media?parent=211154"}],"wp:term":[{"taxonomy":"category","embeddable":true,"href":"https:\/\/www.fiscalia.gov.co\/colombia\/wp-json\/wp\/v2\/categories?post=211154"},{"taxonomy":"post_tag","embeddable":true,"href":"https:\/\/www.fiscalia.gov.co\/colombia\/wp-json\/wp\/v2\/tags?post=211154"}],"curies":[{"name":"wp","href":"https:\/\/api.w.org\/{rel}","templated":true}]}}