{"id":210977,"date":"2021-01-18T16:51:41","date_gmt":"2021-01-18T21:51:41","guid":{"rendered":"https:\/\/www.fiscalia.gov.co\/colombia\/?p=210977"},"modified":"2021-01-18T16:51:41","modified_gmt":"2021-01-18T21:51:41","slug":"asegurados-cinco-presuntos-integrantes-de-la-banda-delincuencial-tazmania-senalados-como-posibles-autores-de-la-tortura-y-homicidio-de-una-menor-de-15-anos-en-bogota","status":"publish","type":"post","link":"https:\/\/www.fiscalia.gov.co\/colombia\/seccionales\/asegurados-cinco-presuntos-integrantes-de-la-banda-delincuencial-tazmania-senalados-como-posibles-autores-de-la-tortura-y-homicidio-de-una-menor-de-15-anos-en-bogota\/","title":{"rendered":"Asegurados cinco presuntos integrantes de la banda delincuencial Tazmania, se\u00f1alados como posibles autores de la tortura y homicidio de una menor de 15 a\u00f1os en Bogot\u00e1"},"content":{"rendered":"<p>Un fiscal de la\u00a0<strong>Unidad de Vida de la Direcci\u00f3n Seccional de Bogot\u00e1<\/strong>\u00a0obtuvo medida de aseguramiento en establecimiento carcelario en contra de 5 personas que al parecer conformaban el grupo delincuencia Tazmania, por los delitos de <strong>homicidio agravado, tortura agravada, concierto para delinquir, hurto calificado y agravado y tr\u00e1fico, fabricaci\u00f3n o porte de estupefacientes.<\/strong><\/p>\n<p>A los supuestos integrantes de la banda, hoy procesados, se les atribuye su presunta responsabilidad en el homicidio y tortura de una menor de edad 15 a\u00f1os, ocurrido el pasado 30 de noviembre\u00a0en el barrio San Bernardo, zona c\u00e9ntrica de Bogot\u00e1.<\/p>\n<p>La investigaci\u00f3n desarrollada permiti\u00f3 evidenciar que alias Pirry, presunto cabecilla de la banda ser\u00eda quien al parecer orden\u00f3 que hurtaran y golpearan a la adolescente. La tortura de la que fue v\u00edctima, as\u00ed como las lesiones con arma blanca que le provocaron, causaron la muerte de la menor.<\/p>\n<p>Con los elementos de prueba recaudados bajo la estrategia investigativa que cumple los lineamientos del\u00a0<strong>Fiscal General de la Naci\u00f3n, Francisco Barbosa Delgado<\/strong>, la Seccional Bogot\u00e1 con apoyo de la Polic\u00eda Metropolitana de Bogot\u00e1, Sij\u00edn, logr\u00f3 mediante orden judicial las capturas de\u00a0Jos\u00e9 Francisco Daza Alarc\u00f3n, alias Chepe; Wilmar Andr\u00e9s Daza Alarc\u00f3n, alias Andr\u00e9s,\u00a0Juan Carlos Mendivelso Ib\u00e1\u00f1ez, alias Juan Carlos. Adem\u00e1s, se capturaron en flagrancia a Edinson Cervera Guarnizo; alias Pirry; Jakeline Cala Nieves, alias Jakeline; y Lady Johana Guzm\u00e1n, quien es compa\u00f1era sentimental del cabecilla de \u2018Tazmania\u2019.<\/p>\n<p>En audiencias concentradas, realizada ante el Juzgado 52 Penal Municipal de Bogot\u00e1, todos los investigados, excepto <strong>alias Pirry, admitieron su responsabilidad en los delitos imputados.<\/strong><\/p>\n<p>Cabe anotar que Lady Johanna Guzm\u00e1n fue judicializada solo por el delito de\u00a0<strong>tr\u00e1fico, fabricaci\u00f3n o porte de estupefacientes<\/strong>, al cual se allan\u00f3. Aunque qued\u00f3 en libertad, contin\u00faa vinculada a la investigaci\u00f3n.<\/p>\n<p>LMFO\/EFCS\/ DLBM\/MARC.<\/p>\n<p><em>La informaci\u00f3n contenida en este bolet\u00edn de prensa corresponde a la narraci\u00f3n de los hechos noticiosos objetivos, suministrados por los funcionarios encargados de adelantar las investigaciones penales al interior de la Fiscal\u00eda General de la Naci\u00f3n. Para el momento de la divulgaci\u00f3n de este comunicado, la situaci\u00f3n jur\u00eddica de la(s) persona(s) relacionada(s) se encuentra pendiente de resolver por la autoridad judicial competente, siempre bajo los preceptos de la presunci\u00f3n de inocencia, consagrados en el art\u00edculo 29 de la Constituci\u00f3n Pol\u00edtica y el art\u00edculo 7\u00ba de la Ley 906 de 2004.<\/em><\/p>\n\n<div class=\"twitter-share\"><a href=\"https:\/\/twitter.com\/intent\/tweet?via=fiscaliacol\" class=\"twitter-share-button\">Tweet<\/a><\/div>\n","protected":false},"excerpt":{"rendered":"<p>Un fiscal de la\u00a0Unidad de Vida de la Direcci\u00f3n Seccional de Bogot\u00e1\u00a0obtuvo medida de aseguramiento en establecimiento carcelario en contra de 5 personas que al parecer conformaban el grupo delincuencia Tazmania, por los delitos de homicidio agravado, tortura agravada, concierto para delinquir, hurto calificado y agravado y tr\u00e1fico, fabricaci\u00f3n o porte de estupefacientes. A los [&hellip;]<\/p>\n","protected":false},"author":171,"featured_media":0,"comment_status":"closed","ping_status":"open","sticky":false,"template":"","format":"standard","meta":{"_price":"","_stock":"","_tribe_ticket_header":"","_tribe_default_ticket_provider":"","_tribe_ticket_capacity":"0","_ticket_start_date":"","_ticket_end_date":"","_tribe_ticket_show_description":"","_tribe_ticket_show_not_going":false,"_tribe_ticket_use_global_stock":"","_tribe_ticket_global_stock_level":"","_global_stock_mode":"","_global_stock_cap":"","_tribe_rsvp_for_event":"","_tribe_ticket_going_count":"","_tribe_ticket_not_going_count":"","_tribe_tickets_list":"[]","_tribe_ticket_has_attendee_info_fields":false,"tdm_status":"","tdm_grid_status":"","footnotes":""},"categories":[321,303,24099],"tags":[25278,25277,23821,4345,24185,4614,864],"class_list":{"0":"post-210977","1":"post","2":"type-post","3":"status-publish","4":"format-standard","6":"category-seccional-bogota","7":"category-seccionales","8":"category-seguridad-territorial","9":"tag-15-anos","10":"tag-banda-tazmania","11":"tag-bogota","12":"tag-delitos","13":"tag-fiscal-barbosa","14":"tag-fiscalia-2","15":"tag-menor"},"yoast_head":"<!-- This site is optimized with the Yoast SEO plugin v24.3 - https:\/\/yoast.com\/wordpress\/plugins\/seo\/ -->\n<title>Fiscal\u00eda General de la Naci\u00f3n<\/title>\n<meta name=\"description\" content=\"P\u00e1gina oficial de la Fiscal\u00eda General de la Naci\u00f3n \u2013 Colombia. Garantizamos el acceso efectivo a la justicia, la verdad y la reparaci\u00f3n de las v\u00edctimas de los delitos.\" \/>\n<meta name=\"robots\" content=\"noindex, follow\" \/>\n<meta property=\"og:locale\" content=\"es_ES\" \/>\n<meta property=\"og:type\" content=\"article\" \/>\n<meta property=\"og:title\" content=\"Fiscal\u00eda General de la Naci\u00f3n\" \/>\n<meta property=\"og:description\" content=\"P\u00e1gina oficial de la Fiscal\u00eda General de la Naci\u00f3n \u2013 Colombia. Garantizamos el acceso efectivo a la justicia, la verdad y la reparaci\u00f3n de las v\u00edctimas de los delitos.\" \/>\n<meta property=\"og:url\" content=\"https:\/\/www.fiscalia.gov.co\/colombia\/seccionales\/asegurados-cinco-presuntos-integrantes-de-la-banda-delincuencial-tazmania-senalados-como-posibles-autores-de-la-tortura-y-homicidio-de-una-menor-de-15-anos-en-bogota\/\" \/>\n<meta property=\"og:site_name\" content=\"Fiscal\u00eda General de la Naci\u00f3n\" \/>\n<meta property=\"article:publisher\" content=\"https:\/\/www.facebook.com\/FiscaliaCol\" \/>\n<meta property=\"article:published_time\" content=\"2021-01-18T21:51:41+00:00\" \/>\n<meta name=\"author\" content=\"Ana Mar\u00eda Gomez\" \/>\n<meta name=\"twitter:card\" content=\"summary_large_image\" \/>\n<meta name=\"twitter:creator\" content=\"@FiscaliaCol\" \/>\n<meta name=\"twitter:site\" content=\"@FiscaliaCol\" \/>\n<meta name=\"twitter:label1\" content=\"Escrito por\" \/>\n\t<meta name=\"twitter:data1\" content=\"Ana Mar\u00eda Gomez\" \/>\n\t<meta name=\"twitter:label2\" content=\"Tiempo de lectura\" \/>\n\t<meta name=\"twitter:data2\" content=\"2 minutos\" \/>\n<script type=\"application\/ld+json\" class=\"yoast-schema-graph\">{\"@context\":\"https:\/\/schema.org\",\"@graph\":[{\"@type\":\"Article\",\"@id\":\"https:\/\/www.fiscalia.gov.co\/colombia\/seccionales\/asegurados-cinco-presuntos-integrantes-de-la-banda-delincuencial-tazmania-senalados-como-posibles-autores-de-la-tortura-y-homicidio-de-una-menor-de-15-anos-en-bogota\/#article\",\"isPartOf\":{\"@id\":\"https:\/\/www.fiscalia.gov.co\/colombia\/seccionales\/asegurados-cinco-presuntos-integrantes-de-la-banda-delincuencial-tazmania-senalados-como-posibles-autores-de-la-tortura-y-homicidio-de-una-menor-de-15-anos-en-bogota\/\"},\"author\":{\"name\":\"Ana Mar\u00eda Gomez\",\"@id\":\"https:\/\/www.fiscalia.gov.co\/colombia\/#\/schema\/person\/06aa2210fe4d79203f428ff671dee360\"},\"headline\":\"Asegurados cinco presuntos integrantes de la banda delincuencial Tazmania, se\u00f1alados como posibles autores de la tortura y homicidio de una menor de 15 a\u00f1os en Bogot\u00e1\",\"datePublished\":\"2021-01-18T21:51:41+00:00\",\"dateModified\":\"2021-01-18T21:51:41+00:00\",\"mainEntityOfPage\":{\"@id\":\"https:\/\/www.fiscalia.gov.co\/colombia\/seccionales\/asegurados-cinco-presuntos-integrantes-de-la-banda-delincuencial-tazmania-senalados-como-posibles-autores-de-la-tortura-y-homicidio-de-una-menor-de-15-anos-en-bogota\/\"},\"wordCount\":444,\"publisher\":{\"@id\":\"https:\/\/www.fiscalia.gov.co\/colombia\/#organization\"},\"keywords\":[\"15 a\u00f1os\",\"banda Tazmania\",\"Bogot\u00e1\",\"Delitos\",\"Fiscal Barbosa\",\"Fiscal\u00eda\",\"Menor\"],\"articleSection\":[\"Seccional Bogot\u00e1\",\"Seccionales\",\"Seguridad territorial\"],\"inLanguage\":\"es-CO\"},{\"@type\":\"WebPage\",\"@id\":\"https:\/\/www.fiscalia.gov.co\/colombia\/seccionales\/asegurados-cinco-presuntos-integrantes-de-la-banda-delincuencial-tazmania-senalados-como-posibles-autores-de-la-tortura-y-homicidio-de-una-menor-de-15-anos-en-bogota\/\",\"url\":\"https:\/\/www.fiscalia.gov.co\/colombia\/seccionales\/asegurados-cinco-presuntos-integrantes-de-la-banda-delincuencial-tazmania-senalados-como-posibles-autores-de-la-tortura-y-homicidio-de-una-menor-de-15-anos-en-bogota\/\",\"name\":\"Fiscal\u00eda General de la Naci\u00f3n\",\"isPartOf\":{\"@id\":\"https:\/\/www.fiscalia.gov.co\/colombia\/#website\"},\"datePublished\":\"2021-01-18T21:51:41+00:00\",\"dateModified\":\"2021-01-18T21:51:41+00:00\",\"description\":\"P\u00e1gina oficial de la Fiscal\u00eda General de la Naci\u00f3n \u2013 Colombia. Garantizamos el acceso efectivo a la justicia, la verdad y la reparaci\u00f3n de las v\u00edctimas de los delitos.\",\"breadcrumb\":{\"@id\":\"https:\/\/www.fiscalia.gov.co\/colombia\/seccionales\/asegurados-cinco-presuntos-integrantes-de-la-banda-delincuencial-tazmania-senalados-como-posibles-autores-de-la-tortura-y-homicidio-de-una-menor-de-15-anos-en-bogota\/#breadcrumb\"},\"inLanguage\":\"es-CO\",\"potentialAction\":[{\"@type\":\"ReadAction\",\"target\":[\"https:\/\/www.fiscalia.gov.co\/colombia\/seccionales\/asegurados-cinco-presuntos-integrantes-de-la-banda-delincuencial-tazmania-senalados-como-posibles-autores-de-la-tortura-y-homicidio-de-una-menor-de-15-anos-en-bogota\/\"]}]},{\"@type\":\"BreadcrumbList\",\"@id\":\"https:\/\/www.fiscalia.gov.co\/colombia\/seccionales\/asegurados-cinco-presuntos-integrantes-de-la-banda-delincuencial-tazmania-senalados-como-posibles-autores-de-la-tortura-y-homicidio-de-una-menor-de-15-anos-en-bogota\/#breadcrumb\",\"itemListElement\":[{\"@type\":\"ListItem\",\"position\":1,\"name\":\"Home\",\"item\":\"https:\/\/www.fiscalia.gov.co\/colombia\/\"},{\"@type\":\"ListItem\",\"position\":2,\"name\":\"Asegurados cinco presuntos integrantes de la banda delincuencial Tazmania, se\u00f1alados como posibles autores de la tortura y homicidio de una menor de 15 a\u00f1os en Bogot\u00e1\"}]},{\"@type\":\"WebSite\",\"@id\":\"https:\/\/www.fiscalia.gov.co\/colombia\/#website\",\"url\":\"https:\/\/www.fiscalia.gov.co\/colombia\/\",\"name\":\"Fiscal\u00eda General de la Naci\u00f3n\",\"description\":\"P\u00e1gina oficial de la Fiscal\u00eda General de la Naci\u00f3n \u2013 Colombia. Garantizamos el acceso efectivo a la justicia, la verdad y la reparaci\u00f3n de las v\u00edctimas de los delitos.\",\"publisher\":{\"@id\":\"https:\/\/www.fiscalia.gov.co\/colombia\/#organization\"},\"potentialAction\":[{\"@type\":\"SearchAction\",\"target\":{\"@type\":\"EntryPoint\",\"urlTemplate\":\"https:\/\/www.fiscalia.gov.co\/colombia\/?s={search_term_string}\"},\"query-input\":{\"@type\":\"PropertyValueSpecification\",\"valueRequired\":true,\"valueName\":\"search_term_string\"}}],\"inLanguage\":\"es-CO\"},{\"@type\":\"Organization\",\"@id\":\"https:\/\/www.fiscalia.gov.co\/colombia\/#organization\",\"name\":\"Fiscal\u00eda General de la Naci\u00f3n\",\"url\":\"https:\/\/www.fiscalia.gov.co\/colombia\/\",\"logo\":{\"@type\":\"ImageObject\",\"inLanguage\":\"es-CO\",\"@id\":\"https:\/\/www.fiscalia.gov.co\/colombia\/#\/schema\/logo\/image\/\",\"url\":\"https:\/\/www.fiscalia.gov.co\/colombia\/wp-content\/uploads\/LogoHorizontal_1.jpg\",\"contentUrl\":\"https:\/\/www.fiscalia.gov.co\/colombia\/wp-content\/uploads\/LogoHorizontal_1.jpg\",\"width\":300,\"height\":90,\"caption\":\"Fiscal\u00eda General de la Naci\u00f3n\"},\"image\":{\"@id\":\"https:\/\/www.fiscalia.gov.co\/colombia\/#\/schema\/logo\/image\/\"},\"sameAs\":[\"https:\/\/www.facebook.com\/FiscaliaCol\",\"https:\/\/x.com\/FiscaliaCol\",\"https:\/\/www.instagram.com\/fiscaliacol\",\"https:\/\/www.linkedin.com\/company\/fiscalia-general-de-la-naci-n\/\",\"https:\/\/youtube.com\/@fiscaliageneraldelanacion-4668?si=6nN79nyQICPU5iTh\"]},{\"@type\":\"Person\",\"@id\":\"https:\/\/www.fiscalia.gov.co\/colombia\/#\/schema\/person\/06aa2210fe4d79203f428ff671dee360\",\"name\":\"Ana Mar\u00eda Gomez\",\"image\":{\"@type\":\"ImageObject\",\"inLanguage\":\"es-CO\",\"@id\":\"https:\/\/www.fiscalia.gov.co\/colombia\/#\/schema\/person\/image\/\",\"url\":\"https:\/\/secure.gravatar.com\/avatar\/a38115d98a7f8a96cbb96af2b2c37a0b?s=96&d=mm&r=g\",\"contentUrl\":\"https:\/\/secure.gravatar.com\/avatar\/a38115d98a7f8a96cbb96af2b2c37a0b?s=96&d=mm&r=g\",\"caption\":\"Ana Mar\u00eda Gomez\"},\"url\":\"https:\/\/www.fiscalia.gov.co\/colombia\/author\/agomez\/\"}]}<\/script>\n<!-- \/ Yoast SEO plugin. -->","yoast_head_json":{"title":"Fiscal\u00eda General de la Naci\u00f3n","description":"P\u00e1gina oficial de la Fiscal\u00eda General de la Naci\u00f3n \u2013 Colombia. Garantizamos el acceso efectivo a la justicia, la verdad y la reparaci\u00f3n de las v\u00edctimas de los delitos.","robots":{"index":"noindex","follow":"follow"},"og_locale":"es_ES","og_type":"article","og_title":"Fiscal\u00eda General de la Naci\u00f3n","og_description":"P\u00e1gina oficial de la Fiscal\u00eda General de la Naci\u00f3n \u2013 Colombia. Garantizamos el acceso efectivo a la justicia, la verdad y la reparaci\u00f3n de las v\u00edctimas de los delitos.","og_url":"https:\/\/www.fiscalia.gov.co\/colombia\/seccionales\/asegurados-cinco-presuntos-integrantes-de-la-banda-delincuencial-tazmania-senalados-como-posibles-autores-de-la-tortura-y-homicidio-de-una-menor-de-15-anos-en-bogota\/","og_site_name":"Fiscal\u00eda General de la Naci\u00f3n","article_publisher":"https:\/\/www.facebook.com\/FiscaliaCol","article_published_time":"2021-01-18T21:51:41+00:00","author":"Ana Mar\u00eda Gomez","twitter_card":"summary_large_image","twitter_creator":"@FiscaliaCol","twitter_site":"@FiscaliaCol","twitter_misc":{"Escrito por":"Ana Mar\u00eda Gomez","Tiempo de lectura":"2 minutos"},"schema":{"@context":"https:\/\/schema.org","@graph":[{"@type":"Article","@id":"https:\/\/www.fiscalia.gov.co\/colombia\/seccionales\/asegurados-cinco-presuntos-integrantes-de-la-banda-delincuencial-tazmania-senalados-como-posibles-autores-de-la-tortura-y-homicidio-de-una-menor-de-15-anos-en-bogota\/#article","isPartOf":{"@id":"https:\/\/www.fiscalia.gov.co\/colombia\/seccionales\/asegurados-cinco-presuntos-integrantes-de-la-banda-delincuencial-tazmania-senalados-como-posibles-autores-de-la-tortura-y-homicidio-de-una-menor-de-15-anos-en-bogota\/"},"author":{"name":"Ana Mar\u00eda Gomez","@id":"https:\/\/www.fiscalia.gov.co\/colombia\/#\/schema\/person\/06aa2210fe4d79203f428ff671dee360"},"headline":"Asegurados cinco presuntos integrantes de la banda delincuencial Tazmania, se\u00f1alados como posibles autores de la tortura y homicidio de una menor de 15 a\u00f1os en Bogot\u00e1","datePublished":"2021-01-18T21:51:41+00:00","dateModified":"2021-01-18T21:51:41+00:00","mainEntityOfPage":{"@id":"https:\/\/www.fiscalia.gov.co\/colombia\/seccionales\/asegurados-cinco-presuntos-integrantes-de-la-banda-delincuencial-tazmania-senalados-como-posibles-autores-de-la-tortura-y-homicidio-de-una-menor-de-15-anos-en-bogota\/"},"wordCount":444,"publisher":{"@id":"https:\/\/www.fiscalia.gov.co\/colombia\/#organization"},"keywords":["15 a\u00f1os","banda Tazmania","Bogot\u00e1","Delitos","Fiscal Barbosa","Fiscal\u00eda","Menor"],"articleSection":["Seccional Bogot\u00e1","Seccionales","Seguridad territorial"],"inLanguage":"es-CO"},{"@type":"WebPage","@id":"https:\/\/www.fiscalia.gov.co\/colombia\/seccionales\/asegurados-cinco-presuntos-integrantes-de-la-banda-delincuencial-tazmania-senalados-como-posibles-autores-de-la-tortura-y-homicidio-de-una-menor-de-15-anos-en-bogota\/","url":"https:\/\/www.fiscalia.gov.co\/colombia\/seccionales\/asegurados-cinco-presuntos-integrantes-de-la-banda-delincuencial-tazmania-senalados-como-posibles-autores-de-la-tortura-y-homicidio-de-una-menor-de-15-anos-en-bogota\/","name":"Fiscal\u00eda General de la Naci\u00f3n","isPartOf":{"@id":"https:\/\/www.fiscalia.gov.co\/colombia\/#website"},"datePublished":"2021-01-18T21:51:41+00:00","dateModified":"2021-01-18T21:51:41+00:00","description":"P\u00e1gina oficial de la Fiscal\u00eda General de la Naci\u00f3n \u2013 Colombia. Garantizamos el acceso efectivo a la justicia, la verdad y la reparaci\u00f3n de las v\u00edctimas de los delitos.","breadcrumb":{"@id":"https:\/\/www.fiscalia.gov.co\/colombia\/seccionales\/asegurados-cinco-presuntos-integrantes-de-la-banda-delincuencial-tazmania-senalados-como-posibles-autores-de-la-tortura-y-homicidio-de-una-menor-de-15-anos-en-bogota\/#breadcrumb"},"inLanguage":"es-CO","potentialAction":[{"@type":"ReadAction","target":["https:\/\/www.fiscalia.gov.co\/colombia\/seccionales\/asegurados-cinco-presuntos-integrantes-de-la-banda-delincuencial-tazmania-senalados-como-posibles-autores-de-la-tortura-y-homicidio-de-una-menor-de-15-anos-en-bogota\/"]}]},{"@type":"BreadcrumbList","@id":"https:\/\/www.fiscalia.gov.co\/colombia\/seccionales\/asegurados-cinco-presuntos-integrantes-de-la-banda-delincuencial-tazmania-senalados-como-posibles-autores-de-la-tortura-y-homicidio-de-una-menor-de-15-anos-en-bogota\/#breadcrumb","itemListElement":[{"@type":"ListItem","position":1,"name":"Home","item":"https:\/\/www.fiscalia.gov.co\/colombia\/"},{"@type":"ListItem","position":2,"name":"Asegurados cinco presuntos integrantes de la banda delincuencial Tazmania, se\u00f1alados como posibles autores de la tortura y homicidio de una menor de 15 a\u00f1os en Bogot\u00e1"}]},{"@type":"WebSite","@id":"https:\/\/www.fiscalia.gov.co\/colombia\/#website","url":"https:\/\/www.fiscalia.gov.co\/colombia\/","name":"Fiscal\u00eda General de la Naci\u00f3n","description":"P\u00e1gina oficial de la Fiscal\u00eda General de la Naci\u00f3n \u2013 Colombia. Garantizamos el acceso efectivo a la justicia, la verdad y la reparaci\u00f3n de las v\u00edctimas de los delitos.","publisher":{"@id":"https:\/\/www.fiscalia.gov.co\/colombia\/#organization"},"potentialAction":[{"@type":"SearchAction","target":{"@type":"EntryPoint","urlTemplate":"https:\/\/www.fiscalia.gov.co\/colombia\/?s={search_term_string}"},"query-input":{"@type":"PropertyValueSpecification","valueRequired":true,"valueName":"search_term_string"}}],"inLanguage":"es-CO"},{"@type":"Organization","@id":"https:\/\/www.fiscalia.gov.co\/colombia\/#organization","name":"Fiscal\u00eda General de la Naci\u00f3n","url":"https:\/\/www.fiscalia.gov.co\/colombia\/","logo":{"@type":"ImageObject","inLanguage":"es-CO","@id":"https:\/\/www.fiscalia.gov.co\/colombia\/#\/schema\/logo\/image\/","url":"https:\/\/www.fiscalia.gov.co\/colombia\/wp-content\/uploads\/LogoHorizontal_1.jpg","contentUrl":"https:\/\/www.fiscalia.gov.co\/colombia\/wp-content\/uploads\/LogoHorizontal_1.jpg","width":300,"height":90,"caption":"Fiscal\u00eda General de la Naci\u00f3n"},"image":{"@id":"https:\/\/www.fiscalia.gov.co\/colombia\/#\/schema\/logo\/image\/"},"sameAs":["https:\/\/www.facebook.com\/FiscaliaCol","https:\/\/x.com\/FiscaliaCol","https:\/\/www.instagram.com\/fiscaliacol","https:\/\/www.linkedin.com\/company\/fiscalia-general-de-la-naci-n\/","https:\/\/youtube.com\/@fiscaliageneraldelanacion-4668?si=6nN79nyQICPU5iTh"]},{"@type":"Person","@id":"https:\/\/www.fiscalia.gov.co\/colombia\/#\/schema\/person\/06aa2210fe4d79203f428ff671dee360","name":"Ana Mar\u00eda Gomez","image":{"@type":"ImageObject","inLanguage":"es-CO","@id":"https:\/\/www.fiscalia.gov.co\/colombia\/#\/schema\/person\/image\/","url":"https:\/\/secure.gravatar.com\/avatar\/a38115d98a7f8a96cbb96af2b2c37a0b?s=96&d=mm&r=g","contentUrl":"https:\/\/secure.gravatar.com\/avatar\/a38115d98a7f8a96cbb96af2b2c37a0b?s=96&d=mm&r=g","caption":"Ana Mar\u00eda Gomez"},"url":"https:\/\/www.fiscalia.gov.co\/colombia\/author\/agomez\/"}]}},"_links":{"self":[{"href":"https:\/\/www.fiscalia.gov.co\/colombia\/wp-json\/wp\/v2\/posts\/210977","targetHints":{"allow":["GET"]}}],"collection":[{"href":"https:\/\/www.fiscalia.gov.co\/colombia\/wp-json\/wp\/v2\/posts"}],"about":[{"href":"https:\/\/www.fiscalia.gov.co\/colombia\/wp-json\/wp\/v2\/types\/post"}],"author":[{"embeddable":true,"href":"https:\/\/www.fiscalia.gov.co\/colombia\/wp-json\/wp\/v2\/users\/171"}],"replies":[{"embeddable":true,"href":"https:\/\/www.fiscalia.gov.co\/colombia\/wp-json\/wp\/v2\/comments?post=210977"}],"version-history":[{"count":1,"href":"https:\/\/www.fiscalia.gov.co\/colombia\/wp-json\/wp\/v2\/posts\/210977\/revisions"}],"predecessor-version":[{"id":210978,"href":"https:\/\/www.fiscalia.gov.co\/colombia\/wp-json\/wp\/v2\/posts\/210977\/revisions\/210978"}],"wp:attachment":[{"href":"https:\/\/www.fiscalia.gov.co\/colombia\/wp-json\/wp\/v2\/media?parent=210977"}],"wp:term":[{"taxonomy":"category","embeddable":true,"href":"https:\/\/www.fiscalia.gov.co\/colombia\/wp-json\/wp\/v2\/categories?post=210977"},{"taxonomy":"post_tag","embeddable":true,"href":"https:\/\/www.fiscalia.gov.co\/colombia\/wp-json\/wp\/v2\/tags?post=210977"}],"curies":[{"name":"wp","href":"https:\/\/api.w.org\/{rel}","templated":true}]}}