{"id":210893,"date":"2021-01-16T19:40:22","date_gmt":"2021-01-17T00:40:22","guid":{"rendered":"https:\/\/www.fiscalia.gov.co\/colombia\/?p=210893"},"modified":"2021-01-17T13:31:48","modified_gmt":"2021-01-17T18:31:48","slug":"fiscalia-logro-medida-de-aseguramiento-contra-alias-el-mono-presunto-autor-material-del-homicidio-de-cinco-menores-en-el-barrio-llano-verde-de-cali","status":"publish","type":"post","link":"https:\/\/www.fiscalia.gov.co\/colombia\/seccionales\/fiscalia-logro-medida-de-aseguramiento-contra-alias-el-mono-presunto-autor-material-del-homicidio-de-cinco-menores-en-el-barrio-llano-verde-de-cali\/","title":{"rendered":"Fiscal\u00eda logr\u00f3 medida de aseguramiento contra alias el Mono, presunto autor material del homicidio de cinco menores en el barrio Llano Verde de Cali"},"content":{"rendered":"<p class=\"x_MsoNormal\"><span lang=\"ES\">Al acoger la solicitud presentada por la Fiscal\u00eda durante las audiencias concentradas, un juez penal de control de garant\u00edas de Cali (Valle del Cauca) dict\u00f3\u00a0<b>medida de aseguramiento en centro carcelario<\/b>\u00a0en contra de Gabriel Alejandro Bejarano, de 34 a\u00f1os de edad, alias el Mono, como presunto part\u00edcipe en el homicidio de 5 menores en el barrio Llano Verde de esa ciudad.\u00a0<\/span><\/p>\n<p class=\"x_MsoNormal\"><span lang=\"ES\">El ente investigador le imput\u00f3 cargos a alias el Mono por los delitos de\u00a0<\/span><span lang=\"ES-CO\"><a href=\"https:\/\/www.fiscalia.gov.co\/colombia\/seccionales\/fiscalia-logra-judicializacion-de-dos-hombres-que-habrian-participado-en-el-homicidio-de-cinco-menores-de-edad-en-cali\/\" target=\"_blank\" rel=\"noopener noreferrer\" data-auth=\"NotApplicable\"><span lang=\"ES\">homicidio agravado<\/span><\/a><\/span><span lang=\"ES\"> en concurso homog\u00e9neo y sucesivo, en concurso heterog\u00e9neo con fabricaci\u00f3n, tr\u00e1fico y porte de armas de fuego, accesorios, partes y municiones.\u00a0<\/span><span lang=\"ES\">\u00a0<\/span><\/p>\n<p class=\"x_MsoNormal\"><span lang=\"ES\">En las audiencias concentradas, la Fiscal\u00eda argument\u00f3 que, de acuerdo con los materiales probatorios recaudados durante la indagaci\u00f3n, Bejarano\u00a0<b>habr\u00eda sido la persona que dispar\u00f3<\/b>\u00a0contra las v\u00edctimas con un arma de fuego, al parecer un rev\u00f3lver calibre 38.\u00a0\u00a0<\/span><span lang=\"ES\">\u00a0<\/span><\/p>\n<p class=\"x_MsoNormal\"><span lang=\"ES\">El crimen de los 5 menores, cuyas edades oscilaban entre los 13 y 16 a\u00f1os, fue cometido el\u00a0<b>11 de agosto de 2020 en un ca\u00f1aduzal<\/b>, aleda\u00f1o al barrio citado, en el oriente de Cali.\u00a0<\/span><\/p>\n<p class=\"x_MsoNormal\"><span lang=\"ES\">El m\u00faltiple homicidio fue priorizado por el Fiscal General de la Naci\u00f3n, Francisco Barbosa Delgado, quien conform\u00f3 un grupo \u00e9lite de fiscales Bogot\u00e1 y Cali, y personal t\u00e9cnico especializado del CTI, para adelantar las investigaciones.\u00a0<\/span><span lang=\"ES\">\u00a0<\/span><span lang=\"ES\">\u00a0<\/span><\/p>\n<p class=\"x_MsoNormal\"><span lang=\"ES\">Alias el Mono fue detenido este viernes 15 de enero, durante una diligencia de registro y allanamiento a una finca ubicada en zona rural del municipio de Bol\u00edvar (Valle del Cauca), por agentes de la Sij\u00edn y unidades del Grupo de Operaciones Especiales (Goes) de la Polic\u00eda Metropolitana (Mecal).\u00a0\u00a0<\/span><span lang=\"ES\">\u00a0<\/span><\/p>\n<p class=\"x_MsoNormal\"><span lang=\"ES\">En el momento de su captura, el hombre afrontaba un proceso por fuga de presos, ya que gozaba del beneficio de casa por c\u00e1rcel, otorgado por un juez penal por el delito de porte ilegal de armas. Luego de la masacre en Llano Verde, las autoridades ofrecieron una recompensa de $50 millones a quien entregara informaci\u00f3n sobre su paradero.\u00a0\u00a0<\/span><span lang=\"ES\">\u00a0<\/span><\/p>\n<p class=\"x_MsoNormal\"><span lang=\"ES\">El 28 de agosto de 2020, tambi\u00e9n fueron capturados\u00a0<\/span><span lang=\"ES-CO\"><a href=\"https:\/\/www.fiscalia.gov.co\/colombia\/seccionales\/seccional-cali\/capturado-el-presunto-tercer-implicado-en-el-homicidio-de-cinco-menores-de-edad-en-el-barrio-llano-verde-de-cali\/\" target=\"_blank\" rel=\"noopener noreferrer\" data-auth=\"NotApplicable\"><span lang=\"ES\">dos de los presuntos c\u00f3mplices<\/span><\/a><\/span><span lang=\"ES\">\u00a0de Gabriel Bejarano en el crimen: Jefferson Marcial Angulo, un operario de m\u00e1quinas, y Juan Carlos Lozada, vigilante de una empresa de transporte. Estas diligencias fueron materializadas por servidores del Cuerpo T\u00e9cnico de Investigaci\u00f3n (CTI), con apoyo de unidades de la Sij\u00edn y el Grupo Goes de la Polic\u00eda Metropolitana, en los barrios El Vergel y Rep\u00fablica de Israel, en la misma ciudad.\u00a0<\/span><span lang=\"ES\">\u00a0<\/span><\/p>\n<p class=\"x_MsoNormal\"><span lang=\"ES\">Desde entonces est\u00e1n privados de la libertad en establecimiento carcelario, por homicidio agravado en concurso con porte ilegal de armas de fuego.\u00a0\u00a0<\/span><\/p>\n<p class=\"x_MsoNormal\"><span lang=\"ES\">Estos resultados obedecen a los lineamientos trazados en el Direccionamiento Estrat\u00e9gico para esclarecer delitos de alto impacto que afectan la seguridad ciudadana y atentan contra la integridad de ni\u00f1os, ni\u00f1as, y adolescentes.\u00a0\u00a0<\/span><\/p>\n<p class=\"x_MsoNormal\"><span lang=\"ES\">Se conoci\u00f3 que en el a\u00f1o el 2011, agentes de vigilancia de la Polic\u00eda Metropolitana detuvieron a Gabriel Alejandro Bejarano con un malet\u00edn en el que encontraron un rev\u00f3lver calibre 38 y una pistola Browing 7.65, con silenciador. Ese d\u00eda los uniformados no pudieron concluir con la diligencia de arresto porque la comunidad se opuso a la captura y alias el Mono se fug\u00f3.\u00a0\u00a0<\/span><span lang=\"ES\">\u00a0<\/span><\/p>\n<p class=\"x_MsoNormal\"><span lang=\"ES\">La Fiscal\u00eda General de la Naci\u00f3n habla con resultados.\u00a0<\/span><span lang=\"ES\">\u00a0<\/span><\/p>\n<p class=\"x_MsoNormal\"><span lang=\"ES\">JGPV\/ JR\/ DLBM\/ MRC.\u00a0<\/span><\/p>\n<p class=\"x_MsoNormal\"><span lang=\"ES\"><i>La informaci\u00f3n contenida en este bolet\u00edn de prensa corresponde a la narraci\u00f3n de los hechos noticiosos objetivos, suministrados por los funcionarios encargados de adelantar las investigaciones penales al interior de la Fiscal\u00eda General de la Naci\u00f3n. Para el momento de la divulgaci\u00f3n de este comunicado, la situaci\u00f3n jur\u00eddica de la(s) persona(s) relacionada(s) se encuentra pendiente de resolver por la autoridad judicial competente, siempre bajo los preceptos de la presunci\u00f3n de inocencia, consagrados en el art\u00edculo 29 de la Constituci\u00f3n Pol\u00edtica y el art\u00edculo 7\u00ba de la Ley 906 de 2004.<\/i><i>\u00a0<\/i><br \/>\n<\/span><\/p>\n<p class=\"x_MsoNormal\"><span lang=\"ES\">Le puede interesar:\u00a0<\/span><a href=\"https:\/\/www.fiscalia.gov.co\/colombia\/hechos-concretos\/fiscalia-pide-60-anos-de-prision-para-capturados-por-la-masacre-en-llano-verde\/\" target=\"_blank\" rel=\"noopener noreferrer\" data-auth=\"NotApplicable\"><span lang=\"ES\">Fiscal\u00eda pide 60 a\u00f1os de prisi\u00f3n para capturados por la masacre en Llano Verde<\/span><\/a><span lang=\"ES\">\u00a0<\/span><\/p>\n\n<div class=\"twitter-share\"><a href=\"https:\/\/twitter.com\/intent\/tweet?via=fiscaliacol\" class=\"twitter-share-button\">Tweet<\/a><\/div>\n","protected":false},"excerpt":{"rendered":"<p>Al acoger la solicitud presentada por la Fiscal\u00eda durante las audiencias concentradas, un juez penal de control de garant\u00edas de Cali (Valle del Cauca) dict\u00f3\u00a0medida de aseguramiento en centro carcelario\u00a0en contra de Gabriel Alejandro Bejarano, de 34 a\u00f1os de edad, alias el Mono, como presunto part\u00edcipe en el homicidio de 5 menores en el barrio [&hellip;]<\/p>\n","protected":false},"author":162,"featured_media":0,"comment_status":"closed","ping_status":"open","sticky":false,"template":"","format":"standard","meta":{"tdm_status":"","tdm_grid_status":"","footnotes":""},"categories":[324,303,24099],"tags":[25250,25249,24526,24481,1047,686,25251,11101],"class_list":{"0":"post-210893","1":"post","2":"type-post","3":"status-publish","4":"format-standard","6":"category-seccional-cali","7":"category-seccionales","8":"category-seguridad-territorial","9":"tag-barrio-llano-verde","10":"tag-complices","11":"tag-fiscal-general-francisco-barbosa-delgado","12":"tag-fiscalia-de-colombia","13":"tag-fiscalia-general-de-la-nacion","14":"tag-homicidio-agravado","15":"tag-homicidio-multiple-en-cali","16":"tag-seguridad-ciudadana"},"yoast_head":"<!-- This site is optimized with the Yoast SEO plugin v24.3 - https:\/\/yoast.com\/wordpress\/plugins\/seo\/ -->\n<title>Fiscal\u00eda General de la Naci\u00f3n<\/title>\n<meta name=\"description\" content=\"P\u00e1gina oficial de la Fiscal\u00eda General de la Naci\u00f3n \u2013 Colombia. Garantizamos el acceso efectivo a la justicia, la verdad y la reparaci\u00f3n de las v\u00edctimas de los delitos.\" \/>\n<meta name=\"robots\" content=\"noindex, follow\" \/>\n<meta property=\"og:locale\" content=\"es_ES\" \/>\n<meta property=\"og:type\" content=\"article\" \/>\n<meta property=\"og:title\" content=\"Fiscal\u00eda General de la Naci\u00f3n\" \/>\n<meta property=\"og:description\" content=\"P\u00e1gina oficial de la Fiscal\u00eda General de la Naci\u00f3n \u2013 Colombia. Garantizamos el acceso efectivo a la justicia, la verdad y la reparaci\u00f3n de las v\u00edctimas de los delitos.\" \/>\n<meta property=\"og:url\" content=\"https:\/\/www.fiscalia.gov.co\/colombia\/seccionales\/fiscalia-logro-medida-de-aseguramiento-contra-alias-el-mono-presunto-autor-material-del-homicidio-de-cinco-menores-en-el-barrio-llano-verde-de-cali\/\" \/>\n<meta property=\"og:site_name\" content=\"Fiscal\u00eda General de la Naci\u00f3n\" \/>\n<meta property=\"article:publisher\" content=\"https:\/\/www.facebook.com\/FiscaliaCol\" \/>\n<meta property=\"article:published_time\" content=\"2021-01-17T00:40:22+00:00\" \/>\n<meta property=\"article:modified_time\" content=\"2021-01-17T18:31:48+00:00\" \/>\n<meta name=\"author\" content=\"Direcci\u00f3n de Comunicaciones Fiscal\u00eda General de la Naci\u00f3n\" \/>\n<meta name=\"twitter:card\" content=\"summary_large_image\" \/>\n<meta name=\"twitter:creator\" content=\"@FiscaliaCol\" \/>\n<meta name=\"twitter:site\" content=\"@FiscaliaCol\" \/>\n<meta name=\"twitter:label1\" content=\"Escrito por\" \/>\n\t<meta name=\"twitter:data1\" content=\"Direcci\u00f3n de Comunicaciones Fiscal\u00eda General de la Naci\u00f3n\" \/>\n\t<meta name=\"twitter:label2\" content=\"Tiempo de lectura\" \/>\n\t<meta name=\"twitter:data2\" content=\"3 minutos\" \/>\n<script type=\"application\/ld+json\" class=\"yoast-schema-graph\">{\"@context\":\"https:\/\/schema.org\",\"@graph\":[{\"@type\":\"Article\",\"@id\":\"https:\/\/www.fiscalia.gov.co\/colombia\/seccionales\/fiscalia-logro-medida-de-aseguramiento-contra-alias-el-mono-presunto-autor-material-del-homicidio-de-cinco-menores-en-el-barrio-llano-verde-de-cali\/#article\",\"isPartOf\":{\"@id\":\"https:\/\/www.fiscalia.gov.co\/colombia\/seccionales\/fiscalia-logro-medida-de-aseguramiento-contra-alias-el-mono-presunto-autor-material-del-homicidio-de-cinco-menores-en-el-barrio-llano-verde-de-cali\/\"},\"author\":{\"name\":\"Direcci\u00f3n de Comunicaciones Fiscal\u00eda General de la Naci\u00f3n\",\"@id\":\"https:\/\/www.fiscalia.gov.co\/colombia\/#\/schema\/person\/bf28d8ae7f1b287bbe3af484b04f43ea\"},\"headline\":\"Fiscal\u00eda logr\u00f3 medida de aseguramiento contra alias el Mono, presunto autor material del homicidio de cinco menores en el barrio Llano Verde de Cali\",\"datePublished\":\"2021-01-17T00:40:22+00:00\",\"dateModified\":\"2021-01-17T18:31:48+00:00\",\"mainEntityOfPage\":{\"@id\":\"https:\/\/www.fiscalia.gov.co\/colombia\/seccionales\/fiscalia-logro-medida-de-aseguramiento-contra-alias-el-mono-presunto-autor-material-del-homicidio-de-cinco-menores-en-el-barrio-llano-verde-de-cali\/\"},\"wordCount\":698,\"publisher\":{\"@id\":\"https:\/\/www.fiscalia.gov.co\/colombia\/#organization\"},\"keywords\":[\"barrio Llano Verde\",\"c\u00f3mplices\",\"Fiscal General Francisco Barbosa Delgado\",\"Fiscal\u00eda de Colombia\",\"Fiscal\u00eda General de la Naci\u00f3n\",\"Homicidio agravado\",\"homicidio m\u00faltiple en Cali\",\"Seguridad ciudadana\"],\"articleSection\":[\"Seccional Cali\",\"Seccionales\",\"Seguridad territorial\"],\"inLanguage\":\"es-CO\"},{\"@type\":\"WebPage\",\"@id\":\"https:\/\/www.fiscalia.gov.co\/colombia\/seccionales\/fiscalia-logro-medida-de-aseguramiento-contra-alias-el-mono-presunto-autor-material-del-homicidio-de-cinco-menores-en-el-barrio-llano-verde-de-cali\/\",\"url\":\"https:\/\/www.fiscalia.gov.co\/colombia\/seccionales\/fiscalia-logro-medida-de-aseguramiento-contra-alias-el-mono-presunto-autor-material-del-homicidio-de-cinco-menores-en-el-barrio-llano-verde-de-cali\/\",\"name\":\"Fiscal\u00eda General de la Naci\u00f3n\",\"isPartOf\":{\"@id\":\"https:\/\/www.fiscalia.gov.co\/colombia\/#website\"},\"datePublished\":\"2021-01-17T00:40:22+00:00\",\"dateModified\":\"2021-01-17T18:31:48+00:00\",\"description\":\"P\u00e1gina oficial de la Fiscal\u00eda General de la Naci\u00f3n \u2013 Colombia. Garantizamos el acceso efectivo a la justicia, la verdad y la reparaci\u00f3n de las v\u00edctimas de los delitos.\",\"breadcrumb\":{\"@id\":\"https:\/\/www.fiscalia.gov.co\/colombia\/seccionales\/fiscalia-logro-medida-de-aseguramiento-contra-alias-el-mono-presunto-autor-material-del-homicidio-de-cinco-menores-en-el-barrio-llano-verde-de-cali\/#breadcrumb\"},\"inLanguage\":\"es-CO\",\"potentialAction\":[{\"@type\":\"ReadAction\",\"target\":[\"https:\/\/www.fiscalia.gov.co\/colombia\/seccionales\/fiscalia-logro-medida-de-aseguramiento-contra-alias-el-mono-presunto-autor-material-del-homicidio-de-cinco-menores-en-el-barrio-llano-verde-de-cali\/\"]}]},{\"@type\":\"BreadcrumbList\",\"@id\":\"https:\/\/www.fiscalia.gov.co\/colombia\/seccionales\/fiscalia-logro-medida-de-aseguramiento-contra-alias-el-mono-presunto-autor-material-del-homicidio-de-cinco-menores-en-el-barrio-llano-verde-de-cali\/#breadcrumb\",\"itemListElement\":[{\"@type\":\"ListItem\",\"position\":1,\"name\":\"Home\",\"item\":\"https:\/\/www.fiscalia.gov.co\/colombia\/\"},{\"@type\":\"ListItem\",\"position\":2,\"name\":\"Fiscal\u00eda logr\u00f3 medida de aseguramiento contra alias el Mono, presunto autor material del homicidio de cinco menores en el barrio Llano Verde de Cali\"}]},{\"@type\":\"WebSite\",\"@id\":\"https:\/\/www.fiscalia.gov.co\/colombia\/#website\",\"url\":\"https:\/\/www.fiscalia.gov.co\/colombia\/\",\"name\":\"Fiscal\u00eda General de la Naci\u00f3n\",\"description\":\"P\u00e1gina oficial de la Fiscal\u00eda General de la Naci\u00f3n \u2013 Colombia. Garantizamos el acceso efectivo a la justicia, la verdad y la reparaci\u00f3n de las v\u00edctimas de los delitos.\",\"publisher\":{\"@id\":\"https:\/\/www.fiscalia.gov.co\/colombia\/#organization\"},\"potentialAction\":[{\"@type\":\"SearchAction\",\"target\":{\"@type\":\"EntryPoint\",\"urlTemplate\":\"https:\/\/www.fiscalia.gov.co\/colombia\/?s={search_term_string}\"},\"query-input\":{\"@type\":\"PropertyValueSpecification\",\"valueRequired\":true,\"valueName\":\"search_term_string\"}}],\"inLanguage\":\"es-CO\"},{\"@type\":\"Organization\",\"@id\":\"https:\/\/www.fiscalia.gov.co\/colombia\/#organization\",\"name\":\"Fiscal\u00eda General de la Naci\u00f3n\",\"url\":\"https:\/\/www.fiscalia.gov.co\/colombia\/\",\"logo\":{\"@type\":\"ImageObject\",\"inLanguage\":\"es-CO\",\"@id\":\"https:\/\/www.fiscalia.gov.co\/colombia\/#\/schema\/logo\/image\/\",\"url\":\"https:\/\/www.fiscalia.gov.co\/colombia\/wp-content\/uploads\/LogoHorizontal_1.jpg\",\"contentUrl\":\"https:\/\/www.fiscalia.gov.co\/colombia\/wp-content\/uploads\/LogoHorizontal_1.jpg\",\"width\":300,\"height\":90,\"caption\":\"Fiscal\u00eda General de la Naci\u00f3n\"},\"image\":{\"@id\":\"https:\/\/www.fiscalia.gov.co\/colombia\/#\/schema\/logo\/image\/\"},\"sameAs\":[\"https:\/\/www.facebook.com\/FiscaliaCol\",\"https:\/\/x.com\/FiscaliaCol\",\"https:\/\/www.instagram.com\/fiscaliacol\",\"https:\/\/www.linkedin.com\/company\/fiscalia-general-de-la-naci-n\/\",\"https:\/\/youtube.com\/@fiscaliageneraldelanacion-4668?si=6nN79nyQICPU5iTh\"]},{\"@type\":\"Person\",\"@id\":\"https:\/\/www.fiscalia.gov.co\/colombia\/#\/schema\/person\/bf28d8ae7f1b287bbe3af484b04f43ea\",\"name\":\"Direcci\u00f3n de Comunicaciones Fiscal\u00eda General de la Naci\u00f3n\",\"image\":{\"@type\":\"ImageObject\",\"inLanguage\":\"es-CO\",\"@id\":\"https:\/\/www.fiscalia.gov.co\/colombia\/#\/schema\/person\/image\/\",\"url\":\"https:\/\/secure.gravatar.com\/avatar\/9d55ae161d32da16dbdd0b380c080a5f?s=96&d=mm&r=g\",\"contentUrl\":\"https:\/\/secure.gravatar.com\/avatar\/9d55ae161d32da16dbdd0b380c080a5f?s=96&d=mm&r=g\",\"caption\":\"Direcci\u00f3n de Comunicaciones Fiscal\u00eda General de la Naci\u00f3n\"},\"url\":\"https:\/\/www.fiscalia.gov.co\/colombia\/author\/kbonilla\/\"}]}<\/script>\n<!-- \/ Yoast SEO plugin. -->","yoast_head_json":{"title":"Fiscal\u00eda General de la Naci\u00f3n","description":"P\u00e1gina oficial de la Fiscal\u00eda General de la Naci\u00f3n \u2013 Colombia. Garantizamos el acceso efectivo a la justicia, la verdad y la reparaci\u00f3n de las v\u00edctimas de los delitos.","robots":{"index":"noindex","follow":"follow"},"og_locale":"es_ES","og_type":"article","og_title":"Fiscal\u00eda General de la Naci\u00f3n","og_description":"P\u00e1gina oficial de la Fiscal\u00eda General de la Naci\u00f3n \u2013 Colombia. Garantizamos el acceso efectivo a la justicia, la verdad y la reparaci\u00f3n de las v\u00edctimas de los delitos.","og_url":"https:\/\/www.fiscalia.gov.co\/colombia\/seccionales\/fiscalia-logro-medida-de-aseguramiento-contra-alias-el-mono-presunto-autor-material-del-homicidio-de-cinco-menores-en-el-barrio-llano-verde-de-cali\/","og_site_name":"Fiscal\u00eda General de la Naci\u00f3n","article_publisher":"https:\/\/www.facebook.com\/FiscaliaCol","article_published_time":"2021-01-17T00:40:22+00:00","article_modified_time":"2021-01-17T18:31:48+00:00","author":"Direcci\u00f3n de Comunicaciones Fiscal\u00eda General de la Naci\u00f3n","twitter_card":"summary_large_image","twitter_creator":"@FiscaliaCol","twitter_site":"@FiscaliaCol","twitter_misc":{"Escrito por":"Direcci\u00f3n de Comunicaciones Fiscal\u00eda General de la Naci\u00f3n","Tiempo de lectura":"3 minutos"},"schema":{"@context":"https:\/\/schema.org","@graph":[{"@type":"Article","@id":"https:\/\/www.fiscalia.gov.co\/colombia\/seccionales\/fiscalia-logro-medida-de-aseguramiento-contra-alias-el-mono-presunto-autor-material-del-homicidio-de-cinco-menores-en-el-barrio-llano-verde-de-cali\/#article","isPartOf":{"@id":"https:\/\/www.fiscalia.gov.co\/colombia\/seccionales\/fiscalia-logro-medida-de-aseguramiento-contra-alias-el-mono-presunto-autor-material-del-homicidio-de-cinco-menores-en-el-barrio-llano-verde-de-cali\/"},"author":{"name":"Direcci\u00f3n de Comunicaciones Fiscal\u00eda General de la Naci\u00f3n","@id":"https:\/\/www.fiscalia.gov.co\/colombia\/#\/schema\/person\/bf28d8ae7f1b287bbe3af484b04f43ea"},"headline":"Fiscal\u00eda logr\u00f3 medida de aseguramiento contra alias el Mono, presunto autor material del homicidio de cinco menores en el barrio Llano Verde de Cali","datePublished":"2021-01-17T00:40:22+00:00","dateModified":"2021-01-17T18:31:48+00:00","mainEntityOfPage":{"@id":"https:\/\/www.fiscalia.gov.co\/colombia\/seccionales\/fiscalia-logro-medida-de-aseguramiento-contra-alias-el-mono-presunto-autor-material-del-homicidio-de-cinco-menores-en-el-barrio-llano-verde-de-cali\/"},"wordCount":698,"publisher":{"@id":"https:\/\/www.fiscalia.gov.co\/colombia\/#organization"},"keywords":["barrio Llano Verde","c\u00f3mplices","Fiscal General Francisco Barbosa Delgado","Fiscal\u00eda de Colombia","Fiscal\u00eda General de la Naci\u00f3n","Homicidio agravado","homicidio m\u00faltiple en Cali","Seguridad ciudadana"],"articleSection":["Seccional Cali","Seccionales","Seguridad territorial"],"inLanguage":"es-CO"},{"@type":"WebPage","@id":"https:\/\/www.fiscalia.gov.co\/colombia\/seccionales\/fiscalia-logro-medida-de-aseguramiento-contra-alias-el-mono-presunto-autor-material-del-homicidio-de-cinco-menores-en-el-barrio-llano-verde-de-cali\/","url":"https:\/\/www.fiscalia.gov.co\/colombia\/seccionales\/fiscalia-logro-medida-de-aseguramiento-contra-alias-el-mono-presunto-autor-material-del-homicidio-de-cinco-menores-en-el-barrio-llano-verde-de-cali\/","name":"Fiscal\u00eda General de la Naci\u00f3n","isPartOf":{"@id":"https:\/\/www.fiscalia.gov.co\/colombia\/#website"},"datePublished":"2021-01-17T00:40:22+00:00","dateModified":"2021-01-17T18:31:48+00:00","description":"P\u00e1gina oficial de la Fiscal\u00eda General de la Naci\u00f3n \u2013 Colombia. Garantizamos el acceso efectivo a la justicia, la verdad y la reparaci\u00f3n de las v\u00edctimas de los delitos.","breadcrumb":{"@id":"https:\/\/www.fiscalia.gov.co\/colombia\/seccionales\/fiscalia-logro-medida-de-aseguramiento-contra-alias-el-mono-presunto-autor-material-del-homicidio-de-cinco-menores-en-el-barrio-llano-verde-de-cali\/#breadcrumb"},"inLanguage":"es-CO","potentialAction":[{"@type":"ReadAction","target":["https:\/\/www.fiscalia.gov.co\/colombia\/seccionales\/fiscalia-logro-medida-de-aseguramiento-contra-alias-el-mono-presunto-autor-material-del-homicidio-de-cinco-menores-en-el-barrio-llano-verde-de-cali\/"]}]},{"@type":"BreadcrumbList","@id":"https:\/\/www.fiscalia.gov.co\/colombia\/seccionales\/fiscalia-logro-medida-de-aseguramiento-contra-alias-el-mono-presunto-autor-material-del-homicidio-de-cinco-menores-en-el-barrio-llano-verde-de-cali\/#breadcrumb","itemListElement":[{"@type":"ListItem","position":1,"name":"Home","item":"https:\/\/www.fiscalia.gov.co\/colombia\/"},{"@type":"ListItem","position":2,"name":"Fiscal\u00eda logr\u00f3 medida de aseguramiento contra alias el Mono, presunto autor material del homicidio de cinco menores en el barrio Llano Verde de Cali"}]},{"@type":"WebSite","@id":"https:\/\/www.fiscalia.gov.co\/colombia\/#website","url":"https:\/\/www.fiscalia.gov.co\/colombia\/","name":"Fiscal\u00eda General de la Naci\u00f3n","description":"P\u00e1gina oficial de la Fiscal\u00eda General de la Naci\u00f3n \u2013 Colombia. Garantizamos el acceso efectivo a la justicia, la verdad y la reparaci\u00f3n de las v\u00edctimas de los delitos.","publisher":{"@id":"https:\/\/www.fiscalia.gov.co\/colombia\/#organization"},"potentialAction":[{"@type":"SearchAction","target":{"@type":"EntryPoint","urlTemplate":"https:\/\/www.fiscalia.gov.co\/colombia\/?s={search_term_string}"},"query-input":{"@type":"PropertyValueSpecification","valueRequired":true,"valueName":"search_term_string"}}],"inLanguage":"es-CO"},{"@type":"Organization","@id":"https:\/\/www.fiscalia.gov.co\/colombia\/#organization","name":"Fiscal\u00eda General de la Naci\u00f3n","url":"https:\/\/www.fiscalia.gov.co\/colombia\/","logo":{"@type":"ImageObject","inLanguage":"es-CO","@id":"https:\/\/www.fiscalia.gov.co\/colombia\/#\/schema\/logo\/image\/","url":"https:\/\/www.fiscalia.gov.co\/colombia\/wp-content\/uploads\/LogoHorizontal_1.jpg","contentUrl":"https:\/\/www.fiscalia.gov.co\/colombia\/wp-content\/uploads\/LogoHorizontal_1.jpg","width":300,"height":90,"caption":"Fiscal\u00eda General de la Naci\u00f3n"},"image":{"@id":"https:\/\/www.fiscalia.gov.co\/colombia\/#\/schema\/logo\/image\/"},"sameAs":["https:\/\/www.facebook.com\/FiscaliaCol","https:\/\/x.com\/FiscaliaCol","https:\/\/www.instagram.com\/fiscaliacol","https:\/\/www.linkedin.com\/company\/fiscalia-general-de-la-naci-n\/","https:\/\/youtube.com\/@fiscaliageneraldelanacion-4668?si=6nN79nyQICPU5iTh"]},{"@type":"Person","@id":"https:\/\/www.fiscalia.gov.co\/colombia\/#\/schema\/person\/bf28d8ae7f1b287bbe3af484b04f43ea","name":"Direcci\u00f3n de Comunicaciones Fiscal\u00eda General de la Naci\u00f3n","image":{"@type":"ImageObject","inLanguage":"es-CO","@id":"https:\/\/www.fiscalia.gov.co\/colombia\/#\/schema\/person\/image\/","url":"https:\/\/secure.gravatar.com\/avatar\/9d55ae161d32da16dbdd0b380c080a5f?s=96&d=mm&r=g","contentUrl":"https:\/\/secure.gravatar.com\/avatar\/9d55ae161d32da16dbdd0b380c080a5f?s=96&d=mm&r=g","caption":"Direcci\u00f3n de Comunicaciones Fiscal\u00eda General de la Naci\u00f3n"},"url":"https:\/\/www.fiscalia.gov.co\/colombia\/author\/kbonilla\/"}]}},"_links":{"self":[{"href":"https:\/\/www.fiscalia.gov.co\/colombia\/wp-json\/wp\/v2\/posts\/210893","targetHints":{"allow":["GET"]}}],"collection":[{"href":"https:\/\/www.fiscalia.gov.co\/colombia\/wp-json\/wp\/v2\/posts"}],"about":[{"href":"https:\/\/www.fiscalia.gov.co\/colombia\/wp-json\/wp\/v2\/types\/post"}],"author":[{"embeddable":true,"href":"https:\/\/www.fiscalia.gov.co\/colombia\/wp-json\/wp\/v2\/users\/162"}],"replies":[{"embeddable":true,"href":"https:\/\/www.fiscalia.gov.co\/colombia\/wp-json\/wp\/v2\/comments?post=210893"}],"version-history":[{"count":2,"href":"https:\/\/www.fiscalia.gov.co\/colombia\/wp-json\/wp\/v2\/posts\/210893\/revisions"}],"predecessor-version":[{"id":210904,"href":"https:\/\/www.fiscalia.gov.co\/colombia\/wp-json\/wp\/v2\/posts\/210893\/revisions\/210904"}],"wp:attachment":[{"href":"https:\/\/www.fiscalia.gov.co\/colombia\/wp-json\/wp\/v2\/media?parent=210893"}],"wp:term":[{"taxonomy":"category","embeddable":true,"href":"https:\/\/www.fiscalia.gov.co\/colombia\/wp-json\/wp\/v2\/categories?post=210893"},{"taxonomy":"post_tag","embeddable":true,"href":"https:\/\/www.fiscalia.gov.co\/colombia\/wp-json\/wp\/v2\/tags?post=210893"}],"curies":[{"name":"wp","href":"https:\/\/api.w.org\/{rel}","templated":true}]}}