{"id":210886,"date":"2021-01-16T17:17:56","date_gmt":"2021-01-16T22:17:56","guid":{"rendered":"https:\/\/www.fiscalia.gov.co\/colombia\/?p=210886"},"modified":"2021-01-16T18:35:36","modified_gmt":"2021-01-16T23:35:36","slug":"segundo-gran-golpe-a-banda-delincuencial-la-local-en-buenaventura-valle-del-cauca","status":"publish","type":"post","link":"https:\/\/www.fiscalia.gov.co\/colombia\/el-fiscal-en-los-territorios\/segundo-gran-golpe-a-banda-delincuencial-la-local-en-buenaventura-valle-del-cauca\/","title":{"rendered":"Segundo gran golpe a banda delincuencial La Local en Buenaventura (Valle del Cauca)"},"content":{"rendered":"<p>El d\u00eda de hoy, el\u00a0<strong>Fiscal General de la Naci\u00f3n, Francisco Barbosa Delgado<\/strong>\u00a0visit\u00f3 la ciudad de\u00a0<strong>Buenaventura\u00a0<\/strong>(Valle del Cauca), donde se reuni\u00f3 con los directores seccionales de Cali y de Valle del Cauca, para proyectar las nuevas estrategias conjuntas entre las dos secci\u00f3nales para luchar contra el crimen de manera transversal y coordinada y evaluar los resultados de los \u00faltimos 2 meses en esclarecimiento de los principales delitos que azotan la regi\u00f3n.<\/p>\n<p>As\u00ed mismo se reuni\u00f3 con los comandantes de Polic\u00eda, Ej\u00e9rcito y Armada para hacer seguimiento de la estrategia que \u00e9l, conjuntamente, con la Vicefiscal General y la Delegada de Seguridad Ciudadana delinearon para estas primeras semanas del a\u00f1o y que dio como resultado el golpe contra la criminalidad que hoy anunci\u00f3 en la ciudad de Buenaventura.<\/p>\n<p>En la lucha contra las organizaciones criminales y los delitos que afectan la seguridad ciudadana en el distrito especial de Buenaventura, el ente acusador contin\u00faa impactando a <strong>la banda delincuencial denominada La Local<\/strong>.<strong>\u00a0<\/strong><\/p>\n<p>As\u00ed, en lo va corrido de<strong>\u00a02021<\/strong>, la Fiscal\u00eda General de la Naci\u00f3n ha logrado las capturas de\u00a0<strong>42 presuntos integrantes La Local, <\/strong>a trav\u00e9s de<strong> 30 diligencias de allanamiento y 5 intervenciones<\/strong>\u00a0en las comunas 8, 9, 10, 11 y 12, objeto del control territorial.<\/p>\n<p>Igualmente, los operativos contra esta estructura permitieron la incautaci\u00f3n de 332 kilogramos de coca\u00edna y una gran cantidad de armas y municiones (pistolas, rev\u00f3lveres, fusiles, granadas de fragmentaci\u00f3n, lanza granadas, escopetas y subametralladoras).<\/p>\n<p>Entre las personas capturadas figuran varios de los posibles cabecillas de esta organizaci\u00f3n, como alias Osama, alias Monirri, alias Chinga, alias Himpo y alias el Viejo.<\/p>\n<p>Desde diciembre de 2020, se presume que \u2018La Local\u2019 habr\u00eda perpetrado 9 homicidios y una tentativa de homicidio, cuyas v\u00edctimas ser\u00edan algunos de los mismos integrantes de los subgrupos de esta estructura, por disputas de control territorial.<\/p>\n<p>El 16 de diciembre de 2020, Fidel Olaya Grueso fue v\u00edctima de una tentativa de homicidio.<\/p>\n<p>Las v\u00edctimas fatales de dicha guerra interna fueron identificadas como:<\/p>\n<ul>\n<li>Luis Andr\u00e9s Riascos, alias Luchito, 22 de diciembre de 2020.<\/li>\n<li>Yeferson Fajardo Riascos, alias \u00d1ema, 30 de diciembre de 2020.<\/li>\n<li>Alfonso Renter\u00eda Torres, alias Cayito, 30 de diciembre de 2020.<\/li>\n<li>Dennis Mauricio S\u00e1nchez Ortiz, alias C Peque\u00f1o, 30 de diciembre de 2020.<\/li>\n<li>Johan Andr\u00e9s Riascos Agui\u00f1o, alias Cholo, 30 de diciembre de 2020.<\/li>\n<li>Donal Renter\u00eda Riascos, alias Solito, 30 de diciembre de 2020.<\/li>\n<li>Erwin Hernando Sandoval Hern\u00e1ndez, 30 de diciembre de 2020.<\/li>\n<li>Edwin Stiven Chalares Grueso, 1 de enero de 2021.<\/li>\n<li>Jonathan David Lara, 4 de enero de 2021.<\/li>\n<\/ul>\n<p>El ente acusador hace p\u00fablica esta informaci\u00f3n por razones de inter\u00e9s general.<\/p>\n<p>La Fiscal\u00eda General de la Naci\u00f3n habla con resultados.<\/p>\n<p>LMFO\/DLBM\/MRC<\/p>\n<p><i><span lang=\"ES\">La informaci\u00f3n contenida en este bolet\u00edn de prensa corresponde a la narraci\u00f3n de los hechos noticiosos objetivos, suministrados por los funcionarios encargados de adelantar las investigaciones penales al interior de la Fiscal\u00eda General de la Naci\u00f3n. Para el momento de la divulgaci\u00f3n de este comunicado, la situaci\u00f3n jur\u00eddica de la(s) persona(s) relacionada(s) se encuentra pendiente de resolver por la autoridad judicial competente, siempre bajo los preceptos de la presunci\u00f3n de inocencia, consagrados en el art\u00edculo 29 de la Constituci\u00f3n Pol\u00edtica y el art\u00edculo 7\u00ba de la Ley 906 de 2004.<\/span><\/i><i><span lang=\"ES\">\u00a0<\/span><\/i><\/p>\n<p>&nbsp;<\/p>\n\n<div class=\"twitter-share\"><a href=\"https:\/\/twitter.com\/intent\/tweet?via=fiscaliacol\" class=\"twitter-share-button\">Tweet<\/a><\/div>\n","protected":false},"excerpt":{"rendered":"<p>El d\u00eda de hoy, el\u00a0Fiscal General de la Naci\u00f3n, Francisco Barbosa Delgado\u00a0visit\u00f3 la ciudad de\u00a0Buenaventura\u00a0(Valle del Cauca), donde se reuni\u00f3 con los directores seccionales de Cali y de Valle del Cauca, para proyectar las nuevas estrategias conjuntas entre las dos secci\u00f3nales para luchar contra el crimen de manera transversal y coordinada y evaluar los resultados [&hellip;]<\/p>\n","protected":false},"author":162,"featured_media":0,"comment_status":"closed","ping_status":"open","sticky":false,"template":"","format":"video","meta":{"_price":"","_stock":"","_tribe_ticket_header":"","_tribe_default_ticket_provider":"","_tribe_ticket_capacity":"0","_ticket_start_date":"","_ticket_end_date":"","_tribe_ticket_show_description":"","_tribe_ticket_show_not_going":false,"_tribe_ticket_use_global_stock":"","_tribe_ticket_global_stock_level":"","_global_stock_mode":"","_global_stock_cap":"","_tribe_rsvp_for_event":"","_tribe_ticket_going_count":"","_tribe_ticket_not_going_count":"","_tribe_tickets_list":"[]","_tribe_ticket_has_attendee_info_fields":false,"tdm_status":"","tdm_grid_status":"","footnotes":""},"categories":[25128,24096,1],"tags":[24189,25247],"class_list":{"0":"post-210886","1":"post","2":"type-post","3":"status-publish","4":"format-video","6":"category-el-fiscal-en-los-territorios","7":"category-fiscal-general-de-la-nacion","8":"category-noticias","9":"tag-fiscal-francisco-barbosa-delgado","10":"tag-la-local","11":"post_format-post-format-video"},"yoast_head":"<!-- This site is optimized with the Yoast SEO plugin v24.3 - https:\/\/yoast.com\/wordpress\/plugins\/seo\/ -->\n<title>Fiscal\u00eda General de la Naci\u00f3n<\/title>\n<meta name=\"description\" content=\"P\u00e1gina oficial de la Fiscal\u00eda General de la Naci\u00f3n \u2013 Colombia. Garantizamos el acceso efectivo a la justicia, la verdad y la reparaci\u00f3n de las v\u00edctimas de los delitos.\" \/>\n<meta name=\"robots\" content=\"noindex, follow\" \/>\n<meta property=\"og:locale\" content=\"es_ES\" \/>\n<meta property=\"og:type\" content=\"article\" \/>\n<meta property=\"og:title\" content=\"Fiscal\u00eda General de la Naci\u00f3n\" \/>\n<meta property=\"og:description\" content=\"P\u00e1gina oficial de la Fiscal\u00eda General de la Naci\u00f3n \u2013 Colombia. Garantizamos el acceso efectivo a la justicia, la verdad y la reparaci\u00f3n de las v\u00edctimas de los delitos.\" \/>\n<meta property=\"og:url\" content=\"https:\/\/www.fiscalia.gov.co\/colombia\/el-fiscal-en-los-territorios\/segundo-gran-golpe-a-banda-delincuencial-la-local-en-buenaventura-valle-del-cauca\/\" \/>\n<meta property=\"og:site_name\" content=\"Fiscal\u00eda General de la Naci\u00f3n\" \/>\n<meta property=\"article:publisher\" content=\"https:\/\/www.facebook.com\/FiscaliaCol\" \/>\n<meta property=\"article:published_time\" content=\"2021-01-16T22:17:56+00:00\" \/>\n<meta property=\"article:modified_time\" content=\"2021-01-16T23:35:36+00:00\" \/>\n<meta name=\"author\" content=\"Direcci\u00f3n de Comunicaciones Fiscal\u00eda General de la Naci\u00f3n\" \/>\n<meta name=\"twitter:card\" content=\"summary_large_image\" \/>\n<meta name=\"twitter:creator\" content=\"@FiscaliaCol\" \/>\n<meta name=\"twitter:site\" content=\"@FiscaliaCol\" \/>\n<meta name=\"twitter:label1\" content=\"Escrito por\" \/>\n\t<meta name=\"twitter:data1\" content=\"Direcci\u00f3n de Comunicaciones Fiscal\u00eda General de la Naci\u00f3n\" \/>\n\t<meta name=\"twitter:label2\" content=\"Tiempo de lectura\" \/>\n\t<meta name=\"twitter:data2\" content=\"3 minutos\" \/>\n<script type=\"application\/ld+json\" class=\"yoast-schema-graph\">{\"@context\":\"https:\/\/schema.org\",\"@graph\":[{\"@type\":\"Article\",\"@id\":\"https:\/\/www.fiscalia.gov.co\/colombia\/el-fiscal-en-los-territorios\/segundo-gran-golpe-a-banda-delincuencial-la-local-en-buenaventura-valle-del-cauca\/#article\",\"isPartOf\":{\"@id\":\"https:\/\/www.fiscalia.gov.co\/colombia\/el-fiscal-en-los-territorios\/segundo-gran-golpe-a-banda-delincuencial-la-local-en-buenaventura-valle-del-cauca\/\"},\"author\":{\"name\":\"Direcci\u00f3n de Comunicaciones Fiscal\u00eda General de la Naci\u00f3n\",\"@id\":\"https:\/\/www.fiscalia.gov.co\/colombia\/#\/schema\/person\/bf28d8ae7f1b287bbe3af484b04f43ea\"},\"headline\":\"Segundo gran golpe a banda delincuencial La Local en Buenaventura (Valle del Cauca)\",\"datePublished\":\"2021-01-16T22:17:56+00:00\",\"dateModified\":\"2021-01-16T23:35:36+00:00\",\"mainEntityOfPage\":{\"@id\":\"https:\/\/www.fiscalia.gov.co\/colombia\/el-fiscal-en-los-territorios\/segundo-gran-golpe-a-banda-delincuencial-la-local-en-buenaventura-valle-del-cauca\/\"},\"wordCount\":561,\"publisher\":{\"@id\":\"https:\/\/www.fiscalia.gov.co\/colombia\/#organization\"},\"keywords\":[\"Fiscal Francisco Barbosa Delgado\",\"La Local\"],\"articleSection\":[\"El Fiscal en los territorios\",\"Fiscal General de la Naci\u00f3n\",\"Noticias\"],\"inLanguage\":\"es-CO\"},{\"@type\":\"WebPage\",\"@id\":\"https:\/\/www.fiscalia.gov.co\/colombia\/el-fiscal-en-los-territorios\/segundo-gran-golpe-a-banda-delincuencial-la-local-en-buenaventura-valle-del-cauca\/\",\"url\":\"https:\/\/www.fiscalia.gov.co\/colombia\/el-fiscal-en-los-territorios\/segundo-gran-golpe-a-banda-delincuencial-la-local-en-buenaventura-valle-del-cauca\/\",\"name\":\"Fiscal\u00eda General de la Naci\u00f3n\",\"isPartOf\":{\"@id\":\"https:\/\/www.fiscalia.gov.co\/colombia\/#website\"},\"datePublished\":\"2021-01-16T22:17:56+00:00\",\"dateModified\":\"2021-01-16T23:35:36+00:00\",\"description\":\"P\u00e1gina oficial de la Fiscal\u00eda General de la Naci\u00f3n \u2013 Colombia. Garantizamos el acceso efectivo a la justicia, la verdad y la reparaci\u00f3n de las v\u00edctimas de los delitos.\",\"breadcrumb\":{\"@id\":\"https:\/\/www.fiscalia.gov.co\/colombia\/el-fiscal-en-los-territorios\/segundo-gran-golpe-a-banda-delincuencial-la-local-en-buenaventura-valle-del-cauca\/#breadcrumb\"},\"inLanguage\":\"es-CO\",\"potentialAction\":[{\"@type\":\"ReadAction\",\"target\":[\"https:\/\/www.fiscalia.gov.co\/colombia\/el-fiscal-en-los-territorios\/segundo-gran-golpe-a-banda-delincuencial-la-local-en-buenaventura-valle-del-cauca\/\"]}]},{\"@type\":\"BreadcrumbList\",\"@id\":\"https:\/\/www.fiscalia.gov.co\/colombia\/el-fiscal-en-los-territorios\/segundo-gran-golpe-a-banda-delincuencial-la-local-en-buenaventura-valle-del-cauca\/#breadcrumb\",\"itemListElement\":[{\"@type\":\"ListItem\",\"position\":1,\"name\":\"Home\",\"item\":\"https:\/\/www.fiscalia.gov.co\/colombia\/\"},{\"@type\":\"ListItem\",\"position\":2,\"name\":\"Segundo gran golpe a banda delincuencial La Local en Buenaventura (Valle del Cauca)\"}]},{\"@type\":\"WebSite\",\"@id\":\"https:\/\/www.fiscalia.gov.co\/colombia\/#website\",\"url\":\"https:\/\/www.fiscalia.gov.co\/colombia\/\",\"name\":\"Fiscal\u00eda General de la Naci\u00f3n\",\"description\":\"P\u00e1gina oficial de la Fiscal\u00eda General de la Naci\u00f3n \u2013 Colombia. Garantizamos el acceso efectivo a la justicia, la verdad y la reparaci\u00f3n de las v\u00edctimas de los delitos.\",\"publisher\":{\"@id\":\"https:\/\/www.fiscalia.gov.co\/colombia\/#organization\"},\"potentialAction\":[{\"@type\":\"SearchAction\",\"target\":{\"@type\":\"EntryPoint\",\"urlTemplate\":\"https:\/\/www.fiscalia.gov.co\/colombia\/?s={search_term_string}\"},\"query-input\":{\"@type\":\"PropertyValueSpecification\",\"valueRequired\":true,\"valueName\":\"search_term_string\"}}],\"inLanguage\":\"es-CO\"},{\"@type\":\"Organization\",\"@id\":\"https:\/\/www.fiscalia.gov.co\/colombia\/#organization\",\"name\":\"Fiscal\u00eda General de la Naci\u00f3n\",\"url\":\"https:\/\/www.fiscalia.gov.co\/colombia\/\",\"logo\":{\"@type\":\"ImageObject\",\"inLanguage\":\"es-CO\",\"@id\":\"https:\/\/www.fiscalia.gov.co\/colombia\/#\/schema\/logo\/image\/\",\"url\":\"https:\/\/www.fiscalia.gov.co\/colombia\/wp-content\/uploads\/LogoHorizontal_1.jpg\",\"contentUrl\":\"https:\/\/www.fiscalia.gov.co\/colombia\/wp-content\/uploads\/LogoHorizontal_1.jpg\",\"width\":300,\"height\":90,\"caption\":\"Fiscal\u00eda General de la Naci\u00f3n\"},\"image\":{\"@id\":\"https:\/\/www.fiscalia.gov.co\/colombia\/#\/schema\/logo\/image\/\"},\"sameAs\":[\"https:\/\/www.facebook.com\/FiscaliaCol\",\"https:\/\/x.com\/FiscaliaCol\",\"https:\/\/www.instagram.com\/fiscaliacol\",\"https:\/\/www.linkedin.com\/company\/fiscalia-general-de-la-naci-n\/\",\"https:\/\/youtube.com\/@fiscaliageneraldelanacion-4668?si=6nN79nyQICPU5iTh\"]},{\"@type\":\"Person\",\"@id\":\"https:\/\/www.fiscalia.gov.co\/colombia\/#\/schema\/person\/bf28d8ae7f1b287bbe3af484b04f43ea\",\"name\":\"Direcci\u00f3n de Comunicaciones Fiscal\u00eda General de la Naci\u00f3n\",\"image\":{\"@type\":\"ImageObject\",\"inLanguage\":\"es-CO\",\"@id\":\"https:\/\/www.fiscalia.gov.co\/colombia\/#\/schema\/person\/image\/\",\"url\":\"https:\/\/secure.gravatar.com\/avatar\/9d55ae161d32da16dbdd0b380c080a5f?s=96&d=mm&r=g\",\"contentUrl\":\"https:\/\/secure.gravatar.com\/avatar\/9d55ae161d32da16dbdd0b380c080a5f?s=96&d=mm&r=g\",\"caption\":\"Direcci\u00f3n de Comunicaciones Fiscal\u00eda General de la Naci\u00f3n\"},\"url\":\"https:\/\/www.fiscalia.gov.co\/colombia\/author\/kbonilla\/\"}]}<\/script>\n<!-- \/ Yoast SEO plugin. -->","yoast_head_json":{"title":"Fiscal\u00eda General de la Naci\u00f3n","description":"P\u00e1gina oficial de la Fiscal\u00eda General de la Naci\u00f3n \u2013 Colombia. Garantizamos el acceso efectivo a la justicia, la verdad y la reparaci\u00f3n de las v\u00edctimas de los delitos.","robots":{"index":"noindex","follow":"follow"},"og_locale":"es_ES","og_type":"article","og_title":"Fiscal\u00eda General de la Naci\u00f3n","og_description":"P\u00e1gina oficial de la Fiscal\u00eda General de la Naci\u00f3n \u2013 Colombia. Garantizamos el acceso efectivo a la justicia, la verdad y la reparaci\u00f3n de las v\u00edctimas de los delitos.","og_url":"https:\/\/www.fiscalia.gov.co\/colombia\/el-fiscal-en-los-territorios\/segundo-gran-golpe-a-banda-delincuencial-la-local-en-buenaventura-valle-del-cauca\/","og_site_name":"Fiscal\u00eda General de la Naci\u00f3n","article_publisher":"https:\/\/www.facebook.com\/FiscaliaCol","article_published_time":"2021-01-16T22:17:56+00:00","article_modified_time":"2021-01-16T23:35:36+00:00","author":"Direcci\u00f3n de Comunicaciones Fiscal\u00eda General de la Naci\u00f3n","twitter_card":"summary_large_image","twitter_creator":"@FiscaliaCol","twitter_site":"@FiscaliaCol","twitter_misc":{"Escrito por":"Direcci\u00f3n de Comunicaciones Fiscal\u00eda General de la Naci\u00f3n","Tiempo de lectura":"3 minutos"},"schema":{"@context":"https:\/\/schema.org","@graph":[{"@type":"Article","@id":"https:\/\/www.fiscalia.gov.co\/colombia\/el-fiscal-en-los-territorios\/segundo-gran-golpe-a-banda-delincuencial-la-local-en-buenaventura-valle-del-cauca\/#article","isPartOf":{"@id":"https:\/\/www.fiscalia.gov.co\/colombia\/el-fiscal-en-los-territorios\/segundo-gran-golpe-a-banda-delincuencial-la-local-en-buenaventura-valle-del-cauca\/"},"author":{"name":"Direcci\u00f3n de Comunicaciones Fiscal\u00eda General de la Naci\u00f3n","@id":"https:\/\/www.fiscalia.gov.co\/colombia\/#\/schema\/person\/bf28d8ae7f1b287bbe3af484b04f43ea"},"headline":"Segundo gran golpe a banda delincuencial La Local en Buenaventura (Valle del Cauca)","datePublished":"2021-01-16T22:17:56+00:00","dateModified":"2021-01-16T23:35:36+00:00","mainEntityOfPage":{"@id":"https:\/\/www.fiscalia.gov.co\/colombia\/el-fiscal-en-los-territorios\/segundo-gran-golpe-a-banda-delincuencial-la-local-en-buenaventura-valle-del-cauca\/"},"wordCount":561,"publisher":{"@id":"https:\/\/www.fiscalia.gov.co\/colombia\/#organization"},"keywords":["Fiscal Francisco Barbosa Delgado","La Local"],"articleSection":["El Fiscal en los territorios","Fiscal General de la Naci\u00f3n","Noticias"],"inLanguage":"es-CO"},{"@type":"WebPage","@id":"https:\/\/www.fiscalia.gov.co\/colombia\/el-fiscal-en-los-territorios\/segundo-gran-golpe-a-banda-delincuencial-la-local-en-buenaventura-valle-del-cauca\/","url":"https:\/\/www.fiscalia.gov.co\/colombia\/el-fiscal-en-los-territorios\/segundo-gran-golpe-a-banda-delincuencial-la-local-en-buenaventura-valle-del-cauca\/","name":"Fiscal\u00eda General de la Naci\u00f3n","isPartOf":{"@id":"https:\/\/www.fiscalia.gov.co\/colombia\/#website"},"datePublished":"2021-01-16T22:17:56+00:00","dateModified":"2021-01-16T23:35:36+00:00","description":"P\u00e1gina oficial de la Fiscal\u00eda General de la Naci\u00f3n \u2013 Colombia. Garantizamos el acceso efectivo a la justicia, la verdad y la reparaci\u00f3n de las v\u00edctimas de los delitos.","breadcrumb":{"@id":"https:\/\/www.fiscalia.gov.co\/colombia\/el-fiscal-en-los-territorios\/segundo-gran-golpe-a-banda-delincuencial-la-local-en-buenaventura-valle-del-cauca\/#breadcrumb"},"inLanguage":"es-CO","potentialAction":[{"@type":"ReadAction","target":["https:\/\/www.fiscalia.gov.co\/colombia\/el-fiscal-en-los-territorios\/segundo-gran-golpe-a-banda-delincuencial-la-local-en-buenaventura-valle-del-cauca\/"]}]},{"@type":"BreadcrumbList","@id":"https:\/\/www.fiscalia.gov.co\/colombia\/el-fiscal-en-los-territorios\/segundo-gran-golpe-a-banda-delincuencial-la-local-en-buenaventura-valle-del-cauca\/#breadcrumb","itemListElement":[{"@type":"ListItem","position":1,"name":"Home","item":"https:\/\/www.fiscalia.gov.co\/colombia\/"},{"@type":"ListItem","position":2,"name":"Segundo gran golpe a banda delincuencial La Local en Buenaventura (Valle del Cauca)"}]},{"@type":"WebSite","@id":"https:\/\/www.fiscalia.gov.co\/colombia\/#website","url":"https:\/\/www.fiscalia.gov.co\/colombia\/","name":"Fiscal\u00eda General de la Naci\u00f3n","description":"P\u00e1gina oficial de la Fiscal\u00eda General de la Naci\u00f3n \u2013 Colombia. Garantizamos el acceso efectivo a la justicia, la verdad y la reparaci\u00f3n de las v\u00edctimas de los delitos.","publisher":{"@id":"https:\/\/www.fiscalia.gov.co\/colombia\/#organization"},"potentialAction":[{"@type":"SearchAction","target":{"@type":"EntryPoint","urlTemplate":"https:\/\/www.fiscalia.gov.co\/colombia\/?s={search_term_string}"},"query-input":{"@type":"PropertyValueSpecification","valueRequired":true,"valueName":"search_term_string"}}],"inLanguage":"es-CO"},{"@type":"Organization","@id":"https:\/\/www.fiscalia.gov.co\/colombia\/#organization","name":"Fiscal\u00eda General de la Naci\u00f3n","url":"https:\/\/www.fiscalia.gov.co\/colombia\/","logo":{"@type":"ImageObject","inLanguage":"es-CO","@id":"https:\/\/www.fiscalia.gov.co\/colombia\/#\/schema\/logo\/image\/","url":"https:\/\/www.fiscalia.gov.co\/colombia\/wp-content\/uploads\/LogoHorizontal_1.jpg","contentUrl":"https:\/\/www.fiscalia.gov.co\/colombia\/wp-content\/uploads\/LogoHorizontal_1.jpg","width":300,"height":90,"caption":"Fiscal\u00eda General de la Naci\u00f3n"},"image":{"@id":"https:\/\/www.fiscalia.gov.co\/colombia\/#\/schema\/logo\/image\/"},"sameAs":["https:\/\/www.facebook.com\/FiscaliaCol","https:\/\/x.com\/FiscaliaCol","https:\/\/www.instagram.com\/fiscaliacol","https:\/\/www.linkedin.com\/company\/fiscalia-general-de-la-naci-n\/","https:\/\/youtube.com\/@fiscaliageneraldelanacion-4668?si=6nN79nyQICPU5iTh"]},{"@type":"Person","@id":"https:\/\/www.fiscalia.gov.co\/colombia\/#\/schema\/person\/bf28d8ae7f1b287bbe3af484b04f43ea","name":"Direcci\u00f3n de Comunicaciones Fiscal\u00eda General de la Naci\u00f3n","image":{"@type":"ImageObject","inLanguage":"es-CO","@id":"https:\/\/www.fiscalia.gov.co\/colombia\/#\/schema\/person\/image\/","url":"https:\/\/secure.gravatar.com\/avatar\/9d55ae161d32da16dbdd0b380c080a5f?s=96&d=mm&r=g","contentUrl":"https:\/\/secure.gravatar.com\/avatar\/9d55ae161d32da16dbdd0b380c080a5f?s=96&d=mm&r=g","caption":"Direcci\u00f3n de Comunicaciones Fiscal\u00eda General de la Naci\u00f3n"},"url":"https:\/\/www.fiscalia.gov.co\/colombia\/author\/kbonilla\/"}]}},"_links":{"self":[{"href":"https:\/\/www.fiscalia.gov.co\/colombia\/wp-json\/wp\/v2\/posts\/210886","targetHints":{"allow":["GET"]}}],"collection":[{"href":"https:\/\/www.fiscalia.gov.co\/colombia\/wp-json\/wp\/v2\/posts"}],"about":[{"href":"https:\/\/www.fiscalia.gov.co\/colombia\/wp-json\/wp\/v2\/types\/post"}],"author":[{"embeddable":true,"href":"https:\/\/www.fiscalia.gov.co\/colombia\/wp-json\/wp\/v2\/users\/162"}],"replies":[{"embeddable":true,"href":"https:\/\/www.fiscalia.gov.co\/colombia\/wp-json\/wp\/v2\/comments?post=210886"}],"version-history":[{"count":2,"href":"https:\/\/www.fiscalia.gov.co\/colombia\/wp-json\/wp\/v2\/posts\/210886\/revisions"}],"predecessor-version":[{"id":210888,"href":"https:\/\/www.fiscalia.gov.co\/colombia\/wp-json\/wp\/v2\/posts\/210886\/revisions\/210888"}],"wp:attachment":[{"href":"https:\/\/www.fiscalia.gov.co\/colombia\/wp-json\/wp\/v2\/media?parent=210886"}],"wp:term":[{"taxonomy":"category","embeddable":true,"href":"https:\/\/www.fiscalia.gov.co\/colombia\/wp-json\/wp\/v2\/categories?post=210886"},{"taxonomy":"post_tag","embeddable":true,"href":"https:\/\/www.fiscalia.gov.co\/colombia\/wp-json\/wp\/v2\/tags?post=210886"}],"curies":[{"name":"wp","href":"https:\/\/api.w.org\/{rel}","templated":true}]}}