{"id":210864,"date":"2021-01-15T20:30:29","date_gmt":"2021-01-16T01:30:29","guid":{"rendered":"https:\/\/www.fiscalia.gov.co\/colombia\/?p=210864"},"modified":"2021-01-15T20:30:29","modified_gmt":"2021-01-16T01:30:29","slug":"asegurada-alias-la-mona-como-presunta-determinadora-del-crimen-de-una-mujer-en-el-sistema-de-transporte-masivo-de-cali","status":"publish","type":"post","link":"https:\/\/www.fiscalia.gov.co\/colombia\/seccionales\/asegurada-alias-la-mona-como-presunta-determinadora-del-crimen-de-una-mujer-en-el-sistema-de-transporte-masivo-de-cali\/","title":{"rendered":"Asegurada alias la Mona como presunta determinadora del crimen de una mujer en el sistema de transporte masivo de Cali"},"content":{"rendered":"<div>\n<blockquote class=\"td_quote_box td_box_center\">\n<h4 class=\"x_MsoNormal\" style=\"text-align: left;\"><strong><i><span lang=\"ES\">Este 14 de enero fue judicializado y enviado a la c\u00e1rcel el posible autor material del homicidio, luego de que fuera identificado a trav\u00e9s de videos de las c\u00e1maras de seguridad de la estaci\u00f3n del MIO.\u00a0<\/span><\/i><\/strong><\/h4>\n<\/blockquote>\n<p class=\"x_MsoNormal\"><span lang=\"ES\">El juez tercero penal municipal de Cali (Valle del Cauca), con funci\u00f3n de control de garant\u00edas, acogi\u00f3 la petici\u00f3n de la Fiscal\u00eda e impuso\u00a0<b>medida de aseguramiento en centro carcelario<\/b>\u00a0en contra de Yuri Lorena Pe\u00f1a Guaca, alias la Mona, por ser la presunta determinadora del homicidio de Mar\u00eda Cristina Ball\u00e9n, ocurrido el 21 de noviembre de 2020 en una estaci\u00f3n del sistema de transporte masivo MIO, en esa ciudad. \u00a0<\/span><\/p>\n<p class=\"x_MsoNormal\"><span lang=\"ES\">El ente acusador le imput\u00f3 cargos por su probable responsabilidad en el delito de\u00a0<b>homicidio agravado<\/b>\u00a0en concurso con\u00a0<b>fabricaci\u00f3n, tr\u00e1fico y porte de armas de fuego agravado. \u00a0<\/b><\/span><\/p>\n<p class=\"x_MsoNormal\"><span lang=\"ES\">Mediante labores de polic\u00eda judicial, los investigadores evidenciaron que alias la Mona habr\u00eda sido quien plane\u00f3 el asesinato y cit\u00f3 en el lugar a la v\u00edctima, que precisamente la estaba esperando, en compa\u00f1\u00eda de dos menores de edad en la estaci\u00f3n Santa M\u00f3nica, cuando John Fernando Vergara Gonz\u00e1lez,\u00a0<b>alias el Diablo<\/b>, al parecer la sorprendi\u00f3 y le dispar\u00f3 varias veces, caus\u00e1ndole la muerte. \u00a0<\/span><span lang=\"ES\">\u00a0<\/span><\/p>\n<p class=\"x_MsoNormal\"><span lang=\"ES\">Servidores del Cuerpo T\u00e9cnico de Investigaci\u00f3n (CTI), junto con agentes de la Polic\u00eda Metropolitana (Mecal), capturaron a Pe\u00f1a Guaca en el barrio La Esperanza, en el oriente de la capital vallecaucana, este viernes 15 de enero. Al t\u00e9rmino de las audiencias concentradas la mujer\u00a0<b>no acept\u00f3 su responsabilidad<\/b>\u00a0y ser\u00e1 trasladada al pabell\u00f3n de mujeres de la c\u00e1rcel del municipio de Jamund\u00ed, sur del Valle.\u00a0<\/span><span lang=\"ES\">\u00a0<\/span><\/p>\n<p class=\"x_MsoNormal\"><span lang=\"ES\">En la investigaci\u00f3n se pudo establecer el nexo de la hoy procesada con alias el Diablo, para presuntamente cometer el crimen.\u00a0<\/span><\/p>\n<p class=\"x_MsoNormal\"><span lang=\"ES\">Cabe anotar que Vergara Gonz\u00e1lez de 28 a\u00f1os fue afectado con medida de aseguramiento el 14 de enero reciente, por los mismos delitos, tras su captura en el barrio Metropolitano de Cali. \u00a0<\/span><span lang=\"ES\">\u00a0<\/span><\/p>\n<p class=\"x_MsoNormal\"><span lang=\"ES\">La Seccional Cali adelanta el proceso investigativo de acuerdo con la estrategia para el esclarecimiento de homicidios, como un delito de alto impacto que afecta la seguridad ciudadana, desarrollada bajo los lineamientos del Fiscal General de la Naci\u00f3n, Francisco Barbosa Delgado.\u00a0<\/span><\/p>\n<p class=\"x_MsoNormal\"><span lang=\"ES\">La Fiscal\u00eda General de la Naci\u00f3n habla con resultados.\u00a0<\/span><\/p>\n<p class=\"x_MsoNormal\"><span lang=\"ES\">\u00a0<\/span><\/p>\n<p class=\"x_MsoNormal\"><span lang=\"ES\">JGPV\/DR\/ DLBM\/ MRC<\/span><span lang=\"ES\">.<\/span><span lang=\"ES\">\u00a0<\/span><\/p>\n<p><em><span lang=\"ES\">La informaci\u00f3n contenida en este bolet\u00edn de prensa corresponde a la narraci\u00f3n de los hechos noticiosos objetivos, suministrados por los funcionarios encargados de adelantar las investigaciones penales al interior de la Fiscal\u00eda General de la Naci\u00f3n. Para el momento de la divulgaci\u00f3n de este comunicado, la situaci\u00f3n jur\u00eddica de la(s) persona(s) relacionada(s) se encuentra pendiente de resolver por la autoridad judicial competente, siempre bajo los preceptos de la presunci\u00f3n de inocencia, consagrados en el art\u00edculo 29 de la Constituci\u00f3n Pol\u00edtica y el art\u00edculo 7\u00ba de la Ley 906 de 2004.\u00a0<\/span><\/em><\/div>\n<div><\/div>\n<div>Le puede interesar:<\/p>\n<p class=\"x_MsoNoSpacing\"><a href=\"https:\/\/www.fiscalia.gov.co\/colombia\/seccionales\/a-la-carcel-alias-el-diablo-quien-habria-asesinado-a-una-mujer-en-una-estacion-del-sistema-de-transporte-mio-en-cali\/\" target=\"_blank\" rel=\"noopener noreferrer\" data-auth=\"NotApplicable\"><span lang=\"ES\">A la c\u00e1rcel alias El Diablo, quien habr\u00eda asesinado a una mujer en una estaci\u00f3n del sistema de transporte MIO en Cali<\/span><\/a><span lang=\"ES\">\u00a0<\/span><\/p>\n<\/div>\n\n<div class=\"twitter-share\"><a href=\"https:\/\/twitter.com\/intent\/tweet?via=fiscaliacol\" class=\"twitter-share-button\">Tweet<\/a><\/div>\n","protected":false},"excerpt":{"rendered":"<p>Este 14 de enero fue judicializado y enviado a la c\u00e1rcel el posible autor material del homicidio, luego de que fuera identificado a trav\u00e9s de videos de las c\u00e1maras de seguridad de la estaci\u00f3n del MIO.\u00a0 El juez tercero penal municipal de Cali (Valle del Cauca), con funci\u00f3n de control de garant\u00edas, acogi\u00f3 la petici\u00f3n [&hellip;]<\/p>\n","protected":false},"author":162,"featured_media":0,"comment_status":"closed","ping_status":"open","sticky":false,"template":"","format":"standard","meta":{"tdm_status":"","tdm_grid_status":"","footnotes":""},"categories":[324,303,24099],"tags":[24186,409,25241,11101],"class_list":{"0":"post-210864","1":"post","2":"type-post","3":"status-publish","4":"format-standard","6":"category-seccional-cali","7":"category-seccionales","8":"category-seguridad-territorial","9":"tag-esclarecimiento","10":"tag-homicidio","11":"tag-mio","12":"tag-seguridad-ciudadana"},"yoast_head":"<!-- This site is optimized with the Yoast SEO plugin v24.3 - https:\/\/yoast.com\/wordpress\/plugins\/seo\/ -->\n<title>Fiscal\u00eda General de la Naci\u00f3n<\/title>\n<meta name=\"description\" content=\"P\u00e1gina oficial de la Fiscal\u00eda General de la Naci\u00f3n \u2013 Colombia. Garantizamos el acceso efectivo a la justicia, la verdad y la reparaci\u00f3n de las v\u00edctimas de los delitos.\" \/>\n<meta name=\"robots\" content=\"noindex, follow\" \/>\n<meta property=\"og:locale\" content=\"es_ES\" \/>\n<meta property=\"og:type\" content=\"article\" \/>\n<meta property=\"og:title\" content=\"Fiscal\u00eda General de la Naci\u00f3n\" \/>\n<meta property=\"og:description\" content=\"P\u00e1gina oficial de la Fiscal\u00eda General de la Naci\u00f3n \u2013 Colombia. Garantizamos el acceso efectivo a la justicia, la verdad y la reparaci\u00f3n de las v\u00edctimas de los delitos.\" \/>\n<meta property=\"og:url\" content=\"https:\/\/www.fiscalia.gov.co\/colombia\/seccionales\/asegurada-alias-la-mona-como-presunta-determinadora-del-crimen-de-una-mujer-en-el-sistema-de-transporte-masivo-de-cali\/\" \/>\n<meta property=\"og:site_name\" content=\"Fiscal\u00eda General de la Naci\u00f3n\" \/>\n<meta property=\"article:publisher\" content=\"https:\/\/www.facebook.com\/FiscaliaCol\" \/>\n<meta property=\"article:published_time\" content=\"2021-01-16T01:30:29+00:00\" \/>\n<meta name=\"author\" content=\"Direcci\u00f3n de Comunicaciones Fiscal\u00eda General de la Naci\u00f3n\" \/>\n<meta name=\"twitter:card\" content=\"summary_large_image\" \/>\n<meta name=\"twitter:creator\" content=\"@FiscaliaCol\" \/>\n<meta name=\"twitter:site\" content=\"@FiscaliaCol\" \/>\n<meta name=\"twitter:label1\" content=\"Escrito por\" \/>\n\t<meta name=\"twitter:data1\" content=\"Direcci\u00f3n de Comunicaciones Fiscal\u00eda General de la Naci\u00f3n\" \/>\n\t<meta name=\"twitter:label2\" content=\"Tiempo de lectura\" \/>\n\t<meta name=\"twitter:data2\" content=\"3 minutos\" \/>\n<script type=\"application\/ld+json\" class=\"yoast-schema-graph\">{\"@context\":\"https:\/\/schema.org\",\"@graph\":[{\"@type\":\"Article\",\"@id\":\"https:\/\/www.fiscalia.gov.co\/colombia\/seccionales\/asegurada-alias-la-mona-como-presunta-determinadora-del-crimen-de-una-mujer-en-el-sistema-de-transporte-masivo-de-cali\/#article\",\"isPartOf\":{\"@id\":\"https:\/\/www.fiscalia.gov.co\/colombia\/seccionales\/asegurada-alias-la-mona-como-presunta-determinadora-del-crimen-de-una-mujer-en-el-sistema-de-transporte-masivo-de-cali\/\"},\"author\":{\"name\":\"Direcci\u00f3n de Comunicaciones Fiscal\u00eda General de la Naci\u00f3n\",\"@id\":\"https:\/\/www.fiscalia.gov.co\/colombia\/#\/schema\/person\/bf28d8ae7f1b287bbe3af484b04f43ea\"},\"headline\":\"Asegurada alias la Mona como presunta determinadora del crimen de una mujer en el sistema de transporte masivo de Cali\",\"datePublished\":\"2021-01-16T01:30:29+00:00\",\"dateModified\":\"2021-01-16T01:30:29+00:00\",\"mainEntityOfPage\":{\"@id\":\"https:\/\/www.fiscalia.gov.co\/colombia\/seccionales\/asegurada-alias-la-mona-como-presunta-determinadora-del-crimen-de-una-mujer-en-el-sistema-de-transporte-masivo-de-cali\/\"},\"wordCount\":548,\"publisher\":{\"@id\":\"https:\/\/www.fiscalia.gov.co\/colombia\/#organization\"},\"keywords\":[\"Esclarecimiento\",\"Homicidio\",\"Mio\",\"Seguridad ciudadana\"],\"articleSection\":[\"Seccional Cali\",\"Seccionales\",\"Seguridad territorial\"],\"inLanguage\":\"es-CO\"},{\"@type\":\"WebPage\",\"@id\":\"https:\/\/www.fiscalia.gov.co\/colombia\/seccionales\/asegurada-alias-la-mona-como-presunta-determinadora-del-crimen-de-una-mujer-en-el-sistema-de-transporte-masivo-de-cali\/\",\"url\":\"https:\/\/www.fiscalia.gov.co\/colombia\/seccionales\/asegurada-alias-la-mona-como-presunta-determinadora-del-crimen-de-una-mujer-en-el-sistema-de-transporte-masivo-de-cali\/\",\"name\":\"Fiscal\u00eda General de la Naci\u00f3n\",\"isPartOf\":{\"@id\":\"https:\/\/www.fiscalia.gov.co\/colombia\/#website\"},\"datePublished\":\"2021-01-16T01:30:29+00:00\",\"dateModified\":\"2021-01-16T01:30:29+00:00\",\"description\":\"P\u00e1gina oficial de la Fiscal\u00eda General de la Naci\u00f3n \u2013 Colombia. Garantizamos el acceso efectivo a la justicia, la verdad y la reparaci\u00f3n de las v\u00edctimas de los delitos.\",\"breadcrumb\":{\"@id\":\"https:\/\/www.fiscalia.gov.co\/colombia\/seccionales\/asegurada-alias-la-mona-como-presunta-determinadora-del-crimen-de-una-mujer-en-el-sistema-de-transporte-masivo-de-cali\/#breadcrumb\"},\"inLanguage\":\"es-CO\",\"potentialAction\":[{\"@type\":\"ReadAction\",\"target\":[\"https:\/\/www.fiscalia.gov.co\/colombia\/seccionales\/asegurada-alias-la-mona-como-presunta-determinadora-del-crimen-de-una-mujer-en-el-sistema-de-transporte-masivo-de-cali\/\"]}]},{\"@type\":\"BreadcrumbList\",\"@id\":\"https:\/\/www.fiscalia.gov.co\/colombia\/seccionales\/asegurada-alias-la-mona-como-presunta-determinadora-del-crimen-de-una-mujer-en-el-sistema-de-transporte-masivo-de-cali\/#breadcrumb\",\"itemListElement\":[{\"@type\":\"ListItem\",\"position\":1,\"name\":\"Home\",\"item\":\"https:\/\/www.fiscalia.gov.co\/colombia\/\"},{\"@type\":\"ListItem\",\"position\":2,\"name\":\"Asegurada alias la Mona como presunta determinadora del crimen de una mujer en el sistema de transporte masivo de Cali\"}]},{\"@type\":\"WebSite\",\"@id\":\"https:\/\/www.fiscalia.gov.co\/colombia\/#website\",\"url\":\"https:\/\/www.fiscalia.gov.co\/colombia\/\",\"name\":\"Fiscal\u00eda General de la Naci\u00f3n\",\"description\":\"P\u00e1gina oficial de la Fiscal\u00eda General de la Naci\u00f3n \u2013 Colombia. Garantizamos el acceso efectivo a la justicia, la verdad y la reparaci\u00f3n de las v\u00edctimas de los delitos.\",\"publisher\":{\"@id\":\"https:\/\/www.fiscalia.gov.co\/colombia\/#organization\"},\"potentialAction\":[{\"@type\":\"SearchAction\",\"target\":{\"@type\":\"EntryPoint\",\"urlTemplate\":\"https:\/\/www.fiscalia.gov.co\/colombia\/?s={search_term_string}\"},\"query-input\":{\"@type\":\"PropertyValueSpecification\",\"valueRequired\":true,\"valueName\":\"search_term_string\"}}],\"inLanguage\":\"es-CO\"},{\"@type\":\"Organization\",\"@id\":\"https:\/\/www.fiscalia.gov.co\/colombia\/#organization\",\"name\":\"Fiscal\u00eda General de la Naci\u00f3n\",\"url\":\"https:\/\/www.fiscalia.gov.co\/colombia\/\",\"logo\":{\"@type\":\"ImageObject\",\"inLanguage\":\"es-CO\",\"@id\":\"https:\/\/www.fiscalia.gov.co\/colombia\/#\/schema\/logo\/image\/\",\"url\":\"https:\/\/www.fiscalia.gov.co\/colombia\/wp-content\/uploads\/LogoHorizontal_1.jpg\",\"contentUrl\":\"https:\/\/www.fiscalia.gov.co\/colombia\/wp-content\/uploads\/LogoHorizontal_1.jpg\",\"width\":300,\"height\":90,\"caption\":\"Fiscal\u00eda General de la Naci\u00f3n\"},\"image\":{\"@id\":\"https:\/\/www.fiscalia.gov.co\/colombia\/#\/schema\/logo\/image\/\"},\"sameAs\":[\"https:\/\/www.facebook.com\/FiscaliaCol\",\"https:\/\/x.com\/FiscaliaCol\",\"https:\/\/www.instagram.com\/fiscaliacol\",\"https:\/\/www.linkedin.com\/company\/fiscalia-general-de-la-naci-n\/\",\"https:\/\/youtube.com\/@fiscaliageneraldelanacion-4668?si=6nN79nyQICPU5iTh\"]},{\"@type\":\"Person\",\"@id\":\"https:\/\/www.fiscalia.gov.co\/colombia\/#\/schema\/person\/bf28d8ae7f1b287bbe3af484b04f43ea\",\"name\":\"Direcci\u00f3n de Comunicaciones Fiscal\u00eda General de la Naci\u00f3n\",\"image\":{\"@type\":\"ImageObject\",\"inLanguage\":\"es-CO\",\"@id\":\"https:\/\/www.fiscalia.gov.co\/colombia\/#\/schema\/person\/image\/\",\"url\":\"https:\/\/secure.gravatar.com\/avatar\/9d55ae161d32da16dbdd0b380c080a5f?s=96&d=mm&r=g\",\"contentUrl\":\"https:\/\/secure.gravatar.com\/avatar\/9d55ae161d32da16dbdd0b380c080a5f?s=96&d=mm&r=g\",\"caption\":\"Direcci\u00f3n de Comunicaciones Fiscal\u00eda General de la Naci\u00f3n\"},\"url\":\"https:\/\/www.fiscalia.gov.co\/colombia\/author\/kbonilla\/\"}]}<\/script>\n<!-- \/ Yoast SEO plugin. -->","yoast_head_json":{"title":"Fiscal\u00eda General de la Naci\u00f3n","description":"P\u00e1gina oficial de la Fiscal\u00eda General de la Naci\u00f3n \u2013 Colombia. Garantizamos el acceso efectivo a la justicia, la verdad y la reparaci\u00f3n de las v\u00edctimas de los delitos.","robots":{"index":"noindex","follow":"follow"},"og_locale":"es_ES","og_type":"article","og_title":"Fiscal\u00eda General de la Naci\u00f3n","og_description":"P\u00e1gina oficial de la Fiscal\u00eda General de la Naci\u00f3n \u2013 Colombia. Garantizamos el acceso efectivo a la justicia, la verdad y la reparaci\u00f3n de las v\u00edctimas de los delitos.","og_url":"https:\/\/www.fiscalia.gov.co\/colombia\/seccionales\/asegurada-alias-la-mona-como-presunta-determinadora-del-crimen-de-una-mujer-en-el-sistema-de-transporte-masivo-de-cali\/","og_site_name":"Fiscal\u00eda General de la Naci\u00f3n","article_publisher":"https:\/\/www.facebook.com\/FiscaliaCol","article_published_time":"2021-01-16T01:30:29+00:00","author":"Direcci\u00f3n de Comunicaciones Fiscal\u00eda General de la Naci\u00f3n","twitter_card":"summary_large_image","twitter_creator":"@FiscaliaCol","twitter_site":"@FiscaliaCol","twitter_misc":{"Escrito por":"Direcci\u00f3n de Comunicaciones Fiscal\u00eda General de la Naci\u00f3n","Tiempo de lectura":"3 minutos"},"schema":{"@context":"https:\/\/schema.org","@graph":[{"@type":"Article","@id":"https:\/\/www.fiscalia.gov.co\/colombia\/seccionales\/asegurada-alias-la-mona-como-presunta-determinadora-del-crimen-de-una-mujer-en-el-sistema-de-transporte-masivo-de-cali\/#article","isPartOf":{"@id":"https:\/\/www.fiscalia.gov.co\/colombia\/seccionales\/asegurada-alias-la-mona-como-presunta-determinadora-del-crimen-de-una-mujer-en-el-sistema-de-transporte-masivo-de-cali\/"},"author":{"name":"Direcci\u00f3n de Comunicaciones Fiscal\u00eda General de la Naci\u00f3n","@id":"https:\/\/www.fiscalia.gov.co\/colombia\/#\/schema\/person\/bf28d8ae7f1b287bbe3af484b04f43ea"},"headline":"Asegurada alias la Mona como presunta determinadora del crimen de una mujer en el sistema de transporte masivo de Cali","datePublished":"2021-01-16T01:30:29+00:00","dateModified":"2021-01-16T01:30:29+00:00","mainEntityOfPage":{"@id":"https:\/\/www.fiscalia.gov.co\/colombia\/seccionales\/asegurada-alias-la-mona-como-presunta-determinadora-del-crimen-de-una-mujer-en-el-sistema-de-transporte-masivo-de-cali\/"},"wordCount":548,"publisher":{"@id":"https:\/\/www.fiscalia.gov.co\/colombia\/#organization"},"keywords":["Esclarecimiento","Homicidio","Mio","Seguridad ciudadana"],"articleSection":["Seccional Cali","Seccionales","Seguridad territorial"],"inLanguage":"es-CO"},{"@type":"WebPage","@id":"https:\/\/www.fiscalia.gov.co\/colombia\/seccionales\/asegurada-alias-la-mona-como-presunta-determinadora-del-crimen-de-una-mujer-en-el-sistema-de-transporte-masivo-de-cali\/","url":"https:\/\/www.fiscalia.gov.co\/colombia\/seccionales\/asegurada-alias-la-mona-como-presunta-determinadora-del-crimen-de-una-mujer-en-el-sistema-de-transporte-masivo-de-cali\/","name":"Fiscal\u00eda General de la Naci\u00f3n","isPartOf":{"@id":"https:\/\/www.fiscalia.gov.co\/colombia\/#website"},"datePublished":"2021-01-16T01:30:29+00:00","dateModified":"2021-01-16T01:30:29+00:00","description":"P\u00e1gina oficial de la Fiscal\u00eda General de la Naci\u00f3n \u2013 Colombia. Garantizamos el acceso efectivo a la justicia, la verdad y la reparaci\u00f3n de las v\u00edctimas de los delitos.","breadcrumb":{"@id":"https:\/\/www.fiscalia.gov.co\/colombia\/seccionales\/asegurada-alias-la-mona-como-presunta-determinadora-del-crimen-de-una-mujer-en-el-sistema-de-transporte-masivo-de-cali\/#breadcrumb"},"inLanguage":"es-CO","potentialAction":[{"@type":"ReadAction","target":["https:\/\/www.fiscalia.gov.co\/colombia\/seccionales\/asegurada-alias-la-mona-como-presunta-determinadora-del-crimen-de-una-mujer-en-el-sistema-de-transporte-masivo-de-cali\/"]}]},{"@type":"BreadcrumbList","@id":"https:\/\/www.fiscalia.gov.co\/colombia\/seccionales\/asegurada-alias-la-mona-como-presunta-determinadora-del-crimen-de-una-mujer-en-el-sistema-de-transporte-masivo-de-cali\/#breadcrumb","itemListElement":[{"@type":"ListItem","position":1,"name":"Home","item":"https:\/\/www.fiscalia.gov.co\/colombia\/"},{"@type":"ListItem","position":2,"name":"Asegurada alias la Mona como presunta determinadora del crimen de una mujer en el sistema de transporte masivo de Cali"}]},{"@type":"WebSite","@id":"https:\/\/www.fiscalia.gov.co\/colombia\/#website","url":"https:\/\/www.fiscalia.gov.co\/colombia\/","name":"Fiscal\u00eda General de la Naci\u00f3n","description":"P\u00e1gina oficial de la Fiscal\u00eda General de la Naci\u00f3n \u2013 Colombia. Garantizamos el acceso efectivo a la justicia, la verdad y la reparaci\u00f3n de las v\u00edctimas de los delitos.","publisher":{"@id":"https:\/\/www.fiscalia.gov.co\/colombia\/#organization"},"potentialAction":[{"@type":"SearchAction","target":{"@type":"EntryPoint","urlTemplate":"https:\/\/www.fiscalia.gov.co\/colombia\/?s={search_term_string}"},"query-input":{"@type":"PropertyValueSpecification","valueRequired":true,"valueName":"search_term_string"}}],"inLanguage":"es-CO"},{"@type":"Organization","@id":"https:\/\/www.fiscalia.gov.co\/colombia\/#organization","name":"Fiscal\u00eda General de la Naci\u00f3n","url":"https:\/\/www.fiscalia.gov.co\/colombia\/","logo":{"@type":"ImageObject","inLanguage":"es-CO","@id":"https:\/\/www.fiscalia.gov.co\/colombia\/#\/schema\/logo\/image\/","url":"https:\/\/www.fiscalia.gov.co\/colombia\/wp-content\/uploads\/LogoHorizontal_1.jpg","contentUrl":"https:\/\/www.fiscalia.gov.co\/colombia\/wp-content\/uploads\/LogoHorizontal_1.jpg","width":300,"height":90,"caption":"Fiscal\u00eda General de la Naci\u00f3n"},"image":{"@id":"https:\/\/www.fiscalia.gov.co\/colombia\/#\/schema\/logo\/image\/"},"sameAs":["https:\/\/www.facebook.com\/FiscaliaCol","https:\/\/x.com\/FiscaliaCol","https:\/\/www.instagram.com\/fiscaliacol","https:\/\/www.linkedin.com\/company\/fiscalia-general-de-la-naci-n\/","https:\/\/youtube.com\/@fiscaliageneraldelanacion-4668?si=6nN79nyQICPU5iTh"]},{"@type":"Person","@id":"https:\/\/www.fiscalia.gov.co\/colombia\/#\/schema\/person\/bf28d8ae7f1b287bbe3af484b04f43ea","name":"Direcci\u00f3n de Comunicaciones Fiscal\u00eda General de la Naci\u00f3n","image":{"@type":"ImageObject","inLanguage":"es-CO","@id":"https:\/\/www.fiscalia.gov.co\/colombia\/#\/schema\/person\/image\/","url":"https:\/\/secure.gravatar.com\/avatar\/9d55ae161d32da16dbdd0b380c080a5f?s=96&d=mm&r=g","contentUrl":"https:\/\/secure.gravatar.com\/avatar\/9d55ae161d32da16dbdd0b380c080a5f?s=96&d=mm&r=g","caption":"Direcci\u00f3n de Comunicaciones Fiscal\u00eda General de la Naci\u00f3n"},"url":"https:\/\/www.fiscalia.gov.co\/colombia\/author\/kbonilla\/"}]}},"_links":{"self":[{"href":"https:\/\/www.fiscalia.gov.co\/colombia\/wp-json\/wp\/v2\/posts\/210864","targetHints":{"allow":["GET"]}}],"collection":[{"href":"https:\/\/www.fiscalia.gov.co\/colombia\/wp-json\/wp\/v2\/posts"}],"about":[{"href":"https:\/\/www.fiscalia.gov.co\/colombia\/wp-json\/wp\/v2\/types\/post"}],"author":[{"embeddable":true,"href":"https:\/\/www.fiscalia.gov.co\/colombia\/wp-json\/wp\/v2\/users\/162"}],"replies":[{"embeddable":true,"href":"https:\/\/www.fiscalia.gov.co\/colombia\/wp-json\/wp\/v2\/comments?post=210864"}],"version-history":[{"count":1,"href":"https:\/\/www.fiscalia.gov.co\/colombia\/wp-json\/wp\/v2\/posts\/210864\/revisions"}],"predecessor-version":[{"id":210865,"href":"https:\/\/www.fiscalia.gov.co\/colombia\/wp-json\/wp\/v2\/posts\/210864\/revisions\/210865"}],"wp:attachment":[{"href":"https:\/\/www.fiscalia.gov.co\/colombia\/wp-json\/wp\/v2\/media?parent=210864"}],"wp:term":[{"taxonomy":"category","embeddable":true,"href":"https:\/\/www.fiscalia.gov.co\/colombia\/wp-json\/wp\/v2\/categories?post=210864"},{"taxonomy":"post_tag","embeddable":true,"href":"https:\/\/www.fiscalia.gov.co\/colombia\/wp-json\/wp\/v2\/tags?post=210864"}],"curies":[{"name":"wp","href":"https:\/\/api.w.org\/{rel}","templated":true}]}}