{"id":210847,"date":"2021-01-15T15:14:12","date_gmt":"2021-01-15T20:14:12","guid":{"rendered":"https:\/\/www.fiscalia.gov.co\/colombia\/?p=210847"},"modified":"2021-01-15T15:15:57","modified_gmt":"2021-01-15T20:15:57","slug":"fiscalia-logra-condenan-a-27-anos-de-prision-para-el-responsable-de-asesinar-a-una-pareja-de-esposos-y-atentar-contra-sus-dos-hijas-menores-de-edad","status":"publish","type":"post","link":"https:\/\/www.fiscalia.gov.co\/colombia\/hay-justicia\/fiscalia-logra-condenan-a-27-anos-de-prision-para-el-responsable-de-asesinar-a-una-pareja-de-esposos-y-atentar-contra-sus-dos-hijas-menores-de-edad\/","title":{"rendered":"Fiscal\u00eda logra condena a 27 a\u00f1os de prisi\u00f3n para el responsable de asesinar a una pareja de esposos y atentar contra sus dos hijas menores de edad"},"content":{"rendered":"<h4><strong><i><span lang=\"es\">El hombre hac\u00eda parte del grupo delictivo Los Prestamistas\u00a0<\/span><\/i><i><span lang=\"es\">que usaba como fachada la venta de cupos de taxis para quedarse con el dinero y eliminar a sus compradores.<\/span><\/i><\/strong><\/h4>\n<p><span lang=\"es\">Sergio Andr\u00e9s Pulido Moya fue condenado a 27 a\u00f1os de prisi\u00f3n tras ser encontrado responsable por el homicidio de una pareja de esposos y de atentar contra la vida de las dos hijas menores de edad de estos.<\/span><\/p>\n<p><span lang=\"es\">La decisi\u00f3n fue adoptada ayer, 14 de enero, en audiencia virtual por un juzgado penal del circuito de Ibagu\u00e9 (Tolima), esto tras avalar el preacuerdo suscrito entre el fiscal de la Unidad de Vida de la Seccional Tolima y el implicado, quien acept\u00f3 su responsabilidad en los delitos de homicidio agravado, tentativa de homicidio; este en concurso con fabricaci\u00f3n, tr\u00e1fico y porte ilegal de armas de fuego.\u00a0<\/span><\/p>\n<p><span lang=\"es\">Seg\u00fan se logr\u00f3 determinar en la investigaci\u00f3n, Pulido Moya hac\u00eda parte de la organizaci\u00f3n delincuencial Los Prestamistas, dedicada a la venta de cupos de taxis; los cuales jam\u00e1s eran otorgados a sus compradores, quienes por el contrario eran eliminados para quedarse con las millonarias sumas de dinero entregadas.<\/span><\/p>\n<p><b><span lang=\"es\">Les dispararon frente a sus hijas<\/span><\/b><\/p>\n<p><span lang=\"es\">El crimen de la pareja, conformada por Edna Alejandra Camelo y Jaime Andr\u00e9s Murillo Bonilla, quienes se dedicaban a la comercializaci\u00f3n de verduras al por mayor, fue cometido el 15 de marzo del a\u00f1o 2017 en el barrio Las Brisas de Ibagu\u00e9. Ese d\u00eda las dos v\u00edctimas mortales se movilizaban en un veh\u00edculo con sus hijas de 2 y 5 a\u00f1os de edad. Un hombre se acerc\u00f3 al carro y sin miramientos dispar\u00f3 contra los esposos.<\/span><\/p>\n<p><span lang=\"es\">La investigaci\u00f3n adelantada por la Fiscal\u00eda evidencia c\u00f3mo luego de cometido el atentado\u00a0<\/span><span lang=\"es-CO\"><a href=\"https:\/\/www.fiscalia.gov.co\/colombia\/seccionales\/fiscalia-imputo-cargos-a-un-hombre-por-homicidio-de-una-pareja-de-comerciantes-en-ibague-tolima\/\" target=\"_blank\" rel=\"noopener noreferrer\" data-auth=\"NotApplicable\"><span lang=\"es\">Joris Manuel Illidge Choles<\/span><\/a><\/span><span lang=\"es\">,<\/span><span lang=\"es\">\u00a0autor material del crimen, abandon\u00f3 el lugar en una motocicleta conducida por Pulido Moya quien lo esperaba cerca al lugar de los hechos.\u00a0<\/span><\/p>\n<p><span lang=\"es\">De la misma manera, se comprob\u00f3 que el ahora condenado fue quien aport\u00f3 la informaci\u00f3n necesaria para que Illidge Choles ubicara el lugar de residencia de las v\u00edctimas y conociera en detalle su itinerario.\u00a0<\/span><\/p>\n<p><span lang=\"es\">Un aspecto fundamental en el marco de la investigaci\u00f3n fue el contrato que por 145 millones de pesos suscribi\u00f3 el 2 de febrero del mismo a\u00f1o la se\u00f1ora Caicedo Camelo con la empresa M&amp;M Autom\u00f3viles del Tolima S.A.S para la compra de un taxi. A pesar de esto el veh\u00edculo de transporte p\u00fablico jam\u00e1s fue recibido por la compradora. Estas, seg\u00fan las pesquisas adelantadas por la Fiscal\u00eda, fue la raz\u00f3n por la cual Murillo y Caicedo fueron asesinados.\u00a0<\/span><\/p>\n<p><span lang=\"es\">Por estos hechos varias personas ya fueron condenadas.\u00a0<\/span><\/p>\n<p><span lang=\"es\">Estos resultados hacen parte del Direccionamiento Estrat\u00e9gico 2020-2024 del Fiscal General de la Naci\u00f3n, Francisco Barbosa Delgado, en su lucha contra las organizaciones delincuenciales que afectan la seguridad ciudadana.<\/span><\/p>\n<p><span lang=\"es\">La Fiscal\u00eda hace p\u00fablica esta informaci\u00f3n por razones de inter\u00e9s general.<\/span><\/p>\n<p><b><span lang=\"es-CO\">PAAM\/MAGA\/JGSG<\/span><\/b><\/p>\n<p><b><span lang=\"es-CO\">\u00a0<\/span><\/b><\/p>\n\n<div class=\"twitter-share\"><a href=\"https:\/\/twitter.com\/intent\/tweet?via=fiscaliacol\" class=\"twitter-share-button\">Tweet<\/a><\/div>\n","protected":false},"excerpt":{"rendered":"<p>El hombre hac\u00eda parte del grupo delictivo Los Prestamistas\u00a0que usaba como fachada la venta de cupos de taxis para quedarse con el dinero y eliminar a sus compradores. Sergio Andr\u00e9s Pulido Moya fue condenado a 27 a\u00f1os de prisi\u00f3n tras ser encontrado responsable por el homicidio de una pareja de esposos y de atentar contra [&hellip;]<\/p>\n","protected":false},"author":171,"featured_media":0,"comment_status":"closed","ping_status":"open","sticky":false,"template":"","format":"standard","meta":{"_price":"","_stock":"","_tribe_ticket_header":"","_tribe_default_ticket_provider":"","_tribe_ticket_capacity":"0","_ticket_start_date":"","_ticket_end_date":"","_tribe_ticket_show_description":"","_tribe_ticket_show_not_going":false,"_tribe_ticket_use_global_stock":"","_tribe_ticket_global_stock_level":"","_global_stock_mode":"","_global_stock_cap":"","_tribe_rsvp_for_event":"","_tribe_ticket_going_count":"","_tribe_ticket_not_going_count":"","_tribe_tickets_list":"[]","_tribe_ticket_has_attendee_info_fields":false,"tdm_status":"","tdm_grid_status":"","footnotes":""},"categories":[24174,329,303],"tags":[25238,25236,24185,1047,409,23838,25235,25237,479,12189],"class_list":{"0":"post-210847","1":"post","2":"type-post","3":"status-publish","4":"format-standard","6":"category-hay-justicia","7":"category-seccional-ibague","8":"category-seccionales","9":"tag-barrio-las-brisas","10":"tag-cupo-de-taxi","11":"tag-fiscal-barbosa","12":"tag-fiscalia-general-de-la-nacion","13":"tag-homicidio","14":"tag-ibague","15":"tag-los-prestamistas","16":"tag-parejas-de-esposos","17":"tag-tentativa-de-homicidio","18":"tag-tolima"},"yoast_head":"<!-- This site is optimized with the Yoast SEO plugin v24.3 - https:\/\/yoast.com\/wordpress\/plugins\/seo\/ -->\n<title>Fiscal\u00eda General de la Naci\u00f3n<\/title>\n<meta name=\"description\" content=\"P\u00e1gina oficial de la Fiscal\u00eda General de la Naci\u00f3n \u2013 Colombia. Garantizamos el acceso efectivo a la justicia, la verdad y la reparaci\u00f3n de las v\u00edctimas de los delitos.\" \/>\n<meta name=\"robots\" content=\"noindex, follow\" \/>\n<meta property=\"og:locale\" content=\"es_ES\" \/>\n<meta property=\"og:type\" content=\"article\" \/>\n<meta property=\"og:title\" content=\"Fiscal\u00eda General de la Naci\u00f3n\" \/>\n<meta property=\"og:description\" content=\"P\u00e1gina oficial de la Fiscal\u00eda General de la Naci\u00f3n \u2013 Colombia. Garantizamos el acceso efectivo a la justicia, la verdad y la reparaci\u00f3n de las v\u00edctimas de los delitos.\" \/>\n<meta property=\"og:url\" content=\"https:\/\/www.fiscalia.gov.co\/colombia\/hay-justicia\/fiscalia-logra-condenan-a-27-anos-de-prision-para-el-responsable-de-asesinar-a-una-pareja-de-esposos-y-atentar-contra-sus-dos-hijas-menores-de-edad\/\" \/>\n<meta property=\"og:site_name\" content=\"Fiscal\u00eda General de la Naci\u00f3n\" \/>\n<meta property=\"article:publisher\" content=\"https:\/\/www.facebook.com\/FiscaliaCol\" \/>\n<meta property=\"article:published_time\" content=\"2021-01-15T20:14:12+00:00\" \/>\n<meta property=\"article:modified_time\" content=\"2021-01-15T20:15:57+00:00\" \/>\n<meta name=\"author\" content=\"Ana Mar\u00eda Gomez\" \/>\n<meta name=\"twitter:card\" content=\"summary_large_image\" \/>\n<meta name=\"twitter:creator\" content=\"@FiscaliaCol\" \/>\n<meta name=\"twitter:site\" content=\"@FiscaliaCol\" \/>\n<meta name=\"twitter:label1\" content=\"Escrito por\" \/>\n\t<meta name=\"twitter:data1\" content=\"Ana Mar\u00eda Gomez\" \/>\n\t<meta name=\"twitter:label2\" content=\"Tiempo de lectura\" \/>\n\t<meta name=\"twitter:data2\" content=\"3 minutos\" \/>\n<script type=\"application\/ld+json\" class=\"yoast-schema-graph\">{\"@context\":\"https:\/\/schema.org\",\"@graph\":[{\"@type\":\"Article\",\"@id\":\"https:\/\/www.fiscalia.gov.co\/colombia\/hay-justicia\/fiscalia-logra-condenan-a-27-anos-de-prision-para-el-responsable-de-asesinar-a-una-pareja-de-esposos-y-atentar-contra-sus-dos-hijas-menores-de-edad\/#article\",\"isPartOf\":{\"@id\":\"https:\/\/www.fiscalia.gov.co\/colombia\/hay-justicia\/fiscalia-logra-condenan-a-27-anos-de-prision-para-el-responsable-de-asesinar-a-una-pareja-de-esposos-y-atentar-contra-sus-dos-hijas-menores-de-edad\/\"},\"author\":{\"name\":\"Ana Mar\u00eda Gomez\",\"@id\":\"https:\/\/www.fiscalia.gov.co\/colombia\/#\/schema\/person\/06aa2210fe4d79203f428ff671dee360\"},\"headline\":\"Fiscal\u00eda logra condena a 27 a\u00f1os de prisi\u00f3n para el responsable de asesinar a una pareja de esposos y atentar contra sus dos hijas menores de edad\",\"datePublished\":\"2021-01-15T20:14:12+00:00\",\"dateModified\":\"2021-01-15T20:15:57+00:00\",\"mainEntityOfPage\":{\"@id\":\"https:\/\/www.fiscalia.gov.co\/colombia\/hay-justicia\/fiscalia-logra-condenan-a-27-anos-de-prision-para-el-responsable-de-asesinar-a-una-pareja-de-esposos-y-atentar-contra-sus-dos-hijas-menores-de-edad\/\"},\"wordCount\":532,\"publisher\":{\"@id\":\"https:\/\/www.fiscalia.gov.co\/colombia\/#organization\"},\"keywords\":[\"barrio Las Brisas.\",\"cupo de taxi\",\"Fiscal Barbosa\",\"Fiscal\u00eda General de la Naci\u00f3n\",\"Homicidio\",\"Ibagu\u00e9\",\"Los Prestamistas\",\"parejas de esposos\",\"Tentativa de homicidio\",\"Tolima\"],\"articleSection\":[\"Hay Justicia\",\"Seccional Ibagu\u00e9\",\"Seccionales\"],\"inLanguage\":\"es-CO\"},{\"@type\":\"WebPage\",\"@id\":\"https:\/\/www.fiscalia.gov.co\/colombia\/hay-justicia\/fiscalia-logra-condenan-a-27-anos-de-prision-para-el-responsable-de-asesinar-a-una-pareja-de-esposos-y-atentar-contra-sus-dos-hijas-menores-de-edad\/\",\"url\":\"https:\/\/www.fiscalia.gov.co\/colombia\/hay-justicia\/fiscalia-logra-condenan-a-27-anos-de-prision-para-el-responsable-de-asesinar-a-una-pareja-de-esposos-y-atentar-contra-sus-dos-hijas-menores-de-edad\/\",\"name\":\"Fiscal\u00eda General de la Naci\u00f3n\",\"isPartOf\":{\"@id\":\"https:\/\/www.fiscalia.gov.co\/colombia\/#website\"},\"datePublished\":\"2021-01-15T20:14:12+00:00\",\"dateModified\":\"2021-01-15T20:15:57+00:00\",\"description\":\"P\u00e1gina oficial de la Fiscal\u00eda General de la Naci\u00f3n \u2013 Colombia. Garantizamos el acceso efectivo a la justicia, la verdad y la reparaci\u00f3n de las v\u00edctimas de los delitos.\",\"breadcrumb\":{\"@id\":\"https:\/\/www.fiscalia.gov.co\/colombia\/hay-justicia\/fiscalia-logra-condenan-a-27-anos-de-prision-para-el-responsable-de-asesinar-a-una-pareja-de-esposos-y-atentar-contra-sus-dos-hijas-menores-de-edad\/#breadcrumb\"},\"inLanguage\":\"es-CO\",\"potentialAction\":[{\"@type\":\"ReadAction\",\"target\":[\"https:\/\/www.fiscalia.gov.co\/colombia\/hay-justicia\/fiscalia-logra-condenan-a-27-anos-de-prision-para-el-responsable-de-asesinar-a-una-pareja-de-esposos-y-atentar-contra-sus-dos-hijas-menores-de-edad\/\"]}]},{\"@type\":\"BreadcrumbList\",\"@id\":\"https:\/\/www.fiscalia.gov.co\/colombia\/hay-justicia\/fiscalia-logra-condenan-a-27-anos-de-prision-para-el-responsable-de-asesinar-a-una-pareja-de-esposos-y-atentar-contra-sus-dos-hijas-menores-de-edad\/#breadcrumb\",\"itemListElement\":[{\"@type\":\"ListItem\",\"position\":1,\"name\":\"Home\",\"item\":\"https:\/\/www.fiscalia.gov.co\/colombia\/\"},{\"@type\":\"ListItem\",\"position\":2,\"name\":\"Fiscal\u00eda logra condena a 27 a\u00f1os de prisi\u00f3n para el responsable de asesinar a una pareja de esposos y atentar contra sus dos hijas menores de edad\"}]},{\"@type\":\"WebSite\",\"@id\":\"https:\/\/www.fiscalia.gov.co\/colombia\/#website\",\"url\":\"https:\/\/www.fiscalia.gov.co\/colombia\/\",\"name\":\"Fiscal\u00eda General de la Naci\u00f3n\",\"description\":\"P\u00e1gina oficial de la Fiscal\u00eda General de la Naci\u00f3n \u2013 Colombia. Garantizamos el acceso efectivo a la justicia, la verdad y la reparaci\u00f3n de las v\u00edctimas de los delitos.\",\"publisher\":{\"@id\":\"https:\/\/www.fiscalia.gov.co\/colombia\/#organization\"},\"potentialAction\":[{\"@type\":\"SearchAction\",\"target\":{\"@type\":\"EntryPoint\",\"urlTemplate\":\"https:\/\/www.fiscalia.gov.co\/colombia\/?s={search_term_string}\"},\"query-input\":{\"@type\":\"PropertyValueSpecification\",\"valueRequired\":true,\"valueName\":\"search_term_string\"}}],\"inLanguage\":\"es-CO\"},{\"@type\":\"Organization\",\"@id\":\"https:\/\/www.fiscalia.gov.co\/colombia\/#organization\",\"name\":\"Fiscal\u00eda General de la Naci\u00f3n\",\"url\":\"https:\/\/www.fiscalia.gov.co\/colombia\/\",\"logo\":{\"@type\":\"ImageObject\",\"inLanguage\":\"es-CO\",\"@id\":\"https:\/\/www.fiscalia.gov.co\/colombia\/#\/schema\/logo\/image\/\",\"url\":\"https:\/\/www.fiscalia.gov.co\/colombia\/wp-content\/uploads\/LogoHorizontal_1.jpg\",\"contentUrl\":\"https:\/\/www.fiscalia.gov.co\/colombia\/wp-content\/uploads\/LogoHorizontal_1.jpg\",\"width\":300,\"height\":90,\"caption\":\"Fiscal\u00eda General de la Naci\u00f3n\"},\"image\":{\"@id\":\"https:\/\/www.fiscalia.gov.co\/colombia\/#\/schema\/logo\/image\/\"},\"sameAs\":[\"https:\/\/www.facebook.com\/FiscaliaCol\",\"https:\/\/x.com\/FiscaliaCol\",\"https:\/\/www.instagram.com\/fiscaliacol\",\"https:\/\/www.linkedin.com\/company\/fiscalia-general-de-la-naci-n\/\",\"https:\/\/youtube.com\/@fiscaliageneraldelanacion-4668?si=6nN79nyQICPU5iTh\"]},{\"@type\":\"Person\",\"@id\":\"https:\/\/www.fiscalia.gov.co\/colombia\/#\/schema\/person\/06aa2210fe4d79203f428ff671dee360\",\"name\":\"Ana Mar\u00eda Gomez\",\"image\":{\"@type\":\"ImageObject\",\"inLanguage\":\"es-CO\",\"@id\":\"https:\/\/www.fiscalia.gov.co\/colombia\/#\/schema\/person\/image\/\",\"url\":\"https:\/\/secure.gravatar.com\/avatar\/a38115d98a7f8a96cbb96af2b2c37a0b?s=96&d=mm&r=g\",\"contentUrl\":\"https:\/\/secure.gravatar.com\/avatar\/a38115d98a7f8a96cbb96af2b2c37a0b?s=96&d=mm&r=g\",\"caption\":\"Ana Mar\u00eda Gomez\"},\"url\":\"https:\/\/www.fiscalia.gov.co\/colombia\/author\/agomez\/\"}]}<\/script>\n<!-- \/ Yoast SEO plugin. -->","yoast_head_json":{"title":"Fiscal\u00eda General de la Naci\u00f3n","description":"P\u00e1gina oficial de la Fiscal\u00eda General de la Naci\u00f3n \u2013 Colombia. Garantizamos el acceso efectivo a la justicia, la verdad y la reparaci\u00f3n de las v\u00edctimas de los delitos.","robots":{"index":"noindex","follow":"follow"},"og_locale":"es_ES","og_type":"article","og_title":"Fiscal\u00eda General de la Naci\u00f3n","og_description":"P\u00e1gina oficial de la Fiscal\u00eda General de la Naci\u00f3n \u2013 Colombia. Garantizamos el acceso efectivo a la justicia, la verdad y la reparaci\u00f3n de las v\u00edctimas de los delitos.","og_url":"https:\/\/www.fiscalia.gov.co\/colombia\/hay-justicia\/fiscalia-logra-condenan-a-27-anos-de-prision-para-el-responsable-de-asesinar-a-una-pareja-de-esposos-y-atentar-contra-sus-dos-hijas-menores-de-edad\/","og_site_name":"Fiscal\u00eda General de la Naci\u00f3n","article_publisher":"https:\/\/www.facebook.com\/FiscaliaCol","article_published_time":"2021-01-15T20:14:12+00:00","article_modified_time":"2021-01-15T20:15:57+00:00","author":"Ana Mar\u00eda Gomez","twitter_card":"summary_large_image","twitter_creator":"@FiscaliaCol","twitter_site":"@FiscaliaCol","twitter_misc":{"Escrito por":"Ana Mar\u00eda Gomez","Tiempo de lectura":"3 minutos"},"schema":{"@context":"https:\/\/schema.org","@graph":[{"@type":"Article","@id":"https:\/\/www.fiscalia.gov.co\/colombia\/hay-justicia\/fiscalia-logra-condenan-a-27-anos-de-prision-para-el-responsable-de-asesinar-a-una-pareja-de-esposos-y-atentar-contra-sus-dos-hijas-menores-de-edad\/#article","isPartOf":{"@id":"https:\/\/www.fiscalia.gov.co\/colombia\/hay-justicia\/fiscalia-logra-condenan-a-27-anos-de-prision-para-el-responsable-de-asesinar-a-una-pareja-de-esposos-y-atentar-contra-sus-dos-hijas-menores-de-edad\/"},"author":{"name":"Ana Mar\u00eda Gomez","@id":"https:\/\/www.fiscalia.gov.co\/colombia\/#\/schema\/person\/06aa2210fe4d79203f428ff671dee360"},"headline":"Fiscal\u00eda logra condena a 27 a\u00f1os de prisi\u00f3n para el responsable de asesinar a una pareja de esposos y atentar contra sus dos hijas menores de edad","datePublished":"2021-01-15T20:14:12+00:00","dateModified":"2021-01-15T20:15:57+00:00","mainEntityOfPage":{"@id":"https:\/\/www.fiscalia.gov.co\/colombia\/hay-justicia\/fiscalia-logra-condenan-a-27-anos-de-prision-para-el-responsable-de-asesinar-a-una-pareja-de-esposos-y-atentar-contra-sus-dos-hijas-menores-de-edad\/"},"wordCount":532,"publisher":{"@id":"https:\/\/www.fiscalia.gov.co\/colombia\/#organization"},"keywords":["barrio Las Brisas.","cupo de taxi","Fiscal Barbosa","Fiscal\u00eda General de la Naci\u00f3n","Homicidio","Ibagu\u00e9","Los Prestamistas","parejas de esposos","Tentativa de homicidio","Tolima"],"articleSection":["Hay Justicia","Seccional Ibagu\u00e9","Seccionales"],"inLanguage":"es-CO"},{"@type":"WebPage","@id":"https:\/\/www.fiscalia.gov.co\/colombia\/hay-justicia\/fiscalia-logra-condenan-a-27-anos-de-prision-para-el-responsable-de-asesinar-a-una-pareja-de-esposos-y-atentar-contra-sus-dos-hijas-menores-de-edad\/","url":"https:\/\/www.fiscalia.gov.co\/colombia\/hay-justicia\/fiscalia-logra-condenan-a-27-anos-de-prision-para-el-responsable-de-asesinar-a-una-pareja-de-esposos-y-atentar-contra-sus-dos-hijas-menores-de-edad\/","name":"Fiscal\u00eda General de la Naci\u00f3n","isPartOf":{"@id":"https:\/\/www.fiscalia.gov.co\/colombia\/#website"},"datePublished":"2021-01-15T20:14:12+00:00","dateModified":"2021-01-15T20:15:57+00:00","description":"P\u00e1gina oficial de la Fiscal\u00eda General de la Naci\u00f3n \u2013 Colombia. Garantizamos el acceso efectivo a la justicia, la verdad y la reparaci\u00f3n de las v\u00edctimas de los delitos.","breadcrumb":{"@id":"https:\/\/www.fiscalia.gov.co\/colombia\/hay-justicia\/fiscalia-logra-condenan-a-27-anos-de-prision-para-el-responsable-de-asesinar-a-una-pareja-de-esposos-y-atentar-contra-sus-dos-hijas-menores-de-edad\/#breadcrumb"},"inLanguage":"es-CO","potentialAction":[{"@type":"ReadAction","target":["https:\/\/www.fiscalia.gov.co\/colombia\/hay-justicia\/fiscalia-logra-condenan-a-27-anos-de-prision-para-el-responsable-de-asesinar-a-una-pareja-de-esposos-y-atentar-contra-sus-dos-hijas-menores-de-edad\/"]}]},{"@type":"BreadcrumbList","@id":"https:\/\/www.fiscalia.gov.co\/colombia\/hay-justicia\/fiscalia-logra-condenan-a-27-anos-de-prision-para-el-responsable-de-asesinar-a-una-pareja-de-esposos-y-atentar-contra-sus-dos-hijas-menores-de-edad\/#breadcrumb","itemListElement":[{"@type":"ListItem","position":1,"name":"Home","item":"https:\/\/www.fiscalia.gov.co\/colombia\/"},{"@type":"ListItem","position":2,"name":"Fiscal\u00eda logra condena a 27 a\u00f1os de prisi\u00f3n para el responsable de asesinar a una pareja de esposos y atentar contra sus dos hijas menores de edad"}]},{"@type":"WebSite","@id":"https:\/\/www.fiscalia.gov.co\/colombia\/#website","url":"https:\/\/www.fiscalia.gov.co\/colombia\/","name":"Fiscal\u00eda General de la Naci\u00f3n","description":"P\u00e1gina oficial de la Fiscal\u00eda General de la Naci\u00f3n \u2013 Colombia. Garantizamos el acceso efectivo a la justicia, la verdad y la reparaci\u00f3n de las v\u00edctimas de los delitos.","publisher":{"@id":"https:\/\/www.fiscalia.gov.co\/colombia\/#organization"},"potentialAction":[{"@type":"SearchAction","target":{"@type":"EntryPoint","urlTemplate":"https:\/\/www.fiscalia.gov.co\/colombia\/?s={search_term_string}"},"query-input":{"@type":"PropertyValueSpecification","valueRequired":true,"valueName":"search_term_string"}}],"inLanguage":"es-CO"},{"@type":"Organization","@id":"https:\/\/www.fiscalia.gov.co\/colombia\/#organization","name":"Fiscal\u00eda General de la Naci\u00f3n","url":"https:\/\/www.fiscalia.gov.co\/colombia\/","logo":{"@type":"ImageObject","inLanguage":"es-CO","@id":"https:\/\/www.fiscalia.gov.co\/colombia\/#\/schema\/logo\/image\/","url":"https:\/\/www.fiscalia.gov.co\/colombia\/wp-content\/uploads\/LogoHorizontal_1.jpg","contentUrl":"https:\/\/www.fiscalia.gov.co\/colombia\/wp-content\/uploads\/LogoHorizontal_1.jpg","width":300,"height":90,"caption":"Fiscal\u00eda General de la Naci\u00f3n"},"image":{"@id":"https:\/\/www.fiscalia.gov.co\/colombia\/#\/schema\/logo\/image\/"},"sameAs":["https:\/\/www.facebook.com\/FiscaliaCol","https:\/\/x.com\/FiscaliaCol","https:\/\/www.instagram.com\/fiscaliacol","https:\/\/www.linkedin.com\/company\/fiscalia-general-de-la-naci-n\/","https:\/\/youtube.com\/@fiscaliageneraldelanacion-4668?si=6nN79nyQICPU5iTh"]},{"@type":"Person","@id":"https:\/\/www.fiscalia.gov.co\/colombia\/#\/schema\/person\/06aa2210fe4d79203f428ff671dee360","name":"Ana Mar\u00eda Gomez","image":{"@type":"ImageObject","inLanguage":"es-CO","@id":"https:\/\/www.fiscalia.gov.co\/colombia\/#\/schema\/person\/image\/","url":"https:\/\/secure.gravatar.com\/avatar\/a38115d98a7f8a96cbb96af2b2c37a0b?s=96&d=mm&r=g","contentUrl":"https:\/\/secure.gravatar.com\/avatar\/a38115d98a7f8a96cbb96af2b2c37a0b?s=96&d=mm&r=g","caption":"Ana Mar\u00eda Gomez"},"url":"https:\/\/www.fiscalia.gov.co\/colombia\/author\/agomez\/"}]}},"_links":{"self":[{"href":"https:\/\/www.fiscalia.gov.co\/colombia\/wp-json\/wp\/v2\/posts\/210847","targetHints":{"allow":["GET"]}}],"collection":[{"href":"https:\/\/www.fiscalia.gov.co\/colombia\/wp-json\/wp\/v2\/posts"}],"about":[{"href":"https:\/\/www.fiscalia.gov.co\/colombia\/wp-json\/wp\/v2\/types\/post"}],"author":[{"embeddable":true,"href":"https:\/\/www.fiscalia.gov.co\/colombia\/wp-json\/wp\/v2\/users\/171"}],"replies":[{"embeddable":true,"href":"https:\/\/www.fiscalia.gov.co\/colombia\/wp-json\/wp\/v2\/comments?post=210847"}],"version-history":[{"count":2,"href":"https:\/\/www.fiscalia.gov.co\/colombia\/wp-json\/wp\/v2\/posts\/210847\/revisions"}],"predecessor-version":[{"id":210849,"href":"https:\/\/www.fiscalia.gov.co\/colombia\/wp-json\/wp\/v2\/posts\/210847\/revisions\/210849"}],"wp:attachment":[{"href":"https:\/\/www.fiscalia.gov.co\/colombia\/wp-json\/wp\/v2\/media?parent=210847"}],"wp:term":[{"taxonomy":"category","embeddable":true,"href":"https:\/\/www.fiscalia.gov.co\/colombia\/wp-json\/wp\/v2\/categories?post=210847"},{"taxonomy":"post_tag","embeddable":true,"href":"https:\/\/www.fiscalia.gov.co\/colombia\/wp-json\/wp\/v2\/tags?post=210847"}],"curies":[{"name":"wp","href":"https:\/\/api.w.org\/{rel}","templated":true}]}}