{"id":210787,"date":"2021-01-15T06:52:05","date_gmt":"2021-01-15T11:52:05","guid":{"rendered":"https:\/\/www.fiscalia.gov.co\/colombia\/?p=210787"},"modified":"2021-01-18T09:29:49","modified_gmt":"2021-01-18T14:29:49","slug":"a-prision-presunto-responsable-de-la-muerte-de-un-reincorporado-de-las-farc-en-meta","status":"publish","type":"post","link":"https:\/\/www.fiscalia.gov.co\/colombia\/defensores\/a-prision-presunto-responsable-de-la-muerte-de-un-reincorporado-de-las-farc-en-meta\/","title":{"rendered":"A prisi\u00f3n presunto responsable de la muerte de un reincorporado de las Farc en Meta"},"content":{"rendered":"<div>\n<p>En cumplimiento de la estrategia de esclarecimiento de afectaciones a reincorporados definida por el Fiscal General de la Naci\u00f3n, Francisco Barbosa Delgado, la\u00a0<a href=\"https:\/\/www.fiscalia.gov.co\/colombia\/seccionales\/capturado-alias-alvaro-boyaco-presunto-cabecilla-de-grupo-residual-responsable-de-afectaciones-contra-reincorporados-y-defensores-de-derechos-humanos-en-el-oriente-del-pais\/\" data-auth=\"NotApplicable\"><strong>Unidad Especial de Investigaci\u00f3n (UEI)\u00a0<\/strong><\/a>obtuvo medida de aseguramiento intramuros en contra de Yhon Edison Sarmiento Reyes,<strong>\u00a0alias Yhon Negro,<\/strong>\u00a0como\u00a0presunto responsable de la\u00a0<strong>muerte de Jos\u00e9 Alfredo Garc\u00eda Guti\u00e9rrez, reincorporado de las Farc,\u00a0<\/strong>ocurrida el 15 de julio de 2019 en la vereda Salitre de La Uribe (Meta).<\/p>\n<figure id=\"attachment_210791\" aria-describedby=\"caption-attachment-210791\" style=\"width: 350px\" class=\"wp-caption alignleft\"><img loading=\"lazy\" decoding=\"async\" class=\"wp-image-210791\" src=\"https:\/\/www.fiscalia.gov.co\/colombia\/wp-content\/uploads\/yhon-edison-sarmiento-reyes-homicidio-reincorporado-UEI-Meta-2--1024x1024.jpeg\" alt=\"\" width=\"350\" height=\"350\" srcset=\"https:\/\/www.fiscalia.gov.co\/colombia\/wp-content\/uploads\/yhon-edison-sarmiento-reyes-homicidio-reincorporado-UEI-Meta-2--1024x1024.jpeg 1024w, https:\/\/www.fiscalia.gov.co\/colombia\/wp-content\/uploads\/yhon-edison-sarmiento-reyes-homicidio-reincorporado-UEI-Meta-2--300x300.jpeg 300w, https:\/\/www.fiscalia.gov.co\/colombia\/wp-content\/uploads\/yhon-edison-sarmiento-reyes-homicidio-reincorporado-UEI-Meta-2--150x150.jpeg 150w, https:\/\/www.fiscalia.gov.co\/colombia\/wp-content\/uploads\/yhon-edison-sarmiento-reyes-homicidio-reincorporado-UEI-Meta-2--768x768.jpeg 768w, https:\/\/www.fiscalia.gov.co\/colombia\/wp-content\/uploads\/yhon-edison-sarmiento-reyes-homicidio-reincorporado-UEI-Meta-2--696x696.jpeg 696w, https:\/\/www.fiscalia.gov.co\/colombia\/wp-content\/uploads\/yhon-edison-sarmiento-reyes-homicidio-reincorporado-UEI-Meta-2--1068x1068.jpeg 1068w, https:\/\/www.fiscalia.gov.co\/colombia\/wp-content\/uploads\/yhon-edison-sarmiento-reyes-homicidio-reincorporado-UEI-Meta-2--420x420.jpeg 420w, https:\/\/www.fiscalia.gov.co\/colombia\/wp-content\/uploads\/yhon-edison-sarmiento-reyes-homicidio-reincorporado-UEI-Meta-2-.jpeg 1280w\" sizes=\"auto, (max-width: 350px) 100vw, 350px\" \/><figcaption id=\"caption-attachment-210791\" class=\"wp-caption-text\">El capturado Yhon Edison Sarmiento Reyes al parecer era integrante del grupo armado residual E-40.<\/figcaption><\/figure>\n<p>El detenido ser\u00eda un posible integrante del Grupo Armado Organizado Residual (Gaor) E-40.<\/p>\n<p>Mediante orden judicial, investigadores del Grupo Especial de Polic\u00eda Judicial CTI de la UEI, en un trabajo interinstitucional con uniformados de dos batallones del Ej\u00e9rcito Nacional, materializaron la captura de Sarmiento Reyes en la vereda Papamene, jurisdicci\u00f3n de La Uribe, el 7 de enero \u00faltimo.<\/p>\n<p>Ante el Juzgado Segundo Promiscuo Municipal de San Mart\u00edn (Meta), la Fiscal\u00eda le imput\u00f3 cargos a alias Yhon Negro por los delitos de homicidio agravado, concierto para delinquir, y fabricaci\u00f3n, tr\u00e1fico, porte o tenencia de armas, accesorios, partes o municiones agravado. El procesado no acept\u00f3 su responsabilidad.<\/p>\n<p>El ente acusador hace p\u00fablica esta informaci\u00f3n por razones de inter\u00e9s general.<\/p>\n<p>La Fiscal\u00eda General de la Naci\u00f3n habla con resultados.<\/p>\n<p>PYMP\/DLBM\/HC\/MRC<\/p>\n<\/div>\n<div>\n<div><em><span lang=\"ES\">La informaci\u00f3n contenida en este bolet\u00edn de prensa corresponde a la narraci\u00f3n de los hechos noticiosos objetivos, suministrados por los funcionarios encargados de adelantar las investigaciones penales al interior de la Fiscal\u00eda General de la Naci\u00f3n. Para el momento de la divulgaci\u00f3n de este comunicado, la situaci\u00f3n jur\u00eddica de la(s) persona(s) relacionada(s) se encuentra pendiente de resolver por la autoridad judicial competente, siempre bajo los preceptos de la presunci\u00f3n de inocencia, consagrados en el art\u00edculo 29 de la Constituci\u00f3n Pol\u00edtica y el art\u00edculo 7\u00ba de la Ley 906 de 2004.\u00a0<\/span><\/em><\/div>\n<\/div>\n\n<div class=\"twitter-share\"><a href=\"https:\/\/twitter.com\/intent\/tweet?via=fiscaliacol\" class=\"twitter-share-button\">Tweet<\/a><\/div>\n","protected":false},"excerpt":{"rendered":"<p>En cumplimiento de la estrategia de esclarecimiento de afectaciones a reincorporados definida por el Fiscal General de la Naci\u00f3n, Francisco Barbosa Delgado, la\u00a0Unidad Especial de Investigaci\u00f3n (UEI)\u00a0obtuvo medida de aseguramiento [&hellip;]<\/p>\n","protected":false},"author":171,"featured_media":0,"comment_status":"closed","ping_status":"open","sticky":false,"template":"","format":"video","meta":{"tdm_status":"","tdm_grid_status":"","footnotes":""},"categories":[24176,688,303],"tags":[83,24305,24187,1047,409,25222,8960,24451],"class_list":["post-210787","post","type-post","status-publish","format-video","category-defensores","category-seccional-villavicencio","category-seccionales","tag-concierto-para-delinquir","tag-fiscal-general-francisco-barbosa","tag-fiscalia-colombia","tag-fiscalia-general-de-la-nacion","tag-homicidio","tag-reincorporado-farc","tag-trafico-ilegal-de-armas","tag-unidad-especial-de-investigacion","post_format-post-format-video"],"yoast_head":"<!-- This site is optimized with the Yoast SEO plugin v24.3 - https:\/\/yoast.com\/wordpress\/plugins\/seo\/ -->\n<title>Fiscal\u00eda General de la Naci\u00f3n<\/title>\n<meta name=\"description\" content=\"P\u00e1gina oficial de la Fiscal\u00eda General de la Naci\u00f3n \u2013 Colombia. Garantizamos el acceso efectivo a la justicia, la verdad y la reparaci\u00f3n de las v\u00edctimas de los delitos.\" \/>\n<meta name=\"robots\" content=\"noindex, follow\" \/>\n<meta property=\"og:locale\" content=\"es_ES\" \/>\n<meta property=\"og:type\" content=\"article\" \/>\n<meta property=\"og:title\" content=\"Fiscal\u00eda General de la Naci\u00f3n\" \/>\n<meta property=\"og:description\" content=\"P\u00e1gina oficial de la Fiscal\u00eda General de la Naci\u00f3n \u2013 Colombia. Garantizamos el acceso efectivo a la justicia, la verdad y la reparaci\u00f3n de las v\u00edctimas de los delitos.\" \/>\n<meta property=\"og:url\" content=\"https:\/\/www.fiscalia.gov.co\/colombia\/defensores\/a-prision-presunto-responsable-de-la-muerte-de-un-reincorporado-de-las-farc-en-meta\/\" \/>\n<meta property=\"og:site_name\" content=\"Fiscal\u00eda General de la Naci\u00f3n\" \/>\n<meta property=\"article:publisher\" content=\"https:\/\/www.facebook.com\/FiscaliaCol\" \/>\n<meta property=\"article:published_time\" content=\"2021-01-15T11:52:05+00:00\" \/>\n<meta property=\"article:modified_time\" content=\"2021-01-18T14:29:49+00:00\" \/>\n<meta property=\"og:image\" content=\"https:\/\/www.fiscalia.gov.co\/colombia\/wp-content\/uploads\/yhon-edison-sarmiento-reyes-homicidio-reincorporado-UEI-Meta-2--1024x1024.jpeg\" \/>\n<meta name=\"author\" content=\"Ana Mar\u00eda Gomez\" \/>\n<meta name=\"twitter:card\" content=\"summary_large_image\" \/>\n<meta name=\"twitter:creator\" content=\"@FiscaliaCol\" \/>\n<meta name=\"twitter:site\" content=\"@FiscaliaCol\" \/>\n<meta name=\"twitter:label1\" content=\"Escrito por\" \/>\n\t<meta name=\"twitter:data1\" content=\"Ana Mar\u00eda Gomez\" \/>\n\t<meta name=\"twitter:label2\" content=\"Tiempo de lectura\" \/>\n\t<meta name=\"twitter:data2\" content=\"2 minutos\" \/>\n<script type=\"application\/ld+json\" class=\"yoast-schema-graph\">{\"@context\":\"https:\/\/schema.org\",\"@graph\":[{\"@type\":\"Article\",\"@id\":\"https:\/\/www.fiscalia.gov.co\/colombia\/defensores\/a-prision-presunto-responsable-de-la-muerte-de-un-reincorporado-de-las-farc-en-meta\/#article\",\"isPartOf\":{\"@id\":\"https:\/\/www.fiscalia.gov.co\/colombia\/defensores\/a-prision-presunto-responsable-de-la-muerte-de-un-reincorporado-de-las-farc-en-meta\/\"},\"author\":{\"name\":\"Ana Mar\u00eda Gomez\",\"@id\":\"https:\/\/www.fiscalia.gov.co\/colombia\/#\/schema\/person\/06aa2210fe4d79203f428ff671dee360\"},\"headline\":\"A prisi\u00f3n presunto responsable de la muerte de un reincorporado de las Farc en Meta\",\"datePublished\":\"2021-01-15T11:52:05+00:00\",\"dateModified\":\"2021-01-18T14:29:49+00:00\",\"mainEntityOfPage\":{\"@id\":\"https:\/\/www.fiscalia.gov.co\/colombia\/defensores\/a-prision-presunto-responsable-de-la-muerte-de-un-reincorporado-de-las-farc-en-meta\/\"},\"wordCount\":357,\"publisher\":{\"@id\":\"https:\/\/www.fiscalia.gov.co\/colombia\/#organization\"},\"image\":{\"@id\":\"https:\/\/www.fiscalia.gov.co\/colombia\/defensores\/a-prision-presunto-responsable-de-la-muerte-de-un-reincorporado-de-las-farc-en-meta\/#primaryimage\"},\"thumbnailUrl\":\"https:\/\/www.fiscalia.gov.co\/colombia\/wp-content\/uploads\/yhon-edison-sarmiento-reyes-homicidio-reincorporado-UEI-Meta-2--1024x1024.jpeg\",\"keywords\":[\"Concierto para delinquir\",\"Fiscal General Francisco Barbosa\",\"Fiscal\u00eda Colombia\",\"Fiscal\u00eda General de la Naci\u00f3n\",\"Homicidio\",\"reincorporado Farc\",\"Tr\u00e1fico ilegal de armas\",\"Unidad Especial de Investigaci\u00f3n\"],\"articleSection\":[\"Defensores\",\"Seccional Villavicencio\",\"Seccionales\"],\"inLanguage\":\"es-CO\"},{\"@type\":\"WebPage\",\"@id\":\"https:\/\/www.fiscalia.gov.co\/colombia\/defensores\/a-prision-presunto-responsable-de-la-muerte-de-un-reincorporado-de-las-farc-en-meta\/\",\"url\":\"https:\/\/www.fiscalia.gov.co\/colombia\/defensores\/a-prision-presunto-responsable-de-la-muerte-de-un-reincorporado-de-las-farc-en-meta\/\",\"name\":\"Fiscal\u00eda General de la Naci\u00f3n\",\"isPartOf\":{\"@id\":\"https:\/\/www.fiscalia.gov.co\/colombia\/#website\"},\"primaryImageOfPage\":{\"@id\":\"https:\/\/www.fiscalia.gov.co\/colombia\/defensores\/a-prision-presunto-responsable-de-la-muerte-de-un-reincorporado-de-las-farc-en-meta\/#primaryimage\"},\"image\":{\"@id\":\"https:\/\/www.fiscalia.gov.co\/colombia\/defensores\/a-prision-presunto-responsable-de-la-muerte-de-un-reincorporado-de-las-farc-en-meta\/#primaryimage\"},\"thumbnailUrl\":\"https:\/\/www.fiscalia.gov.co\/colombia\/wp-content\/uploads\/yhon-edison-sarmiento-reyes-homicidio-reincorporado-UEI-Meta-2--1024x1024.jpeg\",\"datePublished\":\"2021-01-15T11:52:05+00:00\",\"dateModified\":\"2021-01-18T14:29:49+00:00\",\"description\":\"P\u00e1gina oficial de la Fiscal\u00eda General de la Naci\u00f3n \u2013 Colombia. Garantizamos el acceso efectivo a la justicia, la verdad y la reparaci\u00f3n de las v\u00edctimas de los delitos.\",\"breadcrumb\":{\"@id\":\"https:\/\/www.fiscalia.gov.co\/colombia\/defensores\/a-prision-presunto-responsable-de-la-muerte-de-un-reincorporado-de-las-farc-en-meta\/#breadcrumb\"},\"inLanguage\":\"es-CO\",\"potentialAction\":[{\"@type\":\"ReadAction\",\"target\":[\"https:\/\/www.fiscalia.gov.co\/colombia\/defensores\/a-prision-presunto-responsable-de-la-muerte-de-un-reincorporado-de-las-farc-en-meta\/\"]}]},{\"@type\":\"ImageObject\",\"inLanguage\":\"es-CO\",\"@id\":\"https:\/\/www.fiscalia.gov.co\/colombia\/defensores\/a-prision-presunto-responsable-de-la-muerte-de-un-reincorporado-de-las-farc-en-meta\/#primaryimage\",\"url\":\"https:\/\/www.fiscalia.gov.co\/colombia\/wp-content\/uploads\/yhon-edison-sarmiento-reyes-homicidio-reincorporado-UEI-Meta-2--1024x1024.jpeg\",\"contentUrl\":\"https:\/\/www.fiscalia.gov.co\/colombia\/wp-content\/uploads\/yhon-edison-sarmiento-reyes-homicidio-reincorporado-UEI-Meta-2--1024x1024.jpeg\"},{\"@type\":\"BreadcrumbList\",\"@id\":\"https:\/\/www.fiscalia.gov.co\/colombia\/defensores\/a-prision-presunto-responsable-de-la-muerte-de-un-reincorporado-de-las-farc-en-meta\/#breadcrumb\",\"itemListElement\":[{\"@type\":\"ListItem\",\"position\":1,\"name\":\"Home\",\"item\":\"https:\/\/www.fiscalia.gov.co\/colombia\/\"},{\"@type\":\"ListItem\",\"position\":2,\"name\":\"A prisi\u00f3n presunto responsable de la muerte de un reincorporado de las Farc en Meta\"}]},{\"@type\":\"WebSite\",\"@id\":\"https:\/\/www.fiscalia.gov.co\/colombia\/#website\",\"url\":\"https:\/\/www.fiscalia.gov.co\/colombia\/\",\"name\":\"Fiscal\u00eda General de la Naci\u00f3n\",\"description\":\"P\u00e1gina oficial de la Fiscal\u00eda General de la Naci\u00f3n \u2013 Colombia. Garantizamos el acceso efectivo a la justicia, la verdad y la reparaci\u00f3n de las v\u00edctimas de los delitos.\",\"publisher\":{\"@id\":\"https:\/\/www.fiscalia.gov.co\/colombia\/#organization\"},\"potentialAction\":[{\"@type\":\"SearchAction\",\"target\":{\"@type\":\"EntryPoint\",\"urlTemplate\":\"https:\/\/www.fiscalia.gov.co\/colombia\/?s={search_term_string}\"},\"query-input\":{\"@type\":\"PropertyValueSpecification\",\"valueRequired\":true,\"valueName\":\"search_term_string\"}}],\"inLanguage\":\"es-CO\"},{\"@type\":\"Organization\",\"@id\":\"https:\/\/www.fiscalia.gov.co\/colombia\/#organization\",\"name\":\"Fiscal\u00eda General de la Naci\u00f3n\",\"url\":\"https:\/\/www.fiscalia.gov.co\/colombia\/\",\"logo\":{\"@type\":\"ImageObject\",\"inLanguage\":\"es-CO\",\"@id\":\"https:\/\/www.fiscalia.gov.co\/colombia\/#\/schema\/logo\/image\/\",\"url\":\"https:\/\/www.fiscalia.gov.co\/colombia\/wp-content\/uploads\/LogoHorizontal_1.jpg\",\"contentUrl\":\"https:\/\/www.fiscalia.gov.co\/colombia\/wp-content\/uploads\/LogoHorizontal_1.jpg\",\"width\":300,\"height\":90,\"caption\":\"Fiscal\u00eda General de la Naci\u00f3n\"},\"image\":{\"@id\":\"https:\/\/www.fiscalia.gov.co\/colombia\/#\/schema\/logo\/image\/\"},\"sameAs\":[\"https:\/\/www.facebook.com\/FiscaliaCol\",\"https:\/\/x.com\/FiscaliaCol\",\"https:\/\/www.instagram.com\/fiscaliacol\",\"https:\/\/www.linkedin.com\/company\/fiscalia-general-de-la-naci-n\/\",\"https:\/\/youtube.com\/@fiscaliageneraldelanacion-4668?si=6nN79nyQICPU5iTh\"]},{\"@type\":\"Person\",\"@id\":\"https:\/\/www.fiscalia.gov.co\/colombia\/#\/schema\/person\/06aa2210fe4d79203f428ff671dee360\",\"name\":\"Ana Mar\u00eda Gomez\",\"image\":{\"@type\":\"ImageObject\",\"inLanguage\":\"es-CO\",\"@id\":\"https:\/\/www.fiscalia.gov.co\/colombia\/#\/schema\/person\/image\/\",\"url\":\"https:\/\/secure.gravatar.com\/avatar\/a38115d98a7f8a96cbb96af2b2c37a0b?s=96&d=mm&r=g\",\"contentUrl\":\"https:\/\/secure.gravatar.com\/avatar\/a38115d98a7f8a96cbb96af2b2c37a0b?s=96&d=mm&r=g\",\"caption\":\"Ana Mar\u00eda Gomez\"},\"url\":\"https:\/\/www.fiscalia.gov.co\/colombia\/author\/agomez\/\"}]}<\/script>\n<!-- \/ Yoast SEO plugin. -->","yoast_head_json":{"title":"Fiscal\u00eda General de la Naci\u00f3n","description":"P\u00e1gina oficial de la Fiscal\u00eda General de la Naci\u00f3n \u2013 Colombia. Garantizamos el acceso efectivo a la justicia, la verdad y la reparaci\u00f3n de las v\u00edctimas de los delitos.","robots":{"index":"noindex","follow":"follow"},"og_locale":"es_ES","og_type":"article","og_title":"Fiscal\u00eda General de la Naci\u00f3n","og_description":"P\u00e1gina oficial de la Fiscal\u00eda General de la Naci\u00f3n \u2013 Colombia. Garantizamos el acceso efectivo a la justicia, la verdad y la reparaci\u00f3n de las v\u00edctimas de los delitos.","og_url":"https:\/\/www.fiscalia.gov.co\/colombia\/defensores\/a-prision-presunto-responsable-de-la-muerte-de-un-reincorporado-de-las-farc-en-meta\/","og_site_name":"Fiscal\u00eda General de la Naci\u00f3n","article_publisher":"https:\/\/www.facebook.com\/FiscaliaCol","article_published_time":"2021-01-15T11:52:05+00:00","article_modified_time":"2021-01-18T14:29:49+00:00","og_image":[{"url":"https:\/\/www.fiscalia.gov.co\/colombia\/wp-content\/uploads\/yhon-edison-sarmiento-reyes-homicidio-reincorporado-UEI-Meta-2--1024x1024.jpeg","type":"","width":"","height":""}],"author":"Ana Mar\u00eda Gomez","twitter_card":"summary_large_image","twitter_creator":"@FiscaliaCol","twitter_site":"@FiscaliaCol","twitter_misc":{"Escrito por":"Ana Mar\u00eda Gomez","Tiempo de lectura":"2 minutos"},"schema":{"@context":"https:\/\/schema.org","@graph":[{"@type":"Article","@id":"https:\/\/www.fiscalia.gov.co\/colombia\/defensores\/a-prision-presunto-responsable-de-la-muerte-de-un-reincorporado-de-las-farc-en-meta\/#article","isPartOf":{"@id":"https:\/\/www.fiscalia.gov.co\/colombia\/defensores\/a-prision-presunto-responsable-de-la-muerte-de-un-reincorporado-de-las-farc-en-meta\/"},"author":{"name":"Ana Mar\u00eda Gomez","@id":"https:\/\/www.fiscalia.gov.co\/colombia\/#\/schema\/person\/06aa2210fe4d79203f428ff671dee360"},"headline":"A prisi\u00f3n presunto responsable de la muerte de un reincorporado de las Farc en Meta","datePublished":"2021-01-15T11:52:05+00:00","dateModified":"2021-01-18T14:29:49+00:00","mainEntityOfPage":{"@id":"https:\/\/www.fiscalia.gov.co\/colombia\/defensores\/a-prision-presunto-responsable-de-la-muerte-de-un-reincorporado-de-las-farc-en-meta\/"},"wordCount":357,"publisher":{"@id":"https:\/\/www.fiscalia.gov.co\/colombia\/#organization"},"image":{"@id":"https:\/\/www.fiscalia.gov.co\/colombia\/defensores\/a-prision-presunto-responsable-de-la-muerte-de-un-reincorporado-de-las-farc-en-meta\/#primaryimage"},"thumbnailUrl":"https:\/\/www.fiscalia.gov.co\/colombia\/wp-content\/uploads\/yhon-edison-sarmiento-reyes-homicidio-reincorporado-UEI-Meta-2--1024x1024.jpeg","keywords":["Concierto para delinquir","Fiscal General Francisco Barbosa","Fiscal\u00eda Colombia","Fiscal\u00eda General de la Naci\u00f3n","Homicidio","reincorporado Farc","Tr\u00e1fico ilegal de armas","Unidad Especial de Investigaci\u00f3n"],"articleSection":["Defensores","Seccional Villavicencio","Seccionales"],"inLanguage":"es-CO"},{"@type":"WebPage","@id":"https:\/\/www.fiscalia.gov.co\/colombia\/defensores\/a-prision-presunto-responsable-de-la-muerte-de-un-reincorporado-de-las-farc-en-meta\/","url":"https:\/\/www.fiscalia.gov.co\/colombia\/defensores\/a-prision-presunto-responsable-de-la-muerte-de-un-reincorporado-de-las-farc-en-meta\/","name":"Fiscal\u00eda General de la Naci\u00f3n","isPartOf":{"@id":"https:\/\/www.fiscalia.gov.co\/colombia\/#website"},"primaryImageOfPage":{"@id":"https:\/\/www.fiscalia.gov.co\/colombia\/defensores\/a-prision-presunto-responsable-de-la-muerte-de-un-reincorporado-de-las-farc-en-meta\/#primaryimage"},"image":{"@id":"https:\/\/www.fiscalia.gov.co\/colombia\/defensores\/a-prision-presunto-responsable-de-la-muerte-de-un-reincorporado-de-las-farc-en-meta\/#primaryimage"},"thumbnailUrl":"https:\/\/www.fiscalia.gov.co\/colombia\/wp-content\/uploads\/yhon-edison-sarmiento-reyes-homicidio-reincorporado-UEI-Meta-2--1024x1024.jpeg","datePublished":"2021-01-15T11:52:05+00:00","dateModified":"2021-01-18T14:29:49+00:00","description":"P\u00e1gina oficial de la Fiscal\u00eda General de la Naci\u00f3n \u2013 Colombia. Garantizamos el acceso efectivo a la justicia, la verdad y la reparaci\u00f3n de las v\u00edctimas de los delitos.","breadcrumb":{"@id":"https:\/\/www.fiscalia.gov.co\/colombia\/defensores\/a-prision-presunto-responsable-de-la-muerte-de-un-reincorporado-de-las-farc-en-meta\/#breadcrumb"},"inLanguage":"es-CO","potentialAction":[{"@type":"ReadAction","target":["https:\/\/www.fiscalia.gov.co\/colombia\/defensores\/a-prision-presunto-responsable-de-la-muerte-de-un-reincorporado-de-las-farc-en-meta\/"]}]},{"@type":"ImageObject","inLanguage":"es-CO","@id":"https:\/\/www.fiscalia.gov.co\/colombia\/defensores\/a-prision-presunto-responsable-de-la-muerte-de-un-reincorporado-de-las-farc-en-meta\/#primaryimage","url":"https:\/\/www.fiscalia.gov.co\/colombia\/wp-content\/uploads\/yhon-edison-sarmiento-reyes-homicidio-reincorporado-UEI-Meta-2--1024x1024.jpeg","contentUrl":"https:\/\/www.fiscalia.gov.co\/colombia\/wp-content\/uploads\/yhon-edison-sarmiento-reyes-homicidio-reincorporado-UEI-Meta-2--1024x1024.jpeg"},{"@type":"BreadcrumbList","@id":"https:\/\/www.fiscalia.gov.co\/colombia\/defensores\/a-prision-presunto-responsable-de-la-muerte-de-un-reincorporado-de-las-farc-en-meta\/#breadcrumb","itemListElement":[{"@type":"ListItem","position":1,"name":"Home","item":"https:\/\/www.fiscalia.gov.co\/colombia\/"},{"@type":"ListItem","position":2,"name":"A prisi\u00f3n presunto responsable de la muerte de un reincorporado de las Farc en Meta"}]},{"@type":"WebSite","@id":"https:\/\/www.fiscalia.gov.co\/colombia\/#website","url":"https:\/\/www.fiscalia.gov.co\/colombia\/","name":"Fiscal\u00eda General de la Naci\u00f3n","description":"P\u00e1gina oficial de la Fiscal\u00eda General de la Naci\u00f3n \u2013 Colombia. Garantizamos el acceso efectivo a la justicia, la verdad y la reparaci\u00f3n de las v\u00edctimas de los delitos.","publisher":{"@id":"https:\/\/www.fiscalia.gov.co\/colombia\/#organization"},"potentialAction":[{"@type":"SearchAction","target":{"@type":"EntryPoint","urlTemplate":"https:\/\/www.fiscalia.gov.co\/colombia\/?s={search_term_string}"},"query-input":{"@type":"PropertyValueSpecification","valueRequired":true,"valueName":"search_term_string"}}],"inLanguage":"es-CO"},{"@type":"Organization","@id":"https:\/\/www.fiscalia.gov.co\/colombia\/#organization","name":"Fiscal\u00eda General de la Naci\u00f3n","url":"https:\/\/www.fiscalia.gov.co\/colombia\/","logo":{"@type":"ImageObject","inLanguage":"es-CO","@id":"https:\/\/www.fiscalia.gov.co\/colombia\/#\/schema\/logo\/image\/","url":"https:\/\/www.fiscalia.gov.co\/colombia\/wp-content\/uploads\/LogoHorizontal_1.jpg","contentUrl":"https:\/\/www.fiscalia.gov.co\/colombia\/wp-content\/uploads\/LogoHorizontal_1.jpg","width":300,"height":90,"caption":"Fiscal\u00eda General de la Naci\u00f3n"},"image":{"@id":"https:\/\/www.fiscalia.gov.co\/colombia\/#\/schema\/logo\/image\/"},"sameAs":["https:\/\/www.facebook.com\/FiscaliaCol","https:\/\/x.com\/FiscaliaCol","https:\/\/www.instagram.com\/fiscaliacol","https:\/\/www.linkedin.com\/company\/fiscalia-general-de-la-naci-n\/","https:\/\/youtube.com\/@fiscaliageneraldelanacion-4668?si=6nN79nyQICPU5iTh"]},{"@type":"Person","@id":"https:\/\/www.fiscalia.gov.co\/colombia\/#\/schema\/person\/06aa2210fe4d79203f428ff671dee360","name":"Ana Mar\u00eda Gomez","image":{"@type":"ImageObject","inLanguage":"es-CO","@id":"https:\/\/www.fiscalia.gov.co\/colombia\/#\/schema\/person\/image\/","url":"https:\/\/secure.gravatar.com\/avatar\/a38115d98a7f8a96cbb96af2b2c37a0b?s=96&d=mm&r=g","contentUrl":"https:\/\/secure.gravatar.com\/avatar\/a38115d98a7f8a96cbb96af2b2c37a0b?s=96&d=mm&r=g","caption":"Ana Mar\u00eda Gomez"},"url":"https:\/\/www.fiscalia.gov.co\/colombia\/author\/agomez\/"}]}},"_links":{"self":[{"href":"https:\/\/www.fiscalia.gov.co\/colombia\/wp-json\/wp\/v2\/posts\/210787","targetHints":{"allow":["GET"]}}],"collection":[{"href":"https:\/\/www.fiscalia.gov.co\/colombia\/wp-json\/wp\/v2\/posts"}],"about":[{"href":"https:\/\/www.fiscalia.gov.co\/colombia\/wp-json\/wp\/v2\/types\/post"}],"author":[{"embeddable":true,"href":"https:\/\/www.fiscalia.gov.co\/colombia\/wp-json\/wp\/v2\/users\/171"}],"replies":[{"embeddable":true,"href":"https:\/\/www.fiscalia.gov.co\/colombia\/wp-json\/wp\/v2\/comments?post=210787"}],"version-history":[{"count":4,"href":"https:\/\/www.fiscalia.gov.co\/colombia\/wp-json\/wp\/v2\/posts\/210787\/revisions"}],"predecessor-version":[{"id":210792,"href":"https:\/\/www.fiscalia.gov.co\/colombia\/wp-json\/wp\/v2\/posts\/210787\/revisions\/210792"}],"wp:attachment":[{"href":"https:\/\/www.fiscalia.gov.co\/colombia\/wp-json\/wp\/v2\/media?parent=210787"}],"wp:term":[{"taxonomy":"category","embeddable":true,"href":"https:\/\/www.fiscalia.gov.co\/colombia\/wp-json\/wp\/v2\/categories?post=210787"},{"taxonomy":"post_tag","embeddable":true,"href":"https:\/\/www.fiscalia.gov.co\/colombia\/wp-json\/wp\/v2\/tags?post=210787"}],"curies":[{"name":"wp","href":"https:\/\/api.w.org\/{rel}","templated":true}]}}