{"id":210778,"date":"2021-01-14T19:10:48","date_gmt":"2021-01-15T00:10:48","guid":{"rendered":"https:\/\/www.fiscalia.gov.co\/colombia\/?p=210778"},"modified":"2021-01-18T09:29:05","modified_gmt":"2021-01-18T14:29:05","slug":"a-la-carcel-alias-el-diablo-quien-habria-asesinado-a-una-mujer-en-una-estacion-del-sistema-de-transporte-mio-en-cali","status":"publish","type":"post","link":"https:\/\/www.fiscalia.gov.co\/colombia\/seguridad-territorial\/a-la-carcel-alias-el-diablo-quien-habria-asesinado-a-una-mujer-en-una-estacion-del-sistema-de-transporte-mio-en-cali\/","title":{"rendered":"A la c\u00e1rcel alias El Diablo, quien habr\u00eda asesinado a una mujer en una estaci\u00f3n del sistema de transporte MIO en Cali"},"content":{"rendered":"<div>\n<p class=\"x_x_x_xmsonormal\">Ante la contundencia de los argumentos de la Fiscal\u00eda durante las audiencias preliminares, el juez 18 penal municipal con funciones de control de garant\u00edas de Cali (Valle del Cauca) priv\u00f3 de la libertad en centro carcelario a John Fernando Vergara Gonz\u00e1lez, alias el Diablo, de 28 a\u00f1os, por su presunta responsabilidad en el delito de\u00a0<a href=\"https:\/\/www.fiscalia.gov.co\/colombia\/narcotrafico\/cae-ciudadano-dominicano-senalado-de-homicidios-y-coordinar-el-envio-de-cocaina-desde-el-pacifico-colombiano\/\" target=\"_blank\" rel=\"noopener noreferrer\" data-auth=\"NotApplicable\">homicidio agravado<\/a>\u00a0en concurso con fabricaci\u00f3n, tr\u00e1fico y\u00a0<a href=\"https:\/\/www.fiscalia.gov.co\/colombia\/noticias\/a-la-carcel-un-hombre-por-porte-de-armas-de-fuego-sin-documentos-legales\/\" target=\"_blank\" rel=\"noopener noreferrer\" data-auth=\"NotApplicable\">porte de armas<\/a>\u00a0de fuego, accesorios y municiones.<\/p>\n<figure id=\"attachment_210779\" aria-describedby=\"caption-attachment-210779\" style=\"width: 350px\" class=\"wp-caption alignleft\"><img loading=\"lazy\" decoding=\"async\" class=\"wp-image-210779\" src=\"https:\/\/www.fiscalia.gov.co\/colombia\/wp-content\/uploads\/Jhon-Fernando-Vergara-Gonz\u00e0lez-alias-El-Diablo-asegurado-por-el-crimen-de-una-mujer-en-el-sistema-de-Transporte-MIO-885x1024.jpeg\" alt=\"\" width=\"350\" height=\"405\" srcset=\"https:\/\/www.fiscalia.gov.co\/colombia\/wp-content\/uploads\/Jhon-Fernando-Vergara-Gonz\u00e0lez-alias-El-Diablo-asegurado-por-el-crimen-de-una-mujer-en-el-sistema-de-Transporte-MIO-885x1024.jpeg 885w, https:\/\/www.fiscalia.gov.co\/colombia\/wp-content\/uploads\/Jhon-Fernando-Vergara-Gonz\u00e0lez-alias-El-Diablo-asegurado-por-el-crimen-de-una-mujer-en-el-sistema-de-Transporte-MIO-259x300.jpeg 259w, https:\/\/www.fiscalia.gov.co\/colombia\/wp-content\/uploads\/Jhon-Fernando-Vergara-Gonz\u00e0lez-alias-El-Diablo-asegurado-por-el-crimen-de-una-mujer-en-el-sistema-de-Transporte-MIO-768x889.jpeg 768w, https:\/\/www.fiscalia.gov.co\/colombia\/wp-content\/uploads\/Jhon-Fernando-Vergara-Gonz\u00e0lez-alias-El-Diablo-asegurado-por-el-crimen-de-una-mujer-en-el-sistema-de-Transporte-MIO-696x805.jpeg 696w, https:\/\/www.fiscalia.gov.co\/colombia\/wp-content\/uploads\/Jhon-Fernando-Vergara-Gonz\u00e0lez-alias-El-Diablo-asegurado-por-el-crimen-de-una-mujer-en-el-sistema-de-Transporte-MIO-1068x1236.jpeg 1068w, https:\/\/www.fiscalia.gov.co\/colombia\/wp-content\/uploads\/Jhon-Fernando-Vergara-Gonz\u00e0lez-alias-El-Diablo-asegurado-por-el-crimen-de-una-mujer-en-el-sistema-de-Transporte-MIO-363x420.jpeg 363w, https:\/\/www.fiscalia.gov.co\/colombia\/wp-content\/uploads\/Jhon-Fernando-Vergara-Gonz\u00e0lez-alias-El-Diablo-asegurado-por-el-crimen-de-una-mujer-en-el-sistema-de-Transporte-MIO.jpeg 1106w\" sizes=\"auto, (max-width: 350px) 100vw, 350px\" \/><figcaption id=\"caption-attachment-210779\" class=\"wp-caption-text\">Para el momento de los hechos, alias el Diablo gozaba del beneficio de casa por c\u00e1rcel, otorgado por un juez dentro de otro proceso judicial.<\/figcaption><\/figure>\n<p class=\"x_x_x_xmsonormal\">El hombre fue capturado este 13 de enero por el CTI, en coordinaci\u00f3n con unidades de la Polic\u00eda Metropolitana y el Gaula, en el barrio Metropolitano de la capital vallecaucana, en cumplimiento de una orden judicial.<\/p>\n<p class=\"x_x_x_xmsonormal\">La investigaci\u00f3n en contra de Vergara Gonz\u00e1lez inici\u00f3 luego de que la Fiscal\u00eda conoci\u00f3 del crimen de Mar\u00eda Cristina Ball\u00e9n, perpetrado el pasado 21 de noviembre en la estaci\u00f3n Santa M\u00f3nica del Sistema de Transporte Masivo MIO, ubicada en el barrio Villanueva de Cali.<\/p>\n<p class=\"x_x_x_xmsonormal\">De acuerdo con el proceso, ese d\u00eda la v\u00edctima se encontraba en el paradero esperando a una persona amiga, acompa\u00f1ada de dos menores de edad, cuando alias el Diablo presuntamente se acerc\u00f3 a ella y, sin mediar palabra, le habr\u00eda disparado varias veces con un arma de fuego y le caus\u00f3 la muerte.\u00a0El asesinato qued\u00f3 grabado en las c\u00e1maras de seguridad de la estaci\u00f3n, con las cuales se pudo identificar al presunto homicida.<\/p>\n<p class=\"x_x_x_xmsonormal\">El ente acusador estableci\u00f3 que, para el momento de los hechos, el hoy investigado gozaba del beneficio de casa por c\u00e1rcel, otorgado por un juez dentro de otro proceso judicial.<\/p>\n<p class=\"x_x_x_xmsonormal\">Estos resultados responden a la estrategia de investigaci\u00f3n para esclarecer hechos delictivos que afectan la seguridad ciudadana, desarrollada bajo el Direccionamiento Estrat\u00e9gico trazado por el Fiscal General de la Naci\u00f3n, Francisco Barbosa Delgado.<\/p>\n<p class=\"x_x_x_xmsonormal\">La Fiscal\u00eda General de la Naci\u00f3n habla con resultados.<\/p>\n<p class=\"x_x_x_xmsonormal\">JGPV\/ ML\/ DLBM.<\/p>\n<\/div>\n<div><em><span lang=\"ES\">La informaci\u00f3n contenida en este bolet\u00edn de prensa corresponde a la narraci\u00f3n de los hechos noticiosos objetivos, suministrados por los funcionarios encargados de adelantar las investigaciones penales al interior de la Fiscal\u00eda General de la Naci\u00f3n. Para el momento de la divulgaci\u00f3n de este comunicado, la situaci\u00f3n jur\u00eddica de la(s) persona(s) relacionada(s) se encuentra pendiente de resolver por la autoridad judicial competente, siempre bajo los preceptos de la presunci\u00f3n de inocencia, consagrados en el art\u00edculo 29 de la Constituci\u00f3n Pol\u00edtica y el art\u00edculo 7\u00ba de la Ley 906 de 2004.\u00a0<\/span><\/em><\/div>\n\n<div class=\"twitter-share\"><a href=\"https:\/\/twitter.com\/intent\/tweet?via=fiscaliacol\" class=\"twitter-share-button\">Tweet<\/a><\/div>\n","protected":false},"excerpt":{"rendered":"<p>Ante la contundencia de los argumentos de la Fiscal\u00eda durante las audiencias preliminares, el juez 18 penal municipal con funciones de control de garant\u00edas de Cali (Valle del Cauca) priv\u00f3 [&hellip;]<\/p>\n","protected":false},"author":171,"featured_media":0,"comment_status":"closed","ping_status":"open","sticky":false,"template":"","format":"video","meta":{"tdm_status":"","tdm_grid_status":"","footnotes":""},"categories":[324,303,24099],"tags":[24526,24481,1047,686,24559,698,11101],"class_list":["post-210778","post","type-post","status-publish","format-video","category-seccional-cali","category-seccionales","category-seguridad-territorial","tag-fiscal-general-francisco-barbosa-delgado","tag-fiscalia-de-colombia","tag-fiscalia-general-de-la-nacion","tag-homicidio-agravado","tag-homicidios-en-cali","tag-porte-de-armas","tag-seguridad-ciudadana","post_format-post-format-video"],"yoast_head":"<!-- This site is optimized with the Yoast SEO plugin v24.3 - https:\/\/yoast.com\/wordpress\/plugins\/seo\/ -->\n<title>Fiscal\u00eda General de la Naci\u00f3n<\/title>\n<meta name=\"description\" content=\"P\u00e1gina oficial de la Fiscal\u00eda General de la Naci\u00f3n \u2013 Colombia. Garantizamos el acceso efectivo a la justicia, la verdad y la reparaci\u00f3n de las v\u00edctimas de los delitos.\" \/>\n<meta name=\"robots\" content=\"noindex, follow\" \/>\n<meta property=\"og:locale\" content=\"es_ES\" \/>\n<meta property=\"og:type\" content=\"article\" \/>\n<meta property=\"og:title\" content=\"Fiscal\u00eda General de la Naci\u00f3n\" \/>\n<meta property=\"og:description\" content=\"P\u00e1gina oficial de la Fiscal\u00eda General de la Naci\u00f3n \u2013 Colombia. Garantizamos el acceso efectivo a la justicia, la verdad y la reparaci\u00f3n de las v\u00edctimas de los delitos.\" \/>\n<meta property=\"og:url\" content=\"https:\/\/www.fiscalia.gov.co\/colombia\/seguridad-territorial\/a-la-carcel-alias-el-diablo-quien-habria-asesinado-a-una-mujer-en-una-estacion-del-sistema-de-transporte-mio-en-cali\/\" \/>\n<meta property=\"og:site_name\" content=\"Fiscal\u00eda General de la Naci\u00f3n\" \/>\n<meta property=\"article:publisher\" content=\"https:\/\/www.facebook.com\/FiscaliaCol\" \/>\n<meta property=\"article:published_time\" content=\"2021-01-15T00:10:48+00:00\" \/>\n<meta property=\"article:modified_time\" content=\"2021-01-18T14:29:05+00:00\" \/>\n<meta name=\"author\" content=\"Ana Mar\u00eda Gomez\" \/>\n<meta name=\"twitter:card\" content=\"summary_large_image\" \/>\n<meta name=\"twitter:creator\" content=\"@FiscaliaCol\" \/>\n<meta name=\"twitter:site\" content=\"@FiscaliaCol\" \/>\n<meta name=\"twitter:label1\" content=\"Escrito por\" \/>\n\t<meta name=\"twitter:data1\" content=\"Ana Mar\u00eda Gomez\" \/>\n\t<meta name=\"twitter:label2\" content=\"Tiempo de lectura\" \/>\n\t<meta name=\"twitter:data2\" content=\"2 minutos\" \/>\n<script type=\"application\/ld+json\" class=\"yoast-schema-graph\">{\"@context\":\"https:\/\/schema.org\",\"@graph\":[{\"@type\":\"Article\",\"@id\":\"https:\/\/www.fiscalia.gov.co\/colombia\/seguridad-territorial\/a-la-carcel-alias-el-diablo-quien-habria-asesinado-a-una-mujer-en-una-estacion-del-sistema-de-transporte-mio-en-cali\/#article\",\"isPartOf\":{\"@id\":\"https:\/\/www.fiscalia.gov.co\/colombia\/seguridad-territorial\/a-la-carcel-alias-el-diablo-quien-habria-asesinado-a-una-mujer-en-una-estacion-del-sistema-de-transporte-mio-en-cali\/\"},\"author\":{\"name\":\"Ana Mar\u00eda Gomez\",\"@id\":\"https:\/\/www.fiscalia.gov.co\/colombia\/#\/schema\/person\/06aa2210fe4d79203f428ff671dee360\"},\"headline\":\"A la c\u00e1rcel alias El Diablo, quien habr\u00eda asesinado a una mujer en una estaci\u00f3n del sistema de transporte MIO en Cali\",\"datePublished\":\"2021-01-15T00:10:48+00:00\",\"dateModified\":\"2021-01-18T14:29:05+00:00\",\"mainEntityOfPage\":{\"@id\":\"https:\/\/www.fiscalia.gov.co\/colombia\/seguridad-territorial\/a-la-carcel-alias-el-diablo-quien-habria-asesinado-a-una-mujer-en-una-estacion-del-sistema-de-transporte-mio-en-cali\/\"},\"wordCount\":483,\"publisher\":{\"@id\":\"https:\/\/www.fiscalia.gov.co\/colombia\/#organization\"},\"keywords\":[\"Fiscal General Francisco Barbosa Delgado\",\"Fiscal\u00eda de Colombia\",\"Fiscal\u00eda General de la Naci\u00f3n\",\"Homicidio agravado\",\"homicidios en Cali\",\"Porte de armas\",\"Seguridad ciudadana\"],\"articleSection\":[\"Seccional Cali\",\"Seccionales\",\"Seguridad territorial\"],\"inLanguage\":\"es-CO\"},{\"@type\":\"WebPage\",\"@id\":\"https:\/\/www.fiscalia.gov.co\/colombia\/seguridad-territorial\/a-la-carcel-alias-el-diablo-quien-habria-asesinado-a-una-mujer-en-una-estacion-del-sistema-de-transporte-mio-en-cali\/\",\"url\":\"https:\/\/www.fiscalia.gov.co\/colombia\/seguridad-territorial\/a-la-carcel-alias-el-diablo-quien-habria-asesinado-a-una-mujer-en-una-estacion-del-sistema-de-transporte-mio-en-cali\/\",\"name\":\"Fiscal\u00eda General de la Naci\u00f3n\",\"isPartOf\":{\"@id\":\"https:\/\/www.fiscalia.gov.co\/colombia\/#website\"},\"datePublished\":\"2021-01-15T00:10:48+00:00\",\"dateModified\":\"2021-01-18T14:29:05+00:00\",\"description\":\"P\u00e1gina oficial de la Fiscal\u00eda General de la Naci\u00f3n \u2013 Colombia. Garantizamos el acceso efectivo a la justicia, la verdad y la reparaci\u00f3n de las v\u00edctimas de los delitos.\",\"breadcrumb\":{\"@id\":\"https:\/\/www.fiscalia.gov.co\/colombia\/seguridad-territorial\/a-la-carcel-alias-el-diablo-quien-habria-asesinado-a-una-mujer-en-una-estacion-del-sistema-de-transporte-mio-en-cali\/#breadcrumb\"},\"inLanguage\":\"es-CO\",\"potentialAction\":[{\"@type\":\"ReadAction\",\"target\":[\"https:\/\/www.fiscalia.gov.co\/colombia\/seguridad-territorial\/a-la-carcel-alias-el-diablo-quien-habria-asesinado-a-una-mujer-en-una-estacion-del-sistema-de-transporte-mio-en-cali\/\"]}]},{\"@type\":\"BreadcrumbList\",\"@id\":\"https:\/\/www.fiscalia.gov.co\/colombia\/seguridad-territorial\/a-la-carcel-alias-el-diablo-quien-habria-asesinado-a-una-mujer-en-una-estacion-del-sistema-de-transporte-mio-en-cali\/#breadcrumb\",\"itemListElement\":[{\"@type\":\"ListItem\",\"position\":1,\"name\":\"Home\",\"item\":\"https:\/\/www.fiscalia.gov.co\/colombia\/\"},{\"@type\":\"ListItem\",\"position\":2,\"name\":\"A la c\u00e1rcel alias El Diablo, quien habr\u00eda asesinado a una mujer en una estaci\u00f3n del sistema de transporte MIO en Cali\"}]},{\"@type\":\"WebSite\",\"@id\":\"https:\/\/www.fiscalia.gov.co\/colombia\/#website\",\"url\":\"https:\/\/www.fiscalia.gov.co\/colombia\/\",\"name\":\"Fiscal\u00eda General de la Naci\u00f3n\",\"description\":\"P\u00e1gina oficial de la Fiscal\u00eda General de la Naci\u00f3n \u2013 Colombia. Garantizamos el acceso efectivo a la justicia, la verdad y la reparaci\u00f3n de las v\u00edctimas de los delitos.\",\"publisher\":{\"@id\":\"https:\/\/www.fiscalia.gov.co\/colombia\/#organization\"},\"potentialAction\":[{\"@type\":\"SearchAction\",\"target\":{\"@type\":\"EntryPoint\",\"urlTemplate\":\"https:\/\/www.fiscalia.gov.co\/colombia\/?s={search_term_string}\"},\"query-input\":{\"@type\":\"PropertyValueSpecification\",\"valueRequired\":true,\"valueName\":\"search_term_string\"}}],\"inLanguage\":\"es-CO\"},{\"@type\":\"Organization\",\"@id\":\"https:\/\/www.fiscalia.gov.co\/colombia\/#organization\",\"name\":\"Fiscal\u00eda General de la Naci\u00f3n\",\"url\":\"https:\/\/www.fiscalia.gov.co\/colombia\/\",\"logo\":{\"@type\":\"ImageObject\",\"inLanguage\":\"es-CO\",\"@id\":\"https:\/\/www.fiscalia.gov.co\/colombia\/#\/schema\/logo\/image\/\",\"url\":\"https:\/\/www.fiscalia.gov.co\/colombia\/wp-content\/uploads\/LogoHorizontal_1.jpg\",\"contentUrl\":\"https:\/\/www.fiscalia.gov.co\/colombia\/wp-content\/uploads\/LogoHorizontal_1.jpg\",\"width\":300,\"height\":90,\"caption\":\"Fiscal\u00eda General de la Naci\u00f3n\"},\"image\":{\"@id\":\"https:\/\/www.fiscalia.gov.co\/colombia\/#\/schema\/logo\/image\/\"},\"sameAs\":[\"https:\/\/www.facebook.com\/FiscaliaCol\",\"https:\/\/x.com\/FiscaliaCol\",\"https:\/\/www.instagram.com\/fiscaliacol\",\"https:\/\/www.linkedin.com\/company\/fiscalia-general-de-la-naci-n\/\",\"https:\/\/youtube.com\/@fiscaliageneraldelanacion-4668?si=6nN79nyQICPU5iTh\"]},{\"@type\":\"Person\",\"@id\":\"https:\/\/www.fiscalia.gov.co\/colombia\/#\/schema\/person\/06aa2210fe4d79203f428ff671dee360\",\"name\":\"Ana Mar\u00eda Gomez\",\"image\":{\"@type\":\"ImageObject\",\"inLanguage\":\"es-CO\",\"@id\":\"https:\/\/www.fiscalia.gov.co\/colombia\/#\/schema\/person\/image\/\",\"url\":\"https:\/\/secure.gravatar.com\/avatar\/a38115d98a7f8a96cbb96af2b2c37a0b?s=96&d=mm&r=g\",\"contentUrl\":\"https:\/\/secure.gravatar.com\/avatar\/a38115d98a7f8a96cbb96af2b2c37a0b?s=96&d=mm&r=g\",\"caption\":\"Ana Mar\u00eda Gomez\"},\"url\":\"https:\/\/www.fiscalia.gov.co\/colombia\/author\/agomez\/\"}]}<\/script>\n<!-- \/ Yoast SEO plugin. -->","yoast_head_json":{"title":"Fiscal\u00eda General de la Naci\u00f3n","description":"P\u00e1gina oficial de la Fiscal\u00eda General de la Naci\u00f3n \u2013 Colombia. Garantizamos el acceso efectivo a la justicia, la verdad y la reparaci\u00f3n de las v\u00edctimas de los delitos.","robots":{"index":"noindex","follow":"follow"},"og_locale":"es_ES","og_type":"article","og_title":"Fiscal\u00eda General de la Naci\u00f3n","og_description":"P\u00e1gina oficial de la Fiscal\u00eda General de la Naci\u00f3n \u2013 Colombia. Garantizamos el acceso efectivo a la justicia, la verdad y la reparaci\u00f3n de las v\u00edctimas de los delitos.","og_url":"https:\/\/www.fiscalia.gov.co\/colombia\/seguridad-territorial\/a-la-carcel-alias-el-diablo-quien-habria-asesinado-a-una-mujer-en-una-estacion-del-sistema-de-transporte-mio-en-cali\/","og_site_name":"Fiscal\u00eda General de la Naci\u00f3n","article_publisher":"https:\/\/www.facebook.com\/FiscaliaCol","article_published_time":"2021-01-15T00:10:48+00:00","article_modified_time":"2021-01-18T14:29:05+00:00","author":"Ana Mar\u00eda Gomez","twitter_card":"summary_large_image","twitter_creator":"@FiscaliaCol","twitter_site":"@FiscaliaCol","twitter_misc":{"Escrito por":"Ana Mar\u00eda Gomez","Tiempo de lectura":"2 minutos"},"schema":{"@context":"https:\/\/schema.org","@graph":[{"@type":"Article","@id":"https:\/\/www.fiscalia.gov.co\/colombia\/seguridad-territorial\/a-la-carcel-alias-el-diablo-quien-habria-asesinado-a-una-mujer-en-una-estacion-del-sistema-de-transporte-mio-en-cali\/#article","isPartOf":{"@id":"https:\/\/www.fiscalia.gov.co\/colombia\/seguridad-territorial\/a-la-carcel-alias-el-diablo-quien-habria-asesinado-a-una-mujer-en-una-estacion-del-sistema-de-transporte-mio-en-cali\/"},"author":{"name":"Ana Mar\u00eda Gomez","@id":"https:\/\/www.fiscalia.gov.co\/colombia\/#\/schema\/person\/06aa2210fe4d79203f428ff671dee360"},"headline":"A la c\u00e1rcel alias El Diablo, quien habr\u00eda asesinado a una mujer en una estaci\u00f3n del sistema de transporte MIO en Cali","datePublished":"2021-01-15T00:10:48+00:00","dateModified":"2021-01-18T14:29:05+00:00","mainEntityOfPage":{"@id":"https:\/\/www.fiscalia.gov.co\/colombia\/seguridad-territorial\/a-la-carcel-alias-el-diablo-quien-habria-asesinado-a-una-mujer-en-una-estacion-del-sistema-de-transporte-mio-en-cali\/"},"wordCount":483,"publisher":{"@id":"https:\/\/www.fiscalia.gov.co\/colombia\/#organization"},"keywords":["Fiscal General Francisco Barbosa Delgado","Fiscal\u00eda de Colombia","Fiscal\u00eda General de la Naci\u00f3n","Homicidio agravado","homicidios en Cali","Porte de armas","Seguridad ciudadana"],"articleSection":["Seccional Cali","Seccionales","Seguridad territorial"],"inLanguage":"es-CO"},{"@type":"WebPage","@id":"https:\/\/www.fiscalia.gov.co\/colombia\/seguridad-territorial\/a-la-carcel-alias-el-diablo-quien-habria-asesinado-a-una-mujer-en-una-estacion-del-sistema-de-transporte-mio-en-cali\/","url":"https:\/\/www.fiscalia.gov.co\/colombia\/seguridad-territorial\/a-la-carcel-alias-el-diablo-quien-habria-asesinado-a-una-mujer-en-una-estacion-del-sistema-de-transporte-mio-en-cali\/","name":"Fiscal\u00eda General de la Naci\u00f3n","isPartOf":{"@id":"https:\/\/www.fiscalia.gov.co\/colombia\/#website"},"datePublished":"2021-01-15T00:10:48+00:00","dateModified":"2021-01-18T14:29:05+00:00","description":"P\u00e1gina oficial de la Fiscal\u00eda General de la Naci\u00f3n \u2013 Colombia. Garantizamos el acceso efectivo a la justicia, la verdad y la reparaci\u00f3n de las v\u00edctimas de los delitos.","breadcrumb":{"@id":"https:\/\/www.fiscalia.gov.co\/colombia\/seguridad-territorial\/a-la-carcel-alias-el-diablo-quien-habria-asesinado-a-una-mujer-en-una-estacion-del-sistema-de-transporte-mio-en-cali\/#breadcrumb"},"inLanguage":"es-CO","potentialAction":[{"@type":"ReadAction","target":["https:\/\/www.fiscalia.gov.co\/colombia\/seguridad-territorial\/a-la-carcel-alias-el-diablo-quien-habria-asesinado-a-una-mujer-en-una-estacion-del-sistema-de-transporte-mio-en-cali\/"]}]},{"@type":"BreadcrumbList","@id":"https:\/\/www.fiscalia.gov.co\/colombia\/seguridad-territorial\/a-la-carcel-alias-el-diablo-quien-habria-asesinado-a-una-mujer-en-una-estacion-del-sistema-de-transporte-mio-en-cali\/#breadcrumb","itemListElement":[{"@type":"ListItem","position":1,"name":"Home","item":"https:\/\/www.fiscalia.gov.co\/colombia\/"},{"@type":"ListItem","position":2,"name":"A la c\u00e1rcel alias El Diablo, quien habr\u00eda asesinado a una mujer en una estaci\u00f3n del sistema de transporte MIO en Cali"}]},{"@type":"WebSite","@id":"https:\/\/www.fiscalia.gov.co\/colombia\/#website","url":"https:\/\/www.fiscalia.gov.co\/colombia\/","name":"Fiscal\u00eda General de la Naci\u00f3n","description":"P\u00e1gina oficial de la Fiscal\u00eda General de la Naci\u00f3n \u2013 Colombia. Garantizamos el acceso efectivo a la justicia, la verdad y la reparaci\u00f3n de las v\u00edctimas de los delitos.","publisher":{"@id":"https:\/\/www.fiscalia.gov.co\/colombia\/#organization"},"potentialAction":[{"@type":"SearchAction","target":{"@type":"EntryPoint","urlTemplate":"https:\/\/www.fiscalia.gov.co\/colombia\/?s={search_term_string}"},"query-input":{"@type":"PropertyValueSpecification","valueRequired":true,"valueName":"search_term_string"}}],"inLanguage":"es-CO"},{"@type":"Organization","@id":"https:\/\/www.fiscalia.gov.co\/colombia\/#organization","name":"Fiscal\u00eda General de la Naci\u00f3n","url":"https:\/\/www.fiscalia.gov.co\/colombia\/","logo":{"@type":"ImageObject","inLanguage":"es-CO","@id":"https:\/\/www.fiscalia.gov.co\/colombia\/#\/schema\/logo\/image\/","url":"https:\/\/www.fiscalia.gov.co\/colombia\/wp-content\/uploads\/LogoHorizontal_1.jpg","contentUrl":"https:\/\/www.fiscalia.gov.co\/colombia\/wp-content\/uploads\/LogoHorizontal_1.jpg","width":300,"height":90,"caption":"Fiscal\u00eda General de la Naci\u00f3n"},"image":{"@id":"https:\/\/www.fiscalia.gov.co\/colombia\/#\/schema\/logo\/image\/"},"sameAs":["https:\/\/www.facebook.com\/FiscaliaCol","https:\/\/x.com\/FiscaliaCol","https:\/\/www.instagram.com\/fiscaliacol","https:\/\/www.linkedin.com\/company\/fiscalia-general-de-la-naci-n\/","https:\/\/youtube.com\/@fiscaliageneraldelanacion-4668?si=6nN79nyQICPU5iTh"]},{"@type":"Person","@id":"https:\/\/www.fiscalia.gov.co\/colombia\/#\/schema\/person\/06aa2210fe4d79203f428ff671dee360","name":"Ana Mar\u00eda Gomez","image":{"@type":"ImageObject","inLanguage":"es-CO","@id":"https:\/\/www.fiscalia.gov.co\/colombia\/#\/schema\/person\/image\/","url":"https:\/\/secure.gravatar.com\/avatar\/a38115d98a7f8a96cbb96af2b2c37a0b?s=96&d=mm&r=g","contentUrl":"https:\/\/secure.gravatar.com\/avatar\/a38115d98a7f8a96cbb96af2b2c37a0b?s=96&d=mm&r=g","caption":"Ana Mar\u00eda Gomez"},"url":"https:\/\/www.fiscalia.gov.co\/colombia\/author\/agomez\/"}]}},"_links":{"self":[{"href":"https:\/\/www.fiscalia.gov.co\/colombia\/wp-json\/wp\/v2\/posts\/210778","targetHints":{"allow":["GET"]}}],"collection":[{"href":"https:\/\/www.fiscalia.gov.co\/colombia\/wp-json\/wp\/v2\/posts"}],"about":[{"href":"https:\/\/www.fiscalia.gov.co\/colombia\/wp-json\/wp\/v2\/types\/post"}],"author":[{"embeddable":true,"href":"https:\/\/www.fiscalia.gov.co\/colombia\/wp-json\/wp\/v2\/users\/171"}],"replies":[{"embeddable":true,"href":"https:\/\/www.fiscalia.gov.co\/colombia\/wp-json\/wp\/v2\/comments?post=210778"}],"version-history":[{"count":2,"href":"https:\/\/www.fiscalia.gov.co\/colombia\/wp-json\/wp\/v2\/posts\/210778\/revisions"}],"predecessor-version":[{"id":210781,"href":"https:\/\/www.fiscalia.gov.co\/colombia\/wp-json\/wp\/v2\/posts\/210778\/revisions\/210781"}],"wp:attachment":[{"href":"https:\/\/www.fiscalia.gov.co\/colombia\/wp-json\/wp\/v2\/media?parent=210778"}],"wp:term":[{"taxonomy":"category","embeddable":true,"href":"https:\/\/www.fiscalia.gov.co\/colombia\/wp-json\/wp\/v2\/categories?post=210778"},{"taxonomy":"post_tag","embeddable":true,"href":"https:\/\/www.fiscalia.gov.co\/colombia\/wp-json\/wp\/v2\/tags?post=210778"}],"curies":[{"name":"wp","href":"https:\/\/api.w.org\/{rel}","templated":true}]}}