{"id":210764,"date":"2021-01-14T16:36:39","date_gmt":"2021-01-14T21:36:39","guid":{"rendered":"https:\/\/www.fiscalia.gov.co\/colombia\/?p=210764"},"modified":"2021-01-14T16:37:11","modified_gmt":"2021-01-14T21:37:11","slug":"fiscalia-apelo-decision-de-juez-que-dejo-en-libertad-a-presunto-responsable-de-un-homicidio-en-cartago-valle","status":"publish","type":"post","link":"https:\/\/www.fiscalia.gov.co\/colombia\/seguridad-territorial\/fiscalia-apelo-decision-de-juez-que-dejo-en-libertad-a-presunto-responsable-de-un-homicidio-en-cartago-valle\/","title":{"rendered":"Fiscal\u00eda apel\u00f3 decisi\u00f3n de juez que dej\u00f3 en libertad a presunto responsable de un homicidio en Cartago (Valle)"},"content":{"rendered":"<p class=\"x_x_MsoNormal\"><span lang=\"ES\">Un juez de segunda instancia ser\u00e1 el encargado de resolver el\u00a0<a href=\"https:\/\/www.fiscalia.gov.co\/colombia\/seccionales\/fiscalia-apelo-libertad-concedida-a-un-hombre-que-presuntamente-asesino-a-otro-con-arma-blanca-por-intolerancia\/\" target=\"_blank\" rel=\"noopener noreferrer\" data-auth=\"NotApplicable\">recurso de apelaci\u00f3n<\/a>\u00a0de la\u00a0<b>Fiscal\u00eda General de la Naci\u00f3n,\u00a0<\/b>luego de que un juez de control de garant\u00edas no enviar\u00e1 a la c\u00e1rcel a Huverlain Buritic\u00e1 Buritic\u00e1, imputado como presunto responsable del homicidio de un hombre, en el municipio de Cartago (Valle del Cauca).<\/span><\/p>\n<figure id=\"attachment_210765\" aria-describedby=\"caption-attachment-210765\" style=\"width: 696px\" class=\"wp-caption alignleft\"><img loading=\"lazy\" decoding=\"async\" class=\"wp-image-210765 size-large\" src=\"https:\/\/www.fiscalia.gov.co\/colombia\/wp-content\/uploads\/Huverlain-Buritic\u00e1-Buritic\u00e1-judicializado-como-presunto-responsable-del-homicidio-de-un-hombre-ocurrido-en-abril-del-2020-en-Tulu\u00e1-Valle.-1024x768.jpg\" alt=\"\" width=\"696\" height=\"522\" srcset=\"https:\/\/www.fiscalia.gov.co\/colombia\/wp-content\/uploads\/Huverlain-Buritic\u00e1-Buritic\u00e1-judicializado-como-presunto-responsable-del-homicidio-de-un-hombre-ocurrido-en-abril-del-2020-en-Tulu\u00e1-Valle.-1024x768.jpg 1024w, https:\/\/www.fiscalia.gov.co\/colombia\/wp-content\/uploads\/Huverlain-Buritic\u00e1-Buritic\u00e1-judicializado-como-presunto-responsable-del-homicidio-de-un-hombre-ocurrido-en-abril-del-2020-en-Tulu\u00e1-Valle.-300x225.jpg 300w, https:\/\/www.fiscalia.gov.co\/colombia\/wp-content\/uploads\/Huverlain-Buritic\u00e1-Buritic\u00e1-judicializado-como-presunto-responsable-del-homicidio-de-un-hombre-ocurrido-en-abril-del-2020-en-Tulu\u00e1-Valle.-768x576.jpg 768w, https:\/\/www.fiscalia.gov.co\/colombia\/wp-content\/uploads\/Huverlain-Buritic\u00e1-Buritic\u00e1-judicializado-como-presunto-responsable-del-homicidio-de-un-hombre-ocurrido-en-abril-del-2020-en-Tulu\u00e1-Valle.-696x522.jpg 696w, https:\/\/www.fiscalia.gov.co\/colombia\/wp-content\/uploads\/Huverlain-Buritic\u00e1-Buritic\u00e1-judicializado-como-presunto-responsable-del-homicidio-de-un-hombre-ocurrido-en-abril-del-2020-en-Tulu\u00e1-Valle.-1068x801.jpg 1068w, https:\/\/www.fiscalia.gov.co\/colombia\/wp-content\/uploads\/Huverlain-Buritic\u00e1-Buritic\u00e1-judicializado-como-presunto-responsable-del-homicidio-de-un-hombre-ocurrido-en-abril-del-2020-en-Tulu\u00e1-Valle.-560x420.jpg 560w, https:\/\/www.fiscalia.gov.co\/colombia\/wp-content\/uploads\/Huverlain-Buritic\u00e1-Buritic\u00e1-judicializado-como-presunto-responsable-del-homicidio-de-un-hombre-ocurrido-en-abril-del-2020-en-Tulu\u00e1-Valle.-80x60.jpg 80w, https:\/\/www.fiscalia.gov.co\/colombia\/wp-content\/uploads\/Huverlain-Buritic\u00e1-Buritic\u00e1-judicializado-como-presunto-responsable-del-homicidio-de-un-hombre-ocurrido-en-abril-del-2020-en-Tulu\u00e1-Valle.-265x198.jpg 265w, https:\/\/www.fiscalia.gov.co\/colombia\/wp-content\/uploads\/Huverlain-Buritic\u00e1-Buritic\u00e1-judicializado-como-presunto-responsable-del-homicidio-de-un-hombre-ocurrido-en-abril-del-2020-en-Tulu\u00e1-Valle..jpg 1280w\" sizes=\"auto, (max-width: 696px) 100vw, 696px\" \/><figcaption id=\"caption-attachment-210765\" class=\"wp-caption-text\">Las labores investigativas de la polic\u00eda judicial, le permitieron establecer a la Fiscal\u00eda que Buritic\u00e1, ser\u00eda el presunto responsable del homicidio Alex\u00e1nder Uribe Bueno.<\/figcaption><\/figure>\n<p class=\"x_x_MsoNormal\"><span lang=\"ES\">Seg\u00fan el ente acusador, el il\u00edcito ocurri\u00f3 el 25 de abril del 2020, en el barrio El Cipr\u00e9s, sector Los Tanques, donde al parecer\u00a0Alex\u00e1nder Uribe Bueno\u00a0fue abordado por dos hombres quienes se lo llevaron a un callej\u00f3n solitario y le dispararon con arma de fuego, caus\u00e1ndole la muerte.\u00a0<b>Los dos presuntos implicados huyeron.<\/b><\/span><b><\/b><\/p>\n<p class=\"x_x_MsoNormal\"><span lang=\"ES\">Las labores investigativas de la polic\u00eda judicial, le permitieron establecer a la Fiscal\u00eda que\u00a0Buritic\u00e1 Buritic\u00e1\u00a0ser\u00eda el presunto responsable del il\u00edcito, por lo que solicit\u00f3 orden de captura en su contra, la cual se hizo efectiva ayer, en el barrio El Cipr\u00e9s de esa municipalidad, por personal de la\u00a0<b>Polic\u00eda Nacional.<\/b><\/span><\/p>\n<p class=\"x_x_MsoNormal\"><span lang=\"ES\">El ente acusador, en las audiencias preliminares, formul\u00f3 imputaci\u00f3n de cargos en contra del capturado por los\u00a0<b>delitos de homicidio agravado y fabricaci\u00f3n, tr\u00e1fico o porte de armas de fuego.\u00a0<\/b>Asimismo, solicit\u00f3 al juez medida de aseguramiento intramuros en su contra.<\/span><\/p>\n<p class=\"x_x_MsoNormal\"><span lang=\"ES\">El juez, imparti\u00f3 legalidad al procedimiento de captura y aval\u00f3 la formulaci\u00f3n de imputaci\u00f3n de la Fiscal\u00eda que vinculan al procesado a la investigaci\u00f3n. Sin embargo, el togado se abstuvo de imponer la medida y decidi\u00f3 dejar en libertad al presunto implicado<\/span><\/p>\n<p class=\"x_x_MsoNormal\"><span lang=\"ES\">Los argumentos de la\u00a0<b>Fiscal\u00eda,<\/b>\u00a0en el recurso de apelaci\u00f3n, se basan en que se cuenta con los elementos materiales probatorios, como la de un testigo directo de los hechos que soportan la inferencia razonable de la presunta participaci\u00f3n de Buritic\u00e1 Buritic\u00e1 en el il\u00edcito.<\/span><\/p>\n<p class=\"x_x_MsoNormal\"><span lang=\"ES\">En los pr\u00f3ximos d\u00edas, un juez penal del circuito de Cartago resolver\u00e1 dicho recurso para determinar si revoca o no la decisi\u00f3n de la primera instancia.<\/span><\/p>\n<p class=\"x_x_MsoNormal\"><span lang=\"ES\">Lo anterior, responde al cumplimiento de la estrategia de esclarecer los hechos en los que se atenta contra la seguridad ciudadana enmarcados dentro de los lineamientos del\u00a0<b>Fiscal General de la Naci\u00f3n, Francisco Barbosa Delgado<\/b>, en su pol\u00edtica institucional \u201cEn las calles y en los territorios\u201d.<\/span><\/p>\n<p><span lang=\"ES\">La Fiscal\u00eda General de la Naci\u00f3n p\u00fablica esta informaci\u00f3n por razones de inter\u00e9s general.<\/span><span lang=\"ES\">\u00a0<\/span><\/p>\n<p><span style=\"color: #000000; font-family: Arial, sans-serif;\">MAP\/MG\/SMLR<\/span><\/p>\n<p><em><span style=\"color: #000000; font-family: Arial, sans-serif;\">La informaci\u00f3n contenida en este bolet\u00edn de prensa corresponde a la narraci\u00f3n de los hechos noticiosos objetivos, suministrados por los funcionarios encargados de adelantar las investigaciones penales al interior de la Fiscal\u00eda General de la Naci\u00f3n. Para el momento de la divulgaci\u00f3n de este comunicado, la situaci\u00f3n jur\u00eddica de la(s) persona(s) relacionada(s) se encuentra pendiente de resolver por la autoridad judicial competente, siempre bajo los preceptos de la presunci\u00f3n de inocencia, consagrados en el art\u00edculo 29 de la Constituci\u00f3n Pol\u00edtica y el art\u00edculo 7\u00ba de la Ley 906 de 2004.<\/span><\/em><\/p>\n\n<div class=\"twitter-share\"><a href=\"https:\/\/twitter.com\/intent\/tweet?via=fiscaliacol\" class=\"twitter-share-button\">Tweet<\/a><\/div>\n","protected":false},"excerpt":{"rendered":"<p>Un juez de segunda instancia ser\u00e1 el encargado de resolver el\u00a0recurso de apelaci\u00f3n\u00a0de la\u00a0Fiscal\u00eda General de la Naci\u00f3n,\u00a0luego de que un juez de control de garant\u00edas no enviar\u00e1 a la c\u00e1rcel a Huverlain Buritic\u00e1 Buritic\u00e1, imputado como presunto responsable del homicidio de un hombre, en el municipio de Cartago (Valle del Cauca). Seg\u00fan el ente [&hellip;]<\/p>\n","protected":false},"author":171,"featured_media":0,"comment_status":"closed","ping_status":"open","sticky":false,"template":"","format":"standard","meta":{"tdm_status":"","tdm_grid_status":"","footnotes":""},"categories":[324,303,24099],"tags":[15252,12424,4140,78,24187,686,15474,24549,7462],"class_list":{"0":"post-210764","1":"post","2":"type-post","3":"status-publish","4":"format-standard","6":"category-seccional-cali","7":"category-seccionales","8":"category-seguridad-territorial","9":"tag-apelacion","10":"tag-capturado","11":"tag-fabricacion","12":"tag-fiscal-general-de-la-nacion","13":"tag-fiscalia-colombia","14":"tag-homicidio-agravado","15":"tag-imputacion-de-cargos","16":"tag-orden-judicial","17":"tag-trafico-o-porte-de-armas-de-fuego"},"yoast_head":"<!-- This site is optimized with the Yoast SEO plugin v24.3 - https:\/\/yoast.com\/wordpress\/plugins\/seo\/ -->\n<title>Fiscal\u00eda General de la Naci\u00f3n<\/title>\n<meta name=\"description\" content=\"P\u00e1gina oficial de la Fiscal\u00eda General de la Naci\u00f3n \u2013 Colombia. Garantizamos el acceso efectivo a la justicia, la verdad y la reparaci\u00f3n de las v\u00edctimas de los delitos.\" \/>\n<meta name=\"robots\" content=\"noindex, follow\" \/>\n<meta property=\"og:locale\" content=\"es_ES\" \/>\n<meta property=\"og:type\" content=\"article\" \/>\n<meta property=\"og:title\" content=\"Fiscal\u00eda General de la Naci\u00f3n\" \/>\n<meta property=\"og:description\" content=\"P\u00e1gina oficial de la Fiscal\u00eda General de la Naci\u00f3n \u2013 Colombia. Garantizamos el acceso efectivo a la justicia, la verdad y la reparaci\u00f3n de las v\u00edctimas de los delitos.\" \/>\n<meta property=\"og:url\" content=\"https:\/\/www.fiscalia.gov.co\/colombia\/seguridad-territorial\/fiscalia-apelo-decision-de-juez-que-dejo-en-libertad-a-presunto-responsable-de-un-homicidio-en-cartago-valle\/\" \/>\n<meta property=\"og:site_name\" content=\"Fiscal\u00eda General de la Naci\u00f3n\" \/>\n<meta property=\"article:publisher\" content=\"https:\/\/www.facebook.com\/FiscaliaCol\" \/>\n<meta property=\"article:published_time\" content=\"2021-01-14T21:36:39+00:00\" \/>\n<meta property=\"article:modified_time\" content=\"2021-01-14T21:37:11+00:00\" \/>\n<meta name=\"author\" content=\"Ana Mar\u00eda Gomez\" \/>\n<meta name=\"twitter:card\" content=\"summary_large_image\" \/>\n<meta name=\"twitter:creator\" content=\"@FiscaliaCol\" \/>\n<meta name=\"twitter:site\" content=\"@FiscaliaCol\" \/>\n<meta name=\"twitter:label1\" content=\"Escrito por\" \/>\n\t<meta name=\"twitter:data1\" content=\"Ana Mar\u00eda Gomez\" \/>\n\t<meta name=\"twitter:label2\" content=\"Tiempo de lectura\" \/>\n\t<meta name=\"twitter:data2\" content=\"3 minutos\" \/>\n<script type=\"application\/ld+json\" class=\"yoast-schema-graph\">{\"@context\":\"https:\/\/schema.org\",\"@graph\":[{\"@type\":\"Article\",\"@id\":\"https:\/\/www.fiscalia.gov.co\/colombia\/seguridad-territorial\/fiscalia-apelo-decision-de-juez-que-dejo-en-libertad-a-presunto-responsable-de-un-homicidio-en-cartago-valle\/#article\",\"isPartOf\":{\"@id\":\"https:\/\/www.fiscalia.gov.co\/colombia\/seguridad-territorial\/fiscalia-apelo-decision-de-juez-que-dejo-en-libertad-a-presunto-responsable-de-un-homicidio-en-cartago-valle\/\"},\"author\":{\"name\":\"Ana Mar\u00eda Gomez\",\"@id\":\"https:\/\/www.fiscalia.gov.co\/colombia\/#\/schema\/person\/06aa2210fe4d79203f428ff671dee360\"},\"headline\":\"Fiscal\u00eda apel\u00f3 decisi\u00f3n de juez que dej\u00f3 en libertad a presunto responsable de un homicidio en Cartago (Valle)\",\"datePublished\":\"2021-01-14T21:36:39+00:00\",\"dateModified\":\"2021-01-14T21:37:11+00:00\",\"mainEntityOfPage\":{\"@id\":\"https:\/\/www.fiscalia.gov.co\/colombia\/seguridad-territorial\/fiscalia-apelo-decision-de-juez-que-dejo-en-libertad-a-presunto-responsable-de-un-homicidio-en-cartago-valle\/\"},\"wordCount\":573,\"publisher\":{\"@id\":\"https:\/\/www.fiscalia.gov.co\/colombia\/#organization\"},\"keywords\":[\"Apelaci\u00f3n\",\"Capturado\",\"Fabricaci\u00f3n\",\"Fiscal General de la Naci\u00f3n\",\"Fiscal\u00eda Colombia\",\"Homicidio agravado\",\"Imputaci\u00f3n de cargos\",\"orden judicial\",\"tr\u00e1fico o porte de armas de fuego\"],\"articleSection\":[\"Seccional Cali\",\"Seccionales\",\"Seguridad territorial\"],\"inLanguage\":\"es-CO\"},{\"@type\":\"WebPage\",\"@id\":\"https:\/\/www.fiscalia.gov.co\/colombia\/seguridad-territorial\/fiscalia-apelo-decision-de-juez-que-dejo-en-libertad-a-presunto-responsable-de-un-homicidio-en-cartago-valle\/\",\"url\":\"https:\/\/www.fiscalia.gov.co\/colombia\/seguridad-territorial\/fiscalia-apelo-decision-de-juez-que-dejo-en-libertad-a-presunto-responsable-de-un-homicidio-en-cartago-valle\/\",\"name\":\"Fiscal\u00eda General de la Naci\u00f3n\",\"isPartOf\":{\"@id\":\"https:\/\/www.fiscalia.gov.co\/colombia\/#website\"},\"datePublished\":\"2021-01-14T21:36:39+00:00\",\"dateModified\":\"2021-01-14T21:37:11+00:00\",\"description\":\"P\u00e1gina oficial de la Fiscal\u00eda General de la Naci\u00f3n \u2013 Colombia. Garantizamos el acceso efectivo a la justicia, la verdad y la reparaci\u00f3n de las v\u00edctimas de los delitos.\",\"breadcrumb\":{\"@id\":\"https:\/\/www.fiscalia.gov.co\/colombia\/seguridad-territorial\/fiscalia-apelo-decision-de-juez-que-dejo-en-libertad-a-presunto-responsable-de-un-homicidio-en-cartago-valle\/#breadcrumb\"},\"inLanguage\":\"es-CO\",\"potentialAction\":[{\"@type\":\"ReadAction\",\"target\":[\"https:\/\/www.fiscalia.gov.co\/colombia\/seguridad-territorial\/fiscalia-apelo-decision-de-juez-que-dejo-en-libertad-a-presunto-responsable-de-un-homicidio-en-cartago-valle\/\"]}]},{\"@type\":\"BreadcrumbList\",\"@id\":\"https:\/\/www.fiscalia.gov.co\/colombia\/seguridad-territorial\/fiscalia-apelo-decision-de-juez-que-dejo-en-libertad-a-presunto-responsable-de-un-homicidio-en-cartago-valle\/#breadcrumb\",\"itemListElement\":[{\"@type\":\"ListItem\",\"position\":1,\"name\":\"Home\",\"item\":\"https:\/\/www.fiscalia.gov.co\/colombia\/\"},{\"@type\":\"ListItem\",\"position\":2,\"name\":\"Fiscal\u00eda apel\u00f3 decisi\u00f3n de juez que dej\u00f3 en libertad a presunto responsable de un homicidio en Cartago (Valle)\"}]},{\"@type\":\"WebSite\",\"@id\":\"https:\/\/www.fiscalia.gov.co\/colombia\/#website\",\"url\":\"https:\/\/www.fiscalia.gov.co\/colombia\/\",\"name\":\"Fiscal\u00eda General de la Naci\u00f3n\",\"description\":\"P\u00e1gina oficial de la Fiscal\u00eda General de la Naci\u00f3n \u2013 Colombia. Garantizamos el acceso efectivo a la justicia, la verdad y la reparaci\u00f3n de las v\u00edctimas de los delitos.\",\"publisher\":{\"@id\":\"https:\/\/www.fiscalia.gov.co\/colombia\/#organization\"},\"potentialAction\":[{\"@type\":\"SearchAction\",\"target\":{\"@type\":\"EntryPoint\",\"urlTemplate\":\"https:\/\/www.fiscalia.gov.co\/colombia\/?s={search_term_string}\"},\"query-input\":{\"@type\":\"PropertyValueSpecification\",\"valueRequired\":true,\"valueName\":\"search_term_string\"}}],\"inLanguage\":\"es-CO\"},{\"@type\":\"Organization\",\"@id\":\"https:\/\/www.fiscalia.gov.co\/colombia\/#organization\",\"name\":\"Fiscal\u00eda General de la Naci\u00f3n\",\"url\":\"https:\/\/www.fiscalia.gov.co\/colombia\/\",\"logo\":{\"@type\":\"ImageObject\",\"inLanguage\":\"es-CO\",\"@id\":\"https:\/\/www.fiscalia.gov.co\/colombia\/#\/schema\/logo\/image\/\",\"url\":\"https:\/\/www.fiscalia.gov.co\/colombia\/wp-content\/uploads\/LogoHorizontal_1.jpg\",\"contentUrl\":\"https:\/\/www.fiscalia.gov.co\/colombia\/wp-content\/uploads\/LogoHorizontal_1.jpg\",\"width\":300,\"height\":90,\"caption\":\"Fiscal\u00eda General de la Naci\u00f3n\"},\"image\":{\"@id\":\"https:\/\/www.fiscalia.gov.co\/colombia\/#\/schema\/logo\/image\/\"},\"sameAs\":[\"https:\/\/www.facebook.com\/FiscaliaCol\",\"https:\/\/x.com\/FiscaliaCol\",\"https:\/\/www.instagram.com\/fiscaliacol\",\"https:\/\/www.linkedin.com\/company\/fiscalia-general-de-la-naci-n\/\",\"https:\/\/youtube.com\/@fiscaliageneraldelanacion-4668?si=6nN79nyQICPU5iTh\"]},{\"@type\":\"Person\",\"@id\":\"https:\/\/www.fiscalia.gov.co\/colombia\/#\/schema\/person\/06aa2210fe4d79203f428ff671dee360\",\"name\":\"Ana Mar\u00eda Gomez\",\"image\":{\"@type\":\"ImageObject\",\"inLanguage\":\"es-CO\",\"@id\":\"https:\/\/www.fiscalia.gov.co\/colombia\/#\/schema\/person\/image\/\",\"url\":\"https:\/\/secure.gravatar.com\/avatar\/a38115d98a7f8a96cbb96af2b2c37a0b?s=96&d=mm&r=g\",\"contentUrl\":\"https:\/\/secure.gravatar.com\/avatar\/a38115d98a7f8a96cbb96af2b2c37a0b?s=96&d=mm&r=g\",\"caption\":\"Ana Mar\u00eda Gomez\"},\"url\":\"https:\/\/www.fiscalia.gov.co\/colombia\/author\/agomez\/\"}]}<\/script>\n<!-- \/ Yoast SEO plugin. -->","yoast_head_json":{"title":"Fiscal\u00eda General de la Naci\u00f3n","description":"P\u00e1gina oficial de la Fiscal\u00eda General de la Naci\u00f3n \u2013 Colombia. Garantizamos el acceso efectivo a la justicia, la verdad y la reparaci\u00f3n de las v\u00edctimas de los delitos.","robots":{"index":"noindex","follow":"follow"},"og_locale":"es_ES","og_type":"article","og_title":"Fiscal\u00eda General de la Naci\u00f3n","og_description":"P\u00e1gina oficial de la Fiscal\u00eda General de la Naci\u00f3n \u2013 Colombia. Garantizamos el acceso efectivo a la justicia, la verdad y la reparaci\u00f3n de las v\u00edctimas de los delitos.","og_url":"https:\/\/www.fiscalia.gov.co\/colombia\/seguridad-territorial\/fiscalia-apelo-decision-de-juez-que-dejo-en-libertad-a-presunto-responsable-de-un-homicidio-en-cartago-valle\/","og_site_name":"Fiscal\u00eda General de la Naci\u00f3n","article_publisher":"https:\/\/www.facebook.com\/FiscaliaCol","article_published_time":"2021-01-14T21:36:39+00:00","article_modified_time":"2021-01-14T21:37:11+00:00","author":"Ana Mar\u00eda Gomez","twitter_card":"summary_large_image","twitter_creator":"@FiscaliaCol","twitter_site":"@FiscaliaCol","twitter_misc":{"Escrito por":"Ana Mar\u00eda Gomez","Tiempo de lectura":"3 minutos"},"schema":{"@context":"https:\/\/schema.org","@graph":[{"@type":"Article","@id":"https:\/\/www.fiscalia.gov.co\/colombia\/seguridad-territorial\/fiscalia-apelo-decision-de-juez-que-dejo-en-libertad-a-presunto-responsable-de-un-homicidio-en-cartago-valle\/#article","isPartOf":{"@id":"https:\/\/www.fiscalia.gov.co\/colombia\/seguridad-territorial\/fiscalia-apelo-decision-de-juez-que-dejo-en-libertad-a-presunto-responsable-de-un-homicidio-en-cartago-valle\/"},"author":{"name":"Ana Mar\u00eda Gomez","@id":"https:\/\/www.fiscalia.gov.co\/colombia\/#\/schema\/person\/06aa2210fe4d79203f428ff671dee360"},"headline":"Fiscal\u00eda apel\u00f3 decisi\u00f3n de juez que dej\u00f3 en libertad a presunto responsable de un homicidio en Cartago (Valle)","datePublished":"2021-01-14T21:36:39+00:00","dateModified":"2021-01-14T21:37:11+00:00","mainEntityOfPage":{"@id":"https:\/\/www.fiscalia.gov.co\/colombia\/seguridad-territorial\/fiscalia-apelo-decision-de-juez-que-dejo-en-libertad-a-presunto-responsable-de-un-homicidio-en-cartago-valle\/"},"wordCount":573,"publisher":{"@id":"https:\/\/www.fiscalia.gov.co\/colombia\/#organization"},"keywords":["Apelaci\u00f3n","Capturado","Fabricaci\u00f3n","Fiscal General de la Naci\u00f3n","Fiscal\u00eda Colombia","Homicidio agravado","Imputaci\u00f3n de cargos","orden judicial","tr\u00e1fico o porte de armas de fuego"],"articleSection":["Seccional Cali","Seccionales","Seguridad territorial"],"inLanguage":"es-CO"},{"@type":"WebPage","@id":"https:\/\/www.fiscalia.gov.co\/colombia\/seguridad-territorial\/fiscalia-apelo-decision-de-juez-que-dejo-en-libertad-a-presunto-responsable-de-un-homicidio-en-cartago-valle\/","url":"https:\/\/www.fiscalia.gov.co\/colombia\/seguridad-territorial\/fiscalia-apelo-decision-de-juez-que-dejo-en-libertad-a-presunto-responsable-de-un-homicidio-en-cartago-valle\/","name":"Fiscal\u00eda General de la Naci\u00f3n","isPartOf":{"@id":"https:\/\/www.fiscalia.gov.co\/colombia\/#website"},"datePublished":"2021-01-14T21:36:39+00:00","dateModified":"2021-01-14T21:37:11+00:00","description":"P\u00e1gina oficial de la Fiscal\u00eda General de la Naci\u00f3n \u2013 Colombia. Garantizamos el acceso efectivo a la justicia, la verdad y la reparaci\u00f3n de las v\u00edctimas de los delitos.","breadcrumb":{"@id":"https:\/\/www.fiscalia.gov.co\/colombia\/seguridad-territorial\/fiscalia-apelo-decision-de-juez-que-dejo-en-libertad-a-presunto-responsable-de-un-homicidio-en-cartago-valle\/#breadcrumb"},"inLanguage":"es-CO","potentialAction":[{"@type":"ReadAction","target":["https:\/\/www.fiscalia.gov.co\/colombia\/seguridad-territorial\/fiscalia-apelo-decision-de-juez-que-dejo-en-libertad-a-presunto-responsable-de-un-homicidio-en-cartago-valle\/"]}]},{"@type":"BreadcrumbList","@id":"https:\/\/www.fiscalia.gov.co\/colombia\/seguridad-territorial\/fiscalia-apelo-decision-de-juez-que-dejo-en-libertad-a-presunto-responsable-de-un-homicidio-en-cartago-valle\/#breadcrumb","itemListElement":[{"@type":"ListItem","position":1,"name":"Home","item":"https:\/\/www.fiscalia.gov.co\/colombia\/"},{"@type":"ListItem","position":2,"name":"Fiscal\u00eda apel\u00f3 decisi\u00f3n de juez que dej\u00f3 en libertad a presunto responsable de un homicidio en Cartago (Valle)"}]},{"@type":"WebSite","@id":"https:\/\/www.fiscalia.gov.co\/colombia\/#website","url":"https:\/\/www.fiscalia.gov.co\/colombia\/","name":"Fiscal\u00eda General de la Naci\u00f3n","description":"P\u00e1gina oficial de la Fiscal\u00eda General de la Naci\u00f3n \u2013 Colombia. Garantizamos el acceso efectivo a la justicia, la verdad y la reparaci\u00f3n de las v\u00edctimas de los delitos.","publisher":{"@id":"https:\/\/www.fiscalia.gov.co\/colombia\/#organization"},"potentialAction":[{"@type":"SearchAction","target":{"@type":"EntryPoint","urlTemplate":"https:\/\/www.fiscalia.gov.co\/colombia\/?s={search_term_string}"},"query-input":{"@type":"PropertyValueSpecification","valueRequired":true,"valueName":"search_term_string"}}],"inLanguage":"es-CO"},{"@type":"Organization","@id":"https:\/\/www.fiscalia.gov.co\/colombia\/#organization","name":"Fiscal\u00eda General de la Naci\u00f3n","url":"https:\/\/www.fiscalia.gov.co\/colombia\/","logo":{"@type":"ImageObject","inLanguage":"es-CO","@id":"https:\/\/www.fiscalia.gov.co\/colombia\/#\/schema\/logo\/image\/","url":"https:\/\/www.fiscalia.gov.co\/colombia\/wp-content\/uploads\/LogoHorizontal_1.jpg","contentUrl":"https:\/\/www.fiscalia.gov.co\/colombia\/wp-content\/uploads\/LogoHorizontal_1.jpg","width":300,"height":90,"caption":"Fiscal\u00eda General de la Naci\u00f3n"},"image":{"@id":"https:\/\/www.fiscalia.gov.co\/colombia\/#\/schema\/logo\/image\/"},"sameAs":["https:\/\/www.facebook.com\/FiscaliaCol","https:\/\/x.com\/FiscaliaCol","https:\/\/www.instagram.com\/fiscaliacol","https:\/\/www.linkedin.com\/company\/fiscalia-general-de-la-naci-n\/","https:\/\/youtube.com\/@fiscaliageneraldelanacion-4668?si=6nN79nyQICPU5iTh"]},{"@type":"Person","@id":"https:\/\/www.fiscalia.gov.co\/colombia\/#\/schema\/person\/06aa2210fe4d79203f428ff671dee360","name":"Ana Mar\u00eda Gomez","image":{"@type":"ImageObject","inLanguage":"es-CO","@id":"https:\/\/www.fiscalia.gov.co\/colombia\/#\/schema\/person\/image\/","url":"https:\/\/secure.gravatar.com\/avatar\/a38115d98a7f8a96cbb96af2b2c37a0b?s=96&d=mm&r=g","contentUrl":"https:\/\/secure.gravatar.com\/avatar\/a38115d98a7f8a96cbb96af2b2c37a0b?s=96&d=mm&r=g","caption":"Ana Mar\u00eda Gomez"},"url":"https:\/\/www.fiscalia.gov.co\/colombia\/author\/agomez\/"}]}},"_links":{"self":[{"href":"https:\/\/www.fiscalia.gov.co\/colombia\/wp-json\/wp\/v2\/posts\/210764","targetHints":{"allow":["GET"]}}],"collection":[{"href":"https:\/\/www.fiscalia.gov.co\/colombia\/wp-json\/wp\/v2\/posts"}],"about":[{"href":"https:\/\/www.fiscalia.gov.co\/colombia\/wp-json\/wp\/v2\/types\/post"}],"author":[{"embeddable":true,"href":"https:\/\/www.fiscalia.gov.co\/colombia\/wp-json\/wp\/v2\/users\/171"}],"replies":[{"embeddable":true,"href":"https:\/\/www.fiscalia.gov.co\/colombia\/wp-json\/wp\/v2\/comments?post=210764"}],"version-history":[{"count":2,"href":"https:\/\/www.fiscalia.gov.co\/colombia\/wp-json\/wp\/v2\/posts\/210764\/revisions"}],"predecessor-version":[{"id":210767,"href":"https:\/\/www.fiscalia.gov.co\/colombia\/wp-json\/wp\/v2\/posts\/210764\/revisions\/210767"}],"wp:attachment":[{"href":"https:\/\/www.fiscalia.gov.co\/colombia\/wp-json\/wp\/v2\/media?parent=210764"}],"wp:term":[{"taxonomy":"category","embeddable":true,"href":"https:\/\/www.fiscalia.gov.co\/colombia\/wp-json\/wp\/v2\/categories?post=210764"},{"taxonomy":"post_tag","embeddable":true,"href":"https:\/\/www.fiscalia.gov.co\/colombia\/wp-json\/wp\/v2\/tags?post=210764"}],"curies":[{"name":"wp","href":"https:\/\/api.w.org\/{rel}","templated":true}]}}