{"id":210631,"date":"2021-01-13T08:13:56","date_gmt":"2021-01-13T13:13:56","guid":{"rendered":"https:\/\/www.fiscalia.gov.co\/colombia\/?p=210631"},"modified":"2021-01-14T15:58:43","modified_gmt":"2021-01-14T20:58:43","slug":"condenado-a-mas-de-16-anos-de-prision-el-segundo-participe-en-el-homicidio-de-un-odontologo-en-florencia","status":"publish","type":"post","link":"https:\/\/www.fiscalia.gov.co\/colombia\/hay-justicia\/condenado-a-mas-de-16-anos-de-prision-el-segundo-participe-en-el-homicidio-de-un-odontologo-en-florencia\/","title":{"rendered":"Condenado a m\u00e1s de 16 a\u00f1os de prisi\u00f3n el segundo part\u00edcipe en el homicidio de un odont\u00f3logo en Florencia"},"content":{"rendered":"<h4 class=\"x_MsoNormal\"><em><strong><span lang=\"ES-CO\">-Esta \u00faltima sentencia\u00a0se logr\u00f3 luego de llegar a un acuerdo con la Fiscal\u00eda. Por este mismo caso en agosto pasado Yeiner Sierra S\u00e1nchez, quien dispar\u00f3 el arma, fue condenado a 17 a\u00f1os y 1 mes de prisi\u00f3n (206 meses).<\/span><\/strong><\/em><\/h4>\n<p class=\"x_MsoNormal\"><b><span lang=\"ES-CO\">Duv\u00e1n Sneider Barbosa<\/span><\/b><span lang=\"ES-CO\">\u00a0fue condenado a la pena de\u00a0<b>16 a\u00f1os y 9 meses de prisi\u00f3n<\/b>\u00a0(201 meses), luego de ser encontrado responsable del delito de homicidio agravado en concurso con porte ilegal de armas de fuego, del que fue v\u00edctima el odont\u00f3logo\u00a0<b>Harold Armando Cort\u00e9s Atuesta\u00a0<\/b>asesinado<b>\u00a0<\/b>el 14 de noviembre del a\u00f1o 2019 en Florencia (Caquet\u00e1).<\/span><\/p>\n<p class=\"x_MsoNormal\"><span lang=\"ES-CO\">Cuando se instalaba la audiencia preparatoria ante un juez del circuito de la ciudad el abogado de confianza del procesado solicit\u00f3 la palabra para se\u00f1alar que su defendido quer\u00eda allanarse a los cargos por v\u00eda de preacuerdo, aceptando su responsabilidad por haber ordenado y pagado por el crimen que le cost\u00f3 la vida a\u00a0<b>Cort\u00e9s Atuesta<\/b>.<\/span><\/p>\n<p class=\"x_MsoNormal\"><span lang=\"ES-CO\">El acuerdo al que se hace referencia entre la Fiscal\u00eda General de la Naci\u00f3n y el implicado fue aprobado por la jueza del caso, luego de haber escuchado al procesado, revisado los elementos materiales probatorios, la evidencia f\u00edsica que ten\u00eda el fiscal, y haber o\u00eddo a los dem\u00e1s sujetos procesales.<\/span><\/p>\n<p class=\"x_MsoNormal\"><span lang=\"ES-CO\">Los hechos motivo de esta sentencia condenatoria, la cual qued\u00f3 en firme, ocurrieron cuando la v\u00edctima fue sorprendida por sujetos armados que segaron su vida mientras se encontraba a las afueras de su casa en el barrio Las Avenidas.<\/span><\/p>\n<p class=\"x_MsoNormal\"><span lang=\"ES-CO\">En agosto pasado\u00a0Yeiner Sierra S\u00e1nchez, quien dispar\u00f3 el arma, fue\u00a0<\/span><span lang=\"ES-CO\"><a href=\"https:\/\/www.fiscalia.gov.co\/colombia\/hay-justicia\/condenado-a-17-anos-de-prision-uno-de-los-responsables-del-homicidio-de-reconocido-odontologo-en-florencia-en-2019\/\" target=\"_blank\" rel=\"noopener noreferrer\" data-auth=\"NotApplicable\">condenado<\/a><\/span><span lang=\"ES-CO\">\u00a0a\u00a0<b>17 a\u00f1os\u00a0y 1 mes de prisi\u00f3n<\/b>\u00a0(206 meses) en virtud de un preacuerdo celebrado con el organismo judicial y aprobado por un juez de la Rep\u00fablica.<\/span><\/p>\n<p class=\"x_MsoNormal\"><b><span lang=\"ES-CO\">La decisi\u00f3n qued\u00f3 ejecutoriada.<\/span><\/b><\/p>\n<p class=\"x_MsoNormal\"><span lang=\"ES-CO\">Estos resultados est\u00e1n enmarcados dentro del\u00a0<b>Direccionamiento Estrat\u00e9gico 2020-2024 de la Fiscal\u00eda General de la Naci\u00f3n<\/b>\u00a0que prioriza las investigaciones sobre delitos contra la vida y la seguridad ciudadana.<\/span><\/p>\n<p class=\"x_MsoNormal\"><span lang=\"ES-CO\">La Fiscal\u00eda hace p\u00fablica esta informaci\u00f3n por razones de inter\u00e9s general.<\/span><\/p>\n<p class=\"x_MsoNormal\"><span lang=\"ES-CO\">PAAM\/MAGA\/LABB\/MCRC<\/span><\/p>\n\n<div class=\"twitter-share\"><a href=\"https:\/\/twitter.com\/intent\/tweet?via=fiscaliacol\" class=\"twitter-share-button\">Tweet<\/a><\/div>\n","protected":false},"excerpt":{"rendered":"<p>-Esta \u00faltima sentencia\u00a0se logr\u00f3 luego de llegar a un acuerdo con la Fiscal\u00eda. Por este mismo caso en agosto pasado Yeiner Sierra S\u00e1nchez, quien dispar\u00f3 el arma, fue condenado a [&hellip;]<\/p>\n","protected":false},"author":171,"featured_media":0,"comment_status":"closed","ping_status":"open","sticky":false,"template":"","format":"video","meta":{"tdm_status":"","tdm_grid_status":"","footnotes":""},"categories":[24174,328,303],"tags":[2431,24185,78,23822,409,25190,4765,24379,11101],"class_list":["post-210631","post","type-post","status-publish","format-video","category-hay-justicia","category-seccional-florencia","category-seccionales","tag-condenado","tag-fiscal-barbosa","tag-fiscal-general-de-la-nacion","tag-florencia","tag-homicidio","tag-odontologo","tag-porte-ilegal-de-armas-de-fuego","tag-seccional-caqueta","tag-seguridad-ciudadana","post_format-post-format-video"],"yoast_head":"<!-- This site is optimized with the Yoast SEO plugin v24.3 - https:\/\/yoast.com\/wordpress\/plugins\/seo\/ -->\n<title>Fiscal\u00eda General de la Naci\u00f3n<\/title>\n<meta name=\"description\" content=\"P\u00e1gina oficial de la Fiscal\u00eda General de la Naci\u00f3n \u2013 Colombia. Garantizamos el acceso efectivo a la justicia, la verdad y la reparaci\u00f3n de las v\u00edctimas de los delitos.\" \/>\n<meta name=\"robots\" content=\"noindex, follow\" \/>\n<meta property=\"og:locale\" content=\"es_ES\" \/>\n<meta property=\"og:type\" content=\"article\" \/>\n<meta property=\"og:title\" content=\"Fiscal\u00eda General de la Naci\u00f3n\" \/>\n<meta property=\"og:description\" content=\"P\u00e1gina oficial de la Fiscal\u00eda General de la Naci\u00f3n \u2013 Colombia. Garantizamos el acceso efectivo a la justicia, la verdad y la reparaci\u00f3n de las v\u00edctimas de los delitos.\" \/>\n<meta property=\"og:url\" content=\"https:\/\/www.fiscalia.gov.co\/colombia\/hay-justicia\/condenado-a-mas-de-16-anos-de-prision-el-segundo-participe-en-el-homicidio-de-un-odontologo-en-florencia\/\" \/>\n<meta property=\"og:site_name\" content=\"Fiscal\u00eda General de la Naci\u00f3n\" \/>\n<meta property=\"article:publisher\" content=\"https:\/\/www.facebook.com\/FiscaliaCol\" \/>\n<meta property=\"article:published_time\" content=\"2021-01-13T13:13:56+00:00\" \/>\n<meta property=\"article:modified_time\" content=\"2021-01-14T20:58:43+00:00\" \/>\n<meta name=\"author\" content=\"Ana Mar\u00eda Gomez\" \/>\n<meta name=\"twitter:card\" content=\"summary_large_image\" \/>\n<meta name=\"twitter:creator\" content=\"@FiscaliaCol\" \/>\n<meta name=\"twitter:site\" content=\"@FiscaliaCol\" \/>\n<meta name=\"twitter:label1\" content=\"Escrito por\" \/>\n\t<meta name=\"twitter:data1\" content=\"Ana Mar\u00eda Gomez\" \/>\n\t<meta name=\"twitter:label2\" content=\"Tiempo de lectura\" \/>\n\t<meta name=\"twitter:data2\" content=\"2 minutos\" \/>\n<script type=\"application\/ld+json\" class=\"yoast-schema-graph\">{\"@context\":\"https:\/\/schema.org\",\"@graph\":[{\"@type\":\"Article\",\"@id\":\"https:\/\/www.fiscalia.gov.co\/colombia\/hay-justicia\/condenado-a-mas-de-16-anos-de-prision-el-segundo-participe-en-el-homicidio-de-un-odontologo-en-florencia\/#article\",\"isPartOf\":{\"@id\":\"https:\/\/www.fiscalia.gov.co\/colombia\/hay-justicia\/condenado-a-mas-de-16-anos-de-prision-el-segundo-participe-en-el-homicidio-de-un-odontologo-en-florencia\/\"},\"author\":{\"name\":\"Ana Mar\u00eda Gomez\",\"@id\":\"https:\/\/www.fiscalia.gov.co\/colombia\/#\/schema\/person\/06aa2210fe4d79203f428ff671dee360\"},\"headline\":\"Condenado a m\u00e1s de 16 a\u00f1os de prisi\u00f3n el segundo part\u00edcipe en el homicidio de un odont\u00f3logo en Florencia\",\"datePublished\":\"2021-01-13T13:13:56+00:00\",\"dateModified\":\"2021-01-14T20:58:43+00:00\",\"mainEntityOfPage\":{\"@id\":\"https:\/\/www.fiscalia.gov.co\/colombia\/hay-justicia\/condenado-a-mas-de-16-anos-de-prision-el-segundo-participe-en-el-homicidio-de-un-odontologo-en-florencia\/\"},\"wordCount\":378,\"publisher\":{\"@id\":\"https:\/\/www.fiscalia.gov.co\/colombia\/#organization\"},\"keywords\":[\"Condenado\",\"Fiscal Barbosa\",\"Fiscal General de la Naci\u00f3n\",\"Florencia\",\"Homicidio\",\"odont\u00f3logo\",\"Porte ilegal de armas de fuego\",\"Seccional Caquet\u00e1.\",\"Seguridad ciudadana\"],\"articleSection\":[\"Hay Justicia\",\"Seccional Florencia\",\"Seccionales\"],\"inLanguage\":\"es-CO\"},{\"@type\":\"WebPage\",\"@id\":\"https:\/\/www.fiscalia.gov.co\/colombia\/hay-justicia\/condenado-a-mas-de-16-anos-de-prision-el-segundo-participe-en-el-homicidio-de-un-odontologo-en-florencia\/\",\"url\":\"https:\/\/www.fiscalia.gov.co\/colombia\/hay-justicia\/condenado-a-mas-de-16-anos-de-prision-el-segundo-participe-en-el-homicidio-de-un-odontologo-en-florencia\/\",\"name\":\"Fiscal\u00eda General de la Naci\u00f3n\",\"isPartOf\":{\"@id\":\"https:\/\/www.fiscalia.gov.co\/colombia\/#website\"},\"datePublished\":\"2021-01-13T13:13:56+00:00\",\"dateModified\":\"2021-01-14T20:58:43+00:00\",\"description\":\"P\u00e1gina oficial de la Fiscal\u00eda General de la Naci\u00f3n \u2013 Colombia. Garantizamos el acceso efectivo a la justicia, la verdad y la reparaci\u00f3n de las v\u00edctimas de los delitos.\",\"breadcrumb\":{\"@id\":\"https:\/\/www.fiscalia.gov.co\/colombia\/hay-justicia\/condenado-a-mas-de-16-anos-de-prision-el-segundo-participe-en-el-homicidio-de-un-odontologo-en-florencia\/#breadcrumb\"},\"inLanguage\":\"es-CO\",\"potentialAction\":[{\"@type\":\"ReadAction\",\"target\":[\"https:\/\/www.fiscalia.gov.co\/colombia\/hay-justicia\/condenado-a-mas-de-16-anos-de-prision-el-segundo-participe-en-el-homicidio-de-un-odontologo-en-florencia\/\"]}]},{\"@type\":\"BreadcrumbList\",\"@id\":\"https:\/\/www.fiscalia.gov.co\/colombia\/hay-justicia\/condenado-a-mas-de-16-anos-de-prision-el-segundo-participe-en-el-homicidio-de-un-odontologo-en-florencia\/#breadcrumb\",\"itemListElement\":[{\"@type\":\"ListItem\",\"position\":1,\"name\":\"Home\",\"item\":\"https:\/\/www.fiscalia.gov.co\/colombia\/\"},{\"@type\":\"ListItem\",\"position\":2,\"name\":\"Condenado a m\u00e1s de 16 a\u00f1os de prisi\u00f3n el segundo part\u00edcipe en el homicidio de un odont\u00f3logo en Florencia\"}]},{\"@type\":\"WebSite\",\"@id\":\"https:\/\/www.fiscalia.gov.co\/colombia\/#website\",\"url\":\"https:\/\/www.fiscalia.gov.co\/colombia\/\",\"name\":\"Fiscal\u00eda General de la Naci\u00f3n\",\"description\":\"P\u00e1gina oficial de la Fiscal\u00eda General de la Naci\u00f3n \u2013 Colombia. Garantizamos el acceso efectivo a la justicia, la verdad y la reparaci\u00f3n de las v\u00edctimas de los delitos.\",\"publisher\":{\"@id\":\"https:\/\/www.fiscalia.gov.co\/colombia\/#organization\"},\"potentialAction\":[{\"@type\":\"SearchAction\",\"target\":{\"@type\":\"EntryPoint\",\"urlTemplate\":\"https:\/\/www.fiscalia.gov.co\/colombia\/?s={search_term_string}\"},\"query-input\":{\"@type\":\"PropertyValueSpecification\",\"valueRequired\":true,\"valueName\":\"search_term_string\"}}],\"inLanguage\":\"es-CO\"},{\"@type\":\"Organization\",\"@id\":\"https:\/\/www.fiscalia.gov.co\/colombia\/#organization\",\"name\":\"Fiscal\u00eda General de la Naci\u00f3n\",\"url\":\"https:\/\/www.fiscalia.gov.co\/colombia\/\",\"logo\":{\"@type\":\"ImageObject\",\"inLanguage\":\"es-CO\",\"@id\":\"https:\/\/www.fiscalia.gov.co\/colombia\/#\/schema\/logo\/image\/\",\"url\":\"https:\/\/www.fiscalia.gov.co\/colombia\/wp-content\/uploads\/LogoHorizontal_1.jpg\",\"contentUrl\":\"https:\/\/www.fiscalia.gov.co\/colombia\/wp-content\/uploads\/LogoHorizontal_1.jpg\",\"width\":300,\"height\":90,\"caption\":\"Fiscal\u00eda General de la Naci\u00f3n\"},\"image\":{\"@id\":\"https:\/\/www.fiscalia.gov.co\/colombia\/#\/schema\/logo\/image\/\"},\"sameAs\":[\"https:\/\/www.facebook.com\/FiscaliaCol\",\"https:\/\/x.com\/FiscaliaCol\",\"https:\/\/www.instagram.com\/fiscaliacol\",\"https:\/\/www.linkedin.com\/company\/fiscalia-general-de-la-naci-n\/\",\"https:\/\/youtube.com\/@fiscaliageneraldelanacion-4668?si=6nN79nyQICPU5iTh\"]},{\"@type\":\"Person\",\"@id\":\"https:\/\/www.fiscalia.gov.co\/colombia\/#\/schema\/person\/06aa2210fe4d79203f428ff671dee360\",\"name\":\"Ana Mar\u00eda Gomez\",\"image\":{\"@type\":\"ImageObject\",\"inLanguage\":\"es-CO\",\"@id\":\"https:\/\/www.fiscalia.gov.co\/colombia\/#\/schema\/person\/image\/\",\"url\":\"https:\/\/secure.gravatar.com\/avatar\/a38115d98a7f8a96cbb96af2b2c37a0b?s=96&d=mm&r=g\",\"contentUrl\":\"https:\/\/secure.gravatar.com\/avatar\/a38115d98a7f8a96cbb96af2b2c37a0b?s=96&d=mm&r=g\",\"caption\":\"Ana Mar\u00eda Gomez\"},\"url\":\"https:\/\/www.fiscalia.gov.co\/colombia\/author\/agomez\/\"}]}<\/script>\n<!-- \/ Yoast SEO plugin. -->","yoast_head_json":{"title":"Fiscal\u00eda General de la Naci\u00f3n","description":"P\u00e1gina oficial de la Fiscal\u00eda General de la Naci\u00f3n \u2013 Colombia. Garantizamos el acceso efectivo a la justicia, la verdad y la reparaci\u00f3n de las v\u00edctimas de los delitos.","robots":{"index":"noindex","follow":"follow"},"og_locale":"es_ES","og_type":"article","og_title":"Fiscal\u00eda General de la Naci\u00f3n","og_description":"P\u00e1gina oficial de la Fiscal\u00eda General de la Naci\u00f3n \u2013 Colombia. Garantizamos el acceso efectivo a la justicia, la verdad y la reparaci\u00f3n de las v\u00edctimas de los delitos.","og_url":"https:\/\/www.fiscalia.gov.co\/colombia\/hay-justicia\/condenado-a-mas-de-16-anos-de-prision-el-segundo-participe-en-el-homicidio-de-un-odontologo-en-florencia\/","og_site_name":"Fiscal\u00eda General de la Naci\u00f3n","article_publisher":"https:\/\/www.facebook.com\/FiscaliaCol","article_published_time":"2021-01-13T13:13:56+00:00","article_modified_time":"2021-01-14T20:58:43+00:00","author":"Ana Mar\u00eda Gomez","twitter_card":"summary_large_image","twitter_creator":"@FiscaliaCol","twitter_site":"@FiscaliaCol","twitter_misc":{"Escrito por":"Ana Mar\u00eda Gomez","Tiempo de lectura":"2 minutos"},"schema":{"@context":"https:\/\/schema.org","@graph":[{"@type":"Article","@id":"https:\/\/www.fiscalia.gov.co\/colombia\/hay-justicia\/condenado-a-mas-de-16-anos-de-prision-el-segundo-participe-en-el-homicidio-de-un-odontologo-en-florencia\/#article","isPartOf":{"@id":"https:\/\/www.fiscalia.gov.co\/colombia\/hay-justicia\/condenado-a-mas-de-16-anos-de-prision-el-segundo-participe-en-el-homicidio-de-un-odontologo-en-florencia\/"},"author":{"name":"Ana Mar\u00eda Gomez","@id":"https:\/\/www.fiscalia.gov.co\/colombia\/#\/schema\/person\/06aa2210fe4d79203f428ff671dee360"},"headline":"Condenado a m\u00e1s de 16 a\u00f1os de prisi\u00f3n el segundo part\u00edcipe en el homicidio de un odont\u00f3logo en Florencia","datePublished":"2021-01-13T13:13:56+00:00","dateModified":"2021-01-14T20:58:43+00:00","mainEntityOfPage":{"@id":"https:\/\/www.fiscalia.gov.co\/colombia\/hay-justicia\/condenado-a-mas-de-16-anos-de-prision-el-segundo-participe-en-el-homicidio-de-un-odontologo-en-florencia\/"},"wordCount":378,"publisher":{"@id":"https:\/\/www.fiscalia.gov.co\/colombia\/#organization"},"keywords":["Condenado","Fiscal Barbosa","Fiscal General de la Naci\u00f3n","Florencia","Homicidio","odont\u00f3logo","Porte ilegal de armas de fuego","Seccional Caquet\u00e1.","Seguridad ciudadana"],"articleSection":["Hay Justicia","Seccional Florencia","Seccionales"],"inLanguage":"es-CO"},{"@type":"WebPage","@id":"https:\/\/www.fiscalia.gov.co\/colombia\/hay-justicia\/condenado-a-mas-de-16-anos-de-prision-el-segundo-participe-en-el-homicidio-de-un-odontologo-en-florencia\/","url":"https:\/\/www.fiscalia.gov.co\/colombia\/hay-justicia\/condenado-a-mas-de-16-anos-de-prision-el-segundo-participe-en-el-homicidio-de-un-odontologo-en-florencia\/","name":"Fiscal\u00eda General de la Naci\u00f3n","isPartOf":{"@id":"https:\/\/www.fiscalia.gov.co\/colombia\/#website"},"datePublished":"2021-01-13T13:13:56+00:00","dateModified":"2021-01-14T20:58:43+00:00","description":"P\u00e1gina oficial de la Fiscal\u00eda General de la Naci\u00f3n \u2013 Colombia. Garantizamos el acceso efectivo a la justicia, la verdad y la reparaci\u00f3n de las v\u00edctimas de los delitos.","breadcrumb":{"@id":"https:\/\/www.fiscalia.gov.co\/colombia\/hay-justicia\/condenado-a-mas-de-16-anos-de-prision-el-segundo-participe-en-el-homicidio-de-un-odontologo-en-florencia\/#breadcrumb"},"inLanguage":"es-CO","potentialAction":[{"@type":"ReadAction","target":["https:\/\/www.fiscalia.gov.co\/colombia\/hay-justicia\/condenado-a-mas-de-16-anos-de-prision-el-segundo-participe-en-el-homicidio-de-un-odontologo-en-florencia\/"]}]},{"@type":"BreadcrumbList","@id":"https:\/\/www.fiscalia.gov.co\/colombia\/hay-justicia\/condenado-a-mas-de-16-anos-de-prision-el-segundo-participe-en-el-homicidio-de-un-odontologo-en-florencia\/#breadcrumb","itemListElement":[{"@type":"ListItem","position":1,"name":"Home","item":"https:\/\/www.fiscalia.gov.co\/colombia\/"},{"@type":"ListItem","position":2,"name":"Condenado a m\u00e1s de 16 a\u00f1os de prisi\u00f3n el segundo part\u00edcipe en el homicidio de un odont\u00f3logo en Florencia"}]},{"@type":"WebSite","@id":"https:\/\/www.fiscalia.gov.co\/colombia\/#website","url":"https:\/\/www.fiscalia.gov.co\/colombia\/","name":"Fiscal\u00eda General de la Naci\u00f3n","description":"P\u00e1gina oficial de la Fiscal\u00eda General de la Naci\u00f3n \u2013 Colombia. Garantizamos el acceso efectivo a la justicia, la verdad y la reparaci\u00f3n de las v\u00edctimas de los delitos.","publisher":{"@id":"https:\/\/www.fiscalia.gov.co\/colombia\/#organization"},"potentialAction":[{"@type":"SearchAction","target":{"@type":"EntryPoint","urlTemplate":"https:\/\/www.fiscalia.gov.co\/colombia\/?s={search_term_string}"},"query-input":{"@type":"PropertyValueSpecification","valueRequired":true,"valueName":"search_term_string"}}],"inLanguage":"es-CO"},{"@type":"Organization","@id":"https:\/\/www.fiscalia.gov.co\/colombia\/#organization","name":"Fiscal\u00eda General de la Naci\u00f3n","url":"https:\/\/www.fiscalia.gov.co\/colombia\/","logo":{"@type":"ImageObject","inLanguage":"es-CO","@id":"https:\/\/www.fiscalia.gov.co\/colombia\/#\/schema\/logo\/image\/","url":"https:\/\/www.fiscalia.gov.co\/colombia\/wp-content\/uploads\/LogoHorizontal_1.jpg","contentUrl":"https:\/\/www.fiscalia.gov.co\/colombia\/wp-content\/uploads\/LogoHorizontal_1.jpg","width":300,"height":90,"caption":"Fiscal\u00eda General de la Naci\u00f3n"},"image":{"@id":"https:\/\/www.fiscalia.gov.co\/colombia\/#\/schema\/logo\/image\/"},"sameAs":["https:\/\/www.facebook.com\/FiscaliaCol","https:\/\/x.com\/FiscaliaCol","https:\/\/www.instagram.com\/fiscaliacol","https:\/\/www.linkedin.com\/company\/fiscalia-general-de-la-naci-n\/","https:\/\/youtube.com\/@fiscaliageneraldelanacion-4668?si=6nN79nyQICPU5iTh"]},{"@type":"Person","@id":"https:\/\/www.fiscalia.gov.co\/colombia\/#\/schema\/person\/06aa2210fe4d79203f428ff671dee360","name":"Ana Mar\u00eda Gomez","image":{"@type":"ImageObject","inLanguage":"es-CO","@id":"https:\/\/www.fiscalia.gov.co\/colombia\/#\/schema\/person\/image\/","url":"https:\/\/secure.gravatar.com\/avatar\/a38115d98a7f8a96cbb96af2b2c37a0b?s=96&d=mm&r=g","contentUrl":"https:\/\/secure.gravatar.com\/avatar\/a38115d98a7f8a96cbb96af2b2c37a0b?s=96&d=mm&r=g","caption":"Ana Mar\u00eda Gomez"},"url":"https:\/\/www.fiscalia.gov.co\/colombia\/author\/agomez\/"}]}},"_links":{"self":[{"href":"https:\/\/www.fiscalia.gov.co\/colombia\/wp-json\/wp\/v2\/posts\/210631","targetHints":{"allow":["GET"]}}],"collection":[{"href":"https:\/\/www.fiscalia.gov.co\/colombia\/wp-json\/wp\/v2\/posts"}],"about":[{"href":"https:\/\/www.fiscalia.gov.co\/colombia\/wp-json\/wp\/v2\/types\/post"}],"author":[{"embeddable":true,"href":"https:\/\/www.fiscalia.gov.co\/colombia\/wp-json\/wp\/v2\/users\/171"}],"replies":[{"embeddable":true,"href":"https:\/\/www.fiscalia.gov.co\/colombia\/wp-json\/wp\/v2\/comments?post=210631"}],"version-history":[{"count":1,"href":"https:\/\/www.fiscalia.gov.co\/colombia\/wp-json\/wp\/v2\/posts\/210631\/revisions"}],"predecessor-version":[{"id":210632,"href":"https:\/\/www.fiscalia.gov.co\/colombia\/wp-json\/wp\/v2\/posts\/210631\/revisions\/210632"}],"wp:attachment":[{"href":"https:\/\/www.fiscalia.gov.co\/colombia\/wp-json\/wp\/v2\/media?parent=210631"}],"wp:term":[{"taxonomy":"category","embeddable":true,"href":"https:\/\/www.fiscalia.gov.co\/colombia\/wp-json\/wp\/v2\/categories?post=210631"},{"taxonomy":"post_tag","embeddable":true,"href":"https:\/\/www.fiscalia.gov.co\/colombia\/wp-json\/wp\/v2\/tags?post=210631"}],"curies":[{"name":"wp","href":"https:\/\/api.w.org\/{rel}","templated":true}]}}