{"id":210196,"date":"2020-12-30T16:59:58","date_gmt":"2020-12-30T21:59:58","guid":{"rendered":"https:\/\/www.fiscalia.gov.co\/colombia\/?p=210196"},"modified":"2020-12-30T16:59:58","modified_gmt":"2020-12-30T21:59:58","slug":"judicializado-presunto-integrante-la-local-por-el-crimen-de-un-hombre-en-buenaventura-valle-del-cauca","status":"publish","type":"post","link":"https:\/\/www.fiscalia.gov.co\/colombia\/seguridad-territorial\/judicializado-presunto-integrante-la-local-por-el-crimen-de-un-hombre-en-buenaventura-valle-del-cauca\/","title":{"rendered":"Judicializado presunto integrante \u2018La Local\u2019 por el crimen de un hombre en Buenaventura (Valle del Cauca)"},"content":{"rendered":"<p class=\"x_xmsonormal\">Al acoger la solicitud de la\u00a0<b>Fiscal\u00eda General de la Naci\u00f3n<\/b>, un juez penal del Circuito de este puerto sobre el Pac\u00edfico\u00a0<b>priv\u00f3 de la libertad a Carlos Antonio Riascos Riascos<\/b>, alias May, como presunto responsable del homicidio de un ciudadano, ocurrido el 26 de noviembre, en el municipio de Buenaventura (Valle del Cauca).<\/p>\n<p class=\"x_xmsonormal\">De acuerdo con las investigaciones del ente acusador, los hechos se registraron despu\u00e9s de que la v\u00edctima, Harold Steven Grueso Banguero al parecer impidiera el ingreso de Riascos Riascos a la invasi\u00f3n\u00a0<b>Los Lotes del sector Imaco del barrio Antonio Nari\u00f1o<\/b>\u00a0del citado municipio, luego que este protagonizara una balacera.<\/p>\n<figure id=\"attachment_210197\" aria-describedby=\"caption-attachment-210197\" style=\"width: 696px\" class=\"wp-caption alignleft\"><img loading=\"lazy\" decoding=\"async\" class=\"size-large wp-image-210197\" src=\"https:\/\/www.fiscalia.gov.co\/colombia\/wp-content\/uploads\/Carlos-Antonio-Riascos-alias-May-privado-de-la-libertad-por-un-juez-penal-1024x768.jpeg\" alt=\"\" width=\"696\" height=\"522\" srcset=\"https:\/\/www.fiscalia.gov.co\/colombia\/wp-content\/uploads\/Carlos-Antonio-Riascos-alias-May-privado-de-la-libertad-por-un-juez-penal-1024x768.jpeg 1024w, https:\/\/www.fiscalia.gov.co\/colombia\/wp-content\/uploads\/Carlos-Antonio-Riascos-alias-May-privado-de-la-libertad-por-un-juez-penal-300x225.jpeg 300w, https:\/\/www.fiscalia.gov.co\/colombia\/wp-content\/uploads\/Carlos-Antonio-Riascos-alias-May-privado-de-la-libertad-por-un-juez-penal-768x576.jpeg 768w, https:\/\/www.fiscalia.gov.co\/colombia\/wp-content\/uploads\/Carlos-Antonio-Riascos-alias-May-privado-de-la-libertad-por-un-juez-penal-696x522.jpeg 696w, https:\/\/www.fiscalia.gov.co\/colombia\/wp-content\/uploads\/Carlos-Antonio-Riascos-alias-May-privado-de-la-libertad-por-un-juez-penal-1068x801.jpeg 1068w, https:\/\/www.fiscalia.gov.co\/colombia\/wp-content\/uploads\/Carlos-Antonio-Riascos-alias-May-privado-de-la-libertad-por-un-juez-penal-560x420.jpeg 560w, https:\/\/www.fiscalia.gov.co\/colombia\/wp-content\/uploads\/Carlos-Antonio-Riascos-alias-May-privado-de-la-libertad-por-un-juez-penal-80x60.jpeg 80w, https:\/\/www.fiscalia.gov.co\/colombia\/wp-content\/uploads\/Carlos-Antonio-Riascos-alias-May-privado-de-la-libertad-por-un-juez-penal-265x198.jpeg 265w, https:\/\/www.fiscalia.gov.co\/colombia\/wp-content\/uploads\/Carlos-Antonio-Riascos-alias-May-privado-de-la-libertad-por-un-juez-penal.jpeg 1280w\" sizes=\"auto, (max-width: 696px) 100vw, 696px\" \/><figcaption id=\"caption-attachment-210197\" class=\"wp-caption-text\">Carlos Antonio Riascos Riascos, alias May, presunto responsable del homicidio de un ciudadano, ocurrido el 26 de noviembre, en el municipio de Buenaventura (Valle del Cauca).<\/figcaption><\/figure>\n<p class=\"x_xmsonormal\">Asimismo, se estableci\u00f3 que a las\u00a0\u00a0dos de la madrugada, Carlos Antonio Riascos regres\u00f3, supuestamente, en compa\u00f1\u00eda de otros sujetos, alias Jeffry y alias Tres seis, ubicaron la vivienda de Grueso Banguero, derribaron la puerta, y al parecer dispararon contra \u00e9l,\u00a0<a href=\"https:\/\/www.fiscalia.gov.co\/colombia\/seguridad-ciudadana\/a-la-carcel-un-hombre-que-habria-disparado-y-provocado-la-muerte-de-otro-en-cali\/\" target=\"_blank\" rel=\"noopener noreferrer\" data-auth=\"NotApplicable\">caus\u00e1ndole la muerte.<\/a><\/p>\n<p class=\"x_xmsonormal\">Alias May fue capturado el pasado 27 de diciembre, por agentes de la\u00a0<b>Sijin<\/b>\u00a0con apoyo del\u00a0<b>Grupo de Operaciones Especiales, GOES, de la Polic\u00eda Nacional<\/b>\u00a0cuando se desplazaba a pie por la zona d ellos hechos.<\/p>\n<p class=\"x_xmsonormal\">Durante las audiencias concentradas, Carlos Riascos no se allan\u00f3 a los cargos imputados por el ente acusador por los\u00a0<b>delitos de homicidio agravado en concurso heterog\u00e9neo con tr\u00e1fico, fabricaci\u00f3n, y porte de armas de fuego, accesorios, partes, y municiones.\u00a0\u00a0<\/b><\/p>\n<p class=\"x_xmsonormal\">Estos resultados responden a los lineamientos trazados por\u00a0<b>el Fiscal General de la Naci\u00f3n, Francisco Barbosa Delgado,<\/b>\u00a0para que hechos delictivos que afectan la seguridad ciudadana no queden impunes.<\/p>\n<p class=\"x_xmsonormal\">La Fiscal\u00eda hace p\u00fablica esta informaci\u00f3n por razones de inter\u00e9s general.<\/p>\n<p class=\"x_xmsonormal\">JGPV\/MG\/FM<\/p>\n<p class=\"x_MsoNormal\"><i>_La informaci\u00f3n contenida en este bolet\u00edn de prensa corresponde a la narraci\u00f3n de los hechos noticiosos objetivos, suministrados por los funcionarios encargados de adelantar las investigaciones penales al interior de la Fiscal\u00eda General de la Naci\u00f3n. Para el momento de la divulgaci\u00f3n de este comunicado, la situaci\u00f3n jur\u00eddica de la(s) persona(s) relacionada(s) se encuentra pendiente de resolver por la autoridad judicial competente, siempre bajo los preceptos de la presunci\u00f3n de inocencia, consagrados en el art\u00edculo 29 de la Constituci\u00f3n Pol\u00edtica y el art\u00edculo 7\u00ba de la Ley 906 de 2004._\u00a0<\/i><\/p>\n\n<div class=\"twitter-share\"><a href=\"https:\/\/twitter.com\/intent\/tweet?via=fiscaliacol\" class=\"twitter-share-button\">Tweet<\/a><\/div>\n","protected":false},"excerpt":{"rendered":"<p>Al acoger la solicitud de la\u00a0Fiscal\u00eda General de la Naci\u00f3n, un juez penal del Circuito de este puerto sobre el Pac\u00edfico\u00a0priv\u00f3 de la libertad a Carlos Antonio Riascos Riascos, alias May, como presunto responsable del homicidio de un ciudadano, ocurrido el 26 de noviembre, en el municipio de Buenaventura (Valle del Cauca). De acuerdo con [&hellip;]<\/p>\n","protected":false},"author":171,"featured_media":0,"comment_status":"closed","ping_status":"open","sticky":false,"template":"","format":"standard","meta":{"tdm_status":"","tdm_grid_status":"","footnotes":""},"categories":[324,303,24099],"tags":[24526,24481,1047],"class_list":{"0":"post-210196","1":"post","2":"type-post","3":"status-publish","4":"format-standard","6":"category-seccional-cali","7":"category-seccionales","8":"category-seguridad-territorial","9":"tag-fiscal-general-francisco-barbosa-delgado","10":"tag-fiscalia-de-colombia","11":"tag-fiscalia-general-de-la-nacion"},"yoast_head":"<!-- This site is optimized with the Yoast SEO plugin v24.3 - https:\/\/yoast.com\/wordpress\/plugins\/seo\/ -->\n<title>Fiscal\u00eda General de la Naci\u00f3n<\/title>\n<meta name=\"description\" content=\"P\u00e1gina oficial de la Fiscal\u00eda General de la Naci\u00f3n \u2013 Colombia. Garantizamos el acceso efectivo a la justicia, la verdad y la reparaci\u00f3n de las v\u00edctimas de los delitos.\" \/>\n<meta name=\"robots\" content=\"noindex, follow\" \/>\n<meta property=\"og:locale\" content=\"es_ES\" \/>\n<meta property=\"og:type\" content=\"article\" \/>\n<meta property=\"og:title\" content=\"Fiscal\u00eda General de la Naci\u00f3n\" \/>\n<meta property=\"og:description\" content=\"P\u00e1gina oficial de la Fiscal\u00eda General de la Naci\u00f3n \u2013 Colombia. Garantizamos el acceso efectivo a la justicia, la verdad y la reparaci\u00f3n de las v\u00edctimas de los delitos.\" \/>\n<meta property=\"og:url\" content=\"https:\/\/www.fiscalia.gov.co\/colombia\/seguridad-territorial\/judicializado-presunto-integrante-la-local-por-el-crimen-de-un-hombre-en-buenaventura-valle-del-cauca\/\" \/>\n<meta property=\"og:site_name\" content=\"Fiscal\u00eda General de la Naci\u00f3n\" \/>\n<meta property=\"article:publisher\" content=\"https:\/\/www.facebook.com\/FiscaliaCol\" \/>\n<meta property=\"article:published_time\" content=\"2020-12-30T21:59:58+00:00\" \/>\n<meta property=\"og:image\" content=\"https:\/\/www.fiscalia.gov.co\/colombia\/wp-content\/uploads\/Carlos-Antonio-Riascos-alias-May-privado-de-la-libertad-por-un-juez-penal-1024x768.jpeg\" \/>\n<meta name=\"author\" content=\"Ana Mar\u00eda Gomez\" \/>\n<meta name=\"twitter:card\" content=\"summary_large_image\" \/>\n<meta name=\"twitter:creator\" content=\"@FiscaliaCol\" \/>\n<meta name=\"twitter:site\" content=\"@FiscaliaCol\" \/>\n<meta name=\"twitter:label1\" content=\"Escrito por\" \/>\n\t<meta name=\"twitter:data1\" content=\"Ana Mar\u00eda Gomez\" \/>\n\t<meta name=\"twitter:label2\" content=\"Tiempo de lectura\" \/>\n\t<meta name=\"twitter:data2\" content=\"2 minutos\" \/>\n<script type=\"application\/ld+json\" class=\"yoast-schema-graph\">{\"@context\":\"https:\/\/schema.org\",\"@graph\":[{\"@type\":\"Article\",\"@id\":\"https:\/\/www.fiscalia.gov.co\/colombia\/seguridad-territorial\/judicializado-presunto-integrante-la-local-por-el-crimen-de-un-hombre-en-buenaventura-valle-del-cauca\/#article\",\"isPartOf\":{\"@id\":\"https:\/\/www.fiscalia.gov.co\/colombia\/seguridad-territorial\/judicializado-presunto-integrante-la-local-por-el-crimen-de-un-hombre-en-buenaventura-valle-del-cauca\/\"},\"author\":{\"name\":\"Ana Mar\u00eda Gomez\",\"@id\":\"https:\/\/www.fiscalia.gov.co\/colombia\/#\/schema\/person\/06aa2210fe4d79203f428ff671dee360\"},\"headline\":\"Judicializado presunto integrante \u2018La Local\u2019 por el crimen de un hombre en Buenaventura (Valle del Cauca)\",\"datePublished\":\"2020-12-30T21:59:58+00:00\",\"dateModified\":\"2020-12-30T21:59:58+00:00\",\"mainEntityOfPage\":{\"@id\":\"https:\/\/www.fiscalia.gov.co\/colombia\/seguridad-territorial\/judicializado-presunto-integrante-la-local-por-el-crimen-de-un-hombre-en-buenaventura-valle-del-cauca\/\"},\"wordCount\":433,\"publisher\":{\"@id\":\"https:\/\/www.fiscalia.gov.co\/colombia\/#organization\"},\"image\":{\"@id\":\"https:\/\/www.fiscalia.gov.co\/colombia\/seguridad-territorial\/judicializado-presunto-integrante-la-local-por-el-crimen-de-un-hombre-en-buenaventura-valle-del-cauca\/#primaryimage\"},\"thumbnailUrl\":\"https:\/\/www.fiscalia.gov.co\/colombia\/wp-content\/uploads\/Carlos-Antonio-Riascos-alias-May-privado-de-la-libertad-por-un-juez-penal-1024x768.jpeg\",\"keywords\":[\"Fiscal General Francisco Barbosa Delgado\",\"Fiscal\u00eda de Colombia\",\"Fiscal\u00eda General de la Naci\u00f3n\"],\"articleSection\":[\"Seccional Cali\",\"Seccionales\",\"Seguridad territorial\"],\"inLanguage\":\"es-CO\"},{\"@type\":\"WebPage\",\"@id\":\"https:\/\/www.fiscalia.gov.co\/colombia\/seguridad-territorial\/judicializado-presunto-integrante-la-local-por-el-crimen-de-un-hombre-en-buenaventura-valle-del-cauca\/\",\"url\":\"https:\/\/www.fiscalia.gov.co\/colombia\/seguridad-territorial\/judicializado-presunto-integrante-la-local-por-el-crimen-de-un-hombre-en-buenaventura-valle-del-cauca\/\",\"name\":\"Fiscal\u00eda General de la Naci\u00f3n\",\"isPartOf\":{\"@id\":\"https:\/\/www.fiscalia.gov.co\/colombia\/#website\"},\"primaryImageOfPage\":{\"@id\":\"https:\/\/www.fiscalia.gov.co\/colombia\/seguridad-territorial\/judicializado-presunto-integrante-la-local-por-el-crimen-de-un-hombre-en-buenaventura-valle-del-cauca\/#primaryimage\"},\"image\":{\"@id\":\"https:\/\/www.fiscalia.gov.co\/colombia\/seguridad-territorial\/judicializado-presunto-integrante-la-local-por-el-crimen-de-un-hombre-en-buenaventura-valle-del-cauca\/#primaryimage\"},\"thumbnailUrl\":\"https:\/\/www.fiscalia.gov.co\/colombia\/wp-content\/uploads\/Carlos-Antonio-Riascos-alias-May-privado-de-la-libertad-por-un-juez-penal-1024x768.jpeg\",\"datePublished\":\"2020-12-30T21:59:58+00:00\",\"dateModified\":\"2020-12-30T21:59:58+00:00\",\"description\":\"P\u00e1gina oficial de la Fiscal\u00eda General de la Naci\u00f3n \u2013 Colombia. Garantizamos el acceso efectivo a la justicia, la verdad y la reparaci\u00f3n de las v\u00edctimas de los delitos.\",\"breadcrumb\":{\"@id\":\"https:\/\/www.fiscalia.gov.co\/colombia\/seguridad-territorial\/judicializado-presunto-integrante-la-local-por-el-crimen-de-un-hombre-en-buenaventura-valle-del-cauca\/#breadcrumb\"},\"inLanguage\":\"es-CO\",\"potentialAction\":[{\"@type\":\"ReadAction\",\"target\":[\"https:\/\/www.fiscalia.gov.co\/colombia\/seguridad-territorial\/judicializado-presunto-integrante-la-local-por-el-crimen-de-un-hombre-en-buenaventura-valle-del-cauca\/\"]}]},{\"@type\":\"ImageObject\",\"inLanguage\":\"es-CO\",\"@id\":\"https:\/\/www.fiscalia.gov.co\/colombia\/seguridad-territorial\/judicializado-presunto-integrante-la-local-por-el-crimen-de-un-hombre-en-buenaventura-valle-del-cauca\/#primaryimage\",\"url\":\"https:\/\/www.fiscalia.gov.co\/colombia\/wp-content\/uploads\/Carlos-Antonio-Riascos-alias-May-privado-de-la-libertad-por-un-juez-penal-1024x768.jpeg\",\"contentUrl\":\"https:\/\/www.fiscalia.gov.co\/colombia\/wp-content\/uploads\/Carlos-Antonio-Riascos-alias-May-privado-de-la-libertad-por-un-juez-penal-1024x768.jpeg\"},{\"@type\":\"BreadcrumbList\",\"@id\":\"https:\/\/www.fiscalia.gov.co\/colombia\/seguridad-territorial\/judicializado-presunto-integrante-la-local-por-el-crimen-de-un-hombre-en-buenaventura-valle-del-cauca\/#breadcrumb\",\"itemListElement\":[{\"@type\":\"ListItem\",\"position\":1,\"name\":\"Home\",\"item\":\"https:\/\/www.fiscalia.gov.co\/colombia\/\"},{\"@type\":\"ListItem\",\"position\":2,\"name\":\"Judicializado presunto integrante \u2018La Local\u2019 por el crimen de un hombre en Buenaventura (Valle del Cauca)\"}]},{\"@type\":\"WebSite\",\"@id\":\"https:\/\/www.fiscalia.gov.co\/colombia\/#website\",\"url\":\"https:\/\/www.fiscalia.gov.co\/colombia\/\",\"name\":\"Fiscal\u00eda General de la Naci\u00f3n\",\"description\":\"P\u00e1gina oficial de la Fiscal\u00eda General de la Naci\u00f3n \u2013 Colombia. Garantizamos el acceso efectivo a la justicia, la verdad y la reparaci\u00f3n de las v\u00edctimas de los delitos.\",\"publisher\":{\"@id\":\"https:\/\/www.fiscalia.gov.co\/colombia\/#organization\"},\"potentialAction\":[{\"@type\":\"SearchAction\",\"target\":{\"@type\":\"EntryPoint\",\"urlTemplate\":\"https:\/\/www.fiscalia.gov.co\/colombia\/?s={search_term_string}\"},\"query-input\":{\"@type\":\"PropertyValueSpecification\",\"valueRequired\":true,\"valueName\":\"search_term_string\"}}],\"inLanguage\":\"es-CO\"},{\"@type\":\"Organization\",\"@id\":\"https:\/\/www.fiscalia.gov.co\/colombia\/#organization\",\"name\":\"Fiscal\u00eda General de la Naci\u00f3n\",\"url\":\"https:\/\/www.fiscalia.gov.co\/colombia\/\",\"logo\":{\"@type\":\"ImageObject\",\"inLanguage\":\"es-CO\",\"@id\":\"https:\/\/www.fiscalia.gov.co\/colombia\/#\/schema\/logo\/image\/\",\"url\":\"https:\/\/www.fiscalia.gov.co\/colombia\/wp-content\/uploads\/LogoHorizontal_1.jpg\",\"contentUrl\":\"https:\/\/www.fiscalia.gov.co\/colombia\/wp-content\/uploads\/LogoHorizontal_1.jpg\",\"width\":300,\"height\":90,\"caption\":\"Fiscal\u00eda General de la Naci\u00f3n\"},\"image\":{\"@id\":\"https:\/\/www.fiscalia.gov.co\/colombia\/#\/schema\/logo\/image\/\"},\"sameAs\":[\"https:\/\/www.facebook.com\/FiscaliaCol\",\"https:\/\/x.com\/FiscaliaCol\",\"https:\/\/www.instagram.com\/fiscaliacol\",\"https:\/\/www.linkedin.com\/company\/fiscalia-general-de-la-naci-n\/\",\"https:\/\/youtube.com\/@fiscaliageneraldelanacion-4668?si=6nN79nyQICPU5iTh\"]},{\"@type\":\"Person\",\"@id\":\"https:\/\/www.fiscalia.gov.co\/colombia\/#\/schema\/person\/06aa2210fe4d79203f428ff671dee360\",\"name\":\"Ana Mar\u00eda Gomez\",\"image\":{\"@type\":\"ImageObject\",\"inLanguage\":\"es-CO\",\"@id\":\"https:\/\/www.fiscalia.gov.co\/colombia\/#\/schema\/person\/image\/\",\"url\":\"https:\/\/secure.gravatar.com\/avatar\/a38115d98a7f8a96cbb96af2b2c37a0b?s=96&d=mm&r=g\",\"contentUrl\":\"https:\/\/secure.gravatar.com\/avatar\/a38115d98a7f8a96cbb96af2b2c37a0b?s=96&d=mm&r=g\",\"caption\":\"Ana Mar\u00eda Gomez\"},\"url\":\"https:\/\/www.fiscalia.gov.co\/colombia\/author\/agomez\/\"}]}<\/script>\n<!-- \/ Yoast SEO plugin. -->","yoast_head_json":{"title":"Fiscal\u00eda General de la Naci\u00f3n","description":"P\u00e1gina oficial de la Fiscal\u00eda General de la Naci\u00f3n \u2013 Colombia. Garantizamos el acceso efectivo a la justicia, la verdad y la reparaci\u00f3n de las v\u00edctimas de los delitos.","robots":{"index":"noindex","follow":"follow"},"og_locale":"es_ES","og_type":"article","og_title":"Fiscal\u00eda General de la Naci\u00f3n","og_description":"P\u00e1gina oficial de la Fiscal\u00eda General de la Naci\u00f3n \u2013 Colombia. Garantizamos el acceso efectivo a la justicia, la verdad y la reparaci\u00f3n de las v\u00edctimas de los delitos.","og_url":"https:\/\/www.fiscalia.gov.co\/colombia\/seguridad-territorial\/judicializado-presunto-integrante-la-local-por-el-crimen-de-un-hombre-en-buenaventura-valle-del-cauca\/","og_site_name":"Fiscal\u00eda General de la Naci\u00f3n","article_publisher":"https:\/\/www.facebook.com\/FiscaliaCol","article_published_time":"2020-12-30T21:59:58+00:00","og_image":[{"url":"https:\/\/www.fiscalia.gov.co\/colombia\/wp-content\/uploads\/Carlos-Antonio-Riascos-alias-May-privado-de-la-libertad-por-un-juez-penal-1024x768.jpeg","type":"","width":"","height":""}],"author":"Ana Mar\u00eda Gomez","twitter_card":"summary_large_image","twitter_creator":"@FiscaliaCol","twitter_site":"@FiscaliaCol","twitter_misc":{"Escrito por":"Ana Mar\u00eda Gomez","Tiempo de lectura":"2 minutos"},"schema":{"@context":"https:\/\/schema.org","@graph":[{"@type":"Article","@id":"https:\/\/www.fiscalia.gov.co\/colombia\/seguridad-territorial\/judicializado-presunto-integrante-la-local-por-el-crimen-de-un-hombre-en-buenaventura-valle-del-cauca\/#article","isPartOf":{"@id":"https:\/\/www.fiscalia.gov.co\/colombia\/seguridad-territorial\/judicializado-presunto-integrante-la-local-por-el-crimen-de-un-hombre-en-buenaventura-valle-del-cauca\/"},"author":{"name":"Ana Mar\u00eda Gomez","@id":"https:\/\/www.fiscalia.gov.co\/colombia\/#\/schema\/person\/06aa2210fe4d79203f428ff671dee360"},"headline":"Judicializado presunto integrante \u2018La Local\u2019 por el crimen de un hombre en Buenaventura (Valle del Cauca)","datePublished":"2020-12-30T21:59:58+00:00","dateModified":"2020-12-30T21:59:58+00:00","mainEntityOfPage":{"@id":"https:\/\/www.fiscalia.gov.co\/colombia\/seguridad-territorial\/judicializado-presunto-integrante-la-local-por-el-crimen-de-un-hombre-en-buenaventura-valle-del-cauca\/"},"wordCount":433,"publisher":{"@id":"https:\/\/www.fiscalia.gov.co\/colombia\/#organization"},"image":{"@id":"https:\/\/www.fiscalia.gov.co\/colombia\/seguridad-territorial\/judicializado-presunto-integrante-la-local-por-el-crimen-de-un-hombre-en-buenaventura-valle-del-cauca\/#primaryimage"},"thumbnailUrl":"https:\/\/www.fiscalia.gov.co\/colombia\/wp-content\/uploads\/Carlos-Antonio-Riascos-alias-May-privado-de-la-libertad-por-un-juez-penal-1024x768.jpeg","keywords":["Fiscal General Francisco Barbosa Delgado","Fiscal\u00eda de Colombia","Fiscal\u00eda General de la Naci\u00f3n"],"articleSection":["Seccional Cali","Seccionales","Seguridad territorial"],"inLanguage":"es-CO"},{"@type":"WebPage","@id":"https:\/\/www.fiscalia.gov.co\/colombia\/seguridad-territorial\/judicializado-presunto-integrante-la-local-por-el-crimen-de-un-hombre-en-buenaventura-valle-del-cauca\/","url":"https:\/\/www.fiscalia.gov.co\/colombia\/seguridad-territorial\/judicializado-presunto-integrante-la-local-por-el-crimen-de-un-hombre-en-buenaventura-valle-del-cauca\/","name":"Fiscal\u00eda General de la Naci\u00f3n","isPartOf":{"@id":"https:\/\/www.fiscalia.gov.co\/colombia\/#website"},"primaryImageOfPage":{"@id":"https:\/\/www.fiscalia.gov.co\/colombia\/seguridad-territorial\/judicializado-presunto-integrante-la-local-por-el-crimen-de-un-hombre-en-buenaventura-valle-del-cauca\/#primaryimage"},"image":{"@id":"https:\/\/www.fiscalia.gov.co\/colombia\/seguridad-territorial\/judicializado-presunto-integrante-la-local-por-el-crimen-de-un-hombre-en-buenaventura-valle-del-cauca\/#primaryimage"},"thumbnailUrl":"https:\/\/www.fiscalia.gov.co\/colombia\/wp-content\/uploads\/Carlos-Antonio-Riascos-alias-May-privado-de-la-libertad-por-un-juez-penal-1024x768.jpeg","datePublished":"2020-12-30T21:59:58+00:00","dateModified":"2020-12-30T21:59:58+00:00","description":"P\u00e1gina oficial de la Fiscal\u00eda General de la Naci\u00f3n \u2013 Colombia. Garantizamos el acceso efectivo a la justicia, la verdad y la reparaci\u00f3n de las v\u00edctimas de los delitos.","breadcrumb":{"@id":"https:\/\/www.fiscalia.gov.co\/colombia\/seguridad-territorial\/judicializado-presunto-integrante-la-local-por-el-crimen-de-un-hombre-en-buenaventura-valle-del-cauca\/#breadcrumb"},"inLanguage":"es-CO","potentialAction":[{"@type":"ReadAction","target":["https:\/\/www.fiscalia.gov.co\/colombia\/seguridad-territorial\/judicializado-presunto-integrante-la-local-por-el-crimen-de-un-hombre-en-buenaventura-valle-del-cauca\/"]}]},{"@type":"ImageObject","inLanguage":"es-CO","@id":"https:\/\/www.fiscalia.gov.co\/colombia\/seguridad-territorial\/judicializado-presunto-integrante-la-local-por-el-crimen-de-un-hombre-en-buenaventura-valle-del-cauca\/#primaryimage","url":"https:\/\/www.fiscalia.gov.co\/colombia\/wp-content\/uploads\/Carlos-Antonio-Riascos-alias-May-privado-de-la-libertad-por-un-juez-penal-1024x768.jpeg","contentUrl":"https:\/\/www.fiscalia.gov.co\/colombia\/wp-content\/uploads\/Carlos-Antonio-Riascos-alias-May-privado-de-la-libertad-por-un-juez-penal-1024x768.jpeg"},{"@type":"BreadcrumbList","@id":"https:\/\/www.fiscalia.gov.co\/colombia\/seguridad-territorial\/judicializado-presunto-integrante-la-local-por-el-crimen-de-un-hombre-en-buenaventura-valle-del-cauca\/#breadcrumb","itemListElement":[{"@type":"ListItem","position":1,"name":"Home","item":"https:\/\/www.fiscalia.gov.co\/colombia\/"},{"@type":"ListItem","position":2,"name":"Judicializado presunto integrante \u2018La Local\u2019 por el crimen de un hombre en Buenaventura (Valle del Cauca)"}]},{"@type":"WebSite","@id":"https:\/\/www.fiscalia.gov.co\/colombia\/#website","url":"https:\/\/www.fiscalia.gov.co\/colombia\/","name":"Fiscal\u00eda General de la Naci\u00f3n","description":"P\u00e1gina oficial de la Fiscal\u00eda General de la Naci\u00f3n \u2013 Colombia. Garantizamos el acceso efectivo a la justicia, la verdad y la reparaci\u00f3n de las v\u00edctimas de los delitos.","publisher":{"@id":"https:\/\/www.fiscalia.gov.co\/colombia\/#organization"},"potentialAction":[{"@type":"SearchAction","target":{"@type":"EntryPoint","urlTemplate":"https:\/\/www.fiscalia.gov.co\/colombia\/?s={search_term_string}"},"query-input":{"@type":"PropertyValueSpecification","valueRequired":true,"valueName":"search_term_string"}}],"inLanguage":"es-CO"},{"@type":"Organization","@id":"https:\/\/www.fiscalia.gov.co\/colombia\/#organization","name":"Fiscal\u00eda General de la Naci\u00f3n","url":"https:\/\/www.fiscalia.gov.co\/colombia\/","logo":{"@type":"ImageObject","inLanguage":"es-CO","@id":"https:\/\/www.fiscalia.gov.co\/colombia\/#\/schema\/logo\/image\/","url":"https:\/\/www.fiscalia.gov.co\/colombia\/wp-content\/uploads\/LogoHorizontal_1.jpg","contentUrl":"https:\/\/www.fiscalia.gov.co\/colombia\/wp-content\/uploads\/LogoHorizontal_1.jpg","width":300,"height":90,"caption":"Fiscal\u00eda General de la Naci\u00f3n"},"image":{"@id":"https:\/\/www.fiscalia.gov.co\/colombia\/#\/schema\/logo\/image\/"},"sameAs":["https:\/\/www.facebook.com\/FiscaliaCol","https:\/\/x.com\/FiscaliaCol","https:\/\/www.instagram.com\/fiscaliacol","https:\/\/www.linkedin.com\/company\/fiscalia-general-de-la-naci-n\/","https:\/\/youtube.com\/@fiscaliageneraldelanacion-4668?si=6nN79nyQICPU5iTh"]},{"@type":"Person","@id":"https:\/\/www.fiscalia.gov.co\/colombia\/#\/schema\/person\/06aa2210fe4d79203f428ff671dee360","name":"Ana Mar\u00eda Gomez","image":{"@type":"ImageObject","inLanguage":"es-CO","@id":"https:\/\/www.fiscalia.gov.co\/colombia\/#\/schema\/person\/image\/","url":"https:\/\/secure.gravatar.com\/avatar\/a38115d98a7f8a96cbb96af2b2c37a0b?s=96&d=mm&r=g","contentUrl":"https:\/\/secure.gravatar.com\/avatar\/a38115d98a7f8a96cbb96af2b2c37a0b?s=96&d=mm&r=g","caption":"Ana Mar\u00eda Gomez"},"url":"https:\/\/www.fiscalia.gov.co\/colombia\/author\/agomez\/"}]}},"_links":{"self":[{"href":"https:\/\/www.fiscalia.gov.co\/colombia\/wp-json\/wp\/v2\/posts\/210196","targetHints":{"allow":["GET"]}}],"collection":[{"href":"https:\/\/www.fiscalia.gov.co\/colombia\/wp-json\/wp\/v2\/posts"}],"about":[{"href":"https:\/\/www.fiscalia.gov.co\/colombia\/wp-json\/wp\/v2\/types\/post"}],"author":[{"embeddable":true,"href":"https:\/\/www.fiscalia.gov.co\/colombia\/wp-json\/wp\/v2\/users\/171"}],"replies":[{"embeddable":true,"href":"https:\/\/www.fiscalia.gov.co\/colombia\/wp-json\/wp\/v2\/comments?post=210196"}],"version-history":[{"count":1,"href":"https:\/\/www.fiscalia.gov.co\/colombia\/wp-json\/wp\/v2\/posts\/210196\/revisions"}],"predecessor-version":[{"id":210198,"href":"https:\/\/www.fiscalia.gov.co\/colombia\/wp-json\/wp\/v2\/posts\/210196\/revisions\/210198"}],"wp:attachment":[{"href":"https:\/\/www.fiscalia.gov.co\/colombia\/wp-json\/wp\/v2\/media?parent=210196"}],"wp:term":[{"taxonomy":"category","embeddable":true,"href":"https:\/\/www.fiscalia.gov.co\/colombia\/wp-json\/wp\/v2\/categories?post=210196"},{"taxonomy":"post_tag","embeddable":true,"href":"https:\/\/www.fiscalia.gov.co\/colombia\/wp-json\/wp\/v2\/tags?post=210196"}],"curies":[{"name":"wp","href":"https:\/\/api.w.org\/{rel}","templated":true}]}}