{"id":210129,"date":"2020-12-28T13:52:42","date_gmt":"2020-12-28T18:52:42","guid":{"rendered":"https:\/\/www.fiscalia.gov.co\/colombia\/?p=210129"},"modified":"2020-12-28T13:52:42","modified_gmt":"2020-12-28T18:52:42","slug":"asegurado-alias-beto-por-su-presunta-responsabilidad-en-el-crimen-de-un-ciudadano","status":"publish","type":"post","link":"https:\/\/www.fiscalia.gov.co\/colombia\/seguridad-territorial\/asegurado-alias-beto-por-su-presunta-responsabilidad-en-el-crimen-de-un-ciudadano\/","title":{"rendered":"Asegurado alias Beto por su presunta responsabilidad en el crimen de un ciudadano"},"content":{"rendered":"<p class=\"x_x_x_MsoNormal\">Luego de no aceptar los cargos imputados por la\u00a0<b>Fiscal\u00eda General de la Naci\u00f3n<\/b>, un juez de control de garant\u00edas dict\u00f3 medida de aseguramiento en centro carcelario\u00a0en contra de Braian Alberto Can\u00fa Candelo, alias Beto, por\u00a0los delitos de\u00a0<a href=\"https:\/\/www.fiscalia.gov.co\/colombia\/seccionales\/por-homicidio-agravado-y-otro-delito-en-cali-una-mujer-fue-asegurada-en-establecimiento-carcelario\/\" target=\"_blank\" rel=\"noopener noreferrer\" data-auth=\"NotApplicable\">homicidio agravado<\/a>\u00a0en concurso heterog\u00e9neo con tr\u00e1fico, fabricaci\u00f3n, y\u00a0<a href=\"https:\/\/www.fiscalia.gov.co\/colombia\/noticias\/a-la-carcel-un-hombre-por-porte-de-armas-de-fuego-sin-documentos-legales\/\" target=\"_blank\" rel=\"noopener noreferrer\" data-auth=\"NotApplicable\">porte de armas de fuego<\/a>, accesorios, partes, y municiones.<\/p>\n<p class=\"x_x_x_MsoNormal\">Braian Can\u00fa fue capturado\u00a0por servidores del\u00a0<b>Cuerpo T\u00e9cnico de Investigaci\u00f3n (CTI),<\/b>\u00a0con apoyo de agentes de la Polic\u00eda Nacional, en cumplimiento de la orden que pesaba en su contra, el pasado\u00a026 de diciembre\u00a0cuando se desplazaba por un sector del barrio Santa Elena, en el oriente de la ciudad.<\/p>\n<p class=\"x_x_x_MsoNormal\">La investigaci\u00f3n se relaciona con los hechos ocurridos el pasado 7 de octubre\u00a0en la calle 100 con carrera 1\u00aa Oeste, barrio Altos de Santa Elena, occidente de la ciudad, donde el hoy asegurado de nacionalidad venezolana, supuestamente sin mediar palabra agredi\u00f3 con arma de fuego a\u00a0Juan David Sandoval, de 30 a\u00f1os, caus\u00e1ndole la muerte. El victimario huy\u00f3 del lugar.<\/p>\n<p class=\"x_x_x_MsoNormal\">La v\u00edctima, quien\u00a0trat\u00f3 de refugiarse en su vivienda,\u00a0era\u00a0padre cabeza de familia de dos hijos menores y en el momento de los hechos se encontraba departiendo con otro sujeto.<\/p>\n<p class=\"x_x_x_MsoNormal\">Gracias a las declaraciones presentadas por dos testigos del hecho y mediante reconocimiento fotogr\u00e1fico, la<b>\u00a0Fiscal\u00eda<\/b>\u00a0logr\u00f3 identificar\u00a0a alias Beto como el supuesto autor del crimen.<\/p>\n<p>&nbsp;<\/p>\n<p class=\"x_x_x_MsoNormal\">Asimismo, se estableci\u00f3 que el procesado tiene anotaciones judiciales por los delitos de porte de armas de fuego y homicidio, los cuales se encuentran en etapa de juicio.<\/p>\n<p class=\"x_x_x_MsoNormal\">Estos resultados responden a los lineamientos trazados por el\u00a0<b>Fiscal General de la Naci\u00f3n, Francisco Barbosa Delgado,\u00a0<\/b>para que hechos delictivos que afectan la seguridad ciudadana no queden impunes.<\/p>\n<p class=\"x_x_x_MsoNormal\">La Fiscal\u00eda hace p\u00fablica esta informaci\u00f3n por razones de inter\u00e9s general.<\/p>\n<p class=\"x_x_x_MsoNormal\">JGPV\/MG\/DR<\/p>\n<p class=\"x_x_x_MsoNormal\"><em>La informaci\u00f3n contenida en este bolet\u00edn de prensa corresponde a la narraci\u00f3n de los hechos noticiosos objetivos, suministrados por los funcionarios encargados de adelantar las investigaciones penales al interior de la Fiscal\u00eda General de la Naci\u00f3n. Para el momento de la divulgaci\u00f3n de este comunicado, la situaci\u00f3n jur\u00eddica de la(s) persona(s) relacionada(s) se encuentra pendiente de resolver por la autoridad judicial competente, siempre bajo los preceptos de la presunci\u00f3n de inocencia, consagrados en el art\u00edculo 29 de la Constituci\u00f3n Pol\u00edtica y el art\u00edculo 7\u00ba de la Ley 906 de 2004<\/em><\/p>\n\n<div class=\"twitter-share\"><a href=\"https:\/\/twitter.com\/intent\/tweet?via=fiscaliacol\" class=\"twitter-share-button\">Tweet<\/a><\/div>\n","protected":false},"excerpt":{"rendered":"<p>Luego de no aceptar los cargos imputados por la\u00a0Fiscal\u00eda General de la Naci\u00f3n, un juez de control de garant\u00edas dict\u00f3 medida de aseguramiento en centro carcelario\u00a0en contra de Braian Alberto Can\u00fa Candelo, alias Beto, por\u00a0los delitos de\u00a0homicidio agravado\u00a0en concurso heterog\u00e9neo con tr\u00e1fico, fabricaci\u00f3n, y\u00a0porte de armas de fuego, accesorios, partes, y municiones. Braian Can\u00fa fue [&hellip;]<\/p>\n","protected":false},"author":171,"featured_media":0,"comment_status":"closed","ping_status":"open","sticky":false,"template":"","format":"standard","meta":{"tdm_status":"","tdm_grid_status":"","footnotes":""},"categories":[324,303,24099],"tags":[24526,24481,1047,686,4141],"class_list":{"0":"post-210129","1":"post","2":"type-post","3":"status-publish","4":"format-standard","6":"category-seccional-cali","7":"category-seccionales","8":"category-seguridad-territorial","9":"tag-fiscal-general-francisco-barbosa-delgado","10":"tag-fiscalia-de-colombia","11":"tag-fiscalia-general-de-la-nacion","12":"tag-homicidio-agravado","13":"tag-trafico-y-porte-de-armas-de-fuego"},"yoast_head":"<!-- This site is optimized with the Yoast SEO plugin v24.3 - https:\/\/yoast.com\/wordpress\/plugins\/seo\/ -->\n<title>Fiscal\u00eda General de la Naci\u00f3n<\/title>\n<meta name=\"description\" content=\"P\u00e1gina oficial de la Fiscal\u00eda General de la Naci\u00f3n \u2013 Colombia. Garantizamos el acceso efectivo a la justicia, la verdad y la reparaci\u00f3n de las v\u00edctimas de los delitos.\" \/>\n<meta name=\"robots\" content=\"noindex, follow\" \/>\n<meta property=\"og:locale\" content=\"es_ES\" \/>\n<meta property=\"og:type\" content=\"article\" \/>\n<meta property=\"og:title\" content=\"Fiscal\u00eda General de la Naci\u00f3n\" \/>\n<meta property=\"og:description\" content=\"P\u00e1gina oficial de la Fiscal\u00eda General de la Naci\u00f3n \u2013 Colombia. Garantizamos el acceso efectivo a la justicia, la verdad y la reparaci\u00f3n de las v\u00edctimas de los delitos.\" \/>\n<meta property=\"og:url\" content=\"https:\/\/www.fiscalia.gov.co\/colombia\/seguridad-territorial\/asegurado-alias-beto-por-su-presunta-responsabilidad-en-el-crimen-de-un-ciudadano\/\" \/>\n<meta property=\"og:site_name\" content=\"Fiscal\u00eda General de la Naci\u00f3n\" \/>\n<meta property=\"article:publisher\" content=\"https:\/\/www.facebook.com\/FiscaliaCol\" \/>\n<meta property=\"article:published_time\" content=\"2020-12-28T18:52:42+00:00\" \/>\n<meta name=\"author\" content=\"Ana Mar\u00eda Gomez\" \/>\n<meta name=\"twitter:card\" content=\"summary_large_image\" \/>\n<meta name=\"twitter:creator\" content=\"@FiscaliaCol\" \/>\n<meta name=\"twitter:site\" content=\"@FiscaliaCol\" \/>\n<meta name=\"twitter:label1\" content=\"Escrito por\" \/>\n\t<meta name=\"twitter:data1\" content=\"Ana Mar\u00eda Gomez\" \/>\n\t<meta name=\"twitter:label2\" content=\"Tiempo de lectura\" \/>\n\t<meta name=\"twitter:data2\" content=\"2 minutos\" \/>\n<script type=\"application\/ld+json\" class=\"yoast-schema-graph\">{\"@context\":\"https:\/\/schema.org\",\"@graph\":[{\"@type\":\"Article\",\"@id\":\"https:\/\/www.fiscalia.gov.co\/colombia\/seguridad-territorial\/asegurado-alias-beto-por-su-presunta-responsabilidad-en-el-crimen-de-un-ciudadano\/#article\",\"isPartOf\":{\"@id\":\"https:\/\/www.fiscalia.gov.co\/colombia\/seguridad-territorial\/asegurado-alias-beto-por-su-presunta-responsabilidad-en-el-crimen-de-un-ciudadano\/\"},\"author\":{\"name\":\"Ana Mar\u00eda Gomez\",\"@id\":\"https:\/\/www.fiscalia.gov.co\/colombia\/#\/schema\/person\/06aa2210fe4d79203f428ff671dee360\"},\"headline\":\"Asegurado alias Beto por su presunta responsabilidad en el crimen de un ciudadano\",\"datePublished\":\"2020-12-28T18:52:42+00:00\",\"dateModified\":\"2020-12-28T18:52:42+00:00\",\"mainEntityOfPage\":{\"@id\":\"https:\/\/www.fiscalia.gov.co\/colombia\/seguridad-territorial\/asegurado-alias-beto-por-su-presunta-responsabilidad-en-el-crimen-de-un-ciudadano\/\"},\"wordCount\":430,\"publisher\":{\"@id\":\"https:\/\/www.fiscalia.gov.co\/colombia\/#organization\"},\"keywords\":[\"Fiscal General Francisco Barbosa Delgado\",\"Fiscal\u00eda de Colombia\",\"Fiscal\u00eda General de la Naci\u00f3n\",\"Homicidio agravado\",\"tr\u00e1fico y porte de armas de fuego\"],\"articleSection\":[\"Seccional Cali\",\"Seccionales\",\"Seguridad territorial\"],\"inLanguage\":\"es-CO\"},{\"@type\":\"WebPage\",\"@id\":\"https:\/\/www.fiscalia.gov.co\/colombia\/seguridad-territorial\/asegurado-alias-beto-por-su-presunta-responsabilidad-en-el-crimen-de-un-ciudadano\/\",\"url\":\"https:\/\/www.fiscalia.gov.co\/colombia\/seguridad-territorial\/asegurado-alias-beto-por-su-presunta-responsabilidad-en-el-crimen-de-un-ciudadano\/\",\"name\":\"Fiscal\u00eda General de la Naci\u00f3n\",\"isPartOf\":{\"@id\":\"https:\/\/www.fiscalia.gov.co\/colombia\/#website\"},\"datePublished\":\"2020-12-28T18:52:42+00:00\",\"dateModified\":\"2020-12-28T18:52:42+00:00\",\"description\":\"P\u00e1gina oficial de la Fiscal\u00eda General de la Naci\u00f3n \u2013 Colombia. Garantizamos el acceso efectivo a la justicia, la verdad y la reparaci\u00f3n de las v\u00edctimas de los delitos.\",\"breadcrumb\":{\"@id\":\"https:\/\/www.fiscalia.gov.co\/colombia\/seguridad-territorial\/asegurado-alias-beto-por-su-presunta-responsabilidad-en-el-crimen-de-un-ciudadano\/#breadcrumb\"},\"inLanguage\":\"es-CO\",\"potentialAction\":[{\"@type\":\"ReadAction\",\"target\":[\"https:\/\/www.fiscalia.gov.co\/colombia\/seguridad-territorial\/asegurado-alias-beto-por-su-presunta-responsabilidad-en-el-crimen-de-un-ciudadano\/\"]}]},{\"@type\":\"BreadcrumbList\",\"@id\":\"https:\/\/www.fiscalia.gov.co\/colombia\/seguridad-territorial\/asegurado-alias-beto-por-su-presunta-responsabilidad-en-el-crimen-de-un-ciudadano\/#breadcrumb\",\"itemListElement\":[{\"@type\":\"ListItem\",\"position\":1,\"name\":\"Home\",\"item\":\"https:\/\/www.fiscalia.gov.co\/colombia\/\"},{\"@type\":\"ListItem\",\"position\":2,\"name\":\"Asegurado alias Beto por su presunta responsabilidad en el crimen de un ciudadano\"}]},{\"@type\":\"WebSite\",\"@id\":\"https:\/\/www.fiscalia.gov.co\/colombia\/#website\",\"url\":\"https:\/\/www.fiscalia.gov.co\/colombia\/\",\"name\":\"Fiscal\u00eda General de la Naci\u00f3n\",\"description\":\"P\u00e1gina oficial de la Fiscal\u00eda General de la Naci\u00f3n \u2013 Colombia. Garantizamos el acceso efectivo a la justicia, la verdad y la reparaci\u00f3n de las v\u00edctimas de los delitos.\",\"publisher\":{\"@id\":\"https:\/\/www.fiscalia.gov.co\/colombia\/#organization\"},\"potentialAction\":[{\"@type\":\"SearchAction\",\"target\":{\"@type\":\"EntryPoint\",\"urlTemplate\":\"https:\/\/www.fiscalia.gov.co\/colombia\/?s={search_term_string}\"},\"query-input\":{\"@type\":\"PropertyValueSpecification\",\"valueRequired\":true,\"valueName\":\"search_term_string\"}}],\"inLanguage\":\"es-CO\"},{\"@type\":\"Organization\",\"@id\":\"https:\/\/www.fiscalia.gov.co\/colombia\/#organization\",\"name\":\"Fiscal\u00eda General de la Naci\u00f3n\",\"url\":\"https:\/\/www.fiscalia.gov.co\/colombia\/\",\"logo\":{\"@type\":\"ImageObject\",\"inLanguage\":\"es-CO\",\"@id\":\"https:\/\/www.fiscalia.gov.co\/colombia\/#\/schema\/logo\/image\/\",\"url\":\"https:\/\/www.fiscalia.gov.co\/colombia\/wp-content\/uploads\/LogoHorizontal_1.jpg\",\"contentUrl\":\"https:\/\/www.fiscalia.gov.co\/colombia\/wp-content\/uploads\/LogoHorizontal_1.jpg\",\"width\":300,\"height\":90,\"caption\":\"Fiscal\u00eda General de la Naci\u00f3n\"},\"image\":{\"@id\":\"https:\/\/www.fiscalia.gov.co\/colombia\/#\/schema\/logo\/image\/\"},\"sameAs\":[\"https:\/\/www.facebook.com\/FiscaliaCol\",\"https:\/\/x.com\/FiscaliaCol\",\"https:\/\/www.instagram.com\/fiscaliacol\",\"https:\/\/www.linkedin.com\/company\/fiscalia-general-de-la-naci-n\/\",\"https:\/\/youtube.com\/@fiscaliageneraldelanacion-4668?si=6nN79nyQICPU5iTh\"]},{\"@type\":\"Person\",\"@id\":\"https:\/\/www.fiscalia.gov.co\/colombia\/#\/schema\/person\/06aa2210fe4d79203f428ff671dee360\",\"name\":\"Ana Mar\u00eda Gomez\",\"image\":{\"@type\":\"ImageObject\",\"inLanguage\":\"es-CO\",\"@id\":\"https:\/\/www.fiscalia.gov.co\/colombia\/#\/schema\/person\/image\/\",\"url\":\"https:\/\/secure.gravatar.com\/avatar\/a38115d98a7f8a96cbb96af2b2c37a0b?s=96&d=mm&r=g\",\"contentUrl\":\"https:\/\/secure.gravatar.com\/avatar\/a38115d98a7f8a96cbb96af2b2c37a0b?s=96&d=mm&r=g\",\"caption\":\"Ana Mar\u00eda Gomez\"},\"url\":\"https:\/\/www.fiscalia.gov.co\/colombia\/author\/agomez\/\"}]}<\/script>\n<!-- \/ Yoast SEO plugin. -->","yoast_head_json":{"title":"Fiscal\u00eda General de la Naci\u00f3n","description":"P\u00e1gina oficial de la Fiscal\u00eda General de la Naci\u00f3n \u2013 Colombia. Garantizamos el acceso efectivo a la justicia, la verdad y la reparaci\u00f3n de las v\u00edctimas de los delitos.","robots":{"index":"noindex","follow":"follow"},"og_locale":"es_ES","og_type":"article","og_title":"Fiscal\u00eda General de la Naci\u00f3n","og_description":"P\u00e1gina oficial de la Fiscal\u00eda General de la Naci\u00f3n \u2013 Colombia. Garantizamos el acceso efectivo a la justicia, la verdad y la reparaci\u00f3n de las v\u00edctimas de los delitos.","og_url":"https:\/\/www.fiscalia.gov.co\/colombia\/seguridad-territorial\/asegurado-alias-beto-por-su-presunta-responsabilidad-en-el-crimen-de-un-ciudadano\/","og_site_name":"Fiscal\u00eda General de la Naci\u00f3n","article_publisher":"https:\/\/www.facebook.com\/FiscaliaCol","article_published_time":"2020-12-28T18:52:42+00:00","author":"Ana Mar\u00eda Gomez","twitter_card":"summary_large_image","twitter_creator":"@FiscaliaCol","twitter_site":"@FiscaliaCol","twitter_misc":{"Escrito por":"Ana Mar\u00eda Gomez","Tiempo de lectura":"2 minutos"},"schema":{"@context":"https:\/\/schema.org","@graph":[{"@type":"Article","@id":"https:\/\/www.fiscalia.gov.co\/colombia\/seguridad-territorial\/asegurado-alias-beto-por-su-presunta-responsabilidad-en-el-crimen-de-un-ciudadano\/#article","isPartOf":{"@id":"https:\/\/www.fiscalia.gov.co\/colombia\/seguridad-territorial\/asegurado-alias-beto-por-su-presunta-responsabilidad-en-el-crimen-de-un-ciudadano\/"},"author":{"name":"Ana Mar\u00eda Gomez","@id":"https:\/\/www.fiscalia.gov.co\/colombia\/#\/schema\/person\/06aa2210fe4d79203f428ff671dee360"},"headline":"Asegurado alias Beto por su presunta responsabilidad en el crimen de un ciudadano","datePublished":"2020-12-28T18:52:42+00:00","dateModified":"2020-12-28T18:52:42+00:00","mainEntityOfPage":{"@id":"https:\/\/www.fiscalia.gov.co\/colombia\/seguridad-territorial\/asegurado-alias-beto-por-su-presunta-responsabilidad-en-el-crimen-de-un-ciudadano\/"},"wordCount":430,"publisher":{"@id":"https:\/\/www.fiscalia.gov.co\/colombia\/#organization"},"keywords":["Fiscal General Francisco Barbosa Delgado","Fiscal\u00eda de Colombia","Fiscal\u00eda General de la Naci\u00f3n","Homicidio agravado","tr\u00e1fico y porte de armas de fuego"],"articleSection":["Seccional Cali","Seccionales","Seguridad territorial"],"inLanguage":"es-CO"},{"@type":"WebPage","@id":"https:\/\/www.fiscalia.gov.co\/colombia\/seguridad-territorial\/asegurado-alias-beto-por-su-presunta-responsabilidad-en-el-crimen-de-un-ciudadano\/","url":"https:\/\/www.fiscalia.gov.co\/colombia\/seguridad-territorial\/asegurado-alias-beto-por-su-presunta-responsabilidad-en-el-crimen-de-un-ciudadano\/","name":"Fiscal\u00eda General de la Naci\u00f3n","isPartOf":{"@id":"https:\/\/www.fiscalia.gov.co\/colombia\/#website"},"datePublished":"2020-12-28T18:52:42+00:00","dateModified":"2020-12-28T18:52:42+00:00","description":"P\u00e1gina oficial de la Fiscal\u00eda General de la Naci\u00f3n \u2013 Colombia. Garantizamos el acceso efectivo a la justicia, la verdad y la reparaci\u00f3n de las v\u00edctimas de los delitos.","breadcrumb":{"@id":"https:\/\/www.fiscalia.gov.co\/colombia\/seguridad-territorial\/asegurado-alias-beto-por-su-presunta-responsabilidad-en-el-crimen-de-un-ciudadano\/#breadcrumb"},"inLanguage":"es-CO","potentialAction":[{"@type":"ReadAction","target":["https:\/\/www.fiscalia.gov.co\/colombia\/seguridad-territorial\/asegurado-alias-beto-por-su-presunta-responsabilidad-en-el-crimen-de-un-ciudadano\/"]}]},{"@type":"BreadcrumbList","@id":"https:\/\/www.fiscalia.gov.co\/colombia\/seguridad-territorial\/asegurado-alias-beto-por-su-presunta-responsabilidad-en-el-crimen-de-un-ciudadano\/#breadcrumb","itemListElement":[{"@type":"ListItem","position":1,"name":"Home","item":"https:\/\/www.fiscalia.gov.co\/colombia\/"},{"@type":"ListItem","position":2,"name":"Asegurado alias Beto por su presunta responsabilidad en el crimen de un ciudadano"}]},{"@type":"WebSite","@id":"https:\/\/www.fiscalia.gov.co\/colombia\/#website","url":"https:\/\/www.fiscalia.gov.co\/colombia\/","name":"Fiscal\u00eda General de la Naci\u00f3n","description":"P\u00e1gina oficial de la Fiscal\u00eda General de la Naci\u00f3n \u2013 Colombia. Garantizamos el acceso efectivo a la justicia, la verdad y la reparaci\u00f3n de las v\u00edctimas de los delitos.","publisher":{"@id":"https:\/\/www.fiscalia.gov.co\/colombia\/#organization"},"potentialAction":[{"@type":"SearchAction","target":{"@type":"EntryPoint","urlTemplate":"https:\/\/www.fiscalia.gov.co\/colombia\/?s={search_term_string}"},"query-input":{"@type":"PropertyValueSpecification","valueRequired":true,"valueName":"search_term_string"}}],"inLanguage":"es-CO"},{"@type":"Organization","@id":"https:\/\/www.fiscalia.gov.co\/colombia\/#organization","name":"Fiscal\u00eda General de la Naci\u00f3n","url":"https:\/\/www.fiscalia.gov.co\/colombia\/","logo":{"@type":"ImageObject","inLanguage":"es-CO","@id":"https:\/\/www.fiscalia.gov.co\/colombia\/#\/schema\/logo\/image\/","url":"https:\/\/www.fiscalia.gov.co\/colombia\/wp-content\/uploads\/LogoHorizontal_1.jpg","contentUrl":"https:\/\/www.fiscalia.gov.co\/colombia\/wp-content\/uploads\/LogoHorizontal_1.jpg","width":300,"height":90,"caption":"Fiscal\u00eda General de la Naci\u00f3n"},"image":{"@id":"https:\/\/www.fiscalia.gov.co\/colombia\/#\/schema\/logo\/image\/"},"sameAs":["https:\/\/www.facebook.com\/FiscaliaCol","https:\/\/x.com\/FiscaliaCol","https:\/\/www.instagram.com\/fiscaliacol","https:\/\/www.linkedin.com\/company\/fiscalia-general-de-la-naci-n\/","https:\/\/youtube.com\/@fiscaliageneraldelanacion-4668?si=6nN79nyQICPU5iTh"]},{"@type":"Person","@id":"https:\/\/www.fiscalia.gov.co\/colombia\/#\/schema\/person\/06aa2210fe4d79203f428ff671dee360","name":"Ana Mar\u00eda Gomez","image":{"@type":"ImageObject","inLanguage":"es-CO","@id":"https:\/\/www.fiscalia.gov.co\/colombia\/#\/schema\/person\/image\/","url":"https:\/\/secure.gravatar.com\/avatar\/a38115d98a7f8a96cbb96af2b2c37a0b?s=96&d=mm&r=g","contentUrl":"https:\/\/secure.gravatar.com\/avatar\/a38115d98a7f8a96cbb96af2b2c37a0b?s=96&d=mm&r=g","caption":"Ana Mar\u00eda Gomez"},"url":"https:\/\/www.fiscalia.gov.co\/colombia\/author\/agomez\/"}]}},"_links":{"self":[{"href":"https:\/\/www.fiscalia.gov.co\/colombia\/wp-json\/wp\/v2\/posts\/210129","targetHints":{"allow":["GET"]}}],"collection":[{"href":"https:\/\/www.fiscalia.gov.co\/colombia\/wp-json\/wp\/v2\/posts"}],"about":[{"href":"https:\/\/www.fiscalia.gov.co\/colombia\/wp-json\/wp\/v2\/types\/post"}],"author":[{"embeddable":true,"href":"https:\/\/www.fiscalia.gov.co\/colombia\/wp-json\/wp\/v2\/users\/171"}],"replies":[{"embeddable":true,"href":"https:\/\/www.fiscalia.gov.co\/colombia\/wp-json\/wp\/v2\/comments?post=210129"}],"version-history":[{"count":1,"href":"https:\/\/www.fiscalia.gov.co\/colombia\/wp-json\/wp\/v2\/posts\/210129\/revisions"}],"predecessor-version":[{"id":210130,"href":"https:\/\/www.fiscalia.gov.co\/colombia\/wp-json\/wp\/v2\/posts\/210129\/revisions\/210130"}],"wp:attachment":[{"href":"https:\/\/www.fiscalia.gov.co\/colombia\/wp-json\/wp\/v2\/media?parent=210129"}],"wp:term":[{"taxonomy":"category","embeddable":true,"href":"https:\/\/www.fiscalia.gov.co\/colombia\/wp-json\/wp\/v2\/categories?post=210129"},{"taxonomy":"post_tag","embeddable":true,"href":"https:\/\/www.fiscalia.gov.co\/colombia\/wp-json\/wp\/v2\/tags?post=210129"}],"curies":[{"name":"wp","href":"https:\/\/api.w.org\/{rel}","templated":true}]}}