{"id":210121,"date":"2020-12-28T10:40:53","date_gmt":"2020-12-28T15:40:53","guid":{"rendered":"https:\/\/www.fiscalia.gov.co\/colombia\/?p=210121"},"modified":"2020-12-28T10:40:53","modified_gmt":"2020-12-28T15:40:53","slug":"judicializado-presunto-responsable-hurto-de-vehiculo-en-sevilla-valle-del-cauca","status":"publish","type":"post","link":"https:\/\/www.fiscalia.gov.co\/colombia\/seguridad-territorial\/judicializado-presunto-responsable-hurto-de-vehiculo-en-sevilla-valle-del-cauca\/","title":{"rendered":"Judicializado presunto responsable hurto de veh\u00edculo en Sevilla (Valle del Cauca)"},"content":{"rendered":"<p class=\"x_x_MsoNormal\">Ante un juez de control de garant\u00edas, la<b>\u00a0Fiscal\u00eda General de la Naci\u00f3n<\/b>\u00a0judicializ\u00f3 y corri\u00f3 traslado de acusaci\u00f3n en contra de Derian Andr\u00e9s Arboleda Osorio, como presunto responsable del\u00a0<span lang=\"ES\"><a href=\"https:\/\/www.fiscalia.gov.co\/colombia\/seccionales\/seccional-buga\/fiscalia-desarticulo-banda-los-magnificos-dedicada-al-hurto-de-vehiculos-en-cali\/\" target=\"_blank\" rel=\"noopener noreferrer\" data-auth=\"NotApplicable\"><span lang=\"ES-CO\">hurto de un veh\u00edculo<\/span><\/a><\/span>, en jurisdicci\u00f3n del municipio de Sevilla (Valle del Cauca).<\/p>\n<p class=\"x_x_MsoNormal\">Los hechos materia de investigaci\u00f3n ocurrieron en la v\u00eda que de Sevilla conduce al municipio de Caicedonia, donde el hoy imputado fue capturado en flagrancia, por personal de la\u00a0<b>Polic\u00eda Nacional<\/b>, cuando intentaba huir en un veh\u00edculo hurtado, de placa JAK 280.<\/p>\n<p class=\"x_x_MsoNormal\">En las audiencias preliminares, la<b>\u00a0Fiscal\u00eda<\/b>\u00a0corri\u00f3 traslado del escrito de acusaci\u00f3n en contra del capturado, por el delito de hurto calificado y agravado.<\/p>\n<p class=\"x_x_MsoNormal\">Por determinaci\u00f3n del juez,\u00a0<b>Arboleda Osorio<\/b>, quien no acept\u00f3 cargos,<b>\u00a0debe cumplir la medida de aseguramiento en centro carcelario.<\/b><\/p>\n<figure id=\"attachment_210122\" aria-describedby=\"caption-attachment-210122\" style=\"width: 696px\" class=\"wp-caption aligncenter\"><img loading=\"lazy\" decoding=\"async\" class=\"size-large wp-image-210122\" src=\"https:\/\/www.fiscalia.gov.co\/colombia\/wp-content\/uploads\/Derian-Andr\u00e9s-Arboleda-Osorio-enviado-a-la-c\u00e1rcel-como-presunto-responsable-de-hurto-de-veh\u00edculo-en-Sevilla-Valle.-1024x472.jpg\" alt=\"\" width=\"696\" height=\"321\" srcset=\"https:\/\/www.fiscalia.gov.co\/colombia\/wp-content\/uploads\/Derian-Andr\u00e9s-Arboleda-Osorio-enviado-a-la-c\u00e1rcel-como-presunto-responsable-de-hurto-de-veh\u00edculo-en-Sevilla-Valle.-1024x472.jpg 1024w, https:\/\/www.fiscalia.gov.co\/colombia\/wp-content\/uploads\/Derian-Andr\u00e9s-Arboleda-Osorio-enviado-a-la-c\u00e1rcel-como-presunto-responsable-de-hurto-de-veh\u00edculo-en-Sevilla-Valle.-300x138.jpg 300w, https:\/\/www.fiscalia.gov.co\/colombia\/wp-content\/uploads\/Derian-Andr\u00e9s-Arboleda-Osorio-enviado-a-la-c\u00e1rcel-como-presunto-responsable-de-hurto-de-veh\u00edculo-en-Sevilla-Valle.-768x354.jpg 768w, https:\/\/www.fiscalia.gov.co\/colombia\/wp-content\/uploads\/Derian-Andr\u00e9s-Arboleda-Osorio-enviado-a-la-c\u00e1rcel-como-presunto-responsable-de-hurto-de-veh\u00edculo-en-Sevilla-Valle.-696x321.jpg 696w, https:\/\/www.fiscalia.gov.co\/colombia\/wp-content\/uploads\/Derian-Andr\u00e9s-Arboleda-Osorio-enviado-a-la-c\u00e1rcel-como-presunto-responsable-de-hurto-de-veh\u00edculo-en-Sevilla-Valle.-1068x492.jpg 1068w, https:\/\/www.fiscalia.gov.co\/colombia\/wp-content\/uploads\/Derian-Andr\u00e9s-Arboleda-Osorio-enviado-a-la-c\u00e1rcel-como-presunto-responsable-de-hurto-de-veh\u00edculo-en-Sevilla-Valle.-911x420.jpg 911w, https:\/\/www.fiscalia.gov.co\/colombia\/wp-content\/uploads\/Derian-Andr\u00e9s-Arboleda-Osorio-enviado-a-la-c\u00e1rcel-como-presunto-responsable-de-hurto-de-veh\u00edculo-en-Sevilla-Valle..jpg 1280w\" sizes=\"auto, (max-width: 696px) 100vw, 696px\" \/><figcaption id=\"caption-attachment-210122\" class=\"wp-caption-text\">Derian Andr\u00e9s Arboleda Osorio, presunto responsable del hurto de un veh\u00edculo, en jurisdicci\u00f3n del municipio de Sevilla (Valle del Cauca).<\/figcaption><\/figure>\n<p class=\"x_x_MsoNormal\">Lo anterior, responde al cumplimiento de la estrategia de esclarecer los hechos en los que se atenta contra la seguridad ciudadana enmarcados dentro de los lineamientos del\u00a0<b>Fiscal General de la Naci\u00f3n, Francisco Barbosa Delgado<\/b>, en su pol\u00edtica institucional \u201cEn las calles y en los territorios\u201d.<\/p>\n<p><span lang=\"ES\">La Fiscal\u00eda General de la Naci\u00f3n p\u00fablica esta informaci\u00f3n por razones de inter\u00e9s general.<\/span><span lang=\"ES\">\u00a0<\/span><\/p>\n<p><span lang=\"ES\">MAP\/MG\/SMLR<\/span><\/p>\n<p><em><span lang=\"ES\">La informaci\u00f3n contenida en este bolet\u00edn de prensa corresponde a la narraci\u00f3n de los hechos noticiosos objetivos, suministrados por los funcionarios encargados de adelantar las investigaciones penales al interior de la Fiscal\u00eda General de la Naci\u00f3n. Para el momento de la divulgaci\u00f3n de este comunicado, la situaci\u00f3n jur\u00eddica de la(s) persona(s) relacionada(s) se encuentra pendiente de resolver por la autoridad judicial competente, siempre bajo los preceptos de la presunci\u00f3n de inocencia, consagrados en el art\u00edculo 29 de la Constituci\u00f3n Pol\u00edtica y el art\u00edculo 7\u00ba de la Ley 906 de 2004<\/span><\/em><\/p>\n\n<div class=\"twitter-share\"><a href=\"https:\/\/twitter.com\/intent\/tweet?via=fiscaliacol\" class=\"twitter-share-button\">Tweet<\/a><\/div>\n","protected":false},"excerpt":{"rendered":"<p>Ante un juez de control de garant\u00edas, la\u00a0Fiscal\u00eda General de la Naci\u00f3n\u00a0judicializ\u00f3 y corri\u00f3 traslado de acusaci\u00f3n en contra de Derian Andr\u00e9s Arboleda Osorio, como presunto responsable del\u00a0hurto de un veh\u00edculo, en jurisdicci\u00f3n del municipio de Sevilla (Valle del Cauca). Los hechos materia de investigaci\u00f3n ocurrieron en la v\u00eda que de Sevilla conduce al municipio [&hellip;]<\/p>\n","protected":false},"author":171,"featured_media":0,"comment_status":"closed","ping_status":"open","sticky":false,"template":"","format":"standard","meta":{"tdm_status":"","tdm_grid_status":"","footnotes":""},"categories":[324,303,24099],"tags":[12424,78,24187,7169,7451,1185,25112],"class_list":{"0":"post-210121","1":"post","2":"type-post","3":"status-publish","4":"format-standard","6":"category-seccional-cali","7":"category-seccionales","8":"category-seguridad-territorial","9":"tag-capturado","10":"tag-fiscal-general-de-la-nacion","11":"tag-fiscalia-colombia","12":"tag-flagrancia","13":"tag-hurto-calificado-y-agravado","14":"tag-medida-de-aseguramiento","15":"tag-vehiculo"},"yoast_head":"<!-- This site is optimized with the Yoast SEO plugin v24.3 - https:\/\/yoast.com\/wordpress\/plugins\/seo\/ -->\n<title>Fiscal\u00eda General de la Naci\u00f3n<\/title>\n<meta name=\"description\" content=\"P\u00e1gina oficial de la Fiscal\u00eda General de la Naci\u00f3n \u2013 Colombia. Garantizamos el acceso efectivo a la justicia, la verdad y la reparaci\u00f3n de las v\u00edctimas de los delitos.\" \/>\n<meta name=\"robots\" content=\"noindex, follow\" \/>\n<meta property=\"og:locale\" content=\"es_ES\" \/>\n<meta property=\"og:type\" content=\"article\" \/>\n<meta property=\"og:title\" content=\"Fiscal\u00eda General de la Naci\u00f3n\" \/>\n<meta property=\"og:description\" content=\"P\u00e1gina oficial de la Fiscal\u00eda General de la Naci\u00f3n \u2013 Colombia. Garantizamos el acceso efectivo a la justicia, la verdad y la reparaci\u00f3n de las v\u00edctimas de los delitos.\" \/>\n<meta property=\"og:url\" content=\"https:\/\/www.fiscalia.gov.co\/colombia\/seguridad-territorial\/judicializado-presunto-responsable-hurto-de-vehiculo-en-sevilla-valle-del-cauca\/\" \/>\n<meta property=\"og:site_name\" content=\"Fiscal\u00eda General de la Naci\u00f3n\" \/>\n<meta property=\"article:publisher\" content=\"https:\/\/www.facebook.com\/FiscaliaCol\" \/>\n<meta property=\"article:published_time\" content=\"2020-12-28T15:40:53+00:00\" \/>\n<meta name=\"author\" content=\"Ana Mar\u00eda Gomez\" \/>\n<meta name=\"twitter:card\" content=\"summary_large_image\" \/>\n<meta name=\"twitter:creator\" content=\"@FiscaliaCol\" \/>\n<meta name=\"twitter:site\" content=\"@FiscaliaCol\" \/>\n<meta name=\"twitter:label1\" content=\"Escrito por\" \/>\n\t<meta name=\"twitter:data1\" content=\"Ana Mar\u00eda Gomez\" \/>\n\t<meta name=\"twitter:label2\" content=\"Tiempo de lectura\" \/>\n\t<meta name=\"twitter:data2\" content=\"2 minutos\" \/>\n<script type=\"application\/ld+json\" class=\"yoast-schema-graph\">{\"@context\":\"https:\/\/schema.org\",\"@graph\":[{\"@type\":\"Article\",\"@id\":\"https:\/\/www.fiscalia.gov.co\/colombia\/seguridad-territorial\/judicializado-presunto-responsable-hurto-de-vehiculo-en-sevilla-valle-del-cauca\/#article\",\"isPartOf\":{\"@id\":\"https:\/\/www.fiscalia.gov.co\/colombia\/seguridad-territorial\/judicializado-presunto-responsable-hurto-de-vehiculo-en-sevilla-valle-del-cauca\/\"},\"author\":{\"name\":\"Ana Mar\u00eda Gomez\",\"@id\":\"https:\/\/www.fiscalia.gov.co\/colombia\/#\/schema\/person\/06aa2210fe4d79203f428ff671dee360\"},\"headline\":\"Judicializado presunto responsable hurto de veh\u00edculo en Sevilla (Valle del Cauca)\",\"datePublished\":\"2020-12-28T15:40:53+00:00\",\"dateModified\":\"2020-12-28T15:40:53+00:00\",\"mainEntityOfPage\":{\"@id\":\"https:\/\/www.fiscalia.gov.co\/colombia\/seguridad-territorial\/judicializado-presunto-responsable-hurto-de-vehiculo-en-sevilla-valle-del-cauca\/\"},\"wordCount\":355,\"publisher\":{\"@id\":\"https:\/\/www.fiscalia.gov.co\/colombia\/#organization\"},\"keywords\":[\"Capturado\",\"Fiscal General de la Naci\u00f3n\",\"Fiscal\u00eda Colombia\",\"Flagrancia\",\"hurto calificado y agravado\",\"Medida de aseguramiento\",\"veh\u00edculo.\"],\"articleSection\":[\"Seccional Cali\",\"Seccionales\",\"Seguridad territorial\"],\"inLanguage\":\"es-CO\"},{\"@type\":\"WebPage\",\"@id\":\"https:\/\/www.fiscalia.gov.co\/colombia\/seguridad-territorial\/judicializado-presunto-responsable-hurto-de-vehiculo-en-sevilla-valle-del-cauca\/\",\"url\":\"https:\/\/www.fiscalia.gov.co\/colombia\/seguridad-territorial\/judicializado-presunto-responsable-hurto-de-vehiculo-en-sevilla-valle-del-cauca\/\",\"name\":\"Fiscal\u00eda General de la Naci\u00f3n\",\"isPartOf\":{\"@id\":\"https:\/\/www.fiscalia.gov.co\/colombia\/#website\"},\"datePublished\":\"2020-12-28T15:40:53+00:00\",\"dateModified\":\"2020-12-28T15:40:53+00:00\",\"description\":\"P\u00e1gina oficial de la Fiscal\u00eda General de la Naci\u00f3n \u2013 Colombia. Garantizamos el acceso efectivo a la justicia, la verdad y la reparaci\u00f3n de las v\u00edctimas de los delitos.\",\"breadcrumb\":{\"@id\":\"https:\/\/www.fiscalia.gov.co\/colombia\/seguridad-territorial\/judicializado-presunto-responsable-hurto-de-vehiculo-en-sevilla-valle-del-cauca\/#breadcrumb\"},\"inLanguage\":\"es-CO\",\"potentialAction\":[{\"@type\":\"ReadAction\",\"target\":[\"https:\/\/www.fiscalia.gov.co\/colombia\/seguridad-territorial\/judicializado-presunto-responsable-hurto-de-vehiculo-en-sevilla-valle-del-cauca\/\"]}]},{\"@type\":\"BreadcrumbList\",\"@id\":\"https:\/\/www.fiscalia.gov.co\/colombia\/seguridad-territorial\/judicializado-presunto-responsable-hurto-de-vehiculo-en-sevilla-valle-del-cauca\/#breadcrumb\",\"itemListElement\":[{\"@type\":\"ListItem\",\"position\":1,\"name\":\"Home\",\"item\":\"https:\/\/www.fiscalia.gov.co\/colombia\/\"},{\"@type\":\"ListItem\",\"position\":2,\"name\":\"Judicializado presunto responsable hurto de veh\u00edculo en Sevilla (Valle del Cauca)\"}]},{\"@type\":\"WebSite\",\"@id\":\"https:\/\/www.fiscalia.gov.co\/colombia\/#website\",\"url\":\"https:\/\/www.fiscalia.gov.co\/colombia\/\",\"name\":\"Fiscal\u00eda General de la Naci\u00f3n\",\"description\":\"P\u00e1gina oficial de la Fiscal\u00eda General de la Naci\u00f3n \u2013 Colombia. Garantizamos el acceso efectivo a la justicia, la verdad y la reparaci\u00f3n de las v\u00edctimas de los delitos.\",\"publisher\":{\"@id\":\"https:\/\/www.fiscalia.gov.co\/colombia\/#organization\"},\"potentialAction\":[{\"@type\":\"SearchAction\",\"target\":{\"@type\":\"EntryPoint\",\"urlTemplate\":\"https:\/\/www.fiscalia.gov.co\/colombia\/?s={search_term_string}\"},\"query-input\":{\"@type\":\"PropertyValueSpecification\",\"valueRequired\":true,\"valueName\":\"search_term_string\"}}],\"inLanguage\":\"es-CO\"},{\"@type\":\"Organization\",\"@id\":\"https:\/\/www.fiscalia.gov.co\/colombia\/#organization\",\"name\":\"Fiscal\u00eda General de la Naci\u00f3n\",\"url\":\"https:\/\/www.fiscalia.gov.co\/colombia\/\",\"logo\":{\"@type\":\"ImageObject\",\"inLanguage\":\"es-CO\",\"@id\":\"https:\/\/www.fiscalia.gov.co\/colombia\/#\/schema\/logo\/image\/\",\"url\":\"https:\/\/www.fiscalia.gov.co\/colombia\/wp-content\/uploads\/LogoHorizontal_1.jpg\",\"contentUrl\":\"https:\/\/www.fiscalia.gov.co\/colombia\/wp-content\/uploads\/LogoHorizontal_1.jpg\",\"width\":300,\"height\":90,\"caption\":\"Fiscal\u00eda General de la Naci\u00f3n\"},\"image\":{\"@id\":\"https:\/\/www.fiscalia.gov.co\/colombia\/#\/schema\/logo\/image\/\"},\"sameAs\":[\"https:\/\/www.facebook.com\/FiscaliaCol\",\"https:\/\/x.com\/FiscaliaCol\",\"https:\/\/www.instagram.com\/fiscaliacol\",\"https:\/\/www.linkedin.com\/company\/fiscalia-general-de-la-naci-n\/\",\"https:\/\/youtube.com\/@fiscaliageneraldelanacion-4668?si=6nN79nyQICPU5iTh\"]},{\"@type\":\"Person\",\"@id\":\"https:\/\/www.fiscalia.gov.co\/colombia\/#\/schema\/person\/06aa2210fe4d79203f428ff671dee360\",\"name\":\"Ana Mar\u00eda Gomez\",\"image\":{\"@type\":\"ImageObject\",\"inLanguage\":\"es-CO\",\"@id\":\"https:\/\/www.fiscalia.gov.co\/colombia\/#\/schema\/person\/image\/\",\"url\":\"https:\/\/secure.gravatar.com\/avatar\/a38115d98a7f8a96cbb96af2b2c37a0b?s=96&d=mm&r=g\",\"contentUrl\":\"https:\/\/secure.gravatar.com\/avatar\/a38115d98a7f8a96cbb96af2b2c37a0b?s=96&d=mm&r=g\",\"caption\":\"Ana Mar\u00eda Gomez\"},\"url\":\"https:\/\/www.fiscalia.gov.co\/colombia\/author\/agomez\/\"}]}<\/script>\n<!-- \/ Yoast SEO plugin. -->","yoast_head_json":{"title":"Fiscal\u00eda General de la Naci\u00f3n","description":"P\u00e1gina oficial de la Fiscal\u00eda General de la Naci\u00f3n \u2013 Colombia. Garantizamos el acceso efectivo a la justicia, la verdad y la reparaci\u00f3n de las v\u00edctimas de los delitos.","robots":{"index":"noindex","follow":"follow"},"og_locale":"es_ES","og_type":"article","og_title":"Fiscal\u00eda General de la Naci\u00f3n","og_description":"P\u00e1gina oficial de la Fiscal\u00eda General de la Naci\u00f3n \u2013 Colombia. Garantizamos el acceso efectivo a la justicia, la verdad y la reparaci\u00f3n de las v\u00edctimas de los delitos.","og_url":"https:\/\/www.fiscalia.gov.co\/colombia\/seguridad-territorial\/judicializado-presunto-responsable-hurto-de-vehiculo-en-sevilla-valle-del-cauca\/","og_site_name":"Fiscal\u00eda General de la Naci\u00f3n","article_publisher":"https:\/\/www.facebook.com\/FiscaliaCol","article_published_time":"2020-12-28T15:40:53+00:00","author":"Ana Mar\u00eda Gomez","twitter_card":"summary_large_image","twitter_creator":"@FiscaliaCol","twitter_site":"@FiscaliaCol","twitter_misc":{"Escrito por":"Ana Mar\u00eda Gomez","Tiempo de lectura":"2 minutos"},"schema":{"@context":"https:\/\/schema.org","@graph":[{"@type":"Article","@id":"https:\/\/www.fiscalia.gov.co\/colombia\/seguridad-territorial\/judicializado-presunto-responsable-hurto-de-vehiculo-en-sevilla-valle-del-cauca\/#article","isPartOf":{"@id":"https:\/\/www.fiscalia.gov.co\/colombia\/seguridad-territorial\/judicializado-presunto-responsable-hurto-de-vehiculo-en-sevilla-valle-del-cauca\/"},"author":{"name":"Ana Mar\u00eda Gomez","@id":"https:\/\/www.fiscalia.gov.co\/colombia\/#\/schema\/person\/06aa2210fe4d79203f428ff671dee360"},"headline":"Judicializado presunto responsable hurto de veh\u00edculo en Sevilla (Valle del Cauca)","datePublished":"2020-12-28T15:40:53+00:00","dateModified":"2020-12-28T15:40:53+00:00","mainEntityOfPage":{"@id":"https:\/\/www.fiscalia.gov.co\/colombia\/seguridad-territorial\/judicializado-presunto-responsable-hurto-de-vehiculo-en-sevilla-valle-del-cauca\/"},"wordCount":355,"publisher":{"@id":"https:\/\/www.fiscalia.gov.co\/colombia\/#organization"},"keywords":["Capturado","Fiscal General de la Naci\u00f3n","Fiscal\u00eda Colombia","Flagrancia","hurto calificado y agravado","Medida de aseguramiento","veh\u00edculo."],"articleSection":["Seccional Cali","Seccionales","Seguridad territorial"],"inLanguage":"es-CO"},{"@type":"WebPage","@id":"https:\/\/www.fiscalia.gov.co\/colombia\/seguridad-territorial\/judicializado-presunto-responsable-hurto-de-vehiculo-en-sevilla-valle-del-cauca\/","url":"https:\/\/www.fiscalia.gov.co\/colombia\/seguridad-territorial\/judicializado-presunto-responsable-hurto-de-vehiculo-en-sevilla-valle-del-cauca\/","name":"Fiscal\u00eda General de la Naci\u00f3n","isPartOf":{"@id":"https:\/\/www.fiscalia.gov.co\/colombia\/#website"},"datePublished":"2020-12-28T15:40:53+00:00","dateModified":"2020-12-28T15:40:53+00:00","description":"P\u00e1gina oficial de la Fiscal\u00eda General de la Naci\u00f3n \u2013 Colombia. Garantizamos el acceso efectivo a la justicia, la verdad y la reparaci\u00f3n de las v\u00edctimas de los delitos.","breadcrumb":{"@id":"https:\/\/www.fiscalia.gov.co\/colombia\/seguridad-territorial\/judicializado-presunto-responsable-hurto-de-vehiculo-en-sevilla-valle-del-cauca\/#breadcrumb"},"inLanguage":"es-CO","potentialAction":[{"@type":"ReadAction","target":["https:\/\/www.fiscalia.gov.co\/colombia\/seguridad-territorial\/judicializado-presunto-responsable-hurto-de-vehiculo-en-sevilla-valle-del-cauca\/"]}]},{"@type":"BreadcrumbList","@id":"https:\/\/www.fiscalia.gov.co\/colombia\/seguridad-territorial\/judicializado-presunto-responsable-hurto-de-vehiculo-en-sevilla-valle-del-cauca\/#breadcrumb","itemListElement":[{"@type":"ListItem","position":1,"name":"Home","item":"https:\/\/www.fiscalia.gov.co\/colombia\/"},{"@type":"ListItem","position":2,"name":"Judicializado presunto responsable hurto de veh\u00edculo en Sevilla (Valle del Cauca)"}]},{"@type":"WebSite","@id":"https:\/\/www.fiscalia.gov.co\/colombia\/#website","url":"https:\/\/www.fiscalia.gov.co\/colombia\/","name":"Fiscal\u00eda General de la Naci\u00f3n","description":"P\u00e1gina oficial de la Fiscal\u00eda General de la Naci\u00f3n \u2013 Colombia. Garantizamos el acceso efectivo a la justicia, la verdad y la reparaci\u00f3n de las v\u00edctimas de los delitos.","publisher":{"@id":"https:\/\/www.fiscalia.gov.co\/colombia\/#organization"},"potentialAction":[{"@type":"SearchAction","target":{"@type":"EntryPoint","urlTemplate":"https:\/\/www.fiscalia.gov.co\/colombia\/?s={search_term_string}"},"query-input":{"@type":"PropertyValueSpecification","valueRequired":true,"valueName":"search_term_string"}}],"inLanguage":"es-CO"},{"@type":"Organization","@id":"https:\/\/www.fiscalia.gov.co\/colombia\/#organization","name":"Fiscal\u00eda General de la Naci\u00f3n","url":"https:\/\/www.fiscalia.gov.co\/colombia\/","logo":{"@type":"ImageObject","inLanguage":"es-CO","@id":"https:\/\/www.fiscalia.gov.co\/colombia\/#\/schema\/logo\/image\/","url":"https:\/\/www.fiscalia.gov.co\/colombia\/wp-content\/uploads\/LogoHorizontal_1.jpg","contentUrl":"https:\/\/www.fiscalia.gov.co\/colombia\/wp-content\/uploads\/LogoHorizontal_1.jpg","width":300,"height":90,"caption":"Fiscal\u00eda General de la Naci\u00f3n"},"image":{"@id":"https:\/\/www.fiscalia.gov.co\/colombia\/#\/schema\/logo\/image\/"},"sameAs":["https:\/\/www.facebook.com\/FiscaliaCol","https:\/\/x.com\/FiscaliaCol","https:\/\/www.instagram.com\/fiscaliacol","https:\/\/www.linkedin.com\/company\/fiscalia-general-de-la-naci-n\/","https:\/\/youtube.com\/@fiscaliageneraldelanacion-4668?si=6nN79nyQICPU5iTh"]},{"@type":"Person","@id":"https:\/\/www.fiscalia.gov.co\/colombia\/#\/schema\/person\/06aa2210fe4d79203f428ff671dee360","name":"Ana Mar\u00eda Gomez","image":{"@type":"ImageObject","inLanguage":"es-CO","@id":"https:\/\/www.fiscalia.gov.co\/colombia\/#\/schema\/person\/image\/","url":"https:\/\/secure.gravatar.com\/avatar\/a38115d98a7f8a96cbb96af2b2c37a0b?s=96&d=mm&r=g","contentUrl":"https:\/\/secure.gravatar.com\/avatar\/a38115d98a7f8a96cbb96af2b2c37a0b?s=96&d=mm&r=g","caption":"Ana Mar\u00eda Gomez"},"url":"https:\/\/www.fiscalia.gov.co\/colombia\/author\/agomez\/"}]}},"_links":{"self":[{"href":"https:\/\/www.fiscalia.gov.co\/colombia\/wp-json\/wp\/v2\/posts\/210121","targetHints":{"allow":["GET"]}}],"collection":[{"href":"https:\/\/www.fiscalia.gov.co\/colombia\/wp-json\/wp\/v2\/posts"}],"about":[{"href":"https:\/\/www.fiscalia.gov.co\/colombia\/wp-json\/wp\/v2\/types\/post"}],"author":[{"embeddable":true,"href":"https:\/\/www.fiscalia.gov.co\/colombia\/wp-json\/wp\/v2\/users\/171"}],"replies":[{"embeddable":true,"href":"https:\/\/www.fiscalia.gov.co\/colombia\/wp-json\/wp\/v2\/comments?post=210121"}],"version-history":[{"count":1,"href":"https:\/\/www.fiscalia.gov.co\/colombia\/wp-json\/wp\/v2\/posts\/210121\/revisions"}],"predecessor-version":[{"id":210123,"href":"https:\/\/www.fiscalia.gov.co\/colombia\/wp-json\/wp\/v2\/posts\/210121\/revisions\/210123"}],"wp:attachment":[{"href":"https:\/\/www.fiscalia.gov.co\/colombia\/wp-json\/wp\/v2\/media?parent=210121"}],"wp:term":[{"taxonomy":"category","embeddable":true,"href":"https:\/\/www.fiscalia.gov.co\/colombia\/wp-json\/wp\/v2\/categories?post=210121"},{"taxonomy":"post_tag","embeddable":true,"href":"https:\/\/www.fiscalia.gov.co\/colombia\/wp-json\/wp\/v2\/tags?post=210121"}],"curies":[{"name":"wp","href":"https:\/\/api.w.org\/{rel}","templated":true}]}}