{"id":210084,"date":"2020-12-24T21:22:38","date_gmt":"2020-12-25T02:22:38","guid":{"rendered":"https:\/\/www.fiscalia.gov.co\/colombia\/?p=210084"},"modified":"2020-12-28T18:20:30","modified_gmt":"2020-12-28T23:20:30","slug":"desarticulada-banda-delincuencial-los-tomaseros-senalada-de-ocasionar-la-muerte-a-una-victima-de-paseo-millonario-con-el-suministro-de-un-farmaco","status":"publish","type":"post","link":"https:\/\/www.fiscalia.gov.co\/colombia\/seguridad-territorial\/desarticulada-banda-delincuencial-los-tomaseros-senalada-de-ocasionar-la-muerte-a-una-victima-de-paseo-millonario-con-el-suministro-de-un-farmaco\/","title":{"rendered":"Desarticulada banda delincuencial Los Tomaseros, se\u00f1alada de ocasionar la muerte a una v\u00edctima de \u2018paseo millonario\u2019 con el suministro de un f\u00e1rmaco"},"content":{"rendered":"<h4><em><strong>Tres presuntos integrantes de esta estructura fueron capturados por el CTI de la Fiscal\u00eda en Bogot\u00e1.<\/strong><\/em><\/h4>\n<p>En una r\u00e1pida acci\u00f3n investigativa, en 40 d\u00edas, la Fiscal\u00eda General de la Naci\u00f3n esclareci\u00f3 los hechos delictivos en los que una mujer muri\u00f3 y dos hombres resultaron heridos durante un caso de \u2018paseo millonario\u2019 en Bogot\u00e1.<\/p>\n<p>Los se\u00f1alados responsables har\u00edan parte de una banda conocida como \u2018Los Tomaseros\u2019. Testimonios, videos de c\u00e1maras de seguridad y abundantes elementos de prueba vincular\u00edan a esta organizaci\u00f3n a los hechos ocurridos el pasado 15 de noviembre, y otros eventos registrados en la ciudad.<\/p>\n<p>Investigadores del CTI capturaron a tres supuestos integrantes de \u2018Los Tomaseros\u2019. Alias Harry Potter, Hellen y El Sobrino, quienes ser\u00e1n presentados ante un juez de control de garant\u00edas y un fiscal del Grupo Elite de Homicidios de la Seccional de Bogot\u00e1 les imputar\u00e1 los delitos de: secuestro extorsivo agravado, homicidio agravado, y hurto agravado y calificado.<\/p>\n<p><strong><u>Investigaci\u00f3n<\/u><\/strong><\/p>\n<p>El 15 de noviembre pasado, una joven que har\u00eda parte de \u2018Los Tomaseros\u2019, conocida como \u2018Hellen\u2019, y alias Harry Potter habr\u00edan abordado a una mujer y dos hombres en un bar de Bogot\u00e1. Al parecer, ganaron la confianza de estas personas y, en un descuido, les pusieron en las bebidas clonazepam, un f\u00e1rmaco que act\u00faa sobre el sistema nervioso central.<\/p>\n<p>Luego de la ingesta de la sustancia, las v\u00edctimas presuntamente fueron sacadas del establecimiento comercial para subirlas a un veh\u00edculo, en el que recorrieron la ciudad mientras les arrebataron celulares, dinero y otros elementos de valor. El carro, al parecer, era de propiedad de \u2018El Sobrino\u2019.<\/p>\n<p>Las personas afectadas fueron abandonadas en distintos puntos de Bogot\u00e1, en un alto nivel de inconciencia. La mujer, identificada como Yuddith\u00a0Alexandra Anaya Pacheco, muri\u00f3. El Instituto de Medicina Legal y Ciencias Forenses dictamin\u00f3 que falleci\u00f3 por hipoxia cerebral (falta de ox\u00edgeno en el cerebro) producto del medicamento que le suministraron en la bebida.<\/p>\n<p>La v\u00edctima es hermana de la exfiscal Yajaira C\u00e1ceres Pacheco. Los dos hombres que la acompa\u00f1aban presentaron diferentes dificultades de salud y se recuperaron.<\/p>\n<p>Esta acci\u00f3n investigativa es respuesta de los lineamientos definidos por el Fiscal General de la Naci\u00f3n, Francisco Barbosa Delgado, en el Direccionamiento Estrat\u00e9gico 2020 \u2013 2024, en el que fueron priorizados el hurto, el homicidio y los dem\u00e1s delitos que m\u00e1s afectan la seguridad ciudadana.<\/p>\n<p>La Fiscal\u00eda hace p\u00fablica eta informaci\u00f3n por razones de inter\u00e9s general.<\/p>\n<p>LAGP\/JARG\/SV\/JMM\/<\/p>\n<p><i>La informaci\u00f3n contenida en este bolet\u00edn de prensa corresponde a la narraci\u00f3n de los hechos noticiosos objetivos, suministrados por los funcionarios encargados de adelantar las investigaciones penales al interior de la Fiscal\u00eda General de la Naci\u00f3n. Para el momento de la divulgaci\u00f3n de este comunicado, la situaci\u00f3n jur\u00eddica de la(s) persona(s) relacionada(s) se encuentra pendiente de resolver por la autoridad judicial competente, siempre bajo los preceptos de la presunci\u00f3n de inocencia, consagrados en el art\u00edculo 29 de la Constituci\u00f3n Pol\u00edtica y el art\u00edculo 7\u00ba de la Ley 906 de 2004.\u00a0\u00a0<\/i><\/p>\n\n<div class=\"twitter-share\"><a href=\"https:\/\/twitter.com\/intent\/tweet?via=fiscaliacol\" class=\"twitter-share-button\">Tweet<\/a><\/div>\n","protected":false},"excerpt":{"rendered":"<p>Tres presuntos integrantes de esta estructura fueron capturados por el CTI de la Fiscal\u00eda en Bogot\u00e1. En una r\u00e1pida acci\u00f3n investigativa, en 40 d\u00edas, la Fiscal\u00eda General de la Naci\u00f3n esclareci\u00f3 los hechos delictivos en los que una mujer muri\u00f3 y dos hombres resultaron heridos durante un caso de \u2018paseo millonario\u2019 en Bogot\u00e1. Los se\u00f1alados [&hellip;]<\/p>\n","protected":false},"author":171,"featured_media":0,"comment_status":"closed","ping_status":"open","sticky":false,"template":"","format":"video","meta":{"_price":"","_stock":"","_tribe_ticket_header":"","_tribe_default_ticket_provider":"","_tribe_ticket_capacity":"0","_ticket_start_date":"","_ticket_end_date":"","_tribe_ticket_show_description":"","_tribe_ticket_show_not_going":false,"_tribe_ticket_use_global_stock":"","_tribe_ticket_global_stock_level":"","_global_stock_mode":"","_global_stock_cap":"","_tribe_rsvp_for_event":"","_tribe_ticket_going_count":"","_tribe_ticket_not_going_count":"","_tribe_tickets_list":"[]","_tribe_ticket_has_attendee_info_fields":false,"tdm_status":"","tdm_grid_status":"","footnotes":""},"categories":[321,303,24099],"tags":[924,24185,4614,25106],"class_list":{"0":"post-210084","1":"post","2":"type-post","3":"status-publish","4":"format-video","6":"category-seccional-bogota","7":"category-seccionales","8":"category-seguridad-territorial","9":"tag-captura","10":"tag-fiscal-barbosa","11":"tag-fiscalia-2","12":"tag-paseo-millonarios","13":"post_format-post-format-video"},"yoast_head":"<!-- This site is optimized with the Yoast SEO plugin v24.3 - https:\/\/yoast.com\/wordpress\/plugins\/seo\/ -->\n<title>Fiscal\u00eda General de la Naci\u00f3n<\/title>\n<meta name=\"description\" content=\"P\u00e1gina oficial de la Fiscal\u00eda General de la Naci\u00f3n \u2013 Colombia. Garantizamos el acceso efectivo a la justicia, la verdad y la reparaci\u00f3n de las v\u00edctimas de los delitos.\" \/>\n<meta name=\"robots\" content=\"noindex, follow\" \/>\n<meta property=\"og:locale\" content=\"es_ES\" \/>\n<meta property=\"og:type\" content=\"article\" \/>\n<meta property=\"og:title\" content=\"Fiscal\u00eda General de la Naci\u00f3n\" \/>\n<meta property=\"og:description\" content=\"P\u00e1gina oficial de la Fiscal\u00eda General de la Naci\u00f3n \u2013 Colombia. Garantizamos el acceso efectivo a la justicia, la verdad y la reparaci\u00f3n de las v\u00edctimas de los delitos.\" \/>\n<meta property=\"og:url\" content=\"https:\/\/www.fiscalia.gov.co\/colombia\/seguridad-territorial\/desarticulada-banda-delincuencial-los-tomaseros-senalada-de-ocasionar-la-muerte-a-una-victima-de-paseo-millonario-con-el-suministro-de-un-farmaco\/\" \/>\n<meta property=\"og:site_name\" content=\"Fiscal\u00eda General de la Naci\u00f3n\" \/>\n<meta property=\"article:publisher\" content=\"https:\/\/www.facebook.com\/FiscaliaCol\" \/>\n<meta property=\"article:published_time\" content=\"2020-12-25T02:22:38+00:00\" \/>\n<meta property=\"article:modified_time\" content=\"2020-12-28T23:20:30+00:00\" \/>\n<meta name=\"author\" content=\"Ana Mar\u00eda Gomez\" \/>\n<meta name=\"twitter:card\" content=\"summary_large_image\" \/>\n<meta name=\"twitter:creator\" content=\"@FiscaliaCol\" \/>\n<meta name=\"twitter:site\" content=\"@FiscaliaCol\" \/>\n<meta name=\"twitter:label1\" content=\"Escrito por\" \/>\n\t<meta name=\"twitter:data1\" content=\"Ana Mar\u00eda Gomez\" \/>\n\t<meta name=\"twitter:label2\" content=\"Tiempo de lectura\" \/>\n\t<meta name=\"twitter:data2\" content=\"3 minutos\" \/>\n<script type=\"application\/ld+json\" class=\"yoast-schema-graph\">{\"@context\":\"https:\/\/schema.org\",\"@graph\":[{\"@type\":\"Article\",\"@id\":\"https:\/\/www.fiscalia.gov.co\/colombia\/seguridad-territorial\/desarticulada-banda-delincuencial-los-tomaseros-senalada-de-ocasionar-la-muerte-a-una-victima-de-paseo-millonario-con-el-suministro-de-un-farmaco\/#article\",\"isPartOf\":{\"@id\":\"https:\/\/www.fiscalia.gov.co\/colombia\/seguridad-territorial\/desarticulada-banda-delincuencial-los-tomaseros-senalada-de-ocasionar-la-muerte-a-una-victima-de-paseo-millonario-con-el-suministro-de-un-farmaco\/\"},\"author\":{\"name\":\"Ana Mar\u00eda Gomez\",\"@id\":\"https:\/\/www.fiscalia.gov.co\/colombia\/#\/schema\/person\/06aa2210fe4d79203f428ff671dee360\"},\"headline\":\"Desarticulada banda delincuencial Los Tomaseros, se\u00f1alada de ocasionar la muerte a una v\u00edctima de \u2018paseo millonario\u2019 con el suministro de un f\u00e1rmaco\",\"datePublished\":\"2020-12-25T02:22:38+00:00\",\"dateModified\":\"2020-12-28T23:20:30+00:00\",\"mainEntityOfPage\":{\"@id\":\"https:\/\/www.fiscalia.gov.co\/colombia\/seguridad-territorial\/desarticulada-banda-delincuencial-los-tomaseros-senalada-de-ocasionar-la-muerte-a-una-victima-de-paseo-millonario-con-el-suministro-de-un-farmaco\/\"},\"wordCount\":551,\"publisher\":{\"@id\":\"https:\/\/www.fiscalia.gov.co\/colombia\/#organization\"},\"keywords\":[\"Captura\",\"Fiscal Barbosa\",\"Fiscal\u00eda\",\"paseo millonarios\"],\"articleSection\":[\"Seccional Bogot\u00e1\",\"Seccionales\",\"Seguridad territorial\"],\"inLanguage\":\"es-CO\"},{\"@type\":\"WebPage\",\"@id\":\"https:\/\/www.fiscalia.gov.co\/colombia\/seguridad-territorial\/desarticulada-banda-delincuencial-los-tomaseros-senalada-de-ocasionar-la-muerte-a-una-victima-de-paseo-millonario-con-el-suministro-de-un-farmaco\/\",\"url\":\"https:\/\/www.fiscalia.gov.co\/colombia\/seguridad-territorial\/desarticulada-banda-delincuencial-los-tomaseros-senalada-de-ocasionar-la-muerte-a-una-victima-de-paseo-millonario-con-el-suministro-de-un-farmaco\/\",\"name\":\"Fiscal\u00eda General de la Naci\u00f3n\",\"isPartOf\":{\"@id\":\"https:\/\/www.fiscalia.gov.co\/colombia\/#website\"},\"datePublished\":\"2020-12-25T02:22:38+00:00\",\"dateModified\":\"2020-12-28T23:20:30+00:00\",\"description\":\"P\u00e1gina oficial de la Fiscal\u00eda General de la Naci\u00f3n \u2013 Colombia. Garantizamos el acceso efectivo a la justicia, la verdad y la reparaci\u00f3n de las v\u00edctimas de los delitos.\",\"breadcrumb\":{\"@id\":\"https:\/\/www.fiscalia.gov.co\/colombia\/seguridad-territorial\/desarticulada-banda-delincuencial-los-tomaseros-senalada-de-ocasionar-la-muerte-a-una-victima-de-paseo-millonario-con-el-suministro-de-un-farmaco\/#breadcrumb\"},\"inLanguage\":\"es-CO\",\"potentialAction\":[{\"@type\":\"ReadAction\",\"target\":[\"https:\/\/www.fiscalia.gov.co\/colombia\/seguridad-territorial\/desarticulada-banda-delincuencial-los-tomaseros-senalada-de-ocasionar-la-muerte-a-una-victima-de-paseo-millonario-con-el-suministro-de-un-farmaco\/\"]}]},{\"@type\":\"BreadcrumbList\",\"@id\":\"https:\/\/www.fiscalia.gov.co\/colombia\/seguridad-territorial\/desarticulada-banda-delincuencial-los-tomaseros-senalada-de-ocasionar-la-muerte-a-una-victima-de-paseo-millonario-con-el-suministro-de-un-farmaco\/#breadcrumb\",\"itemListElement\":[{\"@type\":\"ListItem\",\"position\":1,\"name\":\"Home\",\"item\":\"https:\/\/www.fiscalia.gov.co\/colombia\/\"},{\"@type\":\"ListItem\",\"position\":2,\"name\":\"Desarticulada banda delincuencial Los Tomaseros, se\u00f1alada de ocasionar la muerte a una v\u00edctima de \u2018paseo millonario\u2019 con el suministro de un f\u00e1rmaco\"}]},{\"@type\":\"WebSite\",\"@id\":\"https:\/\/www.fiscalia.gov.co\/colombia\/#website\",\"url\":\"https:\/\/www.fiscalia.gov.co\/colombia\/\",\"name\":\"Fiscal\u00eda General de la Naci\u00f3n\",\"description\":\"P\u00e1gina oficial de la Fiscal\u00eda General de la Naci\u00f3n \u2013 Colombia. Garantizamos el acceso efectivo a la justicia, la verdad y la reparaci\u00f3n de las v\u00edctimas de los delitos.\",\"publisher\":{\"@id\":\"https:\/\/www.fiscalia.gov.co\/colombia\/#organization\"},\"potentialAction\":[{\"@type\":\"SearchAction\",\"target\":{\"@type\":\"EntryPoint\",\"urlTemplate\":\"https:\/\/www.fiscalia.gov.co\/colombia\/?s={search_term_string}\"},\"query-input\":{\"@type\":\"PropertyValueSpecification\",\"valueRequired\":true,\"valueName\":\"search_term_string\"}}],\"inLanguage\":\"es-CO\"},{\"@type\":\"Organization\",\"@id\":\"https:\/\/www.fiscalia.gov.co\/colombia\/#organization\",\"name\":\"Fiscal\u00eda General de la Naci\u00f3n\",\"url\":\"https:\/\/www.fiscalia.gov.co\/colombia\/\",\"logo\":{\"@type\":\"ImageObject\",\"inLanguage\":\"es-CO\",\"@id\":\"https:\/\/www.fiscalia.gov.co\/colombia\/#\/schema\/logo\/image\/\",\"url\":\"https:\/\/www.fiscalia.gov.co\/colombia\/wp-content\/uploads\/LogoHorizontal_1.jpg\",\"contentUrl\":\"https:\/\/www.fiscalia.gov.co\/colombia\/wp-content\/uploads\/LogoHorizontal_1.jpg\",\"width\":300,\"height\":90,\"caption\":\"Fiscal\u00eda General de la Naci\u00f3n\"},\"image\":{\"@id\":\"https:\/\/www.fiscalia.gov.co\/colombia\/#\/schema\/logo\/image\/\"},\"sameAs\":[\"https:\/\/www.facebook.com\/FiscaliaCol\",\"https:\/\/x.com\/FiscaliaCol\",\"https:\/\/www.instagram.com\/fiscaliacol\",\"https:\/\/www.linkedin.com\/company\/fiscalia-general-de-la-naci-n\/\",\"https:\/\/youtube.com\/@fiscaliageneraldelanacion-4668?si=6nN79nyQICPU5iTh\"]},{\"@type\":\"Person\",\"@id\":\"https:\/\/www.fiscalia.gov.co\/colombia\/#\/schema\/person\/06aa2210fe4d79203f428ff671dee360\",\"name\":\"Ana Mar\u00eda Gomez\",\"image\":{\"@type\":\"ImageObject\",\"inLanguage\":\"es-CO\",\"@id\":\"https:\/\/www.fiscalia.gov.co\/colombia\/#\/schema\/person\/image\/\",\"url\":\"https:\/\/secure.gravatar.com\/avatar\/a38115d98a7f8a96cbb96af2b2c37a0b?s=96&d=mm&r=g\",\"contentUrl\":\"https:\/\/secure.gravatar.com\/avatar\/a38115d98a7f8a96cbb96af2b2c37a0b?s=96&d=mm&r=g\",\"caption\":\"Ana Mar\u00eda Gomez\"},\"url\":\"https:\/\/www.fiscalia.gov.co\/colombia\/author\/agomez\/\"}]}<\/script>\n<!-- \/ Yoast SEO plugin. -->","yoast_head_json":{"title":"Fiscal\u00eda General de la Naci\u00f3n","description":"P\u00e1gina oficial de la Fiscal\u00eda General de la Naci\u00f3n \u2013 Colombia. Garantizamos el acceso efectivo a la justicia, la verdad y la reparaci\u00f3n de las v\u00edctimas de los delitos.","robots":{"index":"noindex","follow":"follow"},"og_locale":"es_ES","og_type":"article","og_title":"Fiscal\u00eda General de la Naci\u00f3n","og_description":"P\u00e1gina oficial de la Fiscal\u00eda General de la Naci\u00f3n \u2013 Colombia. Garantizamos el acceso efectivo a la justicia, la verdad y la reparaci\u00f3n de las v\u00edctimas de los delitos.","og_url":"https:\/\/www.fiscalia.gov.co\/colombia\/seguridad-territorial\/desarticulada-banda-delincuencial-los-tomaseros-senalada-de-ocasionar-la-muerte-a-una-victima-de-paseo-millonario-con-el-suministro-de-un-farmaco\/","og_site_name":"Fiscal\u00eda General de la Naci\u00f3n","article_publisher":"https:\/\/www.facebook.com\/FiscaliaCol","article_published_time":"2020-12-25T02:22:38+00:00","article_modified_time":"2020-12-28T23:20:30+00:00","author":"Ana Mar\u00eda Gomez","twitter_card":"summary_large_image","twitter_creator":"@FiscaliaCol","twitter_site":"@FiscaliaCol","twitter_misc":{"Escrito por":"Ana Mar\u00eda Gomez","Tiempo de lectura":"3 minutos"},"schema":{"@context":"https:\/\/schema.org","@graph":[{"@type":"Article","@id":"https:\/\/www.fiscalia.gov.co\/colombia\/seguridad-territorial\/desarticulada-banda-delincuencial-los-tomaseros-senalada-de-ocasionar-la-muerte-a-una-victima-de-paseo-millonario-con-el-suministro-de-un-farmaco\/#article","isPartOf":{"@id":"https:\/\/www.fiscalia.gov.co\/colombia\/seguridad-territorial\/desarticulada-banda-delincuencial-los-tomaseros-senalada-de-ocasionar-la-muerte-a-una-victima-de-paseo-millonario-con-el-suministro-de-un-farmaco\/"},"author":{"name":"Ana Mar\u00eda Gomez","@id":"https:\/\/www.fiscalia.gov.co\/colombia\/#\/schema\/person\/06aa2210fe4d79203f428ff671dee360"},"headline":"Desarticulada banda delincuencial Los Tomaseros, se\u00f1alada de ocasionar la muerte a una v\u00edctima de \u2018paseo millonario\u2019 con el suministro de un f\u00e1rmaco","datePublished":"2020-12-25T02:22:38+00:00","dateModified":"2020-12-28T23:20:30+00:00","mainEntityOfPage":{"@id":"https:\/\/www.fiscalia.gov.co\/colombia\/seguridad-territorial\/desarticulada-banda-delincuencial-los-tomaseros-senalada-de-ocasionar-la-muerte-a-una-victima-de-paseo-millonario-con-el-suministro-de-un-farmaco\/"},"wordCount":551,"publisher":{"@id":"https:\/\/www.fiscalia.gov.co\/colombia\/#organization"},"keywords":["Captura","Fiscal Barbosa","Fiscal\u00eda","paseo millonarios"],"articleSection":["Seccional Bogot\u00e1","Seccionales","Seguridad territorial"],"inLanguage":"es-CO"},{"@type":"WebPage","@id":"https:\/\/www.fiscalia.gov.co\/colombia\/seguridad-territorial\/desarticulada-banda-delincuencial-los-tomaseros-senalada-de-ocasionar-la-muerte-a-una-victima-de-paseo-millonario-con-el-suministro-de-un-farmaco\/","url":"https:\/\/www.fiscalia.gov.co\/colombia\/seguridad-territorial\/desarticulada-banda-delincuencial-los-tomaseros-senalada-de-ocasionar-la-muerte-a-una-victima-de-paseo-millonario-con-el-suministro-de-un-farmaco\/","name":"Fiscal\u00eda General de la Naci\u00f3n","isPartOf":{"@id":"https:\/\/www.fiscalia.gov.co\/colombia\/#website"},"datePublished":"2020-12-25T02:22:38+00:00","dateModified":"2020-12-28T23:20:30+00:00","description":"P\u00e1gina oficial de la Fiscal\u00eda General de la Naci\u00f3n \u2013 Colombia. Garantizamos el acceso efectivo a la justicia, la verdad y la reparaci\u00f3n de las v\u00edctimas de los delitos.","breadcrumb":{"@id":"https:\/\/www.fiscalia.gov.co\/colombia\/seguridad-territorial\/desarticulada-banda-delincuencial-los-tomaseros-senalada-de-ocasionar-la-muerte-a-una-victima-de-paseo-millonario-con-el-suministro-de-un-farmaco\/#breadcrumb"},"inLanguage":"es-CO","potentialAction":[{"@type":"ReadAction","target":["https:\/\/www.fiscalia.gov.co\/colombia\/seguridad-territorial\/desarticulada-banda-delincuencial-los-tomaseros-senalada-de-ocasionar-la-muerte-a-una-victima-de-paseo-millonario-con-el-suministro-de-un-farmaco\/"]}]},{"@type":"BreadcrumbList","@id":"https:\/\/www.fiscalia.gov.co\/colombia\/seguridad-territorial\/desarticulada-banda-delincuencial-los-tomaseros-senalada-de-ocasionar-la-muerte-a-una-victima-de-paseo-millonario-con-el-suministro-de-un-farmaco\/#breadcrumb","itemListElement":[{"@type":"ListItem","position":1,"name":"Home","item":"https:\/\/www.fiscalia.gov.co\/colombia\/"},{"@type":"ListItem","position":2,"name":"Desarticulada banda delincuencial Los Tomaseros, se\u00f1alada de ocasionar la muerte a una v\u00edctima de \u2018paseo millonario\u2019 con el suministro de un f\u00e1rmaco"}]},{"@type":"WebSite","@id":"https:\/\/www.fiscalia.gov.co\/colombia\/#website","url":"https:\/\/www.fiscalia.gov.co\/colombia\/","name":"Fiscal\u00eda General de la Naci\u00f3n","description":"P\u00e1gina oficial de la Fiscal\u00eda General de la Naci\u00f3n \u2013 Colombia. Garantizamos el acceso efectivo a la justicia, la verdad y la reparaci\u00f3n de las v\u00edctimas de los delitos.","publisher":{"@id":"https:\/\/www.fiscalia.gov.co\/colombia\/#organization"},"potentialAction":[{"@type":"SearchAction","target":{"@type":"EntryPoint","urlTemplate":"https:\/\/www.fiscalia.gov.co\/colombia\/?s={search_term_string}"},"query-input":{"@type":"PropertyValueSpecification","valueRequired":true,"valueName":"search_term_string"}}],"inLanguage":"es-CO"},{"@type":"Organization","@id":"https:\/\/www.fiscalia.gov.co\/colombia\/#organization","name":"Fiscal\u00eda General de la Naci\u00f3n","url":"https:\/\/www.fiscalia.gov.co\/colombia\/","logo":{"@type":"ImageObject","inLanguage":"es-CO","@id":"https:\/\/www.fiscalia.gov.co\/colombia\/#\/schema\/logo\/image\/","url":"https:\/\/www.fiscalia.gov.co\/colombia\/wp-content\/uploads\/LogoHorizontal_1.jpg","contentUrl":"https:\/\/www.fiscalia.gov.co\/colombia\/wp-content\/uploads\/LogoHorizontal_1.jpg","width":300,"height":90,"caption":"Fiscal\u00eda General de la Naci\u00f3n"},"image":{"@id":"https:\/\/www.fiscalia.gov.co\/colombia\/#\/schema\/logo\/image\/"},"sameAs":["https:\/\/www.facebook.com\/FiscaliaCol","https:\/\/x.com\/FiscaliaCol","https:\/\/www.instagram.com\/fiscaliacol","https:\/\/www.linkedin.com\/company\/fiscalia-general-de-la-naci-n\/","https:\/\/youtube.com\/@fiscaliageneraldelanacion-4668?si=6nN79nyQICPU5iTh"]},{"@type":"Person","@id":"https:\/\/www.fiscalia.gov.co\/colombia\/#\/schema\/person\/06aa2210fe4d79203f428ff671dee360","name":"Ana Mar\u00eda Gomez","image":{"@type":"ImageObject","inLanguage":"es-CO","@id":"https:\/\/www.fiscalia.gov.co\/colombia\/#\/schema\/person\/image\/","url":"https:\/\/secure.gravatar.com\/avatar\/a38115d98a7f8a96cbb96af2b2c37a0b?s=96&d=mm&r=g","contentUrl":"https:\/\/secure.gravatar.com\/avatar\/a38115d98a7f8a96cbb96af2b2c37a0b?s=96&d=mm&r=g","caption":"Ana Mar\u00eda Gomez"},"url":"https:\/\/www.fiscalia.gov.co\/colombia\/author\/agomez\/"}]}},"_links":{"self":[{"href":"https:\/\/www.fiscalia.gov.co\/colombia\/wp-json\/wp\/v2\/posts\/210084","targetHints":{"allow":["GET"]}}],"collection":[{"href":"https:\/\/www.fiscalia.gov.co\/colombia\/wp-json\/wp\/v2\/posts"}],"about":[{"href":"https:\/\/www.fiscalia.gov.co\/colombia\/wp-json\/wp\/v2\/types\/post"}],"author":[{"embeddable":true,"href":"https:\/\/www.fiscalia.gov.co\/colombia\/wp-json\/wp\/v2\/users\/171"}],"replies":[{"embeddable":true,"href":"https:\/\/www.fiscalia.gov.co\/colombia\/wp-json\/wp\/v2\/comments?post=210084"}],"version-history":[{"count":1,"href":"https:\/\/www.fiscalia.gov.co\/colombia\/wp-json\/wp\/v2\/posts\/210084\/revisions"}],"predecessor-version":[{"id":210085,"href":"https:\/\/www.fiscalia.gov.co\/colombia\/wp-json\/wp\/v2\/posts\/210084\/revisions\/210085"}],"wp:attachment":[{"href":"https:\/\/www.fiscalia.gov.co\/colombia\/wp-json\/wp\/v2\/media?parent=210084"}],"wp:term":[{"taxonomy":"category","embeddable":true,"href":"https:\/\/www.fiscalia.gov.co\/colombia\/wp-json\/wp\/v2\/categories?post=210084"},{"taxonomy":"post_tag","embeddable":true,"href":"https:\/\/www.fiscalia.gov.co\/colombia\/wp-json\/wp\/v2\/tags?post=210084"}],"curies":[{"name":"wp","href":"https:\/\/api.w.org\/{rel}","templated":true}]}}