{"id":209858,"date":"2020-12-20T07:24:51","date_gmt":"2020-12-20T12:24:51","guid":{"rendered":"https:\/\/www.fiscalia.gov.co\/colombia\/?p=209858"},"modified":"2020-12-22T10:28:24","modified_gmt":"2020-12-22T15:28:24","slug":"ocupados-con-fines-de-extincion-de-dominio-bienes-que-habrian-sido-usados-para-almacenar-y-comercializar-bicicletas-hurtadas","status":"publish","type":"post","link":"https:\/\/www.fiscalia.gov.co\/colombia\/extincion-de-dominio\/ocupados-con-fines-de-extincion-de-dominio-bienes-que-habrian-sido-usados-para-almacenar-y-comercializar-bicicletas-hurtadas\/","title":{"rendered":"Ocupados con fines de extinci\u00f3n de dominio bienes que habr\u00edan sido usados para almacenar y comercializar bicicletas hurtadas"},"content":{"rendered":"<h4><strong><em>Los bienes afectados est\u00e1n avaluados en m\u00e1s de 2.600 millones de pesos. <\/em><\/strong><\/h4>\n<p>La Fiscal\u00eda General de la Naci\u00f3n, en trabajo articulado con la Polic\u00eda Metropolitana de Bogot\u00e1, identific\u00f3 bienes que habr\u00edan estado al servicio de dos organizaciones delincuenciales involucradas en 405 denuncias por hurtos de bicicletas en la ciudad y municipios de Cundinamarca.<\/p>\n<p>Los elementos de prueba dan cuenta de que las propiedades, al parecer, fueron usadas para actividades il\u00edcitas de almacenamiento, manipulaci\u00f3n y comercializaci\u00f3n de los veh\u00edculos robados. En estos puntos, supuestamente, les alteraban los sistemas de identificaci\u00f3n y les cambiaban la apariencia con pintura y stikers nuevos para ponerlos a la venta.<\/p>\n<p>En ese sentido, la <strong>Direcci\u00f3n Especializada de Extinci\u00f3n del Derecho de Dominio de la Fiscal\u00eda General de la Naci\u00f3n <\/strong>impuso medidas cautelares de embargo,\u00a0secuestro\u00a0y suspensi\u00f3n del\u00a0poder dispositivo a 11 inmuebles ubicados en las localidades de Kennedy, Bosa y Fontib\u00f3n. Los bienes afectados est\u00e1n avaluados en 2.630\u2019000.000.<\/p>\n<p><img loading=\"lazy\" decoding=\"async\" class=\"wp-image-209859 aligncenter\" src=\"https:\/\/www.fiscalia.gov.co\/colombia\/wp-content\/uploads\/Banda-robo-bicicletas-300x225.jpeg\" alt=\"\" width=\"655\" height=\"493\" srcset=\"https:\/\/www.fiscalia.gov.co\/colombia\/wp-content\/uploads\/Banda-robo-bicicletas-300x225.jpeg 300w, https:\/\/www.fiscalia.gov.co\/colombia\/wp-content\/uploads\/Banda-robo-bicicletas-560x420.jpeg 560w, https:\/\/www.fiscalia.gov.co\/colombia\/wp-content\/uploads\/Banda-robo-bicicletas-80x60.jpeg 80w, https:\/\/www.fiscalia.gov.co\/colombia\/wp-content\/uploads\/Banda-robo-bicicletas-265x198.jpeg 265w\" sizes=\"auto, (max-width: 655px) 100vw, 655px\" \/><\/p>\n<p>Esta acci\u00f3n responde a los lineamientos definidos por el Fiscal General de la Naci\u00f3n, Francisco Barbosa Delgado, en el Direccionamiento Estrat\u00e9gico 2020 \u2013 2024, que prioriz\u00f3 la persecuci\u00f3n de los activos de las estructuras responsables de delitos contra la seguridad ciudadana. Golpea directamente el patrimonio de <strong>\u2018Los de la Oficina\u2019 y \u2018Los de la Corte\u2019<\/strong>, dos redes vinculadas a robos de bicicletas en las localidades de Usaqu\u00e9n, Chapinero, Santa fe, Kennedy, Fontib\u00f3n, Suba, Barrios Unidos, Teusaquillo y Puente Aranda, en Bogot\u00e1; y en Ch\u00eda, Cota, Mosquera, Madrid, Zipaquir\u00e1, Funza y Facatativ\u00e1 (Cundinamarca).<\/p>\n<p><strong><u>En lo penal<\/u><\/strong><strong>\u00a0<\/strong><\/p>\n<ul>\n<li>El 16 de febrero de 2020 fueron capturados cinco presuntos integrantes de la banda conocida como \u2018Los de la Oficina\u2019. Fueron imputados y judicializados como presuntos responsables de los delitos de hurto calificado y agravado.<\/li>\n<li>El 26 de octubre de 2020 fueron capturados cuatro presuntos integrantes de \u2018Los de la Corte\u2019, en diligencias judiciales realizadas en las localidades de Kennedy, Chapinero, Suba y Fontib\u00f3n. Estas personas tambi\u00e9n fueron imputadas y aseguradas.<\/li>\n<\/ul>\n<p>MAGA\/JARG\/PSY\/LAB<\/p>\n<p><em>La informaci\u00f3n contenida en este bolet\u00edn de prensa corresponde a la narraci\u00f3n de los hechos noticiosos objetivos, suministrados por los funcionarios encargados de adelantar las investigaciones penales al interior de la Fiscal\u00eda General de la Naci\u00f3n. Para el momento de la divulgaci\u00f3n de este comunicado, la situaci\u00f3n jur\u00eddica de la(s) persona(s) relacionada(s) se encuentra pendiente de resolver por la autoridad judicial competente, siempre bajo los preceptos de la presunci\u00f3n de inocencia, consagrados en el art\u00edculo 29 de la Constituci\u00f3n Pol\u00edtica y el art\u00edculo 7\u00ba de la Ley 906 de 2004.<\/em><\/p>\n\n<div class=\"twitter-share\"><a href=\"https:\/\/twitter.com\/intent\/tweet?via=fiscaliacol\" class=\"twitter-share-button\">Tweet<\/a><\/div>\n","protected":false},"excerpt":{"rendered":"<p>Los bienes afectados est\u00e1n avaluados en m\u00e1s de 2.600 millones de pesos. La Fiscal\u00eda General de la Naci\u00f3n, en trabajo articulado con la Polic\u00eda Metropolitana de Bogot\u00e1, identific\u00f3 bienes que [&hellip;]<\/p>\n","protected":false},"author":172,"featured_media":0,"comment_status":"closed","ping_status":"open","sticky":false,"template":"","format":"video","meta":{"tdm_status":"","tdm_grid_status":"","footnotes":""},"categories":[24116],"tags":[24185,24187,551,25078],"class_list":["post-209858","post","type-post","status-publish","format-video","category-extincion-de-dominio","tag-fiscal-barbosa","tag-fiscalia-colombia","tag-fiscalia-general","tag-francisco-barbosa-fiscal-francisco-barbosa","post_format-post-format-video"],"yoast_head":"<!-- This site is optimized with the Yoast SEO plugin v24.3 - https:\/\/yoast.com\/wordpress\/plugins\/seo\/ -->\n<title>Fiscal\u00eda General de la Naci\u00f3n<\/title>\n<meta name=\"description\" content=\"P\u00e1gina oficial de la Fiscal\u00eda General de la Naci\u00f3n \u2013 Colombia. Garantizamos el acceso efectivo a la justicia, la verdad y la reparaci\u00f3n de las v\u00edctimas de los delitos.\" \/>\n<meta name=\"robots\" content=\"noindex, follow\" \/>\n<meta property=\"og:locale\" content=\"es_ES\" \/>\n<meta property=\"og:type\" content=\"article\" \/>\n<meta property=\"og:title\" content=\"Fiscal\u00eda General de la Naci\u00f3n\" \/>\n<meta property=\"og:description\" content=\"P\u00e1gina oficial de la Fiscal\u00eda General de la Naci\u00f3n \u2013 Colombia. Garantizamos el acceso efectivo a la justicia, la verdad y la reparaci\u00f3n de las v\u00edctimas de los delitos.\" \/>\n<meta property=\"og:url\" content=\"https:\/\/www.fiscalia.gov.co\/colombia\/extincion-de-dominio\/ocupados-con-fines-de-extincion-de-dominio-bienes-que-habrian-sido-usados-para-almacenar-y-comercializar-bicicletas-hurtadas\/\" \/>\n<meta property=\"og:site_name\" content=\"Fiscal\u00eda General de la Naci\u00f3n\" \/>\n<meta property=\"article:publisher\" content=\"https:\/\/www.facebook.com\/FiscaliaCol\" \/>\n<meta property=\"article:published_time\" content=\"2020-12-20T12:24:51+00:00\" \/>\n<meta property=\"article:modified_time\" content=\"2020-12-22T15:28:24+00:00\" \/>\n<meta property=\"og:image\" content=\"https:\/\/www.fiscalia.gov.co\/colombia\/wp-content\/uploads\/Banda-robo-bicicletas-300x225.jpeg\" \/>\n<meta name=\"author\" content=\"Lorena Arboleda\" \/>\n<meta name=\"twitter:card\" content=\"summary_large_image\" \/>\n<meta name=\"twitter:creator\" content=\"@FiscaliaCol\" \/>\n<meta name=\"twitter:site\" content=\"@FiscaliaCol\" \/>\n<meta name=\"twitter:label1\" content=\"Escrito por\" \/>\n\t<meta name=\"twitter:data1\" content=\"Lorena Arboleda\" \/>\n\t<meta name=\"twitter:label2\" content=\"Tiempo de lectura\" \/>\n\t<meta name=\"twitter:data2\" content=\"2 minutos\" \/>\n<script type=\"application\/ld+json\" class=\"yoast-schema-graph\">{\"@context\":\"https:\/\/schema.org\",\"@graph\":[{\"@type\":\"Article\",\"@id\":\"https:\/\/www.fiscalia.gov.co\/colombia\/extincion-de-dominio\/ocupados-con-fines-de-extincion-de-dominio-bienes-que-habrian-sido-usados-para-almacenar-y-comercializar-bicicletas-hurtadas\/#article\",\"isPartOf\":{\"@id\":\"https:\/\/www.fiscalia.gov.co\/colombia\/extincion-de-dominio\/ocupados-con-fines-de-extincion-de-dominio-bienes-que-habrian-sido-usados-para-almacenar-y-comercializar-bicicletas-hurtadas\/\"},\"author\":{\"name\":\"Lorena Arboleda\",\"@id\":\"https:\/\/www.fiscalia.gov.co\/colombia\/#\/schema\/person\/d82704bb04d6cdd62aab4a911d276dff\"},\"headline\":\"Ocupados con fines de extinci\u00f3n de dominio bienes que habr\u00edan sido usados para almacenar y comercializar bicicletas hurtadas\",\"datePublished\":\"2020-12-20T12:24:51+00:00\",\"dateModified\":\"2020-12-22T15:28:24+00:00\",\"mainEntityOfPage\":{\"@id\":\"https:\/\/www.fiscalia.gov.co\/colombia\/extincion-de-dominio\/ocupados-con-fines-de-extincion-de-dominio-bienes-que-habrian-sido-usados-para-almacenar-y-comercializar-bicicletas-hurtadas\/\"},\"wordCount\":461,\"publisher\":{\"@id\":\"https:\/\/www.fiscalia.gov.co\/colombia\/#organization\"},\"image\":{\"@id\":\"https:\/\/www.fiscalia.gov.co\/colombia\/extincion-de-dominio\/ocupados-con-fines-de-extincion-de-dominio-bienes-que-habrian-sido-usados-para-almacenar-y-comercializar-bicicletas-hurtadas\/#primaryimage\"},\"thumbnailUrl\":\"https:\/\/www.fiscalia.gov.co\/colombia\/wp-content\/uploads\/Banda-robo-bicicletas-300x225.jpeg\",\"keywords\":[\"Fiscal Barbosa\",\"Fiscal\u00eda Colombia\",\"Fiscal\u00eda General\",\"Francisco Barbosa Fiscal Francisco Barbosa\"],\"articleSection\":[\"Extinci\u00f3n de dominio\"],\"inLanguage\":\"es-CO\"},{\"@type\":\"WebPage\",\"@id\":\"https:\/\/www.fiscalia.gov.co\/colombia\/extincion-de-dominio\/ocupados-con-fines-de-extincion-de-dominio-bienes-que-habrian-sido-usados-para-almacenar-y-comercializar-bicicletas-hurtadas\/\",\"url\":\"https:\/\/www.fiscalia.gov.co\/colombia\/extincion-de-dominio\/ocupados-con-fines-de-extincion-de-dominio-bienes-que-habrian-sido-usados-para-almacenar-y-comercializar-bicicletas-hurtadas\/\",\"name\":\"Fiscal\u00eda General de la Naci\u00f3n\",\"isPartOf\":{\"@id\":\"https:\/\/www.fiscalia.gov.co\/colombia\/#website\"},\"primaryImageOfPage\":{\"@id\":\"https:\/\/www.fiscalia.gov.co\/colombia\/extincion-de-dominio\/ocupados-con-fines-de-extincion-de-dominio-bienes-que-habrian-sido-usados-para-almacenar-y-comercializar-bicicletas-hurtadas\/#primaryimage\"},\"image\":{\"@id\":\"https:\/\/www.fiscalia.gov.co\/colombia\/extincion-de-dominio\/ocupados-con-fines-de-extincion-de-dominio-bienes-que-habrian-sido-usados-para-almacenar-y-comercializar-bicicletas-hurtadas\/#primaryimage\"},\"thumbnailUrl\":\"https:\/\/www.fiscalia.gov.co\/colombia\/wp-content\/uploads\/Banda-robo-bicicletas-300x225.jpeg\",\"datePublished\":\"2020-12-20T12:24:51+00:00\",\"dateModified\":\"2020-12-22T15:28:24+00:00\",\"description\":\"P\u00e1gina oficial de la Fiscal\u00eda General de la Naci\u00f3n \u2013 Colombia. Garantizamos el acceso efectivo a la justicia, la verdad y la reparaci\u00f3n de las v\u00edctimas de los delitos.\",\"breadcrumb\":{\"@id\":\"https:\/\/www.fiscalia.gov.co\/colombia\/extincion-de-dominio\/ocupados-con-fines-de-extincion-de-dominio-bienes-que-habrian-sido-usados-para-almacenar-y-comercializar-bicicletas-hurtadas\/#breadcrumb\"},\"inLanguage\":\"es-CO\",\"potentialAction\":[{\"@type\":\"ReadAction\",\"target\":[\"https:\/\/www.fiscalia.gov.co\/colombia\/extincion-de-dominio\/ocupados-con-fines-de-extincion-de-dominio-bienes-que-habrian-sido-usados-para-almacenar-y-comercializar-bicicletas-hurtadas\/\"]}]},{\"@type\":\"ImageObject\",\"inLanguage\":\"es-CO\",\"@id\":\"https:\/\/www.fiscalia.gov.co\/colombia\/extincion-de-dominio\/ocupados-con-fines-de-extincion-de-dominio-bienes-que-habrian-sido-usados-para-almacenar-y-comercializar-bicicletas-hurtadas\/#primaryimage\",\"url\":\"https:\/\/www.fiscalia.gov.co\/colombia\/wp-content\/uploads\/Banda-robo-bicicletas-300x225.jpeg\",\"contentUrl\":\"https:\/\/www.fiscalia.gov.co\/colombia\/wp-content\/uploads\/Banda-robo-bicicletas-300x225.jpeg\"},{\"@type\":\"BreadcrumbList\",\"@id\":\"https:\/\/www.fiscalia.gov.co\/colombia\/extincion-de-dominio\/ocupados-con-fines-de-extincion-de-dominio-bienes-que-habrian-sido-usados-para-almacenar-y-comercializar-bicicletas-hurtadas\/#breadcrumb\",\"itemListElement\":[{\"@type\":\"ListItem\",\"position\":1,\"name\":\"Home\",\"item\":\"https:\/\/www.fiscalia.gov.co\/colombia\/\"},{\"@type\":\"ListItem\",\"position\":2,\"name\":\"Ocupados con fines de extinci\u00f3n de dominio bienes que habr\u00edan sido usados para almacenar y comercializar bicicletas hurtadas\"}]},{\"@type\":\"WebSite\",\"@id\":\"https:\/\/www.fiscalia.gov.co\/colombia\/#website\",\"url\":\"https:\/\/www.fiscalia.gov.co\/colombia\/\",\"name\":\"Fiscal\u00eda General de la Naci\u00f3n\",\"description\":\"P\u00e1gina oficial de la Fiscal\u00eda General de la Naci\u00f3n \u2013 Colombia. Garantizamos el acceso efectivo a la justicia, la verdad y la reparaci\u00f3n de las v\u00edctimas de los delitos.\",\"publisher\":{\"@id\":\"https:\/\/www.fiscalia.gov.co\/colombia\/#organization\"},\"potentialAction\":[{\"@type\":\"SearchAction\",\"target\":{\"@type\":\"EntryPoint\",\"urlTemplate\":\"https:\/\/www.fiscalia.gov.co\/colombia\/?s={search_term_string}\"},\"query-input\":{\"@type\":\"PropertyValueSpecification\",\"valueRequired\":true,\"valueName\":\"search_term_string\"}}],\"inLanguage\":\"es-CO\"},{\"@type\":\"Organization\",\"@id\":\"https:\/\/www.fiscalia.gov.co\/colombia\/#organization\",\"name\":\"Fiscal\u00eda General de la Naci\u00f3n\",\"url\":\"https:\/\/www.fiscalia.gov.co\/colombia\/\",\"logo\":{\"@type\":\"ImageObject\",\"inLanguage\":\"es-CO\",\"@id\":\"https:\/\/www.fiscalia.gov.co\/colombia\/#\/schema\/logo\/image\/\",\"url\":\"https:\/\/www.fiscalia.gov.co\/colombia\/wp-content\/uploads\/LogoHorizontal_1.jpg\",\"contentUrl\":\"https:\/\/www.fiscalia.gov.co\/colombia\/wp-content\/uploads\/LogoHorizontal_1.jpg\",\"width\":300,\"height\":90,\"caption\":\"Fiscal\u00eda General de la Naci\u00f3n\"},\"image\":{\"@id\":\"https:\/\/www.fiscalia.gov.co\/colombia\/#\/schema\/logo\/image\/\"},\"sameAs\":[\"https:\/\/www.facebook.com\/FiscaliaCol\",\"https:\/\/x.com\/FiscaliaCol\",\"https:\/\/www.instagram.com\/fiscaliacol\",\"https:\/\/www.linkedin.com\/company\/fiscalia-general-de-la-naci-n\/\",\"https:\/\/youtube.com\/@fiscaliageneraldelanacion-4668?si=6nN79nyQICPU5iTh\"]},{\"@type\":\"Person\",\"@id\":\"https:\/\/www.fiscalia.gov.co\/colombia\/#\/schema\/person\/d82704bb04d6cdd62aab4a911d276dff\",\"name\":\"Lorena Arboleda\",\"image\":{\"@type\":\"ImageObject\",\"inLanguage\":\"es-CO\",\"@id\":\"https:\/\/www.fiscalia.gov.co\/colombia\/#\/schema\/person\/image\/\",\"url\":\"https:\/\/secure.gravatar.com\/avatar\/233e2b5584d190acd6783460477dd5f3?s=96&d=mm&r=g\",\"contentUrl\":\"https:\/\/secure.gravatar.com\/avatar\/233e2b5584d190acd6783460477dd5f3?s=96&d=mm&r=g\",\"caption\":\"Lorena Arboleda\"},\"url\":\"https:\/\/www.fiscalia.gov.co\/colombia\/author\/larboleda\/\"}]}<\/script>\n<!-- \/ Yoast SEO plugin. -->","yoast_head_json":{"title":"Fiscal\u00eda General de la Naci\u00f3n","description":"P\u00e1gina oficial de la Fiscal\u00eda General de la Naci\u00f3n \u2013 Colombia. Garantizamos el acceso efectivo a la justicia, la verdad y la reparaci\u00f3n de las v\u00edctimas de los delitos.","robots":{"index":"noindex","follow":"follow"},"og_locale":"es_ES","og_type":"article","og_title":"Fiscal\u00eda General de la Naci\u00f3n","og_description":"P\u00e1gina oficial de la Fiscal\u00eda General de la Naci\u00f3n \u2013 Colombia. Garantizamos el acceso efectivo a la justicia, la verdad y la reparaci\u00f3n de las v\u00edctimas de los delitos.","og_url":"https:\/\/www.fiscalia.gov.co\/colombia\/extincion-de-dominio\/ocupados-con-fines-de-extincion-de-dominio-bienes-que-habrian-sido-usados-para-almacenar-y-comercializar-bicicletas-hurtadas\/","og_site_name":"Fiscal\u00eda General de la Naci\u00f3n","article_publisher":"https:\/\/www.facebook.com\/FiscaliaCol","article_published_time":"2020-12-20T12:24:51+00:00","article_modified_time":"2020-12-22T15:28:24+00:00","og_image":[{"url":"https:\/\/www.fiscalia.gov.co\/colombia\/wp-content\/uploads\/Banda-robo-bicicletas-300x225.jpeg","type":"","width":"","height":""}],"author":"Lorena Arboleda","twitter_card":"summary_large_image","twitter_creator":"@FiscaliaCol","twitter_site":"@FiscaliaCol","twitter_misc":{"Escrito por":"Lorena Arboleda","Tiempo de lectura":"2 minutos"},"schema":{"@context":"https:\/\/schema.org","@graph":[{"@type":"Article","@id":"https:\/\/www.fiscalia.gov.co\/colombia\/extincion-de-dominio\/ocupados-con-fines-de-extincion-de-dominio-bienes-que-habrian-sido-usados-para-almacenar-y-comercializar-bicicletas-hurtadas\/#article","isPartOf":{"@id":"https:\/\/www.fiscalia.gov.co\/colombia\/extincion-de-dominio\/ocupados-con-fines-de-extincion-de-dominio-bienes-que-habrian-sido-usados-para-almacenar-y-comercializar-bicicletas-hurtadas\/"},"author":{"name":"Lorena Arboleda","@id":"https:\/\/www.fiscalia.gov.co\/colombia\/#\/schema\/person\/d82704bb04d6cdd62aab4a911d276dff"},"headline":"Ocupados con fines de extinci\u00f3n de dominio bienes que habr\u00edan sido usados para almacenar y comercializar bicicletas hurtadas","datePublished":"2020-12-20T12:24:51+00:00","dateModified":"2020-12-22T15:28:24+00:00","mainEntityOfPage":{"@id":"https:\/\/www.fiscalia.gov.co\/colombia\/extincion-de-dominio\/ocupados-con-fines-de-extincion-de-dominio-bienes-que-habrian-sido-usados-para-almacenar-y-comercializar-bicicletas-hurtadas\/"},"wordCount":461,"publisher":{"@id":"https:\/\/www.fiscalia.gov.co\/colombia\/#organization"},"image":{"@id":"https:\/\/www.fiscalia.gov.co\/colombia\/extincion-de-dominio\/ocupados-con-fines-de-extincion-de-dominio-bienes-que-habrian-sido-usados-para-almacenar-y-comercializar-bicicletas-hurtadas\/#primaryimage"},"thumbnailUrl":"https:\/\/www.fiscalia.gov.co\/colombia\/wp-content\/uploads\/Banda-robo-bicicletas-300x225.jpeg","keywords":["Fiscal Barbosa","Fiscal\u00eda Colombia","Fiscal\u00eda General","Francisco Barbosa Fiscal Francisco Barbosa"],"articleSection":["Extinci\u00f3n de dominio"],"inLanguage":"es-CO"},{"@type":"WebPage","@id":"https:\/\/www.fiscalia.gov.co\/colombia\/extincion-de-dominio\/ocupados-con-fines-de-extincion-de-dominio-bienes-que-habrian-sido-usados-para-almacenar-y-comercializar-bicicletas-hurtadas\/","url":"https:\/\/www.fiscalia.gov.co\/colombia\/extincion-de-dominio\/ocupados-con-fines-de-extincion-de-dominio-bienes-que-habrian-sido-usados-para-almacenar-y-comercializar-bicicletas-hurtadas\/","name":"Fiscal\u00eda General de la Naci\u00f3n","isPartOf":{"@id":"https:\/\/www.fiscalia.gov.co\/colombia\/#website"},"primaryImageOfPage":{"@id":"https:\/\/www.fiscalia.gov.co\/colombia\/extincion-de-dominio\/ocupados-con-fines-de-extincion-de-dominio-bienes-que-habrian-sido-usados-para-almacenar-y-comercializar-bicicletas-hurtadas\/#primaryimage"},"image":{"@id":"https:\/\/www.fiscalia.gov.co\/colombia\/extincion-de-dominio\/ocupados-con-fines-de-extincion-de-dominio-bienes-que-habrian-sido-usados-para-almacenar-y-comercializar-bicicletas-hurtadas\/#primaryimage"},"thumbnailUrl":"https:\/\/www.fiscalia.gov.co\/colombia\/wp-content\/uploads\/Banda-robo-bicicletas-300x225.jpeg","datePublished":"2020-12-20T12:24:51+00:00","dateModified":"2020-12-22T15:28:24+00:00","description":"P\u00e1gina oficial de la Fiscal\u00eda General de la Naci\u00f3n \u2013 Colombia. Garantizamos el acceso efectivo a la justicia, la verdad y la reparaci\u00f3n de las v\u00edctimas de los delitos.","breadcrumb":{"@id":"https:\/\/www.fiscalia.gov.co\/colombia\/extincion-de-dominio\/ocupados-con-fines-de-extincion-de-dominio-bienes-que-habrian-sido-usados-para-almacenar-y-comercializar-bicicletas-hurtadas\/#breadcrumb"},"inLanguage":"es-CO","potentialAction":[{"@type":"ReadAction","target":["https:\/\/www.fiscalia.gov.co\/colombia\/extincion-de-dominio\/ocupados-con-fines-de-extincion-de-dominio-bienes-que-habrian-sido-usados-para-almacenar-y-comercializar-bicicletas-hurtadas\/"]}]},{"@type":"ImageObject","inLanguage":"es-CO","@id":"https:\/\/www.fiscalia.gov.co\/colombia\/extincion-de-dominio\/ocupados-con-fines-de-extincion-de-dominio-bienes-que-habrian-sido-usados-para-almacenar-y-comercializar-bicicletas-hurtadas\/#primaryimage","url":"https:\/\/www.fiscalia.gov.co\/colombia\/wp-content\/uploads\/Banda-robo-bicicletas-300x225.jpeg","contentUrl":"https:\/\/www.fiscalia.gov.co\/colombia\/wp-content\/uploads\/Banda-robo-bicicletas-300x225.jpeg"},{"@type":"BreadcrumbList","@id":"https:\/\/www.fiscalia.gov.co\/colombia\/extincion-de-dominio\/ocupados-con-fines-de-extincion-de-dominio-bienes-que-habrian-sido-usados-para-almacenar-y-comercializar-bicicletas-hurtadas\/#breadcrumb","itemListElement":[{"@type":"ListItem","position":1,"name":"Home","item":"https:\/\/www.fiscalia.gov.co\/colombia\/"},{"@type":"ListItem","position":2,"name":"Ocupados con fines de extinci\u00f3n de dominio bienes que habr\u00edan sido usados para almacenar y comercializar bicicletas hurtadas"}]},{"@type":"WebSite","@id":"https:\/\/www.fiscalia.gov.co\/colombia\/#website","url":"https:\/\/www.fiscalia.gov.co\/colombia\/","name":"Fiscal\u00eda General de la Naci\u00f3n","description":"P\u00e1gina oficial de la Fiscal\u00eda General de la Naci\u00f3n \u2013 Colombia. Garantizamos el acceso efectivo a la justicia, la verdad y la reparaci\u00f3n de las v\u00edctimas de los delitos.","publisher":{"@id":"https:\/\/www.fiscalia.gov.co\/colombia\/#organization"},"potentialAction":[{"@type":"SearchAction","target":{"@type":"EntryPoint","urlTemplate":"https:\/\/www.fiscalia.gov.co\/colombia\/?s={search_term_string}"},"query-input":{"@type":"PropertyValueSpecification","valueRequired":true,"valueName":"search_term_string"}}],"inLanguage":"es-CO"},{"@type":"Organization","@id":"https:\/\/www.fiscalia.gov.co\/colombia\/#organization","name":"Fiscal\u00eda General de la Naci\u00f3n","url":"https:\/\/www.fiscalia.gov.co\/colombia\/","logo":{"@type":"ImageObject","inLanguage":"es-CO","@id":"https:\/\/www.fiscalia.gov.co\/colombia\/#\/schema\/logo\/image\/","url":"https:\/\/www.fiscalia.gov.co\/colombia\/wp-content\/uploads\/LogoHorizontal_1.jpg","contentUrl":"https:\/\/www.fiscalia.gov.co\/colombia\/wp-content\/uploads\/LogoHorizontal_1.jpg","width":300,"height":90,"caption":"Fiscal\u00eda General de la Naci\u00f3n"},"image":{"@id":"https:\/\/www.fiscalia.gov.co\/colombia\/#\/schema\/logo\/image\/"},"sameAs":["https:\/\/www.facebook.com\/FiscaliaCol","https:\/\/x.com\/FiscaliaCol","https:\/\/www.instagram.com\/fiscaliacol","https:\/\/www.linkedin.com\/company\/fiscalia-general-de-la-naci-n\/","https:\/\/youtube.com\/@fiscaliageneraldelanacion-4668?si=6nN79nyQICPU5iTh"]},{"@type":"Person","@id":"https:\/\/www.fiscalia.gov.co\/colombia\/#\/schema\/person\/d82704bb04d6cdd62aab4a911d276dff","name":"Lorena Arboleda","image":{"@type":"ImageObject","inLanguage":"es-CO","@id":"https:\/\/www.fiscalia.gov.co\/colombia\/#\/schema\/person\/image\/","url":"https:\/\/secure.gravatar.com\/avatar\/233e2b5584d190acd6783460477dd5f3?s=96&d=mm&r=g","contentUrl":"https:\/\/secure.gravatar.com\/avatar\/233e2b5584d190acd6783460477dd5f3?s=96&d=mm&r=g","caption":"Lorena Arboleda"},"url":"https:\/\/www.fiscalia.gov.co\/colombia\/author\/larboleda\/"}]}},"_links":{"self":[{"href":"https:\/\/www.fiscalia.gov.co\/colombia\/wp-json\/wp\/v2\/posts\/209858","targetHints":{"allow":["GET"]}}],"collection":[{"href":"https:\/\/www.fiscalia.gov.co\/colombia\/wp-json\/wp\/v2\/posts"}],"about":[{"href":"https:\/\/www.fiscalia.gov.co\/colombia\/wp-json\/wp\/v2\/types\/post"}],"author":[{"embeddable":true,"href":"https:\/\/www.fiscalia.gov.co\/colombia\/wp-json\/wp\/v2\/users\/172"}],"replies":[{"embeddable":true,"href":"https:\/\/www.fiscalia.gov.co\/colombia\/wp-json\/wp\/v2\/comments?post=209858"}],"version-history":[{"count":3,"href":"https:\/\/www.fiscalia.gov.co\/colombia\/wp-json\/wp\/v2\/posts\/209858\/revisions"}],"predecessor-version":[{"id":209872,"href":"https:\/\/www.fiscalia.gov.co\/colombia\/wp-json\/wp\/v2\/posts\/209858\/revisions\/209872"}],"wp:attachment":[{"href":"https:\/\/www.fiscalia.gov.co\/colombia\/wp-json\/wp\/v2\/media?parent=209858"}],"wp:term":[{"taxonomy":"category","embeddable":true,"href":"https:\/\/www.fiscalia.gov.co\/colombia\/wp-json\/wp\/v2\/categories?post=209858"},{"taxonomy":"post_tag","embeddable":true,"href":"https:\/\/www.fiscalia.gov.co\/colombia\/wp-json\/wp\/v2\/tags?post=209858"}],"curies":[{"name":"wp","href":"https:\/\/api.w.org\/{rel}","templated":true}]}}