{"id":209796,"date":"2020-12-18T11:45:55","date_gmt":"2020-12-18T16:45:55","guid":{"rendered":"https:\/\/www.fiscalia.gov.co\/colombia\/?p=209796"},"modified":"2020-12-18T11:46:44","modified_gmt":"2020-12-18T16:46:44","slug":"a-la-carcel-presunto-responsable-de-abusar-sexualmente-de-su-expareja-sentimental-en-cartago-valle-del-cauca","status":"publish","type":"post","link":"https:\/\/www.fiscalia.gov.co\/colombia\/seccionales\/seccional-cali\/a-la-carcel-presunto-responsable-de-abusar-sexualmente-de-su-expareja-sentimental-en-cartago-valle-del-cauca\/","title":{"rendered":"A la c\u00e1rcel presunto responsable de abusar sexualmente de su expareja sentimental en Cartago (Valle del Cauca)"},"content":{"rendered":"<h4><em><strong>Seg\u00fan las autoridades, al hoy imputado le figuran anotaciones judiciales por violencia intrafamiliar.<\/strong><\/em><\/h4>\n<p>Con medida de aseguramiento intramuros fue cobijado Faber Andr\u00e9s Montoya Casta\u00f1eda, como presunto responsable de abusar sexualmente de su expareja sentimental, en el municipio de Cartago (Valle del Cauca).<\/p>\n<p>As\u00ed lo decidi\u00f3 un juez de control de garant\u00edas, luego de acoger la petici\u00f3n de la Fiscal\u00eda General de la Naci\u00f3n.<\/p>\n<p>De acuerdo con las labores de polic\u00eda judicial, adelantadas por servidores del Cuerpo T\u00e9cnico de Investigaci\u00f3n (CTI) Seccional Valle del Cauca, as\u00ed como de la Sijin de la Polic\u00eda Nacional, el il\u00edcito se habr\u00eda registrado en varias oportunidades de manera violenta y en contra de la voluntad de la v\u00edctima.<\/p>\n<figure id=\"attachment_209797\" aria-describedby=\"caption-attachment-209797\" style=\"width: 696px\" class=\"wp-caption alignleft\"><img loading=\"lazy\" decoding=\"async\" class=\"size-large wp-image-209797\" src=\"https:\/\/www.fiscalia.gov.co\/colombia\/wp-content\/uploads\/Faber-Andr\u00e9s-Montoya-Casta\u00f1eda-judicializado-como-presunto-responsable-de-abusar-sexualmente-de-su-ex-pareja-sentimental-en-Cartago-Valle.-1024x768.jpg\" alt=\"\" width=\"696\" height=\"522\" srcset=\"https:\/\/www.fiscalia.gov.co\/colombia\/wp-content\/uploads\/Faber-Andr\u00e9s-Montoya-Casta\u00f1eda-judicializado-como-presunto-responsable-de-abusar-sexualmente-de-su-ex-pareja-sentimental-en-Cartago-Valle.-1024x768.jpg 1024w, https:\/\/www.fiscalia.gov.co\/colombia\/wp-content\/uploads\/Faber-Andr\u00e9s-Montoya-Casta\u00f1eda-judicializado-como-presunto-responsable-de-abusar-sexualmente-de-su-ex-pareja-sentimental-en-Cartago-Valle.-300x225.jpg 300w, https:\/\/www.fiscalia.gov.co\/colombia\/wp-content\/uploads\/Faber-Andr\u00e9s-Montoya-Casta\u00f1eda-judicializado-como-presunto-responsable-de-abusar-sexualmente-de-su-ex-pareja-sentimental-en-Cartago-Valle.-768x576.jpg 768w, https:\/\/www.fiscalia.gov.co\/colombia\/wp-content\/uploads\/Faber-Andr\u00e9s-Montoya-Casta\u00f1eda-judicializado-como-presunto-responsable-de-abusar-sexualmente-de-su-ex-pareja-sentimental-en-Cartago-Valle.-696x522.jpg 696w, https:\/\/www.fiscalia.gov.co\/colombia\/wp-content\/uploads\/Faber-Andr\u00e9s-Montoya-Casta\u00f1eda-judicializado-como-presunto-responsable-de-abusar-sexualmente-de-su-ex-pareja-sentimental-en-Cartago-Valle.-560x420.jpg 560w, https:\/\/www.fiscalia.gov.co\/colombia\/wp-content\/uploads\/Faber-Andr\u00e9s-Montoya-Casta\u00f1eda-judicializado-como-presunto-responsable-de-abusar-sexualmente-de-su-ex-pareja-sentimental-en-Cartago-Valle.-80x60.jpg 80w, https:\/\/www.fiscalia.gov.co\/colombia\/wp-content\/uploads\/Faber-Andr\u00e9s-Montoya-Casta\u00f1eda-judicializado-como-presunto-responsable-de-abusar-sexualmente-de-su-ex-pareja-sentimental-en-Cartago-Valle.-265x198.jpg 265w, https:\/\/www.fiscalia.gov.co\/colombia\/wp-content\/uploads\/Faber-Andr\u00e9s-Montoya-Casta\u00f1eda-judicializado-como-presunto-responsable-de-abusar-sexualmente-de-su-ex-pareja-sentimental-en-Cartago-Valle..jpg 1032w\" sizes=\"auto, (max-width: 696px) 100vw, 696px\" \/><figcaption id=\"caption-attachment-209797\" class=\"wp-caption-text\">Seg\u00fan las autoridades, a Montoya Casta\u00f1eda, de 37 a\u00f1os, le figuran varias anotaciones judiciales relacionadas con violencia intrafamiliar.<\/figcaption><\/figure>\n<p>Seg\u00fan las autoridades, a Montoya Casta\u00f1eda, de 37 a\u00f1os, le figuran varias anotaciones judiciales relacionadas con violencia intrafamiliar, por hechos ocurridos en los a\u00f1os 2013, 2016, 2017 y 2019.<\/p>\n<p>Las autoridades capturaron con orden judicial a Montoya Casta\u00f1eda, el 15 de diciembre pasado, en el barrio San Jer\u00f3nimo de Cartago.<\/p>\n<p>La Fiscal\u00eda, en las audiencias preliminares, le formul\u00f3 imputaci\u00f3n de cargos al capturado, por el delito de acceso carnal violento.<\/p>\n<p>Lo anterior, responde al cumplimiento de la estrategia de esclarecer los hechos en los que se atenta contra la integridad de las mujeres, para proteger sus derechos enmarcados dentro de los lineamientos del Fiscal General de la Naci\u00f3n, Francisco Barbosa Delgado, en su pol\u00edtica institucional \u201cEn las calles y en los territorios\u201d.<\/p>\n<p>La Fiscal\u00eda General de la Naci\u00f3n p\u00fablica esta informaci\u00f3n por razones de inter\u00e9s general.<\/p>\n<p>MAP\/MG\/SMLR<\/p>\n<p><em>La informaci\u00f3n contenida en este bolet\u00edn de prensa corresponde a la narraci\u00f3n de los hechos noticiosos objetivos, suministrados por los funcionarios encargados de adelantar las investigaciones penales al interior de la Fiscal\u00eda General de la Naci\u00f3n. Para el momento de la divulgaci\u00f3n de este comunicado, la situaci\u00f3n jur\u00eddica de la(s) persona(s) relacionada(s) se encuentra pendiente de resolver por la autoridad judicial competente, siempre bajo los preceptos de la presunci\u00f3n de inocencia, consagrados en el art\u00edculo 29 de la Constituci\u00f3n Pol\u00edtica y el art\u00edculo 7\u00ba de la Ley 906 de 2004.<\/em><\/p>\n\n<div class=\"twitter-share\"><a href=\"https:\/\/twitter.com\/intent\/tweet?via=fiscaliacol\" class=\"twitter-share-button\">Tweet<\/a><\/div>\n","protected":false},"excerpt":{"rendered":"<p>Seg\u00fan las autoridades, al hoy imputado le figuran anotaciones judiciales por violencia intrafamiliar. Con medida de aseguramiento intramuros fue cobijado Faber Andr\u00e9s Montoya Casta\u00f1eda, como presunto responsable de abusar sexualmente de su expareja sentimental, en el municipio de Cartago (Valle del Cauca). As\u00ed lo decidi\u00f3 un juez de control de garant\u00edas, luego de acoger la [&hellip;]<\/p>\n","protected":false},"author":171,"featured_media":0,"comment_status":"closed","ping_status":"open","sticky":false,"template":"","format":"standard","meta":{"tdm_status":"","tdm_grid_status":"","footnotes":""},"categories":[324,24127],"tags":[23966,12424,14550,24551,25068,78,24187,1185,24549],"class_list":{"0":"post-209796","1":"post","2":"type-post","3":"status-publish","4":"format-standard","6":"category-seccional-cali","7":"category-violencia-sexual-e-intrafamiliar","8":"tag-acceso-carnal-violento","9":"tag-capturado","10":"tag-carcel","11":"tag-centro-carcelario","12":"tag-ex-pareja-sentimental","13":"tag-fiscal-general-de-la-nacion","14":"tag-fiscalia-colombia","15":"tag-medida-de-aseguramiento","16":"tag-orden-judicial"},"yoast_head":"<!-- This site is optimized with the Yoast SEO plugin v24.3 - https:\/\/yoast.com\/wordpress\/plugins\/seo\/ -->\n<title>Fiscal\u00eda General de la Naci\u00f3n<\/title>\n<meta name=\"description\" content=\"P\u00e1gina oficial de la Fiscal\u00eda General de la Naci\u00f3n \u2013 Colombia. Garantizamos el acceso efectivo a la justicia, la verdad y la reparaci\u00f3n de las v\u00edctimas de los delitos.\" \/>\n<meta name=\"robots\" content=\"noindex, follow\" \/>\n<meta property=\"og:locale\" content=\"es_ES\" \/>\n<meta property=\"og:type\" content=\"article\" \/>\n<meta property=\"og:title\" content=\"Fiscal\u00eda General de la Naci\u00f3n\" \/>\n<meta property=\"og:description\" content=\"P\u00e1gina oficial de la Fiscal\u00eda General de la Naci\u00f3n \u2013 Colombia. Garantizamos el acceso efectivo a la justicia, la verdad y la reparaci\u00f3n de las v\u00edctimas de los delitos.\" \/>\n<meta property=\"og:url\" content=\"https:\/\/www.fiscalia.gov.co\/colombia\/seccionales\/seccional-cali\/a-la-carcel-presunto-responsable-de-abusar-sexualmente-de-su-expareja-sentimental-en-cartago-valle-del-cauca\/\" \/>\n<meta property=\"og:site_name\" content=\"Fiscal\u00eda General de la Naci\u00f3n\" \/>\n<meta property=\"article:publisher\" content=\"https:\/\/www.facebook.com\/FiscaliaCol\" \/>\n<meta property=\"article:published_time\" content=\"2020-12-18T16:45:55+00:00\" \/>\n<meta property=\"article:modified_time\" content=\"2020-12-18T16:46:44+00:00\" \/>\n<meta name=\"author\" content=\"Ana Mar\u00eda Gomez\" \/>\n<meta name=\"twitter:card\" content=\"summary_large_image\" \/>\n<meta name=\"twitter:creator\" content=\"@FiscaliaCol\" \/>\n<meta name=\"twitter:site\" content=\"@FiscaliaCol\" \/>\n<meta name=\"twitter:label1\" content=\"Escrito por\" \/>\n\t<meta name=\"twitter:data1\" content=\"Ana Mar\u00eda Gomez\" \/>\n\t<meta name=\"twitter:label2\" content=\"Tiempo de lectura\" \/>\n\t<meta name=\"twitter:data2\" content=\"2 minutos\" \/>\n<script type=\"application\/ld+json\" class=\"yoast-schema-graph\">{\"@context\":\"https:\/\/schema.org\",\"@graph\":[{\"@type\":\"Article\",\"@id\":\"https:\/\/www.fiscalia.gov.co\/colombia\/seccionales\/seccional-cali\/a-la-carcel-presunto-responsable-de-abusar-sexualmente-de-su-expareja-sentimental-en-cartago-valle-del-cauca\/#article\",\"isPartOf\":{\"@id\":\"https:\/\/www.fiscalia.gov.co\/colombia\/seccionales\/seccional-cali\/a-la-carcel-presunto-responsable-de-abusar-sexualmente-de-su-expareja-sentimental-en-cartago-valle-del-cauca\/\"},\"author\":{\"name\":\"Ana Mar\u00eda Gomez\",\"@id\":\"https:\/\/www.fiscalia.gov.co\/colombia\/#\/schema\/person\/06aa2210fe4d79203f428ff671dee360\"},\"headline\":\"A la c\u00e1rcel presunto responsable de abusar sexualmente de su expareja sentimental en Cartago (Valle del Cauca)\",\"datePublished\":\"2020-12-18T16:45:55+00:00\",\"dateModified\":\"2020-12-18T16:46:44+00:00\",\"mainEntityOfPage\":{\"@id\":\"https:\/\/www.fiscalia.gov.co\/colombia\/seccionales\/seccional-cali\/a-la-carcel-presunto-responsable-de-abusar-sexualmente-de-su-expareja-sentimental-en-cartago-valle-del-cauca\/\"},\"wordCount\":422,\"publisher\":{\"@id\":\"https:\/\/www.fiscalia.gov.co\/colombia\/#organization\"},\"keywords\":[\"Acceso carnal violento\",\"Capturado\",\"C\u00e1rcel\",\"centro carcelario\",\"ex pareja sentimental\",\"Fiscal General de la Naci\u00f3n\",\"Fiscal\u00eda Colombia\",\"Medida de aseguramiento\",\"orden judicial\"],\"articleSection\":[\"Seccional Cali\",\"Violencia sexual e intrafamiliar\"],\"inLanguage\":\"es-CO\"},{\"@type\":\"WebPage\",\"@id\":\"https:\/\/www.fiscalia.gov.co\/colombia\/seccionales\/seccional-cali\/a-la-carcel-presunto-responsable-de-abusar-sexualmente-de-su-expareja-sentimental-en-cartago-valle-del-cauca\/\",\"url\":\"https:\/\/www.fiscalia.gov.co\/colombia\/seccionales\/seccional-cali\/a-la-carcel-presunto-responsable-de-abusar-sexualmente-de-su-expareja-sentimental-en-cartago-valle-del-cauca\/\",\"name\":\"Fiscal\u00eda General de la Naci\u00f3n\",\"isPartOf\":{\"@id\":\"https:\/\/www.fiscalia.gov.co\/colombia\/#website\"},\"datePublished\":\"2020-12-18T16:45:55+00:00\",\"dateModified\":\"2020-12-18T16:46:44+00:00\",\"description\":\"P\u00e1gina oficial de la Fiscal\u00eda General de la Naci\u00f3n \u2013 Colombia. Garantizamos el acceso efectivo a la justicia, la verdad y la reparaci\u00f3n de las v\u00edctimas de los delitos.\",\"breadcrumb\":{\"@id\":\"https:\/\/www.fiscalia.gov.co\/colombia\/seccionales\/seccional-cali\/a-la-carcel-presunto-responsable-de-abusar-sexualmente-de-su-expareja-sentimental-en-cartago-valle-del-cauca\/#breadcrumb\"},\"inLanguage\":\"es-CO\",\"potentialAction\":[{\"@type\":\"ReadAction\",\"target\":[\"https:\/\/www.fiscalia.gov.co\/colombia\/seccionales\/seccional-cali\/a-la-carcel-presunto-responsable-de-abusar-sexualmente-de-su-expareja-sentimental-en-cartago-valle-del-cauca\/\"]}]},{\"@type\":\"BreadcrumbList\",\"@id\":\"https:\/\/www.fiscalia.gov.co\/colombia\/seccionales\/seccional-cali\/a-la-carcel-presunto-responsable-de-abusar-sexualmente-de-su-expareja-sentimental-en-cartago-valle-del-cauca\/#breadcrumb\",\"itemListElement\":[{\"@type\":\"ListItem\",\"position\":1,\"name\":\"Home\",\"item\":\"https:\/\/www.fiscalia.gov.co\/colombia\/\"},{\"@type\":\"ListItem\",\"position\":2,\"name\":\"A la c\u00e1rcel presunto responsable de abusar sexualmente de su expareja sentimental en Cartago (Valle del Cauca)\"}]},{\"@type\":\"WebSite\",\"@id\":\"https:\/\/www.fiscalia.gov.co\/colombia\/#website\",\"url\":\"https:\/\/www.fiscalia.gov.co\/colombia\/\",\"name\":\"Fiscal\u00eda General de la Naci\u00f3n\",\"description\":\"P\u00e1gina oficial de la Fiscal\u00eda General de la Naci\u00f3n \u2013 Colombia. Garantizamos el acceso efectivo a la justicia, la verdad y la reparaci\u00f3n de las v\u00edctimas de los delitos.\",\"publisher\":{\"@id\":\"https:\/\/www.fiscalia.gov.co\/colombia\/#organization\"},\"potentialAction\":[{\"@type\":\"SearchAction\",\"target\":{\"@type\":\"EntryPoint\",\"urlTemplate\":\"https:\/\/www.fiscalia.gov.co\/colombia\/?s={search_term_string}\"},\"query-input\":{\"@type\":\"PropertyValueSpecification\",\"valueRequired\":true,\"valueName\":\"search_term_string\"}}],\"inLanguage\":\"es-CO\"},{\"@type\":\"Organization\",\"@id\":\"https:\/\/www.fiscalia.gov.co\/colombia\/#organization\",\"name\":\"Fiscal\u00eda General de la Naci\u00f3n\",\"url\":\"https:\/\/www.fiscalia.gov.co\/colombia\/\",\"logo\":{\"@type\":\"ImageObject\",\"inLanguage\":\"es-CO\",\"@id\":\"https:\/\/www.fiscalia.gov.co\/colombia\/#\/schema\/logo\/image\/\",\"url\":\"https:\/\/www.fiscalia.gov.co\/colombia\/wp-content\/uploads\/LogoHorizontal_1.jpg\",\"contentUrl\":\"https:\/\/www.fiscalia.gov.co\/colombia\/wp-content\/uploads\/LogoHorizontal_1.jpg\",\"width\":300,\"height\":90,\"caption\":\"Fiscal\u00eda General de la Naci\u00f3n\"},\"image\":{\"@id\":\"https:\/\/www.fiscalia.gov.co\/colombia\/#\/schema\/logo\/image\/\"},\"sameAs\":[\"https:\/\/www.facebook.com\/FiscaliaCol\",\"https:\/\/x.com\/FiscaliaCol\",\"https:\/\/www.instagram.com\/fiscaliacol\",\"https:\/\/www.linkedin.com\/company\/fiscalia-general-de-la-naci-n\/\",\"https:\/\/youtube.com\/@fiscaliageneraldelanacion-4668?si=6nN79nyQICPU5iTh\"]},{\"@type\":\"Person\",\"@id\":\"https:\/\/www.fiscalia.gov.co\/colombia\/#\/schema\/person\/06aa2210fe4d79203f428ff671dee360\",\"name\":\"Ana Mar\u00eda Gomez\",\"image\":{\"@type\":\"ImageObject\",\"inLanguage\":\"es-CO\",\"@id\":\"https:\/\/www.fiscalia.gov.co\/colombia\/#\/schema\/person\/image\/\",\"url\":\"https:\/\/secure.gravatar.com\/avatar\/a38115d98a7f8a96cbb96af2b2c37a0b?s=96&d=mm&r=g\",\"contentUrl\":\"https:\/\/secure.gravatar.com\/avatar\/a38115d98a7f8a96cbb96af2b2c37a0b?s=96&d=mm&r=g\",\"caption\":\"Ana Mar\u00eda Gomez\"},\"url\":\"https:\/\/www.fiscalia.gov.co\/colombia\/author\/agomez\/\"}]}<\/script>\n<!-- \/ Yoast SEO plugin. -->","yoast_head_json":{"title":"Fiscal\u00eda General de la Naci\u00f3n","description":"P\u00e1gina oficial de la Fiscal\u00eda General de la Naci\u00f3n \u2013 Colombia. Garantizamos el acceso efectivo a la justicia, la verdad y la reparaci\u00f3n de las v\u00edctimas de los delitos.","robots":{"index":"noindex","follow":"follow"},"og_locale":"es_ES","og_type":"article","og_title":"Fiscal\u00eda General de la Naci\u00f3n","og_description":"P\u00e1gina oficial de la Fiscal\u00eda General de la Naci\u00f3n \u2013 Colombia. Garantizamos el acceso efectivo a la justicia, la verdad y la reparaci\u00f3n de las v\u00edctimas de los delitos.","og_url":"https:\/\/www.fiscalia.gov.co\/colombia\/seccionales\/seccional-cali\/a-la-carcel-presunto-responsable-de-abusar-sexualmente-de-su-expareja-sentimental-en-cartago-valle-del-cauca\/","og_site_name":"Fiscal\u00eda General de la Naci\u00f3n","article_publisher":"https:\/\/www.facebook.com\/FiscaliaCol","article_published_time":"2020-12-18T16:45:55+00:00","article_modified_time":"2020-12-18T16:46:44+00:00","author":"Ana Mar\u00eda Gomez","twitter_card":"summary_large_image","twitter_creator":"@FiscaliaCol","twitter_site":"@FiscaliaCol","twitter_misc":{"Escrito por":"Ana Mar\u00eda Gomez","Tiempo de lectura":"2 minutos"},"schema":{"@context":"https:\/\/schema.org","@graph":[{"@type":"Article","@id":"https:\/\/www.fiscalia.gov.co\/colombia\/seccionales\/seccional-cali\/a-la-carcel-presunto-responsable-de-abusar-sexualmente-de-su-expareja-sentimental-en-cartago-valle-del-cauca\/#article","isPartOf":{"@id":"https:\/\/www.fiscalia.gov.co\/colombia\/seccionales\/seccional-cali\/a-la-carcel-presunto-responsable-de-abusar-sexualmente-de-su-expareja-sentimental-en-cartago-valle-del-cauca\/"},"author":{"name":"Ana Mar\u00eda Gomez","@id":"https:\/\/www.fiscalia.gov.co\/colombia\/#\/schema\/person\/06aa2210fe4d79203f428ff671dee360"},"headline":"A la c\u00e1rcel presunto responsable de abusar sexualmente de su expareja sentimental en Cartago (Valle del Cauca)","datePublished":"2020-12-18T16:45:55+00:00","dateModified":"2020-12-18T16:46:44+00:00","mainEntityOfPage":{"@id":"https:\/\/www.fiscalia.gov.co\/colombia\/seccionales\/seccional-cali\/a-la-carcel-presunto-responsable-de-abusar-sexualmente-de-su-expareja-sentimental-en-cartago-valle-del-cauca\/"},"wordCount":422,"publisher":{"@id":"https:\/\/www.fiscalia.gov.co\/colombia\/#organization"},"keywords":["Acceso carnal violento","Capturado","C\u00e1rcel","centro carcelario","ex pareja sentimental","Fiscal General de la Naci\u00f3n","Fiscal\u00eda Colombia","Medida de aseguramiento","orden judicial"],"articleSection":["Seccional Cali","Violencia sexual e intrafamiliar"],"inLanguage":"es-CO"},{"@type":"WebPage","@id":"https:\/\/www.fiscalia.gov.co\/colombia\/seccionales\/seccional-cali\/a-la-carcel-presunto-responsable-de-abusar-sexualmente-de-su-expareja-sentimental-en-cartago-valle-del-cauca\/","url":"https:\/\/www.fiscalia.gov.co\/colombia\/seccionales\/seccional-cali\/a-la-carcel-presunto-responsable-de-abusar-sexualmente-de-su-expareja-sentimental-en-cartago-valle-del-cauca\/","name":"Fiscal\u00eda General de la Naci\u00f3n","isPartOf":{"@id":"https:\/\/www.fiscalia.gov.co\/colombia\/#website"},"datePublished":"2020-12-18T16:45:55+00:00","dateModified":"2020-12-18T16:46:44+00:00","description":"P\u00e1gina oficial de la Fiscal\u00eda General de la Naci\u00f3n \u2013 Colombia. Garantizamos el acceso efectivo a la justicia, la verdad y la reparaci\u00f3n de las v\u00edctimas de los delitos.","breadcrumb":{"@id":"https:\/\/www.fiscalia.gov.co\/colombia\/seccionales\/seccional-cali\/a-la-carcel-presunto-responsable-de-abusar-sexualmente-de-su-expareja-sentimental-en-cartago-valle-del-cauca\/#breadcrumb"},"inLanguage":"es-CO","potentialAction":[{"@type":"ReadAction","target":["https:\/\/www.fiscalia.gov.co\/colombia\/seccionales\/seccional-cali\/a-la-carcel-presunto-responsable-de-abusar-sexualmente-de-su-expareja-sentimental-en-cartago-valle-del-cauca\/"]}]},{"@type":"BreadcrumbList","@id":"https:\/\/www.fiscalia.gov.co\/colombia\/seccionales\/seccional-cali\/a-la-carcel-presunto-responsable-de-abusar-sexualmente-de-su-expareja-sentimental-en-cartago-valle-del-cauca\/#breadcrumb","itemListElement":[{"@type":"ListItem","position":1,"name":"Home","item":"https:\/\/www.fiscalia.gov.co\/colombia\/"},{"@type":"ListItem","position":2,"name":"A la c\u00e1rcel presunto responsable de abusar sexualmente de su expareja sentimental en Cartago (Valle del Cauca)"}]},{"@type":"WebSite","@id":"https:\/\/www.fiscalia.gov.co\/colombia\/#website","url":"https:\/\/www.fiscalia.gov.co\/colombia\/","name":"Fiscal\u00eda General de la Naci\u00f3n","description":"P\u00e1gina oficial de la Fiscal\u00eda General de la Naci\u00f3n \u2013 Colombia. Garantizamos el acceso efectivo a la justicia, la verdad y la reparaci\u00f3n de las v\u00edctimas de los delitos.","publisher":{"@id":"https:\/\/www.fiscalia.gov.co\/colombia\/#organization"},"potentialAction":[{"@type":"SearchAction","target":{"@type":"EntryPoint","urlTemplate":"https:\/\/www.fiscalia.gov.co\/colombia\/?s={search_term_string}"},"query-input":{"@type":"PropertyValueSpecification","valueRequired":true,"valueName":"search_term_string"}}],"inLanguage":"es-CO"},{"@type":"Organization","@id":"https:\/\/www.fiscalia.gov.co\/colombia\/#organization","name":"Fiscal\u00eda General de la Naci\u00f3n","url":"https:\/\/www.fiscalia.gov.co\/colombia\/","logo":{"@type":"ImageObject","inLanguage":"es-CO","@id":"https:\/\/www.fiscalia.gov.co\/colombia\/#\/schema\/logo\/image\/","url":"https:\/\/www.fiscalia.gov.co\/colombia\/wp-content\/uploads\/LogoHorizontal_1.jpg","contentUrl":"https:\/\/www.fiscalia.gov.co\/colombia\/wp-content\/uploads\/LogoHorizontal_1.jpg","width":300,"height":90,"caption":"Fiscal\u00eda General de la Naci\u00f3n"},"image":{"@id":"https:\/\/www.fiscalia.gov.co\/colombia\/#\/schema\/logo\/image\/"},"sameAs":["https:\/\/www.facebook.com\/FiscaliaCol","https:\/\/x.com\/FiscaliaCol","https:\/\/www.instagram.com\/fiscaliacol","https:\/\/www.linkedin.com\/company\/fiscalia-general-de-la-naci-n\/","https:\/\/youtube.com\/@fiscaliageneraldelanacion-4668?si=6nN79nyQICPU5iTh"]},{"@type":"Person","@id":"https:\/\/www.fiscalia.gov.co\/colombia\/#\/schema\/person\/06aa2210fe4d79203f428ff671dee360","name":"Ana Mar\u00eda Gomez","image":{"@type":"ImageObject","inLanguage":"es-CO","@id":"https:\/\/www.fiscalia.gov.co\/colombia\/#\/schema\/person\/image\/","url":"https:\/\/secure.gravatar.com\/avatar\/a38115d98a7f8a96cbb96af2b2c37a0b?s=96&d=mm&r=g","contentUrl":"https:\/\/secure.gravatar.com\/avatar\/a38115d98a7f8a96cbb96af2b2c37a0b?s=96&d=mm&r=g","caption":"Ana Mar\u00eda Gomez"},"url":"https:\/\/www.fiscalia.gov.co\/colombia\/author\/agomez\/"}]}},"_links":{"self":[{"href":"https:\/\/www.fiscalia.gov.co\/colombia\/wp-json\/wp\/v2\/posts\/209796","targetHints":{"allow":["GET"]}}],"collection":[{"href":"https:\/\/www.fiscalia.gov.co\/colombia\/wp-json\/wp\/v2\/posts"}],"about":[{"href":"https:\/\/www.fiscalia.gov.co\/colombia\/wp-json\/wp\/v2\/types\/post"}],"author":[{"embeddable":true,"href":"https:\/\/www.fiscalia.gov.co\/colombia\/wp-json\/wp\/v2\/users\/171"}],"replies":[{"embeddable":true,"href":"https:\/\/www.fiscalia.gov.co\/colombia\/wp-json\/wp\/v2\/comments?post=209796"}],"version-history":[{"count":2,"href":"https:\/\/www.fiscalia.gov.co\/colombia\/wp-json\/wp\/v2\/posts\/209796\/revisions"}],"predecessor-version":[{"id":209799,"href":"https:\/\/www.fiscalia.gov.co\/colombia\/wp-json\/wp\/v2\/posts\/209796\/revisions\/209799"}],"wp:attachment":[{"href":"https:\/\/www.fiscalia.gov.co\/colombia\/wp-json\/wp\/v2\/media?parent=209796"}],"wp:term":[{"taxonomy":"category","embeddable":true,"href":"https:\/\/www.fiscalia.gov.co\/colombia\/wp-json\/wp\/v2\/categories?post=209796"},{"taxonomy":"post_tag","embeddable":true,"href":"https:\/\/www.fiscalia.gov.co\/colombia\/wp-json\/wp\/v2\/tags?post=209796"}],"curies":[{"name":"wp","href":"https:\/\/api.w.org\/{rel}","templated":true}]}}