{"id":209673,"date":"2020-12-16T17:46:22","date_gmt":"2020-12-16T22:46:22","guid":{"rendered":"https:\/\/www.fiscalia.gov.co\/colombia\/?p=209673"},"modified":"2020-12-16T18:30:09","modified_gmt":"2020-12-16T23:30:09","slug":"asegurada-pareja-capturada-cuando-transportaba-mas-de-50-kilos-de-marihuana-que-al-parecer-seria-distribuida-en-el-oriente-de-cali","status":"publish","type":"post","link":"https:\/\/www.fiscalia.gov.co\/colombia\/noticias\/asegurada-pareja-capturada-cuando-transportaba-mas-de-50-kilos-de-marihuana-que-al-parecer-seria-distribuida-en-el-oriente-de-cali\/","title":{"rendered":"Asegurada pareja capturada cuando transportaba m\u00e1s de 50 kilos de marihuana que, al parecer, ser\u00eda distribuida en el oriente de Cali"},"content":{"rendered":"<p><span lang=\"es\">El Juez Tercero Penal con funciones de control de garant\u00edas de Cali priv\u00f3 de la libertad a Norman Arley Saldarriaga Escobar contra quien dict\u00f3 medida de aseguramiento consistente en detenci\u00f3n preventiva en establecimiento carcelario. El servidor judicial tambi\u00e9n impuso medida de aseguramiento en lugar de residencia contra Paola Victoria V\u00e9lez Mestizo.\u00a0<\/span><\/p>\n<p><span lang=\"es\">Durante las audiencias concentradas la Fiscal\u00eda le imput\u00f3 cargos a la pareja por su presunta responsabilidad en los delitos de tr\u00e1fico, fabricaci\u00f3n y\u00a0<\/span><a href=\"https:\/\/www.fiscalia.gov.co\/colombia\/trafico-de-estupefacientes\/fiscalia-judicializo-siete-presuntos-integrantes-de-los-anser-2020-por-trafico-de-estupefacientes-en-ansermanuevo-valle-del-cauca\/\" target=\"_blank\" rel=\"noopener noreferrer\" data-auth=\"NotApplicable\"><span lang=\"es\">porte de estupefacientes.<\/span><\/a><span lang=\"es\">\u00a0<\/span><\/p>\n<p><span lang=\"es\">V\u00e9lez y Saldarriaga fueron capturados en flagrancia cuando se movilizaban en un veh\u00edculo Mazda con placas CBP 290. La acci\u00f3n se cumpli\u00f3 en el barrio Ciudadela Comfandi, oriente de Cali, y en ella intervinieron servidores del Cuerpo T\u00e9cnico de Investigaci\u00f3n (CTI), adscritos a la Unidad Antinarc\u00f3ticos, quienes fueron apoyados por unidades del Batall\u00f3n de Polic\u00eda Militar de la Tercera Brigada del Ej\u00e9rcito.\u00a0<\/span><\/p>\n<figure id=\"attachment_209701\" aria-describedby=\"caption-attachment-209701\" style=\"width: 696px\" class=\"wp-caption aligncenter\"><img loading=\"lazy\" decoding=\"async\" class=\"size-large wp-image-209701\" src=\"https:\/\/www.fiscalia.gov.co\/colombia\/wp-content\/uploads\/Pareja-asegurada.-Un-juez-penal-asegur\u00f2-a-la-pareja-que-trasnportaba-el-estupefaciente-desde-Guachen\u00e8-Cauca-1-1024x766.jpeg\" alt=\"\" width=\"696\" height=\"521\" srcset=\"https:\/\/www.fiscalia.gov.co\/colombia\/wp-content\/uploads\/Pareja-asegurada.-Un-juez-penal-asegur\u00f2-a-la-pareja-que-trasnportaba-el-estupefaciente-desde-Guachen\u00e8-Cauca-1-1024x766.jpeg 1024w, https:\/\/www.fiscalia.gov.co\/colombia\/wp-content\/uploads\/Pareja-asegurada.-Un-juez-penal-asegur\u00f2-a-la-pareja-que-trasnportaba-el-estupefaciente-desde-Guachen\u00e8-Cauca-1-300x224.jpeg 300w, https:\/\/www.fiscalia.gov.co\/colombia\/wp-content\/uploads\/Pareja-asegurada.-Un-juez-penal-asegur\u00f2-a-la-pareja-que-trasnportaba-el-estupefaciente-desde-Guachen\u00e8-Cauca-1-768x574.jpeg 768w, https:\/\/www.fiscalia.gov.co\/colombia\/wp-content\/uploads\/Pareja-asegurada.-Un-juez-penal-asegur\u00f2-a-la-pareja-que-trasnportaba-el-estupefaciente-desde-Guachen\u00e8-Cauca-1-696x520.jpeg 696w, https:\/\/www.fiscalia.gov.co\/colombia\/wp-content\/uploads\/Pareja-asegurada.-Un-juez-penal-asegur\u00f2-a-la-pareja-que-trasnportaba-el-estupefaciente-desde-Guachen\u00e8-Cauca-1-1068x798.jpeg 1068w, https:\/\/www.fiscalia.gov.co\/colombia\/wp-content\/uploads\/Pareja-asegurada.-Un-juez-penal-asegur\u00f2-a-la-pareja-que-trasnportaba-el-estupefaciente-desde-Guachen\u00e8-Cauca-1-562x420.jpeg 562w, https:\/\/www.fiscalia.gov.co\/colombia\/wp-content\/uploads\/Pareja-asegurada.-Un-juez-penal-asegur\u00f2-a-la-pareja-que-trasnportaba-el-estupefaciente-desde-Guachen\u00e8-Cauca-1-80x60.jpeg 80w, https:\/\/www.fiscalia.gov.co\/colombia\/wp-content\/uploads\/Pareja-asegurada.-Un-juez-penal-asegur\u00f2-a-la-pareja-que-trasnportaba-el-estupefaciente-desde-Guachen\u00e8-Cauca-1-265x198.jpeg 265w, https:\/\/www.fiscalia.gov.co\/colombia\/wp-content\/uploads\/Pareja-asegurada.-Un-juez-penal-asegur\u00f2-a-la-pareja-que-trasnportaba-el-estupefaciente-desde-Guachen\u00e8-Cauca-1.jpeg 1280w\" sizes=\"auto, (max-width: 696px) 100vw, 696px\" \/><figcaption id=\"caption-attachment-209701\" class=\"wp-caption-text\">Un juez de Cali priv\u00f3 de la libertad a Norman Arley Saldarriaga Escobar y a Paola Victoria V\u00e9lez Mestizo quienes fueron capturados en flagrancia transportando sustancias ilegales en un veh\u00edculo particular.<\/figcaption><\/figure>\n<p><span lang=\"es\">De acuerdo con la informaci\u00f3n recaudada, en el veh\u00edculo en que fueron capturados los dos implicados eran transportadas 16 bolsas que conten\u00edan una sustancia vegetal que, tras la Prueba de Identificaci\u00f3n Preliminar Homologada (PIPH) arroj\u00f3 positivo para marihuana, siendo el peso tasado en 54 kilos, 39 gramos.\u00a0<\/span><\/p>\n<p><span lang=\"es\">Seg\u00fan pudo establecer la Fiscal\u00eda, la carga de estupefaciente fue transportada desde zona rural de Guachen\u00e9 (Cauca) para ser distribuida en las\u00a0<\/span><a href=\"https:\/\/www.fiscalia.gov.co\/colombia\/seccionales\/veintitres-capturados-en-allanamientos-a-ollas-de-microtrafico-en-armenia-quindio\/\" target=\"_blank\" rel=\"noopener noreferrer\" data-auth=\"NotApplicable\"><span lang=\"es\">ollas de consumo<\/span><\/a><span lang=\"es\">\u00a0de las comunas ubicadas en el oriente de Cali. La droga, al parecer, era comercializada en entornos escolares de esta zona de Cali.\u00a0<\/span><\/p>\n<p><span lang=\"es\">Estos resultados responden a la estrategia investigativa para contrarrestar los fen\u00f3menos delictivos que afectan la seguridad ciudadana, desarrollada bajo los lineamientos trazados por el Fiscal General de la Naci\u00f3n, Francisco Barbosa Delgado.\u00a0<\/span><\/p>\n<p><span lang=\"es\">La Fiscal\u00eda publica esta informaci\u00f3n por razones de inter\u00e9s general.\u00a0<\/span><\/p>\n<p><span lang=\"es\">JGP\/MAGA\/JC<\/span><\/p>\n<p><i>La informaci\u00f3n contenida en este bolet\u00edn de prensa corresponde a la narraci\u00f3n de los hechos noticiosos objetivos, suministrados por los funcionarios encargados de adelantar las investigaciones penales al interior de la Fiscal\u00eda General de la Naci\u00f3n. Para el momento de la divulgaci\u00f3n de este comunicado, la situaci\u00f3n jur\u00eddica de la(s) persona(s) relacionada(s) se encuentra pendiente de resolver por la autoridad judicial competente, siempre bajo los preceptos de la presunci\u00f3n de inocencia, consagrados en el art\u00edculo 29 de la Constituci\u00f3n Pol\u00edtica y el art\u00edculo 7\u00ba de la Ley 906 de 2004.<\/i><\/p>\n\n<div class=\"twitter-share\"><a href=\"https:\/\/twitter.com\/intent\/tweet?via=fiscaliacol\" class=\"twitter-share-button\">Tweet<\/a><\/div>\n","protected":false},"excerpt":{"rendered":"<p>El Juez Tercero Penal con funciones de control de garant\u00edas de Cali priv\u00f3 de la libertad a Norman Arley Saldarriaga Escobar contra quien dict\u00f3 medida de aseguramiento consistente en detenci\u00f3n preventiva en establecimiento carcelario. El servidor judicial tambi\u00e9n impuso medida de aseguramiento en lugar de residencia contra Paola Victoria V\u00e9lez Mestizo.\u00a0 Durante las audiencias concentradas [&hellip;]<\/p>\n","protected":false},"author":171,"featured_media":0,"comment_status":"closed","ping_status":"open","sticky":false,"template":"","format":"standard","meta":{"_price":"","_stock":"","_tribe_ticket_header":"","_tribe_default_ticket_provider":"","_tribe_ticket_capacity":"0","_ticket_start_date":"","_ticket_end_date":"","_tribe_ticket_show_description":"","_tribe_ticket_show_not_going":false,"_tribe_ticket_use_global_stock":"","_tribe_ticket_global_stock_level":"","_global_stock_mode":"","_global_stock_cap":"","_tribe_rsvp_for_event":"","_tribe_ticket_going_count":"","_tribe_ticket_not_going_count":"","_tribe_tickets_list":"[]","_tribe_ticket_has_attendee_info_fields":false,"tdm_status":"","tdm_grid_status":"","footnotes":""},"categories":[1],"tags":[],"class_list":{"0":"post-209673","1":"post","2":"type-post","3":"status-publish","4":"format-standard","6":"category-noticias"},"yoast_head":"<!-- This site is optimized with the Yoast SEO plugin v24.3 - https:\/\/yoast.com\/wordpress\/plugins\/seo\/ -->\n<title>Fiscal\u00eda General de la Naci\u00f3n<\/title>\n<meta name=\"description\" content=\"P\u00e1gina oficial de la Fiscal\u00eda General de la Naci\u00f3n \u2013 Colombia. Garantizamos el acceso efectivo a la justicia, la verdad y la reparaci\u00f3n de las v\u00edctimas de los delitos.\" \/>\n<meta name=\"robots\" content=\"noindex, follow\" \/>\n<meta property=\"og:locale\" content=\"es_ES\" \/>\n<meta property=\"og:type\" content=\"article\" \/>\n<meta property=\"og:title\" content=\"Fiscal\u00eda General de la Naci\u00f3n\" \/>\n<meta property=\"og:description\" content=\"P\u00e1gina oficial de la Fiscal\u00eda General de la Naci\u00f3n \u2013 Colombia. Garantizamos el acceso efectivo a la justicia, la verdad y la reparaci\u00f3n de las v\u00edctimas de los delitos.\" \/>\n<meta property=\"og:url\" content=\"https:\/\/www.fiscalia.gov.co\/colombia\/noticias\/asegurada-pareja-capturada-cuando-transportaba-mas-de-50-kilos-de-marihuana-que-al-parecer-seria-distribuida-en-el-oriente-de-cali\/\" \/>\n<meta property=\"og:site_name\" content=\"Fiscal\u00eda General de la Naci\u00f3n\" \/>\n<meta property=\"article:publisher\" content=\"https:\/\/www.facebook.com\/FiscaliaCol\" \/>\n<meta property=\"article:published_time\" content=\"2020-12-16T22:46:22+00:00\" \/>\n<meta property=\"article:modified_time\" content=\"2020-12-16T23:30:09+00:00\" \/>\n<meta name=\"author\" content=\"Ana Mar\u00eda Gomez\" \/>\n<meta name=\"twitter:card\" content=\"summary_large_image\" \/>\n<meta name=\"twitter:creator\" content=\"@FiscaliaCol\" \/>\n<meta name=\"twitter:site\" content=\"@FiscaliaCol\" \/>\n<meta name=\"twitter:label1\" content=\"Escrito por\" \/>\n\t<meta name=\"twitter:data1\" content=\"Ana Mar\u00eda Gomez\" \/>\n\t<meta name=\"twitter:label2\" content=\"Tiempo de lectura\" \/>\n\t<meta name=\"twitter:data2\" content=\"2 minutos\" \/>\n<script type=\"application\/ld+json\" class=\"yoast-schema-graph\">{\"@context\":\"https:\/\/schema.org\",\"@graph\":[{\"@type\":\"Article\",\"@id\":\"https:\/\/www.fiscalia.gov.co\/colombia\/noticias\/asegurada-pareja-capturada-cuando-transportaba-mas-de-50-kilos-de-marihuana-que-al-parecer-seria-distribuida-en-el-oriente-de-cali\/#article\",\"isPartOf\":{\"@id\":\"https:\/\/www.fiscalia.gov.co\/colombia\/noticias\/asegurada-pareja-capturada-cuando-transportaba-mas-de-50-kilos-de-marihuana-que-al-parecer-seria-distribuida-en-el-oriente-de-cali\/\"},\"author\":{\"name\":\"Ana Mar\u00eda Gomez\",\"@id\":\"https:\/\/www.fiscalia.gov.co\/colombia\/#\/schema\/person\/06aa2210fe4d79203f428ff671dee360\"},\"headline\":\"Asegurada pareja capturada cuando transportaba m\u00e1s de 50 kilos de marihuana que, al parecer, ser\u00eda distribuida en el oriente de Cali\",\"datePublished\":\"2020-12-16T22:46:22+00:00\",\"dateModified\":\"2020-12-16T23:30:09+00:00\",\"mainEntityOfPage\":{\"@id\":\"https:\/\/www.fiscalia.gov.co\/colombia\/noticias\/asegurada-pareja-capturada-cuando-transportaba-mas-de-50-kilos-de-marihuana-que-al-parecer-seria-distribuida-en-el-oriente-de-cali\/\"},\"wordCount\":466,\"publisher\":{\"@id\":\"https:\/\/www.fiscalia.gov.co\/colombia\/#organization\"},\"articleSection\":[\"Noticias\"],\"inLanguage\":\"es-CO\"},{\"@type\":\"WebPage\",\"@id\":\"https:\/\/www.fiscalia.gov.co\/colombia\/noticias\/asegurada-pareja-capturada-cuando-transportaba-mas-de-50-kilos-de-marihuana-que-al-parecer-seria-distribuida-en-el-oriente-de-cali\/\",\"url\":\"https:\/\/www.fiscalia.gov.co\/colombia\/noticias\/asegurada-pareja-capturada-cuando-transportaba-mas-de-50-kilos-de-marihuana-que-al-parecer-seria-distribuida-en-el-oriente-de-cali\/\",\"name\":\"Fiscal\u00eda General de la Naci\u00f3n\",\"isPartOf\":{\"@id\":\"https:\/\/www.fiscalia.gov.co\/colombia\/#website\"},\"datePublished\":\"2020-12-16T22:46:22+00:00\",\"dateModified\":\"2020-12-16T23:30:09+00:00\",\"description\":\"P\u00e1gina oficial de la Fiscal\u00eda General de la Naci\u00f3n \u2013 Colombia. Garantizamos el acceso efectivo a la justicia, la verdad y la reparaci\u00f3n de las v\u00edctimas de los delitos.\",\"breadcrumb\":{\"@id\":\"https:\/\/www.fiscalia.gov.co\/colombia\/noticias\/asegurada-pareja-capturada-cuando-transportaba-mas-de-50-kilos-de-marihuana-que-al-parecer-seria-distribuida-en-el-oriente-de-cali\/#breadcrumb\"},\"inLanguage\":\"es-CO\",\"potentialAction\":[{\"@type\":\"ReadAction\",\"target\":[\"https:\/\/www.fiscalia.gov.co\/colombia\/noticias\/asegurada-pareja-capturada-cuando-transportaba-mas-de-50-kilos-de-marihuana-que-al-parecer-seria-distribuida-en-el-oriente-de-cali\/\"]}]},{\"@type\":\"BreadcrumbList\",\"@id\":\"https:\/\/www.fiscalia.gov.co\/colombia\/noticias\/asegurada-pareja-capturada-cuando-transportaba-mas-de-50-kilos-de-marihuana-que-al-parecer-seria-distribuida-en-el-oriente-de-cali\/#breadcrumb\",\"itemListElement\":[{\"@type\":\"ListItem\",\"position\":1,\"name\":\"Home\",\"item\":\"https:\/\/www.fiscalia.gov.co\/colombia\/\"},{\"@type\":\"ListItem\",\"position\":2,\"name\":\"Asegurada pareja capturada cuando transportaba m\u00e1s de 50 kilos de marihuana que, al parecer, ser\u00eda distribuida en el oriente de Cali\"}]},{\"@type\":\"WebSite\",\"@id\":\"https:\/\/www.fiscalia.gov.co\/colombia\/#website\",\"url\":\"https:\/\/www.fiscalia.gov.co\/colombia\/\",\"name\":\"Fiscal\u00eda General de la Naci\u00f3n\",\"description\":\"P\u00e1gina oficial de la Fiscal\u00eda General de la Naci\u00f3n \u2013 Colombia. Garantizamos el acceso efectivo a la justicia, la verdad y la reparaci\u00f3n de las v\u00edctimas de los delitos.\",\"publisher\":{\"@id\":\"https:\/\/www.fiscalia.gov.co\/colombia\/#organization\"},\"potentialAction\":[{\"@type\":\"SearchAction\",\"target\":{\"@type\":\"EntryPoint\",\"urlTemplate\":\"https:\/\/www.fiscalia.gov.co\/colombia\/?s={search_term_string}\"},\"query-input\":{\"@type\":\"PropertyValueSpecification\",\"valueRequired\":true,\"valueName\":\"search_term_string\"}}],\"inLanguage\":\"es-CO\"},{\"@type\":\"Organization\",\"@id\":\"https:\/\/www.fiscalia.gov.co\/colombia\/#organization\",\"name\":\"Fiscal\u00eda General de la Naci\u00f3n\",\"url\":\"https:\/\/www.fiscalia.gov.co\/colombia\/\",\"logo\":{\"@type\":\"ImageObject\",\"inLanguage\":\"es-CO\",\"@id\":\"https:\/\/www.fiscalia.gov.co\/colombia\/#\/schema\/logo\/image\/\",\"url\":\"https:\/\/www.fiscalia.gov.co\/colombia\/wp-content\/uploads\/LogoHorizontal_1.jpg\",\"contentUrl\":\"https:\/\/www.fiscalia.gov.co\/colombia\/wp-content\/uploads\/LogoHorizontal_1.jpg\",\"width\":300,\"height\":90,\"caption\":\"Fiscal\u00eda General de la Naci\u00f3n\"},\"image\":{\"@id\":\"https:\/\/www.fiscalia.gov.co\/colombia\/#\/schema\/logo\/image\/\"},\"sameAs\":[\"https:\/\/www.facebook.com\/FiscaliaCol\",\"https:\/\/x.com\/FiscaliaCol\",\"https:\/\/www.instagram.com\/fiscaliacol\",\"https:\/\/www.linkedin.com\/company\/fiscalia-general-de-la-naci-n\/\",\"https:\/\/youtube.com\/@fiscaliageneraldelanacion-4668?si=6nN79nyQICPU5iTh\"]},{\"@type\":\"Person\",\"@id\":\"https:\/\/www.fiscalia.gov.co\/colombia\/#\/schema\/person\/06aa2210fe4d79203f428ff671dee360\",\"name\":\"Ana Mar\u00eda Gomez\",\"image\":{\"@type\":\"ImageObject\",\"inLanguage\":\"es-CO\",\"@id\":\"https:\/\/www.fiscalia.gov.co\/colombia\/#\/schema\/person\/image\/\",\"url\":\"https:\/\/secure.gravatar.com\/avatar\/a38115d98a7f8a96cbb96af2b2c37a0b?s=96&d=mm&r=g\",\"contentUrl\":\"https:\/\/secure.gravatar.com\/avatar\/a38115d98a7f8a96cbb96af2b2c37a0b?s=96&d=mm&r=g\",\"caption\":\"Ana Mar\u00eda Gomez\"},\"url\":\"https:\/\/www.fiscalia.gov.co\/colombia\/author\/agomez\/\"}]}<\/script>\n<!-- \/ Yoast SEO plugin. -->","yoast_head_json":{"title":"Fiscal\u00eda General de la Naci\u00f3n","description":"P\u00e1gina oficial de la Fiscal\u00eda General de la Naci\u00f3n \u2013 Colombia. Garantizamos el acceso efectivo a la justicia, la verdad y la reparaci\u00f3n de las v\u00edctimas de los delitos.","robots":{"index":"noindex","follow":"follow"},"og_locale":"es_ES","og_type":"article","og_title":"Fiscal\u00eda General de la Naci\u00f3n","og_description":"P\u00e1gina oficial de la Fiscal\u00eda General de la Naci\u00f3n \u2013 Colombia. Garantizamos el acceso efectivo a la justicia, la verdad y la reparaci\u00f3n de las v\u00edctimas de los delitos.","og_url":"https:\/\/www.fiscalia.gov.co\/colombia\/noticias\/asegurada-pareja-capturada-cuando-transportaba-mas-de-50-kilos-de-marihuana-que-al-parecer-seria-distribuida-en-el-oriente-de-cali\/","og_site_name":"Fiscal\u00eda General de la Naci\u00f3n","article_publisher":"https:\/\/www.facebook.com\/FiscaliaCol","article_published_time":"2020-12-16T22:46:22+00:00","article_modified_time":"2020-12-16T23:30:09+00:00","author":"Ana Mar\u00eda Gomez","twitter_card":"summary_large_image","twitter_creator":"@FiscaliaCol","twitter_site":"@FiscaliaCol","twitter_misc":{"Escrito por":"Ana Mar\u00eda Gomez","Tiempo de lectura":"2 minutos"},"schema":{"@context":"https:\/\/schema.org","@graph":[{"@type":"Article","@id":"https:\/\/www.fiscalia.gov.co\/colombia\/noticias\/asegurada-pareja-capturada-cuando-transportaba-mas-de-50-kilos-de-marihuana-que-al-parecer-seria-distribuida-en-el-oriente-de-cali\/#article","isPartOf":{"@id":"https:\/\/www.fiscalia.gov.co\/colombia\/noticias\/asegurada-pareja-capturada-cuando-transportaba-mas-de-50-kilos-de-marihuana-que-al-parecer-seria-distribuida-en-el-oriente-de-cali\/"},"author":{"name":"Ana Mar\u00eda Gomez","@id":"https:\/\/www.fiscalia.gov.co\/colombia\/#\/schema\/person\/06aa2210fe4d79203f428ff671dee360"},"headline":"Asegurada pareja capturada cuando transportaba m\u00e1s de 50 kilos de marihuana que, al parecer, ser\u00eda distribuida en el oriente de Cali","datePublished":"2020-12-16T22:46:22+00:00","dateModified":"2020-12-16T23:30:09+00:00","mainEntityOfPage":{"@id":"https:\/\/www.fiscalia.gov.co\/colombia\/noticias\/asegurada-pareja-capturada-cuando-transportaba-mas-de-50-kilos-de-marihuana-que-al-parecer-seria-distribuida-en-el-oriente-de-cali\/"},"wordCount":466,"publisher":{"@id":"https:\/\/www.fiscalia.gov.co\/colombia\/#organization"},"articleSection":["Noticias"],"inLanguage":"es-CO"},{"@type":"WebPage","@id":"https:\/\/www.fiscalia.gov.co\/colombia\/noticias\/asegurada-pareja-capturada-cuando-transportaba-mas-de-50-kilos-de-marihuana-que-al-parecer-seria-distribuida-en-el-oriente-de-cali\/","url":"https:\/\/www.fiscalia.gov.co\/colombia\/noticias\/asegurada-pareja-capturada-cuando-transportaba-mas-de-50-kilos-de-marihuana-que-al-parecer-seria-distribuida-en-el-oriente-de-cali\/","name":"Fiscal\u00eda General de la Naci\u00f3n","isPartOf":{"@id":"https:\/\/www.fiscalia.gov.co\/colombia\/#website"},"datePublished":"2020-12-16T22:46:22+00:00","dateModified":"2020-12-16T23:30:09+00:00","description":"P\u00e1gina oficial de la Fiscal\u00eda General de la Naci\u00f3n \u2013 Colombia. Garantizamos el acceso efectivo a la justicia, la verdad y la reparaci\u00f3n de las v\u00edctimas de los delitos.","breadcrumb":{"@id":"https:\/\/www.fiscalia.gov.co\/colombia\/noticias\/asegurada-pareja-capturada-cuando-transportaba-mas-de-50-kilos-de-marihuana-que-al-parecer-seria-distribuida-en-el-oriente-de-cali\/#breadcrumb"},"inLanguage":"es-CO","potentialAction":[{"@type":"ReadAction","target":["https:\/\/www.fiscalia.gov.co\/colombia\/noticias\/asegurada-pareja-capturada-cuando-transportaba-mas-de-50-kilos-de-marihuana-que-al-parecer-seria-distribuida-en-el-oriente-de-cali\/"]}]},{"@type":"BreadcrumbList","@id":"https:\/\/www.fiscalia.gov.co\/colombia\/noticias\/asegurada-pareja-capturada-cuando-transportaba-mas-de-50-kilos-de-marihuana-que-al-parecer-seria-distribuida-en-el-oriente-de-cali\/#breadcrumb","itemListElement":[{"@type":"ListItem","position":1,"name":"Home","item":"https:\/\/www.fiscalia.gov.co\/colombia\/"},{"@type":"ListItem","position":2,"name":"Asegurada pareja capturada cuando transportaba m\u00e1s de 50 kilos de marihuana que, al parecer, ser\u00eda distribuida en el oriente de Cali"}]},{"@type":"WebSite","@id":"https:\/\/www.fiscalia.gov.co\/colombia\/#website","url":"https:\/\/www.fiscalia.gov.co\/colombia\/","name":"Fiscal\u00eda General de la Naci\u00f3n","description":"P\u00e1gina oficial de la Fiscal\u00eda General de la Naci\u00f3n \u2013 Colombia. Garantizamos el acceso efectivo a la justicia, la verdad y la reparaci\u00f3n de las v\u00edctimas de los delitos.","publisher":{"@id":"https:\/\/www.fiscalia.gov.co\/colombia\/#organization"},"potentialAction":[{"@type":"SearchAction","target":{"@type":"EntryPoint","urlTemplate":"https:\/\/www.fiscalia.gov.co\/colombia\/?s={search_term_string}"},"query-input":{"@type":"PropertyValueSpecification","valueRequired":true,"valueName":"search_term_string"}}],"inLanguage":"es-CO"},{"@type":"Organization","@id":"https:\/\/www.fiscalia.gov.co\/colombia\/#organization","name":"Fiscal\u00eda General de la Naci\u00f3n","url":"https:\/\/www.fiscalia.gov.co\/colombia\/","logo":{"@type":"ImageObject","inLanguage":"es-CO","@id":"https:\/\/www.fiscalia.gov.co\/colombia\/#\/schema\/logo\/image\/","url":"https:\/\/www.fiscalia.gov.co\/colombia\/wp-content\/uploads\/LogoHorizontal_1.jpg","contentUrl":"https:\/\/www.fiscalia.gov.co\/colombia\/wp-content\/uploads\/LogoHorizontal_1.jpg","width":300,"height":90,"caption":"Fiscal\u00eda General de la Naci\u00f3n"},"image":{"@id":"https:\/\/www.fiscalia.gov.co\/colombia\/#\/schema\/logo\/image\/"},"sameAs":["https:\/\/www.facebook.com\/FiscaliaCol","https:\/\/x.com\/FiscaliaCol","https:\/\/www.instagram.com\/fiscaliacol","https:\/\/www.linkedin.com\/company\/fiscalia-general-de-la-naci-n\/","https:\/\/youtube.com\/@fiscaliageneraldelanacion-4668?si=6nN79nyQICPU5iTh"]},{"@type":"Person","@id":"https:\/\/www.fiscalia.gov.co\/colombia\/#\/schema\/person\/06aa2210fe4d79203f428ff671dee360","name":"Ana Mar\u00eda Gomez","image":{"@type":"ImageObject","inLanguage":"es-CO","@id":"https:\/\/www.fiscalia.gov.co\/colombia\/#\/schema\/person\/image\/","url":"https:\/\/secure.gravatar.com\/avatar\/a38115d98a7f8a96cbb96af2b2c37a0b?s=96&d=mm&r=g","contentUrl":"https:\/\/secure.gravatar.com\/avatar\/a38115d98a7f8a96cbb96af2b2c37a0b?s=96&d=mm&r=g","caption":"Ana Mar\u00eda Gomez"},"url":"https:\/\/www.fiscalia.gov.co\/colombia\/author\/agomez\/"}]}},"_links":{"self":[{"href":"https:\/\/www.fiscalia.gov.co\/colombia\/wp-json\/wp\/v2\/posts\/209673","targetHints":{"allow":["GET"]}}],"collection":[{"href":"https:\/\/www.fiscalia.gov.co\/colombia\/wp-json\/wp\/v2\/posts"}],"about":[{"href":"https:\/\/www.fiscalia.gov.co\/colombia\/wp-json\/wp\/v2\/types\/post"}],"author":[{"embeddable":true,"href":"https:\/\/www.fiscalia.gov.co\/colombia\/wp-json\/wp\/v2\/users\/171"}],"replies":[{"embeddable":true,"href":"https:\/\/www.fiscalia.gov.co\/colombia\/wp-json\/wp\/v2\/comments?post=209673"}],"version-history":[{"count":3,"href":"https:\/\/www.fiscalia.gov.co\/colombia\/wp-json\/wp\/v2\/posts\/209673\/revisions"}],"predecessor-version":[{"id":209703,"href":"https:\/\/www.fiscalia.gov.co\/colombia\/wp-json\/wp\/v2\/posts\/209673\/revisions\/209703"}],"wp:attachment":[{"href":"https:\/\/www.fiscalia.gov.co\/colombia\/wp-json\/wp\/v2\/media?parent=209673"}],"wp:term":[{"taxonomy":"category","embeddable":true,"href":"https:\/\/www.fiscalia.gov.co\/colombia\/wp-json\/wp\/v2\/categories?post=209673"},{"taxonomy":"post_tag","embeddable":true,"href":"https:\/\/www.fiscalia.gov.co\/colombia\/wp-json\/wp\/v2\/tags?post=209673"}],"curies":[{"name":"wp","href":"https:\/\/api.w.org\/{rel}","templated":true}]}}