{"id":209481,"date":"2020-12-15T06:33:55","date_gmt":"2020-12-15T11:33:55","guid":{"rendered":"https:\/\/www.fiscalia.gov.co\/colombia\/?p=209481"},"modified":"2020-12-31T07:50:49","modified_gmt":"2020-12-31T12:50:49","slug":"fiscalia-fortalece-equipo-para-combatir-la-trata-transnacional-de-personas","status":"publish","type":"post","link":"https:\/\/www.fiscalia.gov.co\/colombia\/fiscal-general-de-la-nacion\/fiscalia-fortalece-equipo-para-combatir-la-trata-transnacional-de-personas\/","title":{"rendered":"Fiscal\u00eda fortalece equipo para combatir la trata transnacional de personas"},"content":{"rendered":"<ul>\n<li>\n<h4><strong><i><span lang=\"ES\">Gracias al trabajo investigativo fueron impactadas cuatro organizaciones criminales, al parecer dedicadas a este fen\u00f3meno delictivo. 17 mujeres v\u00edctimas, 6 de ellas menores de edad, fueron rescatadas en un operativo.\u00a0<\/span><\/i><i><span lang=\"es-419\">\u00a0<\/span><\/i><\/strong><\/h4>\n<\/li>\n<li>\n<h4><strong><i><span lang=\"ES\">Se afectaron las finanzas de una de las estructuras con la materializaci\u00f3n de medidas cautelares sobre 7 bienes avaluados en 1.500 millones de pesos.<\/span><\/i><i><span lang=\"es-419\">\u00a0<\/span><\/i><\/strong><\/h4>\n<p><span lang=\"es-419\">En su visita a\u00a0<b>Arauca<\/b>, el Fiscal General de la Naci\u00f3n, Francisco Barbosa Delgado, conoci\u00f3 de primera mano los fen\u00f3menos delictivos de mayor ocurrencia en el departamento para adelantar estrategias que permitan contrarrestarlos.\u00a0<\/span><span lang=\"es-419\">\u00a0<\/span><\/p>\n<p><span lang=\"es-419\">\u201cVinimos a analizar cu\u00e1l es el comportamiento criminal y cu\u00e1l es la manera de poder enfrentar ciertos delitos que est\u00e1n afectando la frontera con Venezuela y que afectan al mismo tiempo a nuestra ciudadan\u00eda; el hurto, el homicidio, las lesiones personales, el abigeato son algunos de esos delitos que afectan particularmente a ciudadanos que se encuentran en zonas rurales y tambi\u00e9n algunos de zonas urbanas\u201d, se\u00f1al\u00f3 el fiscal Barbosa.<\/span><span lang=\"es-419\">\u00a0<\/span><\/p>\n<p><span lang=\"es-419\">Desde esa ciudad tambi\u00e9n anunci\u00f3 los resultados que se han generado gracias al fortalecimiento del\u00a0<b>Grupo de Articulaci\u00f3n para la Lucha contra la Trata de Personas<\/b>\u00a0de la Delegada contra la Criminalidad Organizada, que ahora cuenta con mayor n\u00famero de fiscales, analistas y polic\u00eda judicial especializada, as\u00ed como recursos que permiten combatir las grandes organizaciones criminales dedicadas a esta forma de\u00a0<b>esclavitud humana.\u00a0<\/b><\/span><b><span lang=\"es-419\">\u00a0<\/span><br \/>\n<\/b><br \/>\n<span lang=\"es-419\">Precisamente Arauca y\u00a0<b>Norte Santander<\/b>\u00a0son departamentos con\u00a0<b>zonas fronterizas<\/b>\u00a0que han sido usados por los delincuentes. El tr\u00e1nsito legal e ilegal de\u00a0<b>migrantes<\/b>\u00a0por estas regiones ha contribuido para que ciudadanos extranjeros, en muchos casos, terminen siendo v\u00edctimas de la trata de personas.\u00a0<\/span><span lang=\"es-419\">\u00a0<\/span><\/p>\n<p><span lang=\"es-419\">Ante la nueva realidad mundial y con los lineamientos del Fiscal Barbosa, la entidad ya no solo investiga casos de colombianos que son v\u00edctimas de este delito en otros pa\u00edses, sino casos de extranjeros que ser\u00edan explotados en el pa\u00eds.<\/span><span lang=\"es-419\">\u00a0<\/span><\/p>\n<p><span lang=\"es-419\">Gracias a un completo an\u00e1lisis de esos flujos migratorios mixtos (regulares o irregulares) se ha logrado identificar que ese fen\u00f3meno contribuye al crimen organizado como narcotr\u00e1fico, tr\u00e1fico de armas, tr\u00e1fico de migrantes y trata de personas.<\/span><span lang=\"es-419\">\u00a0<\/span><\/p>\n<p><span lang=\"es-419\">Bajo estos lineamientos ahora se incluye una l\u00ednea investigativa que cuenta con fiscales anticorrupci\u00f3n para investigar posibles v\u00ednculos entre funcionarios p\u00fablicos y estas organizaciones delictivas.\u00a0<\/span><span lang=\"es-419\">\u00a0<\/span><\/p>\n<p><span lang=\"es-419\">En desarrollo de las estrategias para dar alcance al\u00a0<b>Direccionamiento Estrat\u00e9gico\u00a0<\/b>2020-2024 del Fiscal General de la Naci\u00f3n, Francisco Barbosa Delgado, la Delegada para la Criminalidad Organizada logr\u00f3 contundentes resultados en 2020 en la lucha contra la trata de personas, delito de alto impacto y forma de esclavitud humana que afecta la integridad de ni\u00f1as, adolescentes y mujeres, as\u00ed como a personas en situaci\u00f3n de vulnerabilidad, a nivel mundial.\u00a0<\/span><span lang=\"es-419\">\u00a0<\/span><\/p>\n<p>A trav\u00e9s del Grupo\u00a0<span lang=\"ES\">de Articulaci\u00f3n para la Lucha contra la Trata de Personas y Delitos Conexos, la Fiscal\u00eda viene documentando y caracterizando el fen\u00f3meno delictivo con la finalidad de garantizar a las v\u00edctimas un adecuado acceso a la administraci\u00f3n de justicia.<\/span><span lang=\"ES\">\u00a0<\/span><span lang=\"es-419\">\u00a0<\/span><\/li>\n<\/ul>\n<p class=\"x_MsoNormal\"><b><span lang=\"ES\">Resultados operativos<\/span><span lang=\"ES\">\u00a0<\/span><\/b><\/p>\n<p class=\"x_MsoNormal\"><span lang=\"ES\">El robustecimiento del equipo y las estrategias implementadas han generado importantes resultados.\u00a0<\/span><span lang=\"ES\">\u00a0<\/span><span lang=\"ES\">\u201cEste a\u00f1o tuvimos cuatro estructuras delictivas desarticuladas,\u00a0<b>22 personas capturadas<\/b>, 6 menores de edad rescatados y 11 mujeres. Estas organizaciones que utilizan estos lugares, la frontera con Venezuela, pero al mismo tiempo en Ecuador, en Panam\u00e1, en Rep\u00fablica Dominicana y en Per\u00fa, afectando los derechos de nuestros ciudadanos\u201d, revel\u00f3 el jefe del ente acusador.<\/span><span lang=\"ES\">\u00a0<\/span><\/p>\n<p class=\"x_MsoNormal\"><span lang=\"ES\">Entre las acciones judiciales se destacan:<\/span><span lang=\"ES\">\u00a0<\/span><\/p>\n<ul>\n<li><b><span lang=\"ES\">Operaci\u00f3n Jade:<\/span><\/b><span lang=\"ES\">\u00a0<\/span><span lang=\"es-419\">En esta investigaci\u00f3n se evidenci\u00f3 la existencia de una red de trata de personas se\u00f1alada de ubicar mujeres en Santander, Antioquia y otros lugares del pa\u00eds, algunas de ellas migrantes; ofrecerles trabajos como modelos en el extranjero y, a trav\u00e9s de diferentes maniobras il\u00edcitas, trasladarlas a China. En ese pa\u00eds, al parecer eran obligadas a ejercer actividades de tipo sexual. Siete presuntos integrantes de la estructura delincuencial fueron capturados en diligencias realizadas en Cundinamarca, Santander, Valle del Cauca y Quind\u00edo.<\/span><span lang=\"ES\">\u00a0<\/span><span lang=\"ES\">Del mismo modo, bajo la coordinaci\u00f3n de una fiscal\u00eda especializada de Extinci\u00f3n del Derecho de Dominio se materializaron las medidas cautelares de embargo, secuestro y suspensi\u00f3n del poder dispositivo sobre 3 inmuebles, 2 establecimientos comerciales y 2 veh\u00edculos, ubicados en el departamento de Quind\u00edo, as\u00ed como en las ciudades de Bucaramanga y Bogot\u00e1, avaluados comercialmente en 1.500 millones de pesos, que al parecer pertenecen a esta organizaci\u00f3n criminal dedicada a la trata de personas.<br \/>\n<\/span><\/li>\n<li><b><span lang=\"ES\">Operaci\u00f3n N\u00e9mesis:<\/span><\/b><span lang=\"ES\">\u00a0las investigaciones pusieron en evidencia el accionar de una\u00a0<\/span><span lang=\"es-419\">organizaci\u00f3n criminal conformada por nacionales colombianos y ciudadanos venezolanos que delinqu\u00edan en Yopal (Casanare). Como resultado de esta operaci\u00f3n fueron capturadas 10 personas. Adem\u00e1s, se logr\u00f3 rescatar 6 menores de edad que estaban siendo explotadas sexualmente y 11 mujeres de nacionalidad venezolana.<\/span><span lang=\"ES\">\u00a0<\/span><\/li>\n<\/ul>\n<ul>\n<li><b><span lang=\"es-419\">Caso<\/span><\/b><span lang=\"es-419\">\u00a0<\/span><span lang=\"es-419\"><b>Guangzhou 2020:\u00a0<\/b><\/span><span lang=\"es-419\">Se logr\u00f3 la captura de una persona como presunta integrante de la organizaci\u00f3n criminal Guangzhou, se\u00f1alada de captar, trasladar y recibir a las v\u00edctimas con fines de explotaci\u00f3n sexual, desde el Eje Cafetero, Valle del Cauca y Antioquia con destino a la ciudad de Guangzhou (China), luego de enga\u00f1ar a las v\u00edctimas con supuestas ofertas laborales.<\/span><span lang=\"ES\">\u00a0<\/span><\/li>\n<\/ul>\n<ul>\n<li><b><span lang=\"es-419\">Caso Alzate:\u00a0<\/span><\/b><span lang=\"es-419\">Procedentes de China ingresaron al pa\u00eds en el marco del aislamiento preventivo obligatorio 4 personas que presuntamente integraban una organizaci\u00f3n criminal dedicada a la trata de personas connacionales hacia ese pa\u00eds asi\u00e1tico. Los cuatro investigados fueron detenidos y permanecen con medida de aseguramiento.\u00a0<\/span><span lang=\"es-419\">\u00a0<\/span><\/li>\n<\/ul>\n<p class=\"x_MsoListParagraphCxSpFirst\"><b><span lang=\"es-419\">Cooperaci\u00f3n judicial y t\u00e9cnica<\/span><span lang=\"es-419\">\u00a0<\/span><\/b><\/p>\n<p class=\"x_MsoNormal\"><span lang=\"es-419\">Estos resultados contundentes son el reflejo de la labor de la Fiscal\u00eda de Colombia que se ha\u00a0<\/span><span lang=\"es-419\">articulado y coordinado con la Oficina de Naciones Unidas contra la Droga y el Delito, y el departamento de Estado de los Estados Unidos, as\u00ed como con el resto de fiscal\u00edas generales y ministerios p\u00fablicos fiscales del hemisferio, con quienes ha interactuado en la Red de Trata de Personas y Tr\u00e1fico Il\u00edcito de Migrantes de la AIAMP, conformada por M\u00e9xico, Rep\u00fablica Dominicana, Argentina, Panam\u00e1 y Ecuador.\u00a0<\/span><span lang=\"es-419\">\u00a0<\/span><\/p>\n<p class=\"x_MsoNormal\"><span lang=\"es-419\">En ese escenario t\u00e9cnico multilateral la Fiscal\u00eda de Colombia lidera el tema de flujos migratorios mixtos y su relaci\u00f3n con situaciones de explotaci\u00f3n.\u00a0<\/span><span lang=\"es-419\">\u00a0<\/span><\/p>\n<p class=\"x_MsoNormal\"><span lang=\"ES-CO\">El objetivo de dicha cooperaci\u00f3n es compartir plataformas y tecnolog\u00edas para la recopilaci\u00f3n y an\u00e1lisis de datos del delito que permitan fortalecer la generaci\u00f3n de informaci\u00f3n, como apoyo dentro de los sistemas de justicia.<\/span><span lang=\"ES-CO\">\u00a0<\/span><\/p>\n<p class=\"x_MsoNormal\"><span lang=\"ES\">El uso de tales herramientas y las investigaciones permiten advertir que el fin de explotaci\u00f3n prevalente es el de explotaci\u00f3n sexual (prostituci\u00f3n, pornograf\u00eda, turismo sexual), seguido por la explotaci\u00f3n laboral (actividades relacionadas con la econom\u00eda formal o informal como mendicidad, ventas callejeras, servicio dom\u00e9stico, agricultura, trabajo en fincas), el establecimiento de relaciones filiales (matrimonio servil) y en menor medida por presunta adopci\u00f3n irregular.<\/span><span lang=\"ES\">\u00a0<\/span><\/p>\n<p class=\"x_MsoNormal\"><span lang=\"ES\">La Fiscal\u00eda hace p\u00fablica esta informaci\u00f3n por razones de inter\u00e9s general.<\/span><span lang=\"ES\">\u00a0<\/span><\/p>\n<p class=\"x_MsoNormal\"><span lang=\"ES\">DLBM\/MRC\/AFC\/JGT.<\/span><span lang=\"ES\">\u00a0<\/span><\/p>\n\n<div class=\"twitter-share\"><a href=\"https:\/\/twitter.com\/intent\/tweet?via=fiscaliacol\" class=\"twitter-share-button\">Tweet<\/a><\/div>\n","protected":false},"excerpt":{"rendered":"<p>Gracias al trabajo investigativo fueron impactadas cuatro organizaciones criminales, al parecer dedicadas a este fen\u00f3meno delictivo. 17 mujeres v\u00edctimas, 6 de ellas menores de edad, fueron rescatadas en un operativo.\u00a0\u00a0 Se afectaron las finanzas de una de las estructuras con la materializaci\u00f3n de medidas cautelares sobre 7 bienes avaluados en 1.500 millones de pesos.\u00a0 En [&hellip;]<\/p>\n","protected":false},"author":171,"featured_media":0,"comment_status":"closed","ping_status":"open","sticky":false,"template":"","format":"video","meta":{"tdm_status":"","tdm_grid_status":"","footnotes":""},"categories":[24098,25128,24096,24099],"tags":[25019,25017,24305,24187,1047,213,25018],"class_list":{"0":"post-209481","1":"post","2":"type-post","3":"status-publish","4":"format-video","6":"category-crimen-organizado","7":"category-el-fiscal-en-los-territorios","8":"category-fiscal-general-de-la-nacion","9":"category-seguridad-territorial","10":"tag-delegada-contra-la-criminalidad-organizada","11":"tag-explotacion-sexual-o-laboral","12":"tag-fiscal-general-francisco-barbosa","13":"tag-fiscalia-colombia","14":"tag-fiscalia-general-de-la-nacion","15":"tag-trata-de-personas","16":"tag-zonas-de-frontera","17":"post_format-post-format-video"},"yoast_head":"<!-- This site is optimized with the Yoast SEO plugin v24.3 - https:\/\/yoast.com\/wordpress\/plugins\/seo\/ -->\n<title>Fiscal\u00eda General de la Naci\u00f3n<\/title>\n<meta name=\"description\" content=\"P\u00e1gina oficial de la Fiscal\u00eda General de la Naci\u00f3n \u2013 Colombia. Garantizamos el acceso efectivo a la justicia, la verdad y la reparaci\u00f3n de las v\u00edctimas de los delitos.\" \/>\n<meta name=\"robots\" content=\"noindex, follow\" \/>\n<meta property=\"og:locale\" content=\"es_ES\" \/>\n<meta property=\"og:type\" content=\"article\" \/>\n<meta property=\"og:title\" content=\"Fiscal\u00eda General de la Naci\u00f3n\" \/>\n<meta property=\"og:description\" content=\"P\u00e1gina oficial de la Fiscal\u00eda General de la Naci\u00f3n \u2013 Colombia. Garantizamos el acceso efectivo a la justicia, la verdad y la reparaci\u00f3n de las v\u00edctimas de los delitos.\" \/>\n<meta property=\"og:url\" content=\"https:\/\/www.fiscalia.gov.co\/colombia\/fiscal-general-de-la-nacion\/fiscalia-fortalece-equipo-para-combatir-la-trata-transnacional-de-personas\/\" \/>\n<meta property=\"og:site_name\" content=\"Fiscal\u00eda General de la Naci\u00f3n\" \/>\n<meta property=\"article:publisher\" content=\"https:\/\/www.facebook.com\/FiscaliaCol\" \/>\n<meta property=\"article:published_time\" content=\"2020-12-15T11:33:55+00:00\" \/>\n<meta property=\"article:modified_time\" content=\"2020-12-31T12:50:49+00:00\" \/>\n<meta name=\"author\" content=\"Ana Mar\u00eda Gomez\" \/>\n<meta name=\"twitter:card\" content=\"summary_large_image\" \/>\n<meta name=\"twitter:creator\" content=\"@FiscaliaCol\" \/>\n<meta name=\"twitter:site\" content=\"@FiscaliaCol\" \/>\n<meta name=\"twitter:label1\" content=\"Escrito por\" \/>\n\t<meta name=\"twitter:data1\" content=\"Ana Mar\u00eda Gomez\" \/>\n\t<meta name=\"twitter:label2\" content=\"Tiempo de lectura\" \/>\n\t<meta name=\"twitter:data2\" content=\"6 minutos\" \/>\n<script type=\"application\/ld+json\" class=\"yoast-schema-graph\">{\"@context\":\"https:\/\/schema.org\",\"@graph\":[{\"@type\":\"Article\",\"@id\":\"https:\/\/www.fiscalia.gov.co\/colombia\/fiscal-general-de-la-nacion\/fiscalia-fortalece-equipo-para-combatir-la-trata-transnacional-de-personas\/#article\",\"isPartOf\":{\"@id\":\"https:\/\/www.fiscalia.gov.co\/colombia\/fiscal-general-de-la-nacion\/fiscalia-fortalece-equipo-para-combatir-la-trata-transnacional-de-personas\/\"},\"author\":{\"name\":\"Ana Mar\u00eda Gomez\",\"@id\":\"https:\/\/www.fiscalia.gov.co\/colombia\/#\/schema\/person\/06aa2210fe4d79203f428ff671dee360\"},\"headline\":\"Fiscal\u00eda fortalece equipo para combatir la trata transnacional de personas\",\"datePublished\":\"2020-12-15T11:33:55+00:00\",\"dateModified\":\"2020-12-31T12:50:49+00:00\",\"mainEntityOfPage\":{\"@id\":\"https:\/\/www.fiscalia.gov.co\/colombia\/fiscal-general-de-la-nacion\/fiscalia-fortalece-equipo-para-combatir-la-trata-transnacional-de-personas\/\"},\"wordCount\":1182,\"publisher\":{\"@id\":\"https:\/\/www.fiscalia.gov.co\/colombia\/#organization\"},\"keywords\":[\"Delegada contra la Criminalidad Organizada\",\"explotaci\u00f3n sexual o laboral\",\"Fiscal General Francisco Barbosa\",\"Fiscal\u00eda Colombia\",\"Fiscal\u00eda General de la Naci\u00f3n\",\"Trata de personas\",\"zonas de frontera\"],\"articleSection\":[\"Crimen organizado\",\"El Fiscal en los territorios\",\"Fiscal General de la Naci\u00f3n\",\"Seguridad territorial\"],\"inLanguage\":\"es-CO\"},{\"@type\":\"WebPage\",\"@id\":\"https:\/\/www.fiscalia.gov.co\/colombia\/fiscal-general-de-la-nacion\/fiscalia-fortalece-equipo-para-combatir-la-trata-transnacional-de-personas\/\",\"url\":\"https:\/\/www.fiscalia.gov.co\/colombia\/fiscal-general-de-la-nacion\/fiscalia-fortalece-equipo-para-combatir-la-trata-transnacional-de-personas\/\",\"name\":\"Fiscal\u00eda General de la Naci\u00f3n\",\"isPartOf\":{\"@id\":\"https:\/\/www.fiscalia.gov.co\/colombia\/#website\"},\"datePublished\":\"2020-12-15T11:33:55+00:00\",\"dateModified\":\"2020-12-31T12:50:49+00:00\",\"description\":\"P\u00e1gina oficial de la Fiscal\u00eda General de la Naci\u00f3n \u2013 Colombia. Garantizamos el acceso efectivo a la justicia, la verdad y la reparaci\u00f3n de las v\u00edctimas de los delitos.\",\"breadcrumb\":{\"@id\":\"https:\/\/www.fiscalia.gov.co\/colombia\/fiscal-general-de-la-nacion\/fiscalia-fortalece-equipo-para-combatir-la-trata-transnacional-de-personas\/#breadcrumb\"},\"inLanguage\":\"es-CO\",\"potentialAction\":[{\"@type\":\"ReadAction\",\"target\":[\"https:\/\/www.fiscalia.gov.co\/colombia\/fiscal-general-de-la-nacion\/fiscalia-fortalece-equipo-para-combatir-la-trata-transnacional-de-personas\/\"]}]},{\"@type\":\"BreadcrumbList\",\"@id\":\"https:\/\/www.fiscalia.gov.co\/colombia\/fiscal-general-de-la-nacion\/fiscalia-fortalece-equipo-para-combatir-la-trata-transnacional-de-personas\/#breadcrumb\",\"itemListElement\":[{\"@type\":\"ListItem\",\"position\":1,\"name\":\"Home\",\"item\":\"https:\/\/www.fiscalia.gov.co\/colombia\/\"},{\"@type\":\"ListItem\",\"position\":2,\"name\":\"Fiscal\u00eda fortalece equipo para combatir la trata transnacional de personas\"}]},{\"@type\":\"WebSite\",\"@id\":\"https:\/\/www.fiscalia.gov.co\/colombia\/#website\",\"url\":\"https:\/\/www.fiscalia.gov.co\/colombia\/\",\"name\":\"Fiscal\u00eda General de la Naci\u00f3n\",\"description\":\"P\u00e1gina oficial de la Fiscal\u00eda General de la Naci\u00f3n \u2013 Colombia. Garantizamos el acceso efectivo a la justicia, la verdad y la reparaci\u00f3n de las v\u00edctimas de los delitos.\",\"publisher\":{\"@id\":\"https:\/\/www.fiscalia.gov.co\/colombia\/#organization\"},\"potentialAction\":[{\"@type\":\"SearchAction\",\"target\":{\"@type\":\"EntryPoint\",\"urlTemplate\":\"https:\/\/www.fiscalia.gov.co\/colombia\/?s={search_term_string}\"},\"query-input\":{\"@type\":\"PropertyValueSpecification\",\"valueRequired\":true,\"valueName\":\"search_term_string\"}}],\"inLanguage\":\"es-CO\"},{\"@type\":\"Organization\",\"@id\":\"https:\/\/www.fiscalia.gov.co\/colombia\/#organization\",\"name\":\"Fiscal\u00eda General de la Naci\u00f3n\",\"url\":\"https:\/\/www.fiscalia.gov.co\/colombia\/\",\"logo\":{\"@type\":\"ImageObject\",\"inLanguage\":\"es-CO\",\"@id\":\"https:\/\/www.fiscalia.gov.co\/colombia\/#\/schema\/logo\/image\/\",\"url\":\"https:\/\/www.fiscalia.gov.co\/colombia\/wp-content\/uploads\/LogoHorizontal_1.jpg\",\"contentUrl\":\"https:\/\/www.fiscalia.gov.co\/colombia\/wp-content\/uploads\/LogoHorizontal_1.jpg\",\"width\":300,\"height\":90,\"caption\":\"Fiscal\u00eda General de la Naci\u00f3n\"},\"image\":{\"@id\":\"https:\/\/www.fiscalia.gov.co\/colombia\/#\/schema\/logo\/image\/\"},\"sameAs\":[\"https:\/\/www.facebook.com\/FiscaliaCol\",\"https:\/\/x.com\/FiscaliaCol\",\"https:\/\/www.instagram.com\/fiscaliacol\",\"https:\/\/www.linkedin.com\/company\/fiscalia-general-de-la-naci-n\/\",\"https:\/\/youtube.com\/@fiscaliageneraldelanacion-4668?si=6nN79nyQICPU5iTh\"]},{\"@type\":\"Person\",\"@id\":\"https:\/\/www.fiscalia.gov.co\/colombia\/#\/schema\/person\/06aa2210fe4d79203f428ff671dee360\",\"name\":\"Ana Mar\u00eda Gomez\",\"image\":{\"@type\":\"ImageObject\",\"inLanguage\":\"es-CO\",\"@id\":\"https:\/\/www.fiscalia.gov.co\/colombia\/#\/schema\/person\/image\/\",\"url\":\"https:\/\/secure.gravatar.com\/avatar\/a38115d98a7f8a96cbb96af2b2c37a0b?s=96&d=mm&r=g\",\"contentUrl\":\"https:\/\/secure.gravatar.com\/avatar\/a38115d98a7f8a96cbb96af2b2c37a0b?s=96&d=mm&r=g\",\"caption\":\"Ana Mar\u00eda Gomez\"},\"url\":\"https:\/\/www.fiscalia.gov.co\/colombia\/author\/agomez\/\"}]}<\/script>\n<!-- \/ Yoast SEO plugin. -->","yoast_head_json":{"title":"Fiscal\u00eda General de la Naci\u00f3n","description":"P\u00e1gina oficial de la Fiscal\u00eda General de la Naci\u00f3n \u2013 Colombia. Garantizamos el acceso efectivo a la justicia, la verdad y la reparaci\u00f3n de las v\u00edctimas de los delitos.","robots":{"index":"noindex","follow":"follow"},"og_locale":"es_ES","og_type":"article","og_title":"Fiscal\u00eda General de la Naci\u00f3n","og_description":"P\u00e1gina oficial de la Fiscal\u00eda General de la Naci\u00f3n \u2013 Colombia. Garantizamos el acceso efectivo a la justicia, la verdad y la reparaci\u00f3n de las v\u00edctimas de los delitos.","og_url":"https:\/\/www.fiscalia.gov.co\/colombia\/fiscal-general-de-la-nacion\/fiscalia-fortalece-equipo-para-combatir-la-trata-transnacional-de-personas\/","og_site_name":"Fiscal\u00eda General de la Naci\u00f3n","article_publisher":"https:\/\/www.facebook.com\/FiscaliaCol","article_published_time":"2020-12-15T11:33:55+00:00","article_modified_time":"2020-12-31T12:50:49+00:00","author":"Ana Mar\u00eda Gomez","twitter_card":"summary_large_image","twitter_creator":"@FiscaliaCol","twitter_site":"@FiscaliaCol","twitter_misc":{"Escrito por":"Ana Mar\u00eda Gomez","Tiempo de lectura":"6 minutos"},"schema":{"@context":"https:\/\/schema.org","@graph":[{"@type":"Article","@id":"https:\/\/www.fiscalia.gov.co\/colombia\/fiscal-general-de-la-nacion\/fiscalia-fortalece-equipo-para-combatir-la-trata-transnacional-de-personas\/#article","isPartOf":{"@id":"https:\/\/www.fiscalia.gov.co\/colombia\/fiscal-general-de-la-nacion\/fiscalia-fortalece-equipo-para-combatir-la-trata-transnacional-de-personas\/"},"author":{"name":"Ana Mar\u00eda Gomez","@id":"https:\/\/www.fiscalia.gov.co\/colombia\/#\/schema\/person\/06aa2210fe4d79203f428ff671dee360"},"headline":"Fiscal\u00eda fortalece equipo para combatir la trata transnacional de personas","datePublished":"2020-12-15T11:33:55+00:00","dateModified":"2020-12-31T12:50:49+00:00","mainEntityOfPage":{"@id":"https:\/\/www.fiscalia.gov.co\/colombia\/fiscal-general-de-la-nacion\/fiscalia-fortalece-equipo-para-combatir-la-trata-transnacional-de-personas\/"},"wordCount":1182,"publisher":{"@id":"https:\/\/www.fiscalia.gov.co\/colombia\/#organization"},"keywords":["Delegada contra la Criminalidad Organizada","explotaci\u00f3n sexual o laboral","Fiscal General Francisco Barbosa","Fiscal\u00eda Colombia","Fiscal\u00eda General de la Naci\u00f3n","Trata de personas","zonas de frontera"],"articleSection":["Crimen organizado","El Fiscal en los territorios","Fiscal General de la Naci\u00f3n","Seguridad territorial"],"inLanguage":"es-CO"},{"@type":"WebPage","@id":"https:\/\/www.fiscalia.gov.co\/colombia\/fiscal-general-de-la-nacion\/fiscalia-fortalece-equipo-para-combatir-la-trata-transnacional-de-personas\/","url":"https:\/\/www.fiscalia.gov.co\/colombia\/fiscal-general-de-la-nacion\/fiscalia-fortalece-equipo-para-combatir-la-trata-transnacional-de-personas\/","name":"Fiscal\u00eda General de la Naci\u00f3n","isPartOf":{"@id":"https:\/\/www.fiscalia.gov.co\/colombia\/#website"},"datePublished":"2020-12-15T11:33:55+00:00","dateModified":"2020-12-31T12:50:49+00:00","description":"P\u00e1gina oficial de la Fiscal\u00eda General de la Naci\u00f3n \u2013 Colombia. Garantizamos el acceso efectivo a la justicia, la verdad y la reparaci\u00f3n de las v\u00edctimas de los delitos.","breadcrumb":{"@id":"https:\/\/www.fiscalia.gov.co\/colombia\/fiscal-general-de-la-nacion\/fiscalia-fortalece-equipo-para-combatir-la-trata-transnacional-de-personas\/#breadcrumb"},"inLanguage":"es-CO","potentialAction":[{"@type":"ReadAction","target":["https:\/\/www.fiscalia.gov.co\/colombia\/fiscal-general-de-la-nacion\/fiscalia-fortalece-equipo-para-combatir-la-trata-transnacional-de-personas\/"]}]},{"@type":"BreadcrumbList","@id":"https:\/\/www.fiscalia.gov.co\/colombia\/fiscal-general-de-la-nacion\/fiscalia-fortalece-equipo-para-combatir-la-trata-transnacional-de-personas\/#breadcrumb","itemListElement":[{"@type":"ListItem","position":1,"name":"Home","item":"https:\/\/www.fiscalia.gov.co\/colombia\/"},{"@type":"ListItem","position":2,"name":"Fiscal\u00eda fortalece equipo para combatir la trata transnacional de personas"}]},{"@type":"WebSite","@id":"https:\/\/www.fiscalia.gov.co\/colombia\/#website","url":"https:\/\/www.fiscalia.gov.co\/colombia\/","name":"Fiscal\u00eda General de la Naci\u00f3n","description":"P\u00e1gina oficial de la Fiscal\u00eda General de la Naci\u00f3n \u2013 Colombia. Garantizamos el acceso efectivo a la justicia, la verdad y la reparaci\u00f3n de las v\u00edctimas de los delitos.","publisher":{"@id":"https:\/\/www.fiscalia.gov.co\/colombia\/#organization"},"potentialAction":[{"@type":"SearchAction","target":{"@type":"EntryPoint","urlTemplate":"https:\/\/www.fiscalia.gov.co\/colombia\/?s={search_term_string}"},"query-input":{"@type":"PropertyValueSpecification","valueRequired":true,"valueName":"search_term_string"}}],"inLanguage":"es-CO"},{"@type":"Organization","@id":"https:\/\/www.fiscalia.gov.co\/colombia\/#organization","name":"Fiscal\u00eda General de la Naci\u00f3n","url":"https:\/\/www.fiscalia.gov.co\/colombia\/","logo":{"@type":"ImageObject","inLanguage":"es-CO","@id":"https:\/\/www.fiscalia.gov.co\/colombia\/#\/schema\/logo\/image\/","url":"https:\/\/www.fiscalia.gov.co\/colombia\/wp-content\/uploads\/LogoHorizontal_1.jpg","contentUrl":"https:\/\/www.fiscalia.gov.co\/colombia\/wp-content\/uploads\/LogoHorizontal_1.jpg","width":300,"height":90,"caption":"Fiscal\u00eda General de la Naci\u00f3n"},"image":{"@id":"https:\/\/www.fiscalia.gov.co\/colombia\/#\/schema\/logo\/image\/"},"sameAs":["https:\/\/www.facebook.com\/FiscaliaCol","https:\/\/x.com\/FiscaliaCol","https:\/\/www.instagram.com\/fiscaliacol","https:\/\/www.linkedin.com\/company\/fiscalia-general-de-la-naci-n\/","https:\/\/youtube.com\/@fiscaliageneraldelanacion-4668?si=6nN79nyQICPU5iTh"]},{"@type":"Person","@id":"https:\/\/www.fiscalia.gov.co\/colombia\/#\/schema\/person\/06aa2210fe4d79203f428ff671dee360","name":"Ana Mar\u00eda Gomez","image":{"@type":"ImageObject","inLanguage":"es-CO","@id":"https:\/\/www.fiscalia.gov.co\/colombia\/#\/schema\/person\/image\/","url":"https:\/\/secure.gravatar.com\/avatar\/a38115d98a7f8a96cbb96af2b2c37a0b?s=96&d=mm&r=g","contentUrl":"https:\/\/secure.gravatar.com\/avatar\/a38115d98a7f8a96cbb96af2b2c37a0b?s=96&d=mm&r=g","caption":"Ana Mar\u00eda Gomez"},"url":"https:\/\/www.fiscalia.gov.co\/colombia\/author\/agomez\/"}]}},"_links":{"self":[{"href":"https:\/\/www.fiscalia.gov.co\/colombia\/wp-json\/wp\/v2\/posts\/209481","targetHints":{"allow":["GET"]}}],"collection":[{"href":"https:\/\/www.fiscalia.gov.co\/colombia\/wp-json\/wp\/v2\/posts"}],"about":[{"href":"https:\/\/www.fiscalia.gov.co\/colombia\/wp-json\/wp\/v2\/types\/post"}],"author":[{"embeddable":true,"href":"https:\/\/www.fiscalia.gov.co\/colombia\/wp-json\/wp\/v2\/users\/171"}],"replies":[{"embeddable":true,"href":"https:\/\/www.fiscalia.gov.co\/colombia\/wp-json\/wp\/v2\/comments?post=209481"}],"version-history":[{"count":2,"href":"https:\/\/www.fiscalia.gov.co\/colombia\/wp-json\/wp\/v2\/posts\/209481\/revisions"}],"predecessor-version":[{"id":209483,"href":"https:\/\/www.fiscalia.gov.co\/colombia\/wp-json\/wp\/v2\/posts\/209481\/revisions\/209483"}],"wp:attachment":[{"href":"https:\/\/www.fiscalia.gov.co\/colombia\/wp-json\/wp\/v2\/media?parent=209481"}],"wp:term":[{"taxonomy":"category","embeddable":true,"href":"https:\/\/www.fiscalia.gov.co\/colombia\/wp-json\/wp\/v2\/categories?post=209481"},{"taxonomy":"post_tag","embeddable":true,"href":"https:\/\/www.fiscalia.gov.co\/colombia\/wp-json\/wp\/v2\/tags?post=209481"}],"curies":[{"name":"wp","href":"https:\/\/api.w.org\/{rel}","templated":true}]}}