{"id":209454,"date":"2020-12-14T15:30:59","date_gmt":"2020-12-14T20:30:59","guid":{"rendered":"https:\/\/www.fiscalia.gov.co\/colombia\/?p=209454"},"modified":"2020-12-17T13:05:42","modified_gmt":"2020-12-17T18:05:42","slug":"fiscalia-destruyo-2-5-toneladas-de-cocaina-de-la-guerrilla-del-eln","status":"publish","type":"post","link":"https:\/\/www.fiscalia.gov.co\/colombia\/noticias\/fiscalia-destruyo-2-5-toneladas-de-cocaina-de-la-guerrilla-del-eln\/","title":{"rendered":"Fiscal\u00eda destruy\u00f3 2.5 toneladas de coca\u00edna de la guerrilla del ELN"},"content":{"rendered":"<blockquote class=\"td_quote_box td_box_center\">\n<h4 class=\"s5\" style=\"text-align: left;\"><span class=\"s6\"><span class=\"bumpedFont15\"><em><strong>El complejo cocalero ubicado en zona monta\u00f1osa en el departamento de Nari\u00f1o ten\u00eda un valor de 4 millones de d\u00f3lares.<\/strong><\/em>\u00a0<\/span><\/span><\/h4>\n<\/blockquote>\n<p class=\"s5\"><span class=\"s7\"><span class=\"bumpedFont15\">Durante 48 horas, servidores del Grupo de Investigaciones Especiales del CTI con apoyo del Ej\u00e9rcito Nacional y la Fuerza A\u00e9rea se internaron en zona rural monta\u00f1osa del municipio de Cumbitara (Nari\u00f1o) para ubicar, allanar y destruir un laboratorio para el procesamiento de coca\u00edna perteneciente a una <\/span><\/span><span class=\"s8\"><span class=\"bumpedFont15\">columna m\u00f3vil del ELN<\/span><\/span><span class=\"s7\"><span class=\"bumpedFont15\">, al mando alias Fercho, quien al parecer trafica narc\u00f3ticos para <\/span><\/span><span class=\"s8\"><span class=\"bumpedFont15\">carteles mexicanos<\/span><\/span><span class=\"s7\"><span class=\"bumpedFont15\">.<\/span><\/span><\/p>\n<p class=\"s5\"><span class=\"s7\"><span class=\"bumpedFont15\">La investigaci\u00f3n coordinada por un fiscal destacado ante el CTI, con base en informaci\u00f3n de la DEA (en ingl\u00e9s,<\/span><\/span><span class=\"s9\"><span class=\"bumpedFont15\"> Drug Enforcement Administration)<\/span><\/span><span class=\"s9\"><span class=\"bumpedFont15\">, permiti\u00f3 establecer que el complejo cocalero<\/span><\/span><span class=\"s7\"><span class=\"bumpedFont15\"> ten\u00eda un valor de <\/span><\/span><span class=\"s8\"><span class=\"bumpedFont15\">cuatro millones de d\u00f3lares<\/span><\/span><span class=\"s7\"><span class=\"bumpedFont15\">, por la droga, insumos y equipos incautados.<\/span><\/span><\/p>\n<p class=\"s5\"><span class=\"s7\"><span class=\"bumpedFont15\">El laboratorio estaba conformado por ocho edificaciones artesanales acondicionadas para que al menos 50 personas realizaran una <\/span><\/span><span class=\"s8\"><span class=\"bumpedFont15\">producci\u00f3n mensual de 5 toneladas de coca\u00edna<\/span><\/span><span class=\"s7\"><span class=\"bumpedFont15\">.<\/span><\/span><\/p>\n<p class=\"s5\"><span class=\"s7\"><span class=\"bumpedFont15\">Durante el allanamiento, las autoridades hallaron <\/span><\/span><span class=\"s8\"><span class=\"bumpedFont15\">2.5 toneladas de coca\u00edna<\/span><\/span><span class=\"s7\"><span class=\"bumpedFont15\"> lista para ser embalada, media tonelada de pasta <\/span><\/span><span class=\"s8\"><span class=\"bumpedFont15\">base de coca<\/span><\/span><span class=\"s7\"><span class=\"bumpedFont15\">, 2.831 galones de qu\u00edmicos, 1.345 kilos de insumos, 324 kilos de alimentos y v\u00edveres, y un centenar de m\u00e1quinas y materiales requeridos para producir la droga que ser\u00eda comercializada en <\/span><\/span><span class=\"s8\"><span class=\"bumpedFont15\">Centroam\u00e9rica<\/span><\/span><span class=\"s7\"><span class=\"bumpedFont15\"> y en <\/span><\/span><span class=\"s8\"><span class=\"bumpedFont15\">Estados Unidos.<\/span><\/span><\/p>\n<p class=\"s5\"><span class=\"s7\"><span class=\"bumpedFont15\">El resultado exitoso de la operaci\u00f3n obedece al Direccionamiento Estrat\u00e9gico 2020-2024 trazado por el Fiscal General, Francisco Barbosa Delgado, para combatir las organizaciones criminales dedicadas al tr\u00e1fico de estupefacientes e impactar sus rentas criminales.<\/span><\/span><\/p>\n<div style=\"width: 696px;\" class=\"wp-video\"><!--[if lt IE 9]><script>document.createElement('video');<\/script><![endif]-->\n<video class=\"wp-video-shortcode\" id=\"video-209454-1\" width=\"696\" height=\"392\" preload=\"metadata\" controls=\"controls\"><source type=\"video\/mp4\" src=\"https:\/\/www.fiscalia.gov.co\/colombia\/wp-content\/uploads\/WhatsApp-Video-2020-12-14-at-3.22.32-PM.mp4?_=1\" \/><a href=\"https:\/\/www.fiscalia.gov.co\/colombia\/wp-content\/uploads\/WhatsApp-Video-2020-12-14-at-3.22.32-PM.mp4\">https:\/\/www.fiscalia.gov.co\/colombia\/wp-content\/uploads\/WhatsApp-Video-2020-12-14-at-3.22.32-PM.mp4<\/a><\/video><\/div>\n<p class=\"s5\"><strong><span class=\"s8\"><span class=\"bumpedFont15\">El operativo<\/span><\/span><\/strong><\/p>\n<p class=\"s5\"><span class=\"s7\"><span class=\"bumpedFont15\">Los investigadores de la Fiscal\u00eda y uniformados de las Fuerzas Militares llegaron en helic\u00f3pteros y aterrizaron en el filo de una monta\u00f1a en condiciones extremas. El recorrido de los hombres era de menos de un kil\u00f3metro, pero tardaron cerca de cuatro horas para poder llegar al sitio, en medio de la maleza y por una trocha inestable llena de lodo y barrancos.<\/span><\/span><\/p>\n<p class=\"s5\"><span class=\"s7\"><span class=\"bumpedFont15\">Dos unidades caninas que acompa\u00f1aron la operaci\u00f3n los pusieron a salvo, dado el peligro existente por las minas antipersonales ubicadas para proteger el complejo. <\/span><\/span><\/p>\n<p class=\"s5\"><span class=\"s7\"><span class=\"bumpedFont15\">Los ocho ranchos del laboratorio (dormitorio, cocina, bater\u00edas de ba\u00f1os, cuarto de plantas el\u00e9ctricas, cristalizadero, \u00e1rea de secado, entable para compresores y grandes m\u00e1quinas) estaban empotrados en la monta\u00f1a, rodeados de \u00e1rboles peque\u00f1os y una quebrada.<\/span><\/span><\/p>\n<p class=\"s5\"><span class=\"s7\"><span class=\"bumpedFont15\">Adem\u00e1s, se evidenci\u00f3 un impacto ambiental negativo por el vertimiento de desechos t\u00f3xicos residuales producto de la fabricaci\u00f3n de la coca\u00edna a la cuenca h\u00eddrica del r\u00edo Mira.<\/span><\/span><\/p>\n<p class=\"s5\"><span class=\"s7\"><span class=\"bumpedFont15\">La Fiscal\u00eda hace p\u00fablica esta informaci\u00f3n por considerarla de inter\u00e9s general.<\/span><\/span><\/p>\n<p class=\"s5\"><span class=\"s7\"><span class=\"bumpedFont15\">LAGP\/DLBM\/<\/span><\/span><span class=\"s7\"><span class=\"bumpedFont15\">AAQ<\/span><\/span><span class=\"s7\"><span class=\"bumpedFont15\">\/MRC\/<\/span><\/span><\/p>\n<p class=\"s3\">\n\n<div class=\"twitter-share\"><a href=\"https:\/\/twitter.com\/intent\/tweet?via=fiscaliacol\" class=\"twitter-share-button\">Tweet<\/a><\/div>\n","protected":false},"excerpt":{"rendered":"<p>El complejo cocalero ubicado en zona monta\u00f1osa en el departamento de Nari\u00f1o ten\u00eda un valor de 4 millones de d\u00f3lares.\u00a0 Durante 48 horas, servidores del Grupo de Investigaciones Especiales del [&hellip;]<\/p>\n","protected":false},"author":171,"featured_media":0,"comment_status":"closed","ping_status":"open","sticky":false,"template":"","format":"video","meta":{"tdm_status":"","tdm_grid_status":"","footnotes":""},"categories":[1],"tags":[19,762,24185,4614,10666],"class_list":["post-209454","post","type-post","status-publish","format-video","category-noticias","tag-cocaina","tag-eln","tag-fiscal-barbosa","tag-fiscalia-2","tag-narino","post_format-post-format-video"],"yoast_head":"<!-- This site is optimized with the Yoast SEO plugin v24.3 - https:\/\/yoast.com\/wordpress\/plugins\/seo\/ -->\n<title>Fiscal\u00eda General de la Naci\u00f3n<\/title>\n<meta name=\"description\" content=\"P\u00e1gina oficial de la Fiscal\u00eda General de la Naci\u00f3n \u2013 Colombia. Garantizamos el acceso efectivo a la justicia, la verdad y la reparaci\u00f3n de las v\u00edctimas de los delitos.\" \/>\n<meta name=\"robots\" content=\"noindex, follow\" \/>\n<meta property=\"og:locale\" content=\"es_ES\" \/>\n<meta property=\"og:type\" content=\"article\" \/>\n<meta property=\"og:title\" content=\"Fiscal\u00eda General de la Naci\u00f3n\" \/>\n<meta property=\"og:description\" content=\"P\u00e1gina oficial de la Fiscal\u00eda General de la Naci\u00f3n \u2013 Colombia. Garantizamos el acceso efectivo a la justicia, la verdad y la reparaci\u00f3n de las v\u00edctimas de los delitos.\" \/>\n<meta property=\"og:url\" content=\"https:\/\/www.fiscalia.gov.co\/colombia\/noticias\/fiscalia-destruyo-2-5-toneladas-de-cocaina-de-la-guerrilla-del-eln\/\" \/>\n<meta property=\"og:site_name\" content=\"Fiscal\u00eda General de la Naci\u00f3n\" \/>\n<meta property=\"article:publisher\" content=\"https:\/\/www.facebook.com\/FiscaliaCol\" \/>\n<meta property=\"article:published_time\" content=\"2020-12-14T20:30:59+00:00\" \/>\n<meta property=\"article:modified_time\" content=\"2020-12-17T18:05:42+00:00\" \/>\n<meta name=\"author\" content=\"Ana Mar\u00eda Gomez\" \/>\n<meta name=\"twitter:card\" content=\"summary_large_image\" \/>\n<meta name=\"twitter:creator\" content=\"@FiscaliaCol\" \/>\n<meta name=\"twitter:site\" content=\"@FiscaliaCol\" \/>\n<meta name=\"twitter:label1\" content=\"Escrito por\" \/>\n\t<meta name=\"twitter:data1\" content=\"Ana Mar\u00eda Gomez\" \/>\n\t<meta name=\"twitter:label2\" content=\"Tiempo de lectura\" \/>\n\t<meta name=\"twitter:data2\" content=\"2 minutos\" \/>\n<script type=\"application\/ld+json\" class=\"yoast-schema-graph\">{\"@context\":\"https:\/\/schema.org\",\"@graph\":[{\"@type\":\"Article\",\"@id\":\"https:\/\/www.fiscalia.gov.co\/colombia\/noticias\/fiscalia-destruyo-2-5-toneladas-de-cocaina-de-la-guerrilla-del-eln\/#article\",\"isPartOf\":{\"@id\":\"https:\/\/www.fiscalia.gov.co\/colombia\/noticias\/fiscalia-destruyo-2-5-toneladas-de-cocaina-de-la-guerrilla-del-eln\/\"},\"author\":{\"name\":\"Ana Mar\u00eda Gomez\",\"@id\":\"https:\/\/www.fiscalia.gov.co\/colombia\/#\/schema\/person\/06aa2210fe4d79203f428ff671dee360\"},\"headline\":\"Fiscal\u00eda destruy\u00f3 2.5 toneladas de coca\u00edna de la guerrilla del ELN\",\"datePublished\":\"2020-12-14T20:30:59+00:00\",\"dateModified\":\"2020-12-17T18:05:42+00:00\",\"mainEntityOfPage\":{\"@id\":\"https:\/\/www.fiscalia.gov.co\/colombia\/noticias\/fiscalia-destruyo-2-5-toneladas-de-cocaina-de-la-guerrilla-del-eln\/\"},\"wordCount\":478,\"publisher\":{\"@id\":\"https:\/\/www.fiscalia.gov.co\/colombia\/#organization\"},\"keywords\":[\"Coca\u00edna\",\"Eln\",\"Fiscal Barbosa\",\"Fiscal\u00eda\",\"Nari\u00f1o\"],\"articleSection\":[\"Noticias\"],\"inLanguage\":\"es-CO\"},{\"@type\":\"WebPage\",\"@id\":\"https:\/\/www.fiscalia.gov.co\/colombia\/noticias\/fiscalia-destruyo-2-5-toneladas-de-cocaina-de-la-guerrilla-del-eln\/\",\"url\":\"https:\/\/www.fiscalia.gov.co\/colombia\/noticias\/fiscalia-destruyo-2-5-toneladas-de-cocaina-de-la-guerrilla-del-eln\/\",\"name\":\"Fiscal\u00eda General de la Naci\u00f3n\",\"isPartOf\":{\"@id\":\"https:\/\/www.fiscalia.gov.co\/colombia\/#website\"},\"datePublished\":\"2020-12-14T20:30:59+00:00\",\"dateModified\":\"2020-12-17T18:05:42+00:00\",\"description\":\"P\u00e1gina oficial de la Fiscal\u00eda General de la Naci\u00f3n \u2013 Colombia. Garantizamos el acceso efectivo a la justicia, la verdad y la reparaci\u00f3n de las v\u00edctimas de los delitos.\",\"breadcrumb\":{\"@id\":\"https:\/\/www.fiscalia.gov.co\/colombia\/noticias\/fiscalia-destruyo-2-5-toneladas-de-cocaina-de-la-guerrilla-del-eln\/#breadcrumb\"},\"inLanguage\":\"es-CO\",\"potentialAction\":[{\"@type\":\"ReadAction\",\"target\":[\"https:\/\/www.fiscalia.gov.co\/colombia\/noticias\/fiscalia-destruyo-2-5-toneladas-de-cocaina-de-la-guerrilla-del-eln\/\"]}]},{\"@type\":\"BreadcrumbList\",\"@id\":\"https:\/\/www.fiscalia.gov.co\/colombia\/noticias\/fiscalia-destruyo-2-5-toneladas-de-cocaina-de-la-guerrilla-del-eln\/#breadcrumb\",\"itemListElement\":[{\"@type\":\"ListItem\",\"position\":1,\"name\":\"Home\",\"item\":\"https:\/\/www.fiscalia.gov.co\/colombia\/\"},{\"@type\":\"ListItem\",\"position\":2,\"name\":\"Fiscal\u00eda destruy\u00f3 2.5 toneladas de coca\u00edna de la guerrilla del ELN\"}]},{\"@type\":\"WebSite\",\"@id\":\"https:\/\/www.fiscalia.gov.co\/colombia\/#website\",\"url\":\"https:\/\/www.fiscalia.gov.co\/colombia\/\",\"name\":\"Fiscal\u00eda General de la Naci\u00f3n\",\"description\":\"P\u00e1gina oficial de la Fiscal\u00eda General de la Naci\u00f3n \u2013 Colombia. Garantizamos el acceso efectivo a la justicia, la verdad y la reparaci\u00f3n de las v\u00edctimas de los delitos.\",\"publisher\":{\"@id\":\"https:\/\/www.fiscalia.gov.co\/colombia\/#organization\"},\"potentialAction\":[{\"@type\":\"SearchAction\",\"target\":{\"@type\":\"EntryPoint\",\"urlTemplate\":\"https:\/\/www.fiscalia.gov.co\/colombia\/?s={search_term_string}\"},\"query-input\":{\"@type\":\"PropertyValueSpecification\",\"valueRequired\":true,\"valueName\":\"search_term_string\"}}],\"inLanguage\":\"es-CO\"},{\"@type\":\"Organization\",\"@id\":\"https:\/\/www.fiscalia.gov.co\/colombia\/#organization\",\"name\":\"Fiscal\u00eda General de la Naci\u00f3n\",\"url\":\"https:\/\/www.fiscalia.gov.co\/colombia\/\",\"logo\":{\"@type\":\"ImageObject\",\"inLanguage\":\"es-CO\",\"@id\":\"https:\/\/www.fiscalia.gov.co\/colombia\/#\/schema\/logo\/image\/\",\"url\":\"https:\/\/www.fiscalia.gov.co\/colombia\/wp-content\/uploads\/LogoHorizontal_1.jpg\",\"contentUrl\":\"https:\/\/www.fiscalia.gov.co\/colombia\/wp-content\/uploads\/LogoHorizontal_1.jpg\",\"width\":300,\"height\":90,\"caption\":\"Fiscal\u00eda General de la Naci\u00f3n\"},\"image\":{\"@id\":\"https:\/\/www.fiscalia.gov.co\/colombia\/#\/schema\/logo\/image\/\"},\"sameAs\":[\"https:\/\/www.facebook.com\/FiscaliaCol\",\"https:\/\/x.com\/FiscaliaCol\",\"https:\/\/www.instagram.com\/fiscaliacol\",\"https:\/\/www.linkedin.com\/company\/fiscalia-general-de-la-naci-n\/\",\"https:\/\/youtube.com\/@fiscaliageneraldelanacion-4668?si=6nN79nyQICPU5iTh\"]},{\"@type\":\"Person\",\"@id\":\"https:\/\/www.fiscalia.gov.co\/colombia\/#\/schema\/person\/06aa2210fe4d79203f428ff671dee360\",\"name\":\"Ana Mar\u00eda Gomez\",\"image\":{\"@type\":\"ImageObject\",\"inLanguage\":\"es-CO\",\"@id\":\"https:\/\/www.fiscalia.gov.co\/colombia\/#\/schema\/person\/image\/\",\"url\":\"https:\/\/secure.gravatar.com\/avatar\/a38115d98a7f8a96cbb96af2b2c37a0b?s=96&d=mm&r=g\",\"contentUrl\":\"https:\/\/secure.gravatar.com\/avatar\/a38115d98a7f8a96cbb96af2b2c37a0b?s=96&d=mm&r=g\",\"caption\":\"Ana Mar\u00eda Gomez\"},\"url\":\"https:\/\/www.fiscalia.gov.co\/colombia\/author\/agomez\/\"}]}<\/script>\n<!-- \/ Yoast SEO plugin. -->","yoast_head_json":{"title":"Fiscal\u00eda General de la Naci\u00f3n","description":"P\u00e1gina oficial de la Fiscal\u00eda General de la Naci\u00f3n \u2013 Colombia. Garantizamos el acceso efectivo a la justicia, la verdad y la reparaci\u00f3n de las v\u00edctimas de los delitos.","robots":{"index":"noindex","follow":"follow"},"og_locale":"es_ES","og_type":"article","og_title":"Fiscal\u00eda General de la Naci\u00f3n","og_description":"P\u00e1gina oficial de la Fiscal\u00eda General de la Naci\u00f3n \u2013 Colombia. Garantizamos el acceso efectivo a la justicia, la verdad y la reparaci\u00f3n de las v\u00edctimas de los delitos.","og_url":"https:\/\/www.fiscalia.gov.co\/colombia\/noticias\/fiscalia-destruyo-2-5-toneladas-de-cocaina-de-la-guerrilla-del-eln\/","og_site_name":"Fiscal\u00eda General de la Naci\u00f3n","article_publisher":"https:\/\/www.facebook.com\/FiscaliaCol","article_published_time":"2020-12-14T20:30:59+00:00","article_modified_time":"2020-12-17T18:05:42+00:00","author":"Ana Mar\u00eda Gomez","twitter_card":"summary_large_image","twitter_creator":"@FiscaliaCol","twitter_site":"@FiscaliaCol","twitter_misc":{"Escrito por":"Ana Mar\u00eda Gomez","Tiempo de lectura":"2 minutos"},"schema":{"@context":"https:\/\/schema.org","@graph":[{"@type":"Article","@id":"https:\/\/www.fiscalia.gov.co\/colombia\/noticias\/fiscalia-destruyo-2-5-toneladas-de-cocaina-de-la-guerrilla-del-eln\/#article","isPartOf":{"@id":"https:\/\/www.fiscalia.gov.co\/colombia\/noticias\/fiscalia-destruyo-2-5-toneladas-de-cocaina-de-la-guerrilla-del-eln\/"},"author":{"name":"Ana Mar\u00eda Gomez","@id":"https:\/\/www.fiscalia.gov.co\/colombia\/#\/schema\/person\/06aa2210fe4d79203f428ff671dee360"},"headline":"Fiscal\u00eda destruy\u00f3 2.5 toneladas de coca\u00edna de la guerrilla del ELN","datePublished":"2020-12-14T20:30:59+00:00","dateModified":"2020-12-17T18:05:42+00:00","mainEntityOfPage":{"@id":"https:\/\/www.fiscalia.gov.co\/colombia\/noticias\/fiscalia-destruyo-2-5-toneladas-de-cocaina-de-la-guerrilla-del-eln\/"},"wordCount":478,"publisher":{"@id":"https:\/\/www.fiscalia.gov.co\/colombia\/#organization"},"keywords":["Coca\u00edna","Eln","Fiscal Barbosa","Fiscal\u00eda","Nari\u00f1o"],"articleSection":["Noticias"],"inLanguage":"es-CO"},{"@type":"WebPage","@id":"https:\/\/www.fiscalia.gov.co\/colombia\/noticias\/fiscalia-destruyo-2-5-toneladas-de-cocaina-de-la-guerrilla-del-eln\/","url":"https:\/\/www.fiscalia.gov.co\/colombia\/noticias\/fiscalia-destruyo-2-5-toneladas-de-cocaina-de-la-guerrilla-del-eln\/","name":"Fiscal\u00eda General de la Naci\u00f3n","isPartOf":{"@id":"https:\/\/www.fiscalia.gov.co\/colombia\/#website"},"datePublished":"2020-12-14T20:30:59+00:00","dateModified":"2020-12-17T18:05:42+00:00","description":"P\u00e1gina oficial de la Fiscal\u00eda General de la Naci\u00f3n \u2013 Colombia. Garantizamos el acceso efectivo a la justicia, la verdad y la reparaci\u00f3n de las v\u00edctimas de los delitos.","breadcrumb":{"@id":"https:\/\/www.fiscalia.gov.co\/colombia\/noticias\/fiscalia-destruyo-2-5-toneladas-de-cocaina-de-la-guerrilla-del-eln\/#breadcrumb"},"inLanguage":"es-CO","potentialAction":[{"@type":"ReadAction","target":["https:\/\/www.fiscalia.gov.co\/colombia\/noticias\/fiscalia-destruyo-2-5-toneladas-de-cocaina-de-la-guerrilla-del-eln\/"]}]},{"@type":"BreadcrumbList","@id":"https:\/\/www.fiscalia.gov.co\/colombia\/noticias\/fiscalia-destruyo-2-5-toneladas-de-cocaina-de-la-guerrilla-del-eln\/#breadcrumb","itemListElement":[{"@type":"ListItem","position":1,"name":"Home","item":"https:\/\/www.fiscalia.gov.co\/colombia\/"},{"@type":"ListItem","position":2,"name":"Fiscal\u00eda destruy\u00f3 2.5 toneladas de coca\u00edna de la guerrilla del ELN"}]},{"@type":"WebSite","@id":"https:\/\/www.fiscalia.gov.co\/colombia\/#website","url":"https:\/\/www.fiscalia.gov.co\/colombia\/","name":"Fiscal\u00eda General de la Naci\u00f3n","description":"P\u00e1gina oficial de la Fiscal\u00eda General de la Naci\u00f3n \u2013 Colombia. Garantizamos el acceso efectivo a la justicia, la verdad y la reparaci\u00f3n de las v\u00edctimas de los delitos.","publisher":{"@id":"https:\/\/www.fiscalia.gov.co\/colombia\/#organization"},"potentialAction":[{"@type":"SearchAction","target":{"@type":"EntryPoint","urlTemplate":"https:\/\/www.fiscalia.gov.co\/colombia\/?s={search_term_string}"},"query-input":{"@type":"PropertyValueSpecification","valueRequired":true,"valueName":"search_term_string"}}],"inLanguage":"es-CO"},{"@type":"Organization","@id":"https:\/\/www.fiscalia.gov.co\/colombia\/#organization","name":"Fiscal\u00eda General de la Naci\u00f3n","url":"https:\/\/www.fiscalia.gov.co\/colombia\/","logo":{"@type":"ImageObject","inLanguage":"es-CO","@id":"https:\/\/www.fiscalia.gov.co\/colombia\/#\/schema\/logo\/image\/","url":"https:\/\/www.fiscalia.gov.co\/colombia\/wp-content\/uploads\/LogoHorizontal_1.jpg","contentUrl":"https:\/\/www.fiscalia.gov.co\/colombia\/wp-content\/uploads\/LogoHorizontal_1.jpg","width":300,"height":90,"caption":"Fiscal\u00eda General de la Naci\u00f3n"},"image":{"@id":"https:\/\/www.fiscalia.gov.co\/colombia\/#\/schema\/logo\/image\/"},"sameAs":["https:\/\/www.facebook.com\/FiscaliaCol","https:\/\/x.com\/FiscaliaCol","https:\/\/www.instagram.com\/fiscaliacol","https:\/\/www.linkedin.com\/company\/fiscalia-general-de-la-naci-n\/","https:\/\/youtube.com\/@fiscaliageneraldelanacion-4668?si=6nN79nyQICPU5iTh"]},{"@type":"Person","@id":"https:\/\/www.fiscalia.gov.co\/colombia\/#\/schema\/person\/06aa2210fe4d79203f428ff671dee360","name":"Ana Mar\u00eda Gomez","image":{"@type":"ImageObject","inLanguage":"es-CO","@id":"https:\/\/www.fiscalia.gov.co\/colombia\/#\/schema\/person\/image\/","url":"https:\/\/secure.gravatar.com\/avatar\/a38115d98a7f8a96cbb96af2b2c37a0b?s=96&d=mm&r=g","contentUrl":"https:\/\/secure.gravatar.com\/avatar\/a38115d98a7f8a96cbb96af2b2c37a0b?s=96&d=mm&r=g","caption":"Ana Mar\u00eda Gomez"},"url":"https:\/\/www.fiscalia.gov.co\/colombia\/author\/agomez\/"}]}},"_links":{"self":[{"href":"https:\/\/www.fiscalia.gov.co\/colombia\/wp-json\/wp\/v2\/posts\/209454","targetHints":{"allow":["GET"]}}],"collection":[{"href":"https:\/\/www.fiscalia.gov.co\/colombia\/wp-json\/wp\/v2\/posts"}],"about":[{"href":"https:\/\/www.fiscalia.gov.co\/colombia\/wp-json\/wp\/v2\/types\/post"}],"author":[{"embeddable":true,"href":"https:\/\/www.fiscalia.gov.co\/colombia\/wp-json\/wp\/v2\/users\/171"}],"replies":[{"embeddable":true,"href":"https:\/\/www.fiscalia.gov.co\/colombia\/wp-json\/wp\/v2\/comments?post=209454"}],"version-history":[{"count":5,"href":"https:\/\/www.fiscalia.gov.co\/colombia\/wp-json\/wp\/v2\/posts\/209454\/revisions"}],"predecessor-version":[{"id":209469,"href":"https:\/\/www.fiscalia.gov.co\/colombia\/wp-json\/wp\/v2\/posts\/209454\/revisions\/209469"}],"wp:attachment":[{"href":"https:\/\/www.fiscalia.gov.co\/colombia\/wp-json\/wp\/v2\/media?parent=209454"}],"wp:term":[{"taxonomy":"category","embeddable":true,"href":"https:\/\/www.fiscalia.gov.co\/colombia\/wp-json\/wp\/v2\/categories?post=209454"},{"taxonomy":"post_tag","embeddable":true,"href":"https:\/\/www.fiscalia.gov.co\/colombia\/wp-json\/wp\/v2\/tags?post=209454"}],"curies":[{"name":"wp","href":"https:\/\/api.w.org\/{rel}","templated":true}]}}