{"id":209402,"date":"2020-12-14T08:30:18","date_gmt":"2020-12-14T13:30:18","guid":{"rendered":"https:\/\/www.fiscalia.gov.co\/colombia\/?p=209402"},"modified":"2020-12-14T08:31:03","modified_gmt":"2020-12-14T13:31:03","slug":"capturados-con-fines-de-extradicion-tres-presuntos-narcotraficantes","status":"publish","type":"post","link":"https:\/\/www.fiscalia.gov.co\/colombia\/narcotrafico\/capturados-con-fines-de-extradicion-tres-presuntos-narcotraficantes\/","title":{"rendered":"Capturados con fines de extradici\u00f3n tres presuntos narcotraficantes"},"content":{"rendered":"<h4><strong><i><span lang=\"ES\">Los detenidos, quienes al parecer conformaban una red delincuencial, son requeridos por una Corte Federal de Puerto Rico. \u00a0<\/span><\/i><\/strong><\/h4>\n<p><span lang=\"ES\">Luego de varios meses de investigaci\u00f3n, la\u00a0<b>Delegada contra la Criminalidad Organizada<\/b>, en el marco del acuerdo de cooperaci\u00f3n entre la Fiscal\u00eda General de la Naci\u00f3n y la\u00a0<b>Agencia U.S. Marshals<\/b>\u00a0del Departamento de Justicia de los Estados Unidos de Am\u00e9rica, captur\u00f3 con fines de\u00a0<b>extradici\u00f3n<\/b>\u00a0a 3 hombres que presuntamente enviaban droga por v\u00eda mar\u00edtima a Puerto Rico.\u00a0<\/span><\/p>\n<p><span lang=\"ES\">Una corte distrital de los Estados Unidos para el\u00a0<b>Distrito de Puerto Rico<\/b>\u00a0solicit\u00f3 su captura en septiembre de 2019, para que respondan en ese Estado por los delitos de\u00a0<b>concierto para delinquir<\/b>\u00a0y\u00a0<b>tr\u00e1fico de estupefacientes<\/b>. \u00a0<\/span><\/p>\n<p><span lang=\"ES\">En octubre de 2014 fue incautado un cargamento de 227 kilos de coca\u00edna por la Guardia Costera estadounidense que permiti\u00f3 identificar a la\u00a0<b>red delictiva<\/b>. Se estableci\u00f3 que lanchas cargadas con coca\u00edna part\u00edan desde puertos en la\u00a0<b>Costa Atl\u00e1ntica<\/b>\u00a0colombiana hacia altamar, donde se entregaba la mercanc\u00eda a otras embarcaciones que la ubicaban en puertos norteamericanos. \u00a0<\/span><\/p>\n<p><span lang=\"ES\">Las capturas se realizaron en Bogot\u00e1 y Barranquilla entre el 27 de noviembre \u00faltimo y este 11 de diciembre. Los detenidos quienes al parecer hac\u00edan parte de la estructura delincuencial son: \u00a0<\/span><\/p>\n<ul>\n<li><span lang=\"ES\">Gustavo Barbosa Rodr\u00edguez, presunto cabecilla de la red delincuencial y aparente propietario de la coca\u00edna incautada.\u00a0<\/span><\/li>\n<li><span lang=\"ES\">Jos\u00e9 Elver Serrano, supuesto responsable de la log\u00edstica.\u00a0<\/span><\/li>\n<li><span lang=\"ES\">Eduardo Paterson Manuel, capit\u00e1n de la embarcaci\u00f3n que habr\u00eda transportado los 227 kilos de coca a Puerto Rico, tras realizar el intercambio en altamar. \u00a0<\/span><span lang=\"ES\">Estas personas fueron puestas a disposici\u00f3n de la Direcci\u00f3n de Asuntos Internacionales de la Fiscal\u00eda, mientras se adelantan los procesos administrativos y diplom\u00e1ticos requeridos para concretar su extradici\u00f3n. \u00a0<\/span>\n<p><span lang=\"ES\">La cooperaci\u00f3n internacional contra los\u00a0<b>delitos trasnacionales<\/b>\u00a0que afectan la salud p\u00fablica, as\u00ed como la afectaci\u00f3n a las rentas il\u00edcitas de organizaciones delincuenciales, son un prop\u00f3sito prioritario del Direccionamiento Estrat\u00e9gico 2020-2024 establecido por Fiscal General, Francisco Barbosa Delgado.\u00a0<\/span><\/p>\n<p><span lang=\"ES\">La Fiscal\u00eda hace p\u00fablica esta informaci\u00f3n por considerarla de inter\u00e9s general. \u00a0<\/span><\/p>\n<p><span lang=\"ES\">LAGP\/DLBM\/JGT\/MRC<\/span>\/<\/li>\n<\/ul>\n<p><em>La informaci\u00f3n contenida en este bolet\u00edn de prensa corresponde a la narraci\u00f3n de los hechos noticiosos objetivos, suministrados por los funcionarios encargados de adelantar las investigaciones penles al interior de la Fiscal\u00eda General de la Naci\u00f3n. Para el momento de la divulgaci\u00f3n de este comunicado, la situaci\u00f3n jur\u00eddica de la(s) persona(s) relacionada(s) se encuentra pendiente de resolver por la autoridad judicial competente, siempre bajo los preceptos de la presunci\u00f3n de inocencia, consagrados en el art\u00edculo 29 de la Constituci\u00f3n Pol\u00edtica y el art\u00edculo 7\u00ba de la Ley 906 de 2004.<\/em><\/p>\n\n<div class=\"twitter-share\"><a href=\"https:\/\/twitter.com\/intent\/tweet?via=fiscaliacol\" class=\"twitter-share-button\">Tweet<\/a><\/div>\n","protected":false},"excerpt":{"rendered":"<p>Los detenidos, quienes al parecer conformaban una red delincuencial, son requeridos por una Corte Federal de Puerto Rico. \u00a0 Luego de varios meses de investigaci\u00f3n, la\u00a0Delegada contra la Criminalidad Organizada, en el marco del acuerdo de cooperaci\u00f3n entre la Fiscal\u00eda General de la Naci\u00f3n y la\u00a0Agencia U.S. Marshals\u00a0del Departamento de Justicia de los Estados Unidos [&hellip;]<\/p>\n","protected":false},"author":171,"featured_media":0,"comment_status":"closed","ping_status":"open","sticky":false,"template":"","format":"standard","meta":{"tdm_status":"","tdm_grid_status":"","footnotes":""},"categories":[24115],"tags":[25005,25006,2663,2300,24305,24187,148],"class_list":{"0":"post-209402","1":"post","2":"type-post","3":"status-publish","4":"format-standard","6":"category-narcotrafico","7":"tag-agencia-u-s-marshals","8":"tag-delitos-transnacionales","9":"tag-estados-unidos","10":"tag-extradicion","11":"tag-fiscal-general-francisco-barbosa","12":"tag-fiscalia-colombia","13":"tag-narcotrafico"},"yoast_head":"<!-- This site is optimized with the Yoast SEO plugin v24.3 - https:\/\/yoast.com\/wordpress\/plugins\/seo\/ -->\n<title>Fiscal\u00eda General de la Naci\u00f3n<\/title>\n<meta name=\"description\" content=\"P\u00e1gina oficial de la Fiscal\u00eda General de la Naci\u00f3n \u2013 Colombia. Garantizamos el acceso efectivo a la justicia, la verdad y la reparaci\u00f3n de las v\u00edctimas de los delitos.\" \/>\n<meta name=\"robots\" content=\"noindex, follow\" \/>\n<meta property=\"og:locale\" content=\"es_ES\" \/>\n<meta property=\"og:type\" content=\"article\" \/>\n<meta property=\"og:title\" content=\"Fiscal\u00eda General de la Naci\u00f3n\" \/>\n<meta property=\"og:description\" content=\"P\u00e1gina oficial de la Fiscal\u00eda General de la Naci\u00f3n \u2013 Colombia. Garantizamos el acceso efectivo a la justicia, la verdad y la reparaci\u00f3n de las v\u00edctimas de los delitos.\" \/>\n<meta property=\"og:url\" content=\"https:\/\/www.fiscalia.gov.co\/colombia\/narcotrafico\/capturados-con-fines-de-extradicion-tres-presuntos-narcotraficantes\/\" \/>\n<meta property=\"og:site_name\" content=\"Fiscal\u00eda General de la Naci\u00f3n\" \/>\n<meta property=\"article:publisher\" content=\"https:\/\/www.facebook.com\/FiscaliaCol\" \/>\n<meta property=\"article:published_time\" content=\"2020-12-14T13:30:18+00:00\" \/>\n<meta property=\"article:modified_time\" content=\"2020-12-14T13:31:03+00:00\" \/>\n<meta name=\"author\" content=\"Ana Mar\u00eda Gomez\" \/>\n<meta name=\"twitter:card\" content=\"summary_large_image\" \/>\n<meta name=\"twitter:creator\" content=\"@FiscaliaCol\" \/>\n<meta name=\"twitter:site\" content=\"@FiscaliaCol\" \/>\n<meta name=\"twitter:label1\" content=\"Escrito por\" \/>\n\t<meta name=\"twitter:data1\" content=\"Ana Mar\u00eda Gomez\" \/>\n\t<meta name=\"twitter:label2\" content=\"Tiempo de lectura\" \/>\n\t<meta name=\"twitter:data2\" content=\"2 minutos\" \/>\n<script type=\"application\/ld+json\" class=\"yoast-schema-graph\">{\"@context\":\"https:\/\/schema.org\",\"@graph\":[{\"@type\":\"Article\",\"@id\":\"https:\/\/www.fiscalia.gov.co\/colombia\/narcotrafico\/capturados-con-fines-de-extradicion-tres-presuntos-narcotraficantes\/#article\",\"isPartOf\":{\"@id\":\"https:\/\/www.fiscalia.gov.co\/colombia\/narcotrafico\/capturados-con-fines-de-extradicion-tres-presuntos-narcotraficantes\/\"},\"author\":{\"name\":\"Ana Mar\u00eda Gomez\",\"@id\":\"https:\/\/www.fiscalia.gov.co\/colombia\/#\/schema\/person\/06aa2210fe4d79203f428ff671dee360\"},\"headline\":\"Capturados con fines de extradici\u00f3n tres presuntos narcotraficantes\",\"datePublished\":\"2020-12-14T13:30:18+00:00\",\"dateModified\":\"2020-12-14T13:31:03+00:00\",\"mainEntityOfPage\":{\"@id\":\"https:\/\/www.fiscalia.gov.co\/colombia\/narcotrafico\/capturados-con-fines-de-extradicion-tres-presuntos-narcotraficantes\/\"},\"wordCount\":471,\"publisher\":{\"@id\":\"https:\/\/www.fiscalia.gov.co\/colombia\/#organization\"},\"keywords\":[\"Agencia U.S. Marshals\",\"delitos transnacionales\",\"Estados Unidos\",\"Extradici\u00f3n\",\"Fiscal General Francisco Barbosa\",\"Fiscal\u00eda Colombia\",\"Narcotr\u00e1fico\"],\"articleSection\":[\"Narcotr\u00e1fico\"],\"inLanguage\":\"es-CO\"},{\"@type\":\"WebPage\",\"@id\":\"https:\/\/www.fiscalia.gov.co\/colombia\/narcotrafico\/capturados-con-fines-de-extradicion-tres-presuntos-narcotraficantes\/\",\"url\":\"https:\/\/www.fiscalia.gov.co\/colombia\/narcotrafico\/capturados-con-fines-de-extradicion-tres-presuntos-narcotraficantes\/\",\"name\":\"Fiscal\u00eda General de la Naci\u00f3n\",\"isPartOf\":{\"@id\":\"https:\/\/www.fiscalia.gov.co\/colombia\/#website\"},\"datePublished\":\"2020-12-14T13:30:18+00:00\",\"dateModified\":\"2020-12-14T13:31:03+00:00\",\"description\":\"P\u00e1gina oficial de la Fiscal\u00eda General de la Naci\u00f3n \u2013 Colombia. Garantizamos el acceso efectivo a la justicia, la verdad y la reparaci\u00f3n de las v\u00edctimas de los delitos.\",\"breadcrumb\":{\"@id\":\"https:\/\/www.fiscalia.gov.co\/colombia\/narcotrafico\/capturados-con-fines-de-extradicion-tres-presuntos-narcotraficantes\/#breadcrumb\"},\"inLanguage\":\"es-CO\",\"potentialAction\":[{\"@type\":\"ReadAction\",\"target\":[\"https:\/\/www.fiscalia.gov.co\/colombia\/narcotrafico\/capturados-con-fines-de-extradicion-tres-presuntos-narcotraficantes\/\"]}]},{\"@type\":\"BreadcrumbList\",\"@id\":\"https:\/\/www.fiscalia.gov.co\/colombia\/narcotrafico\/capturados-con-fines-de-extradicion-tres-presuntos-narcotraficantes\/#breadcrumb\",\"itemListElement\":[{\"@type\":\"ListItem\",\"position\":1,\"name\":\"Home\",\"item\":\"https:\/\/www.fiscalia.gov.co\/colombia\/\"},{\"@type\":\"ListItem\",\"position\":2,\"name\":\"Capturados con fines de extradici\u00f3n tres presuntos narcotraficantes\"}]},{\"@type\":\"WebSite\",\"@id\":\"https:\/\/www.fiscalia.gov.co\/colombia\/#website\",\"url\":\"https:\/\/www.fiscalia.gov.co\/colombia\/\",\"name\":\"Fiscal\u00eda General de la Naci\u00f3n\",\"description\":\"P\u00e1gina oficial de la Fiscal\u00eda General de la Naci\u00f3n \u2013 Colombia. Garantizamos el acceso efectivo a la justicia, la verdad y la reparaci\u00f3n de las v\u00edctimas de los delitos.\",\"publisher\":{\"@id\":\"https:\/\/www.fiscalia.gov.co\/colombia\/#organization\"},\"potentialAction\":[{\"@type\":\"SearchAction\",\"target\":{\"@type\":\"EntryPoint\",\"urlTemplate\":\"https:\/\/www.fiscalia.gov.co\/colombia\/?s={search_term_string}\"},\"query-input\":{\"@type\":\"PropertyValueSpecification\",\"valueRequired\":true,\"valueName\":\"search_term_string\"}}],\"inLanguage\":\"es-CO\"},{\"@type\":\"Organization\",\"@id\":\"https:\/\/www.fiscalia.gov.co\/colombia\/#organization\",\"name\":\"Fiscal\u00eda General de la Naci\u00f3n\",\"url\":\"https:\/\/www.fiscalia.gov.co\/colombia\/\",\"logo\":{\"@type\":\"ImageObject\",\"inLanguage\":\"es-CO\",\"@id\":\"https:\/\/www.fiscalia.gov.co\/colombia\/#\/schema\/logo\/image\/\",\"url\":\"https:\/\/www.fiscalia.gov.co\/colombia\/wp-content\/uploads\/LogoHorizontal_1.jpg\",\"contentUrl\":\"https:\/\/www.fiscalia.gov.co\/colombia\/wp-content\/uploads\/LogoHorizontal_1.jpg\",\"width\":300,\"height\":90,\"caption\":\"Fiscal\u00eda General de la Naci\u00f3n\"},\"image\":{\"@id\":\"https:\/\/www.fiscalia.gov.co\/colombia\/#\/schema\/logo\/image\/\"},\"sameAs\":[\"https:\/\/www.facebook.com\/FiscaliaCol\",\"https:\/\/x.com\/FiscaliaCol\",\"https:\/\/www.instagram.com\/fiscaliacol\",\"https:\/\/www.linkedin.com\/company\/fiscalia-general-de-la-naci-n\/\",\"https:\/\/youtube.com\/@fiscaliageneraldelanacion-4668?si=6nN79nyQICPU5iTh\"]},{\"@type\":\"Person\",\"@id\":\"https:\/\/www.fiscalia.gov.co\/colombia\/#\/schema\/person\/06aa2210fe4d79203f428ff671dee360\",\"name\":\"Ana Mar\u00eda Gomez\",\"image\":{\"@type\":\"ImageObject\",\"inLanguage\":\"es-CO\",\"@id\":\"https:\/\/www.fiscalia.gov.co\/colombia\/#\/schema\/person\/image\/\",\"url\":\"https:\/\/secure.gravatar.com\/avatar\/a38115d98a7f8a96cbb96af2b2c37a0b?s=96&d=mm&r=g\",\"contentUrl\":\"https:\/\/secure.gravatar.com\/avatar\/a38115d98a7f8a96cbb96af2b2c37a0b?s=96&d=mm&r=g\",\"caption\":\"Ana Mar\u00eda Gomez\"},\"url\":\"https:\/\/www.fiscalia.gov.co\/colombia\/author\/agomez\/\"}]}<\/script>\n<!-- \/ Yoast SEO plugin. -->","yoast_head_json":{"title":"Fiscal\u00eda General de la Naci\u00f3n","description":"P\u00e1gina oficial de la Fiscal\u00eda General de la Naci\u00f3n \u2013 Colombia. Garantizamos el acceso efectivo a la justicia, la verdad y la reparaci\u00f3n de las v\u00edctimas de los delitos.","robots":{"index":"noindex","follow":"follow"},"og_locale":"es_ES","og_type":"article","og_title":"Fiscal\u00eda General de la Naci\u00f3n","og_description":"P\u00e1gina oficial de la Fiscal\u00eda General de la Naci\u00f3n \u2013 Colombia. Garantizamos el acceso efectivo a la justicia, la verdad y la reparaci\u00f3n de las v\u00edctimas de los delitos.","og_url":"https:\/\/www.fiscalia.gov.co\/colombia\/narcotrafico\/capturados-con-fines-de-extradicion-tres-presuntos-narcotraficantes\/","og_site_name":"Fiscal\u00eda General de la Naci\u00f3n","article_publisher":"https:\/\/www.facebook.com\/FiscaliaCol","article_published_time":"2020-12-14T13:30:18+00:00","article_modified_time":"2020-12-14T13:31:03+00:00","author":"Ana Mar\u00eda Gomez","twitter_card":"summary_large_image","twitter_creator":"@FiscaliaCol","twitter_site":"@FiscaliaCol","twitter_misc":{"Escrito por":"Ana Mar\u00eda Gomez","Tiempo de lectura":"2 minutos"},"schema":{"@context":"https:\/\/schema.org","@graph":[{"@type":"Article","@id":"https:\/\/www.fiscalia.gov.co\/colombia\/narcotrafico\/capturados-con-fines-de-extradicion-tres-presuntos-narcotraficantes\/#article","isPartOf":{"@id":"https:\/\/www.fiscalia.gov.co\/colombia\/narcotrafico\/capturados-con-fines-de-extradicion-tres-presuntos-narcotraficantes\/"},"author":{"name":"Ana Mar\u00eda Gomez","@id":"https:\/\/www.fiscalia.gov.co\/colombia\/#\/schema\/person\/06aa2210fe4d79203f428ff671dee360"},"headline":"Capturados con fines de extradici\u00f3n tres presuntos narcotraficantes","datePublished":"2020-12-14T13:30:18+00:00","dateModified":"2020-12-14T13:31:03+00:00","mainEntityOfPage":{"@id":"https:\/\/www.fiscalia.gov.co\/colombia\/narcotrafico\/capturados-con-fines-de-extradicion-tres-presuntos-narcotraficantes\/"},"wordCount":471,"publisher":{"@id":"https:\/\/www.fiscalia.gov.co\/colombia\/#organization"},"keywords":["Agencia U.S. Marshals","delitos transnacionales","Estados Unidos","Extradici\u00f3n","Fiscal General Francisco Barbosa","Fiscal\u00eda Colombia","Narcotr\u00e1fico"],"articleSection":["Narcotr\u00e1fico"],"inLanguage":"es-CO"},{"@type":"WebPage","@id":"https:\/\/www.fiscalia.gov.co\/colombia\/narcotrafico\/capturados-con-fines-de-extradicion-tres-presuntos-narcotraficantes\/","url":"https:\/\/www.fiscalia.gov.co\/colombia\/narcotrafico\/capturados-con-fines-de-extradicion-tres-presuntos-narcotraficantes\/","name":"Fiscal\u00eda General de la Naci\u00f3n","isPartOf":{"@id":"https:\/\/www.fiscalia.gov.co\/colombia\/#website"},"datePublished":"2020-12-14T13:30:18+00:00","dateModified":"2020-12-14T13:31:03+00:00","description":"P\u00e1gina oficial de la Fiscal\u00eda General de la Naci\u00f3n \u2013 Colombia. Garantizamos el acceso efectivo a la justicia, la verdad y la reparaci\u00f3n de las v\u00edctimas de los delitos.","breadcrumb":{"@id":"https:\/\/www.fiscalia.gov.co\/colombia\/narcotrafico\/capturados-con-fines-de-extradicion-tres-presuntos-narcotraficantes\/#breadcrumb"},"inLanguage":"es-CO","potentialAction":[{"@type":"ReadAction","target":["https:\/\/www.fiscalia.gov.co\/colombia\/narcotrafico\/capturados-con-fines-de-extradicion-tres-presuntos-narcotraficantes\/"]}]},{"@type":"BreadcrumbList","@id":"https:\/\/www.fiscalia.gov.co\/colombia\/narcotrafico\/capturados-con-fines-de-extradicion-tres-presuntos-narcotraficantes\/#breadcrumb","itemListElement":[{"@type":"ListItem","position":1,"name":"Home","item":"https:\/\/www.fiscalia.gov.co\/colombia\/"},{"@type":"ListItem","position":2,"name":"Capturados con fines de extradici\u00f3n tres presuntos narcotraficantes"}]},{"@type":"WebSite","@id":"https:\/\/www.fiscalia.gov.co\/colombia\/#website","url":"https:\/\/www.fiscalia.gov.co\/colombia\/","name":"Fiscal\u00eda General de la Naci\u00f3n","description":"P\u00e1gina oficial de la Fiscal\u00eda General de la Naci\u00f3n \u2013 Colombia. Garantizamos el acceso efectivo a la justicia, la verdad y la reparaci\u00f3n de las v\u00edctimas de los delitos.","publisher":{"@id":"https:\/\/www.fiscalia.gov.co\/colombia\/#organization"},"potentialAction":[{"@type":"SearchAction","target":{"@type":"EntryPoint","urlTemplate":"https:\/\/www.fiscalia.gov.co\/colombia\/?s={search_term_string}"},"query-input":{"@type":"PropertyValueSpecification","valueRequired":true,"valueName":"search_term_string"}}],"inLanguage":"es-CO"},{"@type":"Organization","@id":"https:\/\/www.fiscalia.gov.co\/colombia\/#organization","name":"Fiscal\u00eda General de la Naci\u00f3n","url":"https:\/\/www.fiscalia.gov.co\/colombia\/","logo":{"@type":"ImageObject","inLanguage":"es-CO","@id":"https:\/\/www.fiscalia.gov.co\/colombia\/#\/schema\/logo\/image\/","url":"https:\/\/www.fiscalia.gov.co\/colombia\/wp-content\/uploads\/LogoHorizontal_1.jpg","contentUrl":"https:\/\/www.fiscalia.gov.co\/colombia\/wp-content\/uploads\/LogoHorizontal_1.jpg","width":300,"height":90,"caption":"Fiscal\u00eda General de la Naci\u00f3n"},"image":{"@id":"https:\/\/www.fiscalia.gov.co\/colombia\/#\/schema\/logo\/image\/"},"sameAs":["https:\/\/www.facebook.com\/FiscaliaCol","https:\/\/x.com\/FiscaliaCol","https:\/\/www.instagram.com\/fiscaliacol","https:\/\/www.linkedin.com\/company\/fiscalia-general-de-la-naci-n\/","https:\/\/youtube.com\/@fiscaliageneraldelanacion-4668?si=6nN79nyQICPU5iTh"]},{"@type":"Person","@id":"https:\/\/www.fiscalia.gov.co\/colombia\/#\/schema\/person\/06aa2210fe4d79203f428ff671dee360","name":"Ana Mar\u00eda Gomez","image":{"@type":"ImageObject","inLanguage":"es-CO","@id":"https:\/\/www.fiscalia.gov.co\/colombia\/#\/schema\/person\/image\/","url":"https:\/\/secure.gravatar.com\/avatar\/a38115d98a7f8a96cbb96af2b2c37a0b?s=96&d=mm&r=g","contentUrl":"https:\/\/secure.gravatar.com\/avatar\/a38115d98a7f8a96cbb96af2b2c37a0b?s=96&d=mm&r=g","caption":"Ana Mar\u00eda Gomez"},"url":"https:\/\/www.fiscalia.gov.co\/colombia\/author\/agomez\/"}]}},"_links":{"self":[{"href":"https:\/\/www.fiscalia.gov.co\/colombia\/wp-json\/wp\/v2\/posts\/209402","targetHints":{"allow":["GET"]}}],"collection":[{"href":"https:\/\/www.fiscalia.gov.co\/colombia\/wp-json\/wp\/v2\/posts"}],"about":[{"href":"https:\/\/www.fiscalia.gov.co\/colombia\/wp-json\/wp\/v2\/types\/post"}],"author":[{"embeddable":true,"href":"https:\/\/www.fiscalia.gov.co\/colombia\/wp-json\/wp\/v2\/users\/171"}],"replies":[{"embeddable":true,"href":"https:\/\/www.fiscalia.gov.co\/colombia\/wp-json\/wp\/v2\/comments?post=209402"}],"version-history":[{"count":2,"href":"https:\/\/www.fiscalia.gov.co\/colombia\/wp-json\/wp\/v2\/posts\/209402\/revisions"}],"predecessor-version":[{"id":209404,"href":"https:\/\/www.fiscalia.gov.co\/colombia\/wp-json\/wp\/v2\/posts\/209402\/revisions\/209404"}],"wp:attachment":[{"href":"https:\/\/www.fiscalia.gov.co\/colombia\/wp-json\/wp\/v2\/media?parent=209402"}],"wp:term":[{"taxonomy":"category","embeddable":true,"href":"https:\/\/www.fiscalia.gov.co\/colombia\/wp-json\/wp\/v2\/categories?post=209402"},{"taxonomy":"post_tag","embeddable":true,"href":"https:\/\/www.fiscalia.gov.co\/colombia\/wp-json\/wp\/v2\/tags?post=209402"}],"curies":[{"name":"wp","href":"https:\/\/api.w.org\/{rel}","templated":true}]}}