{"id":209369,"date":"2020-12-12T11:56:14","date_gmt":"2020-12-12T16:56:14","guid":{"rendered":"https:\/\/www.fiscalia.gov.co\/colombia\/?p=209369"},"modified":"2020-12-12T11:58:44","modified_gmt":"2020-12-12T16:58:44","slug":"judicializados-presuntos-integrantes-de-banda-delincuencial-dedicada-a-la-adulteracion-de-licores","status":"publish","type":"post","link":"https:\/\/www.fiscalia.gov.co\/colombia\/noticias\/judicializados-presuntos-integrantes-de-banda-delincuencial-dedicada-a-la-adulteracion-de-licores\/","title":{"rendered":"Judicializados presuntos integrantes de banda delincuencial dedicada a la adulteraci\u00f3n de licores"},"content":{"rendered":"<p>A la red le fueron incautadas 60 toneladas de insumos para la fabricaci\u00f3n de licor ilegal, 300.000 botellas que ser\u00edan usadas para envasar el l\u00edquido adulterado y 50 camiones utilizados para la actividad il\u00edcita.<\/p>\n<p>La Fiscal\u00eda General de la Naci\u00f3n present\u00f3 ante un juez de control de garant\u00edas 14 presuntos integrantes de una red delictiva que atentaba contra la salud p\u00fablica al fabricar, distribuir y comercializar licor adulterado.<\/p>\n<p>El material probatorio expuesto en las audiencias concentradas por el ente acusador fue contundente y permiti\u00f3 que el juez les impusiera medida de aseguramiento privativa de la libertad a los investigados.<\/p>\n<p>Los procesados, que no aceptaron los cargos y quedaron con detenci\u00f3n en centro carcelario, son: Edward Alfredo Garz\u00f3n Salas, Carlos Samuel Patarroyo Patarroyo, Juli\u00e1n Alberto Hern\u00e1ndez Salas, Clara Paola Jim\u00e9nez, Hernando Castiblanco Bayona, Jaime Alberto Rivera G\u00f3mez, Jaime Dar\u00edo Cruz Cerinza, V\u00edctor Manuel Gonz\u00e1lez Pe\u00f1a y Geovanny Parra Casta\u00f1o.<\/p>\n<p>Entretanto, la medida consistente en detenci\u00f3n domiciliaria afecta a: Juan Carlos Castellanos Villada, Edwin Echeverry Rodr\u00edguez, Zoila Rosa Garay, Rosember Nicol\u00e1s Casta\u00f1o Mesa y Gustavo Alonso Rodr\u00edguez Gonz\u00e1lez, quienes aceptaron su responsabilidad en los cargos formulados.<\/p>\n<p>Todos responder\u00edan por los delitos de concierto para delinquir, usurpaci\u00f3n de derechos de propiedad industrial, y corrupci\u00f3n de alimentos, productos m\u00e9dicos o material profil\u00e1ctico.<\/p>\n<p><strong>Allanamientos<\/strong><\/p>\n<p>La operaci\u00f3n para impactar la red delincuencial y frenar su actividad ilegal fue orientada personalmente por el Fiscal General de la Naci\u00f3n, Francisco Barbosa Delgado, en cumplimiento sus objetivos trazados en el Direccionamiento Estrat\u00e9gico 2020-2024, para combatir los fen\u00f3menos delictivos que atentan contra la vida e integridad de la ciudadan\u00eda.<\/p>\n<p>Investigadores del CTI, adscritos a la Direcci\u00f3n Especializada contra las Violaciones a los Derechos Humanos con el apoyo de Rentas Departamentales, el Invima, peritos privados expertos licor nacional e importado, y tropas de la Brigada 13 e integrantes del Gaula Militar Cundinamarca, ejecutaron los allanamientos en las localidades de Kennedy, Bosa, Tunjuelito, Ciudad Bol\u00edvar, Rafael Uribe Uribe, Antonio Nari\u00f1o, Puente Aranda, Teusaquillo y Suba, en Bogot\u00e1; y en Soacha (Cundinamarca).<\/p>\n<p>En las diligencias simult\u00e1neas se incautaron 60 toneladas de insumos (sellos, etiquetas, tapas, dosificadores, cajas) y 300.000 botellas; adem\u00e1s de alcohol y otras sustancias usadas para la elaboraci\u00f3n de bebidas que simulaban ser vino, champa\u00f1a, whisky, ron, vodka y aguardiente.<\/p>\n<p><strong>La red<\/strong><\/p>\n<p>Al parecer por varios a\u00f1os, los capturados consolidaron una red criminal sustentada en tres empresas legalmente establecidas para la venta de licores, y algunos de sus directivos habr\u00edan aprovechado esa condici\u00f3n de legalidad para distribuir bebidas originales y adulteradas en Bogot\u00e1, Cali, Medell\u00edn, C\u00facuta, Barranquilla y ciudades del Eje Cafetero.<\/p>\n<p>Las tareas de cada uno de los integrantes de la banda delincuencial estaban claramente determinadas y eran relevantes para el desarrollo del negocio il\u00edcito.<\/p>\n<p>Se evidenci\u00f3 que en centros de reciclaje eran compradas las botellas de reconocidas marcas que estuviesen en buen estado. En algunos casos el material era adquirido en otros departamentos e incluso lo trasportaban desde Tulc\u00e1n (Ecuador).<\/p>\n<p>Miembros de la estructura, en alambiques artesanales instalados en casas y sin ninguna medida sanitaria o bioseguridad, elaboraban el licor adulterado mediante la mezcla indiscriminada de alcohol y diversos componentes, sin ninguna medida de salubridad.<\/p>\n<p>Otras personas estaban al frente de la consecuci\u00f3n de marcas, etiquetas, sellos y estampillas falsas, para luego realizar el embalaje de las cajas con licor falso y su distribuci\u00f3n.<\/p>\n<p>La Fiscal\u00eda continuar\u00e1 con las acciones de investigaci\u00f3n preventivas para salvaguardar la salud p\u00fablica y mantendr\u00e1 l\u00edneas operativas con el fin de desarticular eslabones de fabricaci\u00f3n y comercializaci\u00f3n de bebidas adulteradas.<\/p>\n<p>La Fiscal\u00eda hace p\u00fablica esta informaci\u00f3n por razones de inter\u00e9s general.<\/p>\n<p>LAGP\/DLBM\/MRC\/DJR<\/p>\n<p><em><span lang=\"ES\">La informaci\u00f3n contenida en este bolet\u00edn de prensa corresponde a la narraci\u00f3n de los hechos noticiosos objetivos, suministrados por los funcionarios encargados de adelantar las investigaciones penales al interior de la Fiscal\u00eda General de la Naci\u00f3n. Para el momento de la divulgaci\u00f3n de este comunicado, la situaci\u00f3n jur\u00eddica de la(s) persona(s) relacionada(s) se encuentra pendiente de resolver por la autoridad judicial competente, siempre bajo los preceptos de la presunci\u00f3n de inocencia, consagrados en el art\u00edculo 29 de la Constituci\u00f3n Pol\u00edtica y el art\u00edculo 7\u00ba de la Ley 906 de 2004.<\/span><\/em><\/p>\n\n<div class=\"twitter-share\"><a href=\"https:\/\/twitter.com\/intent\/tweet?via=fiscaliacol\" class=\"twitter-share-button\">Tweet<\/a><\/div>\n","protected":false},"excerpt":{"rendered":"<p>A la red le fueron incautadas 60 toneladas de insumos para la fabricaci\u00f3n de licor ilegal, 300.000 botellas que ser\u00edan usadas para envasar el l\u00edquido adulterado y 50 camiones utilizados para la actividad il\u00edcita. La Fiscal\u00eda General de la Naci\u00f3n present\u00f3 ante un juez de control de garant\u00edas 14 presuntos integrantes de una red delictiva [&hellip;]<\/p>\n","protected":false},"author":171,"featured_media":0,"comment_status":"closed","ping_status":"open","sticky":false,"template":"","format":"standard","meta":{"_price":"","_stock":"","_tribe_ticket_header":"","_tribe_default_ticket_provider":"","_tribe_ticket_capacity":"0","_ticket_start_date":"","_ticket_end_date":"","_tribe_ticket_show_description":"","_tribe_ticket_show_not_going":false,"_tribe_ticket_use_global_stock":"","_tribe_ticket_global_stock_level":"","_global_stock_mode":"","_global_stock_cap":"","_tribe_rsvp_for_event":"","_tribe_ticket_going_count":"","_tribe_ticket_not_going_count":"","_tribe_tickets_list":"[]","_tribe_ticket_has_attendee_info_fields":false,"tdm_status":"","tdm_grid_status":"","footnotes":""},"categories":[1,24099],"tags":[23821,24185,4614,1047,24990,24991],"class_list":{"0":"post-209369","1":"post","2":"type-post","3":"status-publish","4":"format-standard","6":"category-noticias","7":"category-seguridad-territorial","8":"tag-bogota","9":"tag-fiscal-barbosa","10":"tag-fiscalia-2","11":"tag-fiscalia-general-de-la-nacion","12":"tag-golpe","13":"tag-licor-adulte"},"yoast_head":"<!-- This site is optimized with the Yoast SEO plugin v24.3 - https:\/\/yoast.com\/wordpress\/plugins\/seo\/ -->\n<title>Fiscal\u00eda General de la Naci\u00f3n<\/title>\n<meta name=\"description\" content=\"P\u00e1gina oficial de la Fiscal\u00eda General de la Naci\u00f3n \u2013 Colombia. Garantizamos el acceso efectivo a la justicia, la verdad y la reparaci\u00f3n de las v\u00edctimas de los delitos.\" \/>\n<meta name=\"robots\" content=\"noindex, follow\" \/>\n<meta property=\"og:locale\" content=\"es_ES\" \/>\n<meta property=\"og:type\" content=\"article\" \/>\n<meta property=\"og:title\" content=\"Fiscal\u00eda General de la Naci\u00f3n\" \/>\n<meta property=\"og:description\" content=\"P\u00e1gina oficial de la Fiscal\u00eda General de la Naci\u00f3n \u2013 Colombia. Garantizamos el acceso efectivo a la justicia, la verdad y la reparaci\u00f3n de las v\u00edctimas de los delitos.\" \/>\n<meta property=\"og:url\" content=\"https:\/\/www.fiscalia.gov.co\/colombia\/noticias\/judicializados-presuntos-integrantes-de-banda-delincuencial-dedicada-a-la-adulteracion-de-licores\/\" \/>\n<meta property=\"og:site_name\" content=\"Fiscal\u00eda General de la Naci\u00f3n\" \/>\n<meta property=\"article:publisher\" content=\"https:\/\/www.facebook.com\/FiscaliaCol\" \/>\n<meta property=\"article:published_time\" content=\"2020-12-12T16:56:14+00:00\" \/>\n<meta property=\"article:modified_time\" content=\"2020-12-12T16:58:44+00:00\" \/>\n<meta name=\"author\" content=\"Ana Mar\u00eda Gomez\" \/>\n<meta name=\"twitter:card\" content=\"summary_large_image\" \/>\n<meta name=\"twitter:creator\" content=\"@FiscaliaCol\" \/>\n<meta name=\"twitter:site\" content=\"@FiscaliaCol\" \/>\n<meta name=\"twitter:label1\" content=\"Escrito por\" \/>\n\t<meta name=\"twitter:data1\" content=\"Ana Mar\u00eda Gomez\" \/>\n\t<meta name=\"twitter:label2\" content=\"Tiempo de lectura\" \/>\n\t<meta name=\"twitter:data2\" content=\"4 minutos\" \/>\n<script type=\"application\/ld+json\" class=\"yoast-schema-graph\">{\"@context\":\"https:\/\/schema.org\",\"@graph\":[{\"@type\":\"Article\",\"@id\":\"https:\/\/www.fiscalia.gov.co\/colombia\/noticias\/judicializados-presuntos-integrantes-de-banda-delincuencial-dedicada-a-la-adulteracion-de-licores\/#article\",\"isPartOf\":{\"@id\":\"https:\/\/www.fiscalia.gov.co\/colombia\/noticias\/judicializados-presuntos-integrantes-de-banda-delincuencial-dedicada-a-la-adulteracion-de-licores\/\"},\"author\":{\"name\":\"Ana Mar\u00eda Gomez\",\"@id\":\"https:\/\/www.fiscalia.gov.co\/colombia\/#\/schema\/person\/06aa2210fe4d79203f428ff671dee360\"},\"headline\":\"Judicializados presuntos integrantes de banda delincuencial dedicada a la adulteraci\u00f3n de licores\",\"datePublished\":\"2020-12-12T16:56:14+00:00\",\"dateModified\":\"2020-12-12T16:58:44+00:00\",\"mainEntityOfPage\":{\"@id\":\"https:\/\/www.fiscalia.gov.co\/colombia\/noticias\/judicializados-presuntos-integrantes-de-banda-delincuencial-dedicada-a-la-adulteracion-de-licores\/\"},\"wordCount\":760,\"publisher\":{\"@id\":\"https:\/\/www.fiscalia.gov.co\/colombia\/#organization\"},\"keywords\":[\"Bogot\u00e1\",\"Fiscal Barbosa\",\"Fiscal\u00eda\",\"Fiscal\u00eda General de la Naci\u00f3n\",\"golpe\",\"Licor adulte\"],\"articleSection\":[\"Noticias\",\"Seguridad territorial\"],\"inLanguage\":\"es-CO\"},{\"@type\":\"WebPage\",\"@id\":\"https:\/\/www.fiscalia.gov.co\/colombia\/noticias\/judicializados-presuntos-integrantes-de-banda-delincuencial-dedicada-a-la-adulteracion-de-licores\/\",\"url\":\"https:\/\/www.fiscalia.gov.co\/colombia\/noticias\/judicializados-presuntos-integrantes-de-banda-delincuencial-dedicada-a-la-adulteracion-de-licores\/\",\"name\":\"Fiscal\u00eda General de la Naci\u00f3n\",\"isPartOf\":{\"@id\":\"https:\/\/www.fiscalia.gov.co\/colombia\/#website\"},\"datePublished\":\"2020-12-12T16:56:14+00:00\",\"dateModified\":\"2020-12-12T16:58:44+00:00\",\"description\":\"P\u00e1gina oficial de la Fiscal\u00eda General de la Naci\u00f3n \u2013 Colombia. Garantizamos el acceso efectivo a la justicia, la verdad y la reparaci\u00f3n de las v\u00edctimas de los delitos.\",\"breadcrumb\":{\"@id\":\"https:\/\/www.fiscalia.gov.co\/colombia\/noticias\/judicializados-presuntos-integrantes-de-banda-delincuencial-dedicada-a-la-adulteracion-de-licores\/#breadcrumb\"},\"inLanguage\":\"es-CO\",\"potentialAction\":[{\"@type\":\"ReadAction\",\"target\":[\"https:\/\/www.fiscalia.gov.co\/colombia\/noticias\/judicializados-presuntos-integrantes-de-banda-delincuencial-dedicada-a-la-adulteracion-de-licores\/\"]}]},{\"@type\":\"BreadcrumbList\",\"@id\":\"https:\/\/www.fiscalia.gov.co\/colombia\/noticias\/judicializados-presuntos-integrantes-de-banda-delincuencial-dedicada-a-la-adulteracion-de-licores\/#breadcrumb\",\"itemListElement\":[{\"@type\":\"ListItem\",\"position\":1,\"name\":\"Home\",\"item\":\"https:\/\/www.fiscalia.gov.co\/colombia\/\"},{\"@type\":\"ListItem\",\"position\":2,\"name\":\"Judicializados presuntos integrantes de banda delincuencial dedicada a la adulteraci\u00f3n de licores\"}]},{\"@type\":\"WebSite\",\"@id\":\"https:\/\/www.fiscalia.gov.co\/colombia\/#website\",\"url\":\"https:\/\/www.fiscalia.gov.co\/colombia\/\",\"name\":\"Fiscal\u00eda General de la Naci\u00f3n\",\"description\":\"P\u00e1gina oficial de la Fiscal\u00eda General de la Naci\u00f3n \u2013 Colombia. Garantizamos el acceso efectivo a la justicia, la verdad y la reparaci\u00f3n de las v\u00edctimas de los delitos.\",\"publisher\":{\"@id\":\"https:\/\/www.fiscalia.gov.co\/colombia\/#organization\"},\"potentialAction\":[{\"@type\":\"SearchAction\",\"target\":{\"@type\":\"EntryPoint\",\"urlTemplate\":\"https:\/\/www.fiscalia.gov.co\/colombia\/?s={search_term_string}\"},\"query-input\":{\"@type\":\"PropertyValueSpecification\",\"valueRequired\":true,\"valueName\":\"search_term_string\"}}],\"inLanguage\":\"es-CO\"},{\"@type\":\"Organization\",\"@id\":\"https:\/\/www.fiscalia.gov.co\/colombia\/#organization\",\"name\":\"Fiscal\u00eda General de la Naci\u00f3n\",\"url\":\"https:\/\/www.fiscalia.gov.co\/colombia\/\",\"logo\":{\"@type\":\"ImageObject\",\"inLanguage\":\"es-CO\",\"@id\":\"https:\/\/www.fiscalia.gov.co\/colombia\/#\/schema\/logo\/image\/\",\"url\":\"https:\/\/www.fiscalia.gov.co\/colombia\/wp-content\/uploads\/LogoHorizontal_1.jpg\",\"contentUrl\":\"https:\/\/www.fiscalia.gov.co\/colombia\/wp-content\/uploads\/LogoHorizontal_1.jpg\",\"width\":300,\"height\":90,\"caption\":\"Fiscal\u00eda General de la Naci\u00f3n\"},\"image\":{\"@id\":\"https:\/\/www.fiscalia.gov.co\/colombia\/#\/schema\/logo\/image\/\"},\"sameAs\":[\"https:\/\/www.facebook.com\/FiscaliaCol\",\"https:\/\/x.com\/FiscaliaCol\",\"https:\/\/www.instagram.com\/fiscaliacol\",\"https:\/\/www.linkedin.com\/company\/fiscalia-general-de-la-naci-n\/\",\"https:\/\/youtube.com\/@fiscaliageneraldelanacion-4668?si=6nN79nyQICPU5iTh\"]},{\"@type\":\"Person\",\"@id\":\"https:\/\/www.fiscalia.gov.co\/colombia\/#\/schema\/person\/06aa2210fe4d79203f428ff671dee360\",\"name\":\"Ana Mar\u00eda Gomez\",\"image\":{\"@type\":\"ImageObject\",\"inLanguage\":\"es-CO\",\"@id\":\"https:\/\/www.fiscalia.gov.co\/colombia\/#\/schema\/person\/image\/\",\"url\":\"https:\/\/secure.gravatar.com\/avatar\/a38115d98a7f8a96cbb96af2b2c37a0b?s=96&d=mm&r=g\",\"contentUrl\":\"https:\/\/secure.gravatar.com\/avatar\/a38115d98a7f8a96cbb96af2b2c37a0b?s=96&d=mm&r=g\",\"caption\":\"Ana Mar\u00eda Gomez\"},\"url\":\"https:\/\/www.fiscalia.gov.co\/colombia\/author\/agomez\/\"}]}<\/script>\n<!-- \/ Yoast SEO plugin. -->","yoast_head_json":{"title":"Fiscal\u00eda General de la Naci\u00f3n","description":"P\u00e1gina oficial de la Fiscal\u00eda General de la Naci\u00f3n \u2013 Colombia. Garantizamos el acceso efectivo a la justicia, la verdad y la reparaci\u00f3n de las v\u00edctimas de los delitos.","robots":{"index":"noindex","follow":"follow"},"og_locale":"es_ES","og_type":"article","og_title":"Fiscal\u00eda General de la Naci\u00f3n","og_description":"P\u00e1gina oficial de la Fiscal\u00eda General de la Naci\u00f3n \u2013 Colombia. Garantizamos el acceso efectivo a la justicia, la verdad y la reparaci\u00f3n de las v\u00edctimas de los delitos.","og_url":"https:\/\/www.fiscalia.gov.co\/colombia\/noticias\/judicializados-presuntos-integrantes-de-banda-delincuencial-dedicada-a-la-adulteracion-de-licores\/","og_site_name":"Fiscal\u00eda General de la Naci\u00f3n","article_publisher":"https:\/\/www.facebook.com\/FiscaliaCol","article_published_time":"2020-12-12T16:56:14+00:00","article_modified_time":"2020-12-12T16:58:44+00:00","author":"Ana Mar\u00eda Gomez","twitter_card":"summary_large_image","twitter_creator":"@FiscaliaCol","twitter_site":"@FiscaliaCol","twitter_misc":{"Escrito por":"Ana Mar\u00eda Gomez","Tiempo de lectura":"4 minutos"},"schema":{"@context":"https:\/\/schema.org","@graph":[{"@type":"Article","@id":"https:\/\/www.fiscalia.gov.co\/colombia\/noticias\/judicializados-presuntos-integrantes-de-banda-delincuencial-dedicada-a-la-adulteracion-de-licores\/#article","isPartOf":{"@id":"https:\/\/www.fiscalia.gov.co\/colombia\/noticias\/judicializados-presuntos-integrantes-de-banda-delincuencial-dedicada-a-la-adulteracion-de-licores\/"},"author":{"name":"Ana Mar\u00eda Gomez","@id":"https:\/\/www.fiscalia.gov.co\/colombia\/#\/schema\/person\/06aa2210fe4d79203f428ff671dee360"},"headline":"Judicializados presuntos integrantes de banda delincuencial dedicada a la adulteraci\u00f3n de licores","datePublished":"2020-12-12T16:56:14+00:00","dateModified":"2020-12-12T16:58:44+00:00","mainEntityOfPage":{"@id":"https:\/\/www.fiscalia.gov.co\/colombia\/noticias\/judicializados-presuntos-integrantes-de-banda-delincuencial-dedicada-a-la-adulteracion-de-licores\/"},"wordCount":760,"publisher":{"@id":"https:\/\/www.fiscalia.gov.co\/colombia\/#organization"},"keywords":["Bogot\u00e1","Fiscal Barbosa","Fiscal\u00eda","Fiscal\u00eda General de la Naci\u00f3n","golpe","Licor adulte"],"articleSection":["Noticias","Seguridad territorial"],"inLanguage":"es-CO"},{"@type":"WebPage","@id":"https:\/\/www.fiscalia.gov.co\/colombia\/noticias\/judicializados-presuntos-integrantes-de-banda-delincuencial-dedicada-a-la-adulteracion-de-licores\/","url":"https:\/\/www.fiscalia.gov.co\/colombia\/noticias\/judicializados-presuntos-integrantes-de-banda-delincuencial-dedicada-a-la-adulteracion-de-licores\/","name":"Fiscal\u00eda General de la Naci\u00f3n","isPartOf":{"@id":"https:\/\/www.fiscalia.gov.co\/colombia\/#website"},"datePublished":"2020-12-12T16:56:14+00:00","dateModified":"2020-12-12T16:58:44+00:00","description":"P\u00e1gina oficial de la Fiscal\u00eda General de la Naci\u00f3n \u2013 Colombia. Garantizamos el acceso efectivo a la justicia, la verdad y la reparaci\u00f3n de las v\u00edctimas de los delitos.","breadcrumb":{"@id":"https:\/\/www.fiscalia.gov.co\/colombia\/noticias\/judicializados-presuntos-integrantes-de-banda-delincuencial-dedicada-a-la-adulteracion-de-licores\/#breadcrumb"},"inLanguage":"es-CO","potentialAction":[{"@type":"ReadAction","target":["https:\/\/www.fiscalia.gov.co\/colombia\/noticias\/judicializados-presuntos-integrantes-de-banda-delincuencial-dedicada-a-la-adulteracion-de-licores\/"]}]},{"@type":"BreadcrumbList","@id":"https:\/\/www.fiscalia.gov.co\/colombia\/noticias\/judicializados-presuntos-integrantes-de-banda-delincuencial-dedicada-a-la-adulteracion-de-licores\/#breadcrumb","itemListElement":[{"@type":"ListItem","position":1,"name":"Home","item":"https:\/\/www.fiscalia.gov.co\/colombia\/"},{"@type":"ListItem","position":2,"name":"Judicializados presuntos integrantes de banda delincuencial dedicada a la adulteraci\u00f3n de licores"}]},{"@type":"WebSite","@id":"https:\/\/www.fiscalia.gov.co\/colombia\/#website","url":"https:\/\/www.fiscalia.gov.co\/colombia\/","name":"Fiscal\u00eda General de la Naci\u00f3n","description":"P\u00e1gina oficial de la Fiscal\u00eda General de la Naci\u00f3n \u2013 Colombia. Garantizamos el acceso efectivo a la justicia, la verdad y la reparaci\u00f3n de las v\u00edctimas de los delitos.","publisher":{"@id":"https:\/\/www.fiscalia.gov.co\/colombia\/#organization"},"potentialAction":[{"@type":"SearchAction","target":{"@type":"EntryPoint","urlTemplate":"https:\/\/www.fiscalia.gov.co\/colombia\/?s={search_term_string}"},"query-input":{"@type":"PropertyValueSpecification","valueRequired":true,"valueName":"search_term_string"}}],"inLanguage":"es-CO"},{"@type":"Organization","@id":"https:\/\/www.fiscalia.gov.co\/colombia\/#organization","name":"Fiscal\u00eda General de la Naci\u00f3n","url":"https:\/\/www.fiscalia.gov.co\/colombia\/","logo":{"@type":"ImageObject","inLanguage":"es-CO","@id":"https:\/\/www.fiscalia.gov.co\/colombia\/#\/schema\/logo\/image\/","url":"https:\/\/www.fiscalia.gov.co\/colombia\/wp-content\/uploads\/LogoHorizontal_1.jpg","contentUrl":"https:\/\/www.fiscalia.gov.co\/colombia\/wp-content\/uploads\/LogoHorizontal_1.jpg","width":300,"height":90,"caption":"Fiscal\u00eda General de la Naci\u00f3n"},"image":{"@id":"https:\/\/www.fiscalia.gov.co\/colombia\/#\/schema\/logo\/image\/"},"sameAs":["https:\/\/www.facebook.com\/FiscaliaCol","https:\/\/x.com\/FiscaliaCol","https:\/\/www.instagram.com\/fiscaliacol","https:\/\/www.linkedin.com\/company\/fiscalia-general-de-la-naci-n\/","https:\/\/youtube.com\/@fiscaliageneraldelanacion-4668?si=6nN79nyQICPU5iTh"]},{"@type":"Person","@id":"https:\/\/www.fiscalia.gov.co\/colombia\/#\/schema\/person\/06aa2210fe4d79203f428ff671dee360","name":"Ana Mar\u00eda Gomez","image":{"@type":"ImageObject","inLanguage":"es-CO","@id":"https:\/\/www.fiscalia.gov.co\/colombia\/#\/schema\/person\/image\/","url":"https:\/\/secure.gravatar.com\/avatar\/a38115d98a7f8a96cbb96af2b2c37a0b?s=96&d=mm&r=g","contentUrl":"https:\/\/secure.gravatar.com\/avatar\/a38115d98a7f8a96cbb96af2b2c37a0b?s=96&d=mm&r=g","caption":"Ana Mar\u00eda Gomez"},"url":"https:\/\/www.fiscalia.gov.co\/colombia\/author\/agomez\/"}]}},"_links":{"self":[{"href":"https:\/\/www.fiscalia.gov.co\/colombia\/wp-json\/wp\/v2\/posts\/209369","targetHints":{"allow":["GET"]}}],"collection":[{"href":"https:\/\/www.fiscalia.gov.co\/colombia\/wp-json\/wp\/v2\/posts"}],"about":[{"href":"https:\/\/www.fiscalia.gov.co\/colombia\/wp-json\/wp\/v2\/types\/post"}],"author":[{"embeddable":true,"href":"https:\/\/www.fiscalia.gov.co\/colombia\/wp-json\/wp\/v2\/users\/171"}],"replies":[{"embeddable":true,"href":"https:\/\/www.fiscalia.gov.co\/colombia\/wp-json\/wp\/v2\/comments?post=209369"}],"version-history":[{"count":1,"href":"https:\/\/www.fiscalia.gov.co\/colombia\/wp-json\/wp\/v2\/posts\/209369\/revisions"}],"predecessor-version":[{"id":209370,"href":"https:\/\/www.fiscalia.gov.co\/colombia\/wp-json\/wp\/v2\/posts\/209369\/revisions\/209370"}],"wp:attachment":[{"href":"https:\/\/www.fiscalia.gov.co\/colombia\/wp-json\/wp\/v2\/media?parent=209369"}],"wp:term":[{"taxonomy":"category","embeddable":true,"href":"https:\/\/www.fiscalia.gov.co\/colombia\/wp-json\/wp\/v2\/categories?post=209369"},{"taxonomy":"post_tag","embeddable":true,"href":"https:\/\/www.fiscalia.gov.co\/colombia\/wp-json\/wp\/v2\/tags?post=209369"}],"curies":[{"name":"wp","href":"https:\/\/api.w.org\/{rel}","templated":true}]}}