{"id":209266,"date":"2020-12-11T09:26:56","date_gmt":"2020-12-11T14:26:56","guid":{"rendered":"https:\/\/www.fiscalia.gov.co\/colombia\/?p=209266"},"modified":"2020-12-11T09:26:56","modified_gmt":"2020-12-11T14:26:56","slug":"adenunciar-amplio-sus-servicios-y-esta-disponible-para-atender-a-las-victimas-de-violencia-de-genero","status":"publish","type":"post","link":"https:\/\/www.fiscalia.gov.co\/colombia\/seguridad-territorial\/adenunciar-amplio-sus-servicios-y-esta-disponible-para-atender-a-las-victimas-de-violencia-de-genero\/","title":{"rendered":"\u00a1ADenunciar! ampli\u00f3 sus servicios y est\u00e1 disponible para atender a las v\u00edctimas de violencia de g\u00e9nero"},"content":{"rendered":"<p>La Fiscal\u00eda General de la Naci\u00f3n y la Polic\u00eda Nacional, en un trabajo articulado en beneficio de la ciudadan\u00eda, habilitaron en la plataforma virtual \u00a1ADenunciar! una nueva opci\u00f3n para que las v\u00edctimas de violencia de g\u00e9nero reporten sus casos de manera \u00e1gil y oportuna, desde un celular o un computador.<\/p>\n<p>El Fiscal General de la Naci\u00f3n, Francisco Barbosa Delgado, ha priorizado el fortalecimiento del Sistema Nacional de Denuncia Virtual \u00a1ADenunciar! para garantizar el pronto y efectivo acceso de la ciudadan\u00eda a los servicios de justicia.<\/p>\n<p><img loading=\"lazy\" decoding=\"async\" class=\"alignnone size-large wp-image-209267\" src=\"https:\/\/www.fiscalia.gov.co\/colombia\/wp-content\/uploads\/denuncie-la-violencia-de-genero-1024x576.jpeg\" alt=\"\" width=\"696\" height=\"392\" srcset=\"https:\/\/www.fiscalia.gov.co\/colombia\/wp-content\/uploads\/denuncie-la-violencia-de-genero-1024x576.jpeg 1024w, https:\/\/www.fiscalia.gov.co\/colombia\/wp-content\/uploads\/denuncie-la-violencia-de-genero-300x169.jpeg 300w, https:\/\/www.fiscalia.gov.co\/colombia\/wp-content\/uploads\/denuncie-la-violencia-de-genero-768x432.jpeg 768w, https:\/\/www.fiscalia.gov.co\/colombia\/wp-content\/uploads\/denuncie-la-violencia-de-genero-696x392.jpeg 696w, https:\/\/www.fiscalia.gov.co\/colombia\/wp-content\/uploads\/denuncie-la-violencia-de-genero-1068x601.jpeg 1068w, https:\/\/www.fiscalia.gov.co\/colombia\/wp-content\/uploads\/denuncie-la-violencia-de-genero-747x420.jpeg 747w, https:\/\/www.fiscalia.gov.co\/colombia\/wp-content\/uploads\/denuncie-la-violencia-de-genero.jpeg 1280w\" sizes=\"auto, (max-width: 696px) 100vw, 696px\" \/><\/p>\n<p>Una vez el ciudadano (a) haya diligenciado el formulario correspondiente a la opci\u00f3n de \u2018violencia basada en g\u00e9nero\u2019, la informaci\u00f3n registrada pasar\u00e1 a ser revisada por personal de la Fiscal\u00eda General de la Naci\u00f3n, quienes realizar\u00e1n las acciones y gestiones requeridas, seg\u00fan cada caso. El resultado de esta verificaci\u00f3n ser\u00e1 informado al ciudadano(a) por correo electr\u00f3nico.<\/p>\n<p>En un primer periodo de verificaci\u00f3n de la opci\u00f3n de \u2018violencia basada en g\u00e9nero\u2019, entre el 19 de junio y el 30 de noviembre del a\u00f1o en curso, a partir de \u00a1ADenunciar! se crearon 4.760 noticias criminales. El mayor n\u00famero de reportes se gener\u00f3 en la ciudad de Bogot\u00e1 \u00a0(1.062) y en los departamentos de Antioquia (621), Valle del Cauca (611), Cundinamarca (491), Atl\u00e1ntico (279), Bol\u00edvar (192) y Santander (173). En 30 departamentos y 391 ciudades, los ciudadanos han hecho uso de la opci\u00f3n de \u201cviolencia basada en g\u00e9nero\u201d de \u00a1ADenunciar! para poner sus casos en conocimiento de las autoridades.<\/p>\n<p>Al Sistema Nacional de Denuncia Virtual \u00a1ADenunciar! se puede ingresar a trav\u00e9s de las p\u00e1ginas web <a href=\"http:\/\/www.fiscalia.gov.co\">www.fiscalia.gov.co<\/a> y <a href=\"http:\/\/www.policia.gov.co\">www.policia.gov.co<\/a><\/p>\n<p><strong><u>Violencia de g\u00e9nero<\/u><\/strong><\/p>\n<p>Es cualquier tipo de violencia en contra de una persona, debido a su g\u00e9nero, identidad o expresi\u00f3n. Esta violencia puede ser ejercida por personas del sexo opuesto o con una identidad de g\u00e9nero diversa. La violencia de g\u00e9nero podr\u00e1 darse en diferentes delitos, como violencia intrafamiliar, acceso y actos sexuales, tentativa de homicidio o de feminicidio, tortura, lesiones personales, constre\u00f1imiento ilegal, injuria y da\u00f1o en bien ajeno, entre otros.<\/p>\n<p><strong><u>Tipos de violencia<\/u><\/strong><\/p>\n<ul>\n<li><em>F\u00edsica:<\/em> acci\u00f3n que genera riesgo o disminuci\u00f3n de la integridad corporal. Esta puede ser provocada por utilizaci\u00f3n de la fuerza con la intenci\u00f3n de causar lesiones, o a trav\u00e9s del uso de armas.<\/li>\n<li><em>Patrimonial o econ\u00f3mica:<\/em> es una forma de violencia donde la persona utiliza su poder econ\u00f3mico para controlar las decisiones y proyecto de vida de la pareja.<\/li>\n<li><em>Psicol\u00f3gica:<\/em> el maltrato verbal es una forma de violencia psicol\u00f3gica, ya que, si se presenta como un hecho repetitivo y deliberado, puede llevar a la anulaci\u00f3n de la personalidad de la v\u00edctima, a su sufrimiento psicol\u00f3gico y desvaloraci\u00f3n.<\/li>\n<li><em>Sexual:<\/em> todo acto que, mediante el uso de la violencia f\u00edsica, ps\u00edquica o moral, se ejerce sobre una persona para imponer una conducta sexual en contra de su voluntad, provocar la realizaci\u00f3n de un acto de naturaleza sexual en condiciones de indefensi\u00f3n, atentar contra el normal desarrollo de la sexualidad y vulnerar las condiciones de indefensi\u00f3n, atentar contra el normal desarrollo de la sexualidad y vulnerar las condiciones sexuales plenas de salud y bienestar f\u00edsico o ps\u00edquico.<\/li>\n<\/ul>\n<p>La Fiscal\u00eda General de la Naci\u00f3n y la Polic\u00eda Nacional piden a las v\u00edctimas de violencia de g\u00e9nero denunciar en la herramienta \u00a1ADenunciar! o comunicarse con el Centro de Contacto de la Fiscal\u00eda General de la Naci\u00f3n a la l\u00ednea 122 desde el celular, al 018000919748 \u00a0o enviar un correo a\u00a0<a href=\"mailto:denunciaanonima@fiscalia.gov.co\">denunciaanonima@fiscalia.gov.co<\/a><\/p>\n<p>La Fiscal\u00eda General de la Naci\u00f3n hace p\u00fablica esta informaci\u00f3n por razones de inter\u00e9s general.<\/p>\n<p>&nbsp;<\/p>\n<p>MRC\/JAR\/GG\/NB\/<\/p>\n\n<div class=\"twitter-share\"><a href=\"https:\/\/twitter.com\/intent\/tweet?via=fiscaliacol\" class=\"twitter-share-button\">Tweet<\/a><\/div>\n","protected":false},"excerpt":{"rendered":"<p>La Fiscal\u00eda General de la Naci\u00f3n y la Polic\u00eda Nacional, en un trabajo articulado en beneficio de la ciudadan\u00eda, habilitaron en la plataforma virtual \u00a1ADenunciar! una nueva opci\u00f3n para que las v\u00edctimas de violencia de g\u00e9nero reporten sus casos de manera \u00e1gil y oportuna, desde un celular o un computador. El Fiscal General de la [&hellip;]<\/p>\n","protected":false},"author":162,"featured_media":0,"comment_status":"closed","ping_status":"open","sticky":false,"template":"","format":"standard","meta":{"tdm_status":"","tdm_grid_status":"","footnotes":""},"categories":[1,303,24099],"tags":[24387,4345,24185,24200,1176],"class_list":{"0":"post-209266","1":"post","2":"type-post","3":"status-publish","4":"format-standard","6":"category-noticias","7":"category-seccionales","8":"category-seguridad-territorial","9":"tag-adenunciar","10":"tag-delitos","11":"tag-fiscal-barbosa","12":"tag-francisco-barbosa","13":"tag-violencia-de-genero"},"yoast_head":"<!-- This site is optimized with the Yoast SEO plugin v24.3 - https:\/\/yoast.com\/wordpress\/plugins\/seo\/ -->\n<title>Fiscal\u00eda General de la Naci\u00f3n<\/title>\n<meta name=\"description\" content=\"P\u00e1gina oficial de la Fiscal\u00eda General de la Naci\u00f3n \u2013 Colombia. Garantizamos el acceso efectivo a la justicia, la verdad y la reparaci\u00f3n de las v\u00edctimas de los delitos.\" \/>\n<meta name=\"robots\" content=\"noindex, follow\" \/>\n<meta property=\"og:locale\" content=\"es_ES\" \/>\n<meta property=\"og:type\" content=\"article\" \/>\n<meta property=\"og:title\" content=\"Fiscal\u00eda General de la Naci\u00f3n\" \/>\n<meta property=\"og:description\" content=\"P\u00e1gina oficial de la Fiscal\u00eda General de la Naci\u00f3n \u2013 Colombia. Garantizamos el acceso efectivo a la justicia, la verdad y la reparaci\u00f3n de las v\u00edctimas de los delitos.\" \/>\n<meta property=\"og:url\" content=\"https:\/\/www.fiscalia.gov.co\/colombia\/seguridad-territorial\/adenunciar-amplio-sus-servicios-y-esta-disponible-para-atender-a-las-victimas-de-violencia-de-genero\/\" \/>\n<meta property=\"og:site_name\" content=\"Fiscal\u00eda General de la Naci\u00f3n\" \/>\n<meta property=\"article:publisher\" content=\"https:\/\/www.facebook.com\/FiscaliaCol\" \/>\n<meta property=\"article:published_time\" content=\"2020-12-11T14:26:56+00:00\" \/>\n<meta property=\"og:image\" content=\"https:\/\/www.fiscalia.gov.co\/colombia\/wp-content\/uploads\/denuncie-la-violencia-de-genero-1024x576.jpeg\" \/>\n<meta name=\"author\" content=\"Direcci\u00f3n de Comunicaciones Fiscal\u00eda General de la Naci\u00f3n\" \/>\n<meta name=\"twitter:card\" content=\"summary_large_image\" \/>\n<meta name=\"twitter:creator\" content=\"@FiscaliaCol\" \/>\n<meta name=\"twitter:site\" content=\"@FiscaliaCol\" \/>\n<meta name=\"twitter:label1\" content=\"Escrito por\" \/>\n\t<meta name=\"twitter:data1\" content=\"Direcci\u00f3n de Comunicaciones Fiscal\u00eda General de la Naci\u00f3n\" \/>\n\t<meta name=\"twitter:label2\" content=\"Tiempo de lectura\" \/>\n\t<meta name=\"twitter:data2\" content=\"3 minutos\" \/>\n<script type=\"application\/ld+json\" class=\"yoast-schema-graph\">{\"@context\":\"https:\/\/schema.org\",\"@graph\":[{\"@type\":\"Article\",\"@id\":\"https:\/\/www.fiscalia.gov.co\/colombia\/seguridad-territorial\/adenunciar-amplio-sus-servicios-y-esta-disponible-para-atender-a-las-victimas-de-violencia-de-genero\/#article\",\"isPartOf\":{\"@id\":\"https:\/\/www.fiscalia.gov.co\/colombia\/seguridad-territorial\/adenunciar-amplio-sus-servicios-y-esta-disponible-para-atender-a-las-victimas-de-violencia-de-genero\/\"},\"author\":{\"name\":\"Direcci\u00f3n de Comunicaciones Fiscal\u00eda General de la Naci\u00f3n\",\"@id\":\"https:\/\/www.fiscalia.gov.co\/colombia\/#\/schema\/person\/bf28d8ae7f1b287bbe3af484b04f43ea\"},\"headline\":\"\u00a1ADenunciar! ampli\u00f3 sus servicios y est\u00e1 disponible para atender a las v\u00edctimas de violencia de g\u00e9nero\",\"datePublished\":\"2020-12-11T14:26:56+00:00\",\"dateModified\":\"2020-12-11T14:26:56+00:00\",\"mainEntityOfPage\":{\"@id\":\"https:\/\/www.fiscalia.gov.co\/colombia\/seguridad-territorial\/adenunciar-amplio-sus-servicios-y-esta-disponible-para-atender-a-las-victimas-de-violencia-de-genero\/\"},\"wordCount\":665,\"publisher\":{\"@id\":\"https:\/\/www.fiscalia.gov.co\/colombia\/#organization\"},\"image\":{\"@id\":\"https:\/\/www.fiscalia.gov.co\/colombia\/seguridad-territorial\/adenunciar-amplio-sus-servicios-y-esta-disponible-para-atender-a-las-victimas-de-violencia-de-genero\/#primaryimage\"},\"thumbnailUrl\":\"https:\/\/www.fiscalia.gov.co\/colombia\/wp-content\/uploads\/denuncie-la-violencia-de-genero-1024x576.jpeg\",\"keywords\":[\"ADenunciar\",\"Delitos\",\"Fiscal Barbosa\",\"Francisco Barbosa\",\"Violencia de g\u00e9nero\"],\"articleSection\":[\"Noticias\",\"Seccionales\",\"Seguridad territorial\"],\"inLanguage\":\"es-CO\"},{\"@type\":\"WebPage\",\"@id\":\"https:\/\/www.fiscalia.gov.co\/colombia\/seguridad-territorial\/adenunciar-amplio-sus-servicios-y-esta-disponible-para-atender-a-las-victimas-de-violencia-de-genero\/\",\"url\":\"https:\/\/www.fiscalia.gov.co\/colombia\/seguridad-territorial\/adenunciar-amplio-sus-servicios-y-esta-disponible-para-atender-a-las-victimas-de-violencia-de-genero\/\",\"name\":\"Fiscal\u00eda General de la Naci\u00f3n\",\"isPartOf\":{\"@id\":\"https:\/\/www.fiscalia.gov.co\/colombia\/#website\"},\"primaryImageOfPage\":{\"@id\":\"https:\/\/www.fiscalia.gov.co\/colombia\/seguridad-territorial\/adenunciar-amplio-sus-servicios-y-esta-disponible-para-atender-a-las-victimas-de-violencia-de-genero\/#primaryimage\"},\"image\":{\"@id\":\"https:\/\/www.fiscalia.gov.co\/colombia\/seguridad-territorial\/adenunciar-amplio-sus-servicios-y-esta-disponible-para-atender-a-las-victimas-de-violencia-de-genero\/#primaryimage\"},\"thumbnailUrl\":\"https:\/\/www.fiscalia.gov.co\/colombia\/wp-content\/uploads\/denuncie-la-violencia-de-genero-1024x576.jpeg\",\"datePublished\":\"2020-12-11T14:26:56+00:00\",\"dateModified\":\"2020-12-11T14:26:56+00:00\",\"description\":\"P\u00e1gina oficial de la Fiscal\u00eda General de la Naci\u00f3n \u2013 Colombia. Garantizamos el acceso efectivo a la justicia, la verdad y la reparaci\u00f3n de las v\u00edctimas de los delitos.\",\"breadcrumb\":{\"@id\":\"https:\/\/www.fiscalia.gov.co\/colombia\/seguridad-territorial\/adenunciar-amplio-sus-servicios-y-esta-disponible-para-atender-a-las-victimas-de-violencia-de-genero\/#breadcrumb\"},\"inLanguage\":\"es-CO\",\"potentialAction\":[{\"@type\":\"ReadAction\",\"target\":[\"https:\/\/www.fiscalia.gov.co\/colombia\/seguridad-territorial\/adenunciar-amplio-sus-servicios-y-esta-disponible-para-atender-a-las-victimas-de-violencia-de-genero\/\"]}]},{\"@type\":\"ImageObject\",\"inLanguage\":\"es-CO\",\"@id\":\"https:\/\/www.fiscalia.gov.co\/colombia\/seguridad-territorial\/adenunciar-amplio-sus-servicios-y-esta-disponible-para-atender-a-las-victimas-de-violencia-de-genero\/#primaryimage\",\"url\":\"https:\/\/www.fiscalia.gov.co\/colombia\/wp-content\/uploads\/denuncie-la-violencia-de-genero-1024x576.jpeg\",\"contentUrl\":\"https:\/\/www.fiscalia.gov.co\/colombia\/wp-content\/uploads\/denuncie-la-violencia-de-genero-1024x576.jpeg\"},{\"@type\":\"BreadcrumbList\",\"@id\":\"https:\/\/www.fiscalia.gov.co\/colombia\/seguridad-territorial\/adenunciar-amplio-sus-servicios-y-esta-disponible-para-atender-a-las-victimas-de-violencia-de-genero\/#breadcrumb\",\"itemListElement\":[{\"@type\":\"ListItem\",\"position\":1,\"name\":\"Home\",\"item\":\"https:\/\/www.fiscalia.gov.co\/colombia\/\"},{\"@type\":\"ListItem\",\"position\":2,\"name\":\"\u00a1ADenunciar! ampli\u00f3 sus servicios y est\u00e1 disponible para atender a las v\u00edctimas de violencia de g\u00e9nero\"}]},{\"@type\":\"WebSite\",\"@id\":\"https:\/\/www.fiscalia.gov.co\/colombia\/#website\",\"url\":\"https:\/\/www.fiscalia.gov.co\/colombia\/\",\"name\":\"Fiscal\u00eda General de la Naci\u00f3n\",\"description\":\"P\u00e1gina oficial de la Fiscal\u00eda General de la Naci\u00f3n \u2013 Colombia. Garantizamos el acceso efectivo a la justicia, la verdad y la reparaci\u00f3n de las v\u00edctimas de los delitos.\",\"publisher\":{\"@id\":\"https:\/\/www.fiscalia.gov.co\/colombia\/#organization\"},\"potentialAction\":[{\"@type\":\"SearchAction\",\"target\":{\"@type\":\"EntryPoint\",\"urlTemplate\":\"https:\/\/www.fiscalia.gov.co\/colombia\/?s={search_term_string}\"},\"query-input\":{\"@type\":\"PropertyValueSpecification\",\"valueRequired\":true,\"valueName\":\"search_term_string\"}}],\"inLanguage\":\"es-CO\"},{\"@type\":\"Organization\",\"@id\":\"https:\/\/www.fiscalia.gov.co\/colombia\/#organization\",\"name\":\"Fiscal\u00eda General de la Naci\u00f3n\",\"url\":\"https:\/\/www.fiscalia.gov.co\/colombia\/\",\"logo\":{\"@type\":\"ImageObject\",\"inLanguage\":\"es-CO\",\"@id\":\"https:\/\/www.fiscalia.gov.co\/colombia\/#\/schema\/logo\/image\/\",\"url\":\"https:\/\/www.fiscalia.gov.co\/colombia\/wp-content\/uploads\/LogoHorizontal_1.jpg\",\"contentUrl\":\"https:\/\/www.fiscalia.gov.co\/colombia\/wp-content\/uploads\/LogoHorizontal_1.jpg\",\"width\":300,\"height\":90,\"caption\":\"Fiscal\u00eda General de la Naci\u00f3n\"},\"image\":{\"@id\":\"https:\/\/www.fiscalia.gov.co\/colombia\/#\/schema\/logo\/image\/\"},\"sameAs\":[\"https:\/\/www.facebook.com\/FiscaliaCol\",\"https:\/\/x.com\/FiscaliaCol\",\"https:\/\/www.instagram.com\/fiscaliacol\",\"https:\/\/www.linkedin.com\/company\/fiscalia-general-de-la-naci-n\/\",\"https:\/\/youtube.com\/@fiscaliageneraldelanacion-4668?si=6nN79nyQICPU5iTh\"]},{\"@type\":\"Person\",\"@id\":\"https:\/\/www.fiscalia.gov.co\/colombia\/#\/schema\/person\/bf28d8ae7f1b287bbe3af484b04f43ea\",\"name\":\"Direcci\u00f3n de Comunicaciones Fiscal\u00eda General de la Naci\u00f3n\",\"image\":{\"@type\":\"ImageObject\",\"inLanguage\":\"es-CO\",\"@id\":\"https:\/\/www.fiscalia.gov.co\/colombia\/#\/schema\/person\/image\/\",\"url\":\"https:\/\/secure.gravatar.com\/avatar\/9d55ae161d32da16dbdd0b380c080a5f?s=96&d=mm&r=g\",\"contentUrl\":\"https:\/\/secure.gravatar.com\/avatar\/9d55ae161d32da16dbdd0b380c080a5f?s=96&d=mm&r=g\",\"caption\":\"Direcci\u00f3n de Comunicaciones Fiscal\u00eda General de la Naci\u00f3n\"},\"url\":\"https:\/\/www.fiscalia.gov.co\/colombia\/author\/kbonilla\/\"}]}<\/script>\n<!-- \/ Yoast SEO plugin. -->","yoast_head_json":{"title":"Fiscal\u00eda General de la Naci\u00f3n","description":"P\u00e1gina oficial de la Fiscal\u00eda General de la Naci\u00f3n \u2013 Colombia. Garantizamos el acceso efectivo a la justicia, la verdad y la reparaci\u00f3n de las v\u00edctimas de los delitos.","robots":{"index":"noindex","follow":"follow"},"og_locale":"es_ES","og_type":"article","og_title":"Fiscal\u00eda General de la Naci\u00f3n","og_description":"P\u00e1gina oficial de la Fiscal\u00eda General de la Naci\u00f3n \u2013 Colombia. Garantizamos el acceso efectivo a la justicia, la verdad y la reparaci\u00f3n de las v\u00edctimas de los delitos.","og_url":"https:\/\/www.fiscalia.gov.co\/colombia\/seguridad-territorial\/adenunciar-amplio-sus-servicios-y-esta-disponible-para-atender-a-las-victimas-de-violencia-de-genero\/","og_site_name":"Fiscal\u00eda General de la Naci\u00f3n","article_publisher":"https:\/\/www.facebook.com\/FiscaliaCol","article_published_time":"2020-12-11T14:26:56+00:00","og_image":[{"url":"https:\/\/www.fiscalia.gov.co\/colombia\/wp-content\/uploads\/denuncie-la-violencia-de-genero-1024x576.jpeg","type":"","width":"","height":""}],"author":"Direcci\u00f3n de Comunicaciones Fiscal\u00eda General de la Naci\u00f3n","twitter_card":"summary_large_image","twitter_creator":"@FiscaliaCol","twitter_site":"@FiscaliaCol","twitter_misc":{"Escrito por":"Direcci\u00f3n de Comunicaciones Fiscal\u00eda General de la Naci\u00f3n","Tiempo de lectura":"3 minutos"},"schema":{"@context":"https:\/\/schema.org","@graph":[{"@type":"Article","@id":"https:\/\/www.fiscalia.gov.co\/colombia\/seguridad-territorial\/adenunciar-amplio-sus-servicios-y-esta-disponible-para-atender-a-las-victimas-de-violencia-de-genero\/#article","isPartOf":{"@id":"https:\/\/www.fiscalia.gov.co\/colombia\/seguridad-territorial\/adenunciar-amplio-sus-servicios-y-esta-disponible-para-atender-a-las-victimas-de-violencia-de-genero\/"},"author":{"name":"Direcci\u00f3n de Comunicaciones Fiscal\u00eda General de la Naci\u00f3n","@id":"https:\/\/www.fiscalia.gov.co\/colombia\/#\/schema\/person\/bf28d8ae7f1b287bbe3af484b04f43ea"},"headline":"\u00a1ADenunciar! ampli\u00f3 sus servicios y est\u00e1 disponible para atender a las v\u00edctimas de violencia de g\u00e9nero","datePublished":"2020-12-11T14:26:56+00:00","dateModified":"2020-12-11T14:26:56+00:00","mainEntityOfPage":{"@id":"https:\/\/www.fiscalia.gov.co\/colombia\/seguridad-territorial\/adenunciar-amplio-sus-servicios-y-esta-disponible-para-atender-a-las-victimas-de-violencia-de-genero\/"},"wordCount":665,"publisher":{"@id":"https:\/\/www.fiscalia.gov.co\/colombia\/#organization"},"image":{"@id":"https:\/\/www.fiscalia.gov.co\/colombia\/seguridad-territorial\/adenunciar-amplio-sus-servicios-y-esta-disponible-para-atender-a-las-victimas-de-violencia-de-genero\/#primaryimage"},"thumbnailUrl":"https:\/\/www.fiscalia.gov.co\/colombia\/wp-content\/uploads\/denuncie-la-violencia-de-genero-1024x576.jpeg","keywords":["ADenunciar","Delitos","Fiscal Barbosa","Francisco Barbosa","Violencia de g\u00e9nero"],"articleSection":["Noticias","Seccionales","Seguridad territorial"],"inLanguage":"es-CO"},{"@type":"WebPage","@id":"https:\/\/www.fiscalia.gov.co\/colombia\/seguridad-territorial\/adenunciar-amplio-sus-servicios-y-esta-disponible-para-atender-a-las-victimas-de-violencia-de-genero\/","url":"https:\/\/www.fiscalia.gov.co\/colombia\/seguridad-territorial\/adenunciar-amplio-sus-servicios-y-esta-disponible-para-atender-a-las-victimas-de-violencia-de-genero\/","name":"Fiscal\u00eda General de la Naci\u00f3n","isPartOf":{"@id":"https:\/\/www.fiscalia.gov.co\/colombia\/#website"},"primaryImageOfPage":{"@id":"https:\/\/www.fiscalia.gov.co\/colombia\/seguridad-territorial\/adenunciar-amplio-sus-servicios-y-esta-disponible-para-atender-a-las-victimas-de-violencia-de-genero\/#primaryimage"},"image":{"@id":"https:\/\/www.fiscalia.gov.co\/colombia\/seguridad-territorial\/adenunciar-amplio-sus-servicios-y-esta-disponible-para-atender-a-las-victimas-de-violencia-de-genero\/#primaryimage"},"thumbnailUrl":"https:\/\/www.fiscalia.gov.co\/colombia\/wp-content\/uploads\/denuncie-la-violencia-de-genero-1024x576.jpeg","datePublished":"2020-12-11T14:26:56+00:00","dateModified":"2020-12-11T14:26:56+00:00","description":"P\u00e1gina oficial de la Fiscal\u00eda General de la Naci\u00f3n \u2013 Colombia. Garantizamos el acceso efectivo a la justicia, la verdad y la reparaci\u00f3n de las v\u00edctimas de los delitos.","breadcrumb":{"@id":"https:\/\/www.fiscalia.gov.co\/colombia\/seguridad-territorial\/adenunciar-amplio-sus-servicios-y-esta-disponible-para-atender-a-las-victimas-de-violencia-de-genero\/#breadcrumb"},"inLanguage":"es-CO","potentialAction":[{"@type":"ReadAction","target":["https:\/\/www.fiscalia.gov.co\/colombia\/seguridad-territorial\/adenunciar-amplio-sus-servicios-y-esta-disponible-para-atender-a-las-victimas-de-violencia-de-genero\/"]}]},{"@type":"ImageObject","inLanguage":"es-CO","@id":"https:\/\/www.fiscalia.gov.co\/colombia\/seguridad-territorial\/adenunciar-amplio-sus-servicios-y-esta-disponible-para-atender-a-las-victimas-de-violencia-de-genero\/#primaryimage","url":"https:\/\/www.fiscalia.gov.co\/colombia\/wp-content\/uploads\/denuncie-la-violencia-de-genero-1024x576.jpeg","contentUrl":"https:\/\/www.fiscalia.gov.co\/colombia\/wp-content\/uploads\/denuncie-la-violencia-de-genero-1024x576.jpeg"},{"@type":"BreadcrumbList","@id":"https:\/\/www.fiscalia.gov.co\/colombia\/seguridad-territorial\/adenunciar-amplio-sus-servicios-y-esta-disponible-para-atender-a-las-victimas-de-violencia-de-genero\/#breadcrumb","itemListElement":[{"@type":"ListItem","position":1,"name":"Home","item":"https:\/\/www.fiscalia.gov.co\/colombia\/"},{"@type":"ListItem","position":2,"name":"\u00a1ADenunciar! ampli\u00f3 sus servicios y est\u00e1 disponible para atender a las v\u00edctimas de violencia de g\u00e9nero"}]},{"@type":"WebSite","@id":"https:\/\/www.fiscalia.gov.co\/colombia\/#website","url":"https:\/\/www.fiscalia.gov.co\/colombia\/","name":"Fiscal\u00eda General de la Naci\u00f3n","description":"P\u00e1gina oficial de la Fiscal\u00eda General de la Naci\u00f3n \u2013 Colombia. Garantizamos el acceso efectivo a la justicia, la verdad y la reparaci\u00f3n de las v\u00edctimas de los delitos.","publisher":{"@id":"https:\/\/www.fiscalia.gov.co\/colombia\/#organization"},"potentialAction":[{"@type":"SearchAction","target":{"@type":"EntryPoint","urlTemplate":"https:\/\/www.fiscalia.gov.co\/colombia\/?s={search_term_string}"},"query-input":{"@type":"PropertyValueSpecification","valueRequired":true,"valueName":"search_term_string"}}],"inLanguage":"es-CO"},{"@type":"Organization","@id":"https:\/\/www.fiscalia.gov.co\/colombia\/#organization","name":"Fiscal\u00eda General de la Naci\u00f3n","url":"https:\/\/www.fiscalia.gov.co\/colombia\/","logo":{"@type":"ImageObject","inLanguage":"es-CO","@id":"https:\/\/www.fiscalia.gov.co\/colombia\/#\/schema\/logo\/image\/","url":"https:\/\/www.fiscalia.gov.co\/colombia\/wp-content\/uploads\/LogoHorizontal_1.jpg","contentUrl":"https:\/\/www.fiscalia.gov.co\/colombia\/wp-content\/uploads\/LogoHorizontal_1.jpg","width":300,"height":90,"caption":"Fiscal\u00eda General de la Naci\u00f3n"},"image":{"@id":"https:\/\/www.fiscalia.gov.co\/colombia\/#\/schema\/logo\/image\/"},"sameAs":["https:\/\/www.facebook.com\/FiscaliaCol","https:\/\/x.com\/FiscaliaCol","https:\/\/www.instagram.com\/fiscaliacol","https:\/\/www.linkedin.com\/company\/fiscalia-general-de-la-naci-n\/","https:\/\/youtube.com\/@fiscaliageneraldelanacion-4668?si=6nN79nyQICPU5iTh"]},{"@type":"Person","@id":"https:\/\/www.fiscalia.gov.co\/colombia\/#\/schema\/person\/bf28d8ae7f1b287bbe3af484b04f43ea","name":"Direcci\u00f3n de Comunicaciones Fiscal\u00eda General de la Naci\u00f3n","image":{"@type":"ImageObject","inLanguage":"es-CO","@id":"https:\/\/www.fiscalia.gov.co\/colombia\/#\/schema\/person\/image\/","url":"https:\/\/secure.gravatar.com\/avatar\/9d55ae161d32da16dbdd0b380c080a5f?s=96&d=mm&r=g","contentUrl":"https:\/\/secure.gravatar.com\/avatar\/9d55ae161d32da16dbdd0b380c080a5f?s=96&d=mm&r=g","caption":"Direcci\u00f3n de Comunicaciones Fiscal\u00eda General de la Naci\u00f3n"},"url":"https:\/\/www.fiscalia.gov.co\/colombia\/author\/kbonilla\/"}]}},"_links":{"self":[{"href":"https:\/\/www.fiscalia.gov.co\/colombia\/wp-json\/wp\/v2\/posts\/209266","targetHints":{"allow":["GET"]}}],"collection":[{"href":"https:\/\/www.fiscalia.gov.co\/colombia\/wp-json\/wp\/v2\/posts"}],"about":[{"href":"https:\/\/www.fiscalia.gov.co\/colombia\/wp-json\/wp\/v2\/types\/post"}],"author":[{"embeddable":true,"href":"https:\/\/www.fiscalia.gov.co\/colombia\/wp-json\/wp\/v2\/users\/162"}],"replies":[{"embeddable":true,"href":"https:\/\/www.fiscalia.gov.co\/colombia\/wp-json\/wp\/v2\/comments?post=209266"}],"version-history":[{"count":1,"href":"https:\/\/www.fiscalia.gov.co\/colombia\/wp-json\/wp\/v2\/posts\/209266\/revisions"}],"predecessor-version":[{"id":209268,"href":"https:\/\/www.fiscalia.gov.co\/colombia\/wp-json\/wp\/v2\/posts\/209266\/revisions\/209268"}],"wp:attachment":[{"href":"https:\/\/www.fiscalia.gov.co\/colombia\/wp-json\/wp\/v2\/media?parent=209266"}],"wp:term":[{"taxonomy":"category","embeddable":true,"href":"https:\/\/www.fiscalia.gov.co\/colombia\/wp-json\/wp\/v2\/categories?post=209266"},{"taxonomy":"post_tag","embeddable":true,"href":"https:\/\/www.fiscalia.gov.co\/colombia\/wp-json\/wp\/v2\/tags?post=209266"}],"curies":[{"name":"wp","href":"https:\/\/api.w.org\/{rel}","templated":true}]}}