{"id":209080,"date":"2020-12-10T06:14:24","date_gmt":"2020-12-10T11:14:24","guid":{"rendered":"https:\/\/www.fiscalia.gov.co\/colombia\/?p=209080"},"modified":"2020-12-13T21:24:38","modified_gmt":"2020-12-14T02:24:38","slug":"descubierta-modalidad-virtud-al-de-trafico-de-fauna-silvestres-y-especies-en-riesgo-de-extincion","status":"publish","type":"post","link":"https:\/\/www.fiscalia.gov.co\/colombia\/derechos-humanos\/descubierta-modalidad-virtud-al-de-trafico-de-fauna-silvestres-y-especies-en-riesgo-de-extincion\/","title":{"rendered":"Descubierta modalidad virtual de tr\u00e1fico de fauna silvestre y especies en riesgo de extinci\u00f3n"},"content":{"rendered":"<blockquote class=\"td_quote_box td_box_center\">\n<h4 style=\"text-align: left;\"><strong><span class=\"s7\">\u2022 <\/span><span class=\"s8\"><span class=\"bumpedFont15\">En grupos cerrados, v\u00eda WhatsApp, una red de traficantes comercializaba mam\u00edferos, aves, reptiles y primates, entre otras especies de la biodiversidad nacional amenazadas. <\/span><\/span><\/strong><\/h4>\n<h4 class=\"s9\" style=\"text-align: left;\"><strong><span class=\"s7\">\u2022 <\/span><span class=\"s8\"><span class=\"bumpedFont15\">Por primera vez, la Fiscal\u00eda General de la Naci\u00f3n y la Polic\u00eda Nacional utilizaron la figura del agente encubierto para poner en evidencia este fen\u00f3meno criminal.<\/span><\/span><\/strong><\/h4>\n<\/blockquote>\n<p class=\"s5\"><span class=\"s10\"><span class=\"bumpedFont15\">La crueldad de un negocio criminal que atenta contra la biodiversidad y el sostenimiento de los recursos naturales qued\u00f3 en evidencia luego de la acci\u00f3n investigativa articulada de la Fiscal\u00eda General de la Naci\u00f3n, a trav\u00e9s de la Direcci\u00f3n Especializada contra las Violaciones a los Derechos Humanos, y la Direcci\u00f3n de Protecci\u00f3n y Servicios Especiales de la Polic\u00eda Nacional (DIPRO).<\/span><\/span><\/p>\n<p class=\"s5\"><span class=\"s10\"><span class=\"bumpedFont15\">Fauna nativa y algunas especies ex\u00f3ticas eran ofrecidas y comercializadas por WhatsApp, y trasportadas por carretera a diferentes ciudades del pa\u00eds y el extranjero, como si fueran art\u00edculos comunes de uso y servicio.<\/span><\/span><\/p>\n<p class=\"s5\"><span class=\"s10\"><span class=\"bumpedFont15\">Para poner en evidencia esta actividad il\u00edcita, la Fiscal\u00eda y la Polic\u00eda acudieron por primera vez a la figura del agente encubierto. En una labor paciente y sigilosa se logr\u00f3 ingresar a dos grupos cerrados de mensajer\u00eda instant\u00e1nea, en los que s\u00f3lo se permit\u00eda la entrada de personas referidas.<\/span><\/span><\/p>\n<p class=\"s5\"><span class=\"s10\"><span class=\"bumpedFont15\">\u2018<\/span><\/span><span class=\"s10\"><span class=\"bumpedFont15\">Faunatic<\/span><\/span><span class=\"s10\"><span class=\"bumpedFont15\">\u2019 y \u2018<\/span><\/span><span class=\"s10\"><span class=\"bumpedFont15\">exotic<\/span><\/span><span class=\"s10\"><span class=\"bumpedFont15\"> Colombia\u2019, como se hac\u00edan llamar estos chats, estaban conformados por m\u00e1ximo 12 integrantes. Todos eran traficantes de fauna que, con seud\u00f3nimos, vend\u00edan tigrillos, ocelotes, venados, b\u00fahos, serpientes, tortugas, guacamayas, micos, babillas y m\u00faltiples especies de la biodiversidad nacional, la gran mayor\u00eda en peligro de extinci\u00f3n. Asimismo, se compromet\u00edan a conseguir lagartos y otros tipos de reptiles ex\u00f3ticos.<\/span><\/span><\/p>\n<p class=\"s5\"><span class=\"s10\"><span class=\"bumpedFont15\">Los interesados deb\u00edan pagar un abono por transacci\u00f3n virtual y los animales les llegaba<\/span><\/span><span class=\"s10\"><span class=\"bumpedFont15\">n<\/span><\/span><span class=\"s10\"><span class=\"bumpedFont15\"> por encomienda, en buses de servicio p\u00fablico. En el curso del proceso, se acreditaron 14 ventas y entregas efectivas en Bogot\u00e1 y Soledad (Atl\u00e1ntico). En estos casos, los animales fueron rescatados y puestos a disposici\u00f3n de las autoridades ambientales.<\/span><\/span><\/p>\n<p class=\"s5\"><span class=\"s10\"><span class=\"bumpedFont15\">El abundante material de prueba, entre conversaciones y videos, permitieron identificar y capturar a cuatro de los presuntos traficantes de fauna. Las diligencias se cumplieron de manera simult\u00e1nea en Bogot\u00e1 y Cartagena. <\/span><\/span><\/p>\n<p class=\"s5\"><span class=\"s10\"><span class=\"bumpedFont15\">Una fiscal de la Direcci\u00f3n Especializada contra las Violaciones a los Derechos Humanos les imput\u00f3 los delitos de: Il\u00edcito aprovechamiento de los recursos naturales y da\u00f1o a los recursos naturales. Tres de los procesados aceptaron los cargos. Los detenidos son: <\/span><\/span><\/p>\n<div class=\"s9\"><span class=\"s7\">\u2022 <\/span><span class=\"s10\"><span class=\"bumpedFont15\">Rafael Cruz Romero, conocido como \u2018Ojitos\u2019 o \u2018Emmanuel\u2019.<\/span><\/span><\/div>\n<div class=\"s9\"><span class=\"s7\">\u2022 <\/span><span class=\"s10\"><span class=\"bumpedFont15\">Sebasti\u00e1n Bastos Pe\u00f1aranda, \u2018Sebas\u2019 o \u2018Andr\u00e9s\u2019.<\/span><\/span><\/div>\n<div class=\"s9\"><span class=\"s7\">\u2022 <\/span><span class=\"s10\"><span class=\"bumpedFont15\">Alfonso Mauricio Triana, \u2018Miguel\u2019.<\/span><\/span><\/div>\n<div class=\"s9\"><span class=\"s7\">\u2022 <\/span><span class=\"s10\"><span class=\"bumpedFont15\">Jeisson<\/span><\/span><span class=\"s10\"><span class=\"bumpedFont15\"> Humberto Triana, \u2018\u00c1ngela\u2019.<\/span><\/span><\/div>\n<p class=\"s5\"><span class=\"s11\"><span class=\"bumpedFont15\">La ruta del tr\u00e1fico de especies<\/span><\/span><\/p>\n<p class=\"s5\"><span class=\"s10\"><span class=\"bumpedFont15\">La investigaci\u00f3n permiti\u00f3 conocer que algunos de los traficantes contactaban redes de cazadores, que se encargaban de extraer especies j\u00f3venes de la depresi\u00f3n <\/span><\/span><span class=\"s10\"><span class=\"bumpedFont15\">momposina<\/span><\/span><span class=\"s10\"><span class=\"bumpedFont15\">, entre los departamentos de Bol\u00edvar, Cesar, C\u00f3rdoba, Magdalena y Sucre, y de otras zonas<\/span><\/span><span class=\"s10\"><span class=\"bumpedFont15\"> de<\/span><\/span><span class=\"s10\"><span class=\"bumpedFont15\"> la Costa Atl\u00e1ntica.<\/span><\/span><\/p>\n<p class=\"s5\"><span class=\"s10\"><span class=\"bumpedFont15\">Luego de ser ofrecida la fauna en los grupos de WhatsApp, los animales eran preparados. Por ejemplo, a las aves les cortaban las alas y a los mam\u00edferos los amordazaban y amarraban. Posteriormente, eran camuflados en cajas a las que les abr\u00edan huecos para permitir la respiraci\u00f3n de las especies y, con la aparente connivencia de algunos transportadores, los enviaban entre buses de servicio p\u00fablico.<\/span><\/span> <span class=\"s10\"><span class=\"bumpedFont15\">La mayor\u00eda de las entregas se hac\u00eda en Barranquilla y Soledad (Atl\u00e1ntico), Bogot\u00e1, Cali, Medell\u00edn y Cartagena.<\/span><\/span><\/p>\n<p class=\"s5\"><strong><span class=\"s11\"><span class=\"bumpedFont15\">Da\u00f1o irreparable<\/span><\/span><\/strong><\/p>\n<p class=\"s5\"><span class=\"s10\"><span class=\"bumpedFont15\">Los elementos de prueba dan cuenta de que, en los grupos de WhatsApp, una babilla costaba $100.000, <\/span><\/span><span class=\"s10\"><span class=\"bumpedFont15\">una guacamaya $700.000, un mono<\/span><\/span><span class=\"s10\"><span class=\"bumpedFont15\"> tit\u00ed $900.000 y los tigrillos y otros mam\u00edferos casi $1\u2019300.<\/span><\/span><span class=\"s10\"><span class=\"bumpedFont15\">000. E<\/span><\/span><span class=\"s10\"><span class=\"bumpedFont15\">stos valores son irrisorios frente al enorme da\u00f1o que ocasiona el tr\u00e1fico de fauna.<\/span><\/span><\/p>\n<p class=\"s5\"><span class=\"s10\"><span class=\"bumpedFont15\">Las autoridades ambientales y ONG ambientalistas que acompa\u00f1aron la investigaci\u00f3n se\u00f1alan que las especies cazadas, por la corta edad,<\/span><\/span><span class=\"s10\"><span class=\"bumpedFont15\"> no podr\u00e1n retornar a su h\u00e1bitat<\/span><\/span><span class=\"s10\"><span class=\"bumpedFont15\">. Adem\u00e1s, por las modificaciones f\u00edsicas a las que<\/span><\/span><span class=\"s10\"><span class=\"bumpedFont15\"> fu<\/span><\/span><a name=\"_GoBack\"><\/a><span class=\"s10\"><span class=\"bumpedFont15\">eron<\/span><\/span> <span class=\"s10\"><span class=\"bumpedFont15\">sometidas muchas quedan lisiadas de por vida. A esto se suma que el gran porcentaje de animales comercializados est\u00e1 en riesgo de extinci\u00f3n.<\/span><\/span><\/p>\n<p class=\"s5\"><span class=\"s10\"><span class=\"bumpedFont15\">Con este resultado investigativo, la Fiscal\u00eda reafirma su compromiso priorizar los delitos ambientales y atacar a las organizaciones que se lucran il\u00edcitamente de los recursos naturales, como lo defini\u00f3 el Fiscal General de la Naci\u00f3n, Francisco Barbosa Delgado, en el Direccionamiento Estrat\u00e9gico 2020 \u2013 2024.<\/span><\/span><\/p>\n<p class=\"s5\"><span class=\"s10\"><span class=\"bumpedFont15\">La Fiscal\u00eda hace p\u00fablica esta informaci\u00f3n por razones de inter\u00e9s general.<\/span><\/span>\u200b\u200b<\/p>\n<p class=\"s5\"><span class=\"s12\"><span class=\"bumpedFont20\">JARG\/DECVDH\/<\/span><\/span><span class=\"s12\"><span class=\"bumpedFont20\">MCRC<\/span><\/span><span class=\"s12\"><span class=\"bumpedFont20\">\/<\/span><\/span><\/p>\n<p><i><span lang=\"ES\">La informaci\u00f3n contenida en este bolet\u00edn de prensa corresponde a la narraci\u00f3n de los hechos noticiosos objetivos, suministrados por los funcionarios encargados de adelantar las investigaciones penales al interior de la Fiscal\u00eda General de la Naci\u00f3n. Para el momento de la divulgaci\u00f3n de este comunicado, la situaci\u00f3n jur\u00eddica de la(s) persona(s) relacionada(s) se encuentra pendiente de resolver por la autoridad judicial competente, siempre bajo los preceptos de la presunci\u00f3n de inocencia, consagrados en el art\u00edculo 29 de la Constituci\u00f3n Pol\u00edtica y el art\u00edculo 7\u00ba de la Ley 906 de 2004.\u00a0\u00a0\u00a0\u00a0<\/span><\/i><\/p>\n\n<div class=\"twitter-share\"><a href=\"https:\/\/twitter.com\/intent\/tweet?via=fiscaliacol\" class=\"twitter-share-button\">Tweet<\/a><\/div>\n","protected":false},"excerpt":{"rendered":"<p>\u2022 En grupos cerrados, v\u00eda WhatsApp, una red de traficantes comercializaba mam\u00edferos, aves, reptiles y primates, entre otras especies de la biodiversidad nacional amenazadas. \u2022 Por primera vez, la Fiscal\u00eda General de la Naci\u00f3n y la Polic\u00eda Nacional utilizaron la figura del agente encubierto para poner en evidencia este fen\u00f3meno criminal. La crueldad de un [&hellip;]<\/p>\n","protected":false},"author":171,"featured_media":0,"comment_status":"closed","ping_status":"open","sticky":false,"template":"","format":"video","meta":{"_price":"","_stock":"","_tribe_ticket_header":"","_tribe_default_ticket_provider":"","_tribe_ticket_capacity":"0","_ticket_start_date":"","_ticket_end_date":"","_tribe_ticket_show_description":"","_tribe_ticket_show_not_going":false,"_tribe_ticket_use_global_stock":"","_tribe_ticket_global_stock_level":"","_global_stock_mode":"","_global_stock_cap":"","_tribe_rsvp_for_event":"","_tribe_ticket_going_count":"","_tribe_ticket_not_going_count":"","_tribe_tickets_list":"[]","_tribe_ticket_has_attendee_info_fields":false,"tdm_status":"","tdm_grid_status":"","footnotes":""},"categories":[24102,1],"tags":[1050,24185,4614,1047],"class_list":{"0":"post-209080","1":"post","2":"type-post","3":"status-publish","4":"format-video","6":"category-derechos-humanos","7":"category-noticias","8":"tag-derechoa-humanos","9":"tag-fiscal-barbosa","10":"tag-fiscalia-2","11":"tag-fiscalia-general-de-la-nacion","12":"post_format-post-format-video"},"yoast_head":"<!-- This site is optimized with the Yoast SEO plugin v24.3 - https:\/\/yoast.com\/wordpress\/plugins\/seo\/ -->\n<title>Fiscal\u00eda General de la Naci\u00f3n<\/title>\n<meta name=\"description\" content=\"P\u00e1gina oficial de la Fiscal\u00eda General de la Naci\u00f3n \u2013 Colombia. Garantizamos el acceso efectivo a la justicia, la verdad y la reparaci\u00f3n de las v\u00edctimas de los delitos.\" \/>\n<meta name=\"robots\" content=\"noindex, follow\" \/>\n<meta property=\"og:locale\" content=\"es_ES\" \/>\n<meta property=\"og:type\" content=\"article\" \/>\n<meta property=\"og:title\" content=\"Fiscal\u00eda General de la Naci\u00f3n\" \/>\n<meta property=\"og:description\" content=\"P\u00e1gina oficial de la Fiscal\u00eda General de la Naci\u00f3n \u2013 Colombia. Garantizamos el acceso efectivo a la justicia, la verdad y la reparaci\u00f3n de las v\u00edctimas de los delitos.\" \/>\n<meta property=\"og:url\" content=\"https:\/\/www.fiscalia.gov.co\/colombia\/derechos-humanos\/descubierta-modalidad-virtud-al-de-trafico-de-fauna-silvestres-y-especies-en-riesgo-de-extincion\/\" \/>\n<meta property=\"og:site_name\" content=\"Fiscal\u00eda General de la Naci\u00f3n\" \/>\n<meta property=\"article:publisher\" content=\"https:\/\/www.facebook.com\/FiscaliaCol\" \/>\n<meta property=\"article:published_time\" content=\"2020-12-10T11:14:24+00:00\" \/>\n<meta property=\"article:modified_time\" content=\"2020-12-14T02:24:38+00:00\" \/>\n<meta name=\"author\" content=\"Ana Mar\u00eda Gomez\" \/>\n<meta name=\"twitter:card\" content=\"summary_large_image\" \/>\n<meta name=\"twitter:creator\" content=\"@FiscaliaCol\" \/>\n<meta name=\"twitter:site\" content=\"@FiscaliaCol\" \/>\n<meta name=\"twitter:label1\" content=\"Escrito por\" \/>\n\t<meta name=\"twitter:data1\" content=\"Ana Mar\u00eda Gomez\" \/>\n\t<meta name=\"twitter:label2\" content=\"Tiempo de lectura\" \/>\n\t<meta name=\"twitter:data2\" content=\"4 minutos\" \/>\n<script type=\"application\/ld+json\" class=\"yoast-schema-graph\">{\"@context\":\"https:\/\/schema.org\",\"@graph\":[{\"@type\":\"Article\",\"@id\":\"https:\/\/www.fiscalia.gov.co\/colombia\/derechos-humanos\/descubierta-modalidad-virtud-al-de-trafico-de-fauna-silvestres-y-especies-en-riesgo-de-extincion\/#article\",\"isPartOf\":{\"@id\":\"https:\/\/www.fiscalia.gov.co\/colombia\/derechos-humanos\/descubierta-modalidad-virtud-al-de-trafico-de-fauna-silvestres-y-especies-en-riesgo-de-extincion\/\"},\"author\":{\"name\":\"Ana Mar\u00eda Gomez\",\"@id\":\"https:\/\/www.fiscalia.gov.co\/colombia\/#\/schema\/person\/06aa2210fe4d79203f428ff671dee360\"},\"headline\":\"Descubierta modalidad virtual de tr\u00e1fico de fauna silvestre y especies en riesgo de extinci\u00f3n\",\"datePublished\":\"2020-12-10T11:14:24+00:00\",\"dateModified\":\"2020-12-14T02:24:38+00:00\",\"mainEntityOfPage\":{\"@id\":\"https:\/\/www.fiscalia.gov.co\/colombia\/derechos-humanos\/descubierta-modalidad-virtud-al-de-trafico-de-fauna-silvestres-y-especies-en-riesgo-de-extincion\/\"},\"wordCount\":885,\"publisher\":{\"@id\":\"https:\/\/www.fiscalia.gov.co\/colombia\/#organization\"},\"keywords\":[\"Derechos Humanos\",\"Fiscal Barbosa\",\"Fiscal\u00eda\",\"Fiscal\u00eda General de la Naci\u00f3n\"],\"articleSection\":[\"Derechos Humanos\",\"Noticias\"],\"inLanguage\":\"es-CO\"},{\"@type\":\"WebPage\",\"@id\":\"https:\/\/www.fiscalia.gov.co\/colombia\/derechos-humanos\/descubierta-modalidad-virtud-al-de-trafico-de-fauna-silvestres-y-especies-en-riesgo-de-extincion\/\",\"url\":\"https:\/\/www.fiscalia.gov.co\/colombia\/derechos-humanos\/descubierta-modalidad-virtud-al-de-trafico-de-fauna-silvestres-y-especies-en-riesgo-de-extincion\/\",\"name\":\"Fiscal\u00eda General de la Naci\u00f3n\",\"isPartOf\":{\"@id\":\"https:\/\/www.fiscalia.gov.co\/colombia\/#website\"},\"datePublished\":\"2020-12-10T11:14:24+00:00\",\"dateModified\":\"2020-12-14T02:24:38+00:00\",\"description\":\"P\u00e1gina oficial de la Fiscal\u00eda General de la Naci\u00f3n \u2013 Colombia. Garantizamos el acceso efectivo a la justicia, la verdad y la reparaci\u00f3n de las v\u00edctimas de los delitos.\",\"breadcrumb\":{\"@id\":\"https:\/\/www.fiscalia.gov.co\/colombia\/derechos-humanos\/descubierta-modalidad-virtud-al-de-trafico-de-fauna-silvestres-y-especies-en-riesgo-de-extincion\/#breadcrumb\"},\"inLanguage\":\"es-CO\",\"potentialAction\":[{\"@type\":\"ReadAction\",\"target\":[\"https:\/\/www.fiscalia.gov.co\/colombia\/derechos-humanos\/descubierta-modalidad-virtud-al-de-trafico-de-fauna-silvestres-y-especies-en-riesgo-de-extincion\/\"]}]},{\"@type\":\"BreadcrumbList\",\"@id\":\"https:\/\/www.fiscalia.gov.co\/colombia\/derechos-humanos\/descubierta-modalidad-virtud-al-de-trafico-de-fauna-silvestres-y-especies-en-riesgo-de-extincion\/#breadcrumb\",\"itemListElement\":[{\"@type\":\"ListItem\",\"position\":1,\"name\":\"Home\",\"item\":\"https:\/\/www.fiscalia.gov.co\/colombia\/\"},{\"@type\":\"ListItem\",\"position\":2,\"name\":\"Descubierta modalidad virtual de tr\u00e1fico de fauna silvestre y especies en riesgo de extinci\u00f3n\"}]},{\"@type\":\"WebSite\",\"@id\":\"https:\/\/www.fiscalia.gov.co\/colombia\/#website\",\"url\":\"https:\/\/www.fiscalia.gov.co\/colombia\/\",\"name\":\"Fiscal\u00eda General de la Naci\u00f3n\",\"description\":\"P\u00e1gina oficial de la Fiscal\u00eda General de la Naci\u00f3n \u2013 Colombia. Garantizamos el acceso efectivo a la justicia, la verdad y la reparaci\u00f3n de las v\u00edctimas de los delitos.\",\"publisher\":{\"@id\":\"https:\/\/www.fiscalia.gov.co\/colombia\/#organization\"},\"potentialAction\":[{\"@type\":\"SearchAction\",\"target\":{\"@type\":\"EntryPoint\",\"urlTemplate\":\"https:\/\/www.fiscalia.gov.co\/colombia\/?s={search_term_string}\"},\"query-input\":{\"@type\":\"PropertyValueSpecification\",\"valueRequired\":true,\"valueName\":\"search_term_string\"}}],\"inLanguage\":\"es-CO\"},{\"@type\":\"Organization\",\"@id\":\"https:\/\/www.fiscalia.gov.co\/colombia\/#organization\",\"name\":\"Fiscal\u00eda General de la Naci\u00f3n\",\"url\":\"https:\/\/www.fiscalia.gov.co\/colombia\/\",\"logo\":{\"@type\":\"ImageObject\",\"inLanguage\":\"es-CO\",\"@id\":\"https:\/\/www.fiscalia.gov.co\/colombia\/#\/schema\/logo\/image\/\",\"url\":\"https:\/\/www.fiscalia.gov.co\/colombia\/wp-content\/uploads\/LogoHorizontal_1.jpg\",\"contentUrl\":\"https:\/\/www.fiscalia.gov.co\/colombia\/wp-content\/uploads\/LogoHorizontal_1.jpg\",\"width\":300,\"height\":90,\"caption\":\"Fiscal\u00eda General de la Naci\u00f3n\"},\"image\":{\"@id\":\"https:\/\/www.fiscalia.gov.co\/colombia\/#\/schema\/logo\/image\/\"},\"sameAs\":[\"https:\/\/www.facebook.com\/FiscaliaCol\",\"https:\/\/x.com\/FiscaliaCol\",\"https:\/\/www.instagram.com\/fiscaliacol\",\"https:\/\/www.linkedin.com\/company\/fiscalia-general-de-la-naci-n\/\",\"https:\/\/youtube.com\/@fiscaliageneraldelanacion-4668?si=6nN79nyQICPU5iTh\"]},{\"@type\":\"Person\",\"@id\":\"https:\/\/www.fiscalia.gov.co\/colombia\/#\/schema\/person\/06aa2210fe4d79203f428ff671dee360\",\"name\":\"Ana Mar\u00eda Gomez\",\"image\":{\"@type\":\"ImageObject\",\"inLanguage\":\"es-CO\",\"@id\":\"https:\/\/www.fiscalia.gov.co\/colombia\/#\/schema\/person\/image\/\",\"url\":\"https:\/\/secure.gravatar.com\/avatar\/a38115d98a7f8a96cbb96af2b2c37a0b?s=96&d=mm&r=g\",\"contentUrl\":\"https:\/\/secure.gravatar.com\/avatar\/a38115d98a7f8a96cbb96af2b2c37a0b?s=96&d=mm&r=g\",\"caption\":\"Ana Mar\u00eda Gomez\"},\"url\":\"https:\/\/www.fiscalia.gov.co\/colombia\/author\/agomez\/\"}]}<\/script>\n<!-- \/ Yoast SEO plugin. -->","yoast_head_json":{"title":"Fiscal\u00eda General de la Naci\u00f3n","description":"P\u00e1gina oficial de la Fiscal\u00eda General de la Naci\u00f3n \u2013 Colombia. Garantizamos el acceso efectivo a la justicia, la verdad y la reparaci\u00f3n de las v\u00edctimas de los delitos.","robots":{"index":"noindex","follow":"follow"},"og_locale":"es_ES","og_type":"article","og_title":"Fiscal\u00eda General de la Naci\u00f3n","og_description":"P\u00e1gina oficial de la Fiscal\u00eda General de la Naci\u00f3n \u2013 Colombia. Garantizamos el acceso efectivo a la justicia, la verdad y la reparaci\u00f3n de las v\u00edctimas de los delitos.","og_url":"https:\/\/www.fiscalia.gov.co\/colombia\/derechos-humanos\/descubierta-modalidad-virtud-al-de-trafico-de-fauna-silvestres-y-especies-en-riesgo-de-extincion\/","og_site_name":"Fiscal\u00eda General de la Naci\u00f3n","article_publisher":"https:\/\/www.facebook.com\/FiscaliaCol","article_published_time":"2020-12-10T11:14:24+00:00","article_modified_time":"2020-12-14T02:24:38+00:00","author":"Ana Mar\u00eda Gomez","twitter_card":"summary_large_image","twitter_creator":"@FiscaliaCol","twitter_site":"@FiscaliaCol","twitter_misc":{"Escrito por":"Ana Mar\u00eda Gomez","Tiempo de lectura":"4 minutos"},"schema":{"@context":"https:\/\/schema.org","@graph":[{"@type":"Article","@id":"https:\/\/www.fiscalia.gov.co\/colombia\/derechos-humanos\/descubierta-modalidad-virtud-al-de-trafico-de-fauna-silvestres-y-especies-en-riesgo-de-extincion\/#article","isPartOf":{"@id":"https:\/\/www.fiscalia.gov.co\/colombia\/derechos-humanos\/descubierta-modalidad-virtud-al-de-trafico-de-fauna-silvestres-y-especies-en-riesgo-de-extincion\/"},"author":{"name":"Ana Mar\u00eda Gomez","@id":"https:\/\/www.fiscalia.gov.co\/colombia\/#\/schema\/person\/06aa2210fe4d79203f428ff671dee360"},"headline":"Descubierta modalidad virtual de tr\u00e1fico de fauna silvestre y especies en riesgo de extinci\u00f3n","datePublished":"2020-12-10T11:14:24+00:00","dateModified":"2020-12-14T02:24:38+00:00","mainEntityOfPage":{"@id":"https:\/\/www.fiscalia.gov.co\/colombia\/derechos-humanos\/descubierta-modalidad-virtud-al-de-trafico-de-fauna-silvestres-y-especies-en-riesgo-de-extincion\/"},"wordCount":885,"publisher":{"@id":"https:\/\/www.fiscalia.gov.co\/colombia\/#organization"},"keywords":["Derechos Humanos","Fiscal Barbosa","Fiscal\u00eda","Fiscal\u00eda General de la Naci\u00f3n"],"articleSection":["Derechos Humanos","Noticias"],"inLanguage":"es-CO"},{"@type":"WebPage","@id":"https:\/\/www.fiscalia.gov.co\/colombia\/derechos-humanos\/descubierta-modalidad-virtud-al-de-trafico-de-fauna-silvestres-y-especies-en-riesgo-de-extincion\/","url":"https:\/\/www.fiscalia.gov.co\/colombia\/derechos-humanos\/descubierta-modalidad-virtud-al-de-trafico-de-fauna-silvestres-y-especies-en-riesgo-de-extincion\/","name":"Fiscal\u00eda General de la Naci\u00f3n","isPartOf":{"@id":"https:\/\/www.fiscalia.gov.co\/colombia\/#website"},"datePublished":"2020-12-10T11:14:24+00:00","dateModified":"2020-12-14T02:24:38+00:00","description":"P\u00e1gina oficial de la Fiscal\u00eda General de la Naci\u00f3n \u2013 Colombia. Garantizamos el acceso efectivo a la justicia, la verdad y la reparaci\u00f3n de las v\u00edctimas de los delitos.","breadcrumb":{"@id":"https:\/\/www.fiscalia.gov.co\/colombia\/derechos-humanos\/descubierta-modalidad-virtud-al-de-trafico-de-fauna-silvestres-y-especies-en-riesgo-de-extincion\/#breadcrumb"},"inLanguage":"es-CO","potentialAction":[{"@type":"ReadAction","target":["https:\/\/www.fiscalia.gov.co\/colombia\/derechos-humanos\/descubierta-modalidad-virtud-al-de-trafico-de-fauna-silvestres-y-especies-en-riesgo-de-extincion\/"]}]},{"@type":"BreadcrumbList","@id":"https:\/\/www.fiscalia.gov.co\/colombia\/derechos-humanos\/descubierta-modalidad-virtud-al-de-trafico-de-fauna-silvestres-y-especies-en-riesgo-de-extincion\/#breadcrumb","itemListElement":[{"@type":"ListItem","position":1,"name":"Home","item":"https:\/\/www.fiscalia.gov.co\/colombia\/"},{"@type":"ListItem","position":2,"name":"Descubierta modalidad virtual de tr\u00e1fico de fauna silvestre y especies en riesgo de extinci\u00f3n"}]},{"@type":"WebSite","@id":"https:\/\/www.fiscalia.gov.co\/colombia\/#website","url":"https:\/\/www.fiscalia.gov.co\/colombia\/","name":"Fiscal\u00eda General de la Naci\u00f3n","description":"P\u00e1gina oficial de la Fiscal\u00eda General de la Naci\u00f3n \u2013 Colombia. Garantizamos el acceso efectivo a la justicia, la verdad y la reparaci\u00f3n de las v\u00edctimas de los delitos.","publisher":{"@id":"https:\/\/www.fiscalia.gov.co\/colombia\/#organization"},"potentialAction":[{"@type":"SearchAction","target":{"@type":"EntryPoint","urlTemplate":"https:\/\/www.fiscalia.gov.co\/colombia\/?s={search_term_string}"},"query-input":{"@type":"PropertyValueSpecification","valueRequired":true,"valueName":"search_term_string"}}],"inLanguage":"es-CO"},{"@type":"Organization","@id":"https:\/\/www.fiscalia.gov.co\/colombia\/#organization","name":"Fiscal\u00eda General de la Naci\u00f3n","url":"https:\/\/www.fiscalia.gov.co\/colombia\/","logo":{"@type":"ImageObject","inLanguage":"es-CO","@id":"https:\/\/www.fiscalia.gov.co\/colombia\/#\/schema\/logo\/image\/","url":"https:\/\/www.fiscalia.gov.co\/colombia\/wp-content\/uploads\/LogoHorizontal_1.jpg","contentUrl":"https:\/\/www.fiscalia.gov.co\/colombia\/wp-content\/uploads\/LogoHorizontal_1.jpg","width":300,"height":90,"caption":"Fiscal\u00eda General de la Naci\u00f3n"},"image":{"@id":"https:\/\/www.fiscalia.gov.co\/colombia\/#\/schema\/logo\/image\/"},"sameAs":["https:\/\/www.facebook.com\/FiscaliaCol","https:\/\/x.com\/FiscaliaCol","https:\/\/www.instagram.com\/fiscaliacol","https:\/\/www.linkedin.com\/company\/fiscalia-general-de-la-naci-n\/","https:\/\/youtube.com\/@fiscaliageneraldelanacion-4668?si=6nN79nyQICPU5iTh"]},{"@type":"Person","@id":"https:\/\/www.fiscalia.gov.co\/colombia\/#\/schema\/person\/06aa2210fe4d79203f428ff671dee360","name":"Ana Mar\u00eda Gomez","image":{"@type":"ImageObject","inLanguage":"es-CO","@id":"https:\/\/www.fiscalia.gov.co\/colombia\/#\/schema\/person\/image\/","url":"https:\/\/secure.gravatar.com\/avatar\/a38115d98a7f8a96cbb96af2b2c37a0b?s=96&d=mm&r=g","contentUrl":"https:\/\/secure.gravatar.com\/avatar\/a38115d98a7f8a96cbb96af2b2c37a0b?s=96&d=mm&r=g","caption":"Ana Mar\u00eda Gomez"},"url":"https:\/\/www.fiscalia.gov.co\/colombia\/author\/agomez\/"}]}},"_links":{"self":[{"href":"https:\/\/www.fiscalia.gov.co\/colombia\/wp-json\/wp\/v2\/posts\/209080","targetHints":{"allow":["GET"]}}],"collection":[{"href":"https:\/\/www.fiscalia.gov.co\/colombia\/wp-json\/wp\/v2\/posts"}],"about":[{"href":"https:\/\/www.fiscalia.gov.co\/colombia\/wp-json\/wp\/v2\/types\/post"}],"author":[{"embeddable":true,"href":"https:\/\/www.fiscalia.gov.co\/colombia\/wp-json\/wp\/v2\/users\/171"}],"replies":[{"embeddable":true,"href":"https:\/\/www.fiscalia.gov.co\/colombia\/wp-json\/wp\/v2\/comments?post=209080"}],"version-history":[{"count":7,"href":"https:\/\/www.fiscalia.gov.co\/colombia\/wp-json\/wp\/v2\/posts\/209080\/revisions"}],"predecessor-version":[{"id":209166,"href":"https:\/\/www.fiscalia.gov.co\/colombia\/wp-json\/wp\/v2\/posts\/209080\/revisions\/209166"}],"wp:attachment":[{"href":"https:\/\/www.fiscalia.gov.co\/colombia\/wp-json\/wp\/v2\/media?parent=209080"}],"wp:term":[{"taxonomy":"category","embeddable":true,"href":"https:\/\/www.fiscalia.gov.co\/colombia\/wp-json\/wp\/v2\/categories?post=209080"},{"taxonomy":"post_tag","embeddable":true,"href":"https:\/\/www.fiscalia.gov.co\/colombia\/wp-json\/wp\/v2\/tags?post=209080"}],"curies":[{"name":"wp","href":"https:\/\/api.w.org\/{rel}","templated":true}]}}