{"id":208737,"date":"2020-12-05T07:42:04","date_gmt":"2020-12-05T12:42:04","guid":{"rendered":"https:\/\/www.fiscalia.gov.co\/colombia\/?p=208737"},"modified":"2020-12-08T08:53:42","modified_gmt":"2020-12-08T13:53:42","slug":"fiscalia-logra-importantes-acciones-judiciales-en-el-esclarecimiento-de-crimenes-de-defensores-de-derechos-humanos-y-reincorporados-en-antioquia-narino-choco-y-meta","status":"publish","type":"post","link":"https:\/\/www.fiscalia.gov.co\/colombia\/defensores\/fiscalia-logra-importantes-acciones-judiciales-en-el-esclarecimiento-de-crimenes-de-defensores-de-derechos-humanos-y-reincorporados-en-antioquia-narino-choco-y-meta\/","title":{"rendered":"Fiscal\u00eda logra importantes acciones judiciales en el esclarecimiento de cr\u00edmenes de defensores de derechos humanos y reincorporados en Antioquia, Nari\u00f1o, Choc\u00f3 y Meta"},"content":{"rendered":"<ul>\n<li>\n<h4 class=\"td_quote_box td_box_center\"><em><strong>Se obtuvo condena contra un sicario del \u2018Clan del Golfo\u2019 vinculado a homicidios, secuestros, torturas y otros hechos criminales en Antioquia.\u00a0<\/strong><\/em><\/h4>\n<\/li>\n<li>\n<h4 class=\"td_quote_box td_box_center\"><em><strong>En Nari\u00f1o y Choc\u00f3 fueron judicializados dos presuntos responsables de homicidios de reincorporados.\u00a0<\/strong><\/em><\/h4>\n<\/li>\n<\/ul>\n<p><span lang=\"es-CO\">El enfoque territorial dispuesto por el Fiscal General de la Naci\u00f3n, Francisco Barbosa Delgado, para esclarecer los cr\u00edmenes de defensores de derechos humanos, reincorporados, l\u00edderes comunales y campesinos, representantes de comunidades ind\u00edgenas, entre otras poblaciones de especial protecci\u00f3n, permitieron al Grupo Especial Itinerante obtener importantes avances investigativos.\u00a0<\/span><\/p>\n<ul>\n<li><b>Antioquia\u00a0<\/b><\/li>\n<\/ul>\n<p><span lang=\"es-CO\">Gracias a los elementos de prueba aportados por la Fiscal\u00eda, el Juzgado Tercero Penal del Circuito Especializado de Antioquia conden\u00f3 a Jos\u00e9 Daniel V\u00e9lez Valencia, alias el Flaco, sicario del \u2018Clan del Golfo\u2019 como responsable de hechos delictivos ocurridos en Ituango (Antioquia), entre el 13 de diciembre de 2019 y el 12 de enero de 2020.\u00a0<\/span><\/p>\n<p><span lang=\"es-CO\">Esta persona fue sentenciada a 19 a\u00f1os de prisi\u00f3n y declarada responsable de los delitos de homicidio agravado, concierto para delinquir agravado; fabricaci\u00f3n, tr\u00e1fico, porte o tenencia de armas de fuego, accesorios, partes o municiones; tortura, hurto y secuestro.\u00a0<\/span><\/p>\n<p><span lang=\"es-CO\">Con este resultado, el Grupo Especial Itinerante de la Fiscal\u00eda esclarece cuatro acciones criminales en Ituango (Antioquia), estas son:\u00a0<\/span><\/p>\n<ol>\n<li>Homicidio del reincorporado Manuel Antonio Gonz\u00e1lez Buelvas, registrado el 13 de diciembre de 2019 en la vereda Quebrada del Medio.<\/li>\n<li>Crimen del l\u00edder comunal Carlos Andr\u00e9s Cardona Ruiz, el 1 de enero de 2020.<\/li>\n<li>Secuestro y tortura de un menor de edad, familiar de un reincorporado, el 11 de enero de este a\u00f1o.<\/li>\n<li>Hurto a un ciudadano, el 12 de enero de 2020.<\/li>\n<\/ol>\n<p><span lang=\"es-CO\">De esta manera, la Fiscal\u00eda contin\u00faa impactando a la subestructura Edwin Rom\u00e1n Vel\u00e1squez Valle del Clan del Golfo, a la que tambi\u00e9n se le captur\u00f3 y judicializ\u00f3 el presunto cabecilla urbano, Le\u00f3n Dar\u00edo \u00dasuga Manco, alias Juan o el Negro; y se le precluy\u00f3 el proceso, por muerte, a otro de los se\u00f1alados sicarios de la organizaci\u00f3n, Cristian Felipe R\u00faa Rodas, alias Pipe.\u00a0<\/span><\/p>\n<ul>\n<li><b>Pasto (Nari\u00f1o)\u00a0<\/b><\/li>\n<\/ul>\n<figure id=\"attachment_208744\" aria-describedby=\"caption-attachment-208744\" style=\"width: 696px\" class=\"wp-caption alignnone\"><img loading=\"lazy\" decoding=\"async\" class=\"size-large wp-image-208744\" src=\"https:\/\/www.fiscalia.gov.co\/colombia\/wp-content\/uploads\/Luis-Mauricio-Archila-homicidio-reincorporado-1024x768.jpeg\" alt=\"\" width=\"696\" height=\"522\" srcset=\"https:\/\/www.fiscalia.gov.co\/colombia\/wp-content\/uploads\/Luis-Mauricio-Archila-homicidio-reincorporado-1024x768.jpeg 1024w, https:\/\/www.fiscalia.gov.co\/colombia\/wp-content\/uploads\/Luis-Mauricio-Archila-homicidio-reincorporado-300x225.jpeg 300w, https:\/\/www.fiscalia.gov.co\/colombia\/wp-content\/uploads\/Luis-Mauricio-Archila-homicidio-reincorporado-768x576.jpeg 768w, https:\/\/www.fiscalia.gov.co\/colombia\/wp-content\/uploads\/Luis-Mauricio-Archila-homicidio-reincorporado-1536x1152.jpeg 1536w, https:\/\/www.fiscalia.gov.co\/colombia\/wp-content\/uploads\/Luis-Mauricio-Archila-homicidio-reincorporado-696x522.jpeg 696w, https:\/\/www.fiscalia.gov.co\/colombia\/wp-content\/uploads\/Luis-Mauricio-Archila-homicidio-reincorporado-1068x801.jpeg 1068w, https:\/\/www.fiscalia.gov.co\/colombia\/wp-content\/uploads\/Luis-Mauricio-Archila-homicidio-reincorporado-1920x1440.jpeg 1920w, https:\/\/www.fiscalia.gov.co\/colombia\/wp-content\/uploads\/Luis-Mauricio-Archila-homicidio-reincorporado-560x420.jpeg 560w, https:\/\/www.fiscalia.gov.co\/colombia\/wp-content\/uploads\/Luis-Mauricio-Archila-homicidio-reincorporado-80x60.jpeg 80w, https:\/\/www.fiscalia.gov.co\/colombia\/wp-content\/uploads\/Luis-Mauricio-Archila-homicidio-reincorporado-265x198.jpeg 265w, https:\/\/www.fiscalia.gov.co\/colombia\/wp-content\/uploads\/Luis-Mauricio-Archila-homicidio-reincorporado.jpeg 2000w\" sizes=\"auto, (max-width: 696px) 100vw, 696px\" \/><figcaption id=\"caption-attachment-208744\" class=\"wp-caption-text\"><strong>Luis Mauricio Archila fue asegurado como presunto determinador del homicidio del reincorporado Jaime Rodrigo D\u00edaz Arciniegas, perpetrado en Pasto (Nari\u00f1o).<\/strong><\/figcaption><\/figure>\n<p><span lang=\"es-CO\">El Juzgado Primero Penal Municipal Pasto (Nari\u00f1o), con funci\u00f3n de control de garant\u00edas, acogi\u00f3 los argumentos de la Fiscal\u00eda e impuso medida de aseguramiento en centro de reclusi\u00f3n contra Luis Mauricio Archila, como presunto determinador del homicidio del reincorporado Jaime Rodrigo D\u00edaz Arciniegas, ocurrido el pasado 29 de junio, en Pasto (Nari\u00f1o).\u00a0<\/span><\/p>\n<p><span lang=\"es-CO\">Por estos hechos, la Fiscal\u00eda le imput\u00f3 el delito de homicidio agravado en concurso heterog\u00e9neo con porte ilegal de armas.\u00a0<\/span><\/p>\n<ul>\n<li><b>Quibd\u00f3 (Choc\u00f3)\u00a0<\/b><\/li>\n<\/ul>\n<p><span lang=\"es-CO\">Ante un juez de control de garant\u00edas de Quibd\u00f3 (Choc\u00f3), la Fiscal\u00eda imput\u00f3 a Calletano Hinestroza Renter\u00eda, alias Bamboleo, los delitos de homicidio agravado en concurso heterog\u00e9neo con porte ilegal de armas de fuego agravado.\u00a0<\/span><\/p>\n<figure id=\"attachment_208745\" aria-describedby=\"caption-attachment-208745\" style=\"width: 696px\" class=\"wp-caption alignnone\"><img loading=\"lazy\" decoding=\"async\" class=\"size-large wp-image-208745\" src=\"https:\/\/www.fiscalia.gov.co\/colombia\/wp-content\/uploads\/Calletano-Hinestroza-Homicidio-Choco\u0301-1024x998.jpeg\" alt=\"\" width=\"696\" height=\"678\" srcset=\"https:\/\/www.fiscalia.gov.co\/colombia\/wp-content\/uploads\/Calletano-Hinestroza-Homicidio-Choco\u0301-1024x998.jpeg 1024w, https:\/\/www.fiscalia.gov.co\/colombia\/wp-content\/uploads\/Calletano-Hinestroza-Homicidio-Choco\u0301-300x292.jpeg 300w, https:\/\/www.fiscalia.gov.co\/colombia\/wp-content\/uploads\/Calletano-Hinestroza-Homicidio-Choco\u0301-768x748.jpeg 768w, https:\/\/www.fiscalia.gov.co\/colombia\/wp-content\/uploads\/Calletano-Hinestroza-Homicidio-Choco\u0301-1536x1497.jpeg 1536w, https:\/\/www.fiscalia.gov.co\/colombia\/wp-content\/uploads\/Calletano-Hinestroza-Homicidio-Choco\u0301-696x678.jpeg 696w, https:\/\/www.fiscalia.gov.co\/colombia\/wp-content\/uploads\/Calletano-Hinestroza-Homicidio-Choco\u0301-1068x1041.jpeg 1068w, https:\/\/www.fiscalia.gov.co\/colombia\/wp-content\/uploads\/Calletano-Hinestroza-Homicidio-Choco\u0301-431x420.jpeg 431w, https:\/\/www.fiscalia.gov.co\/colombia\/wp-content\/uploads\/Calletano-Hinestroza-Homicidio-Choco\u0301.jpeg 1600w\" sizes=\"auto, (max-width: 696px) 100vw, 696px\" \/><figcaption id=\"caption-attachment-208745\" class=\"wp-caption-text\"><strong>Calletano Hinestroza Renter\u00eda, alias Bamboleo, responder\u00eda por el crimen de un reincorporado ocurrido en Quibd\u00f3 (Choc\u00f3), en enero de 2020.<\/strong><\/figcaption><\/figure>\n<p><span lang=\"es-CO\">Seg\u00fan las indagaciones, el hombre ser\u00eda coautor del homicidio del reincorporado Cresencio Santos Espinoza, cometido el 12 de enero de 2020 en el barrio Los Alamos &#8211; sector La Arrocera, en Quibd\u00f3 (Choc\u00f3). \u00a0<\/span><\/p>\n<p><span lang=\"es-CO\">Alias Bamboleo deber\u00e1 cumplir medida de aseguramiento en centro carcelario.\u00a0<\/span><\/p>\n<ul>\n<li><b>La Macarena (Meta)\u00a0<\/b><\/li>\n<\/ul>\n<p><span lang=\"es-CO\">Rolan Arnulfo Torres Huertas, alias \u00c1lvaro Boyaco, presunto cabecilla del Grupo Armado Organizado Residual (Gaor) Jorge Brice\u00f1o Su\u00e1rez, fue afectado con medida de aseguramiento en centro carcelario por los delitos de homicidio agravado, homicidio agravado en grado de tentativa; fabricaci\u00f3n, tr\u00e1fico y porte de armas, municiones de uso restringido, de uso privativo de las fuerzas armadas o explosivos; concierto para delinquir, y hurto calificado agravado.\u00a0<\/span><\/p>\n<p>Con la judicializaci\u00f3n de Torres Huertas se esclarecen 11 homicidios (una reincorporada, ocho militares, un patrullero y un civil) y 13 tentativas de homicidio, hechos ocurridos entre enero y junio de 2020 en La Macarena (Meta).<\/p>\n<p><span lang=\"es-CO\">La Fiscal\u00eda General de la Naci\u00f3n hace p\u00fablica esta informaci\u00f3n por razones de inter\u00e9s general. \u00a0<\/span><\/p>\n<p>DLBM\/JARG\/LOG<\/p>\n<div><i><span lang=\"es\">La informaci\u00f3n contenida en este bolet\u00edn de prensa corresponde a la narraci\u00f3n de los hechos noticiosos objetivos, suministrados por los funcionarios encargados de adelantar las investigaciones penales al interior de la Fiscal\u00eda General de la Naci\u00f3n. Para el momento de la divulgaci\u00f3n de este comunicado, la situaci\u00f3n jur\u00eddica de la(s) persona(s) relacionada(s) se encuentra pendiente de resolver por la autoridad judicial competente, siempre bajo los preceptos de la presunci\u00f3n de inocencia, consagrados en el art\u00edculo 29 de la Constituci\u00f3n Pol\u00edtica y el art\u00edculo 7\u00ba de la Ley 906 de 2004.\u00a0<\/span><\/i><span lang=\"es\">\u00a0<\/span><\/div>\n<div><span lang=\"es\">\u00a0<\/span><\/div>\n<div><span lang=\"es\">Le puede interesar:\u00a0<\/span><span lang=\"es\"><a href=\"https:\/\/www.fiscalia.gov.co\/colombia\/seccionales\/seccional-bogota\/asegurado-otro-presunto-integrante-del-gao-epl-pelusos-por-crimen-de-un-reincorporado-en-convencion-norte-de-santander\/\" target=\"_blank\" rel=\"noopener noreferrer\" data-auth=\"NotApplicable\">Asegurado otro presunto integrante del GAO EPL \u2013 Pelusos por crimen de un reincorporado en Convenci\u00f3n (Norte de Santander)<\/a><\/span><\/div>\n\n<div class=\"twitter-share\"><a href=\"https:\/\/twitter.com\/intent\/tweet?via=fiscaliacol\" class=\"twitter-share-button\">Tweet<\/a><\/div>\n","protected":false},"excerpt":{"rendered":"<p>Se obtuvo condena contra un sicario del \u2018Clan del Golfo\u2019 vinculado a homicidios, secuestros, torturas y otros hechos criminales en Antioquia.\u00a0 En Nari\u00f1o y Choc\u00f3 fueron judicializados dos presuntos responsables de homicidios de reincorporados.\u00a0 El enfoque territorial dispuesto por el Fiscal General de la Naci\u00f3n, Francisco Barbosa Delgado, para esclarecer los cr\u00edmenes de defensores de [&hellip;]<\/p>\n","protected":false},"author":162,"featured_media":0,"comment_status":"closed","ping_status":"open","sticky":false,"template":"","format":"video","meta":{"tdm_status":"","tdm_grid_status":"","footnotes":""},"categories":[24176,24126],"tags":[24907,24908,18672,24905,24906,78,24305,24187,1047,24904,13622,24449],"class_list":{"0":"post-208737","1":"post","2":"type-post","3":"status-publish","4":"format-video","6":"category-defensores","7":"category-vicefiscal-general-de-la-nacion","8":"tag-alias-bamboleo","9":"tag-alias-juan","10":"tag-clan-del-golfo","11":"tag-crimenes-contra-reincorporados","12":"tag-esclarecimiento-de-homicidios","13":"tag-fiscal-general-de-la-nacion","14":"tag-fiscal-general-francisco-barbosa","15":"tag-fiscalia-colombia","16":"tag-fiscalia-general-de-la-nacion","17":"tag-homicidios-en-ituango","18":"tag-lider-comunal","19":"tag-reincorporados","20":"post_format-post-format-video"},"yoast_head":"<!-- This site is optimized with the Yoast SEO plugin v24.3 - https:\/\/yoast.com\/wordpress\/plugins\/seo\/ -->\n<title>Fiscal\u00eda General de la Naci\u00f3n<\/title>\n<meta name=\"description\" content=\"P\u00e1gina oficial de la Fiscal\u00eda General de la Naci\u00f3n \u2013 Colombia. Garantizamos el acceso efectivo a la justicia, la verdad y la reparaci\u00f3n de las v\u00edctimas de los delitos.\" \/>\n<meta name=\"robots\" content=\"noindex, follow\" \/>\n<meta property=\"og:locale\" content=\"es_ES\" \/>\n<meta property=\"og:type\" content=\"article\" \/>\n<meta property=\"og:title\" content=\"Fiscal\u00eda General de la Naci\u00f3n\" \/>\n<meta property=\"og:description\" content=\"P\u00e1gina oficial de la Fiscal\u00eda General de la Naci\u00f3n \u2013 Colombia. Garantizamos el acceso efectivo a la justicia, la verdad y la reparaci\u00f3n de las v\u00edctimas de los delitos.\" \/>\n<meta property=\"og:url\" content=\"https:\/\/www.fiscalia.gov.co\/colombia\/defensores\/fiscalia-logra-importantes-acciones-judiciales-en-el-esclarecimiento-de-crimenes-de-defensores-de-derechos-humanos-y-reincorporados-en-antioquia-narino-choco-y-meta\/\" \/>\n<meta property=\"og:site_name\" content=\"Fiscal\u00eda General de la Naci\u00f3n\" \/>\n<meta property=\"article:publisher\" content=\"https:\/\/www.facebook.com\/FiscaliaCol\" \/>\n<meta property=\"article:published_time\" content=\"2020-12-05T12:42:04+00:00\" \/>\n<meta property=\"article:modified_time\" content=\"2020-12-08T13:53:42+00:00\" \/>\n<meta property=\"og:image\" content=\"https:\/\/www.fiscalia.gov.co\/colombia\/wp-content\/uploads\/Luis-Mauricio-Archila-homicidio-reincorporado-1024x768.jpeg\" \/>\n<meta name=\"author\" content=\"Direcci\u00f3n de Comunicaciones Fiscal\u00eda General de la Naci\u00f3n\" \/>\n<meta name=\"twitter:card\" content=\"summary_large_image\" \/>\n<meta name=\"twitter:creator\" content=\"@FiscaliaCol\" \/>\n<meta name=\"twitter:site\" content=\"@FiscaliaCol\" \/>\n<meta name=\"twitter:label1\" content=\"Escrito por\" \/>\n\t<meta name=\"twitter:data1\" content=\"Direcci\u00f3n de Comunicaciones Fiscal\u00eda General de la Naci\u00f3n\" \/>\n\t<meta name=\"twitter:label2\" content=\"Tiempo de lectura\" \/>\n\t<meta name=\"twitter:data2\" content=\"4 minutos\" \/>\n<script type=\"application\/ld+json\" class=\"yoast-schema-graph\">{\"@context\":\"https:\/\/schema.org\",\"@graph\":[{\"@type\":\"Article\",\"@id\":\"https:\/\/www.fiscalia.gov.co\/colombia\/defensores\/fiscalia-logra-importantes-acciones-judiciales-en-el-esclarecimiento-de-crimenes-de-defensores-de-derechos-humanos-y-reincorporados-en-antioquia-narino-choco-y-meta\/#article\",\"isPartOf\":{\"@id\":\"https:\/\/www.fiscalia.gov.co\/colombia\/defensores\/fiscalia-logra-importantes-acciones-judiciales-en-el-esclarecimiento-de-crimenes-de-defensores-de-derechos-humanos-y-reincorporados-en-antioquia-narino-choco-y-meta\/\"},\"author\":{\"name\":\"Direcci\u00f3n de Comunicaciones Fiscal\u00eda General de la Naci\u00f3n\",\"@id\":\"https:\/\/www.fiscalia.gov.co\/colombia\/#\/schema\/person\/bf28d8ae7f1b287bbe3af484b04f43ea\"},\"headline\":\"Fiscal\u00eda logra importantes acciones judiciales en el esclarecimiento de cr\u00edmenes de defensores de derechos humanos y reincorporados en Antioquia, Nari\u00f1o, Choc\u00f3 y Meta\",\"datePublished\":\"2020-12-05T12:42:04+00:00\",\"dateModified\":\"2020-12-08T13:53:42+00:00\",\"mainEntityOfPage\":{\"@id\":\"https:\/\/www.fiscalia.gov.co\/colombia\/defensores\/fiscalia-logra-importantes-acciones-judiciales-en-el-esclarecimiento-de-crimenes-de-defensores-de-derechos-humanos-y-reincorporados-en-antioquia-narino-choco-y-meta\/\"},\"wordCount\":840,\"publisher\":{\"@id\":\"https:\/\/www.fiscalia.gov.co\/colombia\/#organization\"},\"image\":{\"@id\":\"https:\/\/www.fiscalia.gov.co\/colombia\/defensores\/fiscalia-logra-importantes-acciones-judiciales-en-el-esclarecimiento-de-crimenes-de-defensores-de-derechos-humanos-y-reincorporados-en-antioquia-narino-choco-y-meta\/#primaryimage\"},\"thumbnailUrl\":\"https:\/\/www.fiscalia.gov.co\/colombia\/wp-content\/uploads\/Luis-Mauricio-Archila-homicidio-reincorporado-1024x768.jpeg\",\"keywords\":[\"Alias Bamboleo\",\"Alias Juan\",\"Clan del Golfo\",\"cr\u00edmenes contra reincorporados\",\"esclarecimiento de homicidios\",\"Fiscal General de la Naci\u00f3n\",\"Fiscal General Francisco Barbosa\",\"Fiscal\u00eda Colombia\",\"Fiscal\u00eda General de la Naci\u00f3n\",\"homicidios en Ituango\",\"L\u00edder comunal\",\"reincorporados\"],\"articleSection\":[\"Defensores\",\"Vicefiscal General de la Naci\u00f3n\"],\"inLanguage\":\"es-CO\"},{\"@type\":\"WebPage\",\"@id\":\"https:\/\/www.fiscalia.gov.co\/colombia\/defensores\/fiscalia-logra-importantes-acciones-judiciales-en-el-esclarecimiento-de-crimenes-de-defensores-de-derechos-humanos-y-reincorporados-en-antioquia-narino-choco-y-meta\/\",\"url\":\"https:\/\/www.fiscalia.gov.co\/colombia\/defensores\/fiscalia-logra-importantes-acciones-judiciales-en-el-esclarecimiento-de-crimenes-de-defensores-de-derechos-humanos-y-reincorporados-en-antioquia-narino-choco-y-meta\/\",\"name\":\"Fiscal\u00eda General de la Naci\u00f3n\",\"isPartOf\":{\"@id\":\"https:\/\/www.fiscalia.gov.co\/colombia\/#website\"},\"primaryImageOfPage\":{\"@id\":\"https:\/\/www.fiscalia.gov.co\/colombia\/defensores\/fiscalia-logra-importantes-acciones-judiciales-en-el-esclarecimiento-de-crimenes-de-defensores-de-derechos-humanos-y-reincorporados-en-antioquia-narino-choco-y-meta\/#primaryimage\"},\"image\":{\"@id\":\"https:\/\/www.fiscalia.gov.co\/colombia\/defensores\/fiscalia-logra-importantes-acciones-judiciales-en-el-esclarecimiento-de-crimenes-de-defensores-de-derechos-humanos-y-reincorporados-en-antioquia-narino-choco-y-meta\/#primaryimage\"},\"thumbnailUrl\":\"https:\/\/www.fiscalia.gov.co\/colombia\/wp-content\/uploads\/Luis-Mauricio-Archila-homicidio-reincorporado-1024x768.jpeg\",\"datePublished\":\"2020-12-05T12:42:04+00:00\",\"dateModified\":\"2020-12-08T13:53:42+00:00\",\"description\":\"P\u00e1gina oficial de la Fiscal\u00eda General de la Naci\u00f3n \u2013 Colombia. Garantizamos el acceso efectivo a la justicia, la verdad y la reparaci\u00f3n de las v\u00edctimas de los delitos.\",\"breadcrumb\":{\"@id\":\"https:\/\/www.fiscalia.gov.co\/colombia\/defensores\/fiscalia-logra-importantes-acciones-judiciales-en-el-esclarecimiento-de-crimenes-de-defensores-de-derechos-humanos-y-reincorporados-en-antioquia-narino-choco-y-meta\/#breadcrumb\"},\"inLanguage\":\"es-CO\",\"potentialAction\":[{\"@type\":\"ReadAction\",\"target\":[\"https:\/\/www.fiscalia.gov.co\/colombia\/defensores\/fiscalia-logra-importantes-acciones-judiciales-en-el-esclarecimiento-de-crimenes-de-defensores-de-derechos-humanos-y-reincorporados-en-antioquia-narino-choco-y-meta\/\"]}]},{\"@type\":\"ImageObject\",\"inLanguage\":\"es-CO\",\"@id\":\"https:\/\/www.fiscalia.gov.co\/colombia\/defensores\/fiscalia-logra-importantes-acciones-judiciales-en-el-esclarecimiento-de-crimenes-de-defensores-de-derechos-humanos-y-reincorporados-en-antioquia-narino-choco-y-meta\/#primaryimage\",\"url\":\"https:\/\/www.fiscalia.gov.co\/colombia\/wp-content\/uploads\/Luis-Mauricio-Archila-homicidio-reincorporado-1024x768.jpeg\",\"contentUrl\":\"https:\/\/www.fiscalia.gov.co\/colombia\/wp-content\/uploads\/Luis-Mauricio-Archila-homicidio-reincorporado-1024x768.jpeg\"},{\"@type\":\"BreadcrumbList\",\"@id\":\"https:\/\/www.fiscalia.gov.co\/colombia\/defensores\/fiscalia-logra-importantes-acciones-judiciales-en-el-esclarecimiento-de-crimenes-de-defensores-de-derechos-humanos-y-reincorporados-en-antioquia-narino-choco-y-meta\/#breadcrumb\",\"itemListElement\":[{\"@type\":\"ListItem\",\"position\":1,\"name\":\"Home\",\"item\":\"https:\/\/www.fiscalia.gov.co\/colombia\/\"},{\"@type\":\"ListItem\",\"position\":2,\"name\":\"Fiscal\u00eda logra importantes acciones judiciales en el esclarecimiento de cr\u00edmenes de defensores de derechos humanos y reincorporados en Antioquia, Nari\u00f1o, Choc\u00f3 y Meta\"}]},{\"@type\":\"WebSite\",\"@id\":\"https:\/\/www.fiscalia.gov.co\/colombia\/#website\",\"url\":\"https:\/\/www.fiscalia.gov.co\/colombia\/\",\"name\":\"Fiscal\u00eda General de la Naci\u00f3n\",\"description\":\"P\u00e1gina oficial de la Fiscal\u00eda General de la Naci\u00f3n \u2013 Colombia. Garantizamos el acceso efectivo a la justicia, la verdad y la reparaci\u00f3n de las v\u00edctimas de los delitos.\",\"publisher\":{\"@id\":\"https:\/\/www.fiscalia.gov.co\/colombia\/#organization\"},\"potentialAction\":[{\"@type\":\"SearchAction\",\"target\":{\"@type\":\"EntryPoint\",\"urlTemplate\":\"https:\/\/www.fiscalia.gov.co\/colombia\/?s={search_term_string}\"},\"query-input\":{\"@type\":\"PropertyValueSpecification\",\"valueRequired\":true,\"valueName\":\"search_term_string\"}}],\"inLanguage\":\"es-CO\"},{\"@type\":\"Organization\",\"@id\":\"https:\/\/www.fiscalia.gov.co\/colombia\/#organization\",\"name\":\"Fiscal\u00eda General de la Naci\u00f3n\",\"url\":\"https:\/\/www.fiscalia.gov.co\/colombia\/\",\"logo\":{\"@type\":\"ImageObject\",\"inLanguage\":\"es-CO\",\"@id\":\"https:\/\/www.fiscalia.gov.co\/colombia\/#\/schema\/logo\/image\/\",\"url\":\"https:\/\/www.fiscalia.gov.co\/colombia\/wp-content\/uploads\/LogoHorizontal_1.jpg\",\"contentUrl\":\"https:\/\/www.fiscalia.gov.co\/colombia\/wp-content\/uploads\/LogoHorizontal_1.jpg\",\"width\":300,\"height\":90,\"caption\":\"Fiscal\u00eda General de la Naci\u00f3n\"},\"image\":{\"@id\":\"https:\/\/www.fiscalia.gov.co\/colombia\/#\/schema\/logo\/image\/\"},\"sameAs\":[\"https:\/\/www.facebook.com\/FiscaliaCol\",\"https:\/\/x.com\/FiscaliaCol\",\"https:\/\/www.instagram.com\/fiscaliacol\",\"https:\/\/www.linkedin.com\/company\/fiscalia-general-de-la-naci-n\/\",\"https:\/\/youtube.com\/@fiscaliageneraldelanacion-4668?si=6nN79nyQICPU5iTh\"]},{\"@type\":\"Person\",\"@id\":\"https:\/\/www.fiscalia.gov.co\/colombia\/#\/schema\/person\/bf28d8ae7f1b287bbe3af484b04f43ea\",\"name\":\"Direcci\u00f3n de Comunicaciones Fiscal\u00eda General de la Naci\u00f3n\",\"image\":{\"@type\":\"ImageObject\",\"inLanguage\":\"es-CO\",\"@id\":\"https:\/\/www.fiscalia.gov.co\/colombia\/#\/schema\/person\/image\/\",\"url\":\"https:\/\/secure.gravatar.com\/avatar\/9d55ae161d32da16dbdd0b380c080a5f?s=96&d=mm&r=g\",\"contentUrl\":\"https:\/\/secure.gravatar.com\/avatar\/9d55ae161d32da16dbdd0b380c080a5f?s=96&d=mm&r=g\",\"caption\":\"Direcci\u00f3n de Comunicaciones Fiscal\u00eda General de la Naci\u00f3n\"},\"url\":\"https:\/\/www.fiscalia.gov.co\/colombia\/author\/kbonilla\/\"}]}<\/script>\n<!-- \/ Yoast SEO plugin. -->","yoast_head_json":{"title":"Fiscal\u00eda General de la Naci\u00f3n","description":"P\u00e1gina oficial de la Fiscal\u00eda General de la Naci\u00f3n \u2013 Colombia. Garantizamos el acceso efectivo a la justicia, la verdad y la reparaci\u00f3n de las v\u00edctimas de los delitos.","robots":{"index":"noindex","follow":"follow"},"og_locale":"es_ES","og_type":"article","og_title":"Fiscal\u00eda General de la Naci\u00f3n","og_description":"P\u00e1gina oficial de la Fiscal\u00eda General de la Naci\u00f3n \u2013 Colombia. Garantizamos el acceso efectivo a la justicia, la verdad y la reparaci\u00f3n de las v\u00edctimas de los delitos.","og_url":"https:\/\/www.fiscalia.gov.co\/colombia\/defensores\/fiscalia-logra-importantes-acciones-judiciales-en-el-esclarecimiento-de-crimenes-de-defensores-de-derechos-humanos-y-reincorporados-en-antioquia-narino-choco-y-meta\/","og_site_name":"Fiscal\u00eda General de la Naci\u00f3n","article_publisher":"https:\/\/www.facebook.com\/FiscaliaCol","article_published_time":"2020-12-05T12:42:04+00:00","article_modified_time":"2020-12-08T13:53:42+00:00","og_image":[{"url":"https:\/\/www.fiscalia.gov.co\/colombia\/wp-content\/uploads\/Luis-Mauricio-Archila-homicidio-reincorporado-1024x768.jpeg","type":"","width":"","height":""}],"author":"Direcci\u00f3n de Comunicaciones Fiscal\u00eda General de la Naci\u00f3n","twitter_card":"summary_large_image","twitter_creator":"@FiscaliaCol","twitter_site":"@FiscaliaCol","twitter_misc":{"Escrito por":"Direcci\u00f3n de Comunicaciones Fiscal\u00eda General de la Naci\u00f3n","Tiempo de lectura":"4 minutos"},"schema":{"@context":"https:\/\/schema.org","@graph":[{"@type":"Article","@id":"https:\/\/www.fiscalia.gov.co\/colombia\/defensores\/fiscalia-logra-importantes-acciones-judiciales-en-el-esclarecimiento-de-crimenes-de-defensores-de-derechos-humanos-y-reincorporados-en-antioquia-narino-choco-y-meta\/#article","isPartOf":{"@id":"https:\/\/www.fiscalia.gov.co\/colombia\/defensores\/fiscalia-logra-importantes-acciones-judiciales-en-el-esclarecimiento-de-crimenes-de-defensores-de-derechos-humanos-y-reincorporados-en-antioquia-narino-choco-y-meta\/"},"author":{"name":"Direcci\u00f3n de Comunicaciones Fiscal\u00eda General de la Naci\u00f3n","@id":"https:\/\/www.fiscalia.gov.co\/colombia\/#\/schema\/person\/bf28d8ae7f1b287bbe3af484b04f43ea"},"headline":"Fiscal\u00eda logra importantes acciones judiciales en el esclarecimiento de cr\u00edmenes de defensores de derechos humanos y reincorporados en Antioquia, Nari\u00f1o, Choc\u00f3 y Meta","datePublished":"2020-12-05T12:42:04+00:00","dateModified":"2020-12-08T13:53:42+00:00","mainEntityOfPage":{"@id":"https:\/\/www.fiscalia.gov.co\/colombia\/defensores\/fiscalia-logra-importantes-acciones-judiciales-en-el-esclarecimiento-de-crimenes-de-defensores-de-derechos-humanos-y-reincorporados-en-antioquia-narino-choco-y-meta\/"},"wordCount":840,"publisher":{"@id":"https:\/\/www.fiscalia.gov.co\/colombia\/#organization"},"image":{"@id":"https:\/\/www.fiscalia.gov.co\/colombia\/defensores\/fiscalia-logra-importantes-acciones-judiciales-en-el-esclarecimiento-de-crimenes-de-defensores-de-derechos-humanos-y-reincorporados-en-antioquia-narino-choco-y-meta\/#primaryimage"},"thumbnailUrl":"https:\/\/www.fiscalia.gov.co\/colombia\/wp-content\/uploads\/Luis-Mauricio-Archila-homicidio-reincorporado-1024x768.jpeg","keywords":["Alias Bamboleo","Alias Juan","Clan del Golfo","cr\u00edmenes contra reincorporados","esclarecimiento de homicidios","Fiscal General de la Naci\u00f3n","Fiscal General Francisco Barbosa","Fiscal\u00eda Colombia","Fiscal\u00eda General de la Naci\u00f3n","homicidios en Ituango","L\u00edder comunal","reincorporados"],"articleSection":["Defensores","Vicefiscal General de la Naci\u00f3n"],"inLanguage":"es-CO"},{"@type":"WebPage","@id":"https:\/\/www.fiscalia.gov.co\/colombia\/defensores\/fiscalia-logra-importantes-acciones-judiciales-en-el-esclarecimiento-de-crimenes-de-defensores-de-derechos-humanos-y-reincorporados-en-antioquia-narino-choco-y-meta\/","url":"https:\/\/www.fiscalia.gov.co\/colombia\/defensores\/fiscalia-logra-importantes-acciones-judiciales-en-el-esclarecimiento-de-crimenes-de-defensores-de-derechos-humanos-y-reincorporados-en-antioquia-narino-choco-y-meta\/","name":"Fiscal\u00eda General de la Naci\u00f3n","isPartOf":{"@id":"https:\/\/www.fiscalia.gov.co\/colombia\/#website"},"primaryImageOfPage":{"@id":"https:\/\/www.fiscalia.gov.co\/colombia\/defensores\/fiscalia-logra-importantes-acciones-judiciales-en-el-esclarecimiento-de-crimenes-de-defensores-de-derechos-humanos-y-reincorporados-en-antioquia-narino-choco-y-meta\/#primaryimage"},"image":{"@id":"https:\/\/www.fiscalia.gov.co\/colombia\/defensores\/fiscalia-logra-importantes-acciones-judiciales-en-el-esclarecimiento-de-crimenes-de-defensores-de-derechos-humanos-y-reincorporados-en-antioquia-narino-choco-y-meta\/#primaryimage"},"thumbnailUrl":"https:\/\/www.fiscalia.gov.co\/colombia\/wp-content\/uploads\/Luis-Mauricio-Archila-homicidio-reincorporado-1024x768.jpeg","datePublished":"2020-12-05T12:42:04+00:00","dateModified":"2020-12-08T13:53:42+00:00","description":"P\u00e1gina oficial de la Fiscal\u00eda General de la Naci\u00f3n \u2013 Colombia. Garantizamos el acceso efectivo a la justicia, la verdad y la reparaci\u00f3n de las v\u00edctimas de los delitos.","breadcrumb":{"@id":"https:\/\/www.fiscalia.gov.co\/colombia\/defensores\/fiscalia-logra-importantes-acciones-judiciales-en-el-esclarecimiento-de-crimenes-de-defensores-de-derechos-humanos-y-reincorporados-en-antioquia-narino-choco-y-meta\/#breadcrumb"},"inLanguage":"es-CO","potentialAction":[{"@type":"ReadAction","target":["https:\/\/www.fiscalia.gov.co\/colombia\/defensores\/fiscalia-logra-importantes-acciones-judiciales-en-el-esclarecimiento-de-crimenes-de-defensores-de-derechos-humanos-y-reincorporados-en-antioquia-narino-choco-y-meta\/"]}]},{"@type":"ImageObject","inLanguage":"es-CO","@id":"https:\/\/www.fiscalia.gov.co\/colombia\/defensores\/fiscalia-logra-importantes-acciones-judiciales-en-el-esclarecimiento-de-crimenes-de-defensores-de-derechos-humanos-y-reincorporados-en-antioquia-narino-choco-y-meta\/#primaryimage","url":"https:\/\/www.fiscalia.gov.co\/colombia\/wp-content\/uploads\/Luis-Mauricio-Archila-homicidio-reincorporado-1024x768.jpeg","contentUrl":"https:\/\/www.fiscalia.gov.co\/colombia\/wp-content\/uploads\/Luis-Mauricio-Archila-homicidio-reincorporado-1024x768.jpeg"},{"@type":"BreadcrumbList","@id":"https:\/\/www.fiscalia.gov.co\/colombia\/defensores\/fiscalia-logra-importantes-acciones-judiciales-en-el-esclarecimiento-de-crimenes-de-defensores-de-derechos-humanos-y-reincorporados-en-antioquia-narino-choco-y-meta\/#breadcrumb","itemListElement":[{"@type":"ListItem","position":1,"name":"Home","item":"https:\/\/www.fiscalia.gov.co\/colombia\/"},{"@type":"ListItem","position":2,"name":"Fiscal\u00eda logra importantes acciones judiciales en el esclarecimiento de cr\u00edmenes de defensores de derechos humanos y reincorporados en Antioquia, Nari\u00f1o, Choc\u00f3 y Meta"}]},{"@type":"WebSite","@id":"https:\/\/www.fiscalia.gov.co\/colombia\/#website","url":"https:\/\/www.fiscalia.gov.co\/colombia\/","name":"Fiscal\u00eda General de la Naci\u00f3n","description":"P\u00e1gina oficial de la Fiscal\u00eda General de la Naci\u00f3n \u2013 Colombia. Garantizamos el acceso efectivo a la justicia, la verdad y la reparaci\u00f3n de las v\u00edctimas de los delitos.","publisher":{"@id":"https:\/\/www.fiscalia.gov.co\/colombia\/#organization"},"potentialAction":[{"@type":"SearchAction","target":{"@type":"EntryPoint","urlTemplate":"https:\/\/www.fiscalia.gov.co\/colombia\/?s={search_term_string}"},"query-input":{"@type":"PropertyValueSpecification","valueRequired":true,"valueName":"search_term_string"}}],"inLanguage":"es-CO"},{"@type":"Organization","@id":"https:\/\/www.fiscalia.gov.co\/colombia\/#organization","name":"Fiscal\u00eda General de la Naci\u00f3n","url":"https:\/\/www.fiscalia.gov.co\/colombia\/","logo":{"@type":"ImageObject","inLanguage":"es-CO","@id":"https:\/\/www.fiscalia.gov.co\/colombia\/#\/schema\/logo\/image\/","url":"https:\/\/www.fiscalia.gov.co\/colombia\/wp-content\/uploads\/LogoHorizontal_1.jpg","contentUrl":"https:\/\/www.fiscalia.gov.co\/colombia\/wp-content\/uploads\/LogoHorizontal_1.jpg","width":300,"height":90,"caption":"Fiscal\u00eda General de la Naci\u00f3n"},"image":{"@id":"https:\/\/www.fiscalia.gov.co\/colombia\/#\/schema\/logo\/image\/"},"sameAs":["https:\/\/www.facebook.com\/FiscaliaCol","https:\/\/x.com\/FiscaliaCol","https:\/\/www.instagram.com\/fiscaliacol","https:\/\/www.linkedin.com\/company\/fiscalia-general-de-la-naci-n\/","https:\/\/youtube.com\/@fiscaliageneraldelanacion-4668?si=6nN79nyQICPU5iTh"]},{"@type":"Person","@id":"https:\/\/www.fiscalia.gov.co\/colombia\/#\/schema\/person\/bf28d8ae7f1b287bbe3af484b04f43ea","name":"Direcci\u00f3n de Comunicaciones Fiscal\u00eda General de la Naci\u00f3n","image":{"@type":"ImageObject","inLanguage":"es-CO","@id":"https:\/\/www.fiscalia.gov.co\/colombia\/#\/schema\/person\/image\/","url":"https:\/\/secure.gravatar.com\/avatar\/9d55ae161d32da16dbdd0b380c080a5f?s=96&d=mm&r=g","contentUrl":"https:\/\/secure.gravatar.com\/avatar\/9d55ae161d32da16dbdd0b380c080a5f?s=96&d=mm&r=g","caption":"Direcci\u00f3n de Comunicaciones Fiscal\u00eda General de la Naci\u00f3n"},"url":"https:\/\/www.fiscalia.gov.co\/colombia\/author\/kbonilla\/"}]}},"_links":{"self":[{"href":"https:\/\/www.fiscalia.gov.co\/colombia\/wp-json\/wp\/v2\/posts\/208737","targetHints":{"allow":["GET"]}}],"collection":[{"href":"https:\/\/www.fiscalia.gov.co\/colombia\/wp-json\/wp\/v2\/posts"}],"about":[{"href":"https:\/\/www.fiscalia.gov.co\/colombia\/wp-json\/wp\/v2\/types\/post"}],"author":[{"embeddable":true,"href":"https:\/\/www.fiscalia.gov.co\/colombia\/wp-json\/wp\/v2\/users\/162"}],"replies":[{"embeddable":true,"href":"https:\/\/www.fiscalia.gov.co\/colombia\/wp-json\/wp\/v2\/comments?post=208737"}],"version-history":[{"count":4,"href":"https:\/\/www.fiscalia.gov.co\/colombia\/wp-json\/wp\/v2\/posts\/208737\/revisions"}],"predecessor-version":[{"id":208948,"href":"https:\/\/www.fiscalia.gov.co\/colombia\/wp-json\/wp\/v2\/posts\/208737\/revisions\/208948"}],"wp:attachment":[{"href":"https:\/\/www.fiscalia.gov.co\/colombia\/wp-json\/wp\/v2\/media?parent=208737"}],"wp:term":[{"taxonomy":"category","embeddable":true,"href":"https:\/\/www.fiscalia.gov.co\/colombia\/wp-json\/wp\/v2\/categories?post=208737"},{"taxonomy":"post_tag","embeddable":true,"href":"https:\/\/www.fiscalia.gov.co\/colombia\/wp-json\/wp\/v2\/tags?post=208737"}],"curies":[{"name":"wp","href":"https:\/\/api.w.org\/{rel}","templated":true}]}}