{"id":208122,"date":"2020-11-29T15:15:06","date_gmt":"2020-11-29T20:15:06","guid":{"rendered":"https:\/\/www.fiscalia.gov.co\/colombia\/?p=208122"},"modified":"2020-12-01T17:45:24","modified_gmt":"2020-12-01T22:45:24","slug":"judicializado-un-hombre-que-presuntamente-hirio-a-un-perro-en-purificacion-tolima","status":"publish","type":"post","link":"https:\/\/www.fiscalia.gov.co\/colombia\/seccionales\/judicializado-un-hombre-que-presuntamente-hirio-a-un-perro-en-purificacion-tolima\/","title":{"rendered":"Judicializado un hombre que, presuntamente, hiri\u00f3 a un perro en Purificaci\u00f3n (Tolima)\u00a0"},"content":{"rendered":"<p>Con base en las labores investigativas adelantadas por personal del Cuerpo T\u00e9cnico de Investigaci\u00f3n (CTI) de Purificaci\u00f3n (Tolima) y la Polic\u00eda Nacional, un fiscal del Grupo Especial para la Lucha contra el Maltrato Animal (Gelma) imput\u00f3 a un hombre de 54 a\u00f1os de edad como presunto responsable del delito de\u00a0<a href=\"https:\/\/www.fiscalia.gov.co\/colombia\/hechos-concretos\/condena-historica-por-maltrato-animal-en-colombia\/\">maltrato animal<\/a>.<\/p>\n<p>Los hechos materia de investigaci\u00f3n sucedieron el 17 de octubre pasado en la vereda Santa Luc\u00eda Alta, zona rural de esa poblaci\u00f3n tolimense, donde el indiciado, al parecer, le ocasion\u00f3 graves heridas con un arma de fuego a un canino de nombre Negro.<\/p>\n<p>El suceso se habr\u00eda presentado en medio de un hecho de intolerancia pues, seg\u00fan el imputado, el animal atac\u00f3 un reba\u00f1o de ovejas en sus predios.<\/p>\n<p>El perro fue valorado por un m\u00e9dico veterinario que estableci\u00f3 que el animal de compa\u00f1\u00eda, de raza criolla o mestiza y de a\u00f1o y medio de edad, presentaba un trauma por impacto de arma de fuego con una hemorragia excesiva. La gravedad de la lesi\u00f3n oblig\u00f3 a los veterinarios a amputarle la extremidad afectada.<\/p>\n<p>Esta investigaci\u00f3n se desarrolla en cumplimiento de la pol\u00edtica institucional del Fiscal General de la Naci\u00f3n, Francisco Barbosa Delgado, de cara a la protecci\u00f3n y defensa de los animales.<\/p>\n<p>La Fiscal\u00eda p\u00fablica esta informaci\u00f3n por razones de inter\u00e9s general.<\/p>\n<p><strong>PAAM\/MAGA\/AG\/MRC\/<\/strong><\/p>\n\n<div class=\"twitter-share\"><a href=\"https:\/\/twitter.com\/intent\/tweet?via=fiscaliacol\" class=\"twitter-share-button\">Tweet<\/a><\/div>\n","protected":false},"excerpt":{"rendered":"<p>Con base en las labores investigativas adelantadas por personal del Cuerpo T\u00e9cnico de Investigaci\u00f3n (CTI) de Purificaci\u00f3n (Tolima) y la Polic\u00eda Nacional, un fiscal del Grupo Especial para la Lucha [&hellip;]<\/p>\n","protected":false},"author":168,"featured_media":0,"comment_status":"closed","ping_status":"open","sticky":false,"template":"","format":"video","meta":{"tdm_status":"","tdm_grid_status":"","footnotes":""},"categories":[329,303],"tags":[12163,24283,24814,24185,78,24282,22114,10846,3332,24813,24812,24811,12189,24815],"class_list":["post-208122","post","type-post","status-publish","format-video","category-seccional-ibague","category-seccionales","tag-arma-de-fuego","tag-buen-trato-animal","tag-canino","tag-fiscal-barbosa","tag-fiscal-general-de-la-nacion","tag-gelma","tag-herido","tag-intolerancia","tag-maltrato-infantil","tag-mascota","tag-perro","tag-purificacion","tag-tolima","tag-vereda-santa-lucia-alta","post_format-post-format-video"],"yoast_head":"<!-- This site is optimized with the Yoast SEO plugin v24.3 - https:\/\/yoast.com\/wordpress\/plugins\/seo\/ -->\n<title>Fiscal\u00eda General de la Naci\u00f3n<\/title>\n<meta name=\"description\" content=\"P\u00e1gina oficial de la Fiscal\u00eda General de la Naci\u00f3n \u2013 Colombia. Garantizamos el acceso efectivo a la justicia, la verdad y la reparaci\u00f3n de las v\u00edctimas de los delitos.\" \/>\n<meta name=\"robots\" content=\"noindex, follow\" \/>\n<meta property=\"og:locale\" content=\"es_ES\" \/>\n<meta property=\"og:type\" content=\"article\" \/>\n<meta property=\"og:title\" content=\"Fiscal\u00eda General de la Naci\u00f3n\" \/>\n<meta property=\"og:description\" content=\"P\u00e1gina oficial de la Fiscal\u00eda General de la Naci\u00f3n \u2013 Colombia. Garantizamos el acceso efectivo a la justicia, la verdad y la reparaci\u00f3n de las v\u00edctimas de los delitos.\" \/>\n<meta property=\"og:url\" content=\"https:\/\/www.fiscalia.gov.co\/colombia\/seccionales\/judicializado-un-hombre-que-presuntamente-hirio-a-un-perro-en-purificacion-tolima\/\" \/>\n<meta property=\"og:site_name\" content=\"Fiscal\u00eda General de la Naci\u00f3n\" \/>\n<meta property=\"article:publisher\" content=\"https:\/\/www.facebook.com\/FiscaliaCol\" \/>\n<meta property=\"article:published_time\" content=\"2020-11-29T20:15:06+00:00\" \/>\n<meta property=\"article:modified_time\" content=\"2020-12-01T22:45:24+00:00\" \/>\n<meta name=\"author\" content=\"Paola Atehort\u00faa\" \/>\n<meta name=\"twitter:card\" content=\"summary_large_image\" \/>\n<meta name=\"twitter:creator\" content=\"@FiscaliaCol\" \/>\n<meta name=\"twitter:site\" content=\"@FiscaliaCol\" \/>\n<meta name=\"twitter:label1\" content=\"Escrito por\" \/>\n\t<meta name=\"twitter:data1\" content=\"Paola Atehort\u00faa\" \/>\n\t<meta name=\"twitter:label2\" content=\"Tiempo de lectura\" \/>\n\t<meta name=\"twitter:data2\" content=\"1 minuto\" \/>\n<script type=\"application\/ld+json\" class=\"yoast-schema-graph\">{\"@context\":\"https:\/\/schema.org\",\"@graph\":[{\"@type\":\"Article\",\"@id\":\"https:\/\/www.fiscalia.gov.co\/colombia\/seccionales\/judicializado-un-hombre-que-presuntamente-hirio-a-un-perro-en-purificacion-tolima\/#article\",\"isPartOf\":{\"@id\":\"https:\/\/www.fiscalia.gov.co\/colombia\/seccionales\/judicializado-un-hombre-que-presuntamente-hirio-a-un-perro-en-purificacion-tolima\/\"},\"author\":{\"name\":\"Paola Atehort\u00faa\",\"@id\":\"https:\/\/www.fiscalia.gov.co\/colombia\/#\/schema\/person\/4a4a0733e811334dce6b952a72445b6c\"},\"headline\":\"Judicializado un hombre que, presuntamente, hiri\u00f3 a un perro en Purificaci\u00f3n (Tolima)\u00a0\",\"datePublished\":\"2020-11-29T20:15:06+00:00\",\"dateModified\":\"2020-12-01T22:45:24+00:00\",\"mainEntityOfPage\":{\"@id\":\"https:\/\/www.fiscalia.gov.co\/colombia\/seccionales\/judicializado-un-hombre-que-presuntamente-hirio-a-un-perro-en-purificacion-tolima\/\"},\"wordCount\":252,\"publisher\":{\"@id\":\"https:\/\/www.fiscalia.gov.co\/colombia\/#organization\"},\"keywords\":[\"Arma de fuego\",\"buen trato animal\",\"canino\",\"Fiscal Barbosa\",\"Fiscal General de la Naci\u00f3n\",\"Gelma\",\"Herido\",\"Intolerancia\",\"Maltrato infantil\",\"mascota\",\"perro\",\"Purificaci\u00f3n\",\"Tolima\",\"vereda Santa Luc\u00eda Alta\"],\"articleSection\":[\"Seccional Ibagu\u00e9\",\"Seccionales\"],\"inLanguage\":\"es-CO\"},{\"@type\":\"WebPage\",\"@id\":\"https:\/\/www.fiscalia.gov.co\/colombia\/seccionales\/judicializado-un-hombre-que-presuntamente-hirio-a-un-perro-en-purificacion-tolima\/\",\"url\":\"https:\/\/www.fiscalia.gov.co\/colombia\/seccionales\/judicializado-un-hombre-que-presuntamente-hirio-a-un-perro-en-purificacion-tolima\/\",\"name\":\"Fiscal\u00eda General de la Naci\u00f3n\",\"isPartOf\":{\"@id\":\"https:\/\/www.fiscalia.gov.co\/colombia\/#website\"},\"datePublished\":\"2020-11-29T20:15:06+00:00\",\"dateModified\":\"2020-12-01T22:45:24+00:00\",\"description\":\"P\u00e1gina oficial de la Fiscal\u00eda General de la Naci\u00f3n \u2013 Colombia. Garantizamos el acceso efectivo a la justicia, la verdad y la reparaci\u00f3n de las v\u00edctimas de los delitos.\",\"breadcrumb\":{\"@id\":\"https:\/\/www.fiscalia.gov.co\/colombia\/seccionales\/judicializado-un-hombre-que-presuntamente-hirio-a-un-perro-en-purificacion-tolima\/#breadcrumb\"},\"inLanguage\":\"es-CO\",\"potentialAction\":[{\"@type\":\"ReadAction\",\"target\":[\"https:\/\/www.fiscalia.gov.co\/colombia\/seccionales\/judicializado-un-hombre-que-presuntamente-hirio-a-un-perro-en-purificacion-tolima\/\"]}]},{\"@type\":\"BreadcrumbList\",\"@id\":\"https:\/\/www.fiscalia.gov.co\/colombia\/seccionales\/judicializado-un-hombre-que-presuntamente-hirio-a-un-perro-en-purificacion-tolima\/#breadcrumb\",\"itemListElement\":[{\"@type\":\"ListItem\",\"position\":1,\"name\":\"Home\",\"item\":\"https:\/\/www.fiscalia.gov.co\/colombia\/\"},{\"@type\":\"ListItem\",\"position\":2,\"name\":\"Judicializado un hombre que, presuntamente, hiri\u00f3 a un perro en Purificaci\u00f3n (Tolima)\u00a0\"}]},{\"@type\":\"WebSite\",\"@id\":\"https:\/\/www.fiscalia.gov.co\/colombia\/#website\",\"url\":\"https:\/\/www.fiscalia.gov.co\/colombia\/\",\"name\":\"Fiscal\u00eda General de la Naci\u00f3n\",\"description\":\"P\u00e1gina oficial de la Fiscal\u00eda General de la Naci\u00f3n \u2013 Colombia. Garantizamos el acceso efectivo a la justicia, la verdad y la reparaci\u00f3n de las v\u00edctimas de los delitos.\",\"publisher\":{\"@id\":\"https:\/\/www.fiscalia.gov.co\/colombia\/#organization\"},\"potentialAction\":[{\"@type\":\"SearchAction\",\"target\":{\"@type\":\"EntryPoint\",\"urlTemplate\":\"https:\/\/www.fiscalia.gov.co\/colombia\/?s={search_term_string}\"},\"query-input\":{\"@type\":\"PropertyValueSpecification\",\"valueRequired\":true,\"valueName\":\"search_term_string\"}}],\"inLanguage\":\"es-CO\"},{\"@type\":\"Organization\",\"@id\":\"https:\/\/www.fiscalia.gov.co\/colombia\/#organization\",\"name\":\"Fiscal\u00eda General de la Naci\u00f3n\",\"url\":\"https:\/\/www.fiscalia.gov.co\/colombia\/\",\"logo\":{\"@type\":\"ImageObject\",\"inLanguage\":\"es-CO\",\"@id\":\"https:\/\/www.fiscalia.gov.co\/colombia\/#\/schema\/logo\/image\/\",\"url\":\"https:\/\/www.fiscalia.gov.co\/colombia\/wp-content\/uploads\/LogoHorizontal_1.jpg\",\"contentUrl\":\"https:\/\/www.fiscalia.gov.co\/colombia\/wp-content\/uploads\/LogoHorizontal_1.jpg\",\"width\":300,\"height\":90,\"caption\":\"Fiscal\u00eda General de la Naci\u00f3n\"},\"image\":{\"@id\":\"https:\/\/www.fiscalia.gov.co\/colombia\/#\/schema\/logo\/image\/\"},\"sameAs\":[\"https:\/\/www.facebook.com\/FiscaliaCol\",\"https:\/\/x.com\/FiscaliaCol\",\"https:\/\/www.instagram.com\/fiscaliacol\",\"https:\/\/www.linkedin.com\/company\/fiscalia-general-de-la-naci-n\/\",\"https:\/\/youtube.com\/@fiscaliageneraldelanacion-4668?si=6nN79nyQICPU5iTh\"]},{\"@type\":\"Person\",\"@id\":\"https:\/\/www.fiscalia.gov.co\/colombia\/#\/schema\/person\/4a4a0733e811334dce6b952a72445b6c\",\"name\":\"Paola Atehort\u00faa\",\"image\":{\"@type\":\"ImageObject\",\"inLanguage\":\"es-CO\",\"@id\":\"https:\/\/www.fiscalia.gov.co\/colombia\/#\/schema\/person\/image\/\",\"url\":\"https:\/\/secure.gravatar.com\/avatar\/7a5eb408c59cd527eef5fb1eac46e954?s=96&d=mm&r=g\",\"contentUrl\":\"https:\/\/secure.gravatar.com\/avatar\/7a5eb408c59cd527eef5fb1eac46e954?s=96&d=mm&r=g\",\"caption\":\"Paola Atehort\u00faa\"},\"url\":\"https:\/\/www.fiscalia.gov.co\/colombia\/author\/patehortua\/\"}]}<\/script>\n<!-- \/ Yoast SEO plugin. -->","yoast_head_json":{"title":"Fiscal\u00eda General de la Naci\u00f3n","description":"P\u00e1gina oficial de la Fiscal\u00eda General de la Naci\u00f3n \u2013 Colombia. Garantizamos el acceso efectivo a la justicia, la verdad y la reparaci\u00f3n de las v\u00edctimas de los delitos.","robots":{"index":"noindex","follow":"follow"},"og_locale":"es_ES","og_type":"article","og_title":"Fiscal\u00eda General de la Naci\u00f3n","og_description":"P\u00e1gina oficial de la Fiscal\u00eda General de la Naci\u00f3n \u2013 Colombia. Garantizamos el acceso efectivo a la justicia, la verdad y la reparaci\u00f3n de las v\u00edctimas de los delitos.","og_url":"https:\/\/www.fiscalia.gov.co\/colombia\/seccionales\/judicializado-un-hombre-que-presuntamente-hirio-a-un-perro-en-purificacion-tolima\/","og_site_name":"Fiscal\u00eda General de la Naci\u00f3n","article_publisher":"https:\/\/www.facebook.com\/FiscaliaCol","article_published_time":"2020-11-29T20:15:06+00:00","article_modified_time":"2020-12-01T22:45:24+00:00","author":"Paola Atehort\u00faa","twitter_card":"summary_large_image","twitter_creator":"@FiscaliaCol","twitter_site":"@FiscaliaCol","twitter_misc":{"Escrito por":"Paola Atehort\u00faa","Tiempo de lectura":"1 minuto"},"schema":{"@context":"https:\/\/schema.org","@graph":[{"@type":"Article","@id":"https:\/\/www.fiscalia.gov.co\/colombia\/seccionales\/judicializado-un-hombre-que-presuntamente-hirio-a-un-perro-en-purificacion-tolima\/#article","isPartOf":{"@id":"https:\/\/www.fiscalia.gov.co\/colombia\/seccionales\/judicializado-un-hombre-que-presuntamente-hirio-a-un-perro-en-purificacion-tolima\/"},"author":{"name":"Paola Atehort\u00faa","@id":"https:\/\/www.fiscalia.gov.co\/colombia\/#\/schema\/person\/4a4a0733e811334dce6b952a72445b6c"},"headline":"Judicializado un hombre que, presuntamente, hiri\u00f3 a un perro en Purificaci\u00f3n (Tolima)\u00a0","datePublished":"2020-11-29T20:15:06+00:00","dateModified":"2020-12-01T22:45:24+00:00","mainEntityOfPage":{"@id":"https:\/\/www.fiscalia.gov.co\/colombia\/seccionales\/judicializado-un-hombre-que-presuntamente-hirio-a-un-perro-en-purificacion-tolima\/"},"wordCount":252,"publisher":{"@id":"https:\/\/www.fiscalia.gov.co\/colombia\/#organization"},"keywords":["Arma de fuego","buen trato animal","canino","Fiscal Barbosa","Fiscal General de la Naci\u00f3n","Gelma","Herido","Intolerancia","Maltrato infantil","mascota","perro","Purificaci\u00f3n","Tolima","vereda Santa Luc\u00eda Alta"],"articleSection":["Seccional Ibagu\u00e9","Seccionales"],"inLanguage":"es-CO"},{"@type":"WebPage","@id":"https:\/\/www.fiscalia.gov.co\/colombia\/seccionales\/judicializado-un-hombre-que-presuntamente-hirio-a-un-perro-en-purificacion-tolima\/","url":"https:\/\/www.fiscalia.gov.co\/colombia\/seccionales\/judicializado-un-hombre-que-presuntamente-hirio-a-un-perro-en-purificacion-tolima\/","name":"Fiscal\u00eda General de la Naci\u00f3n","isPartOf":{"@id":"https:\/\/www.fiscalia.gov.co\/colombia\/#website"},"datePublished":"2020-11-29T20:15:06+00:00","dateModified":"2020-12-01T22:45:24+00:00","description":"P\u00e1gina oficial de la Fiscal\u00eda General de la Naci\u00f3n \u2013 Colombia. Garantizamos el acceso efectivo a la justicia, la verdad y la reparaci\u00f3n de las v\u00edctimas de los delitos.","breadcrumb":{"@id":"https:\/\/www.fiscalia.gov.co\/colombia\/seccionales\/judicializado-un-hombre-que-presuntamente-hirio-a-un-perro-en-purificacion-tolima\/#breadcrumb"},"inLanguage":"es-CO","potentialAction":[{"@type":"ReadAction","target":["https:\/\/www.fiscalia.gov.co\/colombia\/seccionales\/judicializado-un-hombre-que-presuntamente-hirio-a-un-perro-en-purificacion-tolima\/"]}]},{"@type":"BreadcrumbList","@id":"https:\/\/www.fiscalia.gov.co\/colombia\/seccionales\/judicializado-un-hombre-que-presuntamente-hirio-a-un-perro-en-purificacion-tolima\/#breadcrumb","itemListElement":[{"@type":"ListItem","position":1,"name":"Home","item":"https:\/\/www.fiscalia.gov.co\/colombia\/"},{"@type":"ListItem","position":2,"name":"Judicializado un hombre que, presuntamente, hiri\u00f3 a un perro en Purificaci\u00f3n (Tolima)\u00a0"}]},{"@type":"WebSite","@id":"https:\/\/www.fiscalia.gov.co\/colombia\/#website","url":"https:\/\/www.fiscalia.gov.co\/colombia\/","name":"Fiscal\u00eda General de la Naci\u00f3n","description":"P\u00e1gina oficial de la Fiscal\u00eda General de la Naci\u00f3n \u2013 Colombia. Garantizamos el acceso efectivo a la justicia, la verdad y la reparaci\u00f3n de las v\u00edctimas de los delitos.","publisher":{"@id":"https:\/\/www.fiscalia.gov.co\/colombia\/#organization"},"potentialAction":[{"@type":"SearchAction","target":{"@type":"EntryPoint","urlTemplate":"https:\/\/www.fiscalia.gov.co\/colombia\/?s={search_term_string}"},"query-input":{"@type":"PropertyValueSpecification","valueRequired":true,"valueName":"search_term_string"}}],"inLanguage":"es-CO"},{"@type":"Organization","@id":"https:\/\/www.fiscalia.gov.co\/colombia\/#organization","name":"Fiscal\u00eda General de la Naci\u00f3n","url":"https:\/\/www.fiscalia.gov.co\/colombia\/","logo":{"@type":"ImageObject","inLanguage":"es-CO","@id":"https:\/\/www.fiscalia.gov.co\/colombia\/#\/schema\/logo\/image\/","url":"https:\/\/www.fiscalia.gov.co\/colombia\/wp-content\/uploads\/LogoHorizontal_1.jpg","contentUrl":"https:\/\/www.fiscalia.gov.co\/colombia\/wp-content\/uploads\/LogoHorizontal_1.jpg","width":300,"height":90,"caption":"Fiscal\u00eda General de la Naci\u00f3n"},"image":{"@id":"https:\/\/www.fiscalia.gov.co\/colombia\/#\/schema\/logo\/image\/"},"sameAs":["https:\/\/www.facebook.com\/FiscaliaCol","https:\/\/x.com\/FiscaliaCol","https:\/\/www.instagram.com\/fiscaliacol","https:\/\/www.linkedin.com\/company\/fiscalia-general-de-la-naci-n\/","https:\/\/youtube.com\/@fiscaliageneraldelanacion-4668?si=6nN79nyQICPU5iTh"]},{"@type":"Person","@id":"https:\/\/www.fiscalia.gov.co\/colombia\/#\/schema\/person\/4a4a0733e811334dce6b952a72445b6c","name":"Paola Atehort\u00faa","image":{"@type":"ImageObject","inLanguage":"es-CO","@id":"https:\/\/www.fiscalia.gov.co\/colombia\/#\/schema\/person\/image\/","url":"https:\/\/secure.gravatar.com\/avatar\/7a5eb408c59cd527eef5fb1eac46e954?s=96&d=mm&r=g","contentUrl":"https:\/\/secure.gravatar.com\/avatar\/7a5eb408c59cd527eef5fb1eac46e954?s=96&d=mm&r=g","caption":"Paola Atehort\u00faa"},"url":"https:\/\/www.fiscalia.gov.co\/colombia\/author\/patehortua\/"}]}},"_links":{"self":[{"href":"https:\/\/www.fiscalia.gov.co\/colombia\/wp-json\/wp\/v2\/posts\/208122","targetHints":{"allow":["GET"]}}],"collection":[{"href":"https:\/\/www.fiscalia.gov.co\/colombia\/wp-json\/wp\/v2\/posts"}],"about":[{"href":"https:\/\/www.fiscalia.gov.co\/colombia\/wp-json\/wp\/v2\/types\/post"}],"author":[{"embeddable":true,"href":"https:\/\/www.fiscalia.gov.co\/colombia\/wp-json\/wp\/v2\/users\/168"}],"replies":[{"embeddable":true,"href":"https:\/\/www.fiscalia.gov.co\/colombia\/wp-json\/wp\/v2\/comments?post=208122"}],"version-history":[{"count":5,"href":"https:\/\/www.fiscalia.gov.co\/colombia\/wp-json\/wp\/v2\/posts\/208122\/revisions"}],"predecessor-version":[{"id":208351,"href":"https:\/\/www.fiscalia.gov.co\/colombia\/wp-json\/wp\/v2\/posts\/208122\/revisions\/208351"}],"wp:attachment":[{"href":"https:\/\/www.fiscalia.gov.co\/colombia\/wp-json\/wp\/v2\/media?parent=208122"}],"wp:term":[{"taxonomy":"category","embeddable":true,"href":"https:\/\/www.fiscalia.gov.co\/colombia\/wp-json\/wp\/v2\/categories?post=208122"},{"taxonomy":"post_tag","embeddable":true,"href":"https:\/\/www.fiscalia.gov.co\/colombia\/wp-json\/wp\/v2\/tags?post=208122"}],"curies":[{"name":"wp","href":"https:\/\/api.w.org\/{rel}","templated":true}]}}