{"id":208080,"date":"2020-11-28T09:49:03","date_gmt":"2020-11-28T14:49:03","guid":{"rendered":"https:\/\/www.fiscalia.gov.co\/colombia\/?p=208080"},"modified":"2020-12-01T12:11:42","modified_gmt":"2020-12-01T17:11:42","slug":"fiscalia-logra-condena-de-40-anos-de-prision-para-hombre-que-asesino-a-su-companera-sentimental-en-quindio","status":"publish","type":"post","link":"https:\/\/www.fiscalia.gov.co\/colombia\/seguridad-territorial\/fiscalia-logra-condena-de-40-anos-de-prision-para-hombre-que-asesino-a-su-companera-sentimental-en-quindio\/","title":{"rendered":"Fiscal\u00eda logra condena de 40 a\u00f1os de prisi\u00f3n para hombre que asesin\u00f3 a su compa\u00f1era sentimental en Quind\u00edo"},"content":{"rendered":"<p class=\"x_MsoNormal\">La contundencia del material probatorio expuesto por la Fiscal\u00eda General de la Naci\u00f3n, a trav\u00e9s de la Seccional Quind\u00edo, fue determinante para que un juez penal del circuito de Armenia condenara a 40 a\u00f1os de prisi\u00f3n a\u00a0<b>Jorge Eliecer Galeano Ortiz<\/b>, por la muerte de su compa\u00f1era sentimental y las lesiones ocasionadas a la hija de la v\u00edctima.<span lang=\"ES-CO\">\u00a0<\/span><\/p>\n<p class=\"x_MsoNormal\"><span lang=\"ES-CO\">Por estos hechos, fue declarado responsable de los delitos de\u00a0<b><a href=\"https:\/\/www.fiscalia.gov.co\/colombia\/seccionales\/seccional-medellin\/a-la-carcel-habitante-de-calle-investigado-por-feminicidio-en-bello-antioquia\/\" target=\"_blank\" rel=\"noopener noreferrer\" data-auth=\"NotApplicable\">feminicidio<\/a><\/b>\u00a0agravado, tentativa de feminicidio agravado y porte ilegal de armas.<\/span><span lang=\"ES-CO\">\u00a0<\/span><\/p>\n<p class=\"x_MsoNormal\"><span lang=\"ES-CO\">Los elementos materiales probatorios evidenciaron que, el pasado 10 de junio, Galeano Ortiz lleg\u00f3 a la vivienda de su pareja,<b>\u00a0<\/b>ubicada en el sur de\u00a0<b>Armenia<\/b>, y la increp\u00f3 por el nombre que le iba a poner a una de sus ni\u00f1as. En medio de la discusi\u00f3n, dispar\u00f3 contra la mujer y su hijastra, quien intent\u00f3 interceder para frenar la agresi\u00f3n.<\/span><span lang=\"ES-CO\">\u00a0<\/span><\/p>\n<p class=\"x_MsoNormal\"><span lang=\"ES-CO\">La Fiscal\u00eda estableci\u00f3 que la v\u00edctima enfrent\u00f3 maltrato f\u00edsico y verbal durante el tiempo en el que convivi\u00f3 con Galeano Ortiz. Los ataques eran ocasionados por celos.<\/span><span lang=\"ES-CO\">\u00a0<\/span><\/p>\n<p class=\"x_MsoNormal\"><span lang=\"ES-CO\">De esta manera, la Fiscal\u00eda reafirma su compromiso de realizar investigaciones efectivas y agiles para judicializar y lograr una sanci\u00f3n ejemplar contra los responsables de cr\u00edmenes y agresiones contra las mujeres, como lo defini\u00f3 el\u00a0<b>Fiscal General de la Naci\u00f3n, Francisco Barbosa Delgado, en el Direccionamiento Estrat\u00e9gico 2020 \u2013 2024<\/b>.<\/span><span lang=\"ES-CO\">\u00a0<\/span><\/p>\n<p class=\"x_MsoNormal\"><span lang=\"ES-CO\">La Fiscal\u00eda publica esta informaci\u00f3n por razones de inter\u00e9s general.<\/span><span lang=\"ES-CO\">\u00a0<\/span><\/p>\n<p class=\"x_MsoNormal\"><strong><span lang=\"ES-CO\">MAGA\/JARG\/MCRC\/<\/span><\/strong><\/p>\n<p class=\"x_MsoNormal\"><span lang=\"ES-CO\">\u00a0<\/span><\/p>\n\n<div class=\"twitter-share\"><a href=\"https:\/\/twitter.com\/intent\/tweet?via=fiscaliacol\" class=\"twitter-share-button\">Tweet<\/a><\/div>\n","protected":false},"excerpt":{"rendered":"<p>La contundencia del material probatorio expuesto por la Fiscal\u00eda General de la Naci\u00f3n, a trav\u00e9s de la Seccional Quind\u00edo, fue determinante para que un juez penal del circuito de Armenia condenara a 40 a\u00f1os de prisi\u00f3n a\u00a0Jorge Eliecer Galeano Ortiz, por la muerte de su compa\u00f1era sentimental y las lesiones ocasionadas a la hija de [&hellip;]<\/p>\n","protected":false},"author":168,"featured_media":0,"comment_status":"closed","ping_status":"open","sticky":false,"template":"","format":"video","meta":{"_price":"","_stock":"","_tribe_ticket_header":"","_tribe_default_ticket_provider":"","_tribe_ticket_capacity":"0","_ticket_start_date":"","_ticket_end_date":"","_tribe_ticket_show_description":"","_tribe_ticket_show_not_going":false,"_tribe_ticket_use_global_stock":"","_tribe_ticket_global_stock_level":"","_global_stock_mode":"","_global_stock_cap":"","_tribe_rsvp_for_event":"","_tribe_ticket_going_count":"","_tribe_ticket_not_going_count":"","_tribe_tickets_list":"[]","_tribe_ticket_has_attendee_info_fields":false,"tdm_status":"","tdm_grid_status":"","footnotes":""},"categories":[24174,319,303,24099],"tags":[13442,1047,24798,14164],"class_list":{"0":"post-208080","1":"post","2":"type-post","3":"status-publish","4":"format-video","6":"category-hay-justicia","7":"category-seccional-armenia","8":"category-seccionales","9":"category-seguridad-territorial","10":"tag-feminicidio","11":"tag-fiscalia-general-de-la-nacion","12":"tag-jorge-eliecer-galeano-ortiz","13":"tag-quindio","14":"post_format-post-format-video"},"yoast_head":"<!-- This site is optimized with the Yoast SEO plugin v24.3 - https:\/\/yoast.com\/wordpress\/plugins\/seo\/ -->\n<title>Fiscal\u00eda General de la Naci\u00f3n<\/title>\n<meta name=\"description\" content=\"P\u00e1gina oficial de la Fiscal\u00eda General de la Naci\u00f3n \u2013 Colombia. Garantizamos el acceso efectivo a la justicia, la verdad y la reparaci\u00f3n de las v\u00edctimas de los delitos.\" \/>\n<meta name=\"robots\" content=\"noindex, follow\" \/>\n<meta property=\"og:locale\" content=\"es_ES\" \/>\n<meta property=\"og:type\" content=\"article\" \/>\n<meta property=\"og:title\" content=\"Fiscal\u00eda General de la Naci\u00f3n\" \/>\n<meta property=\"og:description\" content=\"P\u00e1gina oficial de la Fiscal\u00eda General de la Naci\u00f3n \u2013 Colombia. Garantizamos el acceso efectivo a la justicia, la verdad y la reparaci\u00f3n de las v\u00edctimas de los delitos.\" \/>\n<meta property=\"og:url\" content=\"https:\/\/www.fiscalia.gov.co\/colombia\/seguridad-territorial\/fiscalia-logra-condena-de-40-anos-de-prision-para-hombre-que-asesino-a-su-companera-sentimental-en-quindio\/\" \/>\n<meta property=\"og:site_name\" content=\"Fiscal\u00eda General de la Naci\u00f3n\" \/>\n<meta property=\"article:publisher\" content=\"https:\/\/www.facebook.com\/FiscaliaCol\" \/>\n<meta property=\"article:published_time\" content=\"2020-11-28T14:49:03+00:00\" \/>\n<meta property=\"article:modified_time\" content=\"2020-12-01T17:11:42+00:00\" \/>\n<meta name=\"author\" content=\"Paola Atehort\u00faa\" \/>\n<meta name=\"twitter:card\" content=\"summary_large_image\" \/>\n<meta name=\"twitter:creator\" content=\"@FiscaliaCol\" \/>\n<meta name=\"twitter:site\" content=\"@FiscaliaCol\" \/>\n<meta name=\"twitter:label1\" content=\"Escrito por\" \/>\n\t<meta name=\"twitter:data1\" content=\"Paola Atehort\u00faa\" \/>\n\t<meta name=\"twitter:label2\" content=\"Tiempo de lectura\" \/>\n\t<meta name=\"twitter:data2\" content=\"1 minuto\" \/>\n<script type=\"application\/ld+json\" class=\"yoast-schema-graph\">{\"@context\":\"https:\/\/schema.org\",\"@graph\":[{\"@type\":\"Article\",\"@id\":\"https:\/\/www.fiscalia.gov.co\/colombia\/seguridad-territorial\/fiscalia-logra-condena-de-40-anos-de-prision-para-hombre-que-asesino-a-su-companera-sentimental-en-quindio\/#article\",\"isPartOf\":{\"@id\":\"https:\/\/www.fiscalia.gov.co\/colombia\/seguridad-territorial\/fiscalia-logra-condena-de-40-anos-de-prision-para-hombre-que-asesino-a-su-companera-sentimental-en-quindio\/\"},\"author\":{\"name\":\"Paola Atehort\u00faa\",\"@id\":\"https:\/\/www.fiscalia.gov.co\/colombia\/#\/schema\/person\/4a4a0733e811334dce6b952a72445b6c\"},\"headline\":\"Fiscal\u00eda logra condena de 40 a\u00f1os de prisi\u00f3n para hombre que asesin\u00f3 a su compa\u00f1era sentimental en Quind\u00edo\",\"datePublished\":\"2020-11-28T14:49:03+00:00\",\"dateModified\":\"2020-12-01T17:11:42+00:00\",\"mainEntityOfPage\":{\"@id\":\"https:\/\/www.fiscalia.gov.co\/colombia\/seguridad-territorial\/fiscalia-logra-condena-de-40-anos-de-prision-para-hombre-que-asesino-a-su-companera-sentimental-en-quindio\/\"},\"wordCount\":269,\"publisher\":{\"@id\":\"https:\/\/www.fiscalia.gov.co\/colombia\/#organization\"},\"keywords\":[\"Feminicidio\",\"Fiscal\u00eda General de la Naci\u00f3n\",\"Jorge Eliecer Galeano Ortiz\",\"Quind\u00edo\"],\"articleSection\":[\"Hay Justicia\",\"Seccional Armenia\",\"Seccionales\",\"Seguridad territorial\"],\"inLanguage\":\"es-CO\"},{\"@type\":\"WebPage\",\"@id\":\"https:\/\/www.fiscalia.gov.co\/colombia\/seguridad-territorial\/fiscalia-logra-condena-de-40-anos-de-prision-para-hombre-que-asesino-a-su-companera-sentimental-en-quindio\/\",\"url\":\"https:\/\/www.fiscalia.gov.co\/colombia\/seguridad-territorial\/fiscalia-logra-condena-de-40-anos-de-prision-para-hombre-que-asesino-a-su-companera-sentimental-en-quindio\/\",\"name\":\"Fiscal\u00eda General de la Naci\u00f3n\",\"isPartOf\":{\"@id\":\"https:\/\/www.fiscalia.gov.co\/colombia\/#website\"},\"datePublished\":\"2020-11-28T14:49:03+00:00\",\"dateModified\":\"2020-12-01T17:11:42+00:00\",\"description\":\"P\u00e1gina oficial de la Fiscal\u00eda General de la Naci\u00f3n \u2013 Colombia. Garantizamos el acceso efectivo a la justicia, la verdad y la reparaci\u00f3n de las v\u00edctimas de los delitos.\",\"breadcrumb\":{\"@id\":\"https:\/\/www.fiscalia.gov.co\/colombia\/seguridad-territorial\/fiscalia-logra-condena-de-40-anos-de-prision-para-hombre-que-asesino-a-su-companera-sentimental-en-quindio\/#breadcrumb\"},\"inLanguage\":\"es-CO\",\"potentialAction\":[{\"@type\":\"ReadAction\",\"target\":[\"https:\/\/www.fiscalia.gov.co\/colombia\/seguridad-territorial\/fiscalia-logra-condena-de-40-anos-de-prision-para-hombre-que-asesino-a-su-companera-sentimental-en-quindio\/\"]}]},{\"@type\":\"BreadcrumbList\",\"@id\":\"https:\/\/www.fiscalia.gov.co\/colombia\/seguridad-territorial\/fiscalia-logra-condena-de-40-anos-de-prision-para-hombre-que-asesino-a-su-companera-sentimental-en-quindio\/#breadcrumb\",\"itemListElement\":[{\"@type\":\"ListItem\",\"position\":1,\"name\":\"Home\",\"item\":\"https:\/\/www.fiscalia.gov.co\/colombia\/\"},{\"@type\":\"ListItem\",\"position\":2,\"name\":\"Fiscal\u00eda logra condena de 40 a\u00f1os de prisi\u00f3n para hombre que asesin\u00f3 a su compa\u00f1era sentimental en Quind\u00edo\"}]},{\"@type\":\"WebSite\",\"@id\":\"https:\/\/www.fiscalia.gov.co\/colombia\/#website\",\"url\":\"https:\/\/www.fiscalia.gov.co\/colombia\/\",\"name\":\"Fiscal\u00eda General de la Naci\u00f3n\",\"description\":\"P\u00e1gina oficial de la Fiscal\u00eda General de la Naci\u00f3n \u2013 Colombia. Garantizamos el acceso efectivo a la justicia, la verdad y la reparaci\u00f3n de las v\u00edctimas de los delitos.\",\"publisher\":{\"@id\":\"https:\/\/www.fiscalia.gov.co\/colombia\/#organization\"},\"potentialAction\":[{\"@type\":\"SearchAction\",\"target\":{\"@type\":\"EntryPoint\",\"urlTemplate\":\"https:\/\/www.fiscalia.gov.co\/colombia\/?s={search_term_string}\"},\"query-input\":{\"@type\":\"PropertyValueSpecification\",\"valueRequired\":true,\"valueName\":\"search_term_string\"}}],\"inLanguage\":\"es-CO\"},{\"@type\":\"Organization\",\"@id\":\"https:\/\/www.fiscalia.gov.co\/colombia\/#organization\",\"name\":\"Fiscal\u00eda General de la Naci\u00f3n\",\"url\":\"https:\/\/www.fiscalia.gov.co\/colombia\/\",\"logo\":{\"@type\":\"ImageObject\",\"inLanguage\":\"es-CO\",\"@id\":\"https:\/\/www.fiscalia.gov.co\/colombia\/#\/schema\/logo\/image\/\",\"url\":\"https:\/\/www.fiscalia.gov.co\/colombia\/wp-content\/uploads\/LogoHorizontal_1.jpg\",\"contentUrl\":\"https:\/\/www.fiscalia.gov.co\/colombia\/wp-content\/uploads\/LogoHorizontal_1.jpg\",\"width\":300,\"height\":90,\"caption\":\"Fiscal\u00eda General de la Naci\u00f3n\"},\"image\":{\"@id\":\"https:\/\/www.fiscalia.gov.co\/colombia\/#\/schema\/logo\/image\/\"},\"sameAs\":[\"https:\/\/www.facebook.com\/FiscaliaCol\",\"https:\/\/x.com\/FiscaliaCol\",\"https:\/\/www.instagram.com\/fiscaliacol\",\"https:\/\/www.linkedin.com\/company\/fiscalia-general-de-la-naci-n\/\",\"https:\/\/youtube.com\/@fiscaliageneraldelanacion-4668?si=6nN79nyQICPU5iTh\"]},{\"@type\":\"Person\",\"@id\":\"https:\/\/www.fiscalia.gov.co\/colombia\/#\/schema\/person\/4a4a0733e811334dce6b952a72445b6c\",\"name\":\"Paola Atehort\u00faa\",\"image\":{\"@type\":\"ImageObject\",\"inLanguage\":\"es-CO\",\"@id\":\"https:\/\/www.fiscalia.gov.co\/colombia\/#\/schema\/person\/image\/\",\"url\":\"https:\/\/secure.gravatar.com\/avatar\/7a5eb408c59cd527eef5fb1eac46e954?s=96&d=mm&r=g\",\"contentUrl\":\"https:\/\/secure.gravatar.com\/avatar\/7a5eb408c59cd527eef5fb1eac46e954?s=96&d=mm&r=g\",\"caption\":\"Paola Atehort\u00faa\"},\"url\":\"https:\/\/www.fiscalia.gov.co\/colombia\/author\/patehortua\/\"}]}<\/script>\n<!-- \/ Yoast SEO plugin. -->","yoast_head_json":{"title":"Fiscal\u00eda General de la Naci\u00f3n","description":"P\u00e1gina oficial de la Fiscal\u00eda General de la Naci\u00f3n \u2013 Colombia. Garantizamos el acceso efectivo a la justicia, la verdad y la reparaci\u00f3n de las v\u00edctimas de los delitos.","robots":{"index":"noindex","follow":"follow"},"og_locale":"es_ES","og_type":"article","og_title":"Fiscal\u00eda General de la Naci\u00f3n","og_description":"P\u00e1gina oficial de la Fiscal\u00eda General de la Naci\u00f3n \u2013 Colombia. Garantizamos el acceso efectivo a la justicia, la verdad y la reparaci\u00f3n de las v\u00edctimas de los delitos.","og_url":"https:\/\/www.fiscalia.gov.co\/colombia\/seguridad-territorial\/fiscalia-logra-condena-de-40-anos-de-prision-para-hombre-que-asesino-a-su-companera-sentimental-en-quindio\/","og_site_name":"Fiscal\u00eda General de la Naci\u00f3n","article_publisher":"https:\/\/www.facebook.com\/FiscaliaCol","article_published_time":"2020-11-28T14:49:03+00:00","article_modified_time":"2020-12-01T17:11:42+00:00","author":"Paola Atehort\u00faa","twitter_card":"summary_large_image","twitter_creator":"@FiscaliaCol","twitter_site":"@FiscaliaCol","twitter_misc":{"Escrito por":"Paola Atehort\u00faa","Tiempo de lectura":"1 minuto"},"schema":{"@context":"https:\/\/schema.org","@graph":[{"@type":"Article","@id":"https:\/\/www.fiscalia.gov.co\/colombia\/seguridad-territorial\/fiscalia-logra-condena-de-40-anos-de-prision-para-hombre-que-asesino-a-su-companera-sentimental-en-quindio\/#article","isPartOf":{"@id":"https:\/\/www.fiscalia.gov.co\/colombia\/seguridad-territorial\/fiscalia-logra-condena-de-40-anos-de-prision-para-hombre-que-asesino-a-su-companera-sentimental-en-quindio\/"},"author":{"name":"Paola Atehort\u00faa","@id":"https:\/\/www.fiscalia.gov.co\/colombia\/#\/schema\/person\/4a4a0733e811334dce6b952a72445b6c"},"headline":"Fiscal\u00eda logra condena de 40 a\u00f1os de prisi\u00f3n para hombre que asesin\u00f3 a su compa\u00f1era sentimental en Quind\u00edo","datePublished":"2020-11-28T14:49:03+00:00","dateModified":"2020-12-01T17:11:42+00:00","mainEntityOfPage":{"@id":"https:\/\/www.fiscalia.gov.co\/colombia\/seguridad-territorial\/fiscalia-logra-condena-de-40-anos-de-prision-para-hombre-que-asesino-a-su-companera-sentimental-en-quindio\/"},"wordCount":269,"publisher":{"@id":"https:\/\/www.fiscalia.gov.co\/colombia\/#organization"},"keywords":["Feminicidio","Fiscal\u00eda General de la Naci\u00f3n","Jorge Eliecer Galeano Ortiz","Quind\u00edo"],"articleSection":["Hay Justicia","Seccional Armenia","Seccionales","Seguridad territorial"],"inLanguage":"es-CO"},{"@type":"WebPage","@id":"https:\/\/www.fiscalia.gov.co\/colombia\/seguridad-territorial\/fiscalia-logra-condena-de-40-anos-de-prision-para-hombre-que-asesino-a-su-companera-sentimental-en-quindio\/","url":"https:\/\/www.fiscalia.gov.co\/colombia\/seguridad-territorial\/fiscalia-logra-condena-de-40-anos-de-prision-para-hombre-que-asesino-a-su-companera-sentimental-en-quindio\/","name":"Fiscal\u00eda General de la Naci\u00f3n","isPartOf":{"@id":"https:\/\/www.fiscalia.gov.co\/colombia\/#website"},"datePublished":"2020-11-28T14:49:03+00:00","dateModified":"2020-12-01T17:11:42+00:00","description":"P\u00e1gina oficial de la Fiscal\u00eda General de la Naci\u00f3n \u2013 Colombia. Garantizamos el acceso efectivo a la justicia, la verdad y la reparaci\u00f3n de las v\u00edctimas de los delitos.","breadcrumb":{"@id":"https:\/\/www.fiscalia.gov.co\/colombia\/seguridad-territorial\/fiscalia-logra-condena-de-40-anos-de-prision-para-hombre-que-asesino-a-su-companera-sentimental-en-quindio\/#breadcrumb"},"inLanguage":"es-CO","potentialAction":[{"@type":"ReadAction","target":["https:\/\/www.fiscalia.gov.co\/colombia\/seguridad-territorial\/fiscalia-logra-condena-de-40-anos-de-prision-para-hombre-que-asesino-a-su-companera-sentimental-en-quindio\/"]}]},{"@type":"BreadcrumbList","@id":"https:\/\/www.fiscalia.gov.co\/colombia\/seguridad-territorial\/fiscalia-logra-condena-de-40-anos-de-prision-para-hombre-que-asesino-a-su-companera-sentimental-en-quindio\/#breadcrumb","itemListElement":[{"@type":"ListItem","position":1,"name":"Home","item":"https:\/\/www.fiscalia.gov.co\/colombia\/"},{"@type":"ListItem","position":2,"name":"Fiscal\u00eda logra condena de 40 a\u00f1os de prisi\u00f3n para hombre que asesin\u00f3 a su compa\u00f1era sentimental en Quind\u00edo"}]},{"@type":"WebSite","@id":"https:\/\/www.fiscalia.gov.co\/colombia\/#website","url":"https:\/\/www.fiscalia.gov.co\/colombia\/","name":"Fiscal\u00eda General de la Naci\u00f3n","description":"P\u00e1gina oficial de la Fiscal\u00eda General de la Naci\u00f3n \u2013 Colombia. Garantizamos el acceso efectivo a la justicia, la verdad y la reparaci\u00f3n de las v\u00edctimas de los delitos.","publisher":{"@id":"https:\/\/www.fiscalia.gov.co\/colombia\/#organization"},"potentialAction":[{"@type":"SearchAction","target":{"@type":"EntryPoint","urlTemplate":"https:\/\/www.fiscalia.gov.co\/colombia\/?s={search_term_string}"},"query-input":{"@type":"PropertyValueSpecification","valueRequired":true,"valueName":"search_term_string"}}],"inLanguage":"es-CO"},{"@type":"Organization","@id":"https:\/\/www.fiscalia.gov.co\/colombia\/#organization","name":"Fiscal\u00eda General de la Naci\u00f3n","url":"https:\/\/www.fiscalia.gov.co\/colombia\/","logo":{"@type":"ImageObject","inLanguage":"es-CO","@id":"https:\/\/www.fiscalia.gov.co\/colombia\/#\/schema\/logo\/image\/","url":"https:\/\/www.fiscalia.gov.co\/colombia\/wp-content\/uploads\/LogoHorizontal_1.jpg","contentUrl":"https:\/\/www.fiscalia.gov.co\/colombia\/wp-content\/uploads\/LogoHorizontal_1.jpg","width":300,"height":90,"caption":"Fiscal\u00eda General de la Naci\u00f3n"},"image":{"@id":"https:\/\/www.fiscalia.gov.co\/colombia\/#\/schema\/logo\/image\/"},"sameAs":["https:\/\/www.facebook.com\/FiscaliaCol","https:\/\/x.com\/FiscaliaCol","https:\/\/www.instagram.com\/fiscaliacol","https:\/\/www.linkedin.com\/company\/fiscalia-general-de-la-naci-n\/","https:\/\/youtube.com\/@fiscaliageneraldelanacion-4668?si=6nN79nyQICPU5iTh"]},{"@type":"Person","@id":"https:\/\/www.fiscalia.gov.co\/colombia\/#\/schema\/person\/4a4a0733e811334dce6b952a72445b6c","name":"Paola Atehort\u00faa","image":{"@type":"ImageObject","inLanguage":"es-CO","@id":"https:\/\/www.fiscalia.gov.co\/colombia\/#\/schema\/person\/image\/","url":"https:\/\/secure.gravatar.com\/avatar\/7a5eb408c59cd527eef5fb1eac46e954?s=96&d=mm&r=g","contentUrl":"https:\/\/secure.gravatar.com\/avatar\/7a5eb408c59cd527eef5fb1eac46e954?s=96&d=mm&r=g","caption":"Paola Atehort\u00faa"},"url":"https:\/\/www.fiscalia.gov.co\/colombia\/author\/patehortua\/"}]}},"_links":{"self":[{"href":"https:\/\/www.fiscalia.gov.co\/colombia\/wp-json\/wp\/v2\/posts\/208080","targetHints":{"allow":["GET"]}}],"collection":[{"href":"https:\/\/www.fiscalia.gov.co\/colombia\/wp-json\/wp\/v2\/posts"}],"about":[{"href":"https:\/\/www.fiscalia.gov.co\/colombia\/wp-json\/wp\/v2\/types\/post"}],"author":[{"embeddable":true,"href":"https:\/\/www.fiscalia.gov.co\/colombia\/wp-json\/wp\/v2\/users\/168"}],"replies":[{"embeddable":true,"href":"https:\/\/www.fiscalia.gov.co\/colombia\/wp-json\/wp\/v2\/comments?post=208080"}],"version-history":[{"count":4,"href":"https:\/\/www.fiscalia.gov.co\/colombia\/wp-json\/wp\/v2\/posts\/208080\/revisions"}],"predecessor-version":[{"id":208278,"href":"https:\/\/www.fiscalia.gov.co\/colombia\/wp-json\/wp\/v2\/posts\/208080\/revisions\/208278"}],"wp:attachment":[{"href":"https:\/\/www.fiscalia.gov.co\/colombia\/wp-json\/wp\/v2\/media?parent=208080"}],"wp:term":[{"taxonomy":"category","embeddable":true,"href":"https:\/\/www.fiscalia.gov.co\/colombia\/wp-json\/wp\/v2\/categories?post=208080"},{"taxonomy":"post_tag","embeddable":true,"href":"https:\/\/www.fiscalia.gov.co\/colombia\/wp-json\/wp\/v2\/tags?post=208080"}],"curies":[{"name":"wp","href":"https:\/\/api.w.org\/{rel}","templated":true}]}}