{"id":207921,"date":"2020-11-26T14:00:12","date_gmt":"2020-11-26T19:00:12","guid":{"rendered":"https:\/\/www.fiscalia.gov.co\/colombia\/?p=207921"},"modified":"2020-11-26T14:15:26","modified_gmt":"2020-11-26T19:15:26","slug":"medida-carcelaria-para-profesor-escolar-por-presuntos-delitos-sexuales-contra-cuatro-estudiantes","status":"publish","type":"post","link":"https:\/\/www.fiscalia.gov.co\/colombia\/violencia-sexual-e-intrafamiliar\/medida-carcelaria-para-profesor-escolar-por-presuntos-delitos-sexuales-contra-cuatro-estudiantes\/","title":{"rendered":"Medida carcelaria para profesor escolar por presuntos delitos sexuales contra cuatro estudiantes"},"content":{"rendered":"<p><span lang=\"es\">Por el presunto delito de actos sexuales violentos agravado cometido presuntamente en contra de cuatro alumnas de un colegio de Ibagu\u00e9 (Tolima), la Fiscal\u00eda General de la Naci\u00f3n imput\u00f3 cargos y logr\u00f3 medida de aseguramiento en contra de un profesor de dicha instituci\u00f3n en la ma\u00f1ana de este mi\u00e9rcoles 25 de noviembre de 2020, los cuales no acept\u00f3. \u00a0<\/span><\/p>\n<p><span lang=\"es\">Debido a la gravedad de los hechos enrostrados por un fiscal adscrito al Centro de Atenci\u00f3n Integral a V\u00edctimas de Abuso Sexual (Caivas) de la Seccional Tolima, el juez acogi\u00f3 su petici\u00f3n de enviarlo a centro carcelario como medida de aseguramiento preventiva por haber presuntamente vulnerado la\u00a0<a href=\"https:\/\/www.fiscalia.gov.co\/colombia\/seccionales\/a-la-carcel-profesor-de-musica-que-al-parecer-abuso-sexualmente-de-varias-alumnas\/\" target=\"_blank\" rel=\"noopener noreferrer\" data-auth=\"NotApplicable\">integridad f\u00edsica y sexual<\/a>\u00a0de estudiantes de 14, 15, 17 y 18 a\u00f1os de edad.\u00a0<\/span><\/p>\n<p><span lang=\"es\">El hombre de 49 a\u00f1os, seg\u00fan los resultados investigativos, tuvieron lugar en octubre y noviembre de 2019, cuando el indiciado se desempe\u00f1aba como docente de dos asignaturas, y aprovechando al parecer, dicha posici\u00f3n, realiz\u00f3 tocamientos indebidos y someter\u00eda a tres de sus alumnas a situaciones de \u00edndole sexual.\u00a0<\/span><\/p>\n<p><span lang=\"es\">Posteriormente se logr\u00f3 ubicar a otra v\u00edctima de hechos ocurridos en el a\u00f1o 2009 en unas piscinas ubicadas en un barrio de la ciudad que le son prestadas a las instituciones educativas, y este ser\u00eda el escenario para violentar la integridad sexual de otra joven.\u00a0<\/span><\/p>\n<p><span lang=\"es\">Estos resultados hacen parte de la pol\u00edtica institucional del Fiscal General de la Naci\u00f3n, Francisco Barbosa Delgado, \u201cEn la calle y en los territorios\u201d en la lucha contra violencia sexual y todos los delitos que afectan ni\u00f1os, ni\u00f1as y adolescentes.\u00a0<\/span><\/p>\n<p><span lang=\"es\">La Fiscal\u00eda hace p\u00fablica esta informaci\u00f3n por razones de inter\u00e9s general. \u00a0<\/span><\/p>\n<p><b><span lang=\"es-CO\">PAAM\/MAGA\/JGSG<\/span><\/b><\/p>\n\n<div class=\"twitter-share\"><a href=\"https:\/\/twitter.com\/intent\/tweet?via=fiscaliacol\" class=\"twitter-share-button\">Tweet<\/a><\/div>\n","protected":false},"excerpt":{"rendered":"<p>Por el presunto delito de actos sexuales violentos agravado cometido presuntamente en contra de cuatro alumnas de un colegio de Ibagu\u00e9 (Tolima), la Fiscal\u00eda General de la Naci\u00f3n imput\u00f3 cargos y logr\u00f3 medida de aseguramiento en contra de un profesor de dicha instituci\u00f3n en la ma\u00f1ana de este mi\u00e9rcoles 25 de noviembre de 2020, los [&hellip;]<\/p>\n","protected":false},"author":171,"featured_media":0,"comment_status":"closed","ping_status":"open","sticky":false,"template":"","format":"standard","meta":{"_price":"","_stock":"","_tribe_ticket_header":"","_tribe_default_ticket_provider":"","_tribe_ticket_capacity":"0","_ticket_start_date":"","_ticket_end_date":"","_tribe_ticket_show_description":"","_tribe_ticket_show_not_going":false,"_tribe_ticket_use_global_stock":"","_tribe_ticket_global_stock_level":"","_global_stock_mode":"","_global_stock_cap":"","_tribe_rsvp_for_event":"","_tribe_ticket_going_count":"","_tribe_ticket_not_going_count":"","_tribe_tickets_list":"[]","_tribe_ticket_has_attendee_info_fields":false,"tdm_status":"","tdm_grid_status":"","footnotes":""},"categories":[329,24127],"tags":[24401,1047,2299],"class_list":{"0":"post-207921","1":"post","2":"type-post","3":"status-publish","4":"format-standard","6":"category-seccional-ibague","7":"category-violencia-sexual-e-intrafamiliar","8":"tag-fiscal-barbosa-delgado","9":"tag-fiscalia-general-de-la-nacion","10":"tag-violencia-sexual"},"yoast_head":"<!-- This site is optimized with the Yoast SEO plugin v24.3 - https:\/\/yoast.com\/wordpress\/plugins\/seo\/ -->\n<title>Fiscal\u00eda General de la Naci\u00f3n<\/title>\n<meta name=\"description\" content=\"P\u00e1gina oficial de la Fiscal\u00eda General de la Naci\u00f3n \u2013 Colombia. Garantizamos el acceso efectivo a la justicia, la verdad y la reparaci\u00f3n de las v\u00edctimas de los delitos.\" \/>\n<meta name=\"robots\" content=\"noindex, follow\" \/>\n<meta property=\"og:locale\" content=\"es_ES\" \/>\n<meta property=\"og:type\" content=\"article\" \/>\n<meta property=\"og:title\" content=\"Fiscal\u00eda General de la Naci\u00f3n\" \/>\n<meta property=\"og:description\" content=\"P\u00e1gina oficial de la Fiscal\u00eda General de la Naci\u00f3n \u2013 Colombia. Garantizamos el acceso efectivo a la justicia, la verdad y la reparaci\u00f3n de las v\u00edctimas de los delitos.\" \/>\n<meta property=\"og:url\" content=\"https:\/\/www.fiscalia.gov.co\/colombia\/violencia-sexual-e-intrafamiliar\/medida-carcelaria-para-profesor-escolar-por-presuntos-delitos-sexuales-contra-cuatro-estudiantes\/\" \/>\n<meta property=\"og:site_name\" content=\"Fiscal\u00eda General de la Naci\u00f3n\" \/>\n<meta property=\"article:publisher\" content=\"https:\/\/www.facebook.com\/FiscaliaCol\" \/>\n<meta property=\"article:published_time\" content=\"2020-11-26T19:00:12+00:00\" \/>\n<meta property=\"article:modified_time\" content=\"2020-11-26T19:15:26+00:00\" \/>\n<meta name=\"author\" content=\"Ana Mar\u00eda Gomez\" \/>\n<meta name=\"twitter:card\" content=\"summary_large_image\" \/>\n<meta name=\"twitter:creator\" content=\"@FiscaliaCol\" \/>\n<meta name=\"twitter:site\" content=\"@FiscaliaCol\" \/>\n<meta name=\"twitter:label1\" content=\"Escrito por\" \/>\n\t<meta name=\"twitter:data1\" content=\"Ana Mar\u00eda Gomez\" \/>\n\t<meta name=\"twitter:label2\" content=\"Tiempo de lectura\" \/>\n\t<meta name=\"twitter:data2\" content=\"1 minuto\" \/>\n<script type=\"application\/ld+json\" class=\"yoast-schema-graph\">{\"@context\":\"https:\/\/schema.org\",\"@graph\":[{\"@type\":\"Article\",\"@id\":\"https:\/\/www.fiscalia.gov.co\/colombia\/violencia-sexual-e-intrafamiliar\/medida-carcelaria-para-profesor-escolar-por-presuntos-delitos-sexuales-contra-cuatro-estudiantes\/#article\",\"isPartOf\":{\"@id\":\"https:\/\/www.fiscalia.gov.co\/colombia\/violencia-sexual-e-intrafamiliar\/medida-carcelaria-para-profesor-escolar-por-presuntos-delitos-sexuales-contra-cuatro-estudiantes\/\"},\"author\":{\"name\":\"Ana Mar\u00eda Gomez\",\"@id\":\"https:\/\/www.fiscalia.gov.co\/colombia\/#\/schema\/person\/06aa2210fe4d79203f428ff671dee360\"},\"headline\":\"Medida carcelaria para profesor escolar por presuntos delitos sexuales contra cuatro estudiantes\",\"datePublished\":\"2020-11-26T19:00:12+00:00\",\"dateModified\":\"2020-11-26T19:15:26+00:00\",\"mainEntityOfPage\":{\"@id\":\"https:\/\/www.fiscalia.gov.co\/colombia\/violencia-sexual-e-intrafamiliar\/medida-carcelaria-para-profesor-escolar-por-presuntos-delitos-sexuales-contra-cuatro-estudiantes\/\"},\"wordCount\":296,\"publisher\":{\"@id\":\"https:\/\/www.fiscalia.gov.co\/colombia\/#organization\"},\"keywords\":[\"Fiscal Barbosa Delgado\",\"Fiscal\u00eda General de la Naci\u00f3n\",\"Violencia sexual\"],\"articleSection\":[\"Seccional Ibagu\u00e9\",\"Violencia sexual e intrafamiliar\"],\"inLanguage\":\"es-CO\"},{\"@type\":\"WebPage\",\"@id\":\"https:\/\/www.fiscalia.gov.co\/colombia\/violencia-sexual-e-intrafamiliar\/medida-carcelaria-para-profesor-escolar-por-presuntos-delitos-sexuales-contra-cuatro-estudiantes\/\",\"url\":\"https:\/\/www.fiscalia.gov.co\/colombia\/violencia-sexual-e-intrafamiliar\/medida-carcelaria-para-profesor-escolar-por-presuntos-delitos-sexuales-contra-cuatro-estudiantes\/\",\"name\":\"Fiscal\u00eda General de la Naci\u00f3n\",\"isPartOf\":{\"@id\":\"https:\/\/www.fiscalia.gov.co\/colombia\/#website\"},\"datePublished\":\"2020-11-26T19:00:12+00:00\",\"dateModified\":\"2020-11-26T19:15:26+00:00\",\"description\":\"P\u00e1gina oficial de la Fiscal\u00eda General de la Naci\u00f3n \u2013 Colombia. Garantizamos el acceso efectivo a la justicia, la verdad y la reparaci\u00f3n de las v\u00edctimas de los delitos.\",\"breadcrumb\":{\"@id\":\"https:\/\/www.fiscalia.gov.co\/colombia\/violencia-sexual-e-intrafamiliar\/medida-carcelaria-para-profesor-escolar-por-presuntos-delitos-sexuales-contra-cuatro-estudiantes\/#breadcrumb\"},\"inLanguage\":\"es-CO\",\"potentialAction\":[{\"@type\":\"ReadAction\",\"target\":[\"https:\/\/www.fiscalia.gov.co\/colombia\/violencia-sexual-e-intrafamiliar\/medida-carcelaria-para-profesor-escolar-por-presuntos-delitos-sexuales-contra-cuatro-estudiantes\/\"]}]},{\"@type\":\"BreadcrumbList\",\"@id\":\"https:\/\/www.fiscalia.gov.co\/colombia\/violencia-sexual-e-intrafamiliar\/medida-carcelaria-para-profesor-escolar-por-presuntos-delitos-sexuales-contra-cuatro-estudiantes\/#breadcrumb\",\"itemListElement\":[{\"@type\":\"ListItem\",\"position\":1,\"name\":\"Home\",\"item\":\"https:\/\/www.fiscalia.gov.co\/colombia\/\"},{\"@type\":\"ListItem\",\"position\":2,\"name\":\"Medida carcelaria para profesor escolar por presuntos delitos sexuales contra cuatro estudiantes\"}]},{\"@type\":\"WebSite\",\"@id\":\"https:\/\/www.fiscalia.gov.co\/colombia\/#website\",\"url\":\"https:\/\/www.fiscalia.gov.co\/colombia\/\",\"name\":\"Fiscal\u00eda General de la Naci\u00f3n\",\"description\":\"P\u00e1gina oficial de la Fiscal\u00eda General de la Naci\u00f3n \u2013 Colombia. Garantizamos el acceso efectivo a la justicia, la verdad y la reparaci\u00f3n de las v\u00edctimas de los delitos.\",\"publisher\":{\"@id\":\"https:\/\/www.fiscalia.gov.co\/colombia\/#organization\"},\"potentialAction\":[{\"@type\":\"SearchAction\",\"target\":{\"@type\":\"EntryPoint\",\"urlTemplate\":\"https:\/\/www.fiscalia.gov.co\/colombia\/?s={search_term_string}\"},\"query-input\":{\"@type\":\"PropertyValueSpecification\",\"valueRequired\":true,\"valueName\":\"search_term_string\"}}],\"inLanguage\":\"es-CO\"},{\"@type\":\"Organization\",\"@id\":\"https:\/\/www.fiscalia.gov.co\/colombia\/#organization\",\"name\":\"Fiscal\u00eda General de la Naci\u00f3n\",\"url\":\"https:\/\/www.fiscalia.gov.co\/colombia\/\",\"logo\":{\"@type\":\"ImageObject\",\"inLanguage\":\"es-CO\",\"@id\":\"https:\/\/www.fiscalia.gov.co\/colombia\/#\/schema\/logo\/image\/\",\"url\":\"https:\/\/www.fiscalia.gov.co\/colombia\/wp-content\/uploads\/LogoHorizontal_1.jpg\",\"contentUrl\":\"https:\/\/www.fiscalia.gov.co\/colombia\/wp-content\/uploads\/LogoHorizontal_1.jpg\",\"width\":300,\"height\":90,\"caption\":\"Fiscal\u00eda General de la Naci\u00f3n\"},\"image\":{\"@id\":\"https:\/\/www.fiscalia.gov.co\/colombia\/#\/schema\/logo\/image\/\"},\"sameAs\":[\"https:\/\/www.facebook.com\/FiscaliaCol\",\"https:\/\/x.com\/FiscaliaCol\",\"https:\/\/www.instagram.com\/fiscaliacol\",\"https:\/\/www.linkedin.com\/company\/fiscalia-general-de-la-naci-n\/\",\"https:\/\/youtube.com\/@fiscaliageneraldelanacion-4668?si=6nN79nyQICPU5iTh\"]},{\"@type\":\"Person\",\"@id\":\"https:\/\/www.fiscalia.gov.co\/colombia\/#\/schema\/person\/06aa2210fe4d79203f428ff671dee360\",\"name\":\"Ana Mar\u00eda Gomez\",\"image\":{\"@type\":\"ImageObject\",\"inLanguage\":\"es-CO\",\"@id\":\"https:\/\/www.fiscalia.gov.co\/colombia\/#\/schema\/person\/image\/\",\"url\":\"https:\/\/secure.gravatar.com\/avatar\/a38115d98a7f8a96cbb96af2b2c37a0b?s=96&d=mm&r=g\",\"contentUrl\":\"https:\/\/secure.gravatar.com\/avatar\/a38115d98a7f8a96cbb96af2b2c37a0b?s=96&d=mm&r=g\",\"caption\":\"Ana Mar\u00eda Gomez\"},\"url\":\"https:\/\/www.fiscalia.gov.co\/colombia\/author\/agomez\/\"}]}<\/script>\n<!-- \/ Yoast SEO plugin. -->","yoast_head_json":{"title":"Fiscal\u00eda General de la Naci\u00f3n","description":"P\u00e1gina oficial de la Fiscal\u00eda General de la Naci\u00f3n \u2013 Colombia. Garantizamos el acceso efectivo a la justicia, la verdad y la reparaci\u00f3n de las v\u00edctimas de los delitos.","robots":{"index":"noindex","follow":"follow"},"og_locale":"es_ES","og_type":"article","og_title":"Fiscal\u00eda General de la Naci\u00f3n","og_description":"P\u00e1gina oficial de la Fiscal\u00eda General de la Naci\u00f3n \u2013 Colombia. Garantizamos el acceso efectivo a la justicia, la verdad y la reparaci\u00f3n de las v\u00edctimas de los delitos.","og_url":"https:\/\/www.fiscalia.gov.co\/colombia\/violencia-sexual-e-intrafamiliar\/medida-carcelaria-para-profesor-escolar-por-presuntos-delitos-sexuales-contra-cuatro-estudiantes\/","og_site_name":"Fiscal\u00eda General de la Naci\u00f3n","article_publisher":"https:\/\/www.facebook.com\/FiscaliaCol","article_published_time":"2020-11-26T19:00:12+00:00","article_modified_time":"2020-11-26T19:15:26+00:00","author":"Ana Mar\u00eda Gomez","twitter_card":"summary_large_image","twitter_creator":"@FiscaliaCol","twitter_site":"@FiscaliaCol","twitter_misc":{"Escrito por":"Ana Mar\u00eda Gomez","Tiempo de lectura":"1 minuto"},"schema":{"@context":"https:\/\/schema.org","@graph":[{"@type":"Article","@id":"https:\/\/www.fiscalia.gov.co\/colombia\/violencia-sexual-e-intrafamiliar\/medida-carcelaria-para-profesor-escolar-por-presuntos-delitos-sexuales-contra-cuatro-estudiantes\/#article","isPartOf":{"@id":"https:\/\/www.fiscalia.gov.co\/colombia\/violencia-sexual-e-intrafamiliar\/medida-carcelaria-para-profesor-escolar-por-presuntos-delitos-sexuales-contra-cuatro-estudiantes\/"},"author":{"name":"Ana Mar\u00eda Gomez","@id":"https:\/\/www.fiscalia.gov.co\/colombia\/#\/schema\/person\/06aa2210fe4d79203f428ff671dee360"},"headline":"Medida carcelaria para profesor escolar por presuntos delitos sexuales contra cuatro estudiantes","datePublished":"2020-11-26T19:00:12+00:00","dateModified":"2020-11-26T19:15:26+00:00","mainEntityOfPage":{"@id":"https:\/\/www.fiscalia.gov.co\/colombia\/violencia-sexual-e-intrafamiliar\/medida-carcelaria-para-profesor-escolar-por-presuntos-delitos-sexuales-contra-cuatro-estudiantes\/"},"wordCount":296,"publisher":{"@id":"https:\/\/www.fiscalia.gov.co\/colombia\/#organization"},"keywords":["Fiscal Barbosa Delgado","Fiscal\u00eda General de la Naci\u00f3n","Violencia sexual"],"articleSection":["Seccional Ibagu\u00e9","Violencia sexual e intrafamiliar"],"inLanguage":"es-CO"},{"@type":"WebPage","@id":"https:\/\/www.fiscalia.gov.co\/colombia\/violencia-sexual-e-intrafamiliar\/medida-carcelaria-para-profesor-escolar-por-presuntos-delitos-sexuales-contra-cuatro-estudiantes\/","url":"https:\/\/www.fiscalia.gov.co\/colombia\/violencia-sexual-e-intrafamiliar\/medida-carcelaria-para-profesor-escolar-por-presuntos-delitos-sexuales-contra-cuatro-estudiantes\/","name":"Fiscal\u00eda General de la Naci\u00f3n","isPartOf":{"@id":"https:\/\/www.fiscalia.gov.co\/colombia\/#website"},"datePublished":"2020-11-26T19:00:12+00:00","dateModified":"2020-11-26T19:15:26+00:00","description":"P\u00e1gina oficial de la Fiscal\u00eda General de la Naci\u00f3n \u2013 Colombia. Garantizamos el acceso efectivo a la justicia, la verdad y la reparaci\u00f3n de las v\u00edctimas de los delitos.","breadcrumb":{"@id":"https:\/\/www.fiscalia.gov.co\/colombia\/violencia-sexual-e-intrafamiliar\/medida-carcelaria-para-profesor-escolar-por-presuntos-delitos-sexuales-contra-cuatro-estudiantes\/#breadcrumb"},"inLanguage":"es-CO","potentialAction":[{"@type":"ReadAction","target":["https:\/\/www.fiscalia.gov.co\/colombia\/violencia-sexual-e-intrafamiliar\/medida-carcelaria-para-profesor-escolar-por-presuntos-delitos-sexuales-contra-cuatro-estudiantes\/"]}]},{"@type":"BreadcrumbList","@id":"https:\/\/www.fiscalia.gov.co\/colombia\/violencia-sexual-e-intrafamiliar\/medida-carcelaria-para-profesor-escolar-por-presuntos-delitos-sexuales-contra-cuatro-estudiantes\/#breadcrumb","itemListElement":[{"@type":"ListItem","position":1,"name":"Home","item":"https:\/\/www.fiscalia.gov.co\/colombia\/"},{"@type":"ListItem","position":2,"name":"Medida carcelaria para profesor escolar por presuntos delitos sexuales contra cuatro estudiantes"}]},{"@type":"WebSite","@id":"https:\/\/www.fiscalia.gov.co\/colombia\/#website","url":"https:\/\/www.fiscalia.gov.co\/colombia\/","name":"Fiscal\u00eda General de la Naci\u00f3n","description":"P\u00e1gina oficial de la Fiscal\u00eda General de la Naci\u00f3n \u2013 Colombia. Garantizamos el acceso efectivo a la justicia, la verdad y la reparaci\u00f3n de las v\u00edctimas de los delitos.","publisher":{"@id":"https:\/\/www.fiscalia.gov.co\/colombia\/#organization"},"potentialAction":[{"@type":"SearchAction","target":{"@type":"EntryPoint","urlTemplate":"https:\/\/www.fiscalia.gov.co\/colombia\/?s={search_term_string}"},"query-input":{"@type":"PropertyValueSpecification","valueRequired":true,"valueName":"search_term_string"}}],"inLanguage":"es-CO"},{"@type":"Organization","@id":"https:\/\/www.fiscalia.gov.co\/colombia\/#organization","name":"Fiscal\u00eda General de la Naci\u00f3n","url":"https:\/\/www.fiscalia.gov.co\/colombia\/","logo":{"@type":"ImageObject","inLanguage":"es-CO","@id":"https:\/\/www.fiscalia.gov.co\/colombia\/#\/schema\/logo\/image\/","url":"https:\/\/www.fiscalia.gov.co\/colombia\/wp-content\/uploads\/LogoHorizontal_1.jpg","contentUrl":"https:\/\/www.fiscalia.gov.co\/colombia\/wp-content\/uploads\/LogoHorizontal_1.jpg","width":300,"height":90,"caption":"Fiscal\u00eda General de la Naci\u00f3n"},"image":{"@id":"https:\/\/www.fiscalia.gov.co\/colombia\/#\/schema\/logo\/image\/"},"sameAs":["https:\/\/www.facebook.com\/FiscaliaCol","https:\/\/x.com\/FiscaliaCol","https:\/\/www.instagram.com\/fiscaliacol","https:\/\/www.linkedin.com\/company\/fiscalia-general-de-la-naci-n\/","https:\/\/youtube.com\/@fiscaliageneraldelanacion-4668?si=6nN79nyQICPU5iTh"]},{"@type":"Person","@id":"https:\/\/www.fiscalia.gov.co\/colombia\/#\/schema\/person\/06aa2210fe4d79203f428ff671dee360","name":"Ana Mar\u00eda Gomez","image":{"@type":"ImageObject","inLanguage":"es-CO","@id":"https:\/\/www.fiscalia.gov.co\/colombia\/#\/schema\/person\/image\/","url":"https:\/\/secure.gravatar.com\/avatar\/a38115d98a7f8a96cbb96af2b2c37a0b?s=96&d=mm&r=g","contentUrl":"https:\/\/secure.gravatar.com\/avatar\/a38115d98a7f8a96cbb96af2b2c37a0b?s=96&d=mm&r=g","caption":"Ana Mar\u00eda Gomez"},"url":"https:\/\/www.fiscalia.gov.co\/colombia\/author\/agomez\/"}]}},"_links":{"self":[{"href":"https:\/\/www.fiscalia.gov.co\/colombia\/wp-json\/wp\/v2\/posts\/207921","targetHints":{"allow":["GET"]}}],"collection":[{"href":"https:\/\/www.fiscalia.gov.co\/colombia\/wp-json\/wp\/v2\/posts"}],"about":[{"href":"https:\/\/www.fiscalia.gov.co\/colombia\/wp-json\/wp\/v2\/types\/post"}],"author":[{"embeddable":true,"href":"https:\/\/www.fiscalia.gov.co\/colombia\/wp-json\/wp\/v2\/users\/171"}],"replies":[{"embeddable":true,"href":"https:\/\/www.fiscalia.gov.co\/colombia\/wp-json\/wp\/v2\/comments?post=207921"}],"version-history":[{"count":2,"href":"https:\/\/www.fiscalia.gov.co\/colombia\/wp-json\/wp\/v2\/posts\/207921\/revisions"}],"predecessor-version":[{"id":207930,"href":"https:\/\/www.fiscalia.gov.co\/colombia\/wp-json\/wp\/v2\/posts\/207921\/revisions\/207930"}],"wp:attachment":[{"href":"https:\/\/www.fiscalia.gov.co\/colombia\/wp-json\/wp\/v2\/media?parent=207921"}],"wp:term":[{"taxonomy":"category","embeddable":true,"href":"https:\/\/www.fiscalia.gov.co\/colombia\/wp-json\/wp\/v2\/categories?post=207921"},{"taxonomy":"post_tag","embeddable":true,"href":"https:\/\/www.fiscalia.gov.co\/colombia\/wp-json\/wp\/v2\/tags?post=207921"}],"curies":[{"name":"wp","href":"https:\/\/api.w.org\/{rel}","templated":true}]}}