{"id":207404,"date":"2020-11-22T12:44:56","date_gmt":"2020-11-22T17:44:56","guid":{"rendered":"https:\/\/www.fiscalia.gov.co\/colombia\/?p=207404"},"modified":"2020-11-25T16:36:04","modified_gmt":"2020-11-25T21:36:04","slug":"carcel-para-alcalde-funcionarios-y-contratistas-de-candelaria-valle-del-cauca-por-presuntas-irregularidades-en-contratacion","status":"publish","type":"post","link":"https:\/\/www.fiscalia.gov.co\/colombia\/seccionales\/carcel-para-alcalde-funcionarios-y-contratistas-de-candelaria-valle-del-cauca-por-presuntas-irregularidades-en-contratacion\/","title":{"rendered":"C\u00e1rcel para alcalde, funcionarios y contratistas de Candelaria (Valle del Cauca) por presuntas irregularidades en contrataci\u00f3n\u00a0"},"content":{"rendered":"<div>\n<p class=\"x_MsoNormal\"><u><span lang=\"ES\">Lucha contra la corrupci\u00f3n\u00a0<\/span><\/u><\/p>\n<h4 class=\"x_MsoNormal\"><strong><i><span lang=\"ES\">El material de prueba da cuenta de que los procesados habr\u00edan consolidado una estructura delictiva para manejar a su antojo la contrataci\u00f3n p\u00fablica del municipio.\u00a0<\/span><\/i><\/strong><\/h4>\n<p class=\"x_MsoNormal\"><span lang=\"ES\">Por solicitud de la Fiscal\u00eda General de la Naci\u00f3n, un juez de control de garant\u00edas impuso medida de aseguramiento en centro carcelario al\u00a0<b>alcalde de Candelaria (Valle del Cauca), Jorge Eli\u00e9cer Ram\u00edrez Mosquera<\/b>; a tres funcionarios de la administraci\u00f3n municipal y a dos contratistas por presuntas inconsistencias en contratos de\u00a0<b>construcci\u00f3n de canchas de f\u00fatbol<\/b>\u00a0y\u00a0<b>mantenimiento de v\u00edas terciarias.\u00a0<\/b><\/span><\/p>\n<figure id=\"attachment_207405\" aria-describedby=\"caption-attachment-207405\" style=\"width: 696px\" class=\"wp-caption alignnone\"><img loading=\"lazy\" decoding=\"async\" class=\"wp-image-207405 size-large\" src=\"https:\/\/www.fiscalia.gov.co\/colombia\/wp-content\/uploads\/audiencia-corrupcio\u0301n-Candelaria-1024x454.jpeg\" alt=\"\" width=\"696\" height=\"309\" srcset=\"https:\/\/www.fiscalia.gov.co\/colombia\/wp-content\/uploads\/audiencia-corrupcio\u0301n-Candelaria-1024x454.jpeg 1024w, https:\/\/www.fiscalia.gov.co\/colombia\/wp-content\/uploads\/audiencia-corrupcio\u0301n-Candelaria-300x133.jpeg 300w, https:\/\/www.fiscalia.gov.co\/colombia\/wp-content\/uploads\/audiencia-corrupcio\u0301n-Candelaria-768x340.jpeg 768w, https:\/\/www.fiscalia.gov.co\/colombia\/wp-content\/uploads\/audiencia-corrupcio\u0301n-Candelaria-696x308.jpeg 696w, https:\/\/www.fiscalia.gov.co\/colombia\/wp-content\/uploads\/audiencia-corrupcio\u0301n-Candelaria-1068x473.jpeg 1068w, https:\/\/www.fiscalia.gov.co\/colombia\/wp-content\/uploads\/audiencia-corrupcio\u0301n-Candelaria-948x420.jpeg 948w, https:\/\/www.fiscalia.gov.co\/colombia\/wp-content\/uploads\/audiencia-corrupcio\u0301n-Candelaria.jpeg 1280w\" sizes=\"auto, (max-width: 696px) 100vw, 696px\" \/><figcaption id=\"caption-attachment-207405\" class=\"wp-caption-text\">Audiencias concentradas contra el alcalde de Candelaria (Valle del Cauca) y cinco personas m\u00e1s por posibles hechos de corrupci\u00f3n en el municipio.<\/figcaption><\/figure>\n<p class=\"x_MsoNormal\"><span lang=\"ES\">Las investigaciones dan cuenta de que los procesados habr\u00edan actuado en detrimento de las finanzas p\u00fablicas y menoscabaron la administraci\u00f3n, la fe y la seguridad p\u00fablica. En ese sentido, un fiscal de la Direcci\u00f3n Especializada contra la Corrupci\u00f3n les imput\u00f3 delitos como:\u00a0<\/span><\/p>\n<ul>\n<li><span lang=\"ES\">Jorge Eli\u00e9cer Ram\u00edrez Mosquera, alcalde de Candelaria:\u00a0<\/span><span lang=\"ES\"><b>Inter\u00e9s indebido en la celebraci\u00f3n de contratos<\/b>, falsedad ideol\u00f3gica en documento p\u00fablico y concierto para delinquir agravado.\u00a0<\/span><\/li>\n<li><span lang=\"ES\">Jhonatan Ortiz Libreros, contratista de la Secretar\u00eda de Infraestructura: Inter\u00e9s indebido en la celebraci\u00f3n de contratos y\u00a0<b>concierto para delinquir agravado.\u00a0<\/b><\/span><\/li>\n<li><span lang=\"ES\">Jos\u00e9 Ulises Asprilla C\u00e1rdenas,\u00a0contratista: Inter\u00e9s indebido en celebraci\u00f3n de contratos, contrato sin el lleno de requisitos legales,<b>\u00a0fraude procesal<\/b>, falsedad ideol\u00f3gica en documento p\u00fablico,\u00a0<b>falsedad ideol\u00f3gica en documento privado<\/b>\u00a0y concierto para delinquir agravado.\u00a0<\/span><\/li>\n<li><span lang=\"ES\">\u00d3scar Dar\u00edo Posso C\u00e9spedes, formulador de proyectos y seguimiento a la contrataci\u00f3n de la Secretar\u00eda de Educaci\u00f3n: Inter\u00e9s indebido en la celebraci\u00f3n de contratos y concierto para delinquir agravado.\u00a0<\/span><\/li>\n<li><span lang=\"ES\">Jimmy Paz Castillo, contratista: Inter\u00e9s indebido en la celebraci\u00f3n de contratos y concierto para delinquir agravado.\u00a0<\/span><\/li>\n<li><span lang=\"ES\">Abraham Reyes Andrade, funcionario de la Oficina de Etnias: Concierto para delinquir agravado. \u00a0<\/span><\/li>\n<\/ul>\n<p class=\"x_MsoNormal\">Los imputados no aceptaron los cargos.<\/p>\n<p class=\"x_MsoNormal\"><b><u><span lang=\"ES\">Investigaci\u00f3n\u00a0<\/span><\/u><\/b><\/p>\n<p class=\"x_Default\"><span lang=\"ES\">Los\u00a0<b>l\u00edderes sociales<\/b>\u00a0de Candelaria (Valle del Cauca), Iv\u00e1n Giraldo F\u00faquene y Jhonatan Borja P\u00e9rez, alertaron en redes sociales, y a instancias de diferentes entidades y \u00f3rganos de control, varias inconsistencias en un contrato que ten\u00eda por objeto la construcci\u00f3n de tres canchas de f\u00fatbol, una de ellas en el\u00a0<b>corregimiento Buchitolo<\/b>. Esta obra no se pudo entregar porque la alcald\u00eda no hizo estudios ni dise\u00f1os que permitieran ejecutar la obra; adem\u00e1s, el terreno no era adecuado para la instalaci\u00f3n de grama, nunca se instalaron grader\u00edas y no hab\u00eda sistema de alcantarillado que permitiera la adecuaci\u00f3n de bater\u00edas de ba\u00f1os, como lo establec\u00eda el contrato. \u00a0<\/span><\/p>\n<p class=\"x_Default\"><span lang=\"ES\">Los se\u00f1ores Giraldo F\u00faquene y Borja P\u00e9rez fueron asesinados el 30 de enero del a\u00f1o en curso, luego de interponer formalmente denuncias por los hechos de corrupci\u00f3n que pusieron en conocimiento.\u00a0<\/span><\/p>\n<p class=\"x_Default\"><span lang=\"ES\">Bajo el lineamiento del Fiscal General de la Naci\u00f3n, Francisco Barbosa Delgado y su Direccionamiento Estrat\u00e9gico, se dispuso la articulaci\u00f3n del Grupo Especial Itinerante, la Direcci\u00f3n Especializada contra la Corrupci\u00f3n y el CTI, con la finalidad de compartir informaci\u00f3n para esclarecer los hechos y determinar los presuntos responsables. Durante el proceso tambi\u00e9n se tuvo un trabajo coordinado con el \u00e1rea investigativa anticorrupci\u00f3n de la Dij\u00edn.\u00a0<\/span><\/p>\n<p class=\"x_Default\"><span lang=\"ES\">Lo anterior permiti\u00f3 establecer que el alcalde municipal, algunos de sus funcionarios y contratistas, al parecer, no culminaron el contrato de la construcci\u00f3n de tres canchas de f\u00fatbol, cuyo valor ascendi\u00f3 a 229 millones de pesos. Al no tenerse los estudios, acreditarse la falta de planeaci\u00f3n y no cumplir con los requerimientos t\u00e9cnicos, se prorrog\u00f3 el contrato cuando el plazo ya estaba vencido, y presuntamente los recursos dispuestos para ejecutar el mismo fueron invertidos en otras actividades. Finalmente, las canchas no se construyeron en su totalidad\u00a0<\/span><span lang=\"ES\">y fueron\u00a0<\/span><span lang=\"ES\">recibidas a satisfacci\u00f3n, mediante documento, el pasado 12 de junio. \u00a0<\/span><\/p>\n<p class=\"x_Default\"><span lang=\"ES\">Posteriormente, los involucrados con la finalidad apalancar financieramente el contrato anterior, suscribieron otro de mantenimiento de v\u00edas terciarias y habr\u00edan destinado los recursos para intentar terminar los escenarios deportivos. La investigaci\u00f3n da cuenta que este contrato qued\u00f3 en manos de\u00a0<\/span><span lang=\"ES\">Jos\u00e9 Ulises Asprilla C\u00e1rdenas, previo a acuerdo con todos los investigados<\/span><span lang=\"ES\">. \u00a0<\/span><\/p>\n<p class=\"x_Default\">Aunado a lo anterior, la investigaci\u00f3n permiti\u00f3 establecer que esta estructura pretend\u00eda en los meses posteriores direccionar la contrataci\u00f3n por m\u00e1s de mil millones de pesos que les permitiera quedarse con los recursos de la Alcald\u00eda. Con esta acci\u00f3n de la Fiscal\u00eda se logr\u00f3 evitar nuevos actos de corrupci\u00f3n.<\/p>\n<p class=\"x_Default\"><span lang=\"ES\">Por su parte el Grupo Especial Itinerante dispuso de procesos investigativos para esclarecer el crimen de los dos l\u00edderes que denunciaron las irregularidades de contrataci\u00f3n en el municipio de Candelaria (Valle del Cauca) logrando la captura del presunto responsable, quien fue identificado como alias Tatauro.\u00a0<\/span><\/p>\n<p class=\"x_MsoNormal\"><span lang=\"ES\">La Fiscal\u00eda General de la Naci\u00f3n publica la presente informaci\u00f3n por considerarla de inter\u00e9s general.\u00a0<\/span><\/p>\n<p class=\"x_MsoNormal\"><span lang=\"ES\">LAGP\/JARG\/EACM\u00a0<\/span><\/p>\n<p class=\"x_MsoNormal\"><span lang=\"ES\">Tambi\u00e9n puede leer:\u00a0<\/span><a href=\"https:\/\/www.fiscalia.gov.co\/colombia\/defensores\/jornada-judicial-contra-organizaciones-criminales-responsables-de-homicidios-y-agresiones-a-defensores-de-derechos-humanos\/\" target=\"_blank\" rel=\"noopener noreferrer\" data-auth=\"NotApplicable\">Jornada judicial contra organizaciones criminales responsables de homicidios y agresiones a defensores de derechos humanos\u00a0<\/a><\/p>\n<\/div>\n\n<div class=\"twitter-share\"><a href=\"https:\/\/twitter.com\/intent\/tweet?via=fiscaliacol\" class=\"twitter-share-button\">Tweet<\/a><\/div>\n","protected":false},"excerpt":{"rendered":"<p>Lucha contra la corrupci\u00f3n\u00a0 El material de prueba da cuenta de que los procesados habr\u00edan consolidado una estructura delictiva para manejar a su antojo la contrataci\u00f3n p\u00fablica del municipio.\u00a0 Por solicitud de la Fiscal\u00eda General de la Naci\u00f3n, un juez de control de garant\u00edas impuso medida de aseguramiento en centro carcelario al\u00a0alcalde de Candelaria (Valle [&hellip;]<\/p>\n","protected":false},"author":169,"featured_media":0,"comment_status":"closed","ping_status":"open","sticky":false,"template":"","format":"standard","meta":{"_price":"","_stock":"","_tribe_ticket_header":"","_tribe_default_ticket_provider":"","_tribe_ticket_capacity":"0","_ticket_start_date":"","_ticket_end_date":"","_tribe_ticket_show_description":"","_tribe_ticket_show_not_going":false,"_tribe_ticket_use_global_stock":"","_tribe_ticket_global_stock_level":"","_global_stock_mode":"","_global_stock_cap":"","_tribe_rsvp_for_event":"","_tribe_ticket_going_count":"","_tribe_ticket_not_going_count":"","_tribe_tickets_list":"[]","_tribe_ticket_has_attendee_info_fields":false,"tdm_status":"","tdm_grid_status":"","footnotes":""},"categories":[24107,324,303],"tags":[24706,427,24705,24707,24305,24187,1047,383,21778],"class_list":{"0":"post-207404","1":"post","2":"type-post","3":"status-publish","4":"format-standard","6":"category-lucha-contra-corrupcion","7":"category-seccional-cali","8":"category-seccionales","9":"tag-alcalde-municipal-candelaria","10":"tag-corrupcion","11":"tag-corrupcion-en-candelaria","12":"tag-denuncias-corrupcion","13":"tag-fiscal-general-francisco-barbosa","14":"tag-fiscalia-colombia","15":"tag-fiscalia-general-de-la-nacion","16":"tag-irregularidades-en-contratos","17":"tag-lideres-sociales"},"yoast_head":"<!-- This site is optimized with the Yoast SEO plugin v24.3 - https:\/\/yoast.com\/wordpress\/plugins\/seo\/ -->\n<title>Fiscal\u00eda General de la Naci\u00f3n<\/title>\n<meta name=\"description\" content=\"P\u00e1gina oficial de la Fiscal\u00eda General de la Naci\u00f3n \u2013 Colombia. Garantizamos el acceso efectivo a la justicia, la verdad y la reparaci\u00f3n de las v\u00edctimas de los delitos.\" \/>\n<meta name=\"robots\" content=\"noindex, follow\" \/>\n<meta property=\"og:locale\" content=\"es_ES\" \/>\n<meta property=\"og:type\" content=\"article\" \/>\n<meta property=\"og:title\" content=\"Fiscal\u00eda General de la Naci\u00f3n\" \/>\n<meta property=\"og:description\" content=\"P\u00e1gina oficial de la Fiscal\u00eda General de la Naci\u00f3n \u2013 Colombia. Garantizamos el acceso efectivo a la justicia, la verdad y la reparaci\u00f3n de las v\u00edctimas de los delitos.\" \/>\n<meta property=\"og:url\" content=\"https:\/\/www.fiscalia.gov.co\/colombia\/seccionales\/carcel-para-alcalde-funcionarios-y-contratistas-de-candelaria-valle-del-cauca-por-presuntas-irregularidades-en-contratacion\/\" \/>\n<meta property=\"og:site_name\" content=\"Fiscal\u00eda General de la Naci\u00f3n\" \/>\n<meta property=\"article:publisher\" content=\"https:\/\/www.facebook.com\/FiscaliaCol\" \/>\n<meta property=\"article:published_time\" content=\"2020-11-22T17:44:56+00:00\" \/>\n<meta property=\"article:modified_time\" content=\"2020-11-25T21:36:04+00:00\" \/>\n<meta name=\"author\" content=\"Carolina Rivera\" \/>\n<meta name=\"twitter:card\" content=\"summary_large_image\" \/>\n<meta name=\"twitter:creator\" content=\"@FiscaliaCol\" \/>\n<meta name=\"twitter:site\" content=\"@FiscaliaCol\" \/>\n<meta name=\"twitter:label1\" content=\"Escrito por\" \/>\n\t<meta name=\"twitter:data1\" content=\"Carolina Rivera\" \/>\n\t<meta name=\"twitter:label2\" content=\"Tiempo de lectura\" \/>\n\t<meta name=\"twitter:data2\" content=\"4 minutos\" \/>\n<script type=\"application\/ld+json\" class=\"yoast-schema-graph\">{\"@context\":\"https:\/\/schema.org\",\"@graph\":[{\"@type\":\"Article\",\"@id\":\"https:\/\/www.fiscalia.gov.co\/colombia\/seccionales\/carcel-para-alcalde-funcionarios-y-contratistas-de-candelaria-valle-del-cauca-por-presuntas-irregularidades-en-contratacion\/#article\",\"isPartOf\":{\"@id\":\"https:\/\/www.fiscalia.gov.co\/colombia\/seccionales\/carcel-para-alcalde-funcionarios-y-contratistas-de-candelaria-valle-del-cauca-por-presuntas-irregularidades-en-contratacion\/\"},\"author\":{\"name\":\"Carolina Rivera\",\"@id\":\"https:\/\/www.fiscalia.gov.co\/colombia\/#\/schema\/person\/ed1786c6f60705e137e0d2dde5ceadef\"},\"headline\":\"C\u00e1rcel para alcalde, funcionarios y contratistas de Candelaria (Valle del Cauca) por presuntas irregularidades en contrataci\u00f3n\u00a0\",\"datePublished\":\"2020-11-22T17:44:56+00:00\",\"dateModified\":\"2020-11-25T21:36:04+00:00\",\"mainEntityOfPage\":{\"@id\":\"https:\/\/www.fiscalia.gov.co\/colombia\/seccionales\/carcel-para-alcalde-funcionarios-y-contratistas-de-candelaria-valle-del-cauca-por-presuntas-irregularidades-en-contratacion\/\"},\"wordCount\":901,\"publisher\":{\"@id\":\"https:\/\/www.fiscalia.gov.co\/colombia\/#organization\"},\"keywords\":[\"alcalde municipal Candelaria\",\"Corrupci\u00f3n\",\"corrupci\u00f3n en Candelaria\",\"denuncias corrupci\u00f3n\",\"Fiscal General Francisco Barbosa\",\"Fiscal\u00eda Colombia\",\"Fiscal\u00eda General de la Naci\u00f3n\",\"Irregularidades en contratos\",\"l\u00edderes sociales\"],\"articleSection\":[\"Corrupci\u00f3n\",\"Seccional Cali\",\"Seccionales\"],\"inLanguage\":\"es-CO\"},{\"@type\":\"WebPage\",\"@id\":\"https:\/\/www.fiscalia.gov.co\/colombia\/seccionales\/carcel-para-alcalde-funcionarios-y-contratistas-de-candelaria-valle-del-cauca-por-presuntas-irregularidades-en-contratacion\/\",\"url\":\"https:\/\/www.fiscalia.gov.co\/colombia\/seccionales\/carcel-para-alcalde-funcionarios-y-contratistas-de-candelaria-valle-del-cauca-por-presuntas-irregularidades-en-contratacion\/\",\"name\":\"Fiscal\u00eda General de la Naci\u00f3n\",\"isPartOf\":{\"@id\":\"https:\/\/www.fiscalia.gov.co\/colombia\/#website\"},\"datePublished\":\"2020-11-22T17:44:56+00:00\",\"dateModified\":\"2020-11-25T21:36:04+00:00\",\"description\":\"P\u00e1gina oficial de la Fiscal\u00eda General de la Naci\u00f3n \u2013 Colombia. Garantizamos el acceso efectivo a la justicia, la verdad y la reparaci\u00f3n de las v\u00edctimas de los delitos.\",\"breadcrumb\":{\"@id\":\"https:\/\/www.fiscalia.gov.co\/colombia\/seccionales\/carcel-para-alcalde-funcionarios-y-contratistas-de-candelaria-valle-del-cauca-por-presuntas-irregularidades-en-contratacion\/#breadcrumb\"},\"inLanguage\":\"es-CO\",\"potentialAction\":[{\"@type\":\"ReadAction\",\"target\":[\"https:\/\/www.fiscalia.gov.co\/colombia\/seccionales\/carcel-para-alcalde-funcionarios-y-contratistas-de-candelaria-valle-del-cauca-por-presuntas-irregularidades-en-contratacion\/\"]}]},{\"@type\":\"BreadcrumbList\",\"@id\":\"https:\/\/www.fiscalia.gov.co\/colombia\/seccionales\/carcel-para-alcalde-funcionarios-y-contratistas-de-candelaria-valle-del-cauca-por-presuntas-irregularidades-en-contratacion\/#breadcrumb\",\"itemListElement\":[{\"@type\":\"ListItem\",\"position\":1,\"name\":\"Home\",\"item\":\"https:\/\/www.fiscalia.gov.co\/colombia\/\"},{\"@type\":\"ListItem\",\"position\":2,\"name\":\"C\u00e1rcel para alcalde, funcionarios y contratistas de Candelaria (Valle del Cauca) por presuntas irregularidades en contrataci\u00f3n\u00a0\"}]},{\"@type\":\"WebSite\",\"@id\":\"https:\/\/www.fiscalia.gov.co\/colombia\/#website\",\"url\":\"https:\/\/www.fiscalia.gov.co\/colombia\/\",\"name\":\"Fiscal\u00eda General de la Naci\u00f3n\",\"description\":\"P\u00e1gina oficial de la Fiscal\u00eda General de la Naci\u00f3n \u2013 Colombia. Garantizamos el acceso efectivo a la justicia, la verdad y la reparaci\u00f3n de las v\u00edctimas de los delitos.\",\"publisher\":{\"@id\":\"https:\/\/www.fiscalia.gov.co\/colombia\/#organization\"},\"potentialAction\":[{\"@type\":\"SearchAction\",\"target\":{\"@type\":\"EntryPoint\",\"urlTemplate\":\"https:\/\/www.fiscalia.gov.co\/colombia\/?s={search_term_string}\"},\"query-input\":{\"@type\":\"PropertyValueSpecification\",\"valueRequired\":true,\"valueName\":\"search_term_string\"}}],\"inLanguage\":\"es-CO\"},{\"@type\":\"Organization\",\"@id\":\"https:\/\/www.fiscalia.gov.co\/colombia\/#organization\",\"name\":\"Fiscal\u00eda General de la Naci\u00f3n\",\"url\":\"https:\/\/www.fiscalia.gov.co\/colombia\/\",\"logo\":{\"@type\":\"ImageObject\",\"inLanguage\":\"es-CO\",\"@id\":\"https:\/\/www.fiscalia.gov.co\/colombia\/#\/schema\/logo\/image\/\",\"url\":\"https:\/\/www.fiscalia.gov.co\/colombia\/wp-content\/uploads\/LogoHorizontal_1.jpg\",\"contentUrl\":\"https:\/\/www.fiscalia.gov.co\/colombia\/wp-content\/uploads\/LogoHorizontal_1.jpg\",\"width\":300,\"height\":90,\"caption\":\"Fiscal\u00eda General de la Naci\u00f3n\"},\"image\":{\"@id\":\"https:\/\/www.fiscalia.gov.co\/colombia\/#\/schema\/logo\/image\/\"},\"sameAs\":[\"https:\/\/www.facebook.com\/FiscaliaCol\",\"https:\/\/x.com\/FiscaliaCol\",\"https:\/\/www.instagram.com\/fiscaliacol\",\"https:\/\/www.linkedin.com\/company\/fiscalia-general-de-la-naci-n\/\",\"https:\/\/youtube.com\/@fiscaliageneraldelanacion-4668?si=6nN79nyQICPU5iTh\"]},{\"@type\":\"Person\",\"@id\":\"https:\/\/www.fiscalia.gov.co\/colombia\/#\/schema\/person\/ed1786c6f60705e137e0d2dde5ceadef\",\"name\":\"Carolina Rivera\",\"image\":{\"@type\":\"ImageObject\",\"inLanguage\":\"es-CO\",\"@id\":\"https:\/\/www.fiscalia.gov.co\/colombia\/#\/schema\/person\/image\/\",\"url\":\"https:\/\/secure.gravatar.com\/avatar\/e22ff7fdba9b74ef157e5bc316460275?s=96&d=mm&r=g\",\"contentUrl\":\"https:\/\/secure.gravatar.com\/avatar\/e22ff7fdba9b74ef157e5bc316460275?s=96&d=mm&r=g\",\"caption\":\"Carolina Rivera\"},\"url\":\"https:\/\/www.fiscalia.gov.co\/colombia\/author\/crivera\/\"}]}<\/script>\n<!-- \/ Yoast SEO plugin. -->","yoast_head_json":{"title":"Fiscal\u00eda General de la Naci\u00f3n","description":"P\u00e1gina oficial de la Fiscal\u00eda General de la Naci\u00f3n \u2013 Colombia. Garantizamos el acceso efectivo a la justicia, la verdad y la reparaci\u00f3n de las v\u00edctimas de los delitos.","robots":{"index":"noindex","follow":"follow"},"og_locale":"es_ES","og_type":"article","og_title":"Fiscal\u00eda General de la Naci\u00f3n","og_description":"P\u00e1gina oficial de la Fiscal\u00eda General de la Naci\u00f3n \u2013 Colombia. Garantizamos el acceso efectivo a la justicia, la verdad y la reparaci\u00f3n de las v\u00edctimas de los delitos.","og_url":"https:\/\/www.fiscalia.gov.co\/colombia\/seccionales\/carcel-para-alcalde-funcionarios-y-contratistas-de-candelaria-valle-del-cauca-por-presuntas-irregularidades-en-contratacion\/","og_site_name":"Fiscal\u00eda General de la Naci\u00f3n","article_publisher":"https:\/\/www.facebook.com\/FiscaliaCol","article_published_time":"2020-11-22T17:44:56+00:00","article_modified_time":"2020-11-25T21:36:04+00:00","author":"Carolina Rivera","twitter_card":"summary_large_image","twitter_creator":"@FiscaliaCol","twitter_site":"@FiscaliaCol","twitter_misc":{"Escrito por":"Carolina Rivera","Tiempo de lectura":"4 minutos"},"schema":{"@context":"https:\/\/schema.org","@graph":[{"@type":"Article","@id":"https:\/\/www.fiscalia.gov.co\/colombia\/seccionales\/carcel-para-alcalde-funcionarios-y-contratistas-de-candelaria-valle-del-cauca-por-presuntas-irregularidades-en-contratacion\/#article","isPartOf":{"@id":"https:\/\/www.fiscalia.gov.co\/colombia\/seccionales\/carcel-para-alcalde-funcionarios-y-contratistas-de-candelaria-valle-del-cauca-por-presuntas-irregularidades-en-contratacion\/"},"author":{"name":"Carolina Rivera","@id":"https:\/\/www.fiscalia.gov.co\/colombia\/#\/schema\/person\/ed1786c6f60705e137e0d2dde5ceadef"},"headline":"C\u00e1rcel para alcalde, funcionarios y contratistas de Candelaria (Valle del Cauca) por presuntas irregularidades en contrataci\u00f3n\u00a0","datePublished":"2020-11-22T17:44:56+00:00","dateModified":"2020-11-25T21:36:04+00:00","mainEntityOfPage":{"@id":"https:\/\/www.fiscalia.gov.co\/colombia\/seccionales\/carcel-para-alcalde-funcionarios-y-contratistas-de-candelaria-valle-del-cauca-por-presuntas-irregularidades-en-contratacion\/"},"wordCount":901,"publisher":{"@id":"https:\/\/www.fiscalia.gov.co\/colombia\/#organization"},"keywords":["alcalde municipal Candelaria","Corrupci\u00f3n","corrupci\u00f3n en Candelaria","denuncias corrupci\u00f3n","Fiscal General Francisco Barbosa","Fiscal\u00eda Colombia","Fiscal\u00eda General de la Naci\u00f3n","Irregularidades en contratos","l\u00edderes sociales"],"articleSection":["Corrupci\u00f3n","Seccional Cali","Seccionales"],"inLanguage":"es-CO"},{"@type":"WebPage","@id":"https:\/\/www.fiscalia.gov.co\/colombia\/seccionales\/carcel-para-alcalde-funcionarios-y-contratistas-de-candelaria-valle-del-cauca-por-presuntas-irregularidades-en-contratacion\/","url":"https:\/\/www.fiscalia.gov.co\/colombia\/seccionales\/carcel-para-alcalde-funcionarios-y-contratistas-de-candelaria-valle-del-cauca-por-presuntas-irregularidades-en-contratacion\/","name":"Fiscal\u00eda General de la Naci\u00f3n","isPartOf":{"@id":"https:\/\/www.fiscalia.gov.co\/colombia\/#website"},"datePublished":"2020-11-22T17:44:56+00:00","dateModified":"2020-11-25T21:36:04+00:00","description":"P\u00e1gina oficial de la Fiscal\u00eda General de la Naci\u00f3n \u2013 Colombia. Garantizamos el acceso efectivo a la justicia, la verdad y la reparaci\u00f3n de las v\u00edctimas de los delitos.","breadcrumb":{"@id":"https:\/\/www.fiscalia.gov.co\/colombia\/seccionales\/carcel-para-alcalde-funcionarios-y-contratistas-de-candelaria-valle-del-cauca-por-presuntas-irregularidades-en-contratacion\/#breadcrumb"},"inLanguage":"es-CO","potentialAction":[{"@type":"ReadAction","target":["https:\/\/www.fiscalia.gov.co\/colombia\/seccionales\/carcel-para-alcalde-funcionarios-y-contratistas-de-candelaria-valle-del-cauca-por-presuntas-irregularidades-en-contratacion\/"]}]},{"@type":"BreadcrumbList","@id":"https:\/\/www.fiscalia.gov.co\/colombia\/seccionales\/carcel-para-alcalde-funcionarios-y-contratistas-de-candelaria-valle-del-cauca-por-presuntas-irregularidades-en-contratacion\/#breadcrumb","itemListElement":[{"@type":"ListItem","position":1,"name":"Home","item":"https:\/\/www.fiscalia.gov.co\/colombia\/"},{"@type":"ListItem","position":2,"name":"C\u00e1rcel para alcalde, funcionarios y contratistas de Candelaria (Valle del Cauca) por presuntas irregularidades en contrataci\u00f3n\u00a0"}]},{"@type":"WebSite","@id":"https:\/\/www.fiscalia.gov.co\/colombia\/#website","url":"https:\/\/www.fiscalia.gov.co\/colombia\/","name":"Fiscal\u00eda General de la Naci\u00f3n","description":"P\u00e1gina oficial de la Fiscal\u00eda General de la Naci\u00f3n \u2013 Colombia. Garantizamos el acceso efectivo a la justicia, la verdad y la reparaci\u00f3n de las v\u00edctimas de los delitos.","publisher":{"@id":"https:\/\/www.fiscalia.gov.co\/colombia\/#organization"},"potentialAction":[{"@type":"SearchAction","target":{"@type":"EntryPoint","urlTemplate":"https:\/\/www.fiscalia.gov.co\/colombia\/?s={search_term_string}"},"query-input":{"@type":"PropertyValueSpecification","valueRequired":true,"valueName":"search_term_string"}}],"inLanguage":"es-CO"},{"@type":"Organization","@id":"https:\/\/www.fiscalia.gov.co\/colombia\/#organization","name":"Fiscal\u00eda General de la Naci\u00f3n","url":"https:\/\/www.fiscalia.gov.co\/colombia\/","logo":{"@type":"ImageObject","inLanguage":"es-CO","@id":"https:\/\/www.fiscalia.gov.co\/colombia\/#\/schema\/logo\/image\/","url":"https:\/\/www.fiscalia.gov.co\/colombia\/wp-content\/uploads\/LogoHorizontal_1.jpg","contentUrl":"https:\/\/www.fiscalia.gov.co\/colombia\/wp-content\/uploads\/LogoHorizontal_1.jpg","width":300,"height":90,"caption":"Fiscal\u00eda General de la Naci\u00f3n"},"image":{"@id":"https:\/\/www.fiscalia.gov.co\/colombia\/#\/schema\/logo\/image\/"},"sameAs":["https:\/\/www.facebook.com\/FiscaliaCol","https:\/\/x.com\/FiscaliaCol","https:\/\/www.instagram.com\/fiscaliacol","https:\/\/www.linkedin.com\/company\/fiscalia-general-de-la-naci-n\/","https:\/\/youtube.com\/@fiscaliageneraldelanacion-4668?si=6nN79nyQICPU5iTh"]},{"@type":"Person","@id":"https:\/\/www.fiscalia.gov.co\/colombia\/#\/schema\/person\/ed1786c6f60705e137e0d2dde5ceadef","name":"Carolina Rivera","image":{"@type":"ImageObject","inLanguage":"es-CO","@id":"https:\/\/www.fiscalia.gov.co\/colombia\/#\/schema\/person\/image\/","url":"https:\/\/secure.gravatar.com\/avatar\/e22ff7fdba9b74ef157e5bc316460275?s=96&d=mm&r=g","contentUrl":"https:\/\/secure.gravatar.com\/avatar\/e22ff7fdba9b74ef157e5bc316460275?s=96&d=mm&r=g","caption":"Carolina Rivera"},"url":"https:\/\/www.fiscalia.gov.co\/colombia\/author\/crivera\/"}]}},"_links":{"self":[{"href":"https:\/\/www.fiscalia.gov.co\/colombia\/wp-json\/wp\/v2\/posts\/207404","targetHints":{"allow":["GET"]}}],"collection":[{"href":"https:\/\/www.fiscalia.gov.co\/colombia\/wp-json\/wp\/v2\/posts"}],"about":[{"href":"https:\/\/www.fiscalia.gov.co\/colombia\/wp-json\/wp\/v2\/types\/post"}],"author":[{"embeddable":true,"href":"https:\/\/www.fiscalia.gov.co\/colombia\/wp-json\/wp\/v2\/users\/169"}],"replies":[{"embeddable":true,"href":"https:\/\/www.fiscalia.gov.co\/colombia\/wp-json\/wp\/v2\/comments?post=207404"}],"version-history":[{"count":1,"href":"https:\/\/www.fiscalia.gov.co\/colombia\/wp-json\/wp\/v2\/posts\/207404\/revisions"}],"predecessor-version":[{"id":207406,"href":"https:\/\/www.fiscalia.gov.co\/colombia\/wp-json\/wp\/v2\/posts\/207404\/revisions\/207406"}],"wp:attachment":[{"href":"https:\/\/www.fiscalia.gov.co\/colombia\/wp-json\/wp\/v2\/media?parent=207404"}],"wp:term":[{"taxonomy":"category","embeddable":true,"href":"https:\/\/www.fiscalia.gov.co\/colombia\/wp-json\/wp\/v2\/categories?post=207404"},{"taxonomy":"post_tag","embeddable":true,"href":"https:\/\/www.fiscalia.gov.co\/colombia\/wp-json\/wp\/v2\/tags?post=207404"}],"curies":[{"name":"wp","href":"https:\/\/api.w.org\/{rel}","templated":true}]}}