{"id":207400,"date":"2020-11-22T09:40:01","date_gmt":"2020-11-22T14:40:01","guid":{"rendered":"https:\/\/www.fiscalia.gov.co\/colombia\/?p=207400"},"modified":"2020-11-25T16:35:28","modified_gmt":"2020-11-25T21:35:28","slug":"por-homicidio-de-excandidato-al-concejo-de-popayan-gustavo-herrera-envian-a-la-carcel-a-otro-presunto-implicado","status":"publish","type":"post","link":"https:\/\/www.fiscalia.gov.co\/colombia\/seccionales\/por-homicidio-de-excandidato-al-concejo-de-popayan-gustavo-herrera-envian-a-la-carcel-a-otro-presunto-implicado\/","title":{"rendered":"Por homicidio de excandidato al Concejo de Popay\u00e1n Gustavo Herrera, env\u00edan a la c\u00e1rcel a otro presunto implicado\u00a0\u00a0\u00a0 \u00a0"},"content":{"rendered":"<p class=\"x_x_xmsonormal\"><u><span lang=\"ES\">En Cauca, hablamos con resultados<\/span><\/u><span lang=\"ES\">\u00a0<\/span><span lang=\"ES\">\u00a0<\/span><\/p>\n<p class=\"x_x_xmsonormal\"><span lang=\"ES\">Un juez de control de garant\u00edas acogi\u00f3 la petici\u00f3n de la Fiscal\u00eda General de la Naci\u00f3n e impuso medida de aseguramiento intramuros en contra de\u00a0<b>Fabi\u00e1n Andr\u00e9s Ortega Roby,\u00a0<\/b>como presunto\u00a0<b>coautor\u00a0<\/b>en el\u00a0<\/span><a href=\"https:\/\/www.fiscalia.gov.co\/colombia\/seccionales\/seccional-popayan\/privado-de-la-libertad-presunto-responsable-del-homicidio-de-excandidato-al-concejo-de-popayan-cauca\/\" target=\"_blank\" rel=\"noopener noreferrer\" data-auth=\"NotApplicable\"><span lang=\"ES\">homicidio del excandidato al Concejo de Popay\u00e1n<\/span><\/a><span lang=\"ES\">\u00a0(Cauca), Gustavo Adolfo Herrera Guti\u00e9rrez, por el partido Colombia Humana, ocurrido el 20 de octubre \u00faltimo en la vereda La Cabrera, sobre la v\u00eda que de Popay\u00e1n conduce a Coconuco (Cauca).<\/span><span lang=\"ES\">\u00a0<\/span><span lang=\"ES\">\u00a0<\/span><\/p>\n<p><img loading=\"lazy\" decoding=\"async\" class=\"alignnone wp-image-207401 size-large\" src=\"https:\/\/www.fiscalia.gov.co\/colombia\/wp-content\/uploads\/Fabi\u0301an-Andre\u0301s-Ortega-Roy.-Caso-Colombia-Humana.-Popaya\u0301n-Cauca-1024x769.jpg\" alt=\"\" width=\"696\" height=\"523\" srcset=\"https:\/\/www.fiscalia.gov.co\/colombia\/wp-content\/uploads\/Fabi\u0301an-Andre\u0301s-Ortega-Roy.-Caso-Colombia-Humana.-Popaya\u0301n-Cauca-1024x769.jpg 1024w, https:\/\/www.fiscalia.gov.co\/colombia\/wp-content\/uploads\/Fabi\u0301an-Andre\u0301s-Ortega-Roy.-Caso-Colombia-Humana.-Popaya\u0301n-Cauca-300x225.jpg 300w, https:\/\/www.fiscalia.gov.co\/colombia\/wp-content\/uploads\/Fabi\u0301an-Andre\u0301s-Ortega-Roy.-Caso-Colombia-Humana.-Popaya\u0301n-Cauca-768x577.jpg 768w, https:\/\/www.fiscalia.gov.co\/colombia\/wp-content\/uploads\/Fabi\u0301an-Andre\u0301s-Ortega-Roy.-Caso-Colombia-Humana.-Popaya\u0301n-Cauca-696x523.jpg 696w, https:\/\/www.fiscalia.gov.co\/colombia\/wp-content\/uploads\/Fabi\u0301an-Andre\u0301s-Ortega-Roy.-Caso-Colombia-Humana.-Popaya\u0301n-Cauca-1068x802.jpg 1068w, https:\/\/www.fiscalia.gov.co\/colombia\/wp-content\/uploads\/Fabi\u0301an-Andre\u0301s-Ortega-Roy.-Caso-Colombia-Humana.-Popaya\u0301n-Cauca-559x420.jpg 559w, https:\/\/www.fiscalia.gov.co\/colombia\/wp-content\/uploads\/Fabi\u0301an-Andre\u0301s-Ortega-Roy.-Caso-Colombia-Humana.-Popaya\u0301n-Cauca-80x60.jpg 80w, https:\/\/www.fiscalia.gov.co\/colombia\/wp-content\/uploads\/Fabi\u0301an-Andre\u0301s-Ortega-Roy.-Caso-Colombia-Humana.-Popaya\u0301n-Cauca-265x198.jpg 265w, https:\/\/www.fiscalia.gov.co\/colombia\/wp-content\/uploads\/Fabi\u0301an-Andre\u0301s-Ortega-Roy.-Caso-Colombia-Humana.-Popaya\u0301n-Cauca.jpg 1156w\" sizes=\"auto, (max-width: 696px) 100vw, 696px\" \/><\/p>\n<p class=\"x_x_xmsonormal\"><span lang=\"ES\">En audiencias concentradas, el ente acusador le formul\u00f3 imputaci\u00f3n de cargos a Ortega Roby, por los delitos de\u00a0<b>homicidio agravado<\/b>, y fabricaci\u00f3n, tr\u00e1fico, porte o tenencia de armas de fuego, accesorios, partes o municiones.\u00a0<\/span><span lang=\"ES\">\u00a0<\/span><\/p>\n<p class=\"x_x_xmsonormal\"><span lang=\"ES\">Es de recordar el investigado, quien no acept\u00f3 cargos, es el segundo hombre detenido y se\u00f1alado como posible part\u00edcipe en el crimen de Herrera Guti\u00e9rrez.\u00a0\u00a0<\/span><span lang=\"ES\">\u00a0<\/span><\/p>\n<p class=\"x_x_xmsonormal\"><span lang=\"ES\">Esta persona fue capturada con orden judicial el 20 de noviembre reciente por personal del Cuerpo T\u00e9cnico de Investigaci\u00f3n (CTI) de la Fiscal\u00eda Seccional Cauca, en conjunto con la Polic\u00eda y Ej\u00e9rcito Nacional, durante diligencia de allanamiento y registro, en una vivienda del barrio San Jos\u00e9, de Popay\u00e1n.\u00a0<\/span><span lang=\"ES\">\u00a0<\/span><\/p>\n<p class=\"x_x_xmsonormal\"><span lang=\"ES\">Por estos hechos tambi\u00e9n permanece con medida de aseguramiento en centro carcelario, desde el pasado 3 de noviembre, Jos\u00e9 Willintong Gallego Ceballos, capturado en el barrio La Paz de la misma ciudad.\u00a0<\/span><span lang=\"ES\">\u00a0<\/span><\/p>\n<p class=\"x_x_xmsonormal\"><span lang=\"ES\">Los resultados de esta investigaci\u00f3n obedecen a los lineamientos trazados por el Fiscal General de la Naci\u00f3n, Francisco Barbosa Delgado, para el esclarecimiento de homicidios como un fen\u00f3meno criminal de alto impacto que afecta la seguridad ciudadana.\u00a0<\/span><span lang=\"ES\">\u00a0<\/span><\/p>\n<p class=\"x_x_xmsonormal\"><span lang=\"ES\">La Fiscal\u00eda hace p\u00fablica esta informaci\u00f3n por razones de inter\u00e9s general.<\/span><span lang=\"ES\">\u00a0<\/span><span lang=\"ES\">\u00a0<\/span><\/p>\n<p class=\"x_x_xmsonormal\"><span lang=\"ES\">MAP\/DLBM\/RP\u00a0<\/span><\/p>\n<div>\n<div dir=\"ltr\">\n<div><\/div>\n<div>\n<div><\/div>\n<\/div>\n<\/div>\n<\/div>\n\n<div class=\"twitter-share\"><a href=\"https:\/\/twitter.com\/intent\/tweet?via=fiscaliacol\" class=\"twitter-share-button\">Tweet<\/a><\/div>\n","protected":false},"excerpt":{"rendered":"<p>En Cauca, hablamos con resultados\u00a0\u00a0 Un juez de control de garant\u00edas acogi\u00f3 la petici\u00f3n de la Fiscal\u00eda General de la Naci\u00f3n e impuso medida de aseguramiento intramuros en contra de\u00a0Fabi\u00e1n Andr\u00e9s Ortega Roby,\u00a0como presunto\u00a0coautor\u00a0en el\u00a0homicidio del excandidato al Concejo de Popay\u00e1n\u00a0(Cauca), Gustavo Adolfo Herrera Guti\u00e9rrez, por el partido Colombia Humana, ocurrido el 20 de octubre [&hellip;]<\/p>\n","protected":false},"author":169,"featured_media":0,"comment_status":"closed","ping_status":"open","sticky":false,"template":"","format":"standard","meta":{"_price":"","_stock":"","_tribe_ticket_header":"","_tribe_default_ticket_provider":"","_tribe_ticket_capacity":"0","_ticket_start_date":"","_ticket_end_date":"","_tribe_ticket_show_description":"","_tribe_ticket_show_not_going":false,"_tribe_ticket_use_global_stock":"","_tribe_ticket_global_stock_level":"","_global_stock_mode":"","_global_stock_cap":"","_tribe_rsvp_for_event":"","_tribe_ticket_going_count":"","_tribe_ticket_not_going_count":"","_tribe_tickets_list":"[]","_tribe_ticket_has_attendee_info_fields":false,"tdm_status":"","tdm_grid_status":"","footnotes":""},"categories":[24176,336,303,24099],"tags":[12163,24506,24352,78,24187,686,13858,15474,23834],"class_list":{"0":"post-207400","1":"post","2":"type-post","3":"status-publish","4":"format-standard","6":"category-defensores","7":"category-seccional-popayan","8":"category-seccionales","9":"category-seguridad-territorial","10":"tag-arma-de-fuego","11":"tag-colombia-humana","12":"tag-excandidato-concejo","13":"tag-fiscal-general-de-la-nacion","14":"tag-fiscalia-colombia","15":"tag-homicidio-agravado","16":"tag-imputacion","17":"tag-imputacion-de-cargos","18":"tag-popayan"},"yoast_head":"<!-- This site is optimized with the Yoast SEO plugin v24.3 - https:\/\/yoast.com\/wordpress\/plugins\/seo\/ -->\n<title>Fiscal\u00eda General de la Naci\u00f3n<\/title>\n<meta name=\"description\" content=\"P\u00e1gina oficial de la Fiscal\u00eda General de la Naci\u00f3n \u2013 Colombia. Garantizamos el acceso efectivo a la justicia, la verdad y la reparaci\u00f3n de las v\u00edctimas de los delitos.\" \/>\n<meta name=\"robots\" content=\"noindex, follow\" \/>\n<meta property=\"og:locale\" content=\"es_ES\" \/>\n<meta property=\"og:type\" content=\"article\" \/>\n<meta property=\"og:title\" content=\"Fiscal\u00eda General de la Naci\u00f3n\" \/>\n<meta property=\"og:description\" content=\"P\u00e1gina oficial de la Fiscal\u00eda General de la Naci\u00f3n \u2013 Colombia. Garantizamos el acceso efectivo a la justicia, la verdad y la reparaci\u00f3n de las v\u00edctimas de los delitos.\" \/>\n<meta property=\"og:url\" content=\"https:\/\/www.fiscalia.gov.co\/colombia\/seccionales\/por-homicidio-de-excandidato-al-concejo-de-popayan-gustavo-herrera-envian-a-la-carcel-a-otro-presunto-implicado\/\" \/>\n<meta property=\"og:site_name\" content=\"Fiscal\u00eda General de la Naci\u00f3n\" \/>\n<meta property=\"article:publisher\" content=\"https:\/\/www.facebook.com\/FiscaliaCol\" \/>\n<meta property=\"article:published_time\" content=\"2020-11-22T14:40:01+00:00\" \/>\n<meta property=\"article:modified_time\" content=\"2020-11-25T21:35:28+00:00\" \/>\n<meta name=\"author\" content=\"Carolina Rivera\" \/>\n<meta name=\"twitter:card\" content=\"summary_large_image\" \/>\n<meta name=\"twitter:creator\" content=\"@FiscaliaCol\" \/>\n<meta name=\"twitter:site\" content=\"@FiscaliaCol\" \/>\n<meta name=\"twitter:label1\" content=\"Escrito por\" \/>\n\t<meta name=\"twitter:data1\" content=\"Carolina Rivera\" \/>\n\t<meta name=\"twitter:label2\" content=\"Tiempo de lectura\" \/>\n\t<meta name=\"twitter:data2\" content=\"1 minuto\" \/>\n<script type=\"application\/ld+json\" class=\"yoast-schema-graph\">{\"@context\":\"https:\/\/schema.org\",\"@graph\":[{\"@type\":\"Article\",\"@id\":\"https:\/\/www.fiscalia.gov.co\/colombia\/seccionales\/por-homicidio-de-excandidato-al-concejo-de-popayan-gustavo-herrera-envian-a-la-carcel-a-otro-presunto-implicado\/#article\",\"isPartOf\":{\"@id\":\"https:\/\/www.fiscalia.gov.co\/colombia\/seccionales\/por-homicidio-de-excandidato-al-concejo-de-popayan-gustavo-herrera-envian-a-la-carcel-a-otro-presunto-implicado\/\"},\"author\":{\"name\":\"Carolina Rivera\",\"@id\":\"https:\/\/www.fiscalia.gov.co\/colombia\/#\/schema\/person\/ed1786c6f60705e137e0d2dde5ceadef\"},\"headline\":\"Por homicidio de excandidato al Concejo de Popay\u00e1n Gustavo Herrera, env\u00edan a la c\u00e1rcel a otro presunto implicado\u00a0\u00a0\u00a0 \u00a0\",\"datePublished\":\"2020-11-22T14:40:01+00:00\",\"dateModified\":\"2020-11-25T21:35:28+00:00\",\"mainEntityOfPage\":{\"@id\":\"https:\/\/www.fiscalia.gov.co\/colombia\/seccionales\/por-homicidio-de-excandidato-al-concejo-de-popayan-gustavo-herrera-envian-a-la-carcel-a-otro-presunto-implicado\/\"},\"wordCount\":315,\"publisher\":{\"@id\":\"https:\/\/www.fiscalia.gov.co\/colombia\/#organization\"},\"keywords\":[\"Arma de fuego\",\"Colombia Humana\",\"excandidato concejo\",\"Fiscal General de la Naci\u00f3n\",\"Fiscal\u00eda Colombia\",\"Homicidio agravado\",\"Imputaci\u00f3n\",\"Imputaci\u00f3n de cargos\",\"Popay\u00e1n\"],\"articleSection\":[\"Defensores\",\"Seccional Popay\u00e1n\",\"Seccionales\",\"Seguridad territorial\"],\"inLanguage\":\"es-CO\"},{\"@type\":\"WebPage\",\"@id\":\"https:\/\/www.fiscalia.gov.co\/colombia\/seccionales\/por-homicidio-de-excandidato-al-concejo-de-popayan-gustavo-herrera-envian-a-la-carcel-a-otro-presunto-implicado\/\",\"url\":\"https:\/\/www.fiscalia.gov.co\/colombia\/seccionales\/por-homicidio-de-excandidato-al-concejo-de-popayan-gustavo-herrera-envian-a-la-carcel-a-otro-presunto-implicado\/\",\"name\":\"Fiscal\u00eda General de la Naci\u00f3n\",\"isPartOf\":{\"@id\":\"https:\/\/www.fiscalia.gov.co\/colombia\/#website\"},\"datePublished\":\"2020-11-22T14:40:01+00:00\",\"dateModified\":\"2020-11-25T21:35:28+00:00\",\"description\":\"P\u00e1gina oficial de la Fiscal\u00eda General de la Naci\u00f3n \u2013 Colombia. Garantizamos el acceso efectivo a la justicia, la verdad y la reparaci\u00f3n de las v\u00edctimas de los delitos.\",\"breadcrumb\":{\"@id\":\"https:\/\/www.fiscalia.gov.co\/colombia\/seccionales\/por-homicidio-de-excandidato-al-concejo-de-popayan-gustavo-herrera-envian-a-la-carcel-a-otro-presunto-implicado\/#breadcrumb\"},\"inLanguage\":\"es-CO\",\"potentialAction\":[{\"@type\":\"ReadAction\",\"target\":[\"https:\/\/www.fiscalia.gov.co\/colombia\/seccionales\/por-homicidio-de-excandidato-al-concejo-de-popayan-gustavo-herrera-envian-a-la-carcel-a-otro-presunto-implicado\/\"]}]},{\"@type\":\"BreadcrumbList\",\"@id\":\"https:\/\/www.fiscalia.gov.co\/colombia\/seccionales\/por-homicidio-de-excandidato-al-concejo-de-popayan-gustavo-herrera-envian-a-la-carcel-a-otro-presunto-implicado\/#breadcrumb\",\"itemListElement\":[{\"@type\":\"ListItem\",\"position\":1,\"name\":\"Home\",\"item\":\"https:\/\/www.fiscalia.gov.co\/colombia\/\"},{\"@type\":\"ListItem\",\"position\":2,\"name\":\"Por homicidio de excandidato al Concejo de Popay\u00e1n Gustavo Herrera, env\u00edan a la c\u00e1rcel a otro presunto implicado\u00a0\u00a0\u00a0 \u00a0\"}]},{\"@type\":\"WebSite\",\"@id\":\"https:\/\/www.fiscalia.gov.co\/colombia\/#website\",\"url\":\"https:\/\/www.fiscalia.gov.co\/colombia\/\",\"name\":\"Fiscal\u00eda General de la Naci\u00f3n\",\"description\":\"P\u00e1gina oficial de la Fiscal\u00eda General de la Naci\u00f3n \u2013 Colombia. Garantizamos el acceso efectivo a la justicia, la verdad y la reparaci\u00f3n de las v\u00edctimas de los delitos.\",\"publisher\":{\"@id\":\"https:\/\/www.fiscalia.gov.co\/colombia\/#organization\"},\"potentialAction\":[{\"@type\":\"SearchAction\",\"target\":{\"@type\":\"EntryPoint\",\"urlTemplate\":\"https:\/\/www.fiscalia.gov.co\/colombia\/?s={search_term_string}\"},\"query-input\":{\"@type\":\"PropertyValueSpecification\",\"valueRequired\":true,\"valueName\":\"search_term_string\"}}],\"inLanguage\":\"es-CO\"},{\"@type\":\"Organization\",\"@id\":\"https:\/\/www.fiscalia.gov.co\/colombia\/#organization\",\"name\":\"Fiscal\u00eda General de la Naci\u00f3n\",\"url\":\"https:\/\/www.fiscalia.gov.co\/colombia\/\",\"logo\":{\"@type\":\"ImageObject\",\"inLanguage\":\"es-CO\",\"@id\":\"https:\/\/www.fiscalia.gov.co\/colombia\/#\/schema\/logo\/image\/\",\"url\":\"https:\/\/www.fiscalia.gov.co\/colombia\/wp-content\/uploads\/LogoHorizontal_1.jpg\",\"contentUrl\":\"https:\/\/www.fiscalia.gov.co\/colombia\/wp-content\/uploads\/LogoHorizontal_1.jpg\",\"width\":300,\"height\":90,\"caption\":\"Fiscal\u00eda General de la Naci\u00f3n\"},\"image\":{\"@id\":\"https:\/\/www.fiscalia.gov.co\/colombia\/#\/schema\/logo\/image\/\"},\"sameAs\":[\"https:\/\/www.facebook.com\/FiscaliaCol\",\"https:\/\/x.com\/FiscaliaCol\",\"https:\/\/www.instagram.com\/fiscaliacol\",\"https:\/\/www.linkedin.com\/company\/fiscalia-general-de-la-naci-n\/\",\"https:\/\/youtube.com\/@fiscaliageneraldelanacion-4668?si=6nN79nyQICPU5iTh\"]},{\"@type\":\"Person\",\"@id\":\"https:\/\/www.fiscalia.gov.co\/colombia\/#\/schema\/person\/ed1786c6f60705e137e0d2dde5ceadef\",\"name\":\"Carolina Rivera\",\"image\":{\"@type\":\"ImageObject\",\"inLanguage\":\"es-CO\",\"@id\":\"https:\/\/www.fiscalia.gov.co\/colombia\/#\/schema\/person\/image\/\",\"url\":\"https:\/\/secure.gravatar.com\/avatar\/e22ff7fdba9b74ef157e5bc316460275?s=96&d=mm&r=g\",\"contentUrl\":\"https:\/\/secure.gravatar.com\/avatar\/e22ff7fdba9b74ef157e5bc316460275?s=96&d=mm&r=g\",\"caption\":\"Carolina Rivera\"},\"url\":\"https:\/\/www.fiscalia.gov.co\/colombia\/author\/crivera\/\"}]}<\/script>\n<!-- \/ Yoast SEO plugin. -->","yoast_head_json":{"title":"Fiscal\u00eda General de la Naci\u00f3n","description":"P\u00e1gina oficial de la Fiscal\u00eda General de la Naci\u00f3n \u2013 Colombia. Garantizamos el acceso efectivo a la justicia, la verdad y la reparaci\u00f3n de las v\u00edctimas de los delitos.","robots":{"index":"noindex","follow":"follow"},"og_locale":"es_ES","og_type":"article","og_title":"Fiscal\u00eda General de la Naci\u00f3n","og_description":"P\u00e1gina oficial de la Fiscal\u00eda General de la Naci\u00f3n \u2013 Colombia. Garantizamos el acceso efectivo a la justicia, la verdad y la reparaci\u00f3n de las v\u00edctimas de los delitos.","og_url":"https:\/\/www.fiscalia.gov.co\/colombia\/seccionales\/por-homicidio-de-excandidato-al-concejo-de-popayan-gustavo-herrera-envian-a-la-carcel-a-otro-presunto-implicado\/","og_site_name":"Fiscal\u00eda General de la Naci\u00f3n","article_publisher":"https:\/\/www.facebook.com\/FiscaliaCol","article_published_time":"2020-11-22T14:40:01+00:00","article_modified_time":"2020-11-25T21:35:28+00:00","author":"Carolina Rivera","twitter_card":"summary_large_image","twitter_creator":"@FiscaliaCol","twitter_site":"@FiscaliaCol","twitter_misc":{"Escrito por":"Carolina Rivera","Tiempo de lectura":"1 minuto"},"schema":{"@context":"https:\/\/schema.org","@graph":[{"@type":"Article","@id":"https:\/\/www.fiscalia.gov.co\/colombia\/seccionales\/por-homicidio-de-excandidato-al-concejo-de-popayan-gustavo-herrera-envian-a-la-carcel-a-otro-presunto-implicado\/#article","isPartOf":{"@id":"https:\/\/www.fiscalia.gov.co\/colombia\/seccionales\/por-homicidio-de-excandidato-al-concejo-de-popayan-gustavo-herrera-envian-a-la-carcel-a-otro-presunto-implicado\/"},"author":{"name":"Carolina Rivera","@id":"https:\/\/www.fiscalia.gov.co\/colombia\/#\/schema\/person\/ed1786c6f60705e137e0d2dde5ceadef"},"headline":"Por homicidio de excandidato al Concejo de Popay\u00e1n Gustavo Herrera, env\u00edan a la c\u00e1rcel a otro presunto implicado\u00a0\u00a0\u00a0 \u00a0","datePublished":"2020-11-22T14:40:01+00:00","dateModified":"2020-11-25T21:35:28+00:00","mainEntityOfPage":{"@id":"https:\/\/www.fiscalia.gov.co\/colombia\/seccionales\/por-homicidio-de-excandidato-al-concejo-de-popayan-gustavo-herrera-envian-a-la-carcel-a-otro-presunto-implicado\/"},"wordCount":315,"publisher":{"@id":"https:\/\/www.fiscalia.gov.co\/colombia\/#organization"},"keywords":["Arma de fuego","Colombia Humana","excandidato concejo","Fiscal General de la Naci\u00f3n","Fiscal\u00eda Colombia","Homicidio agravado","Imputaci\u00f3n","Imputaci\u00f3n de cargos","Popay\u00e1n"],"articleSection":["Defensores","Seccional Popay\u00e1n","Seccionales","Seguridad territorial"],"inLanguage":"es-CO"},{"@type":"WebPage","@id":"https:\/\/www.fiscalia.gov.co\/colombia\/seccionales\/por-homicidio-de-excandidato-al-concejo-de-popayan-gustavo-herrera-envian-a-la-carcel-a-otro-presunto-implicado\/","url":"https:\/\/www.fiscalia.gov.co\/colombia\/seccionales\/por-homicidio-de-excandidato-al-concejo-de-popayan-gustavo-herrera-envian-a-la-carcel-a-otro-presunto-implicado\/","name":"Fiscal\u00eda General de la Naci\u00f3n","isPartOf":{"@id":"https:\/\/www.fiscalia.gov.co\/colombia\/#website"},"datePublished":"2020-11-22T14:40:01+00:00","dateModified":"2020-11-25T21:35:28+00:00","description":"P\u00e1gina oficial de la Fiscal\u00eda General de la Naci\u00f3n \u2013 Colombia. Garantizamos el acceso efectivo a la justicia, la verdad y la reparaci\u00f3n de las v\u00edctimas de los delitos.","breadcrumb":{"@id":"https:\/\/www.fiscalia.gov.co\/colombia\/seccionales\/por-homicidio-de-excandidato-al-concejo-de-popayan-gustavo-herrera-envian-a-la-carcel-a-otro-presunto-implicado\/#breadcrumb"},"inLanguage":"es-CO","potentialAction":[{"@type":"ReadAction","target":["https:\/\/www.fiscalia.gov.co\/colombia\/seccionales\/por-homicidio-de-excandidato-al-concejo-de-popayan-gustavo-herrera-envian-a-la-carcel-a-otro-presunto-implicado\/"]}]},{"@type":"BreadcrumbList","@id":"https:\/\/www.fiscalia.gov.co\/colombia\/seccionales\/por-homicidio-de-excandidato-al-concejo-de-popayan-gustavo-herrera-envian-a-la-carcel-a-otro-presunto-implicado\/#breadcrumb","itemListElement":[{"@type":"ListItem","position":1,"name":"Home","item":"https:\/\/www.fiscalia.gov.co\/colombia\/"},{"@type":"ListItem","position":2,"name":"Por homicidio de excandidato al Concejo de Popay\u00e1n Gustavo Herrera, env\u00edan a la c\u00e1rcel a otro presunto implicado\u00a0\u00a0\u00a0 \u00a0"}]},{"@type":"WebSite","@id":"https:\/\/www.fiscalia.gov.co\/colombia\/#website","url":"https:\/\/www.fiscalia.gov.co\/colombia\/","name":"Fiscal\u00eda General de la Naci\u00f3n","description":"P\u00e1gina oficial de la Fiscal\u00eda General de la Naci\u00f3n \u2013 Colombia. Garantizamos el acceso efectivo a la justicia, la verdad y la reparaci\u00f3n de las v\u00edctimas de los delitos.","publisher":{"@id":"https:\/\/www.fiscalia.gov.co\/colombia\/#organization"},"potentialAction":[{"@type":"SearchAction","target":{"@type":"EntryPoint","urlTemplate":"https:\/\/www.fiscalia.gov.co\/colombia\/?s={search_term_string}"},"query-input":{"@type":"PropertyValueSpecification","valueRequired":true,"valueName":"search_term_string"}}],"inLanguage":"es-CO"},{"@type":"Organization","@id":"https:\/\/www.fiscalia.gov.co\/colombia\/#organization","name":"Fiscal\u00eda General de la Naci\u00f3n","url":"https:\/\/www.fiscalia.gov.co\/colombia\/","logo":{"@type":"ImageObject","inLanguage":"es-CO","@id":"https:\/\/www.fiscalia.gov.co\/colombia\/#\/schema\/logo\/image\/","url":"https:\/\/www.fiscalia.gov.co\/colombia\/wp-content\/uploads\/LogoHorizontal_1.jpg","contentUrl":"https:\/\/www.fiscalia.gov.co\/colombia\/wp-content\/uploads\/LogoHorizontal_1.jpg","width":300,"height":90,"caption":"Fiscal\u00eda General de la Naci\u00f3n"},"image":{"@id":"https:\/\/www.fiscalia.gov.co\/colombia\/#\/schema\/logo\/image\/"},"sameAs":["https:\/\/www.facebook.com\/FiscaliaCol","https:\/\/x.com\/FiscaliaCol","https:\/\/www.instagram.com\/fiscaliacol","https:\/\/www.linkedin.com\/company\/fiscalia-general-de-la-naci-n\/","https:\/\/youtube.com\/@fiscaliageneraldelanacion-4668?si=6nN79nyQICPU5iTh"]},{"@type":"Person","@id":"https:\/\/www.fiscalia.gov.co\/colombia\/#\/schema\/person\/ed1786c6f60705e137e0d2dde5ceadef","name":"Carolina Rivera","image":{"@type":"ImageObject","inLanguage":"es-CO","@id":"https:\/\/www.fiscalia.gov.co\/colombia\/#\/schema\/person\/image\/","url":"https:\/\/secure.gravatar.com\/avatar\/e22ff7fdba9b74ef157e5bc316460275?s=96&d=mm&r=g","contentUrl":"https:\/\/secure.gravatar.com\/avatar\/e22ff7fdba9b74ef157e5bc316460275?s=96&d=mm&r=g","caption":"Carolina Rivera"},"url":"https:\/\/www.fiscalia.gov.co\/colombia\/author\/crivera\/"}]}},"_links":{"self":[{"href":"https:\/\/www.fiscalia.gov.co\/colombia\/wp-json\/wp\/v2\/posts\/207400","targetHints":{"allow":["GET"]}}],"collection":[{"href":"https:\/\/www.fiscalia.gov.co\/colombia\/wp-json\/wp\/v2\/posts"}],"about":[{"href":"https:\/\/www.fiscalia.gov.co\/colombia\/wp-json\/wp\/v2\/types\/post"}],"author":[{"embeddable":true,"href":"https:\/\/www.fiscalia.gov.co\/colombia\/wp-json\/wp\/v2\/users\/169"}],"replies":[{"embeddable":true,"href":"https:\/\/www.fiscalia.gov.co\/colombia\/wp-json\/wp\/v2\/comments?post=207400"}],"version-history":[{"count":2,"href":"https:\/\/www.fiscalia.gov.co\/colombia\/wp-json\/wp\/v2\/posts\/207400\/revisions"}],"predecessor-version":[{"id":207403,"href":"https:\/\/www.fiscalia.gov.co\/colombia\/wp-json\/wp\/v2\/posts\/207400\/revisions\/207403"}],"wp:attachment":[{"href":"https:\/\/www.fiscalia.gov.co\/colombia\/wp-json\/wp\/v2\/media?parent=207400"}],"wp:term":[{"taxonomy":"category","embeddable":true,"href":"https:\/\/www.fiscalia.gov.co\/colombia\/wp-json\/wp\/v2\/categories?post=207400"},{"taxonomy":"post_tag","embeddable":true,"href":"https:\/\/www.fiscalia.gov.co\/colombia\/wp-json\/wp\/v2\/tags?post=207400"}],"curies":[{"name":"wp","href":"https:\/\/api.w.org\/{rel}","templated":true}]}}