{"id":207396,"date":"2020-11-21T17:29:51","date_gmt":"2020-11-21T22:29:51","guid":{"rendered":"https:\/\/www.fiscalia.gov.co\/colombia\/?p=207396"},"modified":"2020-11-21T17:29:51","modified_gmt":"2020-11-21T22:29:51","slug":"fiscalia-general-de-la-nacion-entrego-en-san-andres-y-providencia-20-toneladas-de-ayudas-para-damnificados-del-huracan-iota","status":"publish","type":"post","link":"https:\/\/www.fiscalia.gov.co\/colombia\/seccionales\/fiscalia-general-de-la-nacion-entrego-en-san-andres-y-providencia-20-toneladas-de-ayudas-para-damnificados-del-huracan-iota\/","title":{"rendered":"Fiscal\u00eda General de la Naci\u00f3n entreg\u00f3 en San Andr\u00e9s y Providencia 20 toneladas de ayudas para damnificados del hurac\u00e1n Iota"},"content":{"rendered":"<p><u>Apoyo a los damnificados<\/u><\/p>\n<h4><strong><em>Lo recaudado ser\u00e1 entregado a los m\u00e1s necesitados de San Andr\u00e9s, Providencia y Santa Catalina, que lo perdieron todo en la cat\u00e1strofe natural.<\/em><\/strong><\/h4>\n<p>La Fiscal\u00eda General de la Naci\u00f3n desde el pasado lunes 16 de noviembre puso en marcha una gran campa\u00f1a entre sus funcionarios de todas las seccionales del pa\u00eds y logr\u00f3 recoger 20 toneladas de ayudas para los damnificados. Se trata de alimentos no perecederos, agua, art\u00edculos de aseo, alimentos para animales de compa\u00f1\u00eda, medicinas, frazadas, colchonetas, entre otros.<\/p>\n<p><img loading=\"lazy\" decoding=\"async\" class=\"alignnone wp-image-207397 size-large\" src=\"https:\/\/www.fiscalia.gov.co\/colombia\/wp-content\/uploads\/WhatsApp-Image-2020-11-21-at-5.00.11-PM-1024x768.jpeg\" alt=\"\" width=\"696\" height=\"522\" srcset=\"https:\/\/www.fiscalia.gov.co\/colombia\/wp-content\/uploads\/WhatsApp-Image-2020-11-21-at-5.00.11-PM-1024x768.jpeg 1024w, https:\/\/www.fiscalia.gov.co\/colombia\/wp-content\/uploads\/WhatsApp-Image-2020-11-21-at-5.00.11-PM-300x225.jpeg 300w, https:\/\/www.fiscalia.gov.co\/colombia\/wp-content\/uploads\/WhatsApp-Image-2020-11-21-at-5.00.11-PM-768x576.jpeg 768w, https:\/\/www.fiscalia.gov.co\/colombia\/wp-content\/uploads\/WhatsApp-Image-2020-11-21-at-5.00.11-PM-696x522.jpeg 696w, https:\/\/www.fiscalia.gov.co\/colombia\/wp-content\/uploads\/WhatsApp-Image-2020-11-21-at-5.00.11-PM-1068x801.jpeg 1068w, https:\/\/www.fiscalia.gov.co\/colombia\/wp-content\/uploads\/WhatsApp-Image-2020-11-21-at-5.00.11-PM-560x420.jpeg 560w, https:\/\/www.fiscalia.gov.co\/colombia\/wp-content\/uploads\/WhatsApp-Image-2020-11-21-at-5.00.11-PM-80x60.jpeg 80w, https:\/\/www.fiscalia.gov.co\/colombia\/wp-content\/uploads\/WhatsApp-Image-2020-11-21-at-5.00.11-PM-265x198.jpeg 265w, https:\/\/www.fiscalia.gov.co\/colombia\/wp-content\/uploads\/WhatsApp-Image-2020-11-21-at-5.00.11-PM.jpeg 1280w\" sizes=\"auto, (max-width: 696px) 100vw, 696px\" \/><\/p>\n<p>Las ayudas se alistaron cumpliendo con los lineamientos de la Unidad Nacional para la Gesti\u00f3n del Riesgo de Desastres (UNGRD), y fueron llevadas hoy a San Andr\u00e9s por una comisi\u00f3n de la entidad que hizo una auditoria de lo recaudado y lo entreg\u00f3 a funcionarios de la UNGRD para que sea distribuida entre los pobladores m\u00e1s necesitados.<\/p>\n<p>Esta actividad es una muestra de la gran generosidad y solidaridad de los funcionarios de la Fiscal\u00eda General de la Naci\u00f3n que se unieron de forma r\u00e1pida y efectiva para consolidar los elementos para beneficiar a centenares de personas damnificadas tras el paso del hurac\u00e1n Iota.<\/p>\n<p>La primera ayuda fue destinada a los funcionarios de la entidad que laboran en el archipi\u00e9lago y en las islas, a quienes tambi\u00e9n se les va a apoyar con la reconstrucci\u00f3n de sus viviendas. Por su parte, gracias a la gesti\u00f3n del Fiscal General, Francisco Barbosa Delgado, la fiscal de Providencia que estaba atrapada con sus dos animales de compa\u00f1\u00eda, fue rescatada y trasladada a San Andr\u00e9s en un vuelo humanitario. Los tres ahora est\u00e1n en la isla.<\/p>\n<p>La comisi\u00f3n que se desplaz\u00f3 a San Andr\u00e9s y Providencia tambi\u00e9n hizo una valoraci\u00f3n exhaustiva de las condiciones de las sedes de la entidad, y supervis\u00f3 el manejo de los 1.200 expedientes digitales que contienen informaci\u00f3n valiosa de procesos judiciales de la regi\u00f3n.<\/p>\n<p>MRC\/DLBM<\/p>\n\n<div class=\"twitter-share\"><a href=\"https:\/\/twitter.com\/intent\/tweet?via=fiscaliacol\" class=\"twitter-share-button\">Tweet<\/a><\/div>\n","protected":false},"excerpt":{"rendered":"<p>Apoyo a los damnificados Lo recaudado ser\u00e1 entregado a los m\u00e1s necesitados de San Andr\u00e9s, Providencia y Santa Catalina, que lo perdieron todo en la cat\u00e1strofe natural. La Fiscal\u00eda General de la Naci\u00f3n desde el pasado lunes 16 de noviembre puso en marcha una gran campa\u00f1a entre sus funcionarios de todas las seccionales del pa\u00eds [&hellip;]<\/p>\n","protected":false},"author":169,"featured_media":0,"comment_status":"closed","ping_status":"open","sticky":false,"template":"","format":"standard","meta":{"_price":"","_stock":"","_tribe_ticket_header":"","_tribe_default_ticket_provider":"","_tribe_ticket_capacity":"0","_ticket_start_date":"","_ticket_end_date":"","_tribe_ticket_show_description":"","_tribe_ticket_show_not_going":false,"_tribe_ticket_use_global_stock":"","_tribe_ticket_global_stock_level":"","_global_stock_mode":"","_global_stock_cap":"","_tribe_rsvp_for_event":"","_tribe_ticket_going_count":"","_tribe_ticket_not_going_count":"","_tribe_tickets_list":"[]","_tribe_ticket_has_attendee_info_fields":false,"tdm_status":"","tdm_grid_status":"","footnotes":""},"categories":[24096,321,303],"tags":[],"class_list":{"0":"post-207396","1":"post","2":"type-post","3":"status-publish","4":"format-standard","6":"category-fiscal-general-de-la-nacion","7":"category-seccional-bogota","8":"category-seccionales"},"yoast_head":"<!-- This site is optimized with the Yoast SEO plugin v24.3 - https:\/\/yoast.com\/wordpress\/plugins\/seo\/ -->\n<title>Fiscal\u00eda General de la Naci\u00f3n<\/title>\n<meta name=\"description\" content=\"P\u00e1gina oficial de la Fiscal\u00eda General de la Naci\u00f3n \u2013 Colombia. Garantizamos el acceso efectivo a la justicia, la verdad y la reparaci\u00f3n de las v\u00edctimas de los delitos.\" \/>\n<meta name=\"robots\" content=\"noindex, follow\" \/>\n<meta property=\"og:locale\" content=\"es_ES\" \/>\n<meta property=\"og:type\" content=\"article\" \/>\n<meta property=\"og:title\" content=\"Fiscal\u00eda General de la Naci\u00f3n\" \/>\n<meta property=\"og:description\" content=\"P\u00e1gina oficial de la Fiscal\u00eda General de la Naci\u00f3n \u2013 Colombia. Garantizamos el acceso efectivo a la justicia, la verdad y la reparaci\u00f3n de las v\u00edctimas de los delitos.\" \/>\n<meta property=\"og:url\" content=\"https:\/\/www.fiscalia.gov.co\/colombia\/seccionales\/fiscalia-general-de-la-nacion-entrego-en-san-andres-y-providencia-20-toneladas-de-ayudas-para-damnificados-del-huracan-iota\/\" \/>\n<meta property=\"og:site_name\" content=\"Fiscal\u00eda General de la Naci\u00f3n\" \/>\n<meta property=\"article:publisher\" content=\"https:\/\/www.facebook.com\/FiscaliaCol\" \/>\n<meta property=\"article:published_time\" content=\"2020-11-21T22:29:51+00:00\" \/>\n<meta property=\"og:image\" content=\"https:\/\/www.fiscalia.gov.co\/colombia\/wp-content\/uploads\/WhatsApp-Image-2020-11-21-at-5.00.11-PM-1024x768.jpeg\" \/>\n<meta name=\"author\" content=\"Carolina Rivera\" \/>\n<meta name=\"twitter:card\" content=\"summary_large_image\" \/>\n<meta name=\"twitter:creator\" content=\"@FiscaliaCol\" \/>\n<meta name=\"twitter:site\" content=\"@FiscaliaCol\" \/>\n<meta name=\"twitter:label1\" content=\"Escrito por\" \/>\n\t<meta name=\"twitter:data1\" content=\"Carolina Rivera\" \/>\n\t<meta name=\"twitter:label2\" content=\"Tiempo de lectura\" \/>\n\t<meta name=\"twitter:data2\" content=\"2 minutos\" \/>\n<script type=\"application\/ld+json\" class=\"yoast-schema-graph\">{\"@context\":\"https:\/\/schema.org\",\"@graph\":[{\"@type\":\"Article\",\"@id\":\"https:\/\/www.fiscalia.gov.co\/colombia\/seccionales\/fiscalia-general-de-la-nacion-entrego-en-san-andres-y-providencia-20-toneladas-de-ayudas-para-damnificados-del-huracan-iota\/#article\",\"isPartOf\":{\"@id\":\"https:\/\/www.fiscalia.gov.co\/colombia\/seccionales\/fiscalia-general-de-la-nacion-entrego-en-san-andres-y-providencia-20-toneladas-de-ayudas-para-damnificados-del-huracan-iota\/\"},\"author\":{\"name\":\"Carolina Rivera\",\"@id\":\"https:\/\/www.fiscalia.gov.co\/colombia\/#\/schema\/person\/ed1786c6f60705e137e0d2dde5ceadef\"},\"headline\":\"Fiscal\u00eda General de la Naci\u00f3n entreg\u00f3 en San Andr\u00e9s y Providencia 20 toneladas de ayudas para damnificados del hurac\u00e1n Iota\",\"datePublished\":\"2020-11-21T22:29:51+00:00\",\"dateModified\":\"2020-11-21T22:29:51+00:00\",\"mainEntityOfPage\":{\"@id\":\"https:\/\/www.fiscalia.gov.co\/colombia\/seccionales\/fiscalia-general-de-la-nacion-entrego-en-san-andres-y-providencia-20-toneladas-de-ayudas-para-damnificados-del-huracan-iota\/\"},\"wordCount\":361,\"publisher\":{\"@id\":\"https:\/\/www.fiscalia.gov.co\/colombia\/#organization\"},\"image\":{\"@id\":\"https:\/\/www.fiscalia.gov.co\/colombia\/seccionales\/fiscalia-general-de-la-nacion-entrego-en-san-andres-y-providencia-20-toneladas-de-ayudas-para-damnificados-del-huracan-iota\/#primaryimage\"},\"thumbnailUrl\":\"https:\/\/www.fiscalia.gov.co\/colombia\/wp-content\/uploads\/WhatsApp-Image-2020-11-21-at-5.00.11-PM-1024x768.jpeg\",\"articleSection\":[\"Fiscal General de la Naci\u00f3n\",\"Seccional Bogot\u00e1\",\"Seccionales\"],\"inLanguage\":\"es-CO\"},{\"@type\":\"WebPage\",\"@id\":\"https:\/\/www.fiscalia.gov.co\/colombia\/seccionales\/fiscalia-general-de-la-nacion-entrego-en-san-andres-y-providencia-20-toneladas-de-ayudas-para-damnificados-del-huracan-iota\/\",\"url\":\"https:\/\/www.fiscalia.gov.co\/colombia\/seccionales\/fiscalia-general-de-la-nacion-entrego-en-san-andres-y-providencia-20-toneladas-de-ayudas-para-damnificados-del-huracan-iota\/\",\"name\":\"Fiscal\u00eda General de la Naci\u00f3n\",\"isPartOf\":{\"@id\":\"https:\/\/www.fiscalia.gov.co\/colombia\/#website\"},\"primaryImageOfPage\":{\"@id\":\"https:\/\/www.fiscalia.gov.co\/colombia\/seccionales\/fiscalia-general-de-la-nacion-entrego-en-san-andres-y-providencia-20-toneladas-de-ayudas-para-damnificados-del-huracan-iota\/#primaryimage\"},\"image\":{\"@id\":\"https:\/\/www.fiscalia.gov.co\/colombia\/seccionales\/fiscalia-general-de-la-nacion-entrego-en-san-andres-y-providencia-20-toneladas-de-ayudas-para-damnificados-del-huracan-iota\/#primaryimage\"},\"thumbnailUrl\":\"https:\/\/www.fiscalia.gov.co\/colombia\/wp-content\/uploads\/WhatsApp-Image-2020-11-21-at-5.00.11-PM-1024x768.jpeg\",\"datePublished\":\"2020-11-21T22:29:51+00:00\",\"dateModified\":\"2020-11-21T22:29:51+00:00\",\"description\":\"P\u00e1gina oficial de la Fiscal\u00eda General de la Naci\u00f3n \u2013 Colombia. Garantizamos el acceso efectivo a la justicia, la verdad y la reparaci\u00f3n de las v\u00edctimas de los delitos.\",\"breadcrumb\":{\"@id\":\"https:\/\/www.fiscalia.gov.co\/colombia\/seccionales\/fiscalia-general-de-la-nacion-entrego-en-san-andres-y-providencia-20-toneladas-de-ayudas-para-damnificados-del-huracan-iota\/#breadcrumb\"},\"inLanguage\":\"es-CO\",\"potentialAction\":[{\"@type\":\"ReadAction\",\"target\":[\"https:\/\/www.fiscalia.gov.co\/colombia\/seccionales\/fiscalia-general-de-la-nacion-entrego-en-san-andres-y-providencia-20-toneladas-de-ayudas-para-damnificados-del-huracan-iota\/\"]}]},{\"@type\":\"ImageObject\",\"inLanguage\":\"es-CO\",\"@id\":\"https:\/\/www.fiscalia.gov.co\/colombia\/seccionales\/fiscalia-general-de-la-nacion-entrego-en-san-andres-y-providencia-20-toneladas-de-ayudas-para-damnificados-del-huracan-iota\/#primaryimage\",\"url\":\"https:\/\/www.fiscalia.gov.co\/colombia\/wp-content\/uploads\/WhatsApp-Image-2020-11-21-at-5.00.11-PM-1024x768.jpeg\",\"contentUrl\":\"https:\/\/www.fiscalia.gov.co\/colombia\/wp-content\/uploads\/WhatsApp-Image-2020-11-21-at-5.00.11-PM-1024x768.jpeg\"},{\"@type\":\"BreadcrumbList\",\"@id\":\"https:\/\/www.fiscalia.gov.co\/colombia\/seccionales\/fiscalia-general-de-la-nacion-entrego-en-san-andres-y-providencia-20-toneladas-de-ayudas-para-damnificados-del-huracan-iota\/#breadcrumb\",\"itemListElement\":[{\"@type\":\"ListItem\",\"position\":1,\"name\":\"Home\",\"item\":\"https:\/\/www.fiscalia.gov.co\/colombia\/\"},{\"@type\":\"ListItem\",\"position\":2,\"name\":\"Fiscal\u00eda General de la Naci\u00f3n entreg\u00f3 en San Andr\u00e9s y Providencia 20 toneladas de ayudas para damnificados del hurac\u00e1n Iota\"}]},{\"@type\":\"WebSite\",\"@id\":\"https:\/\/www.fiscalia.gov.co\/colombia\/#website\",\"url\":\"https:\/\/www.fiscalia.gov.co\/colombia\/\",\"name\":\"Fiscal\u00eda General de la Naci\u00f3n\",\"description\":\"P\u00e1gina oficial de la Fiscal\u00eda General de la Naci\u00f3n \u2013 Colombia. Garantizamos el acceso efectivo a la justicia, la verdad y la reparaci\u00f3n de las v\u00edctimas de los delitos.\",\"publisher\":{\"@id\":\"https:\/\/www.fiscalia.gov.co\/colombia\/#organization\"},\"potentialAction\":[{\"@type\":\"SearchAction\",\"target\":{\"@type\":\"EntryPoint\",\"urlTemplate\":\"https:\/\/www.fiscalia.gov.co\/colombia\/?s={search_term_string}\"},\"query-input\":{\"@type\":\"PropertyValueSpecification\",\"valueRequired\":true,\"valueName\":\"search_term_string\"}}],\"inLanguage\":\"es-CO\"},{\"@type\":\"Organization\",\"@id\":\"https:\/\/www.fiscalia.gov.co\/colombia\/#organization\",\"name\":\"Fiscal\u00eda General de la Naci\u00f3n\",\"url\":\"https:\/\/www.fiscalia.gov.co\/colombia\/\",\"logo\":{\"@type\":\"ImageObject\",\"inLanguage\":\"es-CO\",\"@id\":\"https:\/\/www.fiscalia.gov.co\/colombia\/#\/schema\/logo\/image\/\",\"url\":\"https:\/\/www.fiscalia.gov.co\/colombia\/wp-content\/uploads\/LogoHorizontal_1.jpg\",\"contentUrl\":\"https:\/\/www.fiscalia.gov.co\/colombia\/wp-content\/uploads\/LogoHorizontal_1.jpg\",\"width\":300,\"height\":90,\"caption\":\"Fiscal\u00eda General de la Naci\u00f3n\"},\"image\":{\"@id\":\"https:\/\/www.fiscalia.gov.co\/colombia\/#\/schema\/logo\/image\/\"},\"sameAs\":[\"https:\/\/www.facebook.com\/FiscaliaCol\",\"https:\/\/x.com\/FiscaliaCol\",\"https:\/\/www.instagram.com\/fiscaliacol\",\"https:\/\/www.linkedin.com\/company\/fiscalia-general-de-la-naci-n\/\",\"https:\/\/youtube.com\/@fiscaliageneraldelanacion-4668?si=6nN79nyQICPU5iTh\"]},{\"@type\":\"Person\",\"@id\":\"https:\/\/www.fiscalia.gov.co\/colombia\/#\/schema\/person\/ed1786c6f60705e137e0d2dde5ceadef\",\"name\":\"Carolina Rivera\",\"image\":{\"@type\":\"ImageObject\",\"inLanguage\":\"es-CO\",\"@id\":\"https:\/\/www.fiscalia.gov.co\/colombia\/#\/schema\/person\/image\/\",\"url\":\"https:\/\/secure.gravatar.com\/avatar\/e22ff7fdba9b74ef157e5bc316460275?s=96&d=mm&r=g\",\"contentUrl\":\"https:\/\/secure.gravatar.com\/avatar\/e22ff7fdba9b74ef157e5bc316460275?s=96&d=mm&r=g\",\"caption\":\"Carolina Rivera\"},\"url\":\"https:\/\/www.fiscalia.gov.co\/colombia\/author\/crivera\/\"}]}<\/script>\n<!-- \/ Yoast SEO plugin. -->","yoast_head_json":{"title":"Fiscal\u00eda General de la Naci\u00f3n","description":"P\u00e1gina oficial de la Fiscal\u00eda General de la Naci\u00f3n \u2013 Colombia. Garantizamos el acceso efectivo a la justicia, la verdad y la reparaci\u00f3n de las v\u00edctimas de los delitos.","robots":{"index":"noindex","follow":"follow"},"og_locale":"es_ES","og_type":"article","og_title":"Fiscal\u00eda General de la Naci\u00f3n","og_description":"P\u00e1gina oficial de la Fiscal\u00eda General de la Naci\u00f3n \u2013 Colombia. Garantizamos el acceso efectivo a la justicia, la verdad y la reparaci\u00f3n de las v\u00edctimas de los delitos.","og_url":"https:\/\/www.fiscalia.gov.co\/colombia\/seccionales\/fiscalia-general-de-la-nacion-entrego-en-san-andres-y-providencia-20-toneladas-de-ayudas-para-damnificados-del-huracan-iota\/","og_site_name":"Fiscal\u00eda General de la Naci\u00f3n","article_publisher":"https:\/\/www.facebook.com\/FiscaliaCol","article_published_time":"2020-11-21T22:29:51+00:00","og_image":[{"url":"https:\/\/www.fiscalia.gov.co\/colombia\/wp-content\/uploads\/WhatsApp-Image-2020-11-21-at-5.00.11-PM-1024x768.jpeg","type":"","width":"","height":""}],"author":"Carolina Rivera","twitter_card":"summary_large_image","twitter_creator":"@FiscaliaCol","twitter_site":"@FiscaliaCol","twitter_misc":{"Escrito por":"Carolina Rivera","Tiempo de lectura":"2 minutos"},"schema":{"@context":"https:\/\/schema.org","@graph":[{"@type":"Article","@id":"https:\/\/www.fiscalia.gov.co\/colombia\/seccionales\/fiscalia-general-de-la-nacion-entrego-en-san-andres-y-providencia-20-toneladas-de-ayudas-para-damnificados-del-huracan-iota\/#article","isPartOf":{"@id":"https:\/\/www.fiscalia.gov.co\/colombia\/seccionales\/fiscalia-general-de-la-nacion-entrego-en-san-andres-y-providencia-20-toneladas-de-ayudas-para-damnificados-del-huracan-iota\/"},"author":{"name":"Carolina Rivera","@id":"https:\/\/www.fiscalia.gov.co\/colombia\/#\/schema\/person\/ed1786c6f60705e137e0d2dde5ceadef"},"headline":"Fiscal\u00eda General de la Naci\u00f3n entreg\u00f3 en San Andr\u00e9s y Providencia 20 toneladas de ayudas para damnificados del hurac\u00e1n Iota","datePublished":"2020-11-21T22:29:51+00:00","dateModified":"2020-11-21T22:29:51+00:00","mainEntityOfPage":{"@id":"https:\/\/www.fiscalia.gov.co\/colombia\/seccionales\/fiscalia-general-de-la-nacion-entrego-en-san-andres-y-providencia-20-toneladas-de-ayudas-para-damnificados-del-huracan-iota\/"},"wordCount":361,"publisher":{"@id":"https:\/\/www.fiscalia.gov.co\/colombia\/#organization"},"image":{"@id":"https:\/\/www.fiscalia.gov.co\/colombia\/seccionales\/fiscalia-general-de-la-nacion-entrego-en-san-andres-y-providencia-20-toneladas-de-ayudas-para-damnificados-del-huracan-iota\/#primaryimage"},"thumbnailUrl":"https:\/\/www.fiscalia.gov.co\/colombia\/wp-content\/uploads\/WhatsApp-Image-2020-11-21-at-5.00.11-PM-1024x768.jpeg","articleSection":["Fiscal General de la Naci\u00f3n","Seccional Bogot\u00e1","Seccionales"],"inLanguage":"es-CO"},{"@type":"WebPage","@id":"https:\/\/www.fiscalia.gov.co\/colombia\/seccionales\/fiscalia-general-de-la-nacion-entrego-en-san-andres-y-providencia-20-toneladas-de-ayudas-para-damnificados-del-huracan-iota\/","url":"https:\/\/www.fiscalia.gov.co\/colombia\/seccionales\/fiscalia-general-de-la-nacion-entrego-en-san-andres-y-providencia-20-toneladas-de-ayudas-para-damnificados-del-huracan-iota\/","name":"Fiscal\u00eda General de la Naci\u00f3n","isPartOf":{"@id":"https:\/\/www.fiscalia.gov.co\/colombia\/#website"},"primaryImageOfPage":{"@id":"https:\/\/www.fiscalia.gov.co\/colombia\/seccionales\/fiscalia-general-de-la-nacion-entrego-en-san-andres-y-providencia-20-toneladas-de-ayudas-para-damnificados-del-huracan-iota\/#primaryimage"},"image":{"@id":"https:\/\/www.fiscalia.gov.co\/colombia\/seccionales\/fiscalia-general-de-la-nacion-entrego-en-san-andres-y-providencia-20-toneladas-de-ayudas-para-damnificados-del-huracan-iota\/#primaryimage"},"thumbnailUrl":"https:\/\/www.fiscalia.gov.co\/colombia\/wp-content\/uploads\/WhatsApp-Image-2020-11-21-at-5.00.11-PM-1024x768.jpeg","datePublished":"2020-11-21T22:29:51+00:00","dateModified":"2020-11-21T22:29:51+00:00","description":"P\u00e1gina oficial de la Fiscal\u00eda General de la Naci\u00f3n \u2013 Colombia. Garantizamos el acceso efectivo a la justicia, la verdad y la reparaci\u00f3n de las v\u00edctimas de los delitos.","breadcrumb":{"@id":"https:\/\/www.fiscalia.gov.co\/colombia\/seccionales\/fiscalia-general-de-la-nacion-entrego-en-san-andres-y-providencia-20-toneladas-de-ayudas-para-damnificados-del-huracan-iota\/#breadcrumb"},"inLanguage":"es-CO","potentialAction":[{"@type":"ReadAction","target":["https:\/\/www.fiscalia.gov.co\/colombia\/seccionales\/fiscalia-general-de-la-nacion-entrego-en-san-andres-y-providencia-20-toneladas-de-ayudas-para-damnificados-del-huracan-iota\/"]}]},{"@type":"ImageObject","inLanguage":"es-CO","@id":"https:\/\/www.fiscalia.gov.co\/colombia\/seccionales\/fiscalia-general-de-la-nacion-entrego-en-san-andres-y-providencia-20-toneladas-de-ayudas-para-damnificados-del-huracan-iota\/#primaryimage","url":"https:\/\/www.fiscalia.gov.co\/colombia\/wp-content\/uploads\/WhatsApp-Image-2020-11-21-at-5.00.11-PM-1024x768.jpeg","contentUrl":"https:\/\/www.fiscalia.gov.co\/colombia\/wp-content\/uploads\/WhatsApp-Image-2020-11-21-at-5.00.11-PM-1024x768.jpeg"},{"@type":"BreadcrumbList","@id":"https:\/\/www.fiscalia.gov.co\/colombia\/seccionales\/fiscalia-general-de-la-nacion-entrego-en-san-andres-y-providencia-20-toneladas-de-ayudas-para-damnificados-del-huracan-iota\/#breadcrumb","itemListElement":[{"@type":"ListItem","position":1,"name":"Home","item":"https:\/\/www.fiscalia.gov.co\/colombia\/"},{"@type":"ListItem","position":2,"name":"Fiscal\u00eda General de la Naci\u00f3n entreg\u00f3 en San Andr\u00e9s y Providencia 20 toneladas de ayudas para damnificados del hurac\u00e1n Iota"}]},{"@type":"WebSite","@id":"https:\/\/www.fiscalia.gov.co\/colombia\/#website","url":"https:\/\/www.fiscalia.gov.co\/colombia\/","name":"Fiscal\u00eda General de la Naci\u00f3n","description":"P\u00e1gina oficial de la Fiscal\u00eda General de la Naci\u00f3n \u2013 Colombia. Garantizamos el acceso efectivo a la justicia, la verdad y la reparaci\u00f3n de las v\u00edctimas de los delitos.","publisher":{"@id":"https:\/\/www.fiscalia.gov.co\/colombia\/#organization"},"potentialAction":[{"@type":"SearchAction","target":{"@type":"EntryPoint","urlTemplate":"https:\/\/www.fiscalia.gov.co\/colombia\/?s={search_term_string}"},"query-input":{"@type":"PropertyValueSpecification","valueRequired":true,"valueName":"search_term_string"}}],"inLanguage":"es-CO"},{"@type":"Organization","@id":"https:\/\/www.fiscalia.gov.co\/colombia\/#organization","name":"Fiscal\u00eda General de la Naci\u00f3n","url":"https:\/\/www.fiscalia.gov.co\/colombia\/","logo":{"@type":"ImageObject","inLanguage":"es-CO","@id":"https:\/\/www.fiscalia.gov.co\/colombia\/#\/schema\/logo\/image\/","url":"https:\/\/www.fiscalia.gov.co\/colombia\/wp-content\/uploads\/LogoHorizontal_1.jpg","contentUrl":"https:\/\/www.fiscalia.gov.co\/colombia\/wp-content\/uploads\/LogoHorizontal_1.jpg","width":300,"height":90,"caption":"Fiscal\u00eda General de la Naci\u00f3n"},"image":{"@id":"https:\/\/www.fiscalia.gov.co\/colombia\/#\/schema\/logo\/image\/"},"sameAs":["https:\/\/www.facebook.com\/FiscaliaCol","https:\/\/x.com\/FiscaliaCol","https:\/\/www.instagram.com\/fiscaliacol","https:\/\/www.linkedin.com\/company\/fiscalia-general-de-la-naci-n\/","https:\/\/youtube.com\/@fiscaliageneraldelanacion-4668?si=6nN79nyQICPU5iTh"]},{"@type":"Person","@id":"https:\/\/www.fiscalia.gov.co\/colombia\/#\/schema\/person\/ed1786c6f60705e137e0d2dde5ceadef","name":"Carolina Rivera","image":{"@type":"ImageObject","inLanguage":"es-CO","@id":"https:\/\/www.fiscalia.gov.co\/colombia\/#\/schema\/person\/image\/","url":"https:\/\/secure.gravatar.com\/avatar\/e22ff7fdba9b74ef157e5bc316460275?s=96&d=mm&r=g","contentUrl":"https:\/\/secure.gravatar.com\/avatar\/e22ff7fdba9b74ef157e5bc316460275?s=96&d=mm&r=g","caption":"Carolina Rivera"},"url":"https:\/\/www.fiscalia.gov.co\/colombia\/author\/crivera\/"}]}},"_links":{"self":[{"href":"https:\/\/www.fiscalia.gov.co\/colombia\/wp-json\/wp\/v2\/posts\/207396","targetHints":{"allow":["GET"]}}],"collection":[{"href":"https:\/\/www.fiscalia.gov.co\/colombia\/wp-json\/wp\/v2\/posts"}],"about":[{"href":"https:\/\/www.fiscalia.gov.co\/colombia\/wp-json\/wp\/v2\/types\/post"}],"author":[{"embeddable":true,"href":"https:\/\/www.fiscalia.gov.co\/colombia\/wp-json\/wp\/v2\/users\/169"}],"replies":[{"embeddable":true,"href":"https:\/\/www.fiscalia.gov.co\/colombia\/wp-json\/wp\/v2\/comments?post=207396"}],"version-history":[{"count":1,"href":"https:\/\/www.fiscalia.gov.co\/colombia\/wp-json\/wp\/v2\/posts\/207396\/revisions"}],"predecessor-version":[{"id":207398,"href":"https:\/\/www.fiscalia.gov.co\/colombia\/wp-json\/wp\/v2\/posts\/207396\/revisions\/207398"}],"wp:attachment":[{"href":"https:\/\/www.fiscalia.gov.co\/colombia\/wp-json\/wp\/v2\/media?parent=207396"}],"wp:term":[{"taxonomy":"category","embeddable":true,"href":"https:\/\/www.fiscalia.gov.co\/colombia\/wp-json\/wp\/v2\/categories?post=207396"},{"taxonomy":"post_tag","embeddable":true,"href":"https:\/\/www.fiscalia.gov.co\/colombia\/wp-json\/wp\/v2\/tags?post=207396"}],"curies":[{"name":"wp","href":"https:\/\/api.w.org\/{rel}","templated":true}]}}